{"id":9208742,"date":"2023-08-03T13:20:41","date_gmt":"2023-08-03T12:20:41","guid":{"rendered":"https:\/\/kapitalis.com\/tunisie\/?p=9208742"},"modified":"2023-08-03T13:20:42","modified_gmt":"2023-08-03T12:20:42","slug":"migrants-mark-rutte-interpelle-par-le-parti-christenunie-sur-la-tunisie","status":"publish","type":"post","link":"https:\/\/kapitalis.com\/tunisie\/2023\/08\/03\/migrants-mark-rutte-interpelle-par-le-parti-christenunie-sur-la-tunisie\/","title":{"rendered":"Migrants\u00a0: Mark Rutte interpell\u00e9 par le parti ChristenUnie sur la Tunisie \u00a0"},"content":{"rendered":"\n<p><strong><em>Le parti ChristenUnie (Union chr\u00e9tienne) demande au gouvernement des Pays-Bas une r\u00e9ponse \u00e0 la <a href=\"https:\/\/kapitalis.com\/tunisie\/2023\/08\/03\/une-dizaine-de-migrants-subsahariens-retrouves-morts-a-la-frontiere-entre-la-tunisie-et-la-libye\/\" target=\"_blank\" rel=\"noreferrer noopener\">mort de migrants <\/a>\u00e0 la fronti\u00e8re entre la Tunisie et la Libye apr\u00e8s la signature d\u2019un m\u00e9morandum d\u2019accord de l\u2019Union europ\u00e9enne avec la Tunisie.<\/em><\/strong><\/p>\n\n\n\n<!--more-->\n\n\n\n<p>L\u2019Union chr\u00e9tienne est un parti politique n\u00e9erlandais conservateur d\u2019inspiration chr\u00e9tienne sociale. Faisant partie de la coalition actuellement au pouvoir, il se d\u00e9finit comme un parti chr\u00e9tien social en s&rsquo;alignant sur la gauche concernant les questions \u00e9conomiques, d&rsquo;asile ou de protection de l&rsquo;environnement, mais en d\u00e9fendant des valeurs conservatrices sur des questions telles l&rsquo;avortement, l&rsquo;homosexualit\u00e9 ou l&rsquo;euthanasie.<\/p>\n\n\n\n<p>Le gouvernement doit d\u00e9noncer le nombre croissant de migrants mourant dans le d\u00e9sert en Tunisie et en Libye selon de nombreux rapports, a d\u00e9clar\u00e9 <a href=\"https:\/\/nltimes.nl\/2023\/08\/02\/christenunie-demands-dutch-government-response-migrants-deaths-tunisia-deal\" target=\"_blank\" rel=\"noreferrer noopener\">ChristenUnie<\/a>. L\u2019augmentation du nombre de morts peut \u00eatre li\u00e9e \u00e0 l\u2019accord sur la migration de l\u2019Union europ\u00e9enne (UE) avec la Tunisie, entra\u00eenant le renvoi de migrants dans le d\u00e9sert. On ne sait pas combien de personnes y ont d\u00e9j\u00e0 succomb\u00e9, ajoute l\u2019Union chr\u00e9tienne.<\/p>\n\n\n\n<p>Les d\u00e9put\u00e9s de ChristenUnie, Don Ceder et Nico Drost, veulent savoir si le gouvernement int\u00e9rimaire, pr\u00e9sid\u00e9 par Mark Rutte, ayant pris une part active dans la signature de cet accord, a re\u00e7u d\u2019autres signaux de violations des droits de l\u2019homme et si les Pays-Bas ou l\u2019UE peuvent en \u00eatre tenus responsables.<\/p>\n\n\n\n<p>Les parlementaires qui ont soumis ces questions au gouvernement veulent \u00e9galement savoir si les actions de la Tunisie sont conformes aux accords pass\u00e9s et si les millions d\u2019euros promis \u00e0 la Tunisie seront d\u00e9pens\u00e9s pour y am\u00e9liorer les droits de l\u2019homme. Ils demandent \u00e9galement si le gouvernement a trac\u00e9 une ligne au-del\u00e0 de laquelle l\u2019accord n\u2019est pas viable.<\/p>\n\n\n\n<p>En outre, ils souhaitent \u00e9galement des \u00e9claircissements sur le r\u00f4le du Premier ministre int\u00e9rimaire Mark Rutte dans la conclusion de l\u2019accord. Il s\u2019est rendu \u00e0 deux reprises en Tunisie avec le Premier ministre italien Georgia Meloni et la pr\u00e9sidente de la Commission europ\u00e9enne Ursula von der Leyen pour n\u00e9gocier avec le pr\u00e9sident Ka\u00efs Sa\u00efed.<\/p>\n\n\n\n<p>La secr\u00e9taire d\u2019\u00c9tat belge \u00e0 l\u2019Asile, Nicole de Moor, s\u2019est d\u00e9j\u00e0 prononc\u00e9e sur ces d\u00e9c\u00e8s. Elle a appel\u00e9 la Commission europ\u00e9enne \u00e0 surveiller les droits de l\u2019homme dans les pays d\u2019Afrique du Nord. Il est inacceptable que des gens soient laiss\u00e9s pour compte dans le d\u00e9sert, a-t-elle d\u00e9clar\u00e9 dans le journal belge <em>\u2018\u2018De Morgen\u2019. <\/em>&nbsp;<\/p>\n\n\n\n<p>Ceder et Drost ont demand\u00e9 si le gouvernement n\u00e9erlandais se joindrait \u00e0 cet appel.<\/p>\n\n\n\n<p class=\"has-text-align-right\"><strong>I. B.<\/strong><\/p>\n\n\n\n<figure class=\"wp-block-embed is-type-wp-embed is-provider-kapitalis wp-block-embed-kapitalis\"><div class=\"wp-block-embed__wrapper\">\n<blockquote class=\"wp-embedded-content\" data-secret=\"chZOdby3G7\"><a href=\"https:\/\/kapitalis.com\/tunisie\/2023\/08\/03\/une-dizaine-de-migrants-subsahariens-retrouves-morts-a-la-frontiere-entre-la-tunisie-et-la-libye\/\">Une dizaine de migrants subsahariens retrouv\u00e9s morts \u00e0 la fronti\u00e8re entre la Tunisie et la Libye<\/a><\/blockquote><iframe loading=\"lazy\" class=\"wp-embedded-content\" sandbox=\"allow-scripts\" security=\"restricted\" style=\"position: absolute; clip: rect(1px, 1px, 1px, 1px);\" title=\"\u00ab\u00a0Une dizaine de migrants subsahariens retrouv\u00e9s morts \u00e0 la fronti\u00e8re entre la Tunisie et la Libye\u00a0\u00bb &#8212; Kapitalis\" src=\"https:\/\/kapitalis.com\/tunisie\/2023\/08\/03\/une-dizaine-de-migrants-subsahariens-retrouves-morts-a-la-frontiere-entre-la-tunisie-et-la-libye\/embed\/#?secret=nYMVC47ZfA#?secret=chZOdby3G7\" data-secret=\"chZOdby3G7\" width=\"600\" height=\"338\" frameborder=\"0\" marginwidth=\"0\" marginheight=\"0\" scrolling=\"no\"><\/iframe>\n<\/div><\/figure>\n","protected":false},"excerpt":{"rendered":"<p>Le parti ChristenUnie demande au gouvernement des Pays-Bas une r\u00e9ponse \u00e0 la mort de migrants \u00e0 la fronti\u00e8re entre la Tunisie et la Libye.<\/p>\n","protected":false},"author":8,"featured_media":8331758,"comment_status":"open","ping_status":"open","sticky":false,"template":"","format":"standard","meta":{"footnotes":""},"categories":[997,2433],"tags":[110264,103508,544,109234,3145,110265,700,62643,937,90832],"class_list":["post-9208742","post","type-post","status-publish","format-standard","has-post-thumbnail","hentry","category-politique","category-tunisie","tag-don-ceder","tag-giorgia-meloni","tag-libye","tag-mark-rutte","tag-migrants","tag-nico-drost","tag-pays-bas","tag-tunisie","tag-union-europeenne","tag-ursula-von-der-leyen"],"yoast_head":"<!-- This site is optimized with the Yoast SEO plugin v26.6 - https:\/\/yoast.com\/wordpress\/plugins\/seo\/ -->\n<title>Migrants\u00a0: Mark Rutte interpell\u00e9 par le parti ChristenUnie sur la Tunisie \u00a0 - Kapitalis<\/title>\n<meta name=\"robots\" content=\"index, follow, max-snippet:-1, max-image-preview:large, max-video-preview:-1\" \/>\n<link rel=\"canonical\" href=\"https:\/\/kapitalis.com\/tunisie\/2023\/08\/03\/migrants-mark-rutte-interpelle-par-le-parti-christenunie-sur-la-tunisie\/\" \/>\n<meta property=\"og:locale\" content=\"fr_FR\" \/>\n<meta property=\"og:type\" content=\"article\" \/>\n<meta property=\"og:title\" content=\"Migrants\u00a0: Mark Rutte interpell\u00e9 par le parti ChristenUnie sur la Tunisie \u00a0 - Kapitalis\" \/>\n<meta property=\"og:description\" content=\"Le parti ChristenUnie demande au gouvernement des Pays-Bas une r\u00e9ponse \u00e0 la mort de migrants \u00e0 la fronti\u00e8re entre la Tunisie et la Libye.\" \/>\n<meta property=\"og:url\" content=\"https:\/\/kapitalis.com\/tunisie\/2023\/08\/03\/migrants-mark-rutte-interpelle-par-le-parti-christenunie-sur-la-tunisie\/\" \/>\n<meta property=\"og:site_name\" content=\"Kapitalis\" \/>\n<meta property=\"article:publisher\" content=\"https:\/\/www.facebook.com\/KapitalisInfo\/\" \/>\n<meta property=\"article:published_time\" content=\"2023-08-03T12:20:41+00:00\" \/>\n<meta property=\"article:modified_time\" content=\"2023-08-03T12:20:42+00:00\" \/>\n<meta property=\"og:image\" content=\"https:\/\/kapitalis.com\/tunisie\/wp-content\/uploads\/2023\/06\/Kais-Saied-Mark-Rutte.jpg\" \/>\n\t<meta property=\"og:image:width\" content=\"1200\" \/>\n\t<meta property=\"og:image:height\" content=\"630\" \/>\n\t<meta property=\"og:image:type\" content=\"image\/jpeg\" \/>\n<meta name=\"author\" content=\"webmaster kapitalis\" \/>\n<meta name=\"twitter:card\" content=\"summary_large_image\" \/>\n<meta name=\"twitter:creator\" content=\"@KapitalisInfo\" \/>\n<meta name=\"twitter:site\" content=\"@KapitalisInfo\" \/>\n<meta name=\"twitter:label1\" content=\"\u00c9crit par\" \/>\n\t<meta name=\"twitter:data1\" content=\"webmaster kapitalis\" \/>\n\t<meta name=\"twitter:label2\" content=\"Dur\u00e9e de lecture estim\u00e9e\" \/>\n\t<meta name=\"twitter:data2\" content=\"3 minutes\" \/>\n<script type=\"application\/ld+json\" class=\"yoast-schema-graph\">{\"@context\":\"https:\/\/schema.org\",\"@graph\":[{\"@type\":\"Article\",\"@id\":\"https:\/\/kapitalis.com\/tunisie\/2023\/08\/03\/migrants-mark-rutte-interpelle-par-le-parti-christenunie-sur-la-tunisie\/#article\",\"isPartOf\":{\"@id\":\"https:\/\/kapitalis.com\/tunisie\/2023\/08\/03\/migrants-mark-rutte-interpelle-par-le-parti-christenunie-sur-la-tunisie\/\"},\"author\":{\"name\":\"webmaster kapitalis\",\"@id\":\"https:\/\/kapitalis.com\/tunisie\/#\/schema\/person\/d71f33a9ca44f7bad4698210b480c8e9\"},\"headline\":\"Migrants\u00a0: Mark Rutte interpell\u00e9 par le parti ChristenUnie sur la Tunisie \u00a0\",\"datePublished\":\"2023-08-03T12:20:41+00:00\",\"dateModified\":\"2023-08-03T12:20:42+00:00\",\"mainEntityOfPage\":{\"@id\":\"https:\/\/kapitalis.com\/tunisie\/2023\/08\/03\/migrants-mark-rutte-interpelle-par-le-parti-christenunie-sur-la-tunisie\/\"},\"wordCount\":474,\"commentCount\":3,\"publisher\":{\"@id\":\"https:\/\/kapitalis.com\/tunisie\/#organization\"},\"image\":{\"@id\":\"https:\/\/kapitalis.com\/tunisie\/2023\/08\/03\/migrants-mark-rutte-interpelle-par-le-parti-christenunie-sur-la-tunisie\/#primaryimage\"},\"thumbnailUrl\":\"https:\/\/kapitalis.com\/tunisie\/wp-content\/uploads\/2023\/06\/Kais-Saied-Mark-Rutte.jpg\",\"keywords\":[\"Don Ceder\",\"Giorgia Meloni\",\"Libye\",\"Mark Rutte\",\"migrants\",\"Nico Drost\",\"Pays-Bas\",\"Tunisie\",\"Union europ\u00e9enne\",\"Ursula von der Leyen\"],\"articleSection\":[\"POLITIQUE\",\"Tunisie\"],\"inLanguage\":\"fr-FR\",\"potentialAction\":[{\"@type\":\"CommentAction\",\"name\":\"Comment\",\"target\":[\"https:\/\/kapitalis.com\/tunisie\/2023\/08\/03\/migrants-mark-rutte-interpelle-par-le-parti-christenunie-sur-la-tunisie\/#respond\"]}]},{\"@type\":\"WebPage\",\"@id\":\"https:\/\/kapitalis.com\/tunisie\/2023\/08\/03\/migrants-mark-rutte-interpelle-par-le-parti-christenunie-sur-la-tunisie\/\",\"url\":\"https:\/\/kapitalis.com\/tunisie\/2023\/08\/03\/migrants-mark-rutte-interpelle-par-le-parti-christenunie-sur-la-tunisie\/\",\"name\":\"Migrants\u00a0: Mark Rutte interpell\u00e9 par le parti ChristenUnie sur la Tunisie \u00a0 - Kapitalis\",\"isPartOf\":{\"@id\":\"https:\/\/kapitalis.com\/tunisie\/#website\"},\"primaryImageOfPage\":{\"@id\":\"https:\/\/kapitalis.com\/tunisie\/2023\/08\/03\/migrants-mark-rutte-interpelle-par-le-parti-christenunie-sur-la-tunisie\/#primaryimage\"},\"image\":{\"@id\":\"https:\/\/kapitalis.com\/tunisie\/2023\/08\/03\/migrants-mark-rutte-interpelle-par-le-parti-christenunie-sur-la-tunisie\/#primaryimage\"},\"thumbnailUrl\":\"https:\/\/kapitalis.com\/tunisie\/wp-content\/uploads\/2023\/06\/Kais-Saied-Mark-Rutte.jpg\",\"datePublished\":\"2023-08-03T12:20:41+00:00\",\"dateModified\":\"2023-08-03T12:20:42+00:00\",\"breadcrumb\":{\"@id\":\"https:\/\/kapitalis.com\/tunisie\/2023\/08\/03\/migrants-mark-rutte-interpelle-par-le-parti-christenunie-sur-la-tunisie\/#breadcrumb\"},\"inLanguage\":\"fr-FR\",\"potentialAction\":[{\"@type\":\"ReadAction\",\"target\":[\"https:\/\/kapitalis.com\/tunisie\/2023\/08\/03\/migrants-mark-rutte-interpelle-par-le-parti-christenunie-sur-la-tunisie\/\"]}]},{\"@type\":\"ImageObject\",\"inLanguage\":\"fr-FR\",\"@id\":\"https:\/\/kapitalis.com\/tunisie\/2023\/08\/03\/migrants-mark-rutte-interpelle-par-le-parti-christenunie-sur-la-tunisie\/#primaryimage\",\"url\":\"https:\/\/kapitalis.com\/tunisie\/wp-content\/uploads\/2023\/06\/Kais-Saied-Mark-Rutte.jpg\",\"contentUrl\":\"https:\/\/kapitalis.com\/tunisie\/wp-content\/uploads\/2023\/06\/Kais-Saied-Mark-Rutte.jpg\",\"width\":1200,\"height\":630},{\"@type\":\"BreadcrumbList\",\"@id\":\"https:\/\/kapitalis.com\/tunisie\/2023\/08\/03\/migrants-mark-rutte-interpelle-par-le-parti-christenunie-sur-la-tunisie\/#breadcrumb\",\"itemListElement\":[{\"@type\":\"ListItem\",\"position\":1,\"name\":\"Accueil\",\"item\":\"https:\/\/kapitalis.com\/tunisie\/\"},{\"@type\":\"ListItem\",\"position\":2,\"name\":\"Migrants\u00a0: Mark Rutte interpell\u00e9 par le parti ChristenUnie sur la Tunisie \u00a0\"}]},{\"@type\":\"WebSite\",\"@id\":\"https:\/\/kapitalis.com\/tunisie\/#website\",\"url\":\"https:\/\/kapitalis.com\/tunisie\/\",\"name\":\"Kapitalis\",\"description\":\"L&#039;actualit\u00e9 en Tunisie et dans le monde\",\"publisher\":{\"@id\":\"https:\/\/kapitalis.com\/tunisie\/#organization\"},\"potentialAction\":[{\"@type\":\"SearchAction\",\"target\":{\"@type\":\"EntryPoint\",\"urlTemplate\":\"https:\/\/kapitalis.com\/tunisie\/?s={search_term_string}\"},\"query-input\":{\"@type\":\"PropertyValueSpecification\",\"valueRequired\":true,\"valueName\":\"search_term_string\"}}],\"inLanguage\":\"fr-FR\"},{\"@type\":\"Organization\",\"@id\":\"https:\/\/kapitalis.com\/tunisie\/#organization\",\"name\":\"Kapitalis\",\"url\":\"https:\/\/kapitalis.com\/tunisie\/\",\"logo\":{\"@type\":\"ImageObject\",\"inLanguage\":\"fr-FR\",\"@id\":\"https:\/\/kapitalis.com\/tunisie\/#\/schema\/logo\/image\/\",\"url\":\"https:\/\/kapitalis.com\/tunisie\/wp-content\/uploads\/2022\/05\/Kapitalis-big-size.png\",\"contentUrl\":\"https:\/\/kapitalis.com\/tunisie\/wp-content\/uploads\/2022\/05\/Kapitalis-big-size.png\",\"width\":5000,\"height\":1500,\"caption\":\"Kapitalis\"},\"image\":{\"@id\":\"https:\/\/kapitalis.com\/tunisie\/#\/schema\/logo\/image\/\"},\"sameAs\":[\"https:\/\/www.facebook.com\/KapitalisInfo\/\",\"https:\/\/x.com\/KapitalisInfo\",\"https:\/\/www.youtube.com\/channel\/UC-yDYrHyfFBWWZaOw3FPg9Q\"]},{\"@type\":\"Person\",\"@id\":\"https:\/\/kapitalis.com\/tunisie\/#\/schema\/person\/d71f33a9ca44f7bad4698210b480c8e9\",\"name\":\"webmaster kapitalis\",\"url\":\"https:\/\/kapitalis.com\/tunisie\/author\/webmaster-kapitalis\/\"}]}<\/script>\n<!-- \/ Yoast SEO plugin. -->","yoast_head_json":{"title":"Migrants\u00a0: Mark Rutte interpell\u00e9 par le parti ChristenUnie sur la Tunisie \u00a0 - Kapitalis","robots":{"index":"index","follow":"follow","max-snippet":"max-snippet:-1","max-image-preview":"max-image-preview:large","max-video-preview":"max-video-preview:-1"},"canonical":"https:\/\/kapitalis.com\/tunisie\/2023\/08\/03\/migrants-mark-rutte-interpelle-par-le-parti-christenunie-sur-la-tunisie\/","og_locale":"fr_FR","og_type":"article","og_title":"Migrants\u00a0: Mark Rutte interpell\u00e9 par le parti ChristenUnie sur la Tunisie \u00a0 - Kapitalis","og_description":"Le parti ChristenUnie demande au gouvernement des Pays-Bas une r\u00e9ponse \u00e0 la mort de migrants \u00e0 la fronti\u00e8re entre la Tunisie et la Libye.","og_url":"https:\/\/kapitalis.com\/tunisie\/2023\/08\/03\/migrants-mark-rutte-interpelle-par-le-parti-christenunie-sur-la-tunisie\/","og_site_name":"Kapitalis","article_publisher":"https:\/\/www.facebook.com\/KapitalisInfo\/","article_published_time":"2023-08-03T12:20:41+00:00","article_modified_time":"2023-08-03T12:20:42+00:00","og_image":[{"width":1200,"height":630,"url":"https:\/\/kapitalis.com\/tunisie\/wp-content\/uploads\/2023\/06\/Kais-Saied-Mark-Rutte.jpg","type":"image\/jpeg"}],"author":"webmaster kapitalis","twitter_card":"summary_large_image","twitter_creator":"@KapitalisInfo","twitter_site":"@KapitalisInfo","twitter_misc":{"\u00c9crit par":"webmaster kapitalis","Dur\u00e9e de lecture estim\u00e9e":"3 minutes"},"schema":{"@context":"https:\/\/schema.org","@graph":[{"@type":"Article","@id":"https:\/\/kapitalis.com\/tunisie\/2023\/08\/03\/migrants-mark-rutte-interpelle-par-le-parti-christenunie-sur-la-tunisie\/#article","isPartOf":{"@id":"https:\/\/kapitalis.com\/tunisie\/2023\/08\/03\/migrants-mark-rutte-interpelle-par-le-parti-christenunie-sur-la-tunisie\/"},"author":{"name":"webmaster kapitalis","@id":"https:\/\/kapitalis.com\/tunisie\/#\/schema\/person\/d71f33a9ca44f7bad4698210b480c8e9"},"headline":"Migrants\u00a0: Mark Rutte interpell\u00e9 par le parti ChristenUnie sur la Tunisie \u00a0","datePublished":"2023-08-03T12:20:41+00:00","dateModified":"2023-08-03T12:20:42+00:00","mainEntityOfPage":{"@id":"https:\/\/kapitalis.com\/tunisie\/2023\/08\/03\/migrants-mark-rutte-interpelle-par-le-parti-christenunie-sur-la-tunisie\/"},"wordCount":474,"commentCount":3,"publisher":{"@id":"https:\/\/kapitalis.com\/tunisie\/#organization"},"image":{"@id":"https:\/\/kapitalis.com\/tunisie\/2023\/08\/03\/migrants-mark-rutte-interpelle-par-le-parti-christenunie-sur-la-tunisie\/#primaryimage"},"thumbnailUrl":"https:\/\/kapitalis.com\/tunisie\/wp-content\/uploads\/2023\/06\/Kais-Saied-Mark-Rutte.jpg","keywords":["Don Ceder","Giorgia Meloni","Libye","Mark Rutte","migrants","Nico Drost","Pays-Bas","Tunisie","Union europ\u00e9enne","Ursula von der Leyen"],"articleSection":["POLITIQUE","Tunisie"],"inLanguage":"fr-FR","potentialAction":[{"@type":"CommentAction","name":"Comment","target":["https:\/\/kapitalis.com\/tunisie\/2023\/08\/03\/migrants-mark-rutte-interpelle-par-le-parti-christenunie-sur-la-tunisie\/#respond"]}]},{"@type":"WebPage","@id":"https:\/\/kapitalis.com\/tunisie\/2023\/08\/03\/migrants-mark-rutte-interpelle-par-le-parti-christenunie-sur-la-tunisie\/","url":"https:\/\/kapitalis.com\/tunisie\/2023\/08\/03\/migrants-mark-rutte-interpelle-par-le-parti-christenunie-sur-la-tunisie\/","name":"Migrants\u00a0: Mark Rutte interpell\u00e9 par le parti ChristenUnie sur la Tunisie \u00a0 - Kapitalis","isPartOf":{"@id":"https:\/\/kapitalis.com\/tunisie\/#website"},"primaryImageOfPage":{"@id":"https:\/\/kapitalis.com\/tunisie\/2023\/08\/03\/migrants-mark-rutte-interpelle-par-le-parti-christenunie-sur-la-tunisie\/#primaryimage"},"image":{"@id":"https:\/\/kapitalis.com\/tunisie\/2023\/08\/03\/migrants-mark-rutte-interpelle-par-le-parti-christenunie-sur-la-tunisie\/#primaryimage"},"thumbnailUrl":"https:\/\/kapitalis.com\/tunisie\/wp-content\/uploads\/2023\/06\/Kais-Saied-Mark-Rutte.jpg","datePublished":"2023-08-03T12:20:41+00:00","dateModified":"2023-08-03T12:20:42+00:00","breadcrumb":{"@id":"https:\/\/kapitalis.com\/tunisie\/2023\/08\/03\/migrants-mark-rutte-interpelle-par-le-parti-christenunie-sur-la-tunisie\/#breadcrumb"},"inLanguage":"fr-FR","potentialAction":[{"@type":"ReadAction","target":["https:\/\/kapitalis.com\/tunisie\/2023\/08\/03\/migrants-mark-rutte-interpelle-par-le-parti-christenunie-sur-la-tunisie\/"]}]},{"@type":"ImageObject","inLanguage":"fr-FR","@id":"https:\/\/kapitalis.com\/tunisie\/2023\/08\/03\/migrants-mark-rutte-interpelle-par-le-parti-christenunie-sur-la-tunisie\/#primaryimage","url":"https:\/\/kapitalis.com\/tunisie\/wp-content\/uploads\/2023\/06\/Kais-Saied-Mark-Rutte.jpg","contentUrl":"https:\/\/kapitalis.com\/tunisie\/wp-content\/uploads\/2023\/06\/Kais-Saied-Mark-Rutte.jpg","width":1200,"height":630},{"@type":"BreadcrumbList","@id":"https:\/\/kapitalis.com\/tunisie\/2023\/08\/03\/migrants-mark-rutte-interpelle-par-le-parti-christenunie-sur-la-tunisie\/#breadcrumb","itemListElement":[{"@type":"ListItem","position":1,"name":"Accueil","item":"https:\/\/kapitalis.com\/tunisie\/"},{"@type":"ListItem","position":2,"name":"Migrants\u00a0: Mark Rutte interpell\u00e9 par le parti ChristenUnie sur la Tunisie \u00a0"}]},{"@type":"WebSite","@id":"https:\/\/kapitalis.com\/tunisie\/#website","url":"https:\/\/kapitalis.com\/tunisie\/","name":"Kapitalis","description":"L&#039;actualit\u00e9 en Tunisie et dans le monde","publisher":{"@id":"https:\/\/kapitalis.com\/tunisie\/#organization"},"potentialAction":[{"@type":"SearchAction","target":{"@type":"EntryPoint","urlTemplate":"https:\/\/kapitalis.com\/tunisie\/?s={search_term_string}"},"query-input":{"@type":"PropertyValueSpecification","valueRequired":true,"valueName":"search_term_string"}}],"inLanguage":"fr-FR"},{"@type":"Organization","@id":"https:\/\/kapitalis.com\/tunisie\/#organization","name":"Kapitalis","url":"https:\/\/kapitalis.com\/tunisie\/","logo":{"@type":"ImageObject","inLanguage":"fr-FR","@id":"https:\/\/kapitalis.com\/tunisie\/#\/schema\/logo\/image\/","url":"https:\/\/kapitalis.com\/tunisie\/wp-content\/uploads\/2022\/05\/Kapitalis-big-size.png","contentUrl":"https:\/\/kapitalis.com\/tunisie\/wp-content\/uploads\/2022\/05\/Kapitalis-big-size.png","width":5000,"height":1500,"caption":"Kapitalis"},"image":{"@id":"https:\/\/kapitalis.com\/tunisie\/#\/schema\/logo\/image\/"},"sameAs":["https:\/\/www.facebook.com\/KapitalisInfo\/","https:\/\/x.com\/KapitalisInfo","https:\/\/www.youtube.com\/channel\/UC-yDYrHyfFBWWZaOw3FPg9Q"]},{"@type":"Person","@id":"https:\/\/kapitalis.com\/tunisie\/#\/schema\/person\/d71f33a9ca44f7bad4698210b480c8e9","name":"webmaster kapitalis","url":"https:\/\/kapitalis.com\/tunisie\/author\/webmaster-kapitalis\/"}]}},"_links":{"self":[{"href":"https:\/\/kapitalis.com\/tunisie\/wp-json\/wp\/v2\/posts\/9208742","targetHints":{"allow":["GET"]}}],"collection":[{"href":"https:\/\/kapitalis.com\/tunisie\/wp-json\/wp\/v2\/posts"}],"about":[{"href":"https:\/\/kapitalis.com\/tunisie\/wp-json\/wp\/v2\/types\/post"}],"author":[{"embeddable":true,"href":"https:\/\/kapitalis.com\/tunisie\/wp-json\/wp\/v2\/users\/8"}],"replies":[{"embeddable":true,"href":"https:\/\/kapitalis.com\/tunisie\/wp-json\/wp\/v2\/comments?post=9208742"}],"version-history":[{"count":1,"href":"https:\/\/kapitalis.com\/tunisie\/wp-json\/wp\/v2\/posts\/9208742\/revisions"}],"predecessor-version":[{"id":9208891,"href":"https:\/\/kapitalis.com\/tunisie\/wp-json\/wp\/v2\/posts\/9208742\/revisions\/9208891"}],"wp:featuredmedia":[{"embeddable":true,"href":"https:\/\/kapitalis.com\/tunisie\/wp-json\/wp\/v2\/media\/8331758"}],"wp:attachment":[{"href":"https:\/\/kapitalis.com\/tunisie\/wp-json\/wp\/v2\/media?parent=9208742"}],"wp:term":[{"taxonomy":"category","embeddable":true,"href":"https:\/\/kapitalis.com\/tunisie\/wp-json\/wp\/v2\/categories?post=9208742"},{"taxonomy":"post_tag","embeddable":true,"href":"https:\/\/kapitalis.com\/tunisie\/wp-json\/wp\/v2\/tags?post=9208742"}],"curies":[{"name":"wp","href":"https:\/\/api.w.org\/{rel}","templated":true}]}}