{"id":9214753,"date":"2023-08-04T01:31:33","date_gmt":"2023-08-04T00:31:33","guid":{"rendered":"https:\/\/kapitalis.com\/tunisie\/?p=9214753"},"modified":"2023-08-04T01:31:36","modified_gmt":"2023-08-04T00:31:36","slug":"tunisie-le-ministere-du-commerce-fixe-les-tarifs-des-bouteilles-deau-minerale","status":"publish","type":"post","link":"https:\/\/kapitalis.com\/tunisie\/2023\/08\/04\/tunisie-le-ministere-du-commerce-fixe-les-tarifs-des-bouteilles-deau-minerale\/","title":{"rendered":"Tunisie : Le minist\u00e8re du Commerce fixe les tarifs des bouteilles d&rsquo;eau min\u00e9rale"},"content":{"rendered":"\n<p><strong><em>Le minist\u00e8re du Commerce a publi\u00e9, ce jeudi 3 ao\u00fbt 2023, les marges b\u00e9n\u00e9ficiaires maximales des bouteilles d\u2019eau min\u00e9rale, \u00aben vue de ma\u00eetriser les prix, de garantir la transparence dans les circuits de distribution et de pr\u00e9server le pouvoir d\u2019achat des citoyens\u00bb<\/em><\/strong><\/p>\n\n\n\n<!--more-->\n\n\n\n<p>A partir du 4 ao\u00fbt, les marges b\u00e9n\u00e9ficiaires maximales seront plafonn\u00e9es \u00e0 15% au niveau de la distribution de gros et \u00e0 20% pour la vente au d\u00e9tail, avec une augmentation de cinquante millimes \u00e0 l\u2019unit\u00e9 si les bouteilles sont r\u00e9frig\u00e9r\u00e9es, indique le minist\u00e8re dans un communiqu\u00e9 :<\/p>\n\n\n\n<ul class=\"wp-block-list\">\n<li>Bouteille d\u2019eau de 0,5 L : 500 millimes \/ 550 millimes ( si r\u00e9frig\u00e9r\u00e9e);<\/li>\n\n\n\n<li>Bouteille d\u2019eau de 1,5 L : 750 millimes \/ 800 millimes (si r\u00e9frig\u00e9r\u00e9e);<\/li>\n\n\n\n<li>Bouteille d\u2019eau 2 L : 900 millimes \/ 950 millimes (si r\u00e9frig\u00e9r\u00e9e).<\/li>\n<\/ul>\n\n\n\n<p>Le minist\u00e8re a appel\u00e9 les diff\u00e9rents intervenants au respect de cette tarification, ajoutant que les contrevenants seront passibles de sanctions.<\/p>\n\n\n\n<p class=\"has-text-align-right\"><strong>Y. N.<\/strong><\/p>\n","protected":false},"excerpt":{"rendered":"<p>Tunisie : Le minist\u00e8re du Commerce fixe les tarifs des bouteilles d&rsquo;eau min\u00e9rale<\/p>\n","protected":false},"author":6,"featured_media":4209224,"comment_status":"open","ping_status":"open","sticky":false,"template":"","format":"standard","meta":{"footnotes":""},"categories":[993,998,2433],"tags":[1782,110270,740,2916,110271],"class_list":["post-9214753","post","type-post","status-publish","format-standard","has-post-thumbnail","hentry","category-conso","category-societe","category-tunisie","tag-eau-minerale","tag-marge-beneficiaire","tag-prix","tag-tarifs","tag-vente-en-details"],"yoast_head":"<!-- This site is optimized with the Yoast SEO plugin v26.6 - https:\/\/yoast.com\/wordpress\/plugins\/seo\/ -->\n<title>Tunisie : Le minist\u00e8re du Commerce fixe les tarifs des bouteilles d&#039;eau min\u00e9rale - Kapitalis<\/title>\n<meta name=\"description\" content=\"Le minist\u00e8re du Commerce a publi\u00e9, ce jeudi 3 ao\u00fbt 2023, les marges b\u00e9n\u00e9ficiaires maximales des bouteilles d\u2019eau min\u00e9rale, \u00aben vue de ma\u00eetriser les prix, de garantir la transparence dans les circuits de distribution et de pr\u00e9server le pouvoir d\u2019achat des citoyens\u00bb\" \/>\n<meta name=\"robots\" content=\"index, follow, max-snippet:-1, max-image-preview:large, max-video-preview:-1\" \/>\n<link rel=\"canonical\" href=\"https:\/\/kapitalis.com\/tunisie\/2023\/08\/04\/tunisie-le-ministere-du-commerce-fixe-les-tarifs-des-bouteilles-deau-minerale\/\" \/>\n<meta property=\"og:locale\" content=\"fr_FR\" \/>\n<meta property=\"og:type\" content=\"article\" \/>\n<meta property=\"og:title\" content=\"Tunisie : Le minist\u00e8re du Commerce fixe les tarifs des bouteilles d&#039;eau min\u00e9rale - Kapitalis\" \/>\n<meta property=\"og:description\" content=\"Le minist\u00e8re du Commerce a publi\u00e9, ce jeudi 3 ao\u00fbt 2023, les marges b\u00e9n\u00e9ficiaires maximales des bouteilles d\u2019eau min\u00e9rale, \u00aben vue de ma\u00eetriser les prix, de garantir la transparence dans les circuits de distribution et de pr\u00e9server le pouvoir d\u2019achat des citoyens\u00bb\" \/>\n<meta property=\"og:url\" content=\"https:\/\/kapitalis.com\/tunisie\/2023\/08\/04\/tunisie-le-ministere-du-commerce-fixe-les-tarifs-des-bouteilles-deau-minerale\/\" \/>\n<meta property=\"og:site_name\" content=\"Kapitalis\" \/>\n<meta property=\"article:publisher\" content=\"https:\/\/www.facebook.com\/KapitalisInfo\/\" \/>\n<meta property=\"article:published_time\" content=\"2023-08-04T00:31:33+00:00\" \/>\n<meta property=\"article:modified_time\" content=\"2023-08-04T00:31:36+00:00\" \/>\n<meta property=\"og:image\" content=\"https:\/\/kapitalis.com\/tunisie\/wp-content\/uploads\/2022\/09\/Eau-minerale-1.jpg\" \/>\n\t<meta property=\"og:image:width\" content=\"1200\" \/>\n\t<meta property=\"og:image:height\" content=\"630\" \/>\n\t<meta property=\"og:image:type\" content=\"image\/jpeg\" \/>\n<meta name=\"author\" content=\"Yusra NY\" \/>\n<meta name=\"twitter:card\" content=\"summary_large_image\" \/>\n<meta name=\"twitter:creator\" content=\"@KapitalisInfo\" \/>\n<meta name=\"twitter:site\" content=\"@KapitalisInfo\" \/>\n<meta name=\"twitter:label1\" content=\"\u00c9crit par\" \/>\n\t<meta name=\"twitter:data1\" content=\"Yusra NY\" \/>\n\t<meta name=\"twitter:label2\" content=\"Dur\u00e9e de lecture estim\u00e9e\" \/>\n\t<meta name=\"twitter:data2\" content=\"1 minute\" \/>\n<script type=\"application\/ld+json\" class=\"yoast-schema-graph\">{\"@context\":\"https:\/\/schema.org\",\"@graph\":[{\"@type\":\"Article\",\"@id\":\"https:\/\/kapitalis.com\/tunisie\/2023\/08\/04\/tunisie-le-ministere-du-commerce-fixe-les-tarifs-des-bouteilles-deau-minerale\/#article\",\"isPartOf\":{\"@id\":\"https:\/\/kapitalis.com\/tunisie\/2023\/08\/04\/tunisie-le-ministere-du-commerce-fixe-les-tarifs-des-bouteilles-deau-minerale\/\"},\"author\":{\"name\":\"Yusra NY\",\"@id\":\"https:\/\/kapitalis.com\/tunisie\/#\/schema\/person\/74bbde0154d49d790a92aaeac5bc01d5\"},\"headline\":\"Tunisie : Le minist\u00e8re du Commerce fixe les tarifs des bouteilles d&rsquo;eau min\u00e9rale\",\"datePublished\":\"2023-08-04T00:31:33+00:00\",\"dateModified\":\"2023-08-04T00:31:36+00:00\",\"mainEntityOfPage\":{\"@id\":\"https:\/\/kapitalis.com\/tunisie\/2023\/08\/04\/tunisie-le-ministere-du-commerce-fixe-les-tarifs-des-bouteilles-deau-minerale\/\"},\"wordCount\":173,\"commentCount\":0,\"publisher\":{\"@id\":\"https:\/\/kapitalis.com\/tunisie\/#organization\"},\"image\":{\"@id\":\"https:\/\/kapitalis.com\/tunisie\/2023\/08\/04\/tunisie-le-ministere-du-commerce-fixe-les-tarifs-des-bouteilles-deau-minerale\/#primaryimage\"},\"thumbnailUrl\":\"https:\/\/kapitalis.com\/tunisie\/wp-content\/uploads\/2022\/09\/Eau-minerale-1.jpg\",\"keywords\":[\"eau min\u00e9rale\",\"marge b\u00e9n\u00e9ficiaire\",\"prix\",\"tarifs\",\"vente en d\u00e9tails\"],\"articleSection\":[\"CONSO\",\"SOCIETE\",\"Tunisie\"],\"inLanguage\":\"fr-FR\",\"potentialAction\":[{\"@type\":\"CommentAction\",\"name\":\"Comment\",\"target\":[\"https:\/\/kapitalis.com\/tunisie\/2023\/08\/04\/tunisie-le-ministere-du-commerce-fixe-les-tarifs-des-bouteilles-deau-minerale\/#respond\"]}]},{\"@type\":\"WebPage\",\"@id\":\"https:\/\/kapitalis.com\/tunisie\/2023\/08\/04\/tunisie-le-ministere-du-commerce-fixe-les-tarifs-des-bouteilles-deau-minerale\/\",\"url\":\"https:\/\/kapitalis.com\/tunisie\/2023\/08\/04\/tunisie-le-ministere-du-commerce-fixe-les-tarifs-des-bouteilles-deau-minerale\/\",\"name\":\"Tunisie : Le minist\u00e8re du Commerce fixe les tarifs des bouteilles d'eau min\u00e9rale - Kapitalis\",\"isPartOf\":{\"@id\":\"https:\/\/kapitalis.com\/tunisie\/#website\"},\"primaryImageOfPage\":{\"@id\":\"https:\/\/kapitalis.com\/tunisie\/2023\/08\/04\/tunisie-le-ministere-du-commerce-fixe-les-tarifs-des-bouteilles-deau-minerale\/#primaryimage\"},\"image\":{\"@id\":\"https:\/\/kapitalis.com\/tunisie\/2023\/08\/04\/tunisie-le-ministere-du-commerce-fixe-les-tarifs-des-bouteilles-deau-minerale\/#primaryimage\"},\"thumbnailUrl\":\"https:\/\/kapitalis.com\/tunisie\/wp-content\/uploads\/2022\/09\/Eau-minerale-1.jpg\",\"datePublished\":\"2023-08-04T00:31:33+00:00\",\"dateModified\":\"2023-08-04T00:31:36+00:00\",\"description\":\"Le minist\u00e8re du Commerce a publi\u00e9, ce jeudi 3 ao\u00fbt 2023, les marges b\u00e9n\u00e9ficiaires maximales des bouteilles d\u2019eau min\u00e9rale, \u00aben vue de ma\u00eetriser les prix, de garantir la transparence dans les circuits de distribution et de pr\u00e9server le pouvoir d\u2019achat des citoyens\u00bb\",\"breadcrumb\":{\"@id\":\"https:\/\/kapitalis.com\/tunisie\/2023\/08\/04\/tunisie-le-ministere-du-commerce-fixe-les-tarifs-des-bouteilles-deau-minerale\/#breadcrumb\"},\"inLanguage\":\"fr-FR\",\"potentialAction\":[{\"@type\":\"ReadAction\",\"target\":[\"https:\/\/kapitalis.com\/tunisie\/2023\/08\/04\/tunisie-le-ministere-du-commerce-fixe-les-tarifs-des-bouteilles-deau-minerale\/\"]}]},{\"@type\":\"ImageObject\",\"inLanguage\":\"fr-FR\",\"@id\":\"https:\/\/kapitalis.com\/tunisie\/2023\/08\/04\/tunisie-le-ministere-du-commerce-fixe-les-tarifs-des-bouteilles-deau-minerale\/#primaryimage\",\"url\":\"https:\/\/kapitalis.com\/tunisie\/wp-content\/uploads\/2022\/09\/Eau-minerale-1.jpg\",\"contentUrl\":\"https:\/\/kapitalis.com\/tunisie\/wp-content\/uploads\/2022\/09\/Eau-minerale-1.jpg\",\"width\":1200,\"height\":630},{\"@type\":\"BreadcrumbList\",\"@id\":\"https:\/\/kapitalis.com\/tunisie\/2023\/08\/04\/tunisie-le-ministere-du-commerce-fixe-les-tarifs-des-bouteilles-deau-minerale\/#breadcrumb\",\"itemListElement\":[{\"@type\":\"ListItem\",\"position\":1,\"name\":\"Accueil\",\"item\":\"https:\/\/kapitalis.com\/tunisie\/\"},{\"@type\":\"ListItem\",\"position\":2,\"name\":\"Tunisie : Le minist\u00e8re du Commerce fixe les tarifs des bouteilles d&rsquo;eau min\u00e9rale\"}]},{\"@type\":\"WebSite\",\"@id\":\"https:\/\/kapitalis.com\/tunisie\/#website\",\"url\":\"https:\/\/kapitalis.com\/tunisie\/\",\"name\":\"Kapitalis\",\"description\":\"L&#039;actualit\u00e9 en Tunisie et dans le monde\",\"publisher\":{\"@id\":\"https:\/\/kapitalis.com\/tunisie\/#organization\"},\"potentialAction\":[{\"@type\":\"SearchAction\",\"target\":{\"@type\":\"EntryPoint\",\"urlTemplate\":\"https:\/\/kapitalis.com\/tunisie\/?s={search_term_string}\"},\"query-input\":{\"@type\":\"PropertyValueSpecification\",\"valueRequired\":true,\"valueName\":\"search_term_string\"}}],\"inLanguage\":\"fr-FR\"},{\"@type\":\"Organization\",\"@id\":\"https:\/\/kapitalis.com\/tunisie\/#organization\",\"name\":\"Kapitalis\",\"url\":\"https:\/\/kapitalis.com\/tunisie\/\",\"logo\":{\"@type\":\"ImageObject\",\"inLanguage\":\"fr-FR\",\"@id\":\"https:\/\/kapitalis.com\/tunisie\/#\/schema\/logo\/image\/\",\"url\":\"https:\/\/kapitalis.com\/tunisie\/wp-content\/uploads\/2022\/05\/Kapitalis-big-size.png\",\"contentUrl\":\"https:\/\/kapitalis.com\/tunisie\/wp-content\/uploads\/2022\/05\/Kapitalis-big-size.png\",\"width\":5000,\"height\":1500,\"caption\":\"Kapitalis\"},\"image\":{\"@id\":\"https:\/\/kapitalis.com\/tunisie\/#\/schema\/logo\/image\/\"},\"sameAs\":[\"https:\/\/www.facebook.com\/KapitalisInfo\/\",\"https:\/\/x.com\/KapitalisInfo\",\"https:\/\/www.youtube.com\/channel\/UC-yDYrHyfFBWWZaOw3FPg9Q\"]},{\"@type\":\"Person\",\"@id\":\"https:\/\/kapitalis.com\/tunisie\/#\/schema\/person\/74bbde0154d49d790a92aaeac5bc01d5\",\"name\":\"Yusra NY\",\"url\":\"https:\/\/kapitalis.com\/tunisie\/author\/yuza_adam\/\"}]}<\/script>\n<!-- \/ Yoast SEO plugin. -->","yoast_head_json":{"title":"Tunisie : Le minist\u00e8re du Commerce fixe les tarifs des bouteilles d'eau min\u00e9rale - Kapitalis","description":"Le minist\u00e8re du Commerce a publi\u00e9, ce jeudi 3 ao\u00fbt 2023, les marges b\u00e9n\u00e9ficiaires maximales des bouteilles d\u2019eau min\u00e9rale, \u00aben vue de ma\u00eetriser les prix, de garantir la transparence dans les circuits de distribution et de pr\u00e9server le pouvoir d\u2019achat des citoyens\u00bb","robots":{"index":"index","follow":"follow","max-snippet":"max-snippet:-1","max-image-preview":"max-image-preview:large","max-video-preview":"max-video-preview:-1"},"canonical":"https:\/\/kapitalis.com\/tunisie\/2023\/08\/04\/tunisie-le-ministere-du-commerce-fixe-les-tarifs-des-bouteilles-deau-minerale\/","og_locale":"fr_FR","og_type":"article","og_title":"Tunisie : Le minist\u00e8re du Commerce fixe les tarifs des bouteilles d'eau min\u00e9rale - Kapitalis","og_description":"Le minist\u00e8re du Commerce a publi\u00e9, ce jeudi 3 ao\u00fbt 2023, les marges b\u00e9n\u00e9ficiaires maximales des bouteilles d\u2019eau min\u00e9rale, \u00aben vue de ma\u00eetriser les prix, de garantir la transparence dans les circuits de distribution et de pr\u00e9server le pouvoir d\u2019achat des citoyens\u00bb","og_url":"https:\/\/kapitalis.com\/tunisie\/2023\/08\/04\/tunisie-le-ministere-du-commerce-fixe-les-tarifs-des-bouteilles-deau-minerale\/","og_site_name":"Kapitalis","article_publisher":"https:\/\/www.facebook.com\/KapitalisInfo\/","article_published_time":"2023-08-04T00:31:33+00:00","article_modified_time":"2023-08-04T00:31:36+00:00","og_image":[{"width":1200,"height":630,"url":"https:\/\/kapitalis.com\/tunisie\/wp-content\/uploads\/2022\/09\/Eau-minerale-1.jpg","type":"image\/jpeg"}],"author":"Yusra NY","twitter_card":"summary_large_image","twitter_creator":"@KapitalisInfo","twitter_site":"@KapitalisInfo","twitter_misc":{"\u00c9crit par":"Yusra NY","Dur\u00e9e de lecture estim\u00e9e":"1 minute"},"schema":{"@context":"https:\/\/schema.org","@graph":[{"@type":"Article","@id":"https:\/\/kapitalis.com\/tunisie\/2023\/08\/04\/tunisie-le-ministere-du-commerce-fixe-les-tarifs-des-bouteilles-deau-minerale\/#article","isPartOf":{"@id":"https:\/\/kapitalis.com\/tunisie\/2023\/08\/04\/tunisie-le-ministere-du-commerce-fixe-les-tarifs-des-bouteilles-deau-minerale\/"},"author":{"name":"Yusra NY","@id":"https:\/\/kapitalis.com\/tunisie\/#\/schema\/person\/74bbde0154d49d790a92aaeac5bc01d5"},"headline":"Tunisie : Le minist\u00e8re du Commerce fixe les tarifs des bouteilles d&rsquo;eau min\u00e9rale","datePublished":"2023-08-04T00:31:33+00:00","dateModified":"2023-08-04T00:31:36+00:00","mainEntityOfPage":{"@id":"https:\/\/kapitalis.com\/tunisie\/2023\/08\/04\/tunisie-le-ministere-du-commerce-fixe-les-tarifs-des-bouteilles-deau-minerale\/"},"wordCount":173,"commentCount":0,"publisher":{"@id":"https:\/\/kapitalis.com\/tunisie\/#organization"},"image":{"@id":"https:\/\/kapitalis.com\/tunisie\/2023\/08\/04\/tunisie-le-ministere-du-commerce-fixe-les-tarifs-des-bouteilles-deau-minerale\/#primaryimage"},"thumbnailUrl":"https:\/\/kapitalis.com\/tunisie\/wp-content\/uploads\/2022\/09\/Eau-minerale-1.jpg","keywords":["eau min\u00e9rale","marge b\u00e9n\u00e9ficiaire","prix","tarifs","vente en d\u00e9tails"],"articleSection":["CONSO","SOCIETE","Tunisie"],"inLanguage":"fr-FR","potentialAction":[{"@type":"CommentAction","name":"Comment","target":["https:\/\/kapitalis.com\/tunisie\/2023\/08\/04\/tunisie-le-ministere-du-commerce-fixe-les-tarifs-des-bouteilles-deau-minerale\/#respond"]}]},{"@type":"WebPage","@id":"https:\/\/kapitalis.com\/tunisie\/2023\/08\/04\/tunisie-le-ministere-du-commerce-fixe-les-tarifs-des-bouteilles-deau-minerale\/","url":"https:\/\/kapitalis.com\/tunisie\/2023\/08\/04\/tunisie-le-ministere-du-commerce-fixe-les-tarifs-des-bouteilles-deau-minerale\/","name":"Tunisie : Le minist\u00e8re du Commerce fixe les tarifs des bouteilles d'eau min\u00e9rale - Kapitalis","isPartOf":{"@id":"https:\/\/kapitalis.com\/tunisie\/#website"},"primaryImageOfPage":{"@id":"https:\/\/kapitalis.com\/tunisie\/2023\/08\/04\/tunisie-le-ministere-du-commerce-fixe-les-tarifs-des-bouteilles-deau-minerale\/#primaryimage"},"image":{"@id":"https:\/\/kapitalis.com\/tunisie\/2023\/08\/04\/tunisie-le-ministere-du-commerce-fixe-les-tarifs-des-bouteilles-deau-minerale\/#primaryimage"},"thumbnailUrl":"https:\/\/kapitalis.com\/tunisie\/wp-content\/uploads\/2022\/09\/Eau-minerale-1.jpg","datePublished":"2023-08-04T00:31:33+00:00","dateModified":"2023-08-04T00:31:36+00:00","description":"Le minist\u00e8re du Commerce a publi\u00e9, ce jeudi 3 ao\u00fbt 2023, les marges b\u00e9n\u00e9ficiaires maximales des bouteilles d\u2019eau min\u00e9rale, \u00aben vue de ma\u00eetriser les prix, de garantir la transparence dans les circuits de distribution et de pr\u00e9server le pouvoir d\u2019achat des citoyens\u00bb","breadcrumb":{"@id":"https:\/\/kapitalis.com\/tunisie\/2023\/08\/04\/tunisie-le-ministere-du-commerce-fixe-les-tarifs-des-bouteilles-deau-minerale\/#breadcrumb"},"inLanguage":"fr-FR","potentialAction":[{"@type":"ReadAction","target":["https:\/\/kapitalis.com\/tunisie\/2023\/08\/04\/tunisie-le-ministere-du-commerce-fixe-les-tarifs-des-bouteilles-deau-minerale\/"]}]},{"@type":"ImageObject","inLanguage":"fr-FR","@id":"https:\/\/kapitalis.com\/tunisie\/2023\/08\/04\/tunisie-le-ministere-du-commerce-fixe-les-tarifs-des-bouteilles-deau-minerale\/#primaryimage","url":"https:\/\/kapitalis.com\/tunisie\/wp-content\/uploads\/2022\/09\/Eau-minerale-1.jpg","contentUrl":"https:\/\/kapitalis.com\/tunisie\/wp-content\/uploads\/2022\/09\/Eau-minerale-1.jpg","width":1200,"height":630},{"@type":"BreadcrumbList","@id":"https:\/\/kapitalis.com\/tunisie\/2023\/08\/04\/tunisie-le-ministere-du-commerce-fixe-les-tarifs-des-bouteilles-deau-minerale\/#breadcrumb","itemListElement":[{"@type":"ListItem","position":1,"name":"Accueil","item":"https:\/\/kapitalis.com\/tunisie\/"},{"@type":"ListItem","position":2,"name":"Tunisie : Le minist\u00e8re du Commerce fixe les tarifs des bouteilles d&rsquo;eau min\u00e9rale"}]},{"@type":"WebSite","@id":"https:\/\/kapitalis.com\/tunisie\/#website","url":"https:\/\/kapitalis.com\/tunisie\/","name":"Kapitalis","description":"L&#039;actualit\u00e9 en Tunisie et dans le monde","publisher":{"@id":"https:\/\/kapitalis.com\/tunisie\/#organization"},"potentialAction":[{"@type":"SearchAction","target":{"@type":"EntryPoint","urlTemplate":"https:\/\/kapitalis.com\/tunisie\/?s={search_term_string}"},"query-input":{"@type":"PropertyValueSpecification","valueRequired":true,"valueName":"search_term_string"}}],"inLanguage":"fr-FR"},{"@type":"Organization","@id":"https:\/\/kapitalis.com\/tunisie\/#organization","name":"Kapitalis","url":"https:\/\/kapitalis.com\/tunisie\/","logo":{"@type":"ImageObject","inLanguage":"fr-FR","@id":"https:\/\/kapitalis.com\/tunisie\/#\/schema\/logo\/image\/","url":"https:\/\/kapitalis.com\/tunisie\/wp-content\/uploads\/2022\/05\/Kapitalis-big-size.png","contentUrl":"https:\/\/kapitalis.com\/tunisie\/wp-content\/uploads\/2022\/05\/Kapitalis-big-size.png","width":5000,"height":1500,"caption":"Kapitalis"},"image":{"@id":"https:\/\/kapitalis.com\/tunisie\/#\/schema\/logo\/image\/"},"sameAs":["https:\/\/www.facebook.com\/KapitalisInfo\/","https:\/\/x.com\/KapitalisInfo","https:\/\/www.youtube.com\/channel\/UC-yDYrHyfFBWWZaOw3FPg9Q"]},{"@type":"Person","@id":"https:\/\/kapitalis.com\/tunisie\/#\/schema\/person\/74bbde0154d49d790a92aaeac5bc01d5","name":"Yusra NY","url":"https:\/\/kapitalis.com\/tunisie\/author\/yuza_adam\/"}]}},"_links":{"self":[{"href":"https:\/\/kapitalis.com\/tunisie\/wp-json\/wp\/v2\/posts\/9214753","targetHints":{"allow":["GET"]}}],"collection":[{"href":"https:\/\/kapitalis.com\/tunisie\/wp-json\/wp\/v2\/posts"}],"about":[{"href":"https:\/\/kapitalis.com\/tunisie\/wp-json\/wp\/v2\/types\/post"}],"author":[{"embeddable":true,"href":"https:\/\/kapitalis.com\/tunisie\/wp-json\/wp\/v2\/users\/6"}],"replies":[{"embeddable":true,"href":"https:\/\/kapitalis.com\/tunisie\/wp-json\/wp\/v2\/comments?post=9214753"}],"version-history":[{"count":2,"href":"https:\/\/kapitalis.com\/tunisie\/wp-json\/wp\/v2\/posts\/9214753\/revisions"}],"predecessor-version":[{"id":9214799,"href":"https:\/\/kapitalis.com\/tunisie\/wp-json\/wp\/v2\/posts\/9214753\/revisions\/9214799"}],"wp:featuredmedia":[{"embeddable":true,"href":"https:\/\/kapitalis.com\/tunisie\/wp-json\/wp\/v2\/media\/4209224"}],"wp:attachment":[{"href":"https:\/\/kapitalis.com\/tunisie\/wp-json\/wp\/v2\/media?parent=9214753"}],"wp:term":[{"taxonomy":"category","embeddable":true,"href":"https:\/\/kapitalis.com\/tunisie\/wp-json\/wp\/v2\/categories?post=9214753"},{"taxonomy":"post_tag","embeddable":true,"href":"https:\/\/kapitalis.com\/tunisie\/wp-json\/wp\/v2\/tags?post=9214753"}],"curies":[{"name":"wp","href":"https:\/\/api.w.org\/{rel}","templated":true}]}}