{"id":9219000,"date":"2023-08-04T07:08:48","date_gmt":"2023-08-04T06:08:48","guid":{"rendered":"https:\/\/kapitalis.com\/tunisie\/?p=9219000"},"modified":"2023-08-04T07:09:06","modified_gmt":"2023-08-04T06:09:06","slug":"traitement-des-migrants-la-tunisie-denonce-des-contreverites","status":"publish","type":"post","link":"https:\/\/kapitalis.com\/tunisie\/2023\/08\/04\/traitement-des-migrants-la-tunisie-denonce-des-contreverites\/","title":{"rendered":"Traitement des migrants\u00a0: la Tunisie d\u00e9nonce des \u00abcontrev\u00e9rit\u00e9s\u00bb \u00a0"},"content":{"rendered":"\n<p><strong><em>La Tunisie d\u00e9ment avoir proc\u00e9d\u00e9 des op\u00e9rations d\u2019expulsion arbitraire de migrants africains irr\u00e9guliers, et parle d<\/em><\/strong>&lsquo;<strong><em>informations impr\u00e9cises voire de contrev\u00e9rit\u00e9s relay\u00e9es par certains m\u00e9dias.<\/em><\/strong><\/p>\n\n\n\n<!--more-->\n\n\n\n<p>Au surlendemain de la conf\u00e9rence de presse tenue par le porte-parole adjoint du secr\u00e9taire g\u00e9n\u00e9ral de l\u2019Onu, <a href=\"https:\/\/kapitalis.com\/tunisie\/2023\/08\/02\/lonu-appelle-la-tunisie-a-mettre-fin-aux-expulsions-de-migrants\/\" target=\"_blank\" rel=\"noreferrer noopener\">Farhan Haq<\/a>, dans laquelle il a critiqu\u00e9 le traitement par les autorit\u00e9s tunisiennes des migrants subsahariens en Tunisie, le ministre de l\u2019Int\u00e9rieur, Kamel Feki a accord\u00e9, jeudi 3 ao\u00fbt 2023, une d\u00e9claration \u00e0 l\u2019agence Tap pour faire le point sur bon nombre de points-cl\u00e9s.<\/p>\n\n\n\n<p>Le ministre a affirm\u00e9 que ce qui vient d\u2019\u00eatre publi\u00e9 par certaines organisations internationales, notamment, par le porte-parole adjoint du l\u2019Onu le 1er ao\u00fbt, sur la n\u00e9cessit\u00e9 de prot\u00e9ger les r\u00e9fugi\u00e9s et les migrants africains \u00e0 la fronti\u00e8re tunisienne, sont <em>\u00abimpr\u00e9cis\u00bb<\/em> et s\u2019apparentent plut\u00f4t \u00e0 des <em>\u00abcontrev\u00e9rit\u00e9s\u00bb<\/em>, ajoutant que les all\u00e9gations et pr\u00e9tentions sur des op\u00e9rations d\u2019expulsion arbitraire sont d\u00e9nu\u00e9es de tout fondement, et appelant les instances onusiennes \u00e0 faire preuve de mesure et \u00e0 v\u00e9rifier l\u2019information avant de s\u2019empresser de la publier.<\/p>\n\n\n\n<p>A ce titre, il a mis en garde contre les r\u00e9percussions n\u00e9fastes d\u00e9coulant de la publication de ces informations erron\u00e9es sur l\u2019action de l\u2019institution s\u00e9curitaire qui, a-t-il dit, ne l\u00e9sine sur aucun moyen et ne m\u00e9nage aucun effort en vue de pr\u00eater main forte aux migrants irr\u00e9guliers bloqu\u00e9s \u00e0 la fronti\u00e8re terrestre ou maritime de la Tunisie.<\/p>\n\n\n\n<p>Le ministre de l\u2019Int\u00e9rieur a fait \u00e9tat de plus de 15 327 migrants irr\u00e9guliers secourus par les forces s\u00e9curitaires tunisiennes durant la p\u00e9riode comprise entre janvier et juillet 2023, dont 95% sont des ressortissants des pays d\u2019Afrique subsaharienne.<\/p>\n\n\n\n<figure class=\"wp-block-embed is-type-wp-embed is-provider-kapitalis wp-block-embed-kapitalis\"><div class=\"wp-block-embed__wrapper\">\n<blockquote class=\"wp-embedded-content\" data-secret=\"I3r0eRTMqd\"><a href=\"https:\/\/kapitalis.com\/tunisie\/2023\/08\/02\/lonu-appelle-la-tunisie-a-mettre-fin-aux-expulsions-de-migrants\/\">L\u2019Onu appelle la Tunisie \u00e0 mettre fin aux expulsions de migrants<\/a><\/blockquote><iframe loading=\"lazy\" class=\"wp-embedded-content\" sandbox=\"allow-scripts\" security=\"restricted\" style=\"position: absolute; clip: rect(1px, 1px, 1px, 1px);\" title=\"\u00ab\u00a0L\u2019Onu appelle la Tunisie \u00e0 mettre fin aux expulsions de migrants\u00a0\u00bb &#8212; Kapitalis\" src=\"https:\/\/kapitalis.com\/tunisie\/2023\/08\/02\/lonu-appelle-la-tunisie-a-mettre-fin-aux-expulsions-de-migrants\/embed\/#?secret=zpchU3vQLd#?secret=I3r0eRTMqd\" data-secret=\"I3r0eRTMqd\" width=\"600\" height=\"338\" frameborder=\"0\" marginwidth=\"0\" marginheight=\"0\" scrolling=\"no\"><\/iframe>\n<\/div><\/figure>\n\n\n\n<p>Il a aussi r\u00e9affirm\u00e9 l\u2019engagement de l\u2019Etat Tunisien \u00e0 respecter les droits de l\u2019homme, soulignant qu\u2019il suit de pr\u00e8s le traitement humanitaire et l\u2019action de terrain des unit\u00e9s de s\u00e9curit\u00e9 dans le cadre de la coordination avec les organisations comp\u00e9tentes, notamment le Croissant-Rouge tunisien.<\/p>\n\n\n\n<p>R\u00e9pliquant aux <em>\u00aball\u00e9gations\u00bb<\/em> onusiennes sur l\u2019expulsion des migrants africains irr\u00e9guliers, le ministre a tenu \u00e0 pr\u00e9ciser que ce dossier est trait\u00e9 conform\u00e9ment \u00e0 la loi tunisienne et en respect des dispositions d\u00e9coulant des trait\u00e9s internationaux, ajoutant que l\u2019\u00c9tat tunisien ne peut nullement \u00eatre tenu responsable pour des faits se produisant en dehors de ses limites territoriales.<\/p>\n\n\n\n<p>Par ailleurs, il a indiqu\u00e9 que les <em>\u00abcontrev\u00e9rit\u00e9s\u00bb<\/em> relay\u00e9es par certains m\u00e9dias ne peuvent en aucun cas \u00eatre attribu\u00e9es au secr\u00e9taire g\u00e9n\u00e9ral des Nations Unies qui, a-t-il dit, est <em>\u00abune personne int\u00e8gre, honn\u00eate, ferme et professionnelle disposant d\u2019une comp\u00e9tence av\u00e9r\u00e9e en mati\u00e8re d\u2019usages et de pratiques diplomatiques et internationaux.\u00bb<\/em><\/p>\n\n\n\n<p>N\u00e9anmoins, le ministre Fekih a tenu \u00e0 pr\u00e9ciser qu\u2019il n\u2019est plus question que la souverainet\u00e9 des \u00c9tats et de la protection de leurs territoires soit tributaire de d\u00e9clarations <em>\u00abinexactes et impr\u00e9cises\u00bb<\/em> tenus par des fonctionnaires de troisi\u00e8me rang de l\u2019organisation onusienne, r\u00e9affirmant que ce <em>\u00abtoll\u00e9\u00bb<\/em> m\u00e9diatique ne peut nullement affecter ou porter pr\u00e9judice aux relations fraternelles entre la Tunisie et ses fr\u00e8res libyens et alg\u00e9riens, tout comme il n\u2019entame en rien la d\u00e9termination et l\u2019engagement de l\u2019institution s\u00e9curitaire tunisienne \u00e0 contrer vigoureusement la menace terroriste, la contrebande et la traite des personnes et \u00e0 faire face \u00e0 tout ce qui est de nature \u00e0 porter pr\u00e9judice \u00e0 la dignit\u00e9 humaine. <\/p>\n\n\n\n<p><strong><em>D\u2019apr\u00e8s Tap.<\/em><\/strong><\/p>\n\n\n\n<figure class=\"wp-block-embed is-type-wp-embed is-provider-kapitalis wp-block-embed-kapitalis\"><div class=\"wp-block-embed__wrapper\">\n<blockquote class=\"wp-embedded-content\" data-secret=\"Atkdvx1wjq\"><a href=\"https:\/\/kapitalis.com\/tunisie\/2023\/08\/03\/une-dizaine-de-migrants-subsahariens-retrouves-morts-a-la-frontiere-entre-la-tunisie-et-la-libye\/\">Une dizaine de migrants subsahariens retrouv\u00e9s morts \u00e0 la fronti\u00e8re entre la Tunisie et la Libye<\/a><\/blockquote><iframe loading=\"lazy\" class=\"wp-embedded-content\" sandbox=\"allow-scripts\" security=\"restricted\" style=\"position: absolute; clip: rect(1px, 1px, 1px, 1px);\" title=\"\u00ab\u00a0Une dizaine de migrants subsahariens retrouv\u00e9s morts \u00e0 la fronti\u00e8re entre la Tunisie et la Libye\u00a0\u00bb &#8212; Kapitalis\" src=\"https:\/\/kapitalis.com\/tunisie\/2023\/08\/03\/une-dizaine-de-migrants-subsahariens-retrouves-morts-a-la-frontiere-entre-la-tunisie-et-la-libye\/embed\/#?secret=H4NztpVeCz#?secret=Atkdvx1wjq\" data-secret=\"Atkdvx1wjq\" width=\"600\" height=\"338\" frameborder=\"0\" marginwidth=\"0\" marginheight=\"0\" scrolling=\"no\"><\/iframe>\n<\/div><\/figure>\n","protected":false},"excerpt":{"rendered":"<p>La Tunisie d\u00e9ment avoir proc\u00e9d\u00e9 des  op\u00e9rations d\u2019expulsion arbitraire de migrants subsahariens, qu&rsquo;elle qualifie de contrev\u00e9rit\u00e9s.  <\/p>\n","protected":false},"author":8,"featured_media":7710628,"comment_status":"open","ping_status":"open","sticky":false,"template":"","format":"standard","meta":{"footnotes":""},"categories":[997,2433],"tags":[110251,110272,85766,3194,62643],"class_list":["post-9219000","post","type-post","status-publish","format-standard","has-post-thumbnail","hentry","category-politique","category-tunisie","tag-farhan-haq","tag-kamel-feku","tag-migrants-subsahariens","tag-onu","tag-tunisie"],"yoast_head":"<!-- This site is optimized with the Yoast SEO plugin v26.6 - https:\/\/yoast.com\/wordpress\/plugins\/seo\/ -->\n<title>Traitement des migrants\u00a0: la Tunisie d\u00e9nonce des \u00abcontrev\u00e9rit\u00e9s\u00bb \u00a0 - Kapitalis<\/title>\n<meta name=\"robots\" content=\"index, follow, max-snippet:-1, max-image-preview:large, max-video-preview:-1\" \/>\n<link rel=\"canonical\" href=\"https:\/\/kapitalis.com\/tunisie\/2023\/08\/04\/traitement-des-migrants-la-tunisie-denonce-des-contreverites\/\" \/>\n<meta property=\"og:locale\" content=\"fr_FR\" \/>\n<meta property=\"og:type\" content=\"article\" \/>\n<meta property=\"og:title\" content=\"Traitement des migrants\u00a0: la Tunisie d\u00e9nonce des \u00abcontrev\u00e9rit\u00e9s\u00bb \u00a0 - Kapitalis\" \/>\n<meta property=\"og:description\" content=\"La Tunisie d\u00e9ment avoir proc\u00e9d\u00e9 des op\u00e9rations d\u2019expulsion arbitraire de migrants subsahariens, qu&#039;elle qualifie de contrev\u00e9rit\u00e9s.\" \/>\n<meta property=\"og:url\" content=\"https:\/\/kapitalis.com\/tunisie\/2023\/08\/04\/traitement-des-migrants-la-tunisie-denonce-des-contreverites\/\" \/>\n<meta property=\"og:site_name\" content=\"Kapitalis\" \/>\n<meta property=\"article:publisher\" content=\"https:\/\/www.facebook.com\/KapitalisInfo\/\" \/>\n<meta property=\"article:published_time\" content=\"2023-08-04T06:08:48+00:00\" \/>\n<meta property=\"article:modified_time\" content=\"2023-08-04T06:09:06+00:00\" \/>\n<meta property=\"og:image\" content=\"https:\/\/kapitalis.com\/tunisie\/wp-content\/uploads\/2023\/05\/Kamel-Feki.jpg\" \/>\n\t<meta property=\"og:image:width\" content=\"1200\" \/>\n\t<meta property=\"og:image:height\" content=\"630\" \/>\n\t<meta property=\"og:image:type\" content=\"image\/jpeg\" \/>\n<meta name=\"author\" content=\"webmaster kapitalis\" \/>\n<meta name=\"twitter:card\" content=\"summary_large_image\" \/>\n<meta name=\"twitter:creator\" content=\"@KapitalisInfo\" \/>\n<meta name=\"twitter:site\" content=\"@KapitalisInfo\" \/>\n<meta name=\"twitter:label1\" content=\"\u00c9crit par\" \/>\n\t<meta name=\"twitter:data1\" content=\"webmaster kapitalis\" \/>\n\t<meta name=\"twitter:label2\" content=\"Dur\u00e9e de lecture estim\u00e9e\" \/>\n\t<meta name=\"twitter:data2\" content=\"3 minutes\" \/>\n<script type=\"application\/ld+json\" class=\"yoast-schema-graph\">{\"@context\":\"https:\/\/schema.org\",\"@graph\":[{\"@type\":\"Article\",\"@id\":\"https:\/\/kapitalis.com\/tunisie\/2023\/08\/04\/traitement-des-migrants-la-tunisie-denonce-des-contreverites\/#article\",\"isPartOf\":{\"@id\":\"https:\/\/kapitalis.com\/tunisie\/2023\/08\/04\/traitement-des-migrants-la-tunisie-denonce-des-contreverites\/\"},\"author\":{\"name\":\"webmaster kapitalis\",\"@id\":\"https:\/\/kapitalis.com\/tunisie\/#\/schema\/person\/d71f33a9ca44f7bad4698210b480c8e9\"},\"headline\":\"Traitement des migrants\u00a0: la Tunisie d\u00e9nonce des \u00abcontrev\u00e9rit\u00e9s\u00bb \u00a0\",\"datePublished\":\"2023-08-04T06:08:48+00:00\",\"dateModified\":\"2023-08-04T06:09:06+00:00\",\"mainEntityOfPage\":{\"@id\":\"https:\/\/kapitalis.com\/tunisie\/2023\/08\/04\/traitement-des-migrants-la-tunisie-denonce-des-contreverites\/\"},\"wordCount\":645,\"commentCount\":0,\"publisher\":{\"@id\":\"https:\/\/kapitalis.com\/tunisie\/#organization\"},\"image\":{\"@id\":\"https:\/\/kapitalis.com\/tunisie\/2023\/08\/04\/traitement-des-migrants-la-tunisie-denonce-des-contreverites\/#primaryimage\"},\"thumbnailUrl\":\"https:\/\/kapitalis.com\/tunisie\/wp-content\/uploads\/2023\/05\/Kamel-Feki.jpg\",\"keywords\":[\"Farhan Haq\",\"Kamel Feku\",\"migrants subsahariens\",\"Onu\",\"Tunisie\"],\"articleSection\":[\"POLITIQUE\",\"Tunisie\"],\"inLanguage\":\"fr-FR\",\"potentialAction\":[{\"@type\":\"CommentAction\",\"name\":\"Comment\",\"target\":[\"https:\/\/kapitalis.com\/tunisie\/2023\/08\/04\/traitement-des-migrants-la-tunisie-denonce-des-contreverites\/#respond\"]}]},{\"@type\":\"WebPage\",\"@id\":\"https:\/\/kapitalis.com\/tunisie\/2023\/08\/04\/traitement-des-migrants-la-tunisie-denonce-des-contreverites\/\",\"url\":\"https:\/\/kapitalis.com\/tunisie\/2023\/08\/04\/traitement-des-migrants-la-tunisie-denonce-des-contreverites\/\",\"name\":\"Traitement des migrants\u00a0: la Tunisie d\u00e9nonce des \u00abcontrev\u00e9rit\u00e9s\u00bb \u00a0 - Kapitalis\",\"isPartOf\":{\"@id\":\"https:\/\/kapitalis.com\/tunisie\/#website\"},\"primaryImageOfPage\":{\"@id\":\"https:\/\/kapitalis.com\/tunisie\/2023\/08\/04\/traitement-des-migrants-la-tunisie-denonce-des-contreverites\/#primaryimage\"},\"image\":{\"@id\":\"https:\/\/kapitalis.com\/tunisie\/2023\/08\/04\/traitement-des-migrants-la-tunisie-denonce-des-contreverites\/#primaryimage\"},\"thumbnailUrl\":\"https:\/\/kapitalis.com\/tunisie\/wp-content\/uploads\/2023\/05\/Kamel-Feki.jpg\",\"datePublished\":\"2023-08-04T06:08:48+00:00\",\"dateModified\":\"2023-08-04T06:09:06+00:00\",\"breadcrumb\":{\"@id\":\"https:\/\/kapitalis.com\/tunisie\/2023\/08\/04\/traitement-des-migrants-la-tunisie-denonce-des-contreverites\/#breadcrumb\"},\"inLanguage\":\"fr-FR\",\"potentialAction\":[{\"@type\":\"ReadAction\",\"target\":[\"https:\/\/kapitalis.com\/tunisie\/2023\/08\/04\/traitement-des-migrants-la-tunisie-denonce-des-contreverites\/\"]}]},{\"@type\":\"ImageObject\",\"inLanguage\":\"fr-FR\",\"@id\":\"https:\/\/kapitalis.com\/tunisie\/2023\/08\/04\/traitement-des-migrants-la-tunisie-denonce-des-contreverites\/#primaryimage\",\"url\":\"https:\/\/kapitalis.com\/tunisie\/wp-content\/uploads\/2023\/05\/Kamel-Feki.jpg\",\"contentUrl\":\"https:\/\/kapitalis.com\/tunisie\/wp-content\/uploads\/2023\/05\/Kamel-Feki.jpg\",\"width\":1200,\"height\":630},{\"@type\":\"BreadcrumbList\",\"@id\":\"https:\/\/kapitalis.com\/tunisie\/2023\/08\/04\/traitement-des-migrants-la-tunisie-denonce-des-contreverites\/#breadcrumb\",\"itemListElement\":[{\"@type\":\"ListItem\",\"position\":1,\"name\":\"Accueil\",\"item\":\"https:\/\/kapitalis.com\/tunisie\/\"},{\"@type\":\"ListItem\",\"position\":2,\"name\":\"Traitement des migrants\u00a0: la Tunisie d\u00e9nonce des \u00abcontrev\u00e9rit\u00e9s\u00bb \u00a0\"}]},{\"@type\":\"WebSite\",\"@id\":\"https:\/\/kapitalis.com\/tunisie\/#website\",\"url\":\"https:\/\/kapitalis.com\/tunisie\/\",\"name\":\"Kapitalis\",\"description\":\"L&#039;actualit\u00e9 en Tunisie et dans le monde\",\"publisher\":{\"@id\":\"https:\/\/kapitalis.com\/tunisie\/#organization\"},\"potentialAction\":[{\"@type\":\"SearchAction\",\"target\":{\"@type\":\"EntryPoint\",\"urlTemplate\":\"https:\/\/kapitalis.com\/tunisie\/?s={search_term_string}\"},\"query-input\":{\"@type\":\"PropertyValueSpecification\",\"valueRequired\":true,\"valueName\":\"search_term_string\"}}],\"inLanguage\":\"fr-FR\"},{\"@type\":\"Organization\",\"@id\":\"https:\/\/kapitalis.com\/tunisie\/#organization\",\"name\":\"Kapitalis\",\"url\":\"https:\/\/kapitalis.com\/tunisie\/\",\"logo\":{\"@type\":\"ImageObject\",\"inLanguage\":\"fr-FR\",\"@id\":\"https:\/\/kapitalis.com\/tunisie\/#\/schema\/logo\/image\/\",\"url\":\"https:\/\/kapitalis.com\/tunisie\/wp-content\/uploads\/2022\/05\/Kapitalis-big-size.png\",\"contentUrl\":\"https:\/\/kapitalis.com\/tunisie\/wp-content\/uploads\/2022\/05\/Kapitalis-big-size.png\",\"width\":5000,\"height\":1500,\"caption\":\"Kapitalis\"},\"image\":{\"@id\":\"https:\/\/kapitalis.com\/tunisie\/#\/schema\/logo\/image\/\"},\"sameAs\":[\"https:\/\/www.facebook.com\/KapitalisInfo\/\",\"https:\/\/x.com\/KapitalisInfo\",\"https:\/\/www.youtube.com\/channel\/UC-yDYrHyfFBWWZaOw3FPg9Q\"]},{\"@type\":\"Person\",\"@id\":\"https:\/\/kapitalis.com\/tunisie\/#\/schema\/person\/d71f33a9ca44f7bad4698210b480c8e9\",\"name\":\"webmaster kapitalis\",\"url\":\"https:\/\/kapitalis.com\/tunisie\/author\/webmaster-kapitalis\/\"}]}<\/script>\n<!-- \/ Yoast SEO plugin. -->","yoast_head_json":{"title":"Traitement des migrants\u00a0: la Tunisie d\u00e9nonce des \u00abcontrev\u00e9rit\u00e9s\u00bb \u00a0 - Kapitalis","robots":{"index":"index","follow":"follow","max-snippet":"max-snippet:-1","max-image-preview":"max-image-preview:large","max-video-preview":"max-video-preview:-1"},"canonical":"https:\/\/kapitalis.com\/tunisie\/2023\/08\/04\/traitement-des-migrants-la-tunisie-denonce-des-contreverites\/","og_locale":"fr_FR","og_type":"article","og_title":"Traitement des migrants\u00a0: la Tunisie d\u00e9nonce des \u00abcontrev\u00e9rit\u00e9s\u00bb \u00a0 - Kapitalis","og_description":"La Tunisie d\u00e9ment avoir proc\u00e9d\u00e9 des op\u00e9rations d\u2019expulsion arbitraire de migrants subsahariens, qu'elle qualifie de contrev\u00e9rit\u00e9s.","og_url":"https:\/\/kapitalis.com\/tunisie\/2023\/08\/04\/traitement-des-migrants-la-tunisie-denonce-des-contreverites\/","og_site_name":"Kapitalis","article_publisher":"https:\/\/www.facebook.com\/KapitalisInfo\/","article_published_time":"2023-08-04T06:08:48+00:00","article_modified_time":"2023-08-04T06:09:06+00:00","og_image":[{"width":1200,"height":630,"url":"https:\/\/kapitalis.com\/tunisie\/wp-content\/uploads\/2023\/05\/Kamel-Feki.jpg","type":"image\/jpeg"}],"author":"webmaster kapitalis","twitter_card":"summary_large_image","twitter_creator":"@KapitalisInfo","twitter_site":"@KapitalisInfo","twitter_misc":{"\u00c9crit par":"webmaster kapitalis","Dur\u00e9e de lecture estim\u00e9e":"3 minutes"},"schema":{"@context":"https:\/\/schema.org","@graph":[{"@type":"Article","@id":"https:\/\/kapitalis.com\/tunisie\/2023\/08\/04\/traitement-des-migrants-la-tunisie-denonce-des-contreverites\/#article","isPartOf":{"@id":"https:\/\/kapitalis.com\/tunisie\/2023\/08\/04\/traitement-des-migrants-la-tunisie-denonce-des-contreverites\/"},"author":{"name":"webmaster kapitalis","@id":"https:\/\/kapitalis.com\/tunisie\/#\/schema\/person\/d71f33a9ca44f7bad4698210b480c8e9"},"headline":"Traitement des migrants\u00a0: la Tunisie d\u00e9nonce des \u00abcontrev\u00e9rit\u00e9s\u00bb \u00a0","datePublished":"2023-08-04T06:08:48+00:00","dateModified":"2023-08-04T06:09:06+00:00","mainEntityOfPage":{"@id":"https:\/\/kapitalis.com\/tunisie\/2023\/08\/04\/traitement-des-migrants-la-tunisie-denonce-des-contreverites\/"},"wordCount":645,"commentCount":0,"publisher":{"@id":"https:\/\/kapitalis.com\/tunisie\/#organization"},"image":{"@id":"https:\/\/kapitalis.com\/tunisie\/2023\/08\/04\/traitement-des-migrants-la-tunisie-denonce-des-contreverites\/#primaryimage"},"thumbnailUrl":"https:\/\/kapitalis.com\/tunisie\/wp-content\/uploads\/2023\/05\/Kamel-Feki.jpg","keywords":["Farhan Haq","Kamel Feku","migrants subsahariens","Onu","Tunisie"],"articleSection":["POLITIQUE","Tunisie"],"inLanguage":"fr-FR","potentialAction":[{"@type":"CommentAction","name":"Comment","target":["https:\/\/kapitalis.com\/tunisie\/2023\/08\/04\/traitement-des-migrants-la-tunisie-denonce-des-contreverites\/#respond"]}]},{"@type":"WebPage","@id":"https:\/\/kapitalis.com\/tunisie\/2023\/08\/04\/traitement-des-migrants-la-tunisie-denonce-des-contreverites\/","url":"https:\/\/kapitalis.com\/tunisie\/2023\/08\/04\/traitement-des-migrants-la-tunisie-denonce-des-contreverites\/","name":"Traitement des migrants\u00a0: la Tunisie d\u00e9nonce des \u00abcontrev\u00e9rit\u00e9s\u00bb \u00a0 - Kapitalis","isPartOf":{"@id":"https:\/\/kapitalis.com\/tunisie\/#website"},"primaryImageOfPage":{"@id":"https:\/\/kapitalis.com\/tunisie\/2023\/08\/04\/traitement-des-migrants-la-tunisie-denonce-des-contreverites\/#primaryimage"},"image":{"@id":"https:\/\/kapitalis.com\/tunisie\/2023\/08\/04\/traitement-des-migrants-la-tunisie-denonce-des-contreverites\/#primaryimage"},"thumbnailUrl":"https:\/\/kapitalis.com\/tunisie\/wp-content\/uploads\/2023\/05\/Kamel-Feki.jpg","datePublished":"2023-08-04T06:08:48+00:00","dateModified":"2023-08-04T06:09:06+00:00","breadcrumb":{"@id":"https:\/\/kapitalis.com\/tunisie\/2023\/08\/04\/traitement-des-migrants-la-tunisie-denonce-des-contreverites\/#breadcrumb"},"inLanguage":"fr-FR","potentialAction":[{"@type":"ReadAction","target":["https:\/\/kapitalis.com\/tunisie\/2023\/08\/04\/traitement-des-migrants-la-tunisie-denonce-des-contreverites\/"]}]},{"@type":"ImageObject","inLanguage":"fr-FR","@id":"https:\/\/kapitalis.com\/tunisie\/2023\/08\/04\/traitement-des-migrants-la-tunisie-denonce-des-contreverites\/#primaryimage","url":"https:\/\/kapitalis.com\/tunisie\/wp-content\/uploads\/2023\/05\/Kamel-Feki.jpg","contentUrl":"https:\/\/kapitalis.com\/tunisie\/wp-content\/uploads\/2023\/05\/Kamel-Feki.jpg","width":1200,"height":630},{"@type":"BreadcrumbList","@id":"https:\/\/kapitalis.com\/tunisie\/2023\/08\/04\/traitement-des-migrants-la-tunisie-denonce-des-contreverites\/#breadcrumb","itemListElement":[{"@type":"ListItem","position":1,"name":"Accueil","item":"https:\/\/kapitalis.com\/tunisie\/"},{"@type":"ListItem","position":2,"name":"Traitement des migrants\u00a0: la Tunisie d\u00e9nonce des \u00abcontrev\u00e9rit\u00e9s\u00bb \u00a0"}]},{"@type":"WebSite","@id":"https:\/\/kapitalis.com\/tunisie\/#website","url":"https:\/\/kapitalis.com\/tunisie\/","name":"Kapitalis","description":"L&#039;actualit\u00e9 en Tunisie et dans le monde","publisher":{"@id":"https:\/\/kapitalis.com\/tunisie\/#organization"},"potentialAction":[{"@type":"SearchAction","target":{"@type":"EntryPoint","urlTemplate":"https:\/\/kapitalis.com\/tunisie\/?s={search_term_string}"},"query-input":{"@type":"PropertyValueSpecification","valueRequired":true,"valueName":"search_term_string"}}],"inLanguage":"fr-FR"},{"@type":"Organization","@id":"https:\/\/kapitalis.com\/tunisie\/#organization","name":"Kapitalis","url":"https:\/\/kapitalis.com\/tunisie\/","logo":{"@type":"ImageObject","inLanguage":"fr-FR","@id":"https:\/\/kapitalis.com\/tunisie\/#\/schema\/logo\/image\/","url":"https:\/\/kapitalis.com\/tunisie\/wp-content\/uploads\/2022\/05\/Kapitalis-big-size.png","contentUrl":"https:\/\/kapitalis.com\/tunisie\/wp-content\/uploads\/2022\/05\/Kapitalis-big-size.png","width":5000,"height":1500,"caption":"Kapitalis"},"image":{"@id":"https:\/\/kapitalis.com\/tunisie\/#\/schema\/logo\/image\/"},"sameAs":["https:\/\/www.facebook.com\/KapitalisInfo\/","https:\/\/x.com\/KapitalisInfo","https:\/\/www.youtube.com\/channel\/UC-yDYrHyfFBWWZaOw3FPg9Q"]},{"@type":"Person","@id":"https:\/\/kapitalis.com\/tunisie\/#\/schema\/person\/d71f33a9ca44f7bad4698210b480c8e9","name":"webmaster kapitalis","url":"https:\/\/kapitalis.com\/tunisie\/author\/webmaster-kapitalis\/"}]}},"_links":{"self":[{"href":"https:\/\/kapitalis.com\/tunisie\/wp-json\/wp\/v2\/posts\/9219000","targetHints":{"allow":["GET"]}}],"collection":[{"href":"https:\/\/kapitalis.com\/tunisie\/wp-json\/wp\/v2\/posts"}],"about":[{"href":"https:\/\/kapitalis.com\/tunisie\/wp-json\/wp\/v2\/types\/post"}],"author":[{"embeddable":true,"href":"https:\/\/kapitalis.com\/tunisie\/wp-json\/wp\/v2\/users\/8"}],"replies":[{"embeddable":true,"href":"https:\/\/kapitalis.com\/tunisie\/wp-json\/wp\/v2\/comments?post=9219000"}],"version-history":[{"count":1,"href":"https:\/\/kapitalis.com\/tunisie\/wp-json\/wp\/v2\/posts\/9219000\/revisions"}],"predecessor-version":[{"id":9219102,"href":"https:\/\/kapitalis.com\/tunisie\/wp-json\/wp\/v2\/posts\/9219000\/revisions\/9219102"}],"wp:featuredmedia":[{"embeddable":true,"href":"https:\/\/kapitalis.com\/tunisie\/wp-json\/wp\/v2\/media\/7710628"}],"wp:attachment":[{"href":"https:\/\/kapitalis.com\/tunisie\/wp-json\/wp\/v2\/media?parent=9219000"}],"wp:term":[{"taxonomy":"category","embeddable":true,"href":"https:\/\/kapitalis.com\/tunisie\/wp-json\/wp\/v2\/categories?post=9219000"},{"taxonomy":"post_tag","embeddable":true,"href":"https:\/\/kapitalis.com\/tunisie\/wp-json\/wp\/v2\/tags?post=9219000"}],"curies":[{"name":"wp","href":"https:\/\/api.w.org\/{rel}","templated":true}]}}