{"id":92291,"date":"2017-04-20T07:52:08","date_gmt":"2017-04-20T06:52:08","guid":{"rendered":"http:\/\/kapitalis.com\/tunisie\/?p=92291"},"modified":"2017-04-20T08:07:06","modified_gmt":"2017-04-20T07:07:06","slug":"presidentielle-en-france-nuit-des-barricades-a-la-bastille","status":"publish","type":"post","link":"https:\/\/kapitalis.com\/tunisie\/2017\/04\/20\/presidentielle-en-france-nuit-des-barricades-a-la-bastille\/","title":{"rendered":"Pr\u00e9sidentielle en France : \u00abNuit des Barricades\u00bb \u00e0 la Bastille"},"content":{"rendered":"<p style=\"text-align: center;\"><img loading=\"lazy\" decoding=\"async\" class=\"alignnone size-full wp-image-92292\" src=\"http:\/\/kapitalis.com\/tunisie\/wp-content\/uploads\/2017\/04\/Nuit-ds-barricades.jpg\" alt=\"\" width=\"626\" height=\"380\" \/><\/p>\n<p><strong><em>Serait-ce un nouveau Mai 68, avec barricades, pav\u00e9s, cocktails Molotov, contre-charges de CRS, matraques et gaz lacrymog\u00e8ne?<\/em><\/strong><\/p>\n<p>Par <strong>Habib Trabelsi<\/strong>, <em>\u00e0 Paris<\/em><\/p>\n<p><!--more--><\/p>\n<p>\u00ab<em>Ce rassemblement<\/em> (le meeting lundi au Z\u00e9nith de Paris de la patronne du Front National (FN) et candidate \u00e0 la pr\u00e9sidentielle, Marine Le Pen, ndlr)<em> nous laisse un go\u00fbt amer\u00bb<\/em>, admet un militant des <a href=\"http:\/\/kapitalis.com\/tunisie\/2017\/04\/15\/france-les-ingouvernables-en-guerre-contre-la-farce-electorale\/\"><em>\u00abIngouvernables\u00bb<\/em><\/a>, un collectif d\u2019anarchistes qui s\u2019active depuis plusieurs semaines contre les pr\u00e9sidentielles, \u00abune farce \u00e9lectorale\u00bb, qui entrent dimanche prochain dans leur premier tour.<\/p>\n<p style=\"text-align: center;\"><img loading=\"lazy\" decoding=\"async\" class=\"alignnone wp-image-92294\" src=\"http:\/\/kapitalis.com\/tunisie\/wp-content\/uploads\/2017\/04\/Marine-Le-Pen.jpg\" alt=\"Marine Le Pen\" width=\"500\" height=\"269\" \/><\/p>\n<p style=\"text-align: center;\"><em>Les\u00a0 \u00abIngouvernables\u00bb contre la fanatique\u00a0Marine Le Pen.\u00a0<\/em><\/p>\n<p><em>\u00abCessons de penser que nous sommes seuls dans cette soci\u00e9t\u00e9. Des alliances sont possibles : avec des prol\u00e9taires, des personnes issues de l\u2019immigration, des gens tout simplement antiracistes. Ce genre d\u2019action ne fait que renforcer notre isolement politique et nous marginalise\u00bb<\/em>, poursuit cet activiste d\u00e9\u00e7u par la d\u00e9bandade des quelque 300 <em>\u00abIngouvernables\u00bb<\/em> (entre 100 et 200, selon la police) rassembl\u00e9s devant le parc de La Villette avant d\u2019\u00eatre dispers\u00e9s par d&rsquo;importants contingents de forces de l&rsquo;ordre, second\u00e9es par une escorte du service d&rsquo;ordre du FN.<\/p>\n<p style=\"text-align: center;\"><img loading=\"lazy\" decoding=\"async\" class=\"alignnone wp-image-92296\" src=\"http:\/\/kapitalis.com\/tunisie\/wp-content\/uploads\/2017\/04\/Affrontements.jpg\" alt=\"Affrontements en France\" width=\"500\" height=\"334\" \/><\/p>\n<p style=\"text-align: center;\"><em>Une pr\u00e9sidentielle sous haute tension.<\/em><\/p>\n<p><em>\u00abDes questions comme \u2018\u2018Vous d\u00e9fendez quoi ?\u2019\u2019, \u2018\u2018Vous \u00eates des anars ou des fachos ?\u2019\u2019 me mettent particuli\u00e8rement mal \u00e0 l\u2019aise\u00bb,<\/em> d\u00e9plore un autre militant anti-FN sur les r\u00e9seaux sociaux o\u00f9 quelques partisans commencent \u00e0 remettre en question le fait de limiter leurs actions \u00e0 une simple \u00ab<em>rage destructrice pratiqu\u00e9e par de petits groupes<\/em>\u00bb, \u00e0 appeler \u00e0 \u00ab<em>se porter vers des masses, jusqu\u2019\u00e0 pr\u00e9sent tourn\u00e9es vers l\u2019abstention apolitique et le citoyennisme\u00bb.<\/em><\/p>\n<p style=\"text-align: center;\"><img loading=\"lazy\" decoding=\"async\" class=\"alignnone wp-image-92297\" src=\"http:\/\/kapitalis.com\/tunisie\/wp-content\/uploads\/2017\/04\/Police-france.jpg\" alt=\" Les forces de l'ordre ont du pain sur la planche.\" width=\"500\" height=\"333\" \/><\/p>\n<p style=\"text-align: center;\"><em> Les forces de l&rsquo;ordre ont du pain sur la planche.<\/em><\/p>\n<p><strong>Un discours aux accents fortement identitaires<\/strong><\/p>\n<p>Les slogans (<em>\u00abTout le monde d\u00e9teste le FN\u00bb, \u00abTous les flics sont des fachos\u00bb, \u00abFlics, violeurs, assassins\u00bb<\/em> scand\u00e9s mardi par les manifestants, les fumig\u00e8nes allum\u00e9s, les projectiles (pav\u00e9s, bouteilles en verre, b\u00e2tons de bois, canettes\u2026 voire le cocktail Molotov visant, sans l\u2019atteindre, un parlementaire FN, Gilbert Collard, prot\u00e9g\u00e9 par un cordon de policiers, n\u2019ont pas emp\u00each\u00e9 la candidate d\u2019extr\u00eame droite de tenir son meeting et de cogner dur sur l\u2019immigration et l\u2019islamisme, devant plusieurs milliers de frontistes chauff\u00e9s \u00e0 blanc.<\/p>\n<p style=\"text-align: center;\"><img loading=\"lazy\" decoding=\"async\" class=\"alignnone wp-image-92299\" src=\"http:\/\/kapitalis.com\/tunisie\/wp-content\/uploads\/2017\/04\/Femen-Marine-Le-Pen.jpg\" alt=\"Deux Femen perturbent le meeting de Le Pen.\" width=\"500\" height=\"294\" \/><\/p>\n<p style=\"text-align: center;\"><em>Deux Femen perturbent le meeting de Le Pen.<\/em><\/p>\n<p>Deux militantes du mouvement Femen, dont l\u2019une \u00e9tait munie d&rsquo;un bouquet de fleurs, ont \u00e9t\u00e9 plus \u00ab<em>efficaces<\/em>\u00bb. Elles ont perturb\u00e9 tr\u00e8s bri\u00e8vement le meeting en montant sur sc\u00e8ne, des inscriptions anti-FN sur leur torse nu, avant d\u2019\u00eatre \u00e9vacu\u00e9es par le service d\u2019ordre.<\/p>\n<p>Cela n\u2019a pas emp\u00each\u00e9 <em>\u00abla Marine\u00bb<\/em> de poursuivre son discours fleuve pour proposer, pour la premi\u00e8re fois, un moratoire sur l\u2019immigration, provoquant une salve d\u2019\u00ab<em>On est chez nous !<\/em>\u00bb, \u00ab<em>La France aux Fran\u00e7ais !<\/em>\u00bb.<\/p>\n<p style=\"text-align: center;\"><img loading=\"lazy\" decoding=\"async\" class=\"alignnone wp-image-92300\" src=\"http:\/\/kapitalis.com\/tunisie\/wp-content\/uploads\/2017\/04\/Nuit-des-barricades-2.png\" alt=\"Affiche de la Nuit des Barricades.\" width=\"500\" height=\"281\" \/><\/p>\n<p style=\"text-align: center;\"><em>Affiche de la Nuit des Barricades.<\/em><\/p>\n<p><strong>\u00abNuit des barricades\u00bb<\/strong><\/p>\n<p>Mais les <em>\u00abIngouvernables\u00bb<\/em> \u2013 qui ont d\u00e9j\u00e0 lanc\u00e9 \u00ab<em>un appel national<\/em>\u00bb pour le blocage de l\u2019ensemble des lyc\u00e9es et des facult\u00e9s, jeudi et vendredi, pour protester contre la <em>\u00abmascarade pr\u00e9sidentielle\u00bb<\/em>, ont appel\u00e9 mercredi \u00e0 <em>\u00abun rassemblement samedi \u00e0 partir de 18H00 sur la place de la Bastille, d\u00e8s le soir du 1er tour\u00bb<\/em> dimanche, pour protester <em>\u00abcontre ce cirque, contre ces clowns qui pensent pouvoir nous gouverner\u00bb.<\/em><\/p>\n<p><em>\u00abReprenons la rue, reprenons la parole ! Soyons nombreux \u00e0 cette #NuitDesBarricades pour nous opposer \u00e0 la mascarade \u00e9lectorale et au chantage qu\u2019on nous imposera entre lib\u00e9ralisme d\u2019un c\u00f4t\u00e9 et fascisme de l\u2019autre<\/em>\u00bb, appellent-ils dans un communiqu\u00e9.<\/p>\n<p><em>\u00abVoter ou ne pas voter, telle n\u2019est pas la question\u00bb<\/em>, proclame un partisan.<\/p>\n<p style=\"text-align: center;\"><img loading=\"lazy\" decoding=\"async\" class=\"alignnone wp-image-92302\" src=\"http:\/\/kapitalis.com\/tunisie\/wp-content\/uploads\/2017\/04\/Nuit-des-barricades-3.jpg\" alt=\"Les anarchos mettent leur grain de sel. \" width=\"500\" height=\"375\" \/><\/p>\n<p style=\"text-align: center;\"><em>Les \u00abanarchos\u00bb mettent leur grain de sel.\u00a0<\/em><\/p>\n<p><em>\u00abRamenez de quoi construire une \u00e9norme barricade, symbolisant notre refus de rentrer dans leur jeu et notre volont\u00e9 de construire un autre monde\u00bb<\/em>, ajoutent ces <em>\u00abanarchos\u00bb<\/em>.<\/p>\n<p>Ils ont \u00e9galement discut\u00e9 \u00ab<em>collectivement<\/em>\u00bb, outre du rassemblement place de la Bastille pour construire <em>\u00abune barricade g\u00e9ante symbolisant notre opposition au processus \u00e9lectoral<\/em>\u00bb, mais aussi <em>\u00abplus globalement, de l&rsquo;entre deux-tours, du 1er mai et des autres dates\u00bb<\/em> des pr\u00e9sidentielles\u2026 qui s\u2019annoncent \u00e0 hauts risques.<\/p>\n","protected":false},"excerpt":{"rendered":"<p>Serait-ce un nouveau Mai 68, avec barricades, pav\u00e9s, cocktails Molotov, contre-charges de CRS, matraques et gaz lacrymog\u00e8ne? Par Habib Trabelsi, \u00e0 Paris<\/p>\n","protected":false},"author":8,"featured_media":92292,"comment_status":"open","ping_status":"open","sticky":false,"template":"","format":"standard","meta":{"footnotes":""},"categories":[992,997],"tags":[395,399,30172,4375],"class_list":["post-92291","post","type-post","status-publish","format-standard","has-post-thumbnail","hentry","category-a-la-une","category-politique","tag-france","tag-front-populaire","tag-marine-le-pen","tag-presidentielles"],"yoast_head":"<!-- This site is optimized with the Yoast SEO plugin v26.6 - https:\/\/yoast.com\/wordpress\/plugins\/seo\/ -->\n<title>Pr\u00e9sidentielle en France : \u00abNuit des Barricades\u00bb \u00e0 la Bastille - Kapitalis<\/title>\n<meta name=\"robots\" content=\"index, follow, max-snippet:-1, max-image-preview:large, max-video-preview:-1\" \/>\n<link rel=\"canonical\" href=\"https:\/\/kapitalis.com\/tunisie\/2017\/04\/20\/presidentielle-en-france-nuit-des-barricades-a-la-bastille\/\" \/>\n<meta property=\"og:locale\" content=\"fr_FR\" \/>\n<meta property=\"og:type\" content=\"article\" \/>\n<meta property=\"og:title\" content=\"Pr\u00e9sidentielle en France : \u00abNuit des Barricades\u00bb \u00e0 la Bastille - Kapitalis\" \/>\n<meta property=\"og:description\" content=\"Serait-ce un nouveau Mai 68, avec barricades, pav\u00e9s, cocktails Molotov, contre-charges de CRS, matraques et gaz lacrymog\u00e8ne? Par Habib Trabelsi, \u00e0 Paris\" \/>\n<meta property=\"og:url\" content=\"https:\/\/kapitalis.com\/tunisie\/2017\/04\/20\/presidentielle-en-france-nuit-des-barricades-a-la-bastille\/\" \/>\n<meta property=\"og:site_name\" content=\"Kapitalis\" \/>\n<meta property=\"article:publisher\" content=\"https:\/\/www.facebook.com\/KapitalisInfo\/\" \/>\n<meta property=\"article:published_time\" content=\"2017-04-20T06:52:08+00:00\" \/>\n<meta property=\"article:modified_time\" content=\"2017-04-20T07:07:06+00:00\" \/>\n<meta property=\"og:image\" content=\"https:\/\/kapitalis.com\/tunisie\/wp-content\/uploads\/2022\/05\/kapitalis-logo-fb.png\" \/>\n\t<meta property=\"og:image:width\" content=\"1200\" \/>\n\t<meta property=\"og:image:height\" content=\"630\" \/>\n\t<meta property=\"og:image:type\" content=\"image\/png\" \/>\n<meta name=\"author\" content=\"webmaster kapitalis\" \/>\n<meta name=\"twitter:card\" content=\"summary_large_image\" \/>\n<meta name=\"twitter:creator\" content=\"@KapitalisInfo\" \/>\n<meta name=\"twitter:site\" content=\"@KapitalisInfo\" \/>\n<meta name=\"twitter:label1\" content=\"\u00c9crit par\" \/>\n\t<meta name=\"twitter:data1\" content=\"webmaster kapitalis\" \/>\n\t<meta name=\"twitter:label2\" content=\"Dur\u00e9e de lecture estim\u00e9e\" \/>\n\t<meta name=\"twitter:data2\" content=\"3 minutes\" \/>\n<script type=\"application\/ld+json\" class=\"yoast-schema-graph\">{\"@context\":\"https:\/\/schema.org\",\"@graph\":[{\"@type\":\"Article\",\"@id\":\"https:\/\/kapitalis.com\/tunisie\/2017\/04\/20\/presidentielle-en-france-nuit-des-barricades-a-la-bastille\/#article\",\"isPartOf\":{\"@id\":\"https:\/\/kapitalis.com\/tunisie\/2017\/04\/20\/presidentielle-en-france-nuit-des-barricades-a-la-bastille\/\"},\"author\":{\"name\":\"webmaster kapitalis\",\"@id\":\"https:\/\/kapitalis.com\/tunisie\/#\/schema\/person\/d71f33a9ca44f7bad4698210b480c8e9\"},\"headline\":\"Pr\u00e9sidentielle en France : \u00abNuit des Barricades\u00bb \u00e0 la Bastille\",\"datePublished\":\"2017-04-20T06:52:08+00:00\",\"dateModified\":\"2017-04-20T07:07:06+00:00\",\"mainEntityOfPage\":{\"@id\":\"https:\/\/kapitalis.com\/tunisie\/2017\/04\/20\/presidentielle-en-france-nuit-des-barricades-a-la-bastille\/\"},\"wordCount\":687,\"commentCount\":5,\"publisher\":{\"@id\":\"https:\/\/kapitalis.com\/tunisie\/#organization\"},\"image\":{\"@id\":\"https:\/\/kapitalis.com\/tunisie\/2017\/04\/20\/presidentielle-en-france-nuit-des-barricades-a-la-bastille\/#primaryimage\"},\"thumbnailUrl\":\"\",\"keywords\":[\"France\",\"Front populaire\",\"Marine Le Pen\",\"pr\u00e9sidentielles\"],\"articleSection\":[\"A LA UNE\",\"POLITIQUE\"],\"inLanguage\":\"fr-FR\",\"potentialAction\":[{\"@type\":\"CommentAction\",\"name\":\"Comment\",\"target\":[\"https:\/\/kapitalis.com\/tunisie\/2017\/04\/20\/presidentielle-en-france-nuit-des-barricades-a-la-bastille\/#respond\"]}]},{\"@type\":\"WebPage\",\"@id\":\"https:\/\/kapitalis.com\/tunisie\/2017\/04\/20\/presidentielle-en-france-nuit-des-barricades-a-la-bastille\/\",\"url\":\"https:\/\/kapitalis.com\/tunisie\/2017\/04\/20\/presidentielle-en-france-nuit-des-barricades-a-la-bastille\/\",\"name\":\"Pr\u00e9sidentielle en France : \u00abNuit des Barricades\u00bb \u00e0 la Bastille - Kapitalis\",\"isPartOf\":{\"@id\":\"https:\/\/kapitalis.com\/tunisie\/#website\"},\"primaryImageOfPage\":{\"@id\":\"https:\/\/kapitalis.com\/tunisie\/2017\/04\/20\/presidentielle-en-france-nuit-des-barricades-a-la-bastille\/#primaryimage\"},\"image\":{\"@id\":\"https:\/\/kapitalis.com\/tunisie\/2017\/04\/20\/presidentielle-en-france-nuit-des-barricades-a-la-bastille\/#primaryimage\"},\"thumbnailUrl\":\"\",\"datePublished\":\"2017-04-20T06:52:08+00:00\",\"dateModified\":\"2017-04-20T07:07:06+00:00\",\"breadcrumb\":{\"@id\":\"https:\/\/kapitalis.com\/tunisie\/2017\/04\/20\/presidentielle-en-france-nuit-des-barricades-a-la-bastille\/#breadcrumb\"},\"inLanguage\":\"fr-FR\",\"potentialAction\":[{\"@type\":\"ReadAction\",\"target\":[\"https:\/\/kapitalis.com\/tunisie\/2017\/04\/20\/presidentielle-en-france-nuit-des-barricades-a-la-bastille\/\"]}]},{\"@type\":\"ImageObject\",\"inLanguage\":\"fr-FR\",\"@id\":\"https:\/\/kapitalis.com\/tunisie\/2017\/04\/20\/presidentielle-en-france-nuit-des-barricades-a-la-bastille\/#primaryimage\",\"url\":\"\",\"contentUrl\":\"\"},{\"@type\":\"BreadcrumbList\",\"@id\":\"https:\/\/kapitalis.com\/tunisie\/2017\/04\/20\/presidentielle-en-france-nuit-des-barricades-a-la-bastille\/#breadcrumb\",\"itemListElement\":[{\"@type\":\"ListItem\",\"position\":1,\"name\":\"Accueil\",\"item\":\"https:\/\/kapitalis.com\/tunisie\/\"},{\"@type\":\"ListItem\",\"position\":2,\"name\":\"Pr\u00e9sidentielle en France : \u00abNuit des Barricades\u00bb \u00e0 la Bastille\"}]},{\"@type\":\"WebSite\",\"@id\":\"https:\/\/kapitalis.com\/tunisie\/#website\",\"url\":\"https:\/\/kapitalis.com\/tunisie\/\",\"name\":\"Kapitalis\",\"description\":\"L&#039;actualit\u00e9 en Tunisie et dans le monde\",\"publisher\":{\"@id\":\"https:\/\/kapitalis.com\/tunisie\/#organization\"},\"potentialAction\":[{\"@type\":\"SearchAction\",\"target\":{\"@type\":\"EntryPoint\",\"urlTemplate\":\"https:\/\/kapitalis.com\/tunisie\/?s={search_term_string}\"},\"query-input\":{\"@type\":\"PropertyValueSpecification\",\"valueRequired\":true,\"valueName\":\"search_term_string\"}}],\"inLanguage\":\"fr-FR\"},{\"@type\":\"Organization\",\"@id\":\"https:\/\/kapitalis.com\/tunisie\/#organization\",\"name\":\"Kapitalis\",\"url\":\"https:\/\/kapitalis.com\/tunisie\/\",\"logo\":{\"@type\":\"ImageObject\",\"inLanguage\":\"fr-FR\",\"@id\":\"https:\/\/kapitalis.com\/tunisie\/#\/schema\/logo\/image\/\",\"url\":\"https:\/\/kapitalis.com\/tunisie\/wp-content\/uploads\/2022\/05\/Kapitalis-big-size.png\",\"contentUrl\":\"https:\/\/kapitalis.com\/tunisie\/wp-content\/uploads\/2022\/05\/Kapitalis-big-size.png\",\"width\":5000,\"height\":1500,\"caption\":\"Kapitalis\"},\"image\":{\"@id\":\"https:\/\/kapitalis.com\/tunisie\/#\/schema\/logo\/image\/\"},\"sameAs\":[\"https:\/\/www.facebook.com\/KapitalisInfo\/\",\"https:\/\/x.com\/KapitalisInfo\",\"https:\/\/www.youtube.com\/channel\/UC-yDYrHyfFBWWZaOw3FPg9Q\"]},{\"@type\":\"Person\",\"@id\":\"https:\/\/kapitalis.com\/tunisie\/#\/schema\/person\/d71f33a9ca44f7bad4698210b480c8e9\",\"name\":\"webmaster kapitalis\",\"url\":\"https:\/\/kapitalis.com\/tunisie\/author\/webmaster-kapitalis\/\"}]}<\/script>\n<!-- \/ Yoast SEO plugin. -->","yoast_head_json":{"title":"Pr\u00e9sidentielle en France : \u00abNuit des Barricades\u00bb \u00e0 la Bastille - Kapitalis","robots":{"index":"index","follow":"follow","max-snippet":"max-snippet:-1","max-image-preview":"max-image-preview:large","max-video-preview":"max-video-preview:-1"},"canonical":"https:\/\/kapitalis.com\/tunisie\/2017\/04\/20\/presidentielle-en-france-nuit-des-barricades-a-la-bastille\/","og_locale":"fr_FR","og_type":"article","og_title":"Pr\u00e9sidentielle en France : \u00abNuit des Barricades\u00bb \u00e0 la Bastille - Kapitalis","og_description":"Serait-ce un nouveau Mai 68, avec barricades, pav\u00e9s, cocktails Molotov, contre-charges de CRS, matraques et gaz lacrymog\u00e8ne? Par Habib Trabelsi, \u00e0 Paris","og_url":"https:\/\/kapitalis.com\/tunisie\/2017\/04\/20\/presidentielle-en-france-nuit-des-barricades-a-la-bastille\/","og_site_name":"Kapitalis","article_publisher":"https:\/\/www.facebook.com\/KapitalisInfo\/","article_published_time":"2017-04-20T06:52:08+00:00","article_modified_time":"2017-04-20T07:07:06+00:00","og_image":[{"width":1200,"height":630,"url":"https:\/\/kapitalis.com\/tunisie\/wp-content\/uploads\/2022\/05\/kapitalis-logo-fb.png","type":"image\/png"}],"author":"webmaster kapitalis","twitter_card":"summary_large_image","twitter_creator":"@KapitalisInfo","twitter_site":"@KapitalisInfo","twitter_misc":{"\u00c9crit par":"webmaster kapitalis","Dur\u00e9e de lecture estim\u00e9e":"3 minutes"},"schema":{"@context":"https:\/\/schema.org","@graph":[{"@type":"Article","@id":"https:\/\/kapitalis.com\/tunisie\/2017\/04\/20\/presidentielle-en-france-nuit-des-barricades-a-la-bastille\/#article","isPartOf":{"@id":"https:\/\/kapitalis.com\/tunisie\/2017\/04\/20\/presidentielle-en-france-nuit-des-barricades-a-la-bastille\/"},"author":{"name":"webmaster kapitalis","@id":"https:\/\/kapitalis.com\/tunisie\/#\/schema\/person\/d71f33a9ca44f7bad4698210b480c8e9"},"headline":"Pr\u00e9sidentielle en France : \u00abNuit des Barricades\u00bb \u00e0 la Bastille","datePublished":"2017-04-20T06:52:08+00:00","dateModified":"2017-04-20T07:07:06+00:00","mainEntityOfPage":{"@id":"https:\/\/kapitalis.com\/tunisie\/2017\/04\/20\/presidentielle-en-france-nuit-des-barricades-a-la-bastille\/"},"wordCount":687,"commentCount":5,"publisher":{"@id":"https:\/\/kapitalis.com\/tunisie\/#organization"},"image":{"@id":"https:\/\/kapitalis.com\/tunisie\/2017\/04\/20\/presidentielle-en-france-nuit-des-barricades-a-la-bastille\/#primaryimage"},"thumbnailUrl":"","keywords":["France","Front populaire","Marine Le Pen","pr\u00e9sidentielles"],"articleSection":["A LA UNE","POLITIQUE"],"inLanguage":"fr-FR","potentialAction":[{"@type":"CommentAction","name":"Comment","target":["https:\/\/kapitalis.com\/tunisie\/2017\/04\/20\/presidentielle-en-france-nuit-des-barricades-a-la-bastille\/#respond"]}]},{"@type":"WebPage","@id":"https:\/\/kapitalis.com\/tunisie\/2017\/04\/20\/presidentielle-en-france-nuit-des-barricades-a-la-bastille\/","url":"https:\/\/kapitalis.com\/tunisie\/2017\/04\/20\/presidentielle-en-france-nuit-des-barricades-a-la-bastille\/","name":"Pr\u00e9sidentielle en France : \u00abNuit des Barricades\u00bb \u00e0 la Bastille - Kapitalis","isPartOf":{"@id":"https:\/\/kapitalis.com\/tunisie\/#website"},"primaryImageOfPage":{"@id":"https:\/\/kapitalis.com\/tunisie\/2017\/04\/20\/presidentielle-en-france-nuit-des-barricades-a-la-bastille\/#primaryimage"},"image":{"@id":"https:\/\/kapitalis.com\/tunisie\/2017\/04\/20\/presidentielle-en-france-nuit-des-barricades-a-la-bastille\/#primaryimage"},"thumbnailUrl":"","datePublished":"2017-04-20T06:52:08+00:00","dateModified":"2017-04-20T07:07:06+00:00","breadcrumb":{"@id":"https:\/\/kapitalis.com\/tunisie\/2017\/04\/20\/presidentielle-en-france-nuit-des-barricades-a-la-bastille\/#breadcrumb"},"inLanguage":"fr-FR","potentialAction":[{"@type":"ReadAction","target":["https:\/\/kapitalis.com\/tunisie\/2017\/04\/20\/presidentielle-en-france-nuit-des-barricades-a-la-bastille\/"]}]},{"@type":"ImageObject","inLanguage":"fr-FR","@id":"https:\/\/kapitalis.com\/tunisie\/2017\/04\/20\/presidentielle-en-france-nuit-des-barricades-a-la-bastille\/#primaryimage","url":"","contentUrl":""},{"@type":"BreadcrumbList","@id":"https:\/\/kapitalis.com\/tunisie\/2017\/04\/20\/presidentielle-en-france-nuit-des-barricades-a-la-bastille\/#breadcrumb","itemListElement":[{"@type":"ListItem","position":1,"name":"Accueil","item":"https:\/\/kapitalis.com\/tunisie\/"},{"@type":"ListItem","position":2,"name":"Pr\u00e9sidentielle en France : \u00abNuit des Barricades\u00bb \u00e0 la Bastille"}]},{"@type":"WebSite","@id":"https:\/\/kapitalis.com\/tunisie\/#website","url":"https:\/\/kapitalis.com\/tunisie\/","name":"Kapitalis","description":"L&#039;actualit\u00e9 en Tunisie et dans le monde","publisher":{"@id":"https:\/\/kapitalis.com\/tunisie\/#organization"},"potentialAction":[{"@type":"SearchAction","target":{"@type":"EntryPoint","urlTemplate":"https:\/\/kapitalis.com\/tunisie\/?s={search_term_string}"},"query-input":{"@type":"PropertyValueSpecification","valueRequired":true,"valueName":"search_term_string"}}],"inLanguage":"fr-FR"},{"@type":"Organization","@id":"https:\/\/kapitalis.com\/tunisie\/#organization","name":"Kapitalis","url":"https:\/\/kapitalis.com\/tunisie\/","logo":{"@type":"ImageObject","inLanguage":"fr-FR","@id":"https:\/\/kapitalis.com\/tunisie\/#\/schema\/logo\/image\/","url":"https:\/\/kapitalis.com\/tunisie\/wp-content\/uploads\/2022\/05\/Kapitalis-big-size.png","contentUrl":"https:\/\/kapitalis.com\/tunisie\/wp-content\/uploads\/2022\/05\/Kapitalis-big-size.png","width":5000,"height":1500,"caption":"Kapitalis"},"image":{"@id":"https:\/\/kapitalis.com\/tunisie\/#\/schema\/logo\/image\/"},"sameAs":["https:\/\/www.facebook.com\/KapitalisInfo\/","https:\/\/x.com\/KapitalisInfo","https:\/\/www.youtube.com\/channel\/UC-yDYrHyfFBWWZaOw3FPg9Q"]},{"@type":"Person","@id":"https:\/\/kapitalis.com\/tunisie\/#\/schema\/person\/d71f33a9ca44f7bad4698210b480c8e9","name":"webmaster kapitalis","url":"https:\/\/kapitalis.com\/tunisie\/author\/webmaster-kapitalis\/"}]}},"_links":{"self":[{"href":"https:\/\/kapitalis.com\/tunisie\/wp-json\/wp\/v2\/posts\/92291","targetHints":{"allow":["GET"]}}],"collection":[{"href":"https:\/\/kapitalis.com\/tunisie\/wp-json\/wp\/v2\/posts"}],"about":[{"href":"https:\/\/kapitalis.com\/tunisie\/wp-json\/wp\/v2\/types\/post"}],"author":[{"embeddable":true,"href":"https:\/\/kapitalis.com\/tunisie\/wp-json\/wp\/v2\/users\/8"}],"replies":[{"embeddable":true,"href":"https:\/\/kapitalis.com\/tunisie\/wp-json\/wp\/v2\/comments?post=92291"}],"version-history":[{"count":0,"href":"https:\/\/kapitalis.com\/tunisie\/wp-json\/wp\/v2\/posts\/92291\/revisions"}],"wp:featuredmedia":[{"embeddable":true,"href":"https:\/\/kapitalis.com\/tunisie\/wp-json\/wp\/v2\/media\/92292"}],"wp:attachment":[{"href":"https:\/\/kapitalis.com\/tunisie\/wp-json\/wp\/v2\/media?parent=92291"}],"wp:term":[{"taxonomy":"category","embeddable":true,"href":"https:\/\/kapitalis.com\/tunisie\/wp-json\/wp\/v2\/categories?post=92291"},{"taxonomy":"post_tag","embeddable":true,"href":"https:\/\/kapitalis.com\/tunisie\/wp-json\/wp\/v2\/tags?post=92291"}],"curies":[{"name":"wp","href":"https:\/\/api.w.org\/{rel}","templated":true}]}}