{"id":92320,"date":"2017-04-20T09:51:22","date_gmt":"2017-04-20T08:51:22","guid":{"rendered":"http:\/\/kapitalis.com\/tunisie\/?p=92320"},"modified":"2017-04-20T09:55:41","modified_gmt":"2017-04-20T08:55:41","slug":"lassociation-des-magistrats-regrette-la-ratification-de-la-loi-sur-le-csm","status":"publish","type":"post","link":"https:\/\/kapitalis.com\/tunisie\/2017\/04\/20\/lassociation-des-magistrats-regrette-la-ratification-de-la-loi-sur-le-csm\/","title":{"rendered":"L\u2019Association des magistrats regrette la ratification de la loi sur le CSM"},"content":{"rendered":"<p style=\"text-align: center;\"><img loading=\"lazy\" decoding=\"async\" class=\"alignnone size-full wp-image-75559\" src=\"http:\/\/kapitalis.com\/tunisie\/wp-content\/uploads\/2016\/12\/Conseil-sup\u00e9rieur-de-la-magistrature-Carthage.jpg\" alt=\"\" width=\"626\" height=\"380\" \/><\/p>\n<p><em><strong>Une partie des magistrats regrette la ratification, jug\u00e9e h\u00e2tive, par le chef de l\u2019Etat, de l\u2019amendement de la loi organique relative au Conseil sup\u00e9rieur de la magistrature (CSM).<\/strong><\/em><\/p>\n<p><!--more--><\/p>\n<p>L\u2019Association des magistrats tunisiens (AMT) a exprim\u00e9 dans un communiqu\u00e9 rendu public hier, mercredi 19 avril 2017, <em>\u00abson profond regret et sa d\u00e9ception\u00bb<\/em>\u00a0vis-\u00e0-vis de\u00a0la d\u00e9cision prise, la veille, par le pr\u00e9sident de la r\u00e9publique Beji Ca\u00efd Essebsi, de ratifier l\u2019amendement de la loi organique n\u00b0 34 de l\u2019ann\u00e9e 2016, relative \u00e0 la cr\u00e9ation et \u00e0 l\u2019organisation du Conseil sup\u00e9rieur de la magistrature (CSM).<\/p>\n<p>Faisant valoir le fait que l\u2019Instance provisoire du contr\u00f4le de la constitutionnalit\u00e9 des lois (IPCCL) n\u2019a pas statu\u00e9 sur ces amendements, malgr\u00e9 le bien-fond\u00e9 des r\u00e9serves exprim\u00e9es \u00e0 leur encontre par 37 d\u00e9put\u00e9s de l\u2019Assembl\u00e9e des repr\u00e9sentants du peuple (ARP), le bureau de l\u2019ATM a exprim\u00e9 ses <em>\u00abcraintes s\u00e9rieuses vis-\u00e0-vis du choix d\u2019exclure les solutions pacifiques \u00e0 la crise du CSM et ce par le refus d\u2019appliquer les d\u00e9cisions du tribunal administratif prises le 27 mars 2017 et l\u2019ignorance de l\u2019initiative consensuelle des deux tiers des membres du CSM\u00bb.<\/em><\/p>\n<p>L\u2019ATM a, en outre, mis en garde contre l\u2019impact n\u00e9gatif de cette d\u00e9cision du pr\u00e9sident de la r\u00e9publique, qui va affecter la stabilit\u00e9 et la coh\u00e9sion de l\u2019institution de la magistrature, ce qui affaiblira la magistrature et portera pr\u00e9judice \u00e0 son ind\u00e9pendance.<\/p>\n<p>Des observateurs se demandent, par ailleurs, si le pr\u00e9sident Ca\u00efd Essebsi, en ratifiant de mani\u00e8re pr\u00e9cipit\u00e9e la nouvelle loi et en tentant de clore une affaire qui a assez dur\u00e9, mettant ainsi toutes les parties devant le fait accompli, n\u2019a pas, par cet acte, mis les jalons d\u2019une nouvelle crise entre les pouvoirs ex\u00e9cutif et judiciaire qui pourrait perdurer longtemps, m\u00eame apr\u00e8s la fin de son mandat pr\u00e9sidentiel.<\/p>\n<p>Ils se demandent aussi s\u2019il n\u2019aurait pas \u00e9t\u00e9 plus opportun pour le pr\u00e9sident de la r\u00e9publique d\u2019user de son statut particulier pour \u0153uvrer \u00e0 rapprocher les points de vues des diff\u00e9rentes structures repr\u00e9sentatives de la magistrature et permettre ainsi d\u2019aboutir au compromis auquel celles-ci ont \u00e9t\u00e9 incapables d\u2019aboutir par elles-m\u00eames. Cela aurait peut-\u00eatre aid\u00e9 au bon fonctionnement d\u2019un service public consid\u00e9r\u00e9 comme l\u2019un des piliers fondamentaux du r\u00e9gime d\u00e9mocratique.<\/p>\n<p style=\"text-align: right;\"><strong>Abderrazek Krimi<\/strong><\/p>\n","protected":false},"excerpt":{"rendered":"<p>Une partie des magistrats regrette la ratification, jug\u00e9e h\u00e2tive, par le chef de l\u2019Etat, de l\u2019amendement de la loi organique relative au Conseil sup\u00e9rieur de la magistrature (CSM).<\/p>\n","protected":false},"author":8,"featured_media":0,"comment_status":"open","ping_status":"open","sticky":false,"template":"","format":"standard","meta":{"footnotes":""},"categories":[997,2433],"tags":[6870,7902],"class_list":["post-92320","post","type-post","status-publish","format-standard","hentry","category-politique","category-tunisie","tag-association-des-magistrats-tunisiens","tag-conseil-superieur-de-la-magistrature"],"yoast_head":"<!-- This site is optimized with the Yoast SEO plugin v26.6 - https:\/\/yoast.com\/wordpress\/plugins\/seo\/ -->\n<title>L\u2019Association des magistrats regrette la ratification de la loi sur le CSM - Kapitalis<\/title>\n<meta name=\"robots\" content=\"index, follow, max-snippet:-1, max-image-preview:large, max-video-preview:-1\" \/>\n<link rel=\"canonical\" href=\"https:\/\/kapitalis.com\/tunisie\/2017\/04\/20\/lassociation-des-magistrats-regrette-la-ratification-de-la-loi-sur-le-csm\/\" \/>\n<meta property=\"og:locale\" content=\"fr_FR\" \/>\n<meta property=\"og:type\" content=\"article\" \/>\n<meta property=\"og:title\" content=\"L\u2019Association des magistrats regrette la ratification de la loi sur le CSM - Kapitalis\" \/>\n<meta property=\"og:description\" content=\"Une partie des magistrats regrette la ratification, jug\u00e9e h\u00e2tive, par le chef de l\u2019Etat, de l\u2019amendement de la loi organique relative au Conseil sup\u00e9rieur de la magistrature (CSM).\" \/>\n<meta property=\"og:url\" content=\"https:\/\/kapitalis.com\/tunisie\/2017\/04\/20\/lassociation-des-magistrats-regrette-la-ratification-de-la-loi-sur-le-csm\/\" \/>\n<meta property=\"og:site_name\" content=\"Kapitalis\" \/>\n<meta property=\"article:publisher\" content=\"https:\/\/www.facebook.com\/KapitalisInfo\/\" \/>\n<meta property=\"article:published_time\" content=\"2017-04-20T08:51:22+00:00\" \/>\n<meta property=\"article:modified_time\" content=\"2017-04-20T08:55:41+00:00\" \/>\n<meta property=\"og:image\" content=\"https:\/\/kapitalis.com\/tunisie\/wp-content\/uploads\/2022\/05\/kapitalis-logo-fb.png\" \/>\n\t<meta property=\"og:image:width\" content=\"1200\" \/>\n\t<meta property=\"og:image:height\" content=\"630\" \/>\n\t<meta property=\"og:image:type\" content=\"image\/png\" \/>\n<meta name=\"author\" content=\"webmaster kapitalis\" \/>\n<meta name=\"twitter:card\" content=\"summary_large_image\" \/>\n<meta name=\"twitter:creator\" content=\"@KapitalisInfo\" \/>\n<meta name=\"twitter:site\" content=\"@KapitalisInfo\" \/>\n<meta name=\"twitter:label1\" content=\"\u00c9crit par\" \/>\n\t<meta name=\"twitter:data1\" content=\"webmaster kapitalis\" \/>\n\t<meta name=\"twitter:label2\" content=\"Dur\u00e9e de lecture estim\u00e9e\" \/>\n\t<meta name=\"twitter:data2\" content=\"2 minutes\" \/>\n<script type=\"application\/ld+json\" class=\"yoast-schema-graph\">{\"@context\":\"https:\/\/schema.org\",\"@graph\":[{\"@type\":\"Article\",\"@id\":\"https:\/\/kapitalis.com\/tunisie\/2017\/04\/20\/lassociation-des-magistrats-regrette-la-ratification-de-la-loi-sur-le-csm\/#article\",\"isPartOf\":{\"@id\":\"https:\/\/kapitalis.com\/tunisie\/2017\/04\/20\/lassociation-des-magistrats-regrette-la-ratification-de-la-loi-sur-le-csm\/\"},\"author\":{\"name\":\"webmaster kapitalis\",\"@id\":\"https:\/\/kapitalis.com\/tunisie\/#\/schema\/person\/d71f33a9ca44f7bad4698210b480c8e9\"},\"headline\":\"L\u2019Association des magistrats regrette la ratification de la loi sur le CSM\",\"datePublished\":\"2017-04-20T08:51:22+00:00\",\"dateModified\":\"2017-04-20T08:55:41+00:00\",\"mainEntityOfPage\":{\"@id\":\"https:\/\/kapitalis.com\/tunisie\/2017\/04\/20\/lassociation-des-magistrats-regrette-la-ratification-de-la-loi-sur-le-csm\/\"},\"wordCount\":436,\"commentCount\":0,\"publisher\":{\"@id\":\"https:\/\/kapitalis.com\/tunisie\/#organization\"},\"keywords\":[\"association des magistrats tunisiens\",\"conseil sup\u00e9rieur de la magistrature\"],\"articleSection\":[\"POLITIQUE\",\"Tunisie\"],\"inLanguage\":\"fr-FR\",\"potentialAction\":[{\"@type\":\"CommentAction\",\"name\":\"Comment\",\"target\":[\"https:\/\/kapitalis.com\/tunisie\/2017\/04\/20\/lassociation-des-magistrats-regrette-la-ratification-de-la-loi-sur-le-csm\/#respond\"]}]},{\"@type\":\"WebPage\",\"@id\":\"https:\/\/kapitalis.com\/tunisie\/2017\/04\/20\/lassociation-des-magistrats-regrette-la-ratification-de-la-loi-sur-le-csm\/\",\"url\":\"https:\/\/kapitalis.com\/tunisie\/2017\/04\/20\/lassociation-des-magistrats-regrette-la-ratification-de-la-loi-sur-le-csm\/\",\"name\":\"L\u2019Association des magistrats regrette la ratification de la loi sur le CSM - Kapitalis\",\"isPartOf\":{\"@id\":\"https:\/\/kapitalis.com\/tunisie\/#website\"},\"datePublished\":\"2017-04-20T08:51:22+00:00\",\"dateModified\":\"2017-04-20T08:55:41+00:00\",\"breadcrumb\":{\"@id\":\"https:\/\/kapitalis.com\/tunisie\/2017\/04\/20\/lassociation-des-magistrats-regrette-la-ratification-de-la-loi-sur-le-csm\/#breadcrumb\"},\"inLanguage\":\"fr-FR\",\"potentialAction\":[{\"@type\":\"ReadAction\",\"target\":[\"https:\/\/kapitalis.com\/tunisie\/2017\/04\/20\/lassociation-des-magistrats-regrette-la-ratification-de-la-loi-sur-le-csm\/\"]}]},{\"@type\":\"BreadcrumbList\",\"@id\":\"https:\/\/kapitalis.com\/tunisie\/2017\/04\/20\/lassociation-des-magistrats-regrette-la-ratification-de-la-loi-sur-le-csm\/#breadcrumb\",\"itemListElement\":[{\"@type\":\"ListItem\",\"position\":1,\"name\":\"Accueil\",\"item\":\"https:\/\/kapitalis.com\/tunisie\/\"},{\"@type\":\"ListItem\",\"position\":2,\"name\":\"L\u2019Association des magistrats regrette la ratification de la loi sur le CSM\"}]},{\"@type\":\"WebSite\",\"@id\":\"https:\/\/kapitalis.com\/tunisie\/#website\",\"url\":\"https:\/\/kapitalis.com\/tunisie\/\",\"name\":\"Kapitalis\",\"description\":\"L&#039;actualit\u00e9 en Tunisie et dans le monde\",\"publisher\":{\"@id\":\"https:\/\/kapitalis.com\/tunisie\/#organization\"},\"potentialAction\":[{\"@type\":\"SearchAction\",\"target\":{\"@type\":\"EntryPoint\",\"urlTemplate\":\"https:\/\/kapitalis.com\/tunisie\/?s={search_term_string}\"},\"query-input\":{\"@type\":\"PropertyValueSpecification\",\"valueRequired\":true,\"valueName\":\"search_term_string\"}}],\"inLanguage\":\"fr-FR\"},{\"@type\":\"Organization\",\"@id\":\"https:\/\/kapitalis.com\/tunisie\/#organization\",\"name\":\"Kapitalis\",\"url\":\"https:\/\/kapitalis.com\/tunisie\/\",\"logo\":{\"@type\":\"ImageObject\",\"inLanguage\":\"fr-FR\",\"@id\":\"https:\/\/kapitalis.com\/tunisie\/#\/schema\/logo\/image\/\",\"url\":\"https:\/\/kapitalis.com\/tunisie\/wp-content\/uploads\/2022\/05\/Kapitalis-big-size.png\",\"contentUrl\":\"https:\/\/kapitalis.com\/tunisie\/wp-content\/uploads\/2022\/05\/Kapitalis-big-size.png\",\"width\":5000,\"height\":1500,\"caption\":\"Kapitalis\"},\"image\":{\"@id\":\"https:\/\/kapitalis.com\/tunisie\/#\/schema\/logo\/image\/\"},\"sameAs\":[\"https:\/\/www.facebook.com\/KapitalisInfo\/\",\"https:\/\/x.com\/KapitalisInfo\",\"https:\/\/www.youtube.com\/channel\/UC-yDYrHyfFBWWZaOw3FPg9Q\"]},{\"@type\":\"Person\",\"@id\":\"https:\/\/kapitalis.com\/tunisie\/#\/schema\/person\/d71f33a9ca44f7bad4698210b480c8e9\",\"name\":\"webmaster kapitalis\",\"url\":\"https:\/\/kapitalis.com\/tunisie\/author\/webmaster-kapitalis\/\"}]}<\/script>\n<!-- \/ Yoast SEO plugin. -->","yoast_head_json":{"title":"L\u2019Association des magistrats regrette la ratification de la loi sur le CSM - Kapitalis","robots":{"index":"index","follow":"follow","max-snippet":"max-snippet:-1","max-image-preview":"max-image-preview:large","max-video-preview":"max-video-preview:-1"},"canonical":"https:\/\/kapitalis.com\/tunisie\/2017\/04\/20\/lassociation-des-magistrats-regrette-la-ratification-de-la-loi-sur-le-csm\/","og_locale":"fr_FR","og_type":"article","og_title":"L\u2019Association des magistrats regrette la ratification de la loi sur le CSM - Kapitalis","og_description":"Une partie des magistrats regrette la ratification, jug\u00e9e h\u00e2tive, par le chef de l\u2019Etat, de l\u2019amendement de la loi organique relative au Conseil sup\u00e9rieur de la magistrature (CSM).","og_url":"https:\/\/kapitalis.com\/tunisie\/2017\/04\/20\/lassociation-des-magistrats-regrette-la-ratification-de-la-loi-sur-le-csm\/","og_site_name":"Kapitalis","article_publisher":"https:\/\/www.facebook.com\/KapitalisInfo\/","article_published_time":"2017-04-20T08:51:22+00:00","article_modified_time":"2017-04-20T08:55:41+00:00","og_image":[{"width":1200,"height":630,"url":"https:\/\/kapitalis.com\/tunisie\/wp-content\/uploads\/2022\/05\/kapitalis-logo-fb.png","type":"image\/png"}],"author":"webmaster kapitalis","twitter_card":"summary_large_image","twitter_creator":"@KapitalisInfo","twitter_site":"@KapitalisInfo","twitter_misc":{"\u00c9crit par":"webmaster kapitalis","Dur\u00e9e de lecture estim\u00e9e":"2 minutes"},"schema":{"@context":"https:\/\/schema.org","@graph":[{"@type":"Article","@id":"https:\/\/kapitalis.com\/tunisie\/2017\/04\/20\/lassociation-des-magistrats-regrette-la-ratification-de-la-loi-sur-le-csm\/#article","isPartOf":{"@id":"https:\/\/kapitalis.com\/tunisie\/2017\/04\/20\/lassociation-des-magistrats-regrette-la-ratification-de-la-loi-sur-le-csm\/"},"author":{"name":"webmaster kapitalis","@id":"https:\/\/kapitalis.com\/tunisie\/#\/schema\/person\/d71f33a9ca44f7bad4698210b480c8e9"},"headline":"L\u2019Association des magistrats regrette la ratification de la loi sur le CSM","datePublished":"2017-04-20T08:51:22+00:00","dateModified":"2017-04-20T08:55:41+00:00","mainEntityOfPage":{"@id":"https:\/\/kapitalis.com\/tunisie\/2017\/04\/20\/lassociation-des-magistrats-regrette-la-ratification-de-la-loi-sur-le-csm\/"},"wordCount":436,"commentCount":0,"publisher":{"@id":"https:\/\/kapitalis.com\/tunisie\/#organization"},"keywords":["association des magistrats tunisiens","conseil sup\u00e9rieur de la magistrature"],"articleSection":["POLITIQUE","Tunisie"],"inLanguage":"fr-FR","potentialAction":[{"@type":"CommentAction","name":"Comment","target":["https:\/\/kapitalis.com\/tunisie\/2017\/04\/20\/lassociation-des-magistrats-regrette-la-ratification-de-la-loi-sur-le-csm\/#respond"]}]},{"@type":"WebPage","@id":"https:\/\/kapitalis.com\/tunisie\/2017\/04\/20\/lassociation-des-magistrats-regrette-la-ratification-de-la-loi-sur-le-csm\/","url":"https:\/\/kapitalis.com\/tunisie\/2017\/04\/20\/lassociation-des-magistrats-regrette-la-ratification-de-la-loi-sur-le-csm\/","name":"L\u2019Association des magistrats regrette la ratification de la loi sur le CSM - Kapitalis","isPartOf":{"@id":"https:\/\/kapitalis.com\/tunisie\/#website"},"datePublished":"2017-04-20T08:51:22+00:00","dateModified":"2017-04-20T08:55:41+00:00","breadcrumb":{"@id":"https:\/\/kapitalis.com\/tunisie\/2017\/04\/20\/lassociation-des-magistrats-regrette-la-ratification-de-la-loi-sur-le-csm\/#breadcrumb"},"inLanguage":"fr-FR","potentialAction":[{"@type":"ReadAction","target":["https:\/\/kapitalis.com\/tunisie\/2017\/04\/20\/lassociation-des-magistrats-regrette-la-ratification-de-la-loi-sur-le-csm\/"]}]},{"@type":"BreadcrumbList","@id":"https:\/\/kapitalis.com\/tunisie\/2017\/04\/20\/lassociation-des-magistrats-regrette-la-ratification-de-la-loi-sur-le-csm\/#breadcrumb","itemListElement":[{"@type":"ListItem","position":1,"name":"Accueil","item":"https:\/\/kapitalis.com\/tunisie\/"},{"@type":"ListItem","position":2,"name":"L\u2019Association des magistrats regrette la ratification de la loi sur le CSM"}]},{"@type":"WebSite","@id":"https:\/\/kapitalis.com\/tunisie\/#website","url":"https:\/\/kapitalis.com\/tunisie\/","name":"Kapitalis","description":"L&#039;actualit\u00e9 en Tunisie et dans le monde","publisher":{"@id":"https:\/\/kapitalis.com\/tunisie\/#organization"},"potentialAction":[{"@type":"SearchAction","target":{"@type":"EntryPoint","urlTemplate":"https:\/\/kapitalis.com\/tunisie\/?s={search_term_string}"},"query-input":{"@type":"PropertyValueSpecification","valueRequired":true,"valueName":"search_term_string"}}],"inLanguage":"fr-FR"},{"@type":"Organization","@id":"https:\/\/kapitalis.com\/tunisie\/#organization","name":"Kapitalis","url":"https:\/\/kapitalis.com\/tunisie\/","logo":{"@type":"ImageObject","inLanguage":"fr-FR","@id":"https:\/\/kapitalis.com\/tunisie\/#\/schema\/logo\/image\/","url":"https:\/\/kapitalis.com\/tunisie\/wp-content\/uploads\/2022\/05\/Kapitalis-big-size.png","contentUrl":"https:\/\/kapitalis.com\/tunisie\/wp-content\/uploads\/2022\/05\/Kapitalis-big-size.png","width":5000,"height":1500,"caption":"Kapitalis"},"image":{"@id":"https:\/\/kapitalis.com\/tunisie\/#\/schema\/logo\/image\/"},"sameAs":["https:\/\/www.facebook.com\/KapitalisInfo\/","https:\/\/x.com\/KapitalisInfo","https:\/\/www.youtube.com\/channel\/UC-yDYrHyfFBWWZaOw3FPg9Q"]},{"@type":"Person","@id":"https:\/\/kapitalis.com\/tunisie\/#\/schema\/person\/d71f33a9ca44f7bad4698210b480c8e9","name":"webmaster kapitalis","url":"https:\/\/kapitalis.com\/tunisie\/author\/webmaster-kapitalis\/"}]}},"_links":{"self":[{"href":"https:\/\/kapitalis.com\/tunisie\/wp-json\/wp\/v2\/posts\/92320","targetHints":{"allow":["GET"]}}],"collection":[{"href":"https:\/\/kapitalis.com\/tunisie\/wp-json\/wp\/v2\/posts"}],"about":[{"href":"https:\/\/kapitalis.com\/tunisie\/wp-json\/wp\/v2\/types\/post"}],"author":[{"embeddable":true,"href":"https:\/\/kapitalis.com\/tunisie\/wp-json\/wp\/v2\/users\/8"}],"replies":[{"embeddable":true,"href":"https:\/\/kapitalis.com\/tunisie\/wp-json\/wp\/v2\/comments?post=92320"}],"version-history":[{"count":0,"href":"https:\/\/kapitalis.com\/tunisie\/wp-json\/wp\/v2\/posts\/92320\/revisions"}],"wp:attachment":[{"href":"https:\/\/kapitalis.com\/tunisie\/wp-json\/wp\/v2\/media?parent=92320"}],"wp:term":[{"taxonomy":"category","embeddable":true,"href":"https:\/\/kapitalis.com\/tunisie\/wp-json\/wp\/v2\/categories?post=92320"},{"taxonomy":"post_tag","embeddable":true,"href":"https:\/\/kapitalis.com\/tunisie\/wp-json\/wp\/v2\/tags?post=92320"}],"curies":[{"name":"wp","href":"https:\/\/api.w.org\/{rel}","templated":true}]}}