{"id":92418,"date":"2017-04-20T16:47:11","date_gmt":"2017-04-20T15:47:11","guid":{"rendered":"http:\/\/kapitalis.com\/tunisie\/?p=92418"},"modified":"2017-04-20T16:48:09","modified_gmt":"2017-04-20T15:48:09","slug":"shams-entendue-dans-laffaire-de-limam-homophobe-de-sfax","status":"publish","type":"post","link":"https:\/\/kapitalis.com\/tunisie\/2017\/04\/20\/shams-entendue-dans-laffaire-de-limam-homophobe-de-sfax\/","title":{"rendered":"Shams entendue dans l\u2019affaire de l\u2019imam homophobe de Sfax"},"content":{"rendered":"<p style=\"text-align: center;\"><img loading=\"lazy\" decoding=\"async\" class=\"alignnone size-full wp-image-92419\" src=\"http:\/\/kapitalis.com\/tunisie\/wp-content\/uploads\/2017\/04\/Imam-Sfax-plainte-appel-meurtre-homo.jpg\" alt=\"\" width=\"626\" height=\"380\" \/><\/p>\n<p><em><strong>L\u2019association Shams a \u00e9t\u00e9 entendue, aujourd\u2019hui, jeudi 20 avril 2017, dans le cadre de plainte qu&rsquo;elle a d\u00e9pos\u00e9e, le 1er juin 2016, contre Fathi Reba\u00ef, un imam de Sfax.<\/strong><\/em><\/p>\n<p><!--more--><\/p>\n<p>Cet imam radical a appel\u00e9 \u00e0 appliquer la charia (loi islamique) \u00e0 l&rsquo;encontre des homosexuels en les jetant du plus haut immeuble\u00a0de la ville, lors du pr\u00eache du vendredi 29 avril 2016.<\/p>\n<p>Dix mois apr\u00e8s la plainte d\u00e9pos\u00e9e par Shams, l&rsquo;organisation de d\u00e9fense des droits des\u00a0 homosexuels, la police a convoqu\u00e9 un repr\u00e9sentant de Shams qui s\u2019est rendu, ce matin, au poste de la police judiciaire d\u2019El-Menzah, \u00e0 Tunis, pour \u00eatre entendu.<\/p>\n<p>On notera que l\u2019un des policiers proc\u00e9dant \u00e0 l\u2019interrogatoire a cru interroger le repr\u00e9sentant de l\u2019association sur sa religion et son orientation sexuelle, tout en lui rappelant, au cas o\u00f9 il l&rsquo;aurait oubli\u00e9, que l\u2019homosexualit\u00e9 est \u00ab<em>haram<\/em>\u00bb (interdite par la religion)\u2026 Une police religieuse ne serait pas comport\u00e9e autrement.<\/p>\n<p>L&rsquo;imam Fathi Reba\u00ef, dont l&rsquo;appel \u00e0 la haine et au meurtre des homosexuels, aurait m\u00eame choqu\u00e9 l\u2019organisation terroriste de l&rsquo;Etat islamique (Daech), sera entendu, quant \u00e0 lui, au cours de la semaine prochaine \u00e0 Sfax.<\/p>\n<p>\u00ab<em>Nous sommes soulag\u00e9s d\u2019avoir finalement \u00e9t\u00e9 entendus apr\u00e8s tout ce temps et avons confiance en la justice pour trancher et prendre une d\u00e9cision contre cet appel \u00e0 la haine et au meurtre<\/em>\u00bb, a indiqu\u00e9, \u00e0 Kapitalis, Me Mounir Baatour, pr\u00e9sident de Shams, tout en pr\u00e9cisant que son association a formul\u00e9 une demande au minist\u00e8re fran\u00e7ais des Affaires \u00e9trang\u00e8res pour d\u00e9noncer cet imam radical et le priver de visa Schengen \u00ab<em>pour apologie du terrorisme<\/em>\u00bb.<\/p>\n<p>Selon Me Baatour, le minist\u00e8re fran\u00e7ais a r\u00e9pondu qu\u2019il attendra le verdict dans cette affaire pour se prononcer sur l\u2019interdiction de visa.<\/p>\n<p style=\"text-align: right;\"><strong>Y. N.<\/strong><\/p>\n","protected":false},"excerpt":{"rendered":"<p>L\u2019association Shams a \u00e9t\u00e9 entendue, aujourd\u2019hui, jeudi 20 avril 2017, dans le cadre de plainte qu&rsquo;elle a d\u00e9pos\u00e9e, le 1er juin 2016, contre Fathi Reba\u00ef, un imam de Sfax.<\/p>\n","protected":false},"author":6,"featured_media":92419,"comment_status":"open","ping_status":"open","sticky":false,"template":"","format":"standard","meta":{"footnotes":""},"categories":[998,2433],"tags":[4707,6286,27081,825,898],"class_list":["post-92418","post","type-post","status-publish","format-standard","has-post-thumbnail","hentry","category-societe","category-tunisie","tag-charia","tag-imam-radical","tag-mounir-baatour","tag-shams","tag-terroriste"],"yoast_head":"<!-- This site is optimized with the Yoast SEO plugin v26.6 - https:\/\/yoast.com\/wordpress\/plugins\/seo\/ -->\n<title>Shams entendue dans l\u2019affaire de l\u2019imam homophobe de Sfax - Kapitalis<\/title>\n<meta name=\"robots\" content=\"index, follow, max-snippet:-1, max-image-preview:large, max-video-preview:-1\" \/>\n<link rel=\"canonical\" href=\"https:\/\/kapitalis.com\/tunisie\/2017\/04\/20\/shams-entendue-dans-laffaire-de-limam-homophobe-de-sfax\/\" \/>\n<meta property=\"og:locale\" content=\"fr_FR\" \/>\n<meta property=\"og:type\" content=\"article\" \/>\n<meta property=\"og:title\" content=\"Shams entendue dans l\u2019affaire de l\u2019imam homophobe de Sfax - Kapitalis\" \/>\n<meta property=\"og:description\" content=\"L\u2019association Shams a \u00e9t\u00e9 entendue, aujourd\u2019hui, jeudi 20 avril 2017, dans le cadre de plainte qu&rsquo;elle a d\u00e9pos\u00e9e, le 1er juin 2016, contre Fathi Reba\u00ef, un imam de Sfax.\" \/>\n<meta property=\"og:url\" content=\"https:\/\/kapitalis.com\/tunisie\/2017\/04\/20\/shams-entendue-dans-laffaire-de-limam-homophobe-de-sfax\/\" \/>\n<meta property=\"og:site_name\" content=\"Kapitalis\" \/>\n<meta property=\"article:publisher\" content=\"https:\/\/www.facebook.com\/KapitalisInfo\/\" \/>\n<meta property=\"article:published_time\" content=\"2017-04-20T15:47:11+00:00\" \/>\n<meta property=\"article:modified_time\" content=\"2017-04-20T15:48:09+00:00\" \/>\n<meta property=\"og:image\" content=\"https:\/\/kapitalis.com\/tunisie\/wp-content\/uploads\/2022\/05\/kapitalis-logo-fb.png\" \/>\n\t<meta property=\"og:image:width\" content=\"1200\" \/>\n\t<meta property=\"og:image:height\" content=\"630\" \/>\n\t<meta property=\"og:image:type\" content=\"image\/png\" \/>\n<meta name=\"author\" content=\"Yusra NY\" \/>\n<meta name=\"twitter:card\" content=\"summary_large_image\" \/>\n<meta name=\"twitter:creator\" content=\"@KapitalisInfo\" \/>\n<meta name=\"twitter:site\" content=\"@KapitalisInfo\" \/>\n<meta name=\"twitter:label1\" content=\"\u00c9crit par\" \/>\n\t<meta name=\"twitter:data1\" content=\"Yusra NY\" \/>\n\t<meta name=\"twitter:label2\" content=\"Dur\u00e9e de lecture estim\u00e9e\" \/>\n\t<meta name=\"twitter:data2\" content=\"2 minutes\" \/>\n<script type=\"application\/ld+json\" class=\"yoast-schema-graph\">{\"@context\":\"https:\/\/schema.org\",\"@graph\":[{\"@type\":\"Article\",\"@id\":\"https:\/\/kapitalis.com\/tunisie\/2017\/04\/20\/shams-entendue-dans-laffaire-de-limam-homophobe-de-sfax\/#article\",\"isPartOf\":{\"@id\":\"https:\/\/kapitalis.com\/tunisie\/2017\/04\/20\/shams-entendue-dans-laffaire-de-limam-homophobe-de-sfax\/\"},\"author\":{\"name\":\"Yusra NY\",\"@id\":\"https:\/\/kapitalis.com\/tunisie\/#\/schema\/person\/74bbde0154d49d790a92aaeac5bc01d5\"},\"headline\":\"Shams entendue dans l\u2019affaire de l\u2019imam homophobe de Sfax\",\"datePublished\":\"2017-04-20T15:47:11+00:00\",\"dateModified\":\"2017-04-20T15:48:09+00:00\",\"mainEntityOfPage\":{\"@id\":\"https:\/\/kapitalis.com\/tunisie\/2017\/04\/20\/shams-entendue-dans-laffaire-de-limam-homophobe-de-sfax\/\"},\"wordCount\":316,\"commentCount\":1,\"publisher\":{\"@id\":\"https:\/\/kapitalis.com\/tunisie\/#organization\"},\"image\":{\"@id\":\"https:\/\/kapitalis.com\/tunisie\/2017\/04\/20\/shams-entendue-dans-laffaire-de-limam-homophobe-de-sfax\/#primaryimage\"},\"thumbnailUrl\":\"\",\"keywords\":[\"charia\",\"Imam radical\",\"Mounir Baatour\",\"Shams\",\"terroriste\"],\"articleSection\":[\"SOCIETE\",\"Tunisie\"],\"inLanguage\":\"fr-FR\",\"potentialAction\":[{\"@type\":\"CommentAction\",\"name\":\"Comment\",\"target\":[\"https:\/\/kapitalis.com\/tunisie\/2017\/04\/20\/shams-entendue-dans-laffaire-de-limam-homophobe-de-sfax\/#respond\"]}]},{\"@type\":\"WebPage\",\"@id\":\"https:\/\/kapitalis.com\/tunisie\/2017\/04\/20\/shams-entendue-dans-laffaire-de-limam-homophobe-de-sfax\/\",\"url\":\"https:\/\/kapitalis.com\/tunisie\/2017\/04\/20\/shams-entendue-dans-laffaire-de-limam-homophobe-de-sfax\/\",\"name\":\"Shams entendue dans l\u2019affaire de l\u2019imam homophobe de Sfax - Kapitalis\",\"isPartOf\":{\"@id\":\"https:\/\/kapitalis.com\/tunisie\/#website\"},\"primaryImageOfPage\":{\"@id\":\"https:\/\/kapitalis.com\/tunisie\/2017\/04\/20\/shams-entendue-dans-laffaire-de-limam-homophobe-de-sfax\/#primaryimage\"},\"image\":{\"@id\":\"https:\/\/kapitalis.com\/tunisie\/2017\/04\/20\/shams-entendue-dans-laffaire-de-limam-homophobe-de-sfax\/#primaryimage\"},\"thumbnailUrl\":\"\",\"datePublished\":\"2017-04-20T15:47:11+00:00\",\"dateModified\":\"2017-04-20T15:48:09+00:00\",\"breadcrumb\":{\"@id\":\"https:\/\/kapitalis.com\/tunisie\/2017\/04\/20\/shams-entendue-dans-laffaire-de-limam-homophobe-de-sfax\/#breadcrumb\"},\"inLanguage\":\"fr-FR\",\"potentialAction\":[{\"@type\":\"ReadAction\",\"target\":[\"https:\/\/kapitalis.com\/tunisie\/2017\/04\/20\/shams-entendue-dans-laffaire-de-limam-homophobe-de-sfax\/\"]}]},{\"@type\":\"ImageObject\",\"inLanguage\":\"fr-FR\",\"@id\":\"https:\/\/kapitalis.com\/tunisie\/2017\/04\/20\/shams-entendue-dans-laffaire-de-limam-homophobe-de-sfax\/#primaryimage\",\"url\":\"\",\"contentUrl\":\"\"},{\"@type\":\"BreadcrumbList\",\"@id\":\"https:\/\/kapitalis.com\/tunisie\/2017\/04\/20\/shams-entendue-dans-laffaire-de-limam-homophobe-de-sfax\/#breadcrumb\",\"itemListElement\":[{\"@type\":\"ListItem\",\"position\":1,\"name\":\"Accueil\",\"item\":\"https:\/\/kapitalis.com\/tunisie\/\"},{\"@type\":\"ListItem\",\"position\":2,\"name\":\"Shams entendue dans l\u2019affaire de l\u2019imam homophobe de Sfax\"}]},{\"@type\":\"WebSite\",\"@id\":\"https:\/\/kapitalis.com\/tunisie\/#website\",\"url\":\"https:\/\/kapitalis.com\/tunisie\/\",\"name\":\"Kapitalis\",\"description\":\"L&#039;actualit\u00e9 en Tunisie et dans le monde\",\"publisher\":{\"@id\":\"https:\/\/kapitalis.com\/tunisie\/#organization\"},\"potentialAction\":[{\"@type\":\"SearchAction\",\"target\":{\"@type\":\"EntryPoint\",\"urlTemplate\":\"https:\/\/kapitalis.com\/tunisie\/?s={search_term_string}\"},\"query-input\":{\"@type\":\"PropertyValueSpecification\",\"valueRequired\":true,\"valueName\":\"search_term_string\"}}],\"inLanguage\":\"fr-FR\"},{\"@type\":\"Organization\",\"@id\":\"https:\/\/kapitalis.com\/tunisie\/#organization\",\"name\":\"Kapitalis\",\"url\":\"https:\/\/kapitalis.com\/tunisie\/\",\"logo\":{\"@type\":\"ImageObject\",\"inLanguage\":\"fr-FR\",\"@id\":\"https:\/\/kapitalis.com\/tunisie\/#\/schema\/logo\/image\/\",\"url\":\"https:\/\/kapitalis.com\/tunisie\/wp-content\/uploads\/2022\/05\/Kapitalis-big-size.png\",\"contentUrl\":\"https:\/\/kapitalis.com\/tunisie\/wp-content\/uploads\/2022\/05\/Kapitalis-big-size.png\",\"width\":5000,\"height\":1500,\"caption\":\"Kapitalis\"},\"image\":{\"@id\":\"https:\/\/kapitalis.com\/tunisie\/#\/schema\/logo\/image\/\"},\"sameAs\":[\"https:\/\/www.facebook.com\/KapitalisInfo\/\",\"https:\/\/x.com\/KapitalisInfo\",\"https:\/\/www.youtube.com\/channel\/UC-yDYrHyfFBWWZaOw3FPg9Q\"]},{\"@type\":\"Person\",\"@id\":\"https:\/\/kapitalis.com\/tunisie\/#\/schema\/person\/74bbde0154d49d790a92aaeac5bc01d5\",\"name\":\"Yusra NY\",\"url\":\"https:\/\/kapitalis.com\/tunisie\/author\/yuza_adam\/\"}]}<\/script>\n<!-- \/ Yoast SEO plugin. -->","yoast_head_json":{"title":"Shams entendue dans l\u2019affaire de l\u2019imam homophobe de Sfax - Kapitalis","robots":{"index":"index","follow":"follow","max-snippet":"max-snippet:-1","max-image-preview":"max-image-preview:large","max-video-preview":"max-video-preview:-1"},"canonical":"https:\/\/kapitalis.com\/tunisie\/2017\/04\/20\/shams-entendue-dans-laffaire-de-limam-homophobe-de-sfax\/","og_locale":"fr_FR","og_type":"article","og_title":"Shams entendue dans l\u2019affaire de l\u2019imam homophobe de Sfax - Kapitalis","og_description":"L\u2019association Shams a \u00e9t\u00e9 entendue, aujourd\u2019hui, jeudi 20 avril 2017, dans le cadre de plainte qu&rsquo;elle a d\u00e9pos\u00e9e, le 1er juin 2016, contre Fathi Reba\u00ef, un imam de Sfax.","og_url":"https:\/\/kapitalis.com\/tunisie\/2017\/04\/20\/shams-entendue-dans-laffaire-de-limam-homophobe-de-sfax\/","og_site_name":"Kapitalis","article_publisher":"https:\/\/www.facebook.com\/KapitalisInfo\/","article_published_time":"2017-04-20T15:47:11+00:00","article_modified_time":"2017-04-20T15:48:09+00:00","og_image":[{"width":1200,"height":630,"url":"https:\/\/kapitalis.com\/tunisie\/wp-content\/uploads\/2022\/05\/kapitalis-logo-fb.png","type":"image\/png"}],"author":"Yusra NY","twitter_card":"summary_large_image","twitter_creator":"@KapitalisInfo","twitter_site":"@KapitalisInfo","twitter_misc":{"\u00c9crit par":"Yusra NY","Dur\u00e9e de lecture estim\u00e9e":"2 minutes"},"schema":{"@context":"https:\/\/schema.org","@graph":[{"@type":"Article","@id":"https:\/\/kapitalis.com\/tunisie\/2017\/04\/20\/shams-entendue-dans-laffaire-de-limam-homophobe-de-sfax\/#article","isPartOf":{"@id":"https:\/\/kapitalis.com\/tunisie\/2017\/04\/20\/shams-entendue-dans-laffaire-de-limam-homophobe-de-sfax\/"},"author":{"name":"Yusra NY","@id":"https:\/\/kapitalis.com\/tunisie\/#\/schema\/person\/74bbde0154d49d790a92aaeac5bc01d5"},"headline":"Shams entendue dans l\u2019affaire de l\u2019imam homophobe de Sfax","datePublished":"2017-04-20T15:47:11+00:00","dateModified":"2017-04-20T15:48:09+00:00","mainEntityOfPage":{"@id":"https:\/\/kapitalis.com\/tunisie\/2017\/04\/20\/shams-entendue-dans-laffaire-de-limam-homophobe-de-sfax\/"},"wordCount":316,"commentCount":1,"publisher":{"@id":"https:\/\/kapitalis.com\/tunisie\/#organization"},"image":{"@id":"https:\/\/kapitalis.com\/tunisie\/2017\/04\/20\/shams-entendue-dans-laffaire-de-limam-homophobe-de-sfax\/#primaryimage"},"thumbnailUrl":"","keywords":["charia","Imam radical","Mounir Baatour","Shams","terroriste"],"articleSection":["SOCIETE","Tunisie"],"inLanguage":"fr-FR","potentialAction":[{"@type":"CommentAction","name":"Comment","target":["https:\/\/kapitalis.com\/tunisie\/2017\/04\/20\/shams-entendue-dans-laffaire-de-limam-homophobe-de-sfax\/#respond"]}]},{"@type":"WebPage","@id":"https:\/\/kapitalis.com\/tunisie\/2017\/04\/20\/shams-entendue-dans-laffaire-de-limam-homophobe-de-sfax\/","url":"https:\/\/kapitalis.com\/tunisie\/2017\/04\/20\/shams-entendue-dans-laffaire-de-limam-homophobe-de-sfax\/","name":"Shams entendue dans l\u2019affaire de l\u2019imam homophobe de Sfax - Kapitalis","isPartOf":{"@id":"https:\/\/kapitalis.com\/tunisie\/#website"},"primaryImageOfPage":{"@id":"https:\/\/kapitalis.com\/tunisie\/2017\/04\/20\/shams-entendue-dans-laffaire-de-limam-homophobe-de-sfax\/#primaryimage"},"image":{"@id":"https:\/\/kapitalis.com\/tunisie\/2017\/04\/20\/shams-entendue-dans-laffaire-de-limam-homophobe-de-sfax\/#primaryimage"},"thumbnailUrl":"","datePublished":"2017-04-20T15:47:11+00:00","dateModified":"2017-04-20T15:48:09+00:00","breadcrumb":{"@id":"https:\/\/kapitalis.com\/tunisie\/2017\/04\/20\/shams-entendue-dans-laffaire-de-limam-homophobe-de-sfax\/#breadcrumb"},"inLanguage":"fr-FR","potentialAction":[{"@type":"ReadAction","target":["https:\/\/kapitalis.com\/tunisie\/2017\/04\/20\/shams-entendue-dans-laffaire-de-limam-homophobe-de-sfax\/"]}]},{"@type":"ImageObject","inLanguage":"fr-FR","@id":"https:\/\/kapitalis.com\/tunisie\/2017\/04\/20\/shams-entendue-dans-laffaire-de-limam-homophobe-de-sfax\/#primaryimage","url":"","contentUrl":""},{"@type":"BreadcrumbList","@id":"https:\/\/kapitalis.com\/tunisie\/2017\/04\/20\/shams-entendue-dans-laffaire-de-limam-homophobe-de-sfax\/#breadcrumb","itemListElement":[{"@type":"ListItem","position":1,"name":"Accueil","item":"https:\/\/kapitalis.com\/tunisie\/"},{"@type":"ListItem","position":2,"name":"Shams entendue dans l\u2019affaire de l\u2019imam homophobe de Sfax"}]},{"@type":"WebSite","@id":"https:\/\/kapitalis.com\/tunisie\/#website","url":"https:\/\/kapitalis.com\/tunisie\/","name":"Kapitalis","description":"L&#039;actualit\u00e9 en Tunisie et dans le monde","publisher":{"@id":"https:\/\/kapitalis.com\/tunisie\/#organization"},"potentialAction":[{"@type":"SearchAction","target":{"@type":"EntryPoint","urlTemplate":"https:\/\/kapitalis.com\/tunisie\/?s={search_term_string}"},"query-input":{"@type":"PropertyValueSpecification","valueRequired":true,"valueName":"search_term_string"}}],"inLanguage":"fr-FR"},{"@type":"Organization","@id":"https:\/\/kapitalis.com\/tunisie\/#organization","name":"Kapitalis","url":"https:\/\/kapitalis.com\/tunisie\/","logo":{"@type":"ImageObject","inLanguage":"fr-FR","@id":"https:\/\/kapitalis.com\/tunisie\/#\/schema\/logo\/image\/","url":"https:\/\/kapitalis.com\/tunisie\/wp-content\/uploads\/2022\/05\/Kapitalis-big-size.png","contentUrl":"https:\/\/kapitalis.com\/tunisie\/wp-content\/uploads\/2022\/05\/Kapitalis-big-size.png","width":5000,"height":1500,"caption":"Kapitalis"},"image":{"@id":"https:\/\/kapitalis.com\/tunisie\/#\/schema\/logo\/image\/"},"sameAs":["https:\/\/www.facebook.com\/KapitalisInfo\/","https:\/\/x.com\/KapitalisInfo","https:\/\/www.youtube.com\/channel\/UC-yDYrHyfFBWWZaOw3FPg9Q"]},{"@type":"Person","@id":"https:\/\/kapitalis.com\/tunisie\/#\/schema\/person\/74bbde0154d49d790a92aaeac5bc01d5","name":"Yusra NY","url":"https:\/\/kapitalis.com\/tunisie\/author\/yuza_adam\/"}]}},"_links":{"self":[{"href":"https:\/\/kapitalis.com\/tunisie\/wp-json\/wp\/v2\/posts\/92418","targetHints":{"allow":["GET"]}}],"collection":[{"href":"https:\/\/kapitalis.com\/tunisie\/wp-json\/wp\/v2\/posts"}],"about":[{"href":"https:\/\/kapitalis.com\/tunisie\/wp-json\/wp\/v2\/types\/post"}],"author":[{"embeddable":true,"href":"https:\/\/kapitalis.com\/tunisie\/wp-json\/wp\/v2\/users\/6"}],"replies":[{"embeddable":true,"href":"https:\/\/kapitalis.com\/tunisie\/wp-json\/wp\/v2\/comments?post=92418"}],"version-history":[{"count":0,"href":"https:\/\/kapitalis.com\/tunisie\/wp-json\/wp\/v2\/posts\/92418\/revisions"}],"wp:featuredmedia":[{"embeddable":true,"href":"https:\/\/kapitalis.com\/tunisie\/wp-json\/wp\/v2\/media\/92419"}],"wp:attachment":[{"href":"https:\/\/kapitalis.com\/tunisie\/wp-json\/wp\/v2\/media?parent=92418"}],"wp:term":[{"taxonomy":"category","embeddable":true,"href":"https:\/\/kapitalis.com\/tunisie\/wp-json\/wp\/v2\/categories?post=92418"},{"taxonomy":"post_tag","embeddable":true,"href":"https:\/\/kapitalis.com\/tunisie\/wp-json\/wp\/v2\/tags?post=92418"}],"curies":[{"name":"wp","href":"https:\/\/api.w.org\/{rel}","templated":true}]}}