{"id":9256098,"date":"2023-08-06T11:50:04","date_gmt":"2023-08-06T10:50:04","guid":{"rendered":"https:\/\/kapitalis.com\/tunisie\/?p=9256098"},"modified":"2023-08-06T11:50:05","modified_gmt":"2023-08-06T10:50:05","slug":"tunisie-la-baisse-du-dinar-derriere-la-hausse-de-la-facture-dimportation-de-cereales","status":"publish","type":"post","link":"https:\/\/kapitalis.com\/tunisie\/2023\/08\/06\/tunisie-la-baisse-du-dinar-derriere-la-hausse-de-la-facture-dimportation-de-cereales\/","title":{"rendered":"Tunisie\u00a0: la baisse du dinar derri\u00e8re la hausse de la facture d\u2019importation de c\u00e9r\u00e9ales"},"content":{"rendered":"\n<p><strong><em>\u00abLa politique de d\u00e9valuation du dinar tunisien, dict\u00e9e par le Fonds mon\u00e9taire international (FMI), est \u00e0 l\u2019origine de l\u2019augmentation des d\u00e9penses d\u2019<a href=\"https:\/\/kapitalis.com\/tunisie\/2023\/04\/19\/la-tunisie-doit-importer-24-millions-de-quintaux-de-cereales\/\" target=\"_blank\" rel=\"noreferrer noopener\">importation de c\u00e9r\u00e9ales<\/a>, qui a contribu\u00e9 \u00e0 la d\u00e9t\u00e9rioration de la situation financi\u00e8re de l\u2019Office des c\u00e9r\u00e9ales\u00bb<\/em>, a d\u00e9clar\u00e9 un membre de l\u2019Observatoire tunisien de l\u2019\u00e9conomie (OTE).<\/strong><\/p>\n\n\n\n<!--more-->\n\n\n\n<p><em>\u00abAlors que le dinar tunisien a \u00e9t\u00e9 d\u00e9valu\u00e9, le prix moyen du bl\u00e9 en dollars est rest\u00e9 inchang\u00e9, ce qui a favoris\u00e9 la hausse des prix en dinars\u00bb<\/em>, indique l\u2019OTE dans une note publi\u00e9e vendredi 4 ao\u00fbt 2023.<\/p>\n\n\n\n<p>Compte tenu du co\u00fbt \u00e9lev\u00e9 des c\u00e9r\u00e9ales, l\u2019\u00c9tat n\u2019a pas \u00e9t\u00e9 en mesure de verser \u00e0 temps les subventions \u00e0 l\u2019Office des c\u00e9r\u00e9ales, qui \u00e0 son tour n\u2019a pas \u00e9t\u00e9 en mesure de payer les fournisseurs.<\/p>\n\n\n\n<p>Selon l\u2019OTE, cette situation a contraint l\u2019office \u00e0 s\u2019endetter aupr\u00e8s des banques locales et des institutions financi\u00e8res internationales, rappelant que sa dette aupr\u00e8s de la Banque nationale agricole (BNA) s\u2019\u00e9levait \u00e0 2,8 milliards de DT en 2022, soit 27% des cr\u00e9dits \u00e0 la client\u00e8le de ladite banque.<\/p>\n\n\n\n<figure class=\"wp-block-embed is-type-wp-embed is-provider-kapitalis wp-block-embed-kapitalis\"><div class=\"wp-block-embed__wrapper\">\n<blockquote class=\"wp-embedded-content\" data-secret=\"Z5sEIdbnfn\"><a href=\"https:\/\/kapitalis.com\/tunisie\/2023\/04\/19\/la-tunisie-doit-importer-24-millions-de-quintaux-de-cereales\/\">La Tunisie doit importer 24 millions de quintaux de c\u00e9r\u00e9ales<\/a><\/blockquote><iframe loading=\"lazy\" class=\"wp-embedded-content\" sandbox=\"allow-scripts\" security=\"restricted\" style=\"position: absolute; clip: rect(1px, 1px, 1px, 1px);\" title=\"\u00ab\u00a0La Tunisie doit importer 24 millions de quintaux de c\u00e9r\u00e9ales\u00a0\u00bb &#8212; Kapitalis\" src=\"https:\/\/kapitalis.com\/tunisie\/2023\/04\/19\/la-tunisie-doit-importer-24-millions-de-quintaux-de-cereales\/embed\/#?secret=XBgelxteEn#?secret=Z5sEIdbnfn\" data-secret=\"Z5sEIdbnfn\" width=\"600\" height=\"338\" frameborder=\"0\" marginwidth=\"0\" marginheight=\"0\" scrolling=\"no\"><\/iframe>\n<\/div><\/figure>\n\n\n\n<p>La d\u00e9valuation du dinar tunisien, r\u00e9sultat d\u2019une politique mon\u00e9taire bas\u00e9e sur l\u2019ind\u00e9pendance de la banque centrale, a eu un impact s\u00e9rieux sur la s\u00e9curit\u00e9 alimentaire des Tunisiens.<\/p>\n\n\n\n<p>Les Tunisiens sont parmi les plus gros consommateurs de c\u00e9r\u00e9ales au monde et importent 80% de leurs besoins en bl\u00e9, selon les chiffres officiels, chiffre qui va d\u00e9passer 95% cette ann\u00e9e o\u00f9 la r\u00e9colte de bl\u00e9 dur a \u00e9t\u00e9 insignifiante en raison d\u2019une tr\u00e8s faible pluviom\u00e9trie.<\/p>\n\n\n\n<p class=\"has-text-align-right\"><strong><em>D&rsquo;apr\u00e8s Tap<\/em><\/strong><\/p>\n\n\n\n<figure class=\"wp-block-embed is-type-wp-embed is-provider-kapitalis wp-block-embed-kapitalis\"><div class=\"wp-block-embed__wrapper\">\n<blockquote class=\"wp-embedded-content\" data-secret=\"U40GJ8NTuN\"><a href=\"https:\/\/kapitalis.com\/tunisie\/2023\/03\/30\/la-tunisie-va-produire-cette-saison-5-a-6-de-ses-besoins-en-cereales\/\">La Tunisie va produire cette saison 5 \u00e0 6% de ses besoins en c\u00e9r\u00e9ales<\/a><\/blockquote><iframe loading=\"lazy\" class=\"wp-embedded-content\" sandbox=\"allow-scripts\" security=\"restricted\" style=\"position: absolute; clip: rect(1px, 1px, 1px, 1px);\" title=\"\u00ab\u00a0La Tunisie va produire cette saison 5 \u00e0 6% de ses besoins en c\u00e9r\u00e9ales\u00a0\u00bb &#8212; Kapitalis\" src=\"https:\/\/kapitalis.com\/tunisie\/2023\/03\/30\/la-tunisie-va-produire-cette-saison-5-a-6-de-ses-besoins-en-cereales\/embed\/#?secret=hKk6FcrGPA#?secret=U40GJ8NTuN\" data-secret=\"U40GJ8NTuN\" width=\"600\" height=\"338\" frameborder=\"0\" marginwidth=\"0\" marginheight=\"0\" scrolling=\"no\"><\/iframe>\n<\/div><\/figure>\n","protected":false},"excerpt":{"rendered":"<p>La baisse du dinar est \u00e0 l\u2019origine de l\u2019augmentation des d\u00e9penses d\u2019importation de c\u00e9r\u00e9ales en Tunisie. <\/p>\n","protected":false},"author":8,"featured_media":3391218,"comment_status":"open","ping_status":"open","sticky":false,"template":"","format":"standard","meta":{"footnotes":""},"categories":[995,2433],"tags":[1204,154,1203,80115,21799,62643],"class_list":["post-9256098","post","type-post","status-publish","format-standard","has-post-thumbnail","hentry","category-economie","category-tunisie","tag-ble","tag-bna","tag-cereales","tag-ote","tag-pluviometrie","tag-tunisie"],"yoast_head":"<!-- This site is optimized with the Yoast SEO plugin v26.6 - https:\/\/yoast.com\/wordpress\/plugins\/seo\/ -->\n<title>Tunisie\u00a0: la baisse du dinar derri\u00e8re la hausse de la facture d\u2019importation de c\u00e9r\u00e9ales - Kapitalis<\/title>\n<meta name=\"robots\" content=\"index, follow, max-snippet:-1, max-image-preview:large, max-video-preview:-1\" \/>\n<link rel=\"canonical\" href=\"https:\/\/kapitalis.com\/tunisie\/2023\/08\/06\/tunisie-la-baisse-du-dinar-derriere-la-hausse-de-la-facture-dimportation-de-cereales\/\" \/>\n<meta property=\"og:locale\" content=\"fr_FR\" \/>\n<meta property=\"og:type\" content=\"article\" \/>\n<meta property=\"og:title\" content=\"Tunisie\u00a0: la baisse du dinar derri\u00e8re la hausse de la facture d\u2019importation de c\u00e9r\u00e9ales - Kapitalis\" \/>\n<meta property=\"og:description\" content=\"La baisse du dinar est \u00e0 l\u2019origine de l\u2019augmentation des d\u00e9penses d\u2019importation de c\u00e9r\u00e9ales en Tunisie.\" \/>\n<meta property=\"og:url\" content=\"https:\/\/kapitalis.com\/tunisie\/2023\/08\/06\/tunisie-la-baisse-du-dinar-derriere-la-hausse-de-la-facture-dimportation-de-cereales\/\" \/>\n<meta property=\"og:site_name\" content=\"Kapitalis\" \/>\n<meta property=\"article:publisher\" content=\"https:\/\/www.facebook.com\/KapitalisInfo\/\" \/>\n<meta property=\"article:published_time\" content=\"2023-08-06T10:50:04+00:00\" \/>\n<meta property=\"article:modified_time\" content=\"2023-08-06T10:50:05+00:00\" \/>\n<meta property=\"og:image\" content=\"https:\/\/kapitalis.com\/tunisie\/wp-content\/uploads\/2022\/08\/office-des-cereales.jpg\" \/>\n\t<meta property=\"og:image:width\" content=\"1200\" \/>\n\t<meta property=\"og:image:height\" content=\"630\" \/>\n\t<meta property=\"og:image:type\" content=\"image\/jpeg\" \/>\n<meta name=\"author\" content=\"webmaster kapitalis\" \/>\n<meta name=\"twitter:card\" content=\"summary_large_image\" \/>\n<meta name=\"twitter:creator\" content=\"@KapitalisInfo\" \/>\n<meta name=\"twitter:site\" content=\"@KapitalisInfo\" \/>\n<meta name=\"twitter:label1\" content=\"\u00c9crit par\" \/>\n\t<meta name=\"twitter:data1\" content=\"webmaster kapitalis\" \/>\n\t<meta name=\"twitter:label2\" content=\"Dur\u00e9e de lecture estim\u00e9e\" \/>\n\t<meta name=\"twitter:data2\" content=\"2 minutes\" \/>\n<script type=\"application\/ld+json\" class=\"yoast-schema-graph\">{\"@context\":\"https:\/\/schema.org\",\"@graph\":[{\"@type\":\"Article\",\"@id\":\"https:\/\/kapitalis.com\/tunisie\/2023\/08\/06\/tunisie-la-baisse-du-dinar-derriere-la-hausse-de-la-facture-dimportation-de-cereales\/#article\",\"isPartOf\":{\"@id\":\"https:\/\/kapitalis.com\/tunisie\/2023\/08\/06\/tunisie-la-baisse-du-dinar-derriere-la-hausse-de-la-facture-dimportation-de-cereales\/\"},\"author\":{\"name\":\"webmaster kapitalis\",\"@id\":\"https:\/\/kapitalis.com\/tunisie\/#\/schema\/person\/d71f33a9ca44f7bad4698210b480c8e9\"},\"headline\":\"Tunisie\u00a0: la baisse du dinar derri\u00e8re la hausse de la facture d\u2019importation de c\u00e9r\u00e9ales\",\"datePublished\":\"2023-08-06T10:50:04+00:00\",\"dateModified\":\"2023-08-06T10:50:05+00:00\",\"mainEntityOfPage\":{\"@id\":\"https:\/\/kapitalis.com\/tunisie\/2023\/08\/06\/tunisie-la-baisse-du-dinar-derriere-la-hausse-de-la-facture-dimportation-de-cereales\/\"},\"wordCount\":318,\"commentCount\":0,\"publisher\":{\"@id\":\"https:\/\/kapitalis.com\/tunisie\/#organization\"},\"image\":{\"@id\":\"https:\/\/kapitalis.com\/tunisie\/2023\/08\/06\/tunisie-la-baisse-du-dinar-derriere-la-hausse-de-la-facture-dimportation-de-cereales\/#primaryimage\"},\"thumbnailUrl\":\"https:\/\/kapitalis.com\/tunisie\/wp-content\/uploads\/2022\/08\/office-des-cereales.jpg\",\"keywords\":[\"bl\u00e9\",\"BNA\",\"c\u00e9r\u00e9ales\",\"OTE\",\"pluviom\u00e9trie\",\"Tunisie\"],\"articleSection\":[\"ECONOMIE\",\"Tunisie\"],\"inLanguage\":\"fr-FR\",\"potentialAction\":[{\"@type\":\"CommentAction\",\"name\":\"Comment\",\"target\":[\"https:\/\/kapitalis.com\/tunisie\/2023\/08\/06\/tunisie-la-baisse-du-dinar-derriere-la-hausse-de-la-facture-dimportation-de-cereales\/#respond\"]}]},{\"@type\":\"WebPage\",\"@id\":\"https:\/\/kapitalis.com\/tunisie\/2023\/08\/06\/tunisie-la-baisse-du-dinar-derriere-la-hausse-de-la-facture-dimportation-de-cereales\/\",\"url\":\"https:\/\/kapitalis.com\/tunisie\/2023\/08\/06\/tunisie-la-baisse-du-dinar-derriere-la-hausse-de-la-facture-dimportation-de-cereales\/\",\"name\":\"Tunisie\u00a0: la baisse du dinar derri\u00e8re la hausse de la facture d\u2019importation de c\u00e9r\u00e9ales - Kapitalis\",\"isPartOf\":{\"@id\":\"https:\/\/kapitalis.com\/tunisie\/#website\"},\"primaryImageOfPage\":{\"@id\":\"https:\/\/kapitalis.com\/tunisie\/2023\/08\/06\/tunisie-la-baisse-du-dinar-derriere-la-hausse-de-la-facture-dimportation-de-cereales\/#primaryimage\"},\"image\":{\"@id\":\"https:\/\/kapitalis.com\/tunisie\/2023\/08\/06\/tunisie-la-baisse-du-dinar-derriere-la-hausse-de-la-facture-dimportation-de-cereales\/#primaryimage\"},\"thumbnailUrl\":\"https:\/\/kapitalis.com\/tunisie\/wp-content\/uploads\/2022\/08\/office-des-cereales.jpg\",\"datePublished\":\"2023-08-06T10:50:04+00:00\",\"dateModified\":\"2023-08-06T10:50:05+00:00\",\"breadcrumb\":{\"@id\":\"https:\/\/kapitalis.com\/tunisie\/2023\/08\/06\/tunisie-la-baisse-du-dinar-derriere-la-hausse-de-la-facture-dimportation-de-cereales\/#breadcrumb\"},\"inLanguage\":\"fr-FR\",\"potentialAction\":[{\"@type\":\"ReadAction\",\"target\":[\"https:\/\/kapitalis.com\/tunisie\/2023\/08\/06\/tunisie-la-baisse-du-dinar-derriere-la-hausse-de-la-facture-dimportation-de-cereales\/\"]}]},{\"@type\":\"ImageObject\",\"inLanguage\":\"fr-FR\",\"@id\":\"https:\/\/kapitalis.com\/tunisie\/2023\/08\/06\/tunisie-la-baisse-du-dinar-derriere-la-hausse-de-la-facture-dimportation-de-cereales\/#primaryimage\",\"url\":\"https:\/\/kapitalis.com\/tunisie\/wp-content\/uploads\/2022\/08\/office-des-cereales.jpg\",\"contentUrl\":\"https:\/\/kapitalis.com\/tunisie\/wp-content\/uploads\/2022\/08\/office-des-cereales.jpg\",\"width\":1200,\"height\":630},{\"@type\":\"BreadcrumbList\",\"@id\":\"https:\/\/kapitalis.com\/tunisie\/2023\/08\/06\/tunisie-la-baisse-du-dinar-derriere-la-hausse-de-la-facture-dimportation-de-cereales\/#breadcrumb\",\"itemListElement\":[{\"@type\":\"ListItem\",\"position\":1,\"name\":\"Accueil\",\"item\":\"https:\/\/kapitalis.com\/tunisie\/\"},{\"@type\":\"ListItem\",\"position\":2,\"name\":\"Tunisie\u00a0: la baisse du dinar derri\u00e8re la hausse de la facture d\u2019importation de c\u00e9r\u00e9ales\"}]},{\"@type\":\"WebSite\",\"@id\":\"https:\/\/kapitalis.com\/tunisie\/#website\",\"url\":\"https:\/\/kapitalis.com\/tunisie\/\",\"name\":\"Kapitalis\",\"description\":\"L&#039;actualit\u00e9 en Tunisie et dans le monde\",\"publisher\":{\"@id\":\"https:\/\/kapitalis.com\/tunisie\/#organization\"},\"potentialAction\":[{\"@type\":\"SearchAction\",\"target\":{\"@type\":\"EntryPoint\",\"urlTemplate\":\"https:\/\/kapitalis.com\/tunisie\/?s={search_term_string}\"},\"query-input\":{\"@type\":\"PropertyValueSpecification\",\"valueRequired\":true,\"valueName\":\"search_term_string\"}}],\"inLanguage\":\"fr-FR\"},{\"@type\":\"Organization\",\"@id\":\"https:\/\/kapitalis.com\/tunisie\/#organization\",\"name\":\"Kapitalis\",\"url\":\"https:\/\/kapitalis.com\/tunisie\/\",\"logo\":{\"@type\":\"ImageObject\",\"inLanguage\":\"fr-FR\",\"@id\":\"https:\/\/kapitalis.com\/tunisie\/#\/schema\/logo\/image\/\",\"url\":\"https:\/\/kapitalis.com\/tunisie\/wp-content\/uploads\/2022\/05\/Kapitalis-big-size.png\",\"contentUrl\":\"https:\/\/kapitalis.com\/tunisie\/wp-content\/uploads\/2022\/05\/Kapitalis-big-size.png\",\"width\":5000,\"height\":1500,\"caption\":\"Kapitalis\"},\"image\":{\"@id\":\"https:\/\/kapitalis.com\/tunisie\/#\/schema\/logo\/image\/\"},\"sameAs\":[\"https:\/\/www.facebook.com\/KapitalisInfo\/\",\"https:\/\/x.com\/KapitalisInfo\",\"https:\/\/www.youtube.com\/channel\/UC-yDYrHyfFBWWZaOw3FPg9Q\"]},{\"@type\":\"Person\",\"@id\":\"https:\/\/kapitalis.com\/tunisie\/#\/schema\/person\/d71f33a9ca44f7bad4698210b480c8e9\",\"name\":\"webmaster kapitalis\",\"url\":\"https:\/\/kapitalis.com\/tunisie\/author\/webmaster-kapitalis\/\"}]}<\/script>\n<!-- \/ Yoast SEO plugin. -->","yoast_head_json":{"title":"Tunisie\u00a0: la baisse du dinar derri\u00e8re la hausse de la facture d\u2019importation de c\u00e9r\u00e9ales - Kapitalis","robots":{"index":"index","follow":"follow","max-snippet":"max-snippet:-1","max-image-preview":"max-image-preview:large","max-video-preview":"max-video-preview:-1"},"canonical":"https:\/\/kapitalis.com\/tunisie\/2023\/08\/06\/tunisie-la-baisse-du-dinar-derriere-la-hausse-de-la-facture-dimportation-de-cereales\/","og_locale":"fr_FR","og_type":"article","og_title":"Tunisie\u00a0: la baisse du dinar derri\u00e8re la hausse de la facture d\u2019importation de c\u00e9r\u00e9ales - Kapitalis","og_description":"La baisse du dinar est \u00e0 l\u2019origine de l\u2019augmentation des d\u00e9penses d\u2019importation de c\u00e9r\u00e9ales en Tunisie.","og_url":"https:\/\/kapitalis.com\/tunisie\/2023\/08\/06\/tunisie-la-baisse-du-dinar-derriere-la-hausse-de-la-facture-dimportation-de-cereales\/","og_site_name":"Kapitalis","article_publisher":"https:\/\/www.facebook.com\/KapitalisInfo\/","article_published_time":"2023-08-06T10:50:04+00:00","article_modified_time":"2023-08-06T10:50:05+00:00","og_image":[{"width":1200,"height":630,"url":"https:\/\/kapitalis.com\/tunisie\/wp-content\/uploads\/2022\/08\/office-des-cereales.jpg","type":"image\/jpeg"}],"author":"webmaster kapitalis","twitter_card":"summary_large_image","twitter_creator":"@KapitalisInfo","twitter_site":"@KapitalisInfo","twitter_misc":{"\u00c9crit par":"webmaster kapitalis","Dur\u00e9e de lecture estim\u00e9e":"2 minutes"},"schema":{"@context":"https:\/\/schema.org","@graph":[{"@type":"Article","@id":"https:\/\/kapitalis.com\/tunisie\/2023\/08\/06\/tunisie-la-baisse-du-dinar-derriere-la-hausse-de-la-facture-dimportation-de-cereales\/#article","isPartOf":{"@id":"https:\/\/kapitalis.com\/tunisie\/2023\/08\/06\/tunisie-la-baisse-du-dinar-derriere-la-hausse-de-la-facture-dimportation-de-cereales\/"},"author":{"name":"webmaster kapitalis","@id":"https:\/\/kapitalis.com\/tunisie\/#\/schema\/person\/d71f33a9ca44f7bad4698210b480c8e9"},"headline":"Tunisie\u00a0: la baisse du dinar derri\u00e8re la hausse de la facture d\u2019importation de c\u00e9r\u00e9ales","datePublished":"2023-08-06T10:50:04+00:00","dateModified":"2023-08-06T10:50:05+00:00","mainEntityOfPage":{"@id":"https:\/\/kapitalis.com\/tunisie\/2023\/08\/06\/tunisie-la-baisse-du-dinar-derriere-la-hausse-de-la-facture-dimportation-de-cereales\/"},"wordCount":318,"commentCount":0,"publisher":{"@id":"https:\/\/kapitalis.com\/tunisie\/#organization"},"image":{"@id":"https:\/\/kapitalis.com\/tunisie\/2023\/08\/06\/tunisie-la-baisse-du-dinar-derriere-la-hausse-de-la-facture-dimportation-de-cereales\/#primaryimage"},"thumbnailUrl":"https:\/\/kapitalis.com\/tunisie\/wp-content\/uploads\/2022\/08\/office-des-cereales.jpg","keywords":["bl\u00e9","BNA","c\u00e9r\u00e9ales","OTE","pluviom\u00e9trie","Tunisie"],"articleSection":["ECONOMIE","Tunisie"],"inLanguage":"fr-FR","potentialAction":[{"@type":"CommentAction","name":"Comment","target":["https:\/\/kapitalis.com\/tunisie\/2023\/08\/06\/tunisie-la-baisse-du-dinar-derriere-la-hausse-de-la-facture-dimportation-de-cereales\/#respond"]}]},{"@type":"WebPage","@id":"https:\/\/kapitalis.com\/tunisie\/2023\/08\/06\/tunisie-la-baisse-du-dinar-derriere-la-hausse-de-la-facture-dimportation-de-cereales\/","url":"https:\/\/kapitalis.com\/tunisie\/2023\/08\/06\/tunisie-la-baisse-du-dinar-derriere-la-hausse-de-la-facture-dimportation-de-cereales\/","name":"Tunisie\u00a0: la baisse du dinar derri\u00e8re la hausse de la facture d\u2019importation de c\u00e9r\u00e9ales - Kapitalis","isPartOf":{"@id":"https:\/\/kapitalis.com\/tunisie\/#website"},"primaryImageOfPage":{"@id":"https:\/\/kapitalis.com\/tunisie\/2023\/08\/06\/tunisie-la-baisse-du-dinar-derriere-la-hausse-de-la-facture-dimportation-de-cereales\/#primaryimage"},"image":{"@id":"https:\/\/kapitalis.com\/tunisie\/2023\/08\/06\/tunisie-la-baisse-du-dinar-derriere-la-hausse-de-la-facture-dimportation-de-cereales\/#primaryimage"},"thumbnailUrl":"https:\/\/kapitalis.com\/tunisie\/wp-content\/uploads\/2022\/08\/office-des-cereales.jpg","datePublished":"2023-08-06T10:50:04+00:00","dateModified":"2023-08-06T10:50:05+00:00","breadcrumb":{"@id":"https:\/\/kapitalis.com\/tunisie\/2023\/08\/06\/tunisie-la-baisse-du-dinar-derriere-la-hausse-de-la-facture-dimportation-de-cereales\/#breadcrumb"},"inLanguage":"fr-FR","potentialAction":[{"@type":"ReadAction","target":["https:\/\/kapitalis.com\/tunisie\/2023\/08\/06\/tunisie-la-baisse-du-dinar-derriere-la-hausse-de-la-facture-dimportation-de-cereales\/"]}]},{"@type":"ImageObject","inLanguage":"fr-FR","@id":"https:\/\/kapitalis.com\/tunisie\/2023\/08\/06\/tunisie-la-baisse-du-dinar-derriere-la-hausse-de-la-facture-dimportation-de-cereales\/#primaryimage","url":"https:\/\/kapitalis.com\/tunisie\/wp-content\/uploads\/2022\/08\/office-des-cereales.jpg","contentUrl":"https:\/\/kapitalis.com\/tunisie\/wp-content\/uploads\/2022\/08\/office-des-cereales.jpg","width":1200,"height":630},{"@type":"BreadcrumbList","@id":"https:\/\/kapitalis.com\/tunisie\/2023\/08\/06\/tunisie-la-baisse-du-dinar-derriere-la-hausse-de-la-facture-dimportation-de-cereales\/#breadcrumb","itemListElement":[{"@type":"ListItem","position":1,"name":"Accueil","item":"https:\/\/kapitalis.com\/tunisie\/"},{"@type":"ListItem","position":2,"name":"Tunisie\u00a0: la baisse du dinar derri\u00e8re la hausse de la facture d\u2019importation de c\u00e9r\u00e9ales"}]},{"@type":"WebSite","@id":"https:\/\/kapitalis.com\/tunisie\/#website","url":"https:\/\/kapitalis.com\/tunisie\/","name":"Kapitalis","description":"L&#039;actualit\u00e9 en Tunisie et dans le monde","publisher":{"@id":"https:\/\/kapitalis.com\/tunisie\/#organization"},"potentialAction":[{"@type":"SearchAction","target":{"@type":"EntryPoint","urlTemplate":"https:\/\/kapitalis.com\/tunisie\/?s={search_term_string}"},"query-input":{"@type":"PropertyValueSpecification","valueRequired":true,"valueName":"search_term_string"}}],"inLanguage":"fr-FR"},{"@type":"Organization","@id":"https:\/\/kapitalis.com\/tunisie\/#organization","name":"Kapitalis","url":"https:\/\/kapitalis.com\/tunisie\/","logo":{"@type":"ImageObject","inLanguage":"fr-FR","@id":"https:\/\/kapitalis.com\/tunisie\/#\/schema\/logo\/image\/","url":"https:\/\/kapitalis.com\/tunisie\/wp-content\/uploads\/2022\/05\/Kapitalis-big-size.png","contentUrl":"https:\/\/kapitalis.com\/tunisie\/wp-content\/uploads\/2022\/05\/Kapitalis-big-size.png","width":5000,"height":1500,"caption":"Kapitalis"},"image":{"@id":"https:\/\/kapitalis.com\/tunisie\/#\/schema\/logo\/image\/"},"sameAs":["https:\/\/www.facebook.com\/KapitalisInfo\/","https:\/\/x.com\/KapitalisInfo","https:\/\/www.youtube.com\/channel\/UC-yDYrHyfFBWWZaOw3FPg9Q"]},{"@type":"Person","@id":"https:\/\/kapitalis.com\/tunisie\/#\/schema\/person\/d71f33a9ca44f7bad4698210b480c8e9","name":"webmaster kapitalis","url":"https:\/\/kapitalis.com\/tunisie\/author\/webmaster-kapitalis\/"}]}},"_links":{"self":[{"href":"https:\/\/kapitalis.com\/tunisie\/wp-json\/wp\/v2\/posts\/9256098","targetHints":{"allow":["GET"]}}],"collection":[{"href":"https:\/\/kapitalis.com\/tunisie\/wp-json\/wp\/v2\/posts"}],"about":[{"href":"https:\/\/kapitalis.com\/tunisie\/wp-json\/wp\/v2\/types\/post"}],"author":[{"embeddable":true,"href":"https:\/\/kapitalis.com\/tunisie\/wp-json\/wp\/v2\/users\/8"}],"replies":[{"embeddable":true,"href":"https:\/\/kapitalis.com\/tunisie\/wp-json\/wp\/v2\/comments?post=9256098"}],"version-history":[{"count":1,"href":"https:\/\/kapitalis.com\/tunisie\/wp-json\/wp\/v2\/posts\/9256098\/revisions"}],"predecessor-version":[{"id":9256187,"href":"https:\/\/kapitalis.com\/tunisie\/wp-json\/wp\/v2\/posts\/9256098\/revisions\/9256187"}],"wp:featuredmedia":[{"embeddable":true,"href":"https:\/\/kapitalis.com\/tunisie\/wp-json\/wp\/v2\/media\/3391218"}],"wp:attachment":[{"href":"https:\/\/kapitalis.com\/tunisie\/wp-json\/wp\/v2\/media?parent=9256098"}],"wp:term":[{"taxonomy":"category","embeddable":true,"href":"https:\/\/kapitalis.com\/tunisie\/wp-json\/wp\/v2\/categories?post=9256098"},{"taxonomy":"post_tag","embeddable":true,"href":"https:\/\/kapitalis.com\/tunisie\/wp-json\/wp\/v2\/tags?post=9256098"}],"curies":[{"name":"wp","href":"https:\/\/api.w.org\/{rel}","templated":true}]}}