{"id":9271367,"date":"2023-08-07T09:18:12","date_gmt":"2023-08-07T08:18:12","guid":{"rendered":"https:\/\/kapitalis.com\/tunisie\/?p=9271367"},"modified":"2023-08-07T09:18:13","modified_gmt":"2023-08-07T08:18:13","slug":"solidarite-de-la-societe-civile-tunisienne-avec-emel-mathlouhi","status":"publish","type":"post","link":"https:\/\/kapitalis.com\/tunisie\/2023\/08\/07\/solidarite-de-la-societe-civile-tunisienne-avec-emel-mathlouhi\/","title":{"rendered":"Solidarit\u00e9 de la soci\u00e9t\u00e9 civile tunisienne avec Emel Mathlouhi"},"content":{"rendered":"\n<p><strong><em>Un groupe de personnalit\u00e9s et d\u2019organisations ont publi\u00e9 la d\u00e9claration suivante en soutien \u00e0 l\u2019artiste Emel Mahtlouthi dont le concert vient d\u2019\u00eatre annul\u00e9 par le Festival de Hammamet pour des raisons. \u00abEtre contre la normalisation des relations avec Isra\u00ebl ne signifie pas le boycott des Palestiniens\u00bb, \u00e9crivent-ils. \u00a0<\/em><\/strong><\/p>\n\n\n\n<!--more-->\n\n\n\n<p>Emel Mathlouthi, artiste engag\u00e9e, est soumise depuis plusieurs jours \u00e0 une campagne syst\u00e9matique de d\u00e9nigrement, se retrouvant accus\u00e9e de trahison \u00e0 la cause palestinienne par des personnes qui ignorent tout de la r\u00e9alit\u00e9 palestinienne, de sa complexit\u00e9 en raison d\u2019un r\u00e9gime d\u2019occupation brutale ainsi que les conditions de communication d\u2019un peuple qui subit le si\u00e8ge de l\u2019occupant et des divisions internes.<\/p>\n\n\n\n<p>Cette campagne a abouti \u00e0 l\u2019annulation du concert de cette artiste au festival de Hammamet, sans que celle-ci n\u2019en soit au pr\u00e9alable inform\u00e9e, ni n\u2019ait pu fournir d\u2019\u00e9claircissements sur sa r\u00e9cente visite dans les Territoires palestiniens occup\u00e9s.<\/p>\n\n\n\n<p>Les organisations et personnalit\u00e9s soussign\u00e9es tiennent \u00e0 rappeler&nbsp;ce qui suit :<\/p>\n\n\n\n<p>&#8211; La condamnation cat\u00e9gorique, comme nous l\u2019avons toujours fait, de la politique d\u2019occupation sioniste pratiqu\u00e9e \u00e0 l\u2019encontre des Palestiniens, des meurtres, des assassinats, des emprisonnements de militants et de l\u2019usurpation de territoires par des groupes extr\u00e9mistes, sous les yeux de la s\u00e9curit\u00e9 isra\u00e9lienne et avec les encouragements des gouvernements d\u2019occupation successifs, de droite comme de gauche, violations de surcro\u00eet encourag\u00e9es par une r\u00e9alit\u00e9 arabe en crise et une communaut\u00e9 internationale h\u00e9sitante et parfois complaisante.<\/p>\n\n\n\n<p>&#8211; La tourn\u00e9e d\u2019Emel Mathlouthi dans les Territoires palestiniens occup\u00e9s n\u2019avait pas pour but ni le tourisme, ni l\u2019ouverture de bureaux commerciaux ou d\u2019ambassades, mais s\u2019est faite \u00e0 l\u2019invitation d\u2019organisations palestiniennes dans le but de donner des concerts de chansons engag\u00e9es d\u00e9fendant le droit des Palestiniens et le droit de tous les peuples \u00e0 la libert\u00e9;<\/p>\n\n\n\n<p>&#8211; La lutte contre la normalisation des relations avec Isra\u00ebl, le refus de traiter avec l\u2019entit\u00e9 sioniste usurpatrice vont de pair avec l\u2019entretien de contacts avec les Palestiniens et le d\u00e9veloppement de relations culturelles afin de faire conna\u00eetre leur juste cause et de mettre fin \u00e0 leur isolement, un isolement que l\u2019entit\u00e9 isra\u00e9lienne cherche \u00e0 toute force d\u2019imposer. Il est surprenant que certains croient que rejeter le comportement du ge\u00f4lier signifie rompre avec le prisonnier. Boycotter l\u2019entit\u00e9 usurpatrice ne signifie pas ne pas devoir communiquer avec ceux qui sont pris au pi\u00e8ge et qui voient leurs droits viol\u00e9s.<\/p>\n\n\n\n<p>&#8211; Si nous pouvons expliquer les jugements h\u00e2tifs \u00e0 l\u2019\u00e9gard d\u2019Emel Mathlouthi, en raison du manque de connaissance de la r\u00e9alit\u00e9 palestinienne et de la mani\u00e8re de communiquer avec le peuple palestinien, nous sommes pleinement conscients que certains d\u00e9magogues qui ont fait du rejet de la normalisation avec Isra\u00ebl un cheval de Troie pour faire monter les ench\u00e8res et prouver leur existence politique, sont parmi les plus grands partisans des r\u00e9gimes r\u00e9pressifs qui violent les droits de l\u2019homme et s\u2019en prennent aux libert\u00e9s individuelles et publiques.<\/p>\n\n\n\n<h2 class=\"wp-block-heading\">Premiers signataires<\/h2>\n\n\n\n<p><strong><em>Personnes:<\/em><\/strong><\/p>\n\n\n\n<p>Mourad Allal, directeur de centre de formation, d\u00e9fenseur de droits humains<\/p>\n\n\n\n<p>Tewfik Allal, militant associatif de l\u2019\u00e9migration alg\u00e9rienne en France.<\/p>\n\n\n\n<p>Khaled Abichou, retrait\u00e9<\/p>\n\n\n\n<p>Mongi Amami, syndicaliste<\/p>\n\n\n\n<p>Souhayer Belhassen, pr\u00e9sidente d\u2019honneur de la FIDH<\/p>\n\n\n\n<p>Saloua Benabda, \u00e9crivaine, professeure,<\/p>\n\n\n\n<p>Faycal Ben Abdallah, pr\u00e9sident de la FTCR<\/p>\n\n\n\n<p>Rabaa Ben Achour Abdelk\u00e9fi , universitaire<\/p>\n\n\n\n<p>Sana Ben Achour, juriste, militante f\u00e9ministe<\/p>\n\n\n\n<p>Slim Ben Arfa, militant politique et associatif<\/p>\n\n\n\n<p>Fathi Ben Haj Yahya, \u00e9crivain<\/p>\n\n\n\n<p>Monia Ben Jemai, juriste, f\u00e9ministe<\/p>\n\n\n\n<p>Hatem Ben Miled, cin\u00e9aste<\/p>\n\n\n\n<p>Pr Mohamed Salah Ben Ammar MD \u2013 MBA<\/p>\n\n\n\n<p>Hechmi Ben Frej, militant associatif et de droits humains<\/p>\n\n\n\n<p>Mohamed Bensaid, m\u00e9decin, militant de l\u2019immigration<\/p>\n\n\n\n<p>Raja Benslama, universitaire<\/p>\n\n\n\n<p>Sophie Bessis, historienne, f\u00e9ministe<\/p>\n\n\n\n<p>Raja Chamekh, f\u00e9ministe<\/p>\n\n\n\n<p>Kh\u00e9maies Chammari, ancien ambassadeur, militants des droits humains<\/p>\n\n\n\n<p>Abdelmajid Charfi, professeur \u00e9m\u00e9rite \u00e0 l\u2019universit\u00e9 de Tunis<\/p>\n\n\n\n<p>H\u00e9di Chenchabi, directeur de centre de formation, militant de l\u2019immigration<\/p>\n\n\n\n<p>Mouhieddine Cherbib, d\u00e9fenseur de droits humains<\/p>\n\n\n\n<p>Khadija Ch\u00e9rif, sociologue, militante f\u00e9ministe<\/p>\n\n\n\n<p>Alya Ch\u00e9rif Chammari, avocate, militante f\u00e9ministe<\/p>\n\n\n\n<p>Mohsen Dridi, militant de l\u2019immigration<\/p>\n\n\n\n<p>Fatma El Andoulsi, activiste des droits humains<\/p>\n\n\n\n<p>Nadia El Fani, cin\u00e9aste<\/p>\n\n\n\n<p>Faycal El Ghoul, historien, universitaire retrait\u00e9<\/p>\n\n\n\n<p>Frej Fenniche, ancien haut cadre du Haut commissariat des Nations-Unies aux droits de l\u2019homme.<\/p>\n\n\n\n<p>Wahid Ferchichi, professeur de droit, universit\u00e9 de Tunis<\/p>\n\n\n\n<p>Claudette Ferjani-Scemama, retrait\u00e9e<\/p>\n\n\n\n<p>Mohamed Ch\u00e9rif Ferjani, universitaire, islamologue, politologue<\/p>\n\n\n\n<p>Mohamed Hamrouni, militant syndical et associatif<\/p>\n\n\n\n<p>Saoussan Jaidi, f\u00e9ministes<\/p>\n\n\n\n<p>Kamel Jendoubi, ancien ministre, d\u00e9fenseur de droits humains<\/p>\n\n\n\n<p>Noureddine Jouini,&nbsp;professeur \u00e9m\u00e9rite, universit\u00e9 Sorbonne Paris Nord<\/p>\n\n\n\n<p>Mohamed Kh\u00e9nissi, pr\u00e9sident de Nachaz<\/p>\n\n\n\n<p>Mohieddine Lagha, universitaire, membre du Bureau de la LTDH<\/p>\n\n\n\n<p>Adel Ltifi, historien, militant politique<\/p>\n\n\n\n<p>Mohamed Habib Marsit, universitaire<\/p>\n\n\n\n<p>Jalel Matri, militant associatif &#8211; Gen\u00e8ve<\/p>\n\n\n\n<p>Habib Mellakh, universitaire<\/p>\n\n\n\n<p>Jamel Msallem, ancien pr\u00e9sident de la LTDH<\/p>\n\n\n\n<p>Khadija Mohsen Finan, politologue<\/p>\n\n\n\n<p>Lilia Rebai, universitaire, militante des droits humains<\/p>\n\n\n\n<p>Hamadi Redissi, universitaire, islamologue, politologue<\/p>\n\n\n\n<p>Messaoud Romdhani, d\u00e9fenseur de droits humains<\/p>\n\n\n\n<p>Rami Salhi, militant des droits humains<\/p>\n\n\n\n<p>Youssef Seddik, \u00e9crivain, philosophe<\/p>\n\n\n\n<p>Samir Taieb, ancien ministre<\/p>\n\n\n\n<p>Fathi Tlili, pr\u00e9sident de l\u2019UTIT<\/p>\n\n\n\n<p>Mokhtar Trifi, avocat, pr\u00e9sident d\u2019honneur de la LTDH<\/p>\n\n\n\n<p>Souad Triki, universitaire, f\u00e9ministe<\/p>\n\n\n\n<p>Abdallah Zniber, militant de l\u2019immigration maghr\u00e9bine<\/p>\n\n\n\n<p><strong><em>Organisations:<\/em><\/strong><\/p>\n\n\n\n<p>Comit\u00e9 pour le respect des libert\u00e9s et des droits de l\u2019Homme en<\/p>\n\n\n\n<p>Tunisie (CRLDHT)<\/p>\n\n\n\n<p>F\u00e9d\u00e9ration des Tunisiens citoyens des deux rives (FTCR)<\/p>\n\n\n\n<p>Association Beity<\/p>\n\n\n\n<p>Association Nachaz<\/p>\n\n\n\n<p>Association tunisienne pour la d\u00e9fense des valeurs universitaires<\/p>\n\n\n\n<p>(ATDVU)<\/p>\n\n\n\n<p>Collectif culture et citoyennet\u00e9 3C<\/p>\n\n\n\n<p>Association tunisienne de d\u00e9fense des libert\u00e9s individuelles&nbsp;<\/p>\n\n\n\n<p>Association Perspectives El 3amel Ettounsi.<\/p>\n\n\n\n<p>L\u2019Observatoire National pour la D\u00e9fense du Caract\u00e8re Civil de l\u2019Etat&nbsp;<\/p>\n\n\n\n<p>Mouvement Citoyen des Tunisiens en France (MCTF)<\/p>\n\n\n\n<p>Union des travailleurs immigr\u00e9s tunisiens (UTIT)<\/p>\n\n\n\n<figure class=\"wp-block-embed is-type-wp-embed is-provider-kapitalis wp-block-embed-kapitalis\"><div class=\"wp-block-embed__wrapper\">\n<blockquote class=\"wp-embedded-content\" data-secret=\"JjEVLjareh\"><a href=\"https:\/\/kapitalis.com\/tunisie\/2023\/08\/02\/hammamet-annulation-arbitraire-du-concert-demel-mathlouthi\/\">Hammamet\u00a0: \u00abannulation arbitraire\u00bb du concert d\u2019Emel Mathlouthi \u00a0<\/a><\/blockquote><iframe loading=\"lazy\" class=\"wp-embedded-content\" sandbox=\"allow-scripts\" security=\"restricted\" style=\"position: absolute; clip: rect(1px, 1px, 1px, 1px);\" title=\"\u00ab\u00a0Hammamet\u00a0: \u00abannulation arbitraire\u00bb du concert d\u2019Emel Mathlouthi \u00a0\u00a0\u00bb &#8212; Kapitalis\" src=\"https:\/\/kapitalis.com\/tunisie\/2023\/08\/02\/hammamet-annulation-arbitraire-du-concert-demel-mathlouthi\/embed\/#?secret=IEfwNWbMyD#?secret=JjEVLjareh\" data-secret=\"JjEVLjareh\" width=\"600\" height=\"338\" frameborder=\"0\" marginwidth=\"0\" marginheight=\"0\" scrolling=\"no\"><\/iframe>\n<\/div><\/figure>\n","protected":false},"excerpt":{"rendered":"<p>Une d\u00e9claration de soutien \u00e0 l\u2019artiste Emel Mahtlouthi dont le concert a \u00e9t\u00e9 annul\u00e9 injustement par le Festival de Hammamet. <\/p>\n","protected":false},"author":8,"featured_media":9271473,"comment_status":"open","ping_status":"open","sticky":false,"template":"","format":"standard","meta":{"footnotes":""},"categories":[994,2433],"tags":[110319,33829,2478,34126,90166,62643],"class_list":["post-9271367","post","type-post","status-publish","format-standard","has-post-thumbnail","hentry","category-culture","category-tunisie","tag-emel-mathlouhi","tag-festival-de-hammamet","tag-israel","tag-normalisation","tag-territoires-palestiniens","tag-tunisie"],"yoast_head":"<!-- This site is optimized with the Yoast SEO plugin v26.6 - https:\/\/yoast.com\/wordpress\/plugins\/seo\/ -->\n<title>Solidarit\u00e9 de la soci\u00e9t\u00e9 civile tunisienne avec Emel Mathlouhi - Kapitalis<\/title>\n<meta name=\"robots\" content=\"index, follow, max-snippet:-1, max-image-preview:large, max-video-preview:-1\" \/>\n<link rel=\"canonical\" href=\"https:\/\/kapitalis.com\/tunisie\/2023\/08\/07\/solidarite-de-la-societe-civile-tunisienne-avec-emel-mathlouhi\/\" \/>\n<meta property=\"og:locale\" content=\"fr_FR\" \/>\n<meta property=\"og:type\" content=\"article\" \/>\n<meta property=\"og:title\" content=\"Solidarit\u00e9 de la soci\u00e9t\u00e9 civile tunisienne avec Emel Mathlouhi - Kapitalis\" \/>\n<meta property=\"og:description\" content=\"Une d\u00e9claration de soutien \u00e0 l\u2019artiste Emel Mahtlouthi dont le concert a \u00e9t\u00e9 annul\u00e9 injustement par le Festival de Hammamet.\" \/>\n<meta property=\"og:url\" content=\"https:\/\/kapitalis.com\/tunisie\/2023\/08\/07\/solidarite-de-la-societe-civile-tunisienne-avec-emel-mathlouhi\/\" \/>\n<meta property=\"og:site_name\" content=\"Kapitalis\" \/>\n<meta property=\"article:publisher\" content=\"https:\/\/www.facebook.com\/KapitalisInfo\/\" \/>\n<meta property=\"article:published_time\" content=\"2023-08-07T08:18:12+00:00\" \/>\n<meta property=\"article:modified_time\" content=\"2023-08-07T08:18:13+00:00\" \/>\n<meta property=\"og:image\" content=\"https:\/\/kapitalis.com\/tunisie\/wp-content\/uploads\/2023\/08\/Emel-Mathlouthi.jpg\" \/>\n\t<meta property=\"og:image:width\" content=\"1200\" \/>\n\t<meta property=\"og:image:height\" content=\"630\" \/>\n\t<meta property=\"og:image:type\" content=\"image\/jpeg\" \/>\n<meta name=\"author\" content=\"webmaster kapitalis\" \/>\n<meta name=\"twitter:card\" content=\"summary_large_image\" \/>\n<meta name=\"twitter:creator\" content=\"@KapitalisInfo\" \/>\n<meta name=\"twitter:site\" content=\"@KapitalisInfo\" \/>\n<meta name=\"twitter:label1\" content=\"\u00c9crit par\" \/>\n\t<meta name=\"twitter:data1\" content=\"webmaster kapitalis\" \/>\n\t<meta name=\"twitter:label2\" content=\"Dur\u00e9e de lecture estim\u00e9e\" \/>\n\t<meta name=\"twitter:data2\" content=\"5 minutes\" \/>\n<script type=\"application\/ld+json\" class=\"yoast-schema-graph\">{\"@context\":\"https:\/\/schema.org\",\"@graph\":[{\"@type\":\"Article\",\"@id\":\"https:\/\/kapitalis.com\/tunisie\/2023\/08\/07\/solidarite-de-la-societe-civile-tunisienne-avec-emel-mathlouhi\/#article\",\"isPartOf\":{\"@id\":\"https:\/\/kapitalis.com\/tunisie\/2023\/08\/07\/solidarite-de-la-societe-civile-tunisienne-avec-emel-mathlouhi\/\"},\"author\":{\"name\":\"webmaster kapitalis\",\"@id\":\"https:\/\/kapitalis.com\/tunisie\/#\/schema\/person\/d71f33a9ca44f7bad4698210b480c8e9\"},\"headline\":\"Solidarit\u00e9 de la soci\u00e9t\u00e9 civile tunisienne avec Emel Mathlouhi\",\"datePublished\":\"2023-08-07T08:18:12+00:00\",\"dateModified\":\"2023-08-07T08:18:13+00:00\",\"mainEntityOfPage\":{\"@id\":\"https:\/\/kapitalis.com\/tunisie\/2023\/08\/07\/solidarite-de-la-societe-civile-tunisienne-avec-emel-mathlouhi\/\"},\"wordCount\":1016,\"commentCount\":0,\"publisher\":{\"@id\":\"https:\/\/kapitalis.com\/tunisie\/#organization\"},\"image\":{\"@id\":\"https:\/\/kapitalis.com\/tunisie\/2023\/08\/07\/solidarite-de-la-societe-civile-tunisienne-avec-emel-mathlouhi\/#primaryimage\"},\"thumbnailUrl\":\"https:\/\/kapitalis.com\/tunisie\/wp-content\/uploads\/2023\/08\/Emel-Mathlouthi.jpg\",\"keywords\":[\"Emel Mathlouhi\",\"Festival de Hammamet\",\"Isra\u00ebl\",\"normalisation\",\"Territoires palestiniens\",\"Tunisie\"],\"articleSection\":[\"CULTURE\",\"Tunisie\"],\"inLanguage\":\"fr-FR\",\"potentialAction\":[{\"@type\":\"CommentAction\",\"name\":\"Comment\",\"target\":[\"https:\/\/kapitalis.com\/tunisie\/2023\/08\/07\/solidarite-de-la-societe-civile-tunisienne-avec-emel-mathlouhi\/#respond\"]}]},{\"@type\":\"WebPage\",\"@id\":\"https:\/\/kapitalis.com\/tunisie\/2023\/08\/07\/solidarite-de-la-societe-civile-tunisienne-avec-emel-mathlouhi\/\",\"url\":\"https:\/\/kapitalis.com\/tunisie\/2023\/08\/07\/solidarite-de-la-societe-civile-tunisienne-avec-emel-mathlouhi\/\",\"name\":\"Solidarit\u00e9 de la soci\u00e9t\u00e9 civile tunisienne avec Emel Mathlouhi - Kapitalis\",\"isPartOf\":{\"@id\":\"https:\/\/kapitalis.com\/tunisie\/#website\"},\"primaryImageOfPage\":{\"@id\":\"https:\/\/kapitalis.com\/tunisie\/2023\/08\/07\/solidarite-de-la-societe-civile-tunisienne-avec-emel-mathlouhi\/#primaryimage\"},\"image\":{\"@id\":\"https:\/\/kapitalis.com\/tunisie\/2023\/08\/07\/solidarite-de-la-societe-civile-tunisienne-avec-emel-mathlouhi\/#primaryimage\"},\"thumbnailUrl\":\"https:\/\/kapitalis.com\/tunisie\/wp-content\/uploads\/2023\/08\/Emel-Mathlouthi.jpg\",\"datePublished\":\"2023-08-07T08:18:12+00:00\",\"dateModified\":\"2023-08-07T08:18:13+00:00\",\"breadcrumb\":{\"@id\":\"https:\/\/kapitalis.com\/tunisie\/2023\/08\/07\/solidarite-de-la-societe-civile-tunisienne-avec-emel-mathlouhi\/#breadcrumb\"},\"inLanguage\":\"fr-FR\",\"potentialAction\":[{\"@type\":\"ReadAction\",\"target\":[\"https:\/\/kapitalis.com\/tunisie\/2023\/08\/07\/solidarite-de-la-societe-civile-tunisienne-avec-emel-mathlouhi\/\"]}]},{\"@type\":\"ImageObject\",\"inLanguage\":\"fr-FR\",\"@id\":\"https:\/\/kapitalis.com\/tunisie\/2023\/08\/07\/solidarite-de-la-societe-civile-tunisienne-avec-emel-mathlouhi\/#primaryimage\",\"url\":\"https:\/\/kapitalis.com\/tunisie\/wp-content\/uploads\/2023\/08\/Emel-Mathlouthi.jpg\",\"contentUrl\":\"https:\/\/kapitalis.com\/tunisie\/wp-content\/uploads\/2023\/08\/Emel-Mathlouthi.jpg\",\"width\":1200,\"height\":630},{\"@type\":\"BreadcrumbList\",\"@id\":\"https:\/\/kapitalis.com\/tunisie\/2023\/08\/07\/solidarite-de-la-societe-civile-tunisienne-avec-emel-mathlouhi\/#breadcrumb\",\"itemListElement\":[{\"@type\":\"ListItem\",\"position\":1,\"name\":\"Accueil\",\"item\":\"https:\/\/kapitalis.com\/tunisie\/\"},{\"@type\":\"ListItem\",\"position\":2,\"name\":\"Solidarit\u00e9 de la soci\u00e9t\u00e9 civile tunisienne avec Emel Mathlouhi\"}]},{\"@type\":\"WebSite\",\"@id\":\"https:\/\/kapitalis.com\/tunisie\/#website\",\"url\":\"https:\/\/kapitalis.com\/tunisie\/\",\"name\":\"Kapitalis\",\"description\":\"L&#039;actualit\u00e9 en Tunisie et dans le monde\",\"publisher\":{\"@id\":\"https:\/\/kapitalis.com\/tunisie\/#organization\"},\"potentialAction\":[{\"@type\":\"SearchAction\",\"target\":{\"@type\":\"EntryPoint\",\"urlTemplate\":\"https:\/\/kapitalis.com\/tunisie\/?s={search_term_string}\"},\"query-input\":{\"@type\":\"PropertyValueSpecification\",\"valueRequired\":true,\"valueName\":\"search_term_string\"}}],\"inLanguage\":\"fr-FR\"},{\"@type\":\"Organization\",\"@id\":\"https:\/\/kapitalis.com\/tunisie\/#organization\",\"name\":\"Kapitalis\",\"url\":\"https:\/\/kapitalis.com\/tunisie\/\",\"logo\":{\"@type\":\"ImageObject\",\"inLanguage\":\"fr-FR\",\"@id\":\"https:\/\/kapitalis.com\/tunisie\/#\/schema\/logo\/image\/\",\"url\":\"https:\/\/kapitalis.com\/tunisie\/wp-content\/uploads\/2022\/05\/Kapitalis-big-size.png\",\"contentUrl\":\"https:\/\/kapitalis.com\/tunisie\/wp-content\/uploads\/2022\/05\/Kapitalis-big-size.png\",\"width\":5000,\"height\":1500,\"caption\":\"Kapitalis\"},\"image\":{\"@id\":\"https:\/\/kapitalis.com\/tunisie\/#\/schema\/logo\/image\/\"},\"sameAs\":[\"https:\/\/www.facebook.com\/KapitalisInfo\/\",\"https:\/\/x.com\/KapitalisInfo\",\"https:\/\/www.youtube.com\/channel\/UC-yDYrHyfFBWWZaOw3FPg9Q\"]},{\"@type\":\"Person\",\"@id\":\"https:\/\/kapitalis.com\/tunisie\/#\/schema\/person\/d71f33a9ca44f7bad4698210b480c8e9\",\"name\":\"webmaster kapitalis\",\"url\":\"https:\/\/kapitalis.com\/tunisie\/author\/webmaster-kapitalis\/\"}]}<\/script>\n<!-- \/ Yoast SEO plugin. -->","yoast_head_json":{"title":"Solidarit\u00e9 de la soci\u00e9t\u00e9 civile tunisienne avec Emel Mathlouhi - Kapitalis","robots":{"index":"index","follow":"follow","max-snippet":"max-snippet:-1","max-image-preview":"max-image-preview:large","max-video-preview":"max-video-preview:-1"},"canonical":"https:\/\/kapitalis.com\/tunisie\/2023\/08\/07\/solidarite-de-la-societe-civile-tunisienne-avec-emel-mathlouhi\/","og_locale":"fr_FR","og_type":"article","og_title":"Solidarit\u00e9 de la soci\u00e9t\u00e9 civile tunisienne avec Emel Mathlouhi - Kapitalis","og_description":"Une d\u00e9claration de soutien \u00e0 l\u2019artiste Emel Mahtlouthi dont le concert a \u00e9t\u00e9 annul\u00e9 injustement par le Festival de Hammamet.","og_url":"https:\/\/kapitalis.com\/tunisie\/2023\/08\/07\/solidarite-de-la-societe-civile-tunisienne-avec-emel-mathlouhi\/","og_site_name":"Kapitalis","article_publisher":"https:\/\/www.facebook.com\/KapitalisInfo\/","article_published_time":"2023-08-07T08:18:12+00:00","article_modified_time":"2023-08-07T08:18:13+00:00","og_image":[{"width":1200,"height":630,"url":"https:\/\/kapitalis.com\/tunisie\/wp-content\/uploads\/2023\/08\/Emel-Mathlouthi.jpg","type":"image\/jpeg"}],"author":"webmaster kapitalis","twitter_card":"summary_large_image","twitter_creator":"@KapitalisInfo","twitter_site":"@KapitalisInfo","twitter_misc":{"\u00c9crit par":"webmaster kapitalis","Dur\u00e9e de lecture estim\u00e9e":"5 minutes"},"schema":{"@context":"https:\/\/schema.org","@graph":[{"@type":"Article","@id":"https:\/\/kapitalis.com\/tunisie\/2023\/08\/07\/solidarite-de-la-societe-civile-tunisienne-avec-emel-mathlouhi\/#article","isPartOf":{"@id":"https:\/\/kapitalis.com\/tunisie\/2023\/08\/07\/solidarite-de-la-societe-civile-tunisienne-avec-emel-mathlouhi\/"},"author":{"name":"webmaster kapitalis","@id":"https:\/\/kapitalis.com\/tunisie\/#\/schema\/person\/d71f33a9ca44f7bad4698210b480c8e9"},"headline":"Solidarit\u00e9 de la soci\u00e9t\u00e9 civile tunisienne avec Emel Mathlouhi","datePublished":"2023-08-07T08:18:12+00:00","dateModified":"2023-08-07T08:18:13+00:00","mainEntityOfPage":{"@id":"https:\/\/kapitalis.com\/tunisie\/2023\/08\/07\/solidarite-de-la-societe-civile-tunisienne-avec-emel-mathlouhi\/"},"wordCount":1016,"commentCount":0,"publisher":{"@id":"https:\/\/kapitalis.com\/tunisie\/#organization"},"image":{"@id":"https:\/\/kapitalis.com\/tunisie\/2023\/08\/07\/solidarite-de-la-societe-civile-tunisienne-avec-emel-mathlouhi\/#primaryimage"},"thumbnailUrl":"https:\/\/kapitalis.com\/tunisie\/wp-content\/uploads\/2023\/08\/Emel-Mathlouthi.jpg","keywords":["Emel Mathlouhi","Festival de Hammamet","Isra\u00ebl","normalisation","Territoires palestiniens","Tunisie"],"articleSection":["CULTURE","Tunisie"],"inLanguage":"fr-FR","potentialAction":[{"@type":"CommentAction","name":"Comment","target":["https:\/\/kapitalis.com\/tunisie\/2023\/08\/07\/solidarite-de-la-societe-civile-tunisienne-avec-emel-mathlouhi\/#respond"]}]},{"@type":"WebPage","@id":"https:\/\/kapitalis.com\/tunisie\/2023\/08\/07\/solidarite-de-la-societe-civile-tunisienne-avec-emel-mathlouhi\/","url":"https:\/\/kapitalis.com\/tunisie\/2023\/08\/07\/solidarite-de-la-societe-civile-tunisienne-avec-emel-mathlouhi\/","name":"Solidarit\u00e9 de la soci\u00e9t\u00e9 civile tunisienne avec Emel Mathlouhi - Kapitalis","isPartOf":{"@id":"https:\/\/kapitalis.com\/tunisie\/#website"},"primaryImageOfPage":{"@id":"https:\/\/kapitalis.com\/tunisie\/2023\/08\/07\/solidarite-de-la-societe-civile-tunisienne-avec-emel-mathlouhi\/#primaryimage"},"image":{"@id":"https:\/\/kapitalis.com\/tunisie\/2023\/08\/07\/solidarite-de-la-societe-civile-tunisienne-avec-emel-mathlouhi\/#primaryimage"},"thumbnailUrl":"https:\/\/kapitalis.com\/tunisie\/wp-content\/uploads\/2023\/08\/Emel-Mathlouthi.jpg","datePublished":"2023-08-07T08:18:12+00:00","dateModified":"2023-08-07T08:18:13+00:00","breadcrumb":{"@id":"https:\/\/kapitalis.com\/tunisie\/2023\/08\/07\/solidarite-de-la-societe-civile-tunisienne-avec-emel-mathlouhi\/#breadcrumb"},"inLanguage":"fr-FR","potentialAction":[{"@type":"ReadAction","target":["https:\/\/kapitalis.com\/tunisie\/2023\/08\/07\/solidarite-de-la-societe-civile-tunisienne-avec-emel-mathlouhi\/"]}]},{"@type":"ImageObject","inLanguage":"fr-FR","@id":"https:\/\/kapitalis.com\/tunisie\/2023\/08\/07\/solidarite-de-la-societe-civile-tunisienne-avec-emel-mathlouhi\/#primaryimage","url":"https:\/\/kapitalis.com\/tunisie\/wp-content\/uploads\/2023\/08\/Emel-Mathlouthi.jpg","contentUrl":"https:\/\/kapitalis.com\/tunisie\/wp-content\/uploads\/2023\/08\/Emel-Mathlouthi.jpg","width":1200,"height":630},{"@type":"BreadcrumbList","@id":"https:\/\/kapitalis.com\/tunisie\/2023\/08\/07\/solidarite-de-la-societe-civile-tunisienne-avec-emel-mathlouhi\/#breadcrumb","itemListElement":[{"@type":"ListItem","position":1,"name":"Accueil","item":"https:\/\/kapitalis.com\/tunisie\/"},{"@type":"ListItem","position":2,"name":"Solidarit\u00e9 de la soci\u00e9t\u00e9 civile tunisienne avec Emel Mathlouhi"}]},{"@type":"WebSite","@id":"https:\/\/kapitalis.com\/tunisie\/#website","url":"https:\/\/kapitalis.com\/tunisie\/","name":"Kapitalis","description":"L&#039;actualit\u00e9 en Tunisie et dans le monde","publisher":{"@id":"https:\/\/kapitalis.com\/tunisie\/#organization"},"potentialAction":[{"@type":"SearchAction","target":{"@type":"EntryPoint","urlTemplate":"https:\/\/kapitalis.com\/tunisie\/?s={search_term_string}"},"query-input":{"@type":"PropertyValueSpecification","valueRequired":true,"valueName":"search_term_string"}}],"inLanguage":"fr-FR"},{"@type":"Organization","@id":"https:\/\/kapitalis.com\/tunisie\/#organization","name":"Kapitalis","url":"https:\/\/kapitalis.com\/tunisie\/","logo":{"@type":"ImageObject","inLanguage":"fr-FR","@id":"https:\/\/kapitalis.com\/tunisie\/#\/schema\/logo\/image\/","url":"https:\/\/kapitalis.com\/tunisie\/wp-content\/uploads\/2022\/05\/Kapitalis-big-size.png","contentUrl":"https:\/\/kapitalis.com\/tunisie\/wp-content\/uploads\/2022\/05\/Kapitalis-big-size.png","width":5000,"height":1500,"caption":"Kapitalis"},"image":{"@id":"https:\/\/kapitalis.com\/tunisie\/#\/schema\/logo\/image\/"},"sameAs":["https:\/\/www.facebook.com\/KapitalisInfo\/","https:\/\/x.com\/KapitalisInfo","https:\/\/www.youtube.com\/channel\/UC-yDYrHyfFBWWZaOw3FPg9Q"]},{"@type":"Person","@id":"https:\/\/kapitalis.com\/tunisie\/#\/schema\/person\/d71f33a9ca44f7bad4698210b480c8e9","name":"webmaster kapitalis","url":"https:\/\/kapitalis.com\/tunisie\/author\/webmaster-kapitalis\/"}]}},"_links":{"self":[{"href":"https:\/\/kapitalis.com\/tunisie\/wp-json\/wp\/v2\/posts\/9271367","targetHints":{"allow":["GET"]}}],"collection":[{"href":"https:\/\/kapitalis.com\/tunisie\/wp-json\/wp\/v2\/posts"}],"about":[{"href":"https:\/\/kapitalis.com\/tunisie\/wp-json\/wp\/v2\/types\/post"}],"author":[{"embeddable":true,"href":"https:\/\/kapitalis.com\/tunisie\/wp-json\/wp\/v2\/users\/8"}],"replies":[{"embeddable":true,"href":"https:\/\/kapitalis.com\/tunisie\/wp-json\/wp\/v2\/comments?post=9271367"}],"version-history":[{"count":1,"href":"https:\/\/kapitalis.com\/tunisie\/wp-json\/wp\/v2\/posts\/9271367\/revisions"}],"predecessor-version":[{"id":9271488,"href":"https:\/\/kapitalis.com\/tunisie\/wp-json\/wp\/v2\/posts\/9271367\/revisions\/9271488"}],"wp:featuredmedia":[{"embeddable":true,"href":"https:\/\/kapitalis.com\/tunisie\/wp-json\/wp\/v2\/media\/9271473"}],"wp:attachment":[{"href":"https:\/\/kapitalis.com\/tunisie\/wp-json\/wp\/v2\/media?parent=9271367"}],"wp:term":[{"taxonomy":"category","embeddable":true,"href":"https:\/\/kapitalis.com\/tunisie\/wp-json\/wp\/v2\/categories?post=9271367"},{"taxonomy":"post_tag","embeddable":true,"href":"https:\/\/kapitalis.com\/tunisie\/wp-json\/wp\/v2\/tags?post=9271367"}],"curies":[{"name":"wp","href":"https:\/\/api.w.org\/{rel}","templated":true}]}}