{"id":92797,"date":"2017-04-23T13:47:50","date_gmt":"2017-04-23T12:47:50","guid":{"rendered":"http:\/\/kapitalis.com\/tunisie\/?p=92797"},"modified":"2017-04-23T14:10:51","modified_gmt":"2017-04-23T13:10:51","slug":"chahed-caid-essebsi-et-caid-essebsi-karoui","status":"publish","type":"post","link":"https:\/\/kapitalis.com\/tunisie\/2017\/04\/23\/chahed-caid-essebsi-et-caid-essebsi-karoui\/","title":{"rendered":"Chahed &#038; Ca\u00efd Essebsi et Ca\u00efd Essebsi &#038; Karoui"},"content":{"rendered":"<p style=\"text-align: center;\"><img loading=\"lazy\" decoding=\"async\" class=\"alignnone size-full wp-image-92798\" src=\"http:\/\/kapitalis.com\/tunisie\/wp-content\/uploads\/2017\/04\/Karoui-Caid-Essebsi-Chahed.jpg\" alt=\"\" width=\"626\" height=\"380\" \/><\/p>\n<p><em><strong>Entre son prot\u00e9g\u00e9 Youssef Chahed, en tr\u00e8s grande difficult\u00e9, et son ancien ami, le galeux agitateur Nabil Karoui, B\u00e9ji Ca\u00efd Essebsi a pass\u00e9 une tr\u00e8s mauvaise semaine.<\/strong> <\/em><\/p>\n<p>Par <strong>Yassine Essid<\/strong><\/p>\n<p><!--more--><\/p>\n<p>Le pr\u00e9sident de la r\u00e9publique B\u00e9ji Ca\u00efd Essebsi a vol\u00e9 au secours de son jeune prot\u00e9g\u00e9, le chef du gouvernement Youssef Chahed, qui s\u2019est pris aux fils d\u2019une inextricable crise sociale, en intervenant aupr\u00e8s des ses amis d\u2019Ennahdha et de l\u2019Union g\u00e9n\u00e9rale tunisienne de Tunisie (UGTT) qui n\u2019avaient pourtant jamais h\u00e9sit\u00e9 de r\u00e9chauffer l\u2019ambiance sociale: semant les troubles, fomentant les conflits, encourageant les protestataires tout en feignant une r\u00e9probation mesur\u00e9e bien que, dans le fond, les \u00e9v\u00e9nements actuels s\u2019av\u00e8rent parfaitement conformes \u00e0 leurs inclinations.<\/p>\n<p><strong>Un emballage o\u00f9 il n\u2019y a rien dedans <\/strong><\/p>\n<p>La prestation t\u00e9l\u00e9vis\u00e9e du chef de gouvernement, ou plut\u00f4t l\u2019\u00e9preuve orale, n\u2019a pas frapp\u00e9 les esprits. Et c\u2019est le moins que l\u2019on puisse dire. Elle n\u2019avait m\u00eame pas de raison d\u2019\u00eatre. Un tel \u00e9v\u00e9nement doit \u00eatre motiv\u00e9 par des \u00e9v\u00e9nements consid\u00e9rables ou suscit\u00e9 par l\u2019annonce de d\u00e9cisions majeures qui m\u00e9ritent d\u2019\u00eatre r\u00e9v\u00e9l\u00e9es au public parce qu\u2019ils sont un impact direct sur ses conditions de vie : alerter l\u2019opinion sur un prochain stress hydrique, lui annoncer une hausse exceptionnelle des prix des fruits et des l\u00e9gumes, une baisse drastique autant qu\u2019in\u00e9vitable du taux de change de la monnaie nationale, ou l\u2019intention du gouvernement de d\u00e9ployer des moyens drastiques pour imposer l\u2019\u00e9quit\u00e9 fiscale. Il pourrait m\u00eame aller jusqu\u2019\u00e0 se substituer au pr\u00e9sident de la r\u00e9publique et commandant en chef des arm\u00e9es pour d\u00e9cr\u00e9ter l\u2019\u00e9tat d\u2019urgence. Or, celui-ci n\u2019a pas cess\u00e9 d\u2019\u00eatre en vigueur sans pourtant changer d\u2019un iota notre vie quotidienne, ni emp\u00each\u00e9 les gens de se rassembler, de manifester et, \u00e0 l\u2019occasion, de vandaliser des b\u00e2timents publics ou d\u2019attaquer des force de l\u2019ordre.<\/p>\n<p style=\"text-align: center;\"><img loading=\"lazy\" decoding=\"async\" class=\"alignnone wp-image-91982\" src=\"http:\/\/kapitalis.com\/tunisie\/wp-content\/uploads\/2017\/04\/Youssef-Chahed-et-Beji-Caid-Essebsi.jpg\" alt=\"Youssef Chahed re\u00e7u par B\u00e9ji Ca\u00efd Essebsi\" width=\"500\" height=\"304\" \/><\/p>\n<p style=\"text-align: center;\"><em>B\u00e9ji Ca\u00efd Essebsi vole au secours de son jeune prot\u00e9g\u00e9, Youssef Chahed.<\/em><\/p>\n<p>Si M. Chahed s\u2019est montr\u00e9 si peu volubile dans ce d\u00e9bat, c\u2019est d\u2019abord parce qu\u2019il est, autant nous d\u2019ailleurs, au milieu du plus grand d\u00e9sarroi: mat\u00e9riel, financier, politique et social. Parce qu\u2019il lui manque ensuite la plus \u00e9l\u00e9mentaire p\u00e9dagogie, celle-l\u00e0 m\u00eame qui est n\u00e9cessaire pour faire partager sans ambages avec l\u2019opinion un diagnostic sur la gravit\u00e9 de la situation afin que chacun comprenne le tumulte que nous vivons et les sacrifices qu\u2019il r\u00e9clame.<\/p>\n<p>La m\u00e9thode \u00e9tait en effet trop scolaire et le d\u00e9cor, banal, ne favorisait gu\u00e8re les \u00e9changes d\u2019id\u00e9es.<\/p>\n<p>Trois examinateurs, qui posent et anticipent les r\u00e9ponses \u00e0 leurs questions, affrontaient un candidat qui semblait venu pour passer un examen d&#8217;embauche. En \u00e9coutant parler le Premier ministre, on avait du mal \u00e0 mettre son visage de c\u00f4t\u00e9, ses lunettes, sa cravate, ses cheveux et son port de t\u00eate altier. A faire fi de ses mimiques, ses temps de silence, l\u2019impatience de ses mains, le mot qu\u2019il va oublier, le moment o\u00f9 il se demande ce qu\u2019il va dire.<\/p>\n<p>Or, on ne l\u2019a pas entendu donner simplement, et en langage qui ne soit pas coup\u00e9 des r\u00e9alit\u00e9s, des r\u00e9ponses exemplaires et satisfaisantes qui viendraient appuyer l\u2019apparence et l\u2019allure de celui qui r\u00e9pond. Ainsi, faute de nous int\u00e9resser \u00e0 ce qu\u2019il dit, l\u2019\u00e9couter avec gravit\u00e9 analyser la situation sociale et \u00e9conomique, il devenait tout d\u2019un coup inaudible car il n\u2019y a plus aucun accord entre le visage et les propos.<\/p>\n<p>Youssef Chahed ignore que les r\u00e9solutions exprim\u00e9es ne durent qu\u2019un temps. Celles, si bien grav\u00e9es sur son visage lors de son discours d\u2019investiture, n\u2019ont abouti \u00e0 rien. Elles n\u2019ont pas chang\u00e9 grand-chose \u00e0 la situation financi\u00e8re de l\u2019Etat et la r\u00e9alit\u00e9 de l\u2019environnement \u00e9conomique et social du pays malgr\u00e9 toutes les promesses, les engagements et les campagnes pour \u00e9radiquer ceci ou r\u00e9aliser cela.<\/p>\n<p style=\"text-align: center;\"><img loading=\"lazy\" decoding=\"async\" class=\"alignnone wp-image-92801\" src=\"http:\/\/kapitalis.com\/tunisie\/wp-content\/uploads\/2017\/04\/Chahed-Entretien-TV.jpg\" alt=\"Entretien Chahed\" width=\"500\" height=\"240\" \/><\/p>\n<p style=\"text-align: center;\"><em>La prestation t\u00e9l\u00e9vis\u00e9e du chef de gouvernement n\u2019a pas frapp\u00e9 les esprits. <\/em><\/p>\n<p>Cet entretien mythologique, cette fable truff\u00e9e de probl\u00e9matiques pr\u00e9fabriqu\u00e9es, rend incompr\u00e9hensible toute mesure qui vient les contrarier. D\u2019o\u00f9 ce d\u00e9calage permanent entre le discours et la r\u00e9alit\u00e9.<\/p>\n<p>Les gens, parce qu\u2019ils sont d\u00e9courag\u00e9s, souvent d\u00e9sesp\u00e9r\u00e9s, ne s\u2019attendent pas toujours dans ces cas-l\u00e0 \u00e0 \u00e9couter quelqu\u2019un leur expliquer comment on doit se conduire pour \u00e9viter le pire, mais \u00e0 des r\u00e9solutions fermes et responsables. Il ne suffit pas d\u2019exposer la situation g\u00e9n\u00e9rale dans le pays, les protestations sociales, au besoin les condamner, sans comprendre que, pour qu\u2019une agitation reste en mouvement, il faut que quelque chose d\u2019insupportable continue de la d\u00e9manger, jour et nuit. M. Chahed ne r\u00e9fl\u00e9chit pas. Donc forc\u00e9ment son discours ne peut qu\u2019\u00eatre confus, au mieux creux. Autrement dit juste un emballage o\u00f9 il n\u2019y a rien dedans.<\/p>\n<p><strong>Rejeter la faute sur les autres<\/strong><\/p>\n<p>Par ailleurs, c\u2019est une triste chose que de refuser d\u2019assumer les faits et d\u2019\u00eatre r\u00e9duit \u00e0 rejeter la faute sur les autres. C\u2019est une pratique famili\u00e8re que nous retrouvons souvent dans la vie politique des Fran\u00e7ais. Sauf que le clivage droite-gauche structure leur vie politique depuis plus de deux si\u00e8cles, organisant positionnements et repr\u00e9sentations \u00e0 travers ses dimensions politiques, sociologiques et id\u00e9ologiques.<\/p>\n<p>Or, hormis les d\u00e9convenues de l\u2019\u00e9pisode de la \u00ab<em>tro\u00efka<\/em>\u00bb, l\u2019ancienne coalition gouvernementale conduite par le parti islamiste Ennahdha, largement mis \u00e0 contribution par leurs successeurs, il est temps de cesser de prof\u00e9rer un aveu d\u2019\u00e9chec et d\u2019impuissance sur la base du solde n\u00e9gatif de ses pr\u00e9d\u00e9cesseurs. Il y l\u00e0 assur\u00e9ment un d\u00e9faut d\u2019imagination et un d\u00e9ficit d\u2019efficacit\u00e9 permettant de lutter contre une gabegie qui perdure, pousse certains \u00e0 la r\u00e9volte contre l\u2019ordre \u00e9tabli en prenant parfois un aspect carr\u00e9ment insurrectionnel.<\/p>\n<p>Apr\u00e8s les r\u00e9sultats lamentables du gouvernement de la \u00ab<em>tro\u00efka<\/em>\u00bb, on a cherch\u00e9 \u00e0 dessaisir l\u2019homme politique au profit du ce qu\u2019on appelle le technocrate qu\u2019on a rev\u00eatu du mythe de celui qui ne s\u2019attache qu&rsquo;\u00e0 l\u2019examen objectif des ph\u00e9nom\u00e8nes, mais qui finit par devenir de jour en jour l\u2019ex\u00e9cutant docile des politiques.<\/p>\n<p>Pour le cas de Youssef Chahed, son ob\u00e9issance \u00e9tait l\u2019atout principal derri\u00e8re sa nomination. Aussi se garde-t-il de parler de certains sujets, comme les cavernes de brigands, des soudoy\u00e9s, des stipendi\u00e9s, et de la corruption des autorit\u00e9s subalternes de l\u2019administration publique. Il pourrait m\u00eame, et nous lui serions tous gr\u00e9, d\u00e9noncer publiquement les milliards accord\u00e9s par le contribuable \u00e0 une bonne femme charg\u00e9e de ressusciter les morts et d\u2019enterrer les malversations des vivants tout en insultant les historiens pour, dit-elle, leur impardonnable manquement \u00e0 leur devoir de divulguer la v\u00e9rit\u00e9 historique afin de s\u2019\u00e9pargner les reproches de l\u2019ancien r\u00e9gime.<\/p>\n<p style=\"text-align: center;\"><img loading=\"lazy\" decoding=\"async\" class=\"alignnone wp-image-24193\" src=\"http:\/\/kapitalis.com\/tunisie\/wp-content\/uploads\/2015\/11\/Nabil-Karoui-et-Beji-Caid-Essebsi-E.jpg\" alt=\"B\u00e9ji Ca\u00efd Essebsi et Nabil Karoui.\" width=\"500\" height=\"304\" \/><\/p>\n<p style=\"text-align: center;\"><em>B\u00e9ji Ca\u00efd Essebsi et Nabil Karoui: les mauvaises fr\u00e9quentations du chef de l&rsquo;Etat.<\/em><\/p>\n<p><strong>L\u2019encombrant M. Karoui<\/strong><\/p>\n<p>On ne peut pas achever cette chronique sans dire quand m\u00eame un mot sur l\u2019affaire Nabil Karoui, ci-devant patron de la cha\u00eene de t\u00e9l\u00e9vision priv\u00e9e Nessma, protagoniste d\u00e9nu\u00e9 de morale et ami intime de la famille Ca\u00efd Essebsi, qui a tourn\u00e9 court. Soutien financier de la campagne du vainqueur des pr\u00e9sidentielles, il se r\u00e9clamait \u00e0 l\u2019\u00e9poque comme l\u2019un des fondateurs de Nidaa Tounes et alli\u00e9 ind\u00e9fectible du fils de son fondateur et ancien pr\u00e9sident, Hafedh. Le vent ayant tourn\u00e9, il exprima, dans un premier enregistrement fuit\u00e9, toute la haine et le m\u00e9pris qu\u2019il attache au parti et ses dirigeants en usant de propos franchement orduriers.<\/p>\n<p>Un second enregistrement, r\u00e9alis\u00e9 \u00e0 son insu, r\u00e9v\u00e8le cette fois la nature profonde du personnage. On l\u2019entend discuter avec ses collaborateurs sur une future campagne de discr\u00e9dits en les sommant de faire usage des pires bassesses pour d\u00e9nigrer et disqualifier les membres de l\u2019association I Watch qui lutte contre la corruption. Elle s\u2019est en effet int\u00e9ress\u00e9e de tr\u00e8s pr\u00e8s aux comptes et soci\u00e9t\u00e9s d\u00e9tenus en majorit\u00e9 ou en partie par les deux fr\u00e8res Karoui.<\/p>\n<p>L\u00e0, il n\u2019est plus questions d\u2019insultes, mais de v\u00e9ritables stratag\u00e8mes plus proches des combines de lyc\u00e9ens d\u00e9biles par leur degr\u00e9 de stupidit\u00e9, que des man\u0153uvres et des l\u00e2ches intimidations de la mafia.<\/p>\n<p>Malgr\u00e9 leur rupture avec Karoui, les Ca\u00efd Essebsi, p\u00e8re et fils, ne sont pas quittes pour autant. Ils avaient longtemps affich\u00e9 ensemble une forte amiti\u00e9 de matelots. Celle qui prend naissance des besoins d\u2019estime ou d\u2019affection, mais qui s\u2019enracine surtout par les besoins d\u2019int\u00e9r\u00eats. Elle demande des sacrifices, de la reconnaissance et de l&rsquo;indulgence d\u00e8s lors que l\u2019on tienne compte de ce qu&rsquo;elle a de bon et qu\u2019on n\u00e9glige ce qu\u2019elle a de mauvais.<\/p>\n<p>Entre Nabil Karoui et Hafedh Ca\u00efd Essebsi, l\u2019amiti\u00e9 supposait une \u00e9galit\u00e9 parfaite, des devoirs r\u00e9ciproques et rigoureusement semblables; elle s\u2019offensait de toute id\u00e9e de subordination. C\u2019\u00e9tait une sorte d\u2019association de complaisance mutuelle, plus franchement, de r\u00e9elle complicit\u00e9.<\/p>\n<p>Aussi, dans cette affaire, ceux qui se targuaient hier d\u2019une exclusivit\u00e9 dans leur amiti\u00e9 avec Nabil Karoui, profitant de ses largesses et de ses combines pendant une longue p\u00e9riode, \u00e0 qui ils avaient octroy\u00e9 la libert\u00e9 d\u2019entretenir \u00e0 leur profit des relations douteuses et furent d\u00e8s le d\u00e9part au courant de ses entreprises et de ses m\u00e9faits, affectent aujourd\u2019hui de n\u2019y voir peut-\u00eatre dans ses comportements qu\u2019un vulgaire accident. Ils auraient alors grand tort de repousser Nabil Karoui tel un galeux agitateur, ni cruellement l\u2019abandonner \u00e0 son sort en lui opposant leur silence sans y reconna\u00eetre une grande part de responsabilit\u00e9.<\/p>\n","protected":false},"excerpt":{"rendered":"<p>Entre son prot\u00e9g\u00e9 Youssef Chahed, en tr\u00e8s grande difficult\u00e9, et son ancien ami, le galeux agitateur Nabil Karoui, B\u00e9ji Ca\u00efd Essebsi a pass\u00e9 une tr\u00e8s mauvaise semaine. Par Yassine Essid<\/p>\n","protected":false},"author":8,"featured_media":92798,"comment_status":"open","ping_status":"open","sticky":false,"template":"","format":"standard","meta":{"footnotes":""},"categories":[992,997,1000],"tags":[8873,5183,651,3437],"class_list":["post-92797","post","type-post","status-publish","format-standard","has-post-thumbnail","hentry","category-a-la-une","category-politique","category-tribune","tag-hafedh","tag-i-watch","tag-nabil-karoui","tag-nessma"],"yoast_head":"<!-- This site is optimized with the Yoast SEO plugin v26.6 - https:\/\/yoast.com\/wordpress\/plugins\/seo\/ -->\n<title>Chahed &amp; Ca\u00efd Essebsi et Ca\u00efd Essebsi &amp; Karoui - Kapitalis<\/title>\n<meta name=\"robots\" content=\"index, follow, max-snippet:-1, max-image-preview:large, max-video-preview:-1\" \/>\n<link rel=\"canonical\" href=\"https:\/\/kapitalis.com\/tunisie\/2017\/04\/23\/chahed-caid-essebsi-et-caid-essebsi-karoui\/\" \/>\n<meta property=\"og:locale\" content=\"fr_FR\" \/>\n<meta property=\"og:type\" content=\"article\" \/>\n<meta property=\"og:title\" content=\"Chahed &amp; Ca\u00efd Essebsi et Ca\u00efd Essebsi &amp; Karoui - Kapitalis\" \/>\n<meta property=\"og:description\" content=\"Entre son prot\u00e9g\u00e9 Youssef Chahed, en tr\u00e8s grande difficult\u00e9, et son ancien ami, le galeux agitateur Nabil Karoui, B\u00e9ji Ca\u00efd Essebsi a pass\u00e9 une tr\u00e8s mauvaise semaine. Par Yassine Essid\" \/>\n<meta property=\"og:url\" content=\"https:\/\/kapitalis.com\/tunisie\/2017\/04\/23\/chahed-caid-essebsi-et-caid-essebsi-karoui\/\" \/>\n<meta property=\"og:site_name\" content=\"Kapitalis\" \/>\n<meta property=\"article:publisher\" content=\"https:\/\/www.facebook.com\/KapitalisInfo\/\" \/>\n<meta property=\"article:published_time\" content=\"2017-04-23T12:47:50+00:00\" \/>\n<meta property=\"article:modified_time\" content=\"2017-04-23T13:10:51+00:00\" \/>\n<meta property=\"og:image\" content=\"https:\/\/kapitalis.com\/tunisie\/wp-content\/uploads\/2022\/05\/kapitalis-logo-fb.png\" \/>\n\t<meta property=\"og:image:width\" content=\"1200\" \/>\n\t<meta property=\"og:image:height\" content=\"630\" \/>\n\t<meta property=\"og:image:type\" content=\"image\/png\" \/>\n<meta name=\"author\" content=\"webmaster kapitalis\" \/>\n<meta name=\"twitter:card\" content=\"summary_large_image\" \/>\n<meta name=\"twitter:creator\" content=\"@KapitalisInfo\" \/>\n<meta name=\"twitter:site\" content=\"@KapitalisInfo\" \/>\n<meta name=\"twitter:label1\" content=\"\u00c9crit par\" \/>\n\t<meta name=\"twitter:data1\" content=\"webmaster kapitalis\" \/>\n\t<meta name=\"twitter:label2\" content=\"Dur\u00e9e de lecture estim\u00e9e\" \/>\n\t<meta name=\"twitter:data2\" content=\"9 minutes\" \/>\n<script type=\"application\/ld+json\" class=\"yoast-schema-graph\">{\"@context\":\"https:\/\/schema.org\",\"@graph\":[{\"@type\":\"Article\",\"@id\":\"https:\/\/kapitalis.com\/tunisie\/2017\/04\/23\/chahed-caid-essebsi-et-caid-essebsi-karoui\/#article\",\"isPartOf\":{\"@id\":\"https:\/\/kapitalis.com\/tunisie\/2017\/04\/23\/chahed-caid-essebsi-et-caid-essebsi-karoui\/\"},\"author\":{\"name\":\"webmaster kapitalis\",\"@id\":\"https:\/\/kapitalis.com\/tunisie\/#\/schema\/person\/d71f33a9ca44f7bad4698210b480c8e9\"},\"headline\":\"Chahed &#038; Ca\u00efd Essebsi et Ca\u00efd Essebsi &#038; Karoui\",\"datePublished\":\"2017-04-23T12:47:50+00:00\",\"dateModified\":\"2017-04-23T13:10:51+00:00\",\"mainEntityOfPage\":{\"@id\":\"https:\/\/kapitalis.com\/tunisie\/2017\/04\/23\/chahed-caid-essebsi-et-caid-essebsi-karoui\/\"},\"wordCount\":1767,\"commentCount\":3,\"publisher\":{\"@id\":\"https:\/\/kapitalis.com\/tunisie\/#organization\"},\"image\":{\"@id\":\"https:\/\/kapitalis.com\/tunisie\/2017\/04\/23\/chahed-caid-essebsi-et-caid-essebsi-karoui\/#primaryimage\"},\"thumbnailUrl\":\"\",\"keywords\":[\"Hafedh\",\"I Watch\",\"Nabil Karoui\",\"Nessma\"],\"articleSection\":[\"A LA UNE\",\"POLITIQUE\",\"TRIBUNE\"],\"inLanguage\":\"fr-FR\",\"potentialAction\":[{\"@type\":\"CommentAction\",\"name\":\"Comment\",\"target\":[\"https:\/\/kapitalis.com\/tunisie\/2017\/04\/23\/chahed-caid-essebsi-et-caid-essebsi-karoui\/#respond\"]}]},{\"@type\":\"WebPage\",\"@id\":\"https:\/\/kapitalis.com\/tunisie\/2017\/04\/23\/chahed-caid-essebsi-et-caid-essebsi-karoui\/\",\"url\":\"https:\/\/kapitalis.com\/tunisie\/2017\/04\/23\/chahed-caid-essebsi-et-caid-essebsi-karoui\/\",\"name\":\"Chahed & Ca\u00efd Essebsi et Ca\u00efd Essebsi & Karoui - Kapitalis\",\"isPartOf\":{\"@id\":\"https:\/\/kapitalis.com\/tunisie\/#website\"},\"primaryImageOfPage\":{\"@id\":\"https:\/\/kapitalis.com\/tunisie\/2017\/04\/23\/chahed-caid-essebsi-et-caid-essebsi-karoui\/#primaryimage\"},\"image\":{\"@id\":\"https:\/\/kapitalis.com\/tunisie\/2017\/04\/23\/chahed-caid-essebsi-et-caid-essebsi-karoui\/#primaryimage\"},\"thumbnailUrl\":\"\",\"datePublished\":\"2017-04-23T12:47:50+00:00\",\"dateModified\":\"2017-04-23T13:10:51+00:00\",\"breadcrumb\":{\"@id\":\"https:\/\/kapitalis.com\/tunisie\/2017\/04\/23\/chahed-caid-essebsi-et-caid-essebsi-karoui\/#breadcrumb\"},\"inLanguage\":\"fr-FR\",\"potentialAction\":[{\"@type\":\"ReadAction\",\"target\":[\"https:\/\/kapitalis.com\/tunisie\/2017\/04\/23\/chahed-caid-essebsi-et-caid-essebsi-karoui\/\"]}]},{\"@type\":\"ImageObject\",\"inLanguage\":\"fr-FR\",\"@id\":\"https:\/\/kapitalis.com\/tunisie\/2017\/04\/23\/chahed-caid-essebsi-et-caid-essebsi-karoui\/#primaryimage\",\"url\":\"\",\"contentUrl\":\"\"},{\"@type\":\"BreadcrumbList\",\"@id\":\"https:\/\/kapitalis.com\/tunisie\/2017\/04\/23\/chahed-caid-essebsi-et-caid-essebsi-karoui\/#breadcrumb\",\"itemListElement\":[{\"@type\":\"ListItem\",\"position\":1,\"name\":\"Accueil\",\"item\":\"https:\/\/kapitalis.com\/tunisie\/\"},{\"@type\":\"ListItem\",\"position\":2,\"name\":\"Chahed &#038; Ca\u00efd Essebsi et Ca\u00efd Essebsi &#038; Karoui\"}]},{\"@type\":\"WebSite\",\"@id\":\"https:\/\/kapitalis.com\/tunisie\/#website\",\"url\":\"https:\/\/kapitalis.com\/tunisie\/\",\"name\":\"Kapitalis\",\"description\":\"L&#039;actualit\u00e9 en Tunisie et dans le monde\",\"publisher\":{\"@id\":\"https:\/\/kapitalis.com\/tunisie\/#organization\"},\"potentialAction\":[{\"@type\":\"SearchAction\",\"target\":{\"@type\":\"EntryPoint\",\"urlTemplate\":\"https:\/\/kapitalis.com\/tunisie\/?s={search_term_string}\"},\"query-input\":{\"@type\":\"PropertyValueSpecification\",\"valueRequired\":true,\"valueName\":\"search_term_string\"}}],\"inLanguage\":\"fr-FR\"},{\"@type\":\"Organization\",\"@id\":\"https:\/\/kapitalis.com\/tunisie\/#organization\",\"name\":\"Kapitalis\",\"url\":\"https:\/\/kapitalis.com\/tunisie\/\",\"logo\":{\"@type\":\"ImageObject\",\"inLanguage\":\"fr-FR\",\"@id\":\"https:\/\/kapitalis.com\/tunisie\/#\/schema\/logo\/image\/\",\"url\":\"https:\/\/kapitalis.com\/tunisie\/wp-content\/uploads\/2022\/05\/Kapitalis-big-size.png\",\"contentUrl\":\"https:\/\/kapitalis.com\/tunisie\/wp-content\/uploads\/2022\/05\/Kapitalis-big-size.png\",\"width\":5000,\"height\":1500,\"caption\":\"Kapitalis\"},\"image\":{\"@id\":\"https:\/\/kapitalis.com\/tunisie\/#\/schema\/logo\/image\/\"},\"sameAs\":[\"https:\/\/www.facebook.com\/KapitalisInfo\/\",\"https:\/\/x.com\/KapitalisInfo\",\"https:\/\/www.youtube.com\/channel\/UC-yDYrHyfFBWWZaOw3FPg9Q\"]},{\"@type\":\"Person\",\"@id\":\"https:\/\/kapitalis.com\/tunisie\/#\/schema\/person\/d71f33a9ca44f7bad4698210b480c8e9\",\"name\":\"webmaster kapitalis\",\"url\":\"https:\/\/kapitalis.com\/tunisie\/author\/webmaster-kapitalis\/\"}]}<\/script>\n<!-- \/ Yoast SEO plugin. -->","yoast_head_json":{"title":"Chahed & Ca\u00efd Essebsi et Ca\u00efd Essebsi & Karoui - Kapitalis","robots":{"index":"index","follow":"follow","max-snippet":"max-snippet:-1","max-image-preview":"max-image-preview:large","max-video-preview":"max-video-preview:-1"},"canonical":"https:\/\/kapitalis.com\/tunisie\/2017\/04\/23\/chahed-caid-essebsi-et-caid-essebsi-karoui\/","og_locale":"fr_FR","og_type":"article","og_title":"Chahed & Ca\u00efd Essebsi et Ca\u00efd Essebsi & Karoui - Kapitalis","og_description":"Entre son prot\u00e9g\u00e9 Youssef Chahed, en tr\u00e8s grande difficult\u00e9, et son ancien ami, le galeux agitateur Nabil Karoui, B\u00e9ji Ca\u00efd Essebsi a pass\u00e9 une tr\u00e8s mauvaise semaine. Par Yassine Essid","og_url":"https:\/\/kapitalis.com\/tunisie\/2017\/04\/23\/chahed-caid-essebsi-et-caid-essebsi-karoui\/","og_site_name":"Kapitalis","article_publisher":"https:\/\/www.facebook.com\/KapitalisInfo\/","article_published_time":"2017-04-23T12:47:50+00:00","article_modified_time":"2017-04-23T13:10:51+00:00","og_image":[{"width":1200,"height":630,"url":"https:\/\/kapitalis.com\/tunisie\/wp-content\/uploads\/2022\/05\/kapitalis-logo-fb.png","type":"image\/png"}],"author":"webmaster kapitalis","twitter_card":"summary_large_image","twitter_creator":"@KapitalisInfo","twitter_site":"@KapitalisInfo","twitter_misc":{"\u00c9crit par":"webmaster kapitalis","Dur\u00e9e de lecture estim\u00e9e":"9 minutes"},"schema":{"@context":"https:\/\/schema.org","@graph":[{"@type":"Article","@id":"https:\/\/kapitalis.com\/tunisie\/2017\/04\/23\/chahed-caid-essebsi-et-caid-essebsi-karoui\/#article","isPartOf":{"@id":"https:\/\/kapitalis.com\/tunisie\/2017\/04\/23\/chahed-caid-essebsi-et-caid-essebsi-karoui\/"},"author":{"name":"webmaster kapitalis","@id":"https:\/\/kapitalis.com\/tunisie\/#\/schema\/person\/d71f33a9ca44f7bad4698210b480c8e9"},"headline":"Chahed &#038; Ca\u00efd Essebsi et Ca\u00efd Essebsi &#038; Karoui","datePublished":"2017-04-23T12:47:50+00:00","dateModified":"2017-04-23T13:10:51+00:00","mainEntityOfPage":{"@id":"https:\/\/kapitalis.com\/tunisie\/2017\/04\/23\/chahed-caid-essebsi-et-caid-essebsi-karoui\/"},"wordCount":1767,"commentCount":3,"publisher":{"@id":"https:\/\/kapitalis.com\/tunisie\/#organization"},"image":{"@id":"https:\/\/kapitalis.com\/tunisie\/2017\/04\/23\/chahed-caid-essebsi-et-caid-essebsi-karoui\/#primaryimage"},"thumbnailUrl":"","keywords":["Hafedh","I Watch","Nabil Karoui","Nessma"],"articleSection":["A LA UNE","POLITIQUE","TRIBUNE"],"inLanguage":"fr-FR","potentialAction":[{"@type":"CommentAction","name":"Comment","target":["https:\/\/kapitalis.com\/tunisie\/2017\/04\/23\/chahed-caid-essebsi-et-caid-essebsi-karoui\/#respond"]}]},{"@type":"WebPage","@id":"https:\/\/kapitalis.com\/tunisie\/2017\/04\/23\/chahed-caid-essebsi-et-caid-essebsi-karoui\/","url":"https:\/\/kapitalis.com\/tunisie\/2017\/04\/23\/chahed-caid-essebsi-et-caid-essebsi-karoui\/","name":"Chahed & Ca\u00efd Essebsi et Ca\u00efd Essebsi & Karoui - Kapitalis","isPartOf":{"@id":"https:\/\/kapitalis.com\/tunisie\/#website"},"primaryImageOfPage":{"@id":"https:\/\/kapitalis.com\/tunisie\/2017\/04\/23\/chahed-caid-essebsi-et-caid-essebsi-karoui\/#primaryimage"},"image":{"@id":"https:\/\/kapitalis.com\/tunisie\/2017\/04\/23\/chahed-caid-essebsi-et-caid-essebsi-karoui\/#primaryimage"},"thumbnailUrl":"","datePublished":"2017-04-23T12:47:50+00:00","dateModified":"2017-04-23T13:10:51+00:00","breadcrumb":{"@id":"https:\/\/kapitalis.com\/tunisie\/2017\/04\/23\/chahed-caid-essebsi-et-caid-essebsi-karoui\/#breadcrumb"},"inLanguage":"fr-FR","potentialAction":[{"@type":"ReadAction","target":["https:\/\/kapitalis.com\/tunisie\/2017\/04\/23\/chahed-caid-essebsi-et-caid-essebsi-karoui\/"]}]},{"@type":"ImageObject","inLanguage":"fr-FR","@id":"https:\/\/kapitalis.com\/tunisie\/2017\/04\/23\/chahed-caid-essebsi-et-caid-essebsi-karoui\/#primaryimage","url":"","contentUrl":""},{"@type":"BreadcrumbList","@id":"https:\/\/kapitalis.com\/tunisie\/2017\/04\/23\/chahed-caid-essebsi-et-caid-essebsi-karoui\/#breadcrumb","itemListElement":[{"@type":"ListItem","position":1,"name":"Accueil","item":"https:\/\/kapitalis.com\/tunisie\/"},{"@type":"ListItem","position":2,"name":"Chahed &#038; Ca\u00efd Essebsi et Ca\u00efd Essebsi &#038; Karoui"}]},{"@type":"WebSite","@id":"https:\/\/kapitalis.com\/tunisie\/#website","url":"https:\/\/kapitalis.com\/tunisie\/","name":"Kapitalis","description":"L&#039;actualit\u00e9 en Tunisie et dans le monde","publisher":{"@id":"https:\/\/kapitalis.com\/tunisie\/#organization"},"potentialAction":[{"@type":"SearchAction","target":{"@type":"EntryPoint","urlTemplate":"https:\/\/kapitalis.com\/tunisie\/?s={search_term_string}"},"query-input":{"@type":"PropertyValueSpecification","valueRequired":true,"valueName":"search_term_string"}}],"inLanguage":"fr-FR"},{"@type":"Organization","@id":"https:\/\/kapitalis.com\/tunisie\/#organization","name":"Kapitalis","url":"https:\/\/kapitalis.com\/tunisie\/","logo":{"@type":"ImageObject","inLanguage":"fr-FR","@id":"https:\/\/kapitalis.com\/tunisie\/#\/schema\/logo\/image\/","url":"https:\/\/kapitalis.com\/tunisie\/wp-content\/uploads\/2022\/05\/Kapitalis-big-size.png","contentUrl":"https:\/\/kapitalis.com\/tunisie\/wp-content\/uploads\/2022\/05\/Kapitalis-big-size.png","width":5000,"height":1500,"caption":"Kapitalis"},"image":{"@id":"https:\/\/kapitalis.com\/tunisie\/#\/schema\/logo\/image\/"},"sameAs":["https:\/\/www.facebook.com\/KapitalisInfo\/","https:\/\/x.com\/KapitalisInfo","https:\/\/www.youtube.com\/channel\/UC-yDYrHyfFBWWZaOw3FPg9Q"]},{"@type":"Person","@id":"https:\/\/kapitalis.com\/tunisie\/#\/schema\/person\/d71f33a9ca44f7bad4698210b480c8e9","name":"webmaster kapitalis","url":"https:\/\/kapitalis.com\/tunisie\/author\/webmaster-kapitalis\/"}]}},"_links":{"self":[{"href":"https:\/\/kapitalis.com\/tunisie\/wp-json\/wp\/v2\/posts\/92797","targetHints":{"allow":["GET"]}}],"collection":[{"href":"https:\/\/kapitalis.com\/tunisie\/wp-json\/wp\/v2\/posts"}],"about":[{"href":"https:\/\/kapitalis.com\/tunisie\/wp-json\/wp\/v2\/types\/post"}],"author":[{"embeddable":true,"href":"https:\/\/kapitalis.com\/tunisie\/wp-json\/wp\/v2\/users\/8"}],"replies":[{"embeddable":true,"href":"https:\/\/kapitalis.com\/tunisie\/wp-json\/wp\/v2\/comments?post=92797"}],"version-history":[{"count":0,"href":"https:\/\/kapitalis.com\/tunisie\/wp-json\/wp\/v2\/posts\/92797\/revisions"}],"wp:featuredmedia":[{"embeddable":true,"href":"https:\/\/kapitalis.com\/tunisie\/wp-json\/wp\/v2\/media\/92798"}],"wp:attachment":[{"href":"https:\/\/kapitalis.com\/tunisie\/wp-json\/wp\/v2\/media?parent=92797"}],"wp:term":[{"taxonomy":"category","embeddable":true,"href":"https:\/\/kapitalis.com\/tunisie\/wp-json\/wp\/v2\/categories?post=92797"},{"taxonomy":"post_tag","embeddable":true,"href":"https:\/\/kapitalis.com\/tunisie\/wp-json\/wp\/v2\/tags?post=92797"}],"curies":[{"name":"wp","href":"https:\/\/api.w.org\/{rel}","templated":true}]}}