{"id":92818,"date":"2017-04-24T08:58:14","date_gmt":"2017-04-24T07:58:14","guid":{"rendered":"http:\/\/kapitalis.com\/tunisie\/?p=92818"},"modified":"2017-04-24T09:14:16","modified_gmt":"2017-04-24T08:14:16","slug":"un-comite-de-defense-des-mouvements-sociaux-pour-quoi-faire","status":"publish","type":"post","link":"https:\/\/kapitalis.com\/tunisie\/2017\/04\/24\/un-comite-de-defense-des-mouvements-sociaux-pour-quoi-faire\/","title":{"rendered":"Un comit\u00e9 de\u00a0d\u00e9fense des mouvements sociaux pour quoi faire ?"},"content":{"rendered":"<p style=\"text-align: center;\"><img loading=\"lazy\" decoding=\"async\" class=\"alignnone size-full wp-image-92306\" src=\"http:\/\/kapitalis.com\/tunisie\/wp-content\/uploads\/2017\/04\/Manifestations-regions.jpg\" alt=\"\" width=\"626\" height=\"380\" \/><\/p>\n<p><em><strong>La cr\u00e9ation d\u2019un comit\u00e9 national de\u00a0d\u00e9fense des mouvements sociaux a \u00e9t\u00e9 annonc\u00e9e dimanche 23 avril 2017. Encore un comit\u00e9, mais pour quoi faire&#8230;\u00a0<\/strong><\/em><\/p>\n<p>Par\u00a0<strong>Abderrazek Krimi\u00a0<\/strong><\/p>\n<p><!--more--><\/p>\n<p>Le coordinateur de ce comit\u00e9, rassemblant plusieurs personnalit\u00e9s tunisiennes, est le syndicaliste Kacem Afaya, ex-membre du bureau ex\u00e9cutif de l\u2019Union g\u00e9n\u00e9rale tunisienne du travail (UGTT).<\/p>\n<p>Son objectif, selon une d\u00e9claration de Kacem Afaya \u00e0 l\u2019agence Tap, est de coordonner avec le Forum tunisien pour les droits \u00e9conomiques et sociaux (FTDES) et la Coordination des mouvements sociaux, en vue de prot\u00e9ger les droits des mouvements sociaux \u00e0 la mobilisation pacifique et civile et \u00e0 la libre expression des revendications socio-\u00e9conomiques dans le respect de la constitution et des droits de l\u2019Homme garantis par les conventions internationales.<\/p>\n<p><strong>Au secours des manifestants<\/strong><\/p>\n<p>Aussit\u00f4t constitu\u00e9, le comit\u00e9 a appel\u00e9, dans un communiqu\u00e9 rendu public dimanche, <em>\u00ab\u00e0 la lib\u00e9ration de toutes les personnes qui ont \u00e9t\u00e9 d\u00e9tenues pour avoir particip\u00e9 aux protestations sociales, \u00e0 l\u2019annulation de tous les jugements qui ont \u00e9t\u00e9 prononc\u00e9s \u00e0 leur encontre et \u00e0 rompre avec la politique du renvoi syst\u00e9matique devant les tribunaux et les solutions s\u00e9curitaires qui ont montr\u00e9 leurs limites\u00bb.<\/em><\/p>\n<p>Le comit\u00e9 a aussi affirm\u00e9 son soutien \u00e0 aux mouvements sociaux et \u00e0 la revendication principale des protestataires, \u00e0 savoir un nouveau mod\u00e8le de d\u00e9veloppement qui rompt avec l\u2019injustice sociale, la marginalisation et l\u2019exclusion et pose les bases d\u2019un d\u00e9veloppement juste et \u00e9quitable entre les r\u00e9gions et les diff\u00e9rentes cat\u00e9gories sociales.<\/p>\n<p>Le comit\u00e9, qui se compose de 58 personnalit\u00e9s, compte parmi ses membres Kacem Afaya, Ahlem Belhaj, Ahmed Karaoud, Khemaies Chammari, Sophie Bessis, Hafidha Chekir, Neji Bghouri, Khadija Cherif, Souhayr Belhassen, Ayachi Hammami et Kamel Labidi.<\/p>\n<p>Reste \u00e0 s\u2019interroger sur l\u2019allusion faite dans le communiqu\u00e9 \u00e0 des arrestations, \u00e0 des jugements arbitraires et \u00e0 une politique syst\u00e9matique de l\u2019Etat qui favorise la solution s\u00e9curitaire et le recours \u00e0 la force vis-\u00e0-vis des manifestants protestataires.<\/p>\n<p>Ces affirmations sont inexactes ou exag\u00e9r\u00e9es. Car personne en Tunisie, \u00e0 l\u2019exception peut-\u00eatre des signataires du manifeste constitutif du comit\u00e9 en question, n\u2019a entendu parler de comparutions devant les tribunaux de protestataires ayant particip\u00e9 aux derniers mouvements sociaux, \u00e0 Tataouine, au Kef, \u00e0 Kairouan et ailleurs.<\/p>\n<p>Au contraire, une importante frange de la soci\u00e9t\u00e9 reproche au gouvernement de manquer de fermet\u00e9 face aux blocages provoqu\u00e9s par ces mouvements qui ne respectent pas toujours les r\u00e8gles prescrites par la constitution et par la loi, et portent pr\u00e9judice \u00e0 l\u2019\u00e9conomie nationale.<\/p>\n<p><strong>Le sens d&rsquo;un retour\u00a0<\/strong><\/p>\n<p>Par ailleurs, l&rsquo;apparition de certains noms dans la liste des membres dudit comit\u00e9 laisse perplexe. Les Khemaies Chammari, Sophie Bessis, Hafidha Chekir, Khadija Cherif, Souhayr\u00a0Belhassen, Ayachi Hammami et Kamel Labidi \u00e9taient, jusque-l\u00e0, en retrait de la sc\u00e8ne politique. Apr\u00e8s s&rsquo;\u00eatre s&rsquo;\u00eatre longtemps illustr\u00e9s en d\u00e9fendant les droits de l&rsquo;homme et en s&rsquo;opposant\u00a0\u00e0 la dictature de Ben Ali, ils sont rest\u00e9s en marge de la vie publique\u00a0et n&rsquo;ont pas pris de responsabilit\u00e9s dans le nouveau r\u00e9gime qui s&rsquo;est mis en place au lendemain de la r\u00e9volution de janvier 2011. Le fait qu&rsquo;ils aient pris de nouveau la parole pour prot\u00e9ger le droit de manifester signifie qu&rsquo;ils ont jug\u00e9 la situation actuelle est porteuse de d\u00e9rives et d&rsquo;abus possibles, ce qui justifierait, \u00e0 leurs yeux, une nouvelle mobilisation pour les droits et les libert\u00e9s.<\/p>\n<p>Est-on vraiment arriv\u00e9s l\u00e0? Y a-t-il une r\u00e9elle menace d&rsquo;un retour de la dictature en Tunisie? Ou s&rsquo;agit-il l\u00e0 d&rsquo;une simple pr\u00e9caution pour parer \u00e0 toute \u00e9ventuelle d\u00e9rive ?<\/p>\n<p>&nbsp;<\/p>\n","protected":false},"excerpt":{"rendered":"<p>La cr\u00e9ation d\u2019un comit\u00e9 national de\u00a0d\u00e9fense des mouvements sociaux a \u00e9t\u00e9 annonc\u00e9e dimanche 23 avril 2017. Encore un comit\u00e9, mais pour quoi faire&#8230;\u00a0 Par\u00a0Abderrazek Krimi\u00a0<\/p>\n","protected":false},"author":8,"featured_media":0,"comment_status":"open","ping_status":"open","sticky":false,"template":"","format":"standard","meta":{"footnotes":""},"categories":[992,997,2433],"tags":[5013,643,21897,12257,11449],"class_list":["post-92818","post","type-post","status-publish","format-standard","hentry","category-a-la-une","category-politique","category-tunisie","tag-khemaies-chammari","tag-mouvements-sociaux","tag-noureddine-taboubi","tag-protestataires","tag-sophie-bessis"],"yoast_head":"<!-- This site is optimized with the Yoast SEO plugin v26.6 - https:\/\/yoast.com\/wordpress\/plugins\/seo\/ -->\n<title>Un comit\u00e9 de\u00a0d\u00e9fense des mouvements sociaux pour quoi faire ? - Kapitalis<\/title>\n<meta name=\"robots\" content=\"index, follow, max-snippet:-1, max-image-preview:large, max-video-preview:-1\" \/>\n<link rel=\"canonical\" href=\"https:\/\/kapitalis.com\/tunisie\/2017\/04\/24\/un-comite-de-defense-des-mouvements-sociaux-pour-quoi-faire\/\" \/>\n<meta property=\"og:locale\" content=\"fr_FR\" \/>\n<meta property=\"og:type\" content=\"article\" \/>\n<meta property=\"og:title\" content=\"Un comit\u00e9 de\u00a0d\u00e9fense des mouvements sociaux pour quoi faire ? - Kapitalis\" \/>\n<meta property=\"og:description\" content=\"La cr\u00e9ation d\u2019un comit\u00e9 national de\u00a0d\u00e9fense des mouvements sociaux a \u00e9t\u00e9 annonc\u00e9e dimanche 23 avril 2017. Encore un comit\u00e9, mais pour quoi faire&#8230;\u00a0 Par\u00a0Abderrazek Krimi\u00a0\" \/>\n<meta property=\"og:url\" content=\"https:\/\/kapitalis.com\/tunisie\/2017\/04\/24\/un-comite-de-defense-des-mouvements-sociaux-pour-quoi-faire\/\" \/>\n<meta property=\"og:site_name\" content=\"Kapitalis\" \/>\n<meta property=\"article:publisher\" content=\"https:\/\/www.facebook.com\/KapitalisInfo\/\" \/>\n<meta property=\"article:published_time\" content=\"2017-04-24T07:58:14+00:00\" \/>\n<meta property=\"article:modified_time\" content=\"2017-04-24T08:14:16+00:00\" \/>\n<meta property=\"og:image\" content=\"http:\/\/kapitalis.com\/tunisie\/wp-content\/uploads\/2017\/04\/Manifestations-regions.jpg\" \/>\n<meta name=\"author\" content=\"webmaster kapitalis\" \/>\n<meta name=\"twitter:card\" content=\"summary_large_image\" \/>\n<meta name=\"twitter:creator\" content=\"@KapitalisInfo\" \/>\n<meta name=\"twitter:site\" content=\"@KapitalisInfo\" \/>\n<meta name=\"twitter:label1\" content=\"\u00c9crit par\" \/>\n\t<meta name=\"twitter:data1\" content=\"webmaster kapitalis\" \/>\n\t<meta name=\"twitter:label2\" content=\"Dur\u00e9e de lecture estim\u00e9e\" \/>\n\t<meta name=\"twitter:data2\" content=\"3 minutes\" \/>\n<script type=\"application\/ld+json\" class=\"yoast-schema-graph\">{\"@context\":\"https:\/\/schema.org\",\"@graph\":[{\"@type\":\"Article\",\"@id\":\"https:\/\/kapitalis.com\/tunisie\/2017\/04\/24\/un-comite-de-defense-des-mouvements-sociaux-pour-quoi-faire\/#article\",\"isPartOf\":{\"@id\":\"https:\/\/kapitalis.com\/tunisie\/2017\/04\/24\/un-comite-de-defense-des-mouvements-sociaux-pour-quoi-faire\/\"},\"author\":{\"name\":\"webmaster kapitalis\",\"@id\":\"https:\/\/kapitalis.com\/tunisie\/#\/schema\/person\/d71f33a9ca44f7bad4698210b480c8e9\"},\"headline\":\"Un comit\u00e9 de\u00a0d\u00e9fense des mouvements sociaux pour quoi faire ?\",\"datePublished\":\"2017-04-24T07:58:14+00:00\",\"dateModified\":\"2017-04-24T08:14:16+00:00\",\"mainEntityOfPage\":{\"@id\":\"https:\/\/kapitalis.com\/tunisie\/2017\/04\/24\/un-comite-de-defense-des-mouvements-sociaux-pour-quoi-faire\/\"},\"wordCount\":619,\"commentCount\":1,\"publisher\":{\"@id\":\"https:\/\/kapitalis.com\/tunisie\/#organization\"},\"image\":{\"@id\":\"https:\/\/kapitalis.com\/tunisie\/2017\/04\/24\/un-comite-de-defense-des-mouvements-sociaux-pour-quoi-faire\/#primaryimage\"},\"thumbnailUrl\":\"http:\/\/kapitalis.com\/tunisie\/wp-content\/uploads\/2017\/04\/Manifestations-regions.jpg\",\"keywords\":[\"Khema\u00efes Chammari.\",\"mouvements sociaux\",\"Noureddine Taboubi\",\"protestataires\",\"Sophie Bessis\"],\"articleSection\":[\"A LA UNE\",\"POLITIQUE\",\"Tunisie\"],\"inLanguage\":\"fr-FR\",\"potentialAction\":[{\"@type\":\"CommentAction\",\"name\":\"Comment\",\"target\":[\"https:\/\/kapitalis.com\/tunisie\/2017\/04\/24\/un-comite-de-defense-des-mouvements-sociaux-pour-quoi-faire\/#respond\"]}]},{\"@type\":\"WebPage\",\"@id\":\"https:\/\/kapitalis.com\/tunisie\/2017\/04\/24\/un-comite-de-defense-des-mouvements-sociaux-pour-quoi-faire\/\",\"url\":\"https:\/\/kapitalis.com\/tunisie\/2017\/04\/24\/un-comite-de-defense-des-mouvements-sociaux-pour-quoi-faire\/\",\"name\":\"Un comit\u00e9 de\u00a0d\u00e9fense des mouvements sociaux pour quoi faire ? - Kapitalis\",\"isPartOf\":{\"@id\":\"https:\/\/kapitalis.com\/tunisie\/#website\"},\"primaryImageOfPage\":{\"@id\":\"https:\/\/kapitalis.com\/tunisie\/2017\/04\/24\/un-comite-de-defense-des-mouvements-sociaux-pour-quoi-faire\/#primaryimage\"},\"image\":{\"@id\":\"https:\/\/kapitalis.com\/tunisie\/2017\/04\/24\/un-comite-de-defense-des-mouvements-sociaux-pour-quoi-faire\/#primaryimage\"},\"thumbnailUrl\":\"http:\/\/kapitalis.com\/tunisie\/wp-content\/uploads\/2017\/04\/Manifestations-regions.jpg\",\"datePublished\":\"2017-04-24T07:58:14+00:00\",\"dateModified\":\"2017-04-24T08:14:16+00:00\",\"breadcrumb\":{\"@id\":\"https:\/\/kapitalis.com\/tunisie\/2017\/04\/24\/un-comite-de-defense-des-mouvements-sociaux-pour-quoi-faire\/#breadcrumb\"},\"inLanguage\":\"fr-FR\",\"potentialAction\":[{\"@type\":\"ReadAction\",\"target\":[\"https:\/\/kapitalis.com\/tunisie\/2017\/04\/24\/un-comite-de-defense-des-mouvements-sociaux-pour-quoi-faire\/\"]}]},{\"@type\":\"ImageObject\",\"inLanguage\":\"fr-FR\",\"@id\":\"https:\/\/kapitalis.com\/tunisie\/2017\/04\/24\/un-comite-de-defense-des-mouvements-sociaux-pour-quoi-faire\/#primaryimage\",\"url\":\"http:\/\/kapitalis.com\/tunisie\/wp-content\/uploads\/2017\/04\/Manifestations-regions.jpg\",\"contentUrl\":\"http:\/\/kapitalis.com\/tunisie\/wp-content\/uploads\/2017\/04\/Manifestations-regions.jpg\"},{\"@type\":\"BreadcrumbList\",\"@id\":\"https:\/\/kapitalis.com\/tunisie\/2017\/04\/24\/un-comite-de-defense-des-mouvements-sociaux-pour-quoi-faire\/#breadcrumb\",\"itemListElement\":[{\"@type\":\"ListItem\",\"position\":1,\"name\":\"Accueil\",\"item\":\"https:\/\/kapitalis.com\/tunisie\/\"},{\"@type\":\"ListItem\",\"position\":2,\"name\":\"Un comit\u00e9 de\u00a0d\u00e9fense des mouvements sociaux pour quoi faire ?\"}]},{\"@type\":\"WebSite\",\"@id\":\"https:\/\/kapitalis.com\/tunisie\/#website\",\"url\":\"https:\/\/kapitalis.com\/tunisie\/\",\"name\":\"Kapitalis\",\"description\":\"L&#039;actualit\u00e9 en Tunisie et dans le monde\",\"publisher\":{\"@id\":\"https:\/\/kapitalis.com\/tunisie\/#organization\"},\"potentialAction\":[{\"@type\":\"SearchAction\",\"target\":{\"@type\":\"EntryPoint\",\"urlTemplate\":\"https:\/\/kapitalis.com\/tunisie\/?s={search_term_string}\"},\"query-input\":{\"@type\":\"PropertyValueSpecification\",\"valueRequired\":true,\"valueName\":\"search_term_string\"}}],\"inLanguage\":\"fr-FR\"},{\"@type\":\"Organization\",\"@id\":\"https:\/\/kapitalis.com\/tunisie\/#organization\",\"name\":\"Kapitalis\",\"url\":\"https:\/\/kapitalis.com\/tunisie\/\",\"logo\":{\"@type\":\"ImageObject\",\"inLanguage\":\"fr-FR\",\"@id\":\"https:\/\/kapitalis.com\/tunisie\/#\/schema\/logo\/image\/\",\"url\":\"https:\/\/kapitalis.com\/tunisie\/wp-content\/uploads\/2022\/05\/Kapitalis-big-size.png\",\"contentUrl\":\"https:\/\/kapitalis.com\/tunisie\/wp-content\/uploads\/2022\/05\/Kapitalis-big-size.png\",\"width\":5000,\"height\":1500,\"caption\":\"Kapitalis\"},\"image\":{\"@id\":\"https:\/\/kapitalis.com\/tunisie\/#\/schema\/logo\/image\/\"},\"sameAs\":[\"https:\/\/www.facebook.com\/KapitalisInfo\/\",\"https:\/\/x.com\/KapitalisInfo\",\"https:\/\/www.youtube.com\/channel\/UC-yDYrHyfFBWWZaOw3FPg9Q\"]},{\"@type\":\"Person\",\"@id\":\"https:\/\/kapitalis.com\/tunisie\/#\/schema\/person\/d71f33a9ca44f7bad4698210b480c8e9\",\"name\":\"webmaster kapitalis\",\"url\":\"https:\/\/kapitalis.com\/tunisie\/author\/webmaster-kapitalis\/\"}]}<\/script>\n<!-- \/ Yoast SEO plugin. -->","yoast_head_json":{"title":"Un comit\u00e9 de\u00a0d\u00e9fense des mouvements sociaux pour quoi faire ? - Kapitalis","robots":{"index":"index","follow":"follow","max-snippet":"max-snippet:-1","max-image-preview":"max-image-preview:large","max-video-preview":"max-video-preview:-1"},"canonical":"https:\/\/kapitalis.com\/tunisie\/2017\/04\/24\/un-comite-de-defense-des-mouvements-sociaux-pour-quoi-faire\/","og_locale":"fr_FR","og_type":"article","og_title":"Un comit\u00e9 de\u00a0d\u00e9fense des mouvements sociaux pour quoi faire ? - Kapitalis","og_description":"La cr\u00e9ation d\u2019un comit\u00e9 national de\u00a0d\u00e9fense des mouvements sociaux a \u00e9t\u00e9 annonc\u00e9e dimanche 23 avril 2017. Encore un comit\u00e9, mais pour quoi faire&#8230;\u00a0 Par\u00a0Abderrazek Krimi\u00a0","og_url":"https:\/\/kapitalis.com\/tunisie\/2017\/04\/24\/un-comite-de-defense-des-mouvements-sociaux-pour-quoi-faire\/","og_site_name":"Kapitalis","article_publisher":"https:\/\/www.facebook.com\/KapitalisInfo\/","article_published_time":"2017-04-24T07:58:14+00:00","article_modified_time":"2017-04-24T08:14:16+00:00","og_image":[{"url":"http:\/\/kapitalis.com\/tunisie\/wp-content\/uploads\/2017\/04\/Manifestations-regions.jpg","type":"","width":"","height":""}],"author":"webmaster kapitalis","twitter_card":"summary_large_image","twitter_creator":"@KapitalisInfo","twitter_site":"@KapitalisInfo","twitter_misc":{"\u00c9crit par":"webmaster kapitalis","Dur\u00e9e de lecture estim\u00e9e":"3 minutes"},"schema":{"@context":"https:\/\/schema.org","@graph":[{"@type":"Article","@id":"https:\/\/kapitalis.com\/tunisie\/2017\/04\/24\/un-comite-de-defense-des-mouvements-sociaux-pour-quoi-faire\/#article","isPartOf":{"@id":"https:\/\/kapitalis.com\/tunisie\/2017\/04\/24\/un-comite-de-defense-des-mouvements-sociaux-pour-quoi-faire\/"},"author":{"name":"webmaster kapitalis","@id":"https:\/\/kapitalis.com\/tunisie\/#\/schema\/person\/d71f33a9ca44f7bad4698210b480c8e9"},"headline":"Un comit\u00e9 de\u00a0d\u00e9fense des mouvements sociaux pour quoi faire ?","datePublished":"2017-04-24T07:58:14+00:00","dateModified":"2017-04-24T08:14:16+00:00","mainEntityOfPage":{"@id":"https:\/\/kapitalis.com\/tunisie\/2017\/04\/24\/un-comite-de-defense-des-mouvements-sociaux-pour-quoi-faire\/"},"wordCount":619,"commentCount":1,"publisher":{"@id":"https:\/\/kapitalis.com\/tunisie\/#organization"},"image":{"@id":"https:\/\/kapitalis.com\/tunisie\/2017\/04\/24\/un-comite-de-defense-des-mouvements-sociaux-pour-quoi-faire\/#primaryimage"},"thumbnailUrl":"http:\/\/kapitalis.com\/tunisie\/wp-content\/uploads\/2017\/04\/Manifestations-regions.jpg","keywords":["Khema\u00efes Chammari.","mouvements sociaux","Noureddine Taboubi","protestataires","Sophie Bessis"],"articleSection":["A LA UNE","POLITIQUE","Tunisie"],"inLanguage":"fr-FR","potentialAction":[{"@type":"CommentAction","name":"Comment","target":["https:\/\/kapitalis.com\/tunisie\/2017\/04\/24\/un-comite-de-defense-des-mouvements-sociaux-pour-quoi-faire\/#respond"]}]},{"@type":"WebPage","@id":"https:\/\/kapitalis.com\/tunisie\/2017\/04\/24\/un-comite-de-defense-des-mouvements-sociaux-pour-quoi-faire\/","url":"https:\/\/kapitalis.com\/tunisie\/2017\/04\/24\/un-comite-de-defense-des-mouvements-sociaux-pour-quoi-faire\/","name":"Un comit\u00e9 de\u00a0d\u00e9fense des mouvements sociaux pour quoi faire ? - Kapitalis","isPartOf":{"@id":"https:\/\/kapitalis.com\/tunisie\/#website"},"primaryImageOfPage":{"@id":"https:\/\/kapitalis.com\/tunisie\/2017\/04\/24\/un-comite-de-defense-des-mouvements-sociaux-pour-quoi-faire\/#primaryimage"},"image":{"@id":"https:\/\/kapitalis.com\/tunisie\/2017\/04\/24\/un-comite-de-defense-des-mouvements-sociaux-pour-quoi-faire\/#primaryimage"},"thumbnailUrl":"http:\/\/kapitalis.com\/tunisie\/wp-content\/uploads\/2017\/04\/Manifestations-regions.jpg","datePublished":"2017-04-24T07:58:14+00:00","dateModified":"2017-04-24T08:14:16+00:00","breadcrumb":{"@id":"https:\/\/kapitalis.com\/tunisie\/2017\/04\/24\/un-comite-de-defense-des-mouvements-sociaux-pour-quoi-faire\/#breadcrumb"},"inLanguage":"fr-FR","potentialAction":[{"@type":"ReadAction","target":["https:\/\/kapitalis.com\/tunisie\/2017\/04\/24\/un-comite-de-defense-des-mouvements-sociaux-pour-quoi-faire\/"]}]},{"@type":"ImageObject","inLanguage":"fr-FR","@id":"https:\/\/kapitalis.com\/tunisie\/2017\/04\/24\/un-comite-de-defense-des-mouvements-sociaux-pour-quoi-faire\/#primaryimage","url":"http:\/\/kapitalis.com\/tunisie\/wp-content\/uploads\/2017\/04\/Manifestations-regions.jpg","contentUrl":"http:\/\/kapitalis.com\/tunisie\/wp-content\/uploads\/2017\/04\/Manifestations-regions.jpg"},{"@type":"BreadcrumbList","@id":"https:\/\/kapitalis.com\/tunisie\/2017\/04\/24\/un-comite-de-defense-des-mouvements-sociaux-pour-quoi-faire\/#breadcrumb","itemListElement":[{"@type":"ListItem","position":1,"name":"Accueil","item":"https:\/\/kapitalis.com\/tunisie\/"},{"@type":"ListItem","position":2,"name":"Un comit\u00e9 de\u00a0d\u00e9fense des mouvements sociaux pour quoi faire ?"}]},{"@type":"WebSite","@id":"https:\/\/kapitalis.com\/tunisie\/#website","url":"https:\/\/kapitalis.com\/tunisie\/","name":"Kapitalis","description":"L&#039;actualit\u00e9 en Tunisie et dans le monde","publisher":{"@id":"https:\/\/kapitalis.com\/tunisie\/#organization"},"potentialAction":[{"@type":"SearchAction","target":{"@type":"EntryPoint","urlTemplate":"https:\/\/kapitalis.com\/tunisie\/?s={search_term_string}"},"query-input":{"@type":"PropertyValueSpecification","valueRequired":true,"valueName":"search_term_string"}}],"inLanguage":"fr-FR"},{"@type":"Organization","@id":"https:\/\/kapitalis.com\/tunisie\/#organization","name":"Kapitalis","url":"https:\/\/kapitalis.com\/tunisie\/","logo":{"@type":"ImageObject","inLanguage":"fr-FR","@id":"https:\/\/kapitalis.com\/tunisie\/#\/schema\/logo\/image\/","url":"https:\/\/kapitalis.com\/tunisie\/wp-content\/uploads\/2022\/05\/Kapitalis-big-size.png","contentUrl":"https:\/\/kapitalis.com\/tunisie\/wp-content\/uploads\/2022\/05\/Kapitalis-big-size.png","width":5000,"height":1500,"caption":"Kapitalis"},"image":{"@id":"https:\/\/kapitalis.com\/tunisie\/#\/schema\/logo\/image\/"},"sameAs":["https:\/\/www.facebook.com\/KapitalisInfo\/","https:\/\/x.com\/KapitalisInfo","https:\/\/www.youtube.com\/channel\/UC-yDYrHyfFBWWZaOw3FPg9Q"]},{"@type":"Person","@id":"https:\/\/kapitalis.com\/tunisie\/#\/schema\/person\/d71f33a9ca44f7bad4698210b480c8e9","name":"webmaster kapitalis","url":"https:\/\/kapitalis.com\/tunisie\/author\/webmaster-kapitalis\/"}]}},"_links":{"self":[{"href":"https:\/\/kapitalis.com\/tunisie\/wp-json\/wp\/v2\/posts\/92818","targetHints":{"allow":["GET"]}}],"collection":[{"href":"https:\/\/kapitalis.com\/tunisie\/wp-json\/wp\/v2\/posts"}],"about":[{"href":"https:\/\/kapitalis.com\/tunisie\/wp-json\/wp\/v2\/types\/post"}],"author":[{"embeddable":true,"href":"https:\/\/kapitalis.com\/tunisie\/wp-json\/wp\/v2\/users\/8"}],"replies":[{"embeddable":true,"href":"https:\/\/kapitalis.com\/tunisie\/wp-json\/wp\/v2\/comments?post=92818"}],"version-history":[{"count":0,"href":"https:\/\/kapitalis.com\/tunisie\/wp-json\/wp\/v2\/posts\/92818\/revisions"}],"wp:attachment":[{"href":"https:\/\/kapitalis.com\/tunisie\/wp-json\/wp\/v2\/media?parent=92818"}],"wp:term":[{"taxonomy":"category","embeddable":true,"href":"https:\/\/kapitalis.com\/tunisie\/wp-json\/wp\/v2\/categories?post=92818"},{"taxonomy":"post_tag","embeddable":true,"href":"https:\/\/kapitalis.com\/tunisie\/wp-json\/wp\/v2\/tags?post=92818"}],"curies":[{"name":"wp","href":"https:\/\/api.w.org\/{rel}","templated":true}]}}