{"id":9314416,"date":"2023-08-10T06:46:22","date_gmt":"2023-08-10T05:46:22","guid":{"rendered":"https:\/\/kapitalis.com\/tunisie\/?p=9314416"},"modified":"2023-08-10T06:46:23","modified_gmt":"2023-08-10T05:46:23","slug":"tunisie-libye-mieux-coordonner-la-gestion-des-migrants-irreguliers","status":"publish","type":"post","link":"https:\/\/kapitalis.com\/tunisie\/2023\/08\/10\/tunisie-libye-mieux-coordonner-la-gestion-des-migrants-irreguliers\/","title":{"rendered":"Tunisie &#8211; Libye\u00a0: mieux coordonner la gestion des migrants irr\u00e9guliers"},"content":{"rendered":"\n<p><strong><em>La gestion des flux de migrants a cr\u00e9\u00e9 des <a href=\"https:\/\/kapitalis.com\/tunisie\/2023\/07\/18\/la-question-migratoire-enfonce-un-coin-entre-la-tunisie-et-la-libye\/\" target=\"_blank\" rel=\"noreferrer noopener\">fritures entre la Tunisie et la Libye<\/a>, chaque partie renvoyant \u00e0 l\u2019autre la responsabilit\u00e9 du sort de plusieurs dizaines de subsahariens bloqu\u00e9s \u00e0 leurs fronti\u00e8res respectives. Une explication s\u2019imposait et elle a quelque peu tard\u00e9.<\/em><\/strong><\/p>\n\n\n\n<!--more-->\n\n\n\n<p>C\u2019est pour tenter de se concerter sur les moyens de g\u00e9rer ces flux qu\u2019une r\u00e9union de travail s\u2019est tenu \u00e0 Tunis mercredi 9 ao\u00fbt 2023 entre le ministre de l\u2019Int\u00e9rieur Kamel Feki et son homologue libyen, le g\u00e9n\u00e9ral de division Imad Mustafa Tarabulsi, en pr\u00e9sence de hauts fonctionnaires des deux minist\u00e8res. Les responsables de la s\u00e9curit\u00e9 des deux pays ont discut\u00e9 des moyens de lutter contre la migration irr\u00e9guli\u00e8re et de faciliter les services au poste fronti\u00e8re de Ras Jedir, en plus des probl\u00e8mes de s\u00e9curit\u00e9 communs.<\/p>\n\n\n\n<p>Le minist\u00e8re de l\u2019Int\u00e9rieur a d\u00e9clar\u00e9 dans un communiqu\u00e9 que les deux parties ont convenu de la n\u00e9cessit\u00e9 d\u2019une plus grande coordination et coop\u00e9ration bilat\u00e9rale dans le domaine de la s\u00e9curit\u00e9 pour refl\u00e9ter les v\u00e9ritables relations fraternelles entre les deux peuples et la force du partenariat entre les deux pays, en particulier dans le domaine du partage de renseignements, de la formation et de la lutte contre le crime organis\u00e9.<\/p>\n\n\n\n<figure class=\"wp-block-embed is-type-wp-embed is-provider-kapitalis wp-block-embed-kapitalis\"><div class=\"wp-block-embed__wrapper\">\n<blockquote class=\"wp-embedded-content\" data-secret=\"e1cA73p0MD\"><a href=\"https:\/\/kapitalis.com\/tunisie\/2023\/08\/03\/une-dizaine-de-migrants-subsahariens-retrouves-morts-a-la-frontiere-entre-la-tunisie-et-la-libye\/\">Une dizaine de migrants subsahariens retrouv\u00e9s morts \u00e0 la fronti\u00e8re entre la Tunisie et la Libye<\/a><\/blockquote><iframe loading=\"lazy\" class=\"wp-embedded-content\" sandbox=\"allow-scripts\" security=\"restricted\" style=\"position: absolute; clip: rect(1px, 1px, 1px, 1px);\" title=\"\u00ab\u00a0Une dizaine de migrants subsahariens retrouv\u00e9s morts \u00e0 la fronti\u00e8re entre la Tunisie et la Libye\u00a0\u00bb &#8212; Kapitalis\" src=\"https:\/\/kapitalis.com\/tunisie\/2023\/08\/03\/une-dizaine-de-migrants-subsahariens-retrouves-morts-a-la-frontiere-entre-la-tunisie-et-la-libye\/embed\/#?secret=nk8MjcAoYq#?secret=e1cA73p0MD\" data-secret=\"e1cA73p0MD\" width=\"600\" height=\"338\" frameborder=\"0\" marginwidth=\"0\" marginheight=\"0\" scrolling=\"no\"><\/iframe>\n<\/div><\/figure>\n\n\n\n<p>Au cours de la rencontre, les ministres ont soulign\u00e9 l&rsquo;importance de la question des migrants africains en provenance des pays sah\u00e9liens et subsahariens et son impact sur les deux pays, ainsi que la n\u00e9cessit\u00e9 de r\u00e9duire le flux de migrants aux fronti\u00e8res, ce qui n\u00e9cessite des efforts concert\u00e9s et une coordination afin de trouver des solutions qui tiennent compte des int\u00e9r\u00eats sup\u00e9rieurs des deux pays.<\/p>\n\n\n\n<p>Ils ont \u00e9galement convenu d\u2019appeler les organisations internationales \u00e0 soutenir les efforts de l\u2019Etat tunisien et du Croissant Rouge dans l\u2019assistance humanitaire et \u00e0 ne pas h\u00e9siter \u00e0 remplir leur devoir envers les migrants et \u00e0 les informer.<\/p>\n\n\n\n<p>Au cours de la s\u00e9ance de travail, il a \u00e9t\u00e9 convenu de mettre en place une \u00e9quipe conjointe de terrain charg\u00e9e de surveiller la fluidit\u00e9 du trafic au poste fronti\u00e8re de Ras Jedir et de faire des propositions s\u00e9rieuses sur toutes les questions y aff\u00e9rentes \u00e0 appliquer sur le terrain afin de faciliter le passage des voyageurs des deux c\u00f4t\u00e9s.<\/p>\n\n\n\n<p>Les deux parties ont appel\u00e9 au renforcement des travaux du Comit\u00e9 permanent conjoint de s\u00e9curit\u00e9 et \u00e0 la poursuite des r\u00e9unions conjointes de coordination afin de consolider davantage et d\u2019\u00e9lever les relations bilat\u00e9rales au plus haut niveau.<\/p>\n\n\n\n<p><strong><em>Avec Tap.<\/em><\/strong><\/p>\n\n\n\n<figure class=\"wp-block-embed is-type-wp-embed is-provider-kapitalis wp-block-embed-kapitalis\"><div class=\"wp-block-embed__wrapper\">\n<blockquote class=\"wp-embedded-content\" data-secret=\"foXb0BrgAT\"><a href=\"https:\/\/kapitalis.com\/tunisie\/2023\/07\/18\/la-question-migratoire-enfonce-un-coin-entre-la-tunisie-et-la-libye\/\">La question migratoire enfonce un coin entre la Tunisie et la Libye<\/a><\/blockquote><iframe loading=\"lazy\" class=\"wp-embedded-content\" sandbox=\"allow-scripts\" security=\"restricted\" style=\"position: absolute; clip: rect(1px, 1px, 1px, 1px);\" title=\"\u00ab\u00a0La question migratoire enfonce un coin entre la Tunisie et la Libye\u00a0\u00bb &#8212; Kapitalis\" src=\"https:\/\/kapitalis.com\/tunisie\/2023\/07\/18\/la-question-migratoire-enfonce-un-coin-entre-la-tunisie-et-la-libye\/embed\/#?secret=PqNzawi6Zd#?secret=foXb0BrgAT\" data-secret=\"foXb0BrgAT\" width=\"600\" height=\"338\" frameborder=\"0\" marginwidth=\"0\" marginheight=\"0\" scrolling=\"no\"><\/iframe>\n<\/div><\/figure>\n","protected":false},"excerpt":{"rendered":"<p>La Tunisie et la Libye se concertent enfin sur les moyens de g\u00e9rer conjointement les flux des migrants irr\u00e9guliers transitant par leurs territoires.  <\/p>\n","protected":false},"author":8,"featured_media":9314441,"comment_status":"open","ping_status":"open","sticky":false,"template":"","format":"standard","meta":{"footnotes":""},"categories":[997,2433],"tags":[96161,544,88210,110352,766,62643],"class_list":["post-9314416","post","type-post","status-publish","format-standard","has-post-thumbnail","hentry","category-politique","category-tunisie","tag-kamel-feki","tag-libye","tag-migrants-irreguliers","tag-mustafa-tarabulsi","tag-ras-jedir","tag-tunisie"],"yoast_head":"<!-- This site is optimized with the Yoast SEO plugin v26.6 - https:\/\/yoast.com\/wordpress\/plugins\/seo\/ -->\n<title>Tunisie - Libye\u00a0: mieux coordonner la gestion des migrants irr\u00e9guliers - Kapitalis<\/title>\n<meta name=\"robots\" content=\"index, follow, max-snippet:-1, max-image-preview:large, max-video-preview:-1\" \/>\n<link rel=\"canonical\" href=\"https:\/\/kapitalis.com\/tunisie\/2023\/08\/10\/tunisie-libye-mieux-coordonner-la-gestion-des-migrants-irreguliers\/\" \/>\n<meta property=\"og:locale\" content=\"fr_FR\" \/>\n<meta property=\"og:type\" content=\"article\" \/>\n<meta property=\"og:title\" content=\"Tunisie - Libye\u00a0: mieux coordonner la gestion des migrants irr\u00e9guliers - Kapitalis\" \/>\n<meta property=\"og:description\" content=\"La Tunisie et la Libye se concertent enfin sur les moyens de g\u00e9rer conjointement les flux des migrants irr\u00e9guliers transitant par leurs territoires.\" \/>\n<meta property=\"og:url\" content=\"https:\/\/kapitalis.com\/tunisie\/2023\/08\/10\/tunisie-libye-mieux-coordonner-la-gestion-des-migrants-irreguliers\/\" \/>\n<meta property=\"og:site_name\" content=\"Kapitalis\" \/>\n<meta property=\"article:publisher\" content=\"https:\/\/www.facebook.com\/KapitalisInfo\/\" \/>\n<meta property=\"article:published_time\" content=\"2023-08-10T05:46:22+00:00\" \/>\n<meta property=\"article:modified_time\" content=\"2023-08-10T05:46:23+00:00\" \/>\n<meta property=\"og:image\" content=\"https:\/\/kapitalis.com\/tunisie\/wp-content\/uploads\/2023\/08\/Tunisie-Libye-Kamel-Feki-Mustafa-Tarabulsi.jpg\" \/>\n\t<meta property=\"og:image:width\" content=\"1200\" \/>\n\t<meta property=\"og:image:height\" content=\"630\" \/>\n\t<meta property=\"og:image:type\" content=\"image\/jpeg\" \/>\n<meta name=\"author\" content=\"webmaster kapitalis\" \/>\n<meta name=\"twitter:card\" content=\"summary_large_image\" \/>\n<meta name=\"twitter:creator\" content=\"@KapitalisInfo\" \/>\n<meta name=\"twitter:site\" content=\"@KapitalisInfo\" \/>\n<meta name=\"twitter:label1\" content=\"\u00c9crit par\" \/>\n\t<meta name=\"twitter:data1\" content=\"webmaster kapitalis\" \/>\n\t<meta name=\"twitter:label2\" content=\"Dur\u00e9e de lecture estim\u00e9e\" \/>\n\t<meta name=\"twitter:data2\" content=\"3 minutes\" \/>\n<script type=\"application\/ld+json\" class=\"yoast-schema-graph\">{\"@context\":\"https:\/\/schema.org\",\"@graph\":[{\"@type\":\"Article\",\"@id\":\"https:\/\/kapitalis.com\/tunisie\/2023\/08\/10\/tunisie-libye-mieux-coordonner-la-gestion-des-migrants-irreguliers\/#article\",\"isPartOf\":{\"@id\":\"https:\/\/kapitalis.com\/tunisie\/2023\/08\/10\/tunisie-libye-mieux-coordonner-la-gestion-des-migrants-irreguliers\/\"},\"author\":{\"name\":\"webmaster kapitalis\",\"@id\":\"https:\/\/kapitalis.com\/tunisie\/#\/schema\/person\/d71f33a9ca44f7bad4698210b480c8e9\"},\"headline\":\"Tunisie &#8211; Libye\u00a0: mieux coordonner la gestion des migrants irr\u00e9guliers\",\"datePublished\":\"2023-08-10T05:46:22+00:00\",\"dateModified\":\"2023-08-10T05:46:23+00:00\",\"mainEntityOfPage\":{\"@id\":\"https:\/\/kapitalis.com\/tunisie\/2023\/08\/10\/tunisie-libye-mieux-coordonner-la-gestion-des-migrants-irreguliers\/\"},\"wordCount\":470,\"commentCount\":0,\"publisher\":{\"@id\":\"https:\/\/kapitalis.com\/tunisie\/#organization\"},\"image\":{\"@id\":\"https:\/\/kapitalis.com\/tunisie\/2023\/08\/10\/tunisie-libye-mieux-coordonner-la-gestion-des-migrants-irreguliers\/#primaryimage\"},\"thumbnailUrl\":\"https:\/\/kapitalis.com\/tunisie\/wp-content\/uploads\/2023\/08\/Tunisie-Libye-Kamel-Feki-Mustafa-Tarabulsi.jpg\",\"keywords\":[\"Kamel Feki\",\"Libye\",\"migrants irr\u00e9guliers\",\"Mustafa Tarabulsi\",\"Ras Jedir\",\"Tunisie\"],\"articleSection\":[\"POLITIQUE\",\"Tunisie\"],\"inLanguage\":\"fr-FR\",\"potentialAction\":[{\"@type\":\"CommentAction\",\"name\":\"Comment\",\"target\":[\"https:\/\/kapitalis.com\/tunisie\/2023\/08\/10\/tunisie-libye-mieux-coordonner-la-gestion-des-migrants-irreguliers\/#respond\"]}]},{\"@type\":\"WebPage\",\"@id\":\"https:\/\/kapitalis.com\/tunisie\/2023\/08\/10\/tunisie-libye-mieux-coordonner-la-gestion-des-migrants-irreguliers\/\",\"url\":\"https:\/\/kapitalis.com\/tunisie\/2023\/08\/10\/tunisie-libye-mieux-coordonner-la-gestion-des-migrants-irreguliers\/\",\"name\":\"Tunisie - Libye\u00a0: mieux coordonner la gestion des migrants irr\u00e9guliers - Kapitalis\",\"isPartOf\":{\"@id\":\"https:\/\/kapitalis.com\/tunisie\/#website\"},\"primaryImageOfPage\":{\"@id\":\"https:\/\/kapitalis.com\/tunisie\/2023\/08\/10\/tunisie-libye-mieux-coordonner-la-gestion-des-migrants-irreguliers\/#primaryimage\"},\"image\":{\"@id\":\"https:\/\/kapitalis.com\/tunisie\/2023\/08\/10\/tunisie-libye-mieux-coordonner-la-gestion-des-migrants-irreguliers\/#primaryimage\"},\"thumbnailUrl\":\"https:\/\/kapitalis.com\/tunisie\/wp-content\/uploads\/2023\/08\/Tunisie-Libye-Kamel-Feki-Mustafa-Tarabulsi.jpg\",\"datePublished\":\"2023-08-10T05:46:22+00:00\",\"dateModified\":\"2023-08-10T05:46:23+00:00\",\"breadcrumb\":{\"@id\":\"https:\/\/kapitalis.com\/tunisie\/2023\/08\/10\/tunisie-libye-mieux-coordonner-la-gestion-des-migrants-irreguliers\/#breadcrumb\"},\"inLanguage\":\"fr-FR\",\"potentialAction\":[{\"@type\":\"ReadAction\",\"target\":[\"https:\/\/kapitalis.com\/tunisie\/2023\/08\/10\/tunisie-libye-mieux-coordonner-la-gestion-des-migrants-irreguliers\/\"]}]},{\"@type\":\"ImageObject\",\"inLanguage\":\"fr-FR\",\"@id\":\"https:\/\/kapitalis.com\/tunisie\/2023\/08\/10\/tunisie-libye-mieux-coordonner-la-gestion-des-migrants-irreguliers\/#primaryimage\",\"url\":\"https:\/\/kapitalis.com\/tunisie\/wp-content\/uploads\/2023\/08\/Tunisie-Libye-Kamel-Feki-Mustafa-Tarabulsi.jpg\",\"contentUrl\":\"https:\/\/kapitalis.com\/tunisie\/wp-content\/uploads\/2023\/08\/Tunisie-Libye-Kamel-Feki-Mustafa-Tarabulsi.jpg\",\"width\":1200,\"height\":630},{\"@type\":\"BreadcrumbList\",\"@id\":\"https:\/\/kapitalis.com\/tunisie\/2023\/08\/10\/tunisie-libye-mieux-coordonner-la-gestion-des-migrants-irreguliers\/#breadcrumb\",\"itemListElement\":[{\"@type\":\"ListItem\",\"position\":1,\"name\":\"Accueil\",\"item\":\"https:\/\/kapitalis.com\/tunisie\/\"},{\"@type\":\"ListItem\",\"position\":2,\"name\":\"Tunisie &#8211; Libye\u00a0: mieux coordonner la gestion des migrants irr\u00e9guliers\"}]},{\"@type\":\"WebSite\",\"@id\":\"https:\/\/kapitalis.com\/tunisie\/#website\",\"url\":\"https:\/\/kapitalis.com\/tunisie\/\",\"name\":\"Kapitalis\",\"description\":\"L&#039;actualit\u00e9 en Tunisie et dans le monde\",\"publisher\":{\"@id\":\"https:\/\/kapitalis.com\/tunisie\/#organization\"},\"potentialAction\":[{\"@type\":\"SearchAction\",\"target\":{\"@type\":\"EntryPoint\",\"urlTemplate\":\"https:\/\/kapitalis.com\/tunisie\/?s={search_term_string}\"},\"query-input\":{\"@type\":\"PropertyValueSpecification\",\"valueRequired\":true,\"valueName\":\"search_term_string\"}}],\"inLanguage\":\"fr-FR\"},{\"@type\":\"Organization\",\"@id\":\"https:\/\/kapitalis.com\/tunisie\/#organization\",\"name\":\"Kapitalis\",\"url\":\"https:\/\/kapitalis.com\/tunisie\/\",\"logo\":{\"@type\":\"ImageObject\",\"inLanguage\":\"fr-FR\",\"@id\":\"https:\/\/kapitalis.com\/tunisie\/#\/schema\/logo\/image\/\",\"url\":\"https:\/\/kapitalis.com\/tunisie\/wp-content\/uploads\/2022\/05\/Kapitalis-big-size.png\",\"contentUrl\":\"https:\/\/kapitalis.com\/tunisie\/wp-content\/uploads\/2022\/05\/Kapitalis-big-size.png\",\"width\":5000,\"height\":1500,\"caption\":\"Kapitalis\"},\"image\":{\"@id\":\"https:\/\/kapitalis.com\/tunisie\/#\/schema\/logo\/image\/\"},\"sameAs\":[\"https:\/\/www.facebook.com\/KapitalisInfo\/\",\"https:\/\/x.com\/KapitalisInfo\",\"https:\/\/www.youtube.com\/channel\/UC-yDYrHyfFBWWZaOw3FPg9Q\"]},{\"@type\":\"Person\",\"@id\":\"https:\/\/kapitalis.com\/tunisie\/#\/schema\/person\/d71f33a9ca44f7bad4698210b480c8e9\",\"name\":\"webmaster kapitalis\",\"url\":\"https:\/\/kapitalis.com\/tunisie\/author\/webmaster-kapitalis\/\"}]}<\/script>\n<!-- \/ Yoast SEO plugin. -->","yoast_head_json":{"title":"Tunisie - Libye\u00a0: mieux coordonner la gestion des migrants irr\u00e9guliers - Kapitalis","robots":{"index":"index","follow":"follow","max-snippet":"max-snippet:-1","max-image-preview":"max-image-preview:large","max-video-preview":"max-video-preview:-1"},"canonical":"https:\/\/kapitalis.com\/tunisie\/2023\/08\/10\/tunisie-libye-mieux-coordonner-la-gestion-des-migrants-irreguliers\/","og_locale":"fr_FR","og_type":"article","og_title":"Tunisie - Libye\u00a0: mieux coordonner la gestion des migrants irr\u00e9guliers - Kapitalis","og_description":"La Tunisie et la Libye se concertent enfin sur les moyens de g\u00e9rer conjointement les flux des migrants irr\u00e9guliers transitant par leurs territoires.","og_url":"https:\/\/kapitalis.com\/tunisie\/2023\/08\/10\/tunisie-libye-mieux-coordonner-la-gestion-des-migrants-irreguliers\/","og_site_name":"Kapitalis","article_publisher":"https:\/\/www.facebook.com\/KapitalisInfo\/","article_published_time":"2023-08-10T05:46:22+00:00","article_modified_time":"2023-08-10T05:46:23+00:00","og_image":[{"width":1200,"height":630,"url":"https:\/\/kapitalis.com\/tunisie\/wp-content\/uploads\/2023\/08\/Tunisie-Libye-Kamel-Feki-Mustafa-Tarabulsi.jpg","type":"image\/jpeg"}],"author":"webmaster kapitalis","twitter_card":"summary_large_image","twitter_creator":"@KapitalisInfo","twitter_site":"@KapitalisInfo","twitter_misc":{"\u00c9crit par":"webmaster kapitalis","Dur\u00e9e de lecture estim\u00e9e":"3 minutes"},"schema":{"@context":"https:\/\/schema.org","@graph":[{"@type":"Article","@id":"https:\/\/kapitalis.com\/tunisie\/2023\/08\/10\/tunisie-libye-mieux-coordonner-la-gestion-des-migrants-irreguliers\/#article","isPartOf":{"@id":"https:\/\/kapitalis.com\/tunisie\/2023\/08\/10\/tunisie-libye-mieux-coordonner-la-gestion-des-migrants-irreguliers\/"},"author":{"name":"webmaster kapitalis","@id":"https:\/\/kapitalis.com\/tunisie\/#\/schema\/person\/d71f33a9ca44f7bad4698210b480c8e9"},"headline":"Tunisie &#8211; Libye\u00a0: mieux coordonner la gestion des migrants irr\u00e9guliers","datePublished":"2023-08-10T05:46:22+00:00","dateModified":"2023-08-10T05:46:23+00:00","mainEntityOfPage":{"@id":"https:\/\/kapitalis.com\/tunisie\/2023\/08\/10\/tunisie-libye-mieux-coordonner-la-gestion-des-migrants-irreguliers\/"},"wordCount":470,"commentCount":0,"publisher":{"@id":"https:\/\/kapitalis.com\/tunisie\/#organization"},"image":{"@id":"https:\/\/kapitalis.com\/tunisie\/2023\/08\/10\/tunisie-libye-mieux-coordonner-la-gestion-des-migrants-irreguliers\/#primaryimage"},"thumbnailUrl":"https:\/\/kapitalis.com\/tunisie\/wp-content\/uploads\/2023\/08\/Tunisie-Libye-Kamel-Feki-Mustafa-Tarabulsi.jpg","keywords":["Kamel Feki","Libye","migrants irr\u00e9guliers","Mustafa Tarabulsi","Ras Jedir","Tunisie"],"articleSection":["POLITIQUE","Tunisie"],"inLanguage":"fr-FR","potentialAction":[{"@type":"CommentAction","name":"Comment","target":["https:\/\/kapitalis.com\/tunisie\/2023\/08\/10\/tunisie-libye-mieux-coordonner-la-gestion-des-migrants-irreguliers\/#respond"]}]},{"@type":"WebPage","@id":"https:\/\/kapitalis.com\/tunisie\/2023\/08\/10\/tunisie-libye-mieux-coordonner-la-gestion-des-migrants-irreguliers\/","url":"https:\/\/kapitalis.com\/tunisie\/2023\/08\/10\/tunisie-libye-mieux-coordonner-la-gestion-des-migrants-irreguliers\/","name":"Tunisie - Libye\u00a0: mieux coordonner la gestion des migrants irr\u00e9guliers - Kapitalis","isPartOf":{"@id":"https:\/\/kapitalis.com\/tunisie\/#website"},"primaryImageOfPage":{"@id":"https:\/\/kapitalis.com\/tunisie\/2023\/08\/10\/tunisie-libye-mieux-coordonner-la-gestion-des-migrants-irreguliers\/#primaryimage"},"image":{"@id":"https:\/\/kapitalis.com\/tunisie\/2023\/08\/10\/tunisie-libye-mieux-coordonner-la-gestion-des-migrants-irreguliers\/#primaryimage"},"thumbnailUrl":"https:\/\/kapitalis.com\/tunisie\/wp-content\/uploads\/2023\/08\/Tunisie-Libye-Kamel-Feki-Mustafa-Tarabulsi.jpg","datePublished":"2023-08-10T05:46:22+00:00","dateModified":"2023-08-10T05:46:23+00:00","breadcrumb":{"@id":"https:\/\/kapitalis.com\/tunisie\/2023\/08\/10\/tunisie-libye-mieux-coordonner-la-gestion-des-migrants-irreguliers\/#breadcrumb"},"inLanguage":"fr-FR","potentialAction":[{"@type":"ReadAction","target":["https:\/\/kapitalis.com\/tunisie\/2023\/08\/10\/tunisie-libye-mieux-coordonner-la-gestion-des-migrants-irreguliers\/"]}]},{"@type":"ImageObject","inLanguage":"fr-FR","@id":"https:\/\/kapitalis.com\/tunisie\/2023\/08\/10\/tunisie-libye-mieux-coordonner-la-gestion-des-migrants-irreguliers\/#primaryimage","url":"https:\/\/kapitalis.com\/tunisie\/wp-content\/uploads\/2023\/08\/Tunisie-Libye-Kamel-Feki-Mustafa-Tarabulsi.jpg","contentUrl":"https:\/\/kapitalis.com\/tunisie\/wp-content\/uploads\/2023\/08\/Tunisie-Libye-Kamel-Feki-Mustafa-Tarabulsi.jpg","width":1200,"height":630},{"@type":"BreadcrumbList","@id":"https:\/\/kapitalis.com\/tunisie\/2023\/08\/10\/tunisie-libye-mieux-coordonner-la-gestion-des-migrants-irreguliers\/#breadcrumb","itemListElement":[{"@type":"ListItem","position":1,"name":"Accueil","item":"https:\/\/kapitalis.com\/tunisie\/"},{"@type":"ListItem","position":2,"name":"Tunisie &#8211; Libye\u00a0: mieux coordonner la gestion des migrants irr\u00e9guliers"}]},{"@type":"WebSite","@id":"https:\/\/kapitalis.com\/tunisie\/#website","url":"https:\/\/kapitalis.com\/tunisie\/","name":"Kapitalis","description":"L&#039;actualit\u00e9 en Tunisie et dans le monde","publisher":{"@id":"https:\/\/kapitalis.com\/tunisie\/#organization"},"potentialAction":[{"@type":"SearchAction","target":{"@type":"EntryPoint","urlTemplate":"https:\/\/kapitalis.com\/tunisie\/?s={search_term_string}"},"query-input":{"@type":"PropertyValueSpecification","valueRequired":true,"valueName":"search_term_string"}}],"inLanguage":"fr-FR"},{"@type":"Organization","@id":"https:\/\/kapitalis.com\/tunisie\/#organization","name":"Kapitalis","url":"https:\/\/kapitalis.com\/tunisie\/","logo":{"@type":"ImageObject","inLanguage":"fr-FR","@id":"https:\/\/kapitalis.com\/tunisie\/#\/schema\/logo\/image\/","url":"https:\/\/kapitalis.com\/tunisie\/wp-content\/uploads\/2022\/05\/Kapitalis-big-size.png","contentUrl":"https:\/\/kapitalis.com\/tunisie\/wp-content\/uploads\/2022\/05\/Kapitalis-big-size.png","width":5000,"height":1500,"caption":"Kapitalis"},"image":{"@id":"https:\/\/kapitalis.com\/tunisie\/#\/schema\/logo\/image\/"},"sameAs":["https:\/\/www.facebook.com\/KapitalisInfo\/","https:\/\/x.com\/KapitalisInfo","https:\/\/www.youtube.com\/channel\/UC-yDYrHyfFBWWZaOw3FPg9Q"]},{"@type":"Person","@id":"https:\/\/kapitalis.com\/tunisie\/#\/schema\/person\/d71f33a9ca44f7bad4698210b480c8e9","name":"webmaster kapitalis","url":"https:\/\/kapitalis.com\/tunisie\/author\/webmaster-kapitalis\/"}]}},"_links":{"self":[{"href":"https:\/\/kapitalis.com\/tunisie\/wp-json\/wp\/v2\/posts\/9314416","targetHints":{"allow":["GET"]}}],"collection":[{"href":"https:\/\/kapitalis.com\/tunisie\/wp-json\/wp\/v2\/posts"}],"about":[{"href":"https:\/\/kapitalis.com\/tunisie\/wp-json\/wp\/v2\/types\/post"}],"author":[{"embeddable":true,"href":"https:\/\/kapitalis.com\/tunisie\/wp-json\/wp\/v2\/users\/8"}],"replies":[{"embeddable":true,"href":"https:\/\/kapitalis.com\/tunisie\/wp-json\/wp\/v2\/comments?post=9314416"}],"version-history":[{"count":1,"href":"https:\/\/kapitalis.com\/tunisie\/wp-json\/wp\/v2\/posts\/9314416\/revisions"}],"predecessor-version":[{"id":9314456,"href":"https:\/\/kapitalis.com\/tunisie\/wp-json\/wp\/v2\/posts\/9314416\/revisions\/9314456"}],"wp:featuredmedia":[{"embeddable":true,"href":"https:\/\/kapitalis.com\/tunisie\/wp-json\/wp\/v2\/media\/9314441"}],"wp:attachment":[{"href":"https:\/\/kapitalis.com\/tunisie\/wp-json\/wp\/v2\/media?parent=9314416"}],"wp:term":[{"taxonomy":"category","embeddable":true,"href":"https:\/\/kapitalis.com\/tunisie\/wp-json\/wp\/v2\/categories?post=9314416"},{"taxonomy":"post_tag","embeddable":true,"href":"https:\/\/kapitalis.com\/tunisie\/wp-json\/wp\/v2\/tags?post=9314416"}],"curies":[{"name":"wp","href":"https:\/\/api.w.org\/{rel}","templated":true}]}}