{"id":93300,"date":"2017-04-27T10:34:28","date_gmt":"2017-04-27T09:34:28","guid":{"rendered":"http:\/\/kapitalis.com\/tunisie\/?p=93300"},"modified":"2017-04-27T10:36:40","modified_gmt":"2017-04-27T09:36:40","slug":"53e-edition-du-festival-de-carthage-du-13-juillet-au-19-aout-2017","status":"publish","type":"post","link":"https:\/\/kapitalis.com\/tunisie\/2017\/04\/27\/53e-edition-du-festival-de-carthage-du-13-juillet-au-19-aout-2017\/","title":{"rendered":"53e \u00e9dition du Festival de Carthage : Du 13 juillet au 19 ao\u00fbt 2017"},"content":{"rendered":"<p style=\"text-align: center;\"><img loading=\"lazy\" decoding=\"async\" class=\"alignnone size-full wp-image-93301\" src=\"http:\/\/kapitalis.com\/tunisie\/wp-content\/uploads\/2017\/04\/Festival-de-carthage.jpg\" alt=\"\" width=\"626\" height=\"380\" \/><\/p>\n<p><em><strong>Le comit\u00e9 d&rsquo;organisation du Festival international de Carthage a annonc\u00e9 les\u00a0dates de la 53e \u00e9dition, qui se tiendra du 13 juillet au 19 ao\u00fbt 2017.<\/strong><\/em><!--more--><\/p>\n<p>Ces dates ont \u00e9t\u00e9 rendues publiques dans un communiqu\u00e9 publi\u00e9 mercredi 26 avril 2017, sur la page Facebook\u00a0du festival, qui pr\u00e9cise que les soir\u00e9es seront r\u00e9parties entre le th\u00e9\u00e2tre romain et le mus\u00e9e de Carthage.<\/p>\n<p>Rappelons qu&rsquo;apr\u00e8s la d\u00e9mission de la po\u00e9tesse Amel Moussa, qui\u00a0a d\u00e9plor\u00e9 l&rsquo;interventionnisme du ministre des Affaires culturelles, Mohamed Zinelabidine, dans l&rsquo;organisation et la programmation,\u00a0la direction du festival a \u00e9t\u00e9 confi\u00e9e \u00e0 un vieux routier de l&rsquo;animation culturelle, Mokhtar Rassaa, fondateur et ancien directeur du Festival de la M\u00e9dina de Tunis et ancien Pdg de l&rsquo;Etablissement de la t\u00e9l\u00e9vision tunisienne.<\/p>\n<p>Toutefois, aucune information n&rsquo;a encore \u00e9t\u00e9 divulgu\u00e9e sur le programme de la prochaine\u00a0\u00e9dition.<\/p>\n<p style=\"text-align: right;\"><strong>E. B. A.<\/strong><\/p>\n","protected":false},"excerpt":{"rendered":"<p>Le comit\u00e9 d&rsquo;organisation du Festival international de Carthage a annonc\u00e9 les\u00a0dates de la 53e \u00e9dition, qui se tiendra du 13 juillet au 19 ao\u00fbt 2017.<\/p>\n","protected":false},"author":16,"featured_media":93301,"comment_status":"open","ping_status":"open","sticky":false,"template":"","format":"standard","meta":{"footnotes":""},"categories":[994,2433],"tags":[23499,2616,14831,29107,30206],"class_list":["post-93300","post","type-post","status-publish","format-standard","has-post-thumbnail","hentry","category-culture","category-tunisie","tag-amel-moussa","tag-festival-international-de-carthage","tag-mohamed-zinelabidine","tag-mokhtar-rassaa","tag-theatre-romain-de-carthage"],"yoast_head":"<!-- This site is optimized with the Yoast SEO plugin v26.6 - https:\/\/yoast.com\/wordpress\/plugins\/seo\/ -->\n<title>53e \u00e9dition du Festival de Carthage : Du 13 juillet au 19 ao\u00fbt 2017 - Kapitalis<\/title>\n<meta name=\"robots\" content=\"index, follow, max-snippet:-1, max-image-preview:large, max-video-preview:-1\" \/>\n<link rel=\"canonical\" href=\"https:\/\/kapitalis.com\/tunisie\/2017\/04\/27\/53e-edition-du-festival-de-carthage-du-13-juillet-au-19-aout-2017\/\" \/>\n<meta property=\"og:locale\" content=\"fr_FR\" \/>\n<meta property=\"og:type\" content=\"article\" \/>\n<meta property=\"og:title\" content=\"53e \u00e9dition du Festival de Carthage : Du 13 juillet au 19 ao\u00fbt 2017 - Kapitalis\" \/>\n<meta property=\"og:description\" content=\"Le comit\u00e9 d&rsquo;organisation du Festival international de Carthage a annonc\u00e9 les\u00a0dates de la 53e \u00e9dition, qui se tiendra du 13 juillet au 19 ao\u00fbt 2017.\" \/>\n<meta property=\"og:url\" content=\"https:\/\/kapitalis.com\/tunisie\/2017\/04\/27\/53e-edition-du-festival-de-carthage-du-13-juillet-au-19-aout-2017\/\" \/>\n<meta property=\"og:site_name\" content=\"Kapitalis\" \/>\n<meta property=\"article:publisher\" content=\"https:\/\/www.facebook.com\/KapitalisInfo\/\" \/>\n<meta property=\"article:published_time\" content=\"2017-04-27T09:34:28+00:00\" \/>\n<meta property=\"article:modified_time\" content=\"2017-04-27T09:36:40+00:00\" \/>\n<meta property=\"og:image\" content=\"https:\/\/kapitalis.com\/tunisie\/wp-content\/uploads\/2022\/05\/kapitalis-logo-fb.png\" \/>\n\t<meta property=\"og:image:width\" content=\"1200\" \/>\n\t<meta property=\"og:image:height\" content=\"630\" \/>\n\t<meta property=\"og:image:type\" content=\"image\/png\" \/>\n<meta name=\"author\" content=\"emna benabdallah\" \/>\n<meta name=\"twitter:card\" content=\"summary_large_image\" \/>\n<meta name=\"twitter:creator\" content=\"@KapitalisInfo\" \/>\n<meta name=\"twitter:site\" content=\"@KapitalisInfo\" \/>\n<meta name=\"twitter:label1\" content=\"\u00c9crit par\" \/>\n\t<meta name=\"twitter:data1\" content=\"emna benabdallah\" \/>\n\t<meta name=\"twitter:label2\" content=\"Dur\u00e9e de lecture estim\u00e9e\" \/>\n\t<meta name=\"twitter:data2\" content=\"1 minute\" \/>\n<script type=\"application\/ld+json\" class=\"yoast-schema-graph\">{\"@context\":\"https:\/\/schema.org\",\"@graph\":[{\"@type\":\"Article\",\"@id\":\"https:\/\/kapitalis.com\/tunisie\/2017\/04\/27\/53e-edition-du-festival-de-carthage-du-13-juillet-au-19-aout-2017\/#article\",\"isPartOf\":{\"@id\":\"https:\/\/kapitalis.com\/tunisie\/2017\/04\/27\/53e-edition-du-festival-de-carthage-du-13-juillet-au-19-aout-2017\/\"},\"author\":{\"name\":\"emna benabdallah\",\"@id\":\"https:\/\/kapitalis.com\/tunisie\/#\/schema\/person\/2c6e134b2f3369dffcd1daf5f087d28b\"},\"headline\":\"53e \u00e9dition du Festival de Carthage : Du 13 juillet au 19 ao\u00fbt 2017\",\"datePublished\":\"2017-04-27T09:34:28+00:00\",\"dateModified\":\"2017-04-27T09:36:40+00:00\",\"mainEntityOfPage\":{\"@id\":\"https:\/\/kapitalis.com\/tunisie\/2017\/04\/27\/53e-edition-du-festival-de-carthage-du-13-juillet-au-19-aout-2017\/\"},\"wordCount\":160,\"commentCount\":0,\"publisher\":{\"@id\":\"https:\/\/kapitalis.com\/tunisie\/#organization\"},\"image\":{\"@id\":\"https:\/\/kapitalis.com\/tunisie\/2017\/04\/27\/53e-edition-du-festival-de-carthage-du-13-juillet-au-19-aout-2017\/#primaryimage\"},\"thumbnailUrl\":\"\",\"keywords\":[\"Amel Moussa\",\"Festival international de Carthage\",\"Mohamed Zinelabidine\",\"Mokhtar Rassaa\",\"th\u00e9\u00e2tre romain de Carthage\"],\"articleSection\":[\"CULTURE\",\"Tunisie\"],\"inLanguage\":\"fr-FR\",\"potentialAction\":[{\"@type\":\"CommentAction\",\"name\":\"Comment\",\"target\":[\"https:\/\/kapitalis.com\/tunisie\/2017\/04\/27\/53e-edition-du-festival-de-carthage-du-13-juillet-au-19-aout-2017\/#respond\"]}]},{\"@type\":\"WebPage\",\"@id\":\"https:\/\/kapitalis.com\/tunisie\/2017\/04\/27\/53e-edition-du-festival-de-carthage-du-13-juillet-au-19-aout-2017\/\",\"url\":\"https:\/\/kapitalis.com\/tunisie\/2017\/04\/27\/53e-edition-du-festival-de-carthage-du-13-juillet-au-19-aout-2017\/\",\"name\":\"53e \u00e9dition du Festival de Carthage : Du 13 juillet au 19 ao\u00fbt 2017 - Kapitalis\",\"isPartOf\":{\"@id\":\"https:\/\/kapitalis.com\/tunisie\/#website\"},\"primaryImageOfPage\":{\"@id\":\"https:\/\/kapitalis.com\/tunisie\/2017\/04\/27\/53e-edition-du-festival-de-carthage-du-13-juillet-au-19-aout-2017\/#primaryimage\"},\"image\":{\"@id\":\"https:\/\/kapitalis.com\/tunisie\/2017\/04\/27\/53e-edition-du-festival-de-carthage-du-13-juillet-au-19-aout-2017\/#primaryimage\"},\"thumbnailUrl\":\"\",\"datePublished\":\"2017-04-27T09:34:28+00:00\",\"dateModified\":\"2017-04-27T09:36:40+00:00\",\"breadcrumb\":{\"@id\":\"https:\/\/kapitalis.com\/tunisie\/2017\/04\/27\/53e-edition-du-festival-de-carthage-du-13-juillet-au-19-aout-2017\/#breadcrumb\"},\"inLanguage\":\"fr-FR\",\"potentialAction\":[{\"@type\":\"ReadAction\",\"target\":[\"https:\/\/kapitalis.com\/tunisie\/2017\/04\/27\/53e-edition-du-festival-de-carthage-du-13-juillet-au-19-aout-2017\/\"]}]},{\"@type\":\"ImageObject\",\"inLanguage\":\"fr-FR\",\"@id\":\"https:\/\/kapitalis.com\/tunisie\/2017\/04\/27\/53e-edition-du-festival-de-carthage-du-13-juillet-au-19-aout-2017\/#primaryimage\",\"url\":\"\",\"contentUrl\":\"\"},{\"@type\":\"BreadcrumbList\",\"@id\":\"https:\/\/kapitalis.com\/tunisie\/2017\/04\/27\/53e-edition-du-festival-de-carthage-du-13-juillet-au-19-aout-2017\/#breadcrumb\",\"itemListElement\":[{\"@type\":\"ListItem\",\"position\":1,\"name\":\"Accueil\",\"item\":\"https:\/\/kapitalis.com\/tunisie\/\"},{\"@type\":\"ListItem\",\"position\":2,\"name\":\"53e \u00e9dition du Festival de Carthage : Du 13 juillet au 19 ao\u00fbt 2017\"}]},{\"@type\":\"WebSite\",\"@id\":\"https:\/\/kapitalis.com\/tunisie\/#website\",\"url\":\"https:\/\/kapitalis.com\/tunisie\/\",\"name\":\"Kapitalis\",\"description\":\"L&#039;actualit\u00e9 en Tunisie et dans le monde\",\"publisher\":{\"@id\":\"https:\/\/kapitalis.com\/tunisie\/#organization\"},\"potentialAction\":[{\"@type\":\"SearchAction\",\"target\":{\"@type\":\"EntryPoint\",\"urlTemplate\":\"https:\/\/kapitalis.com\/tunisie\/?s={search_term_string}\"},\"query-input\":{\"@type\":\"PropertyValueSpecification\",\"valueRequired\":true,\"valueName\":\"search_term_string\"}}],\"inLanguage\":\"fr-FR\"},{\"@type\":\"Organization\",\"@id\":\"https:\/\/kapitalis.com\/tunisie\/#organization\",\"name\":\"Kapitalis\",\"url\":\"https:\/\/kapitalis.com\/tunisie\/\",\"logo\":{\"@type\":\"ImageObject\",\"inLanguage\":\"fr-FR\",\"@id\":\"https:\/\/kapitalis.com\/tunisie\/#\/schema\/logo\/image\/\",\"url\":\"https:\/\/kapitalis.com\/tunisie\/wp-content\/uploads\/2022\/05\/Kapitalis-big-size.png\",\"contentUrl\":\"https:\/\/kapitalis.com\/tunisie\/wp-content\/uploads\/2022\/05\/Kapitalis-big-size.png\",\"width\":5000,\"height\":1500,\"caption\":\"Kapitalis\"},\"image\":{\"@id\":\"https:\/\/kapitalis.com\/tunisie\/#\/schema\/logo\/image\/\"},\"sameAs\":[\"https:\/\/www.facebook.com\/KapitalisInfo\/\",\"https:\/\/x.com\/KapitalisInfo\",\"https:\/\/www.youtube.com\/channel\/UC-yDYrHyfFBWWZaOw3FPg9Q\"]},{\"@type\":\"Person\",\"@id\":\"https:\/\/kapitalis.com\/tunisie\/#\/schema\/person\/2c6e134b2f3369dffcd1daf5f087d28b\",\"name\":\"emna benabdallah\",\"url\":\"https:\/\/kapitalis.com\/tunisie\/author\/emna\/\"}]}<\/script>\n<!-- \/ Yoast SEO plugin. -->","yoast_head_json":{"title":"53e \u00e9dition du Festival de Carthage : Du 13 juillet au 19 ao\u00fbt 2017 - Kapitalis","robots":{"index":"index","follow":"follow","max-snippet":"max-snippet:-1","max-image-preview":"max-image-preview:large","max-video-preview":"max-video-preview:-1"},"canonical":"https:\/\/kapitalis.com\/tunisie\/2017\/04\/27\/53e-edition-du-festival-de-carthage-du-13-juillet-au-19-aout-2017\/","og_locale":"fr_FR","og_type":"article","og_title":"53e \u00e9dition du Festival de Carthage : Du 13 juillet au 19 ao\u00fbt 2017 - Kapitalis","og_description":"Le comit\u00e9 d&rsquo;organisation du Festival international de Carthage a annonc\u00e9 les\u00a0dates de la 53e \u00e9dition, qui se tiendra du 13 juillet au 19 ao\u00fbt 2017.","og_url":"https:\/\/kapitalis.com\/tunisie\/2017\/04\/27\/53e-edition-du-festival-de-carthage-du-13-juillet-au-19-aout-2017\/","og_site_name":"Kapitalis","article_publisher":"https:\/\/www.facebook.com\/KapitalisInfo\/","article_published_time":"2017-04-27T09:34:28+00:00","article_modified_time":"2017-04-27T09:36:40+00:00","og_image":[{"width":1200,"height":630,"url":"https:\/\/kapitalis.com\/tunisie\/wp-content\/uploads\/2022\/05\/kapitalis-logo-fb.png","type":"image\/png"}],"author":"emna benabdallah","twitter_card":"summary_large_image","twitter_creator":"@KapitalisInfo","twitter_site":"@KapitalisInfo","twitter_misc":{"\u00c9crit par":"emna benabdallah","Dur\u00e9e de lecture estim\u00e9e":"1 minute"},"schema":{"@context":"https:\/\/schema.org","@graph":[{"@type":"Article","@id":"https:\/\/kapitalis.com\/tunisie\/2017\/04\/27\/53e-edition-du-festival-de-carthage-du-13-juillet-au-19-aout-2017\/#article","isPartOf":{"@id":"https:\/\/kapitalis.com\/tunisie\/2017\/04\/27\/53e-edition-du-festival-de-carthage-du-13-juillet-au-19-aout-2017\/"},"author":{"name":"emna benabdallah","@id":"https:\/\/kapitalis.com\/tunisie\/#\/schema\/person\/2c6e134b2f3369dffcd1daf5f087d28b"},"headline":"53e \u00e9dition du Festival de Carthage : Du 13 juillet au 19 ao\u00fbt 2017","datePublished":"2017-04-27T09:34:28+00:00","dateModified":"2017-04-27T09:36:40+00:00","mainEntityOfPage":{"@id":"https:\/\/kapitalis.com\/tunisie\/2017\/04\/27\/53e-edition-du-festival-de-carthage-du-13-juillet-au-19-aout-2017\/"},"wordCount":160,"commentCount":0,"publisher":{"@id":"https:\/\/kapitalis.com\/tunisie\/#organization"},"image":{"@id":"https:\/\/kapitalis.com\/tunisie\/2017\/04\/27\/53e-edition-du-festival-de-carthage-du-13-juillet-au-19-aout-2017\/#primaryimage"},"thumbnailUrl":"","keywords":["Amel Moussa","Festival international de Carthage","Mohamed Zinelabidine","Mokhtar Rassaa","th\u00e9\u00e2tre romain de Carthage"],"articleSection":["CULTURE","Tunisie"],"inLanguage":"fr-FR","potentialAction":[{"@type":"CommentAction","name":"Comment","target":["https:\/\/kapitalis.com\/tunisie\/2017\/04\/27\/53e-edition-du-festival-de-carthage-du-13-juillet-au-19-aout-2017\/#respond"]}]},{"@type":"WebPage","@id":"https:\/\/kapitalis.com\/tunisie\/2017\/04\/27\/53e-edition-du-festival-de-carthage-du-13-juillet-au-19-aout-2017\/","url":"https:\/\/kapitalis.com\/tunisie\/2017\/04\/27\/53e-edition-du-festival-de-carthage-du-13-juillet-au-19-aout-2017\/","name":"53e \u00e9dition du Festival de Carthage : Du 13 juillet au 19 ao\u00fbt 2017 - Kapitalis","isPartOf":{"@id":"https:\/\/kapitalis.com\/tunisie\/#website"},"primaryImageOfPage":{"@id":"https:\/\/kapitalis.com\/tunisie\/2017\/04\/27\/53e-edition-du-festival-de-carthage-du-13-juillet-au-19-aout-2017\/#primaryimage"},"image":{"@id":"https:\/\/kapitalis.com\/tunisie\/2017\/04\/27\/53e-edition-du-festival-de-carthage-du-13-juillet-au-19-aout-2017\/#primaryimage"},"thumbnailUrl":"","datePublished":"2017-04-27T09:34:28+00:00","dateModified":"2017-04-27T09:36:40+00:00","breadcrumb":{"@id":"https:\/\/kapitalis.com\/tunisie\/2017\/04\/27\/53e-edition-du-festival-de-carthage-du-13-juillet-au-19-aout-2017\/#breadcrumb"},"inLanguage":"fr-FR","potentialAction":[{"@type":"ReadAction","target":["https:\/\/kapitalis.com\/tunisie\/2017\/04\/27\/53e-edition-du-festival-de-carthage-du-13-juillet-au-19-aout-2017\/"]}]},{"@type":"ImageObject","inLanguage":"fr-FR","@id":"https:\/\/kapitalis.com\/tunisie\/2017\/04\/27\/53e-edition-du-festival-de-carthage-du-13-juillet-au-19-aout-2017\/#primaryimage","url":"","contentUrl":""},{"@type":"BreadcrumbList","@id":"https:\/\/kapitalis.com\/tunisie\/2017\/04\/27\/53e-edition-du-festival-de-carthage-du-13-juillet-au-19-aout-2017\/#breadcrumb","itemListElement":[{"@type":"ListItem","position":1,"name":"Accueil","item":"https:\/\/kapitalis.com\/tunisie\/"},{"@type":"ListItem","position":2,"name":"53e \u00e9dition du Festival de Carthage : Du 13 juillet au 19 ao\u00fbt 2017"}]},{"@type":"WebSite","@id":"https:\/\/kapitalis.com\/tunisie\/#website","url":"https:\/\/kapitalis.com\/tunisie\/","name":"Kapitalis","description":"L&#039;actualit\u00e9 en Tunisie et dans le monde","publisher":{"@id":"https:\/\/kapitalis.com\/tunisie\/#organization"},"potentialAction":[{"@type":"SearchAction","target":{"@type":"EntryPoint","urlTemplate":"https:\/\/kapitalis.com\/tunisie\/?s={search_term_string}"},"query-input":{"@type":"PropertyValueSpecification","valueRequired":true,"valueName":"search_term_string"}}],"inLanguage":"fr-FR"},{"@type":"Organization","@id":"https:\/\/kapitalis.com\/tunisie\/#organization","name":"Kapitalis","url":"https:\/\/kapitalis.com\/tunisie\/","logo":{"@type":"ImageObject","inLanguage":"fr-FR","@id":"https:\/\/kapitalis.com\/tunisie\/#\/schema\/logo\/image\/","url":"https:\/\/kapitalis.com\/tunisie\/wp-content\/uploads\/2022\/05\/Kapitalis-big-size.png","contentUrl":"https:\/\/kapitalis.com\/tunisie\/wp-content\/uploads\/2022\/05\/Kapitalis-big-size.png","width":5000,"height":1500,"caption":"Kapitalis"},"image":{"@id":"https:\/\/kapitalis.com\/tunisie\/#\/schema\/logo\/image\/"},"sameAs":["https:\/\/www.facebook.com\/KapitalisInfo\/","https:\/\/x.com\/KapitalisInfo","https:\/\/www.youtube.com\/channel\/UC-yDYrHyfFBWWZaOw3FPg9Q"]},{"@type":"Person","@id":"https:\/\/kapitalis.com\/tunisie\/#\/schema\/person\/2c6e134b2f3369dffcd1daf5f087d28b","name":"emna benabdallah","url":"https:\/\/kapitalis.com\/tunisie\/author\/emna\/"}]}},"_links":{"self":[{"href":"https:\/\/kapitalis.com\/tunisie\/wp-json\/wp\/v2\/posts\/93300","targetHints":{"allow":["GET"]}}],"collection":[{"href":"https:\/\/kapitalis.com\/tunisie\/wp-json\/wp\/v2\/posts"}],"about":[{"href":"https:\/\/kapitalis.com\/tunisie\/wp-json\/wp\/v2\/types\/post"}],"author":[{"embeddable":true,"href":"https:\/\/kapitalis.com\/tunisie\/wp-json\/wp\/v2\/users\/16"}],"replies":[{"embeddable":true,"href":"https:\/\/kapitalis.com\/tunisie\/wp-json\/wp\/v2\/comments?post=93300"}],"version-history":[{"count":0,"href":"https:\/\/kapitalis.com\/tunisie\/wp-json\/wp\/v2\/posts\/93300\/revisions"}],"wp:featuredmedia":[{"embeddable":true,"href":"https:\/\/kapitalis.com\/tunisie\/wp-json\/wp\/v2\/media\/93301"}],"wp:attachment":[{"href":"https:\/\/kapitalis.com\/tunisie\/wp-json\/wp\/v2\/media?parent=93300"}],"wp:term":[{"taxonomy":"category","embeddable":true,"href":"https:\/\/kapitalis.com\/tunisie\/wp-json\/wp\/v2\/categories?post=93300"},{"taxonomy":"post_tag","embeddable":true,"href":"https:\/\/kapitalis.com\/tunisie\/wp-json\/wp\/v2\/tags?post=93300"}],"curies":[{"name":"wp","href":"https:\/\/api.w.org\/{rel}","templated":true}]}}