{"id":93348,"date":"2017-04-27T15:03:07","date_gmt":"2017-04-27T14:33:07","guid":{"rendered":"http:\/\/kapitalis.com\/tunisie\/?p=93348"},"modified":"2017-04-27T16:41:10","modified_gmt":"2017-04-27T16:11:10","slug":"chahed-accueilli-par-des-degage-a-tataouine","status":"publish","type":"post","link":"https:\/\/kapitalis.com\/tunisie\/2017\/04\/27\/chahed-accueilli-par-des-degage-a-tataouine\/","title":{"rendered":"Chahed accueilli par des \u00ab\u00a0D\u00e9gage\u00a0\u00bb \u00e0 Tataouine"},"content":{"rendered":"<p style=\"text-align: center;\"><img loading=\"lazy\" decoding=\"async\" class=\"alignnone size-full wp-image-93370\" src=\"http:\/\/kapitalis.com\/tunisie\/wp-content\/uploads\/2017\/04\/Chahed.jpg\" alt=\"\" width=\"626\" height=\"380\" \/><\/p>\n<p><em><strong>Youssef Chahed a eu droit \u00e0\u00a0des \u00ab\u00a0D\u00e9gage\u00a0\u00bb bien audibles, aujourd&rsquo;hui, devant\u00a0l&rsquo;Institut sup\u00e9rieur des \u00e9tudes technologiques (Iset) de Tataouine.<\/strong><\/em><!--more--><\/p>\n<p>En visite officielle dans cette r\u00e9gion, ce jeudi 27 avril 2017, le chef du gouvernement a \u00e9t\u00e9 accueilli d\u00e8s son arriv\u00e9e \u00e0 l&rsquo;Iset par des protestataires revendiquant emploi et d\u00e9veloppement.<\/p>\n<p>M. Chahed a r\u00e9ussi \u00e0 franchir le mur form\u00e9 par des jeunes ch\u00f4meurs pour\u00a0tenir une\u00a0r\u00e9union de n\u00e9gociation avec les repr\u00e9sentants\u00a0des protestataires. Il leur a fait part des mesures prises par son gouvernement et les projets qu&rsquo;il compte mettre en oeuvre pour relancer les activit\u00e9s \u00e9conomiques et la cr\u00e9ation d&#8217;emplois dans cette r\u00e9gion, dont l&rsquo;ouverture de\u00a0l&rsquo;a\u00e9roport de Remada et l&rsquo;extension de l&rsquo;h\u00f4pital de Tataouine.<\/p>\n<div class=\"embed\">\n<div class=\"video\">\n<iframe loading=\"lazy\" width=\"560\" height=\"315\" src=\"https:\/\/www.youtube.com\/embed\/YwDxDMM6kTQ?autoplay=1&#038;rel=0&amp;controls=0&amp;showinfo=0\" frameborder=\"0\" allowfullscreen><\/iframe>\n<\/div>\n<\/div>\n<p>&nbsp;<br \/>\nCependant, les d\u00e9cisions annonc\u00e9es n&rsquo;ont pas\u00a0\u00e9t\u00e9 acclam\u00e9es et le\u00a0mouvement de protestation a repris de plus belle, devant le si\u00e8ge du gouvernorat de Tataouine et de l&rsquo;Iset.<\/p>\n<p>Les protestataires qui exigent des emplois, ici et maintenant, et notamment dans les entreprises p\u00e9troli\u00e8res bas\u00e9es dans la r\u00e9gion, estiment que les annonces faites par le\u00a0gouvernement, repr\u00e9sent\u00e9 par le Premier ministre et pas moins de 11 ministres, restent en-de\u00e7\u00e0 de leurs attentes.<\/p>\n<p style=\"text-align: right;\"><strong>E. B. A.<\/strong><\/p>\n","protected":false},"excerpt":{"rendered":"<p>Youssef Chahed a eu droit \u00e0\u00a0des \u00ab\u00a0D\u00e9gage\u00a0\u00bb bien audibles, aujourd&rsquo;hui, devant\u00a0l&rsquo;Institut sup\u00e9rieur des \u00e9tudes technologiques (Iset) de Tataouine.<\/p>\n","protected":false},"author":16,"featured_media":93370,"comment_status":"open","ping_status":"open","sticky":false,"template":"","format":"standard","meta":{"footnotes":""},"categories":[2433,4806],"tags":[1126],"class_list":["post-93348","post","type-post","status-publish","format-standard","has-post-thumbnail","hentry","category-tunisie","category-videos","tag-tataouine"],"yoast_head":"<!-- This site is optimized with the Yoast SEO plugin v26.6 - https:\/\/yoast.com\/wordpress\/plugins\/seo\/ -->\n<title>Chahed accueilli par des &quot;D\u00e9gage&quot; \u00e0 Tataouine - Kapitalis<\/title>\n<meta name=\"robots\" content=\"index, follow, max-snippet:-1, max-image-preview:large, max-video-preview:-1\" \/>\n<link rel=\"canonical\" href=\"https:\/\/kapitalis.com\/tunisie\/2017\/04\/27\/chahed-accueilli-par-des-degage-a-tataouine\/\" \/>\n<meta property=\"og:locale\" content=\"fr_FR\" \/>\n<meta property=\"og:type\" content=\"article\" \/>\n<meta property=\"og:title\" content=\"Chahed accueilli par des &quot;D\u00e9gage&quot; \u00e0 Tataouine - Kapitalis\" \/>\n<meta property=\"og:description\" content=\"Youssef Chahed a eu droit \u00e0\u00a0des \u00ab\u00a0D\u00e9gage\u00a0\u00bb bien audibles, aujourd&rsquo;hui, devant\u00a0l&rsquo;Institut sup\u00e9rieur des \u00e9tudes technologiques (Iset) de Tataouine.\" \/>\n<meta property=\"og:url\" content=\"https:\/\/kapitalis.com\/tunisie\/2017\/04\/27\/chahed-accueilli-par-des-degage-a-tataouine\/\" \/>\n<meta property=\"og:site_name\" content=\"Kapitalis\" \/>\n<meta property=\"article:publisher\" content=\"https:\/\/www.facebook.com\/KapitalisInfo\/\" \/>\n<meta property=\"article:published_time\" content=\"2017-04-27T14:33:07+00:00\" \/>\n<meta property=\"article:modified_time\" content=\"2017-04-27T16:11:10+00:00\" \/>\n<meta property=\"og:image\" content=\"https:\/\/kapitalis.com\/tunisie\/wp-content\/uploads\/2022\/05\/kapitalis-logo-fb.png\" \/>\n\t<meta property=\"og:image:width\" content=\"1200\" \/>\n\t<meta property=\"og:image:height\" content=\"630\" \/>\n\t<meta property=\"og:image:type\" content=\"image\/png\" \/>\n<meta name=\"author\" content=\"emna benabdallah\" \/>\n<meta name=\"twitter:card\" content=\"summary_large_image\" \/>\n<meta name=\"twitter:creator\" content=\"@KapitalisInfo\" \/>\n<meta name=\"twitter:site\" content=\"@KapitalisInfo\" \/>\n<meta name=\"twitter:label1\" content=\"\u00c9crit par\" \/>\n\t<meta name=\"twitter:data1\" content=\"emna benabdallah\" \/>\n\t<meta name=\"twitter:label2\" content=\"Dur\u00e9e de lecture estim\u00e9e\" \/>\n\t<meta name=\"twitter:data2\" content=\"1 minute\" \/>\n<script type=\"application\/ld+json\" class=\"yoast-schema-graph\">{\"@context\":\"https:\/\/schema.org\",\"@graph\":[{\"@type\":\"Article\",\"@id\":\"https:\/\/kapitalis.com\/tunisie\/2017\/04\/27\/chahed-accueilli-par-des-degage-a-tataouine\/#article\",\"isPartOf\":{\"@id\":\"https:\/\/kapitalis.com\/tunisie\/2017\/04\/27\/chahed-accueilli-par-des-degage-a-tataouine\/\"},\"author\":{\"name\":\"emna benabdallah\",\"@id\":\"https:\/\/kapitalis.com\/tunisie\/#\/schema\/person\/2c6e134b2f3369dffcd1daf5f087d28b\"},\"headline\":\"Chahed accueilli par des \u00ab\u00a0D\u00e9gage\u00a0\u00bb \u00e0 Tataouine\",\"datePublished\":\"2017-04-27T14:33:07+00:00\",\"dateModified\":\"2017-04-27T16:11:10+00:00\",\"mainEntityOfPage\":{\"@id\":\"https:\/\/kapitalis.com\/tunisie\/2017\/04\/27\/chahed-accueilli-par-des-degage-a-tataouine\/\"},\"wordCount\":218,\"commentCount\":1,\"publisher\":{\"@id\":\"https:\/\/kapitalis.com\/tunisie\/#organization\"},\"image\":{\"@id\":\"https:\/\/kapitalis.com\/tunisie\/2017\/04\/27\/chahed-accueilli-par-des-degage-a-tataouine\/#primaryimage\"},\"thumbnailUrl\":\"\",\"keywords\":[\"Tataouine\"],\"articleSection\":[\"Tunisie\",\"VIDEOS\"],\"inLanguage\":\"fr-FR\",\"potentialAction\":[{\"@type\":\"CommentAction\",\"name\":\"Comment\",\"target\":[\"https:\/\/kapitalis.com\/tunisie\/2017\/04\/27\/chahed-accueilli-par-des-degage-a-tataouine\/#respond\"]}]},{\"@type\":\"WebPage\",\"@id\":\"https:\/\/kapitalis.com\/tunisie\/2017\/04\/27\/chahed-accueilli-par-des-degage-a-tataouine\/\",\"url\":\"https:\/\/kapitalis.com\/tunisie\/2017\/04\/27\/chahed-accueilli-par-des-degage-a-tataouine\/\",\"name\":\"Chahed accueilli par des \\\"D\u00e9gage\\\" \u00e0 Tataouine - Kapitalis\",\"isPartOf\":{\"@id\":\"https:\/\/kapitalis.com\/tunisie\/#website\"},\"primaryImageOfPage\":{\"@id\":\"https:\/\/kapitalis.com\/tunisie\/2017\/04\/27\/chahed-accueilli-par-des-degage-a-tataouine\/#primaryimage\"},\"image\":{\"@id\":\"https:\/\/kapitalis.com\/tunisie\/2017\/04\/27\/chahed-accueilli-par-des-degage-a-tataouine\/#primaryimage\"},\"thumbnailUrl\":\"\",\"datePublished\":\"2017-04-27T14:33:07+00:00\",\"dateModified\":\"2017-04-27T16:11:10+00:00\",\"breadcrumb\":{\"@id\":\"https:\/\/kapitalis.com\/tunisie\/2017\/04\/27\/chahed-accueilli-par-des-degage-a-tataouine\/#breadcrumb\"},\"inLanguage\":\"fr-FR\",\"potentialAction\":[{\"@type\":\"ReadAction\",\"target\":[\"https:\/\/kapitalis.com\/tunisie\/2017\/04\/27\/chahed-accueilli-par-des-degage-a-tataouine\/\"]}]},{\"@type\":\"ImageObject\",\"inLanguage\":\"fr-FR\",\"@id\":\"https:\/\/kapitalis.com\/tunisie\/2017\/04\/27\/chahed-accueilli-par-des-degage-a-tataouine\/#primaryimage\",\"url\":\"\",\"contentUrl\":\"\"},{\"@type\":\"BreadcrumbList\",\"@id\":\"https:\/\/kapitalis.com\/tunisie\/2017\/04\/27\/chahed-accueilli-par-des-degage-a-tataouine\/#breadcrumb\",\"itemListElement\":[{\"@type\":\"ListItem\",\"position\":1,\"name\":\"Accueil\",\"item\":\"https:\/\/kapitalis.com\/tunisie\/\"},{\"@type\":\"ListItem\",\"position\":2,\"name\":\"Chahed accueilli par des \u00ab\u00a0D\u00e9gage\u00a0\u00bb \u00e0 Tataouine\"}]},{\"@type\":\"WebSite\",\"@id\":\"https:\/\/kapitalis.com\/tunisie\/#website\",\"url\":\"https:\/\/kapitalis.com\/tunisie\/\",\"name\":\"Kapitalis\",\"description\":\"L&#039;actualit\u00e9 en Tunisie et dans le monde\",\"publisher\":{\"@id\":\"https:\/\/kapitalis.com\/tunisie\/#organization\"},\"potentialAction\":[{\"@type\":\"SearchAction\",\"target\":{\"@type\":\"EntryPoint\",\"urlTemplate\":\"https:\/\/kapitalis.com\/tunisie\/?s={search_term_string}\"},\"query-input\":{\"@type\":\"PropertyValueSpecification\",\"valueRequired\":true,\"valueName\":\"search_term_string\"}}],\"inLanguage\":\"fr-FR\"},{\"@type\":\"Organization\",\"@id\":\"https:\/\/kapitalis.com\/tunisie\/#organization\",\"name\":\"Kapitalis\",\"url\":\"https:\/\/kapitalis.com\/tunisie\/\",\"logo\":{\"@type\":\"ImageObject\",\"inLanguage\":\"fr-FR\",\"@id\":\"https:\/\/kapitalis.com\/tunisie\/#\/schema\/logo\/image\/\",\"url\":\"https:\/\/kapitalis.com\/tunisie\/wp-content\/uploads\/2022\/05\/Kapitalis-big-size.png\",\"contentUrl\":\"https:\/\/kapitalis.com\/tunisie\/wp-content\/uploads\/2022\/05\/Kapitalis-big-size.png\",\"width\":5000,\"height\":1500,\"caption\":\"Kapitalis\"},\"image\":{\"@id\":\"https:\/\/kapitalis.com\/tunisie\/#\/schema\/logo\/image\/\"},\"sameAs\":[\"https:\/\/www.facebook.com\/KapitalisInfo\/\",\"https:\/\/x.com\/KapitalisInfo\",\"https:\/\/www.youtube.com\/channel\/UC-yDYrHyfFBWWZaOw3FPg9Q\"]},{\"@type\":\"Person\",\"@id\":\"https:\/\/kapitalis.com\/tunisie\/#\/schema\/person\/2c6e134b2f3369dffcd1daf5f087d28b\",\"name\":\"emna benabdallah\",\"url\":\"https:\/\/kapitalis.com\/tunisie\/author\/emna\/\"}]}<\/script>\n<!-- \/ Yoast SEO plugin. -->","yoast_head_json":{"title":"Chahed accueilli par des \"D\u00e9gage\" \u00e0 Tataouine - Kapitalis","robots":{"index":"index","follow":"follow","max-snippet":"max-snippet:-1","max-image-preview":"max-image-preview:large","max-video-preview":"max-video-preview:-1"},"canonical":"https:\/\/kapitalis.com\/tunisie\/2017\/04\/27\/chahed-accueilli-par-des-degage-a-tataouine\/","og_locale":"fr_FR","og_type":"article","og_title":"Chahed accueilli par des \"D\u00e9gage\" \u00e0 Tataouine - Kapitalis","og_description":"Youssef Chahed a eu droit \u00e0\u00a0des \u00ab\u00a0D\u00e9gage\u00a0\u00bb bien audibles, aujourd&rsquo;hui, devant\u00a0l&rsquo;Institut sup\u00e9rieur des \u00e9tudes technologiques (Iset) de Tataouine.","og_url":"https:\/\/kapitalis.com\/tunisie\/2017\/04\/27\/chahed-accueilli-par-des-degage-a-tataouine\/","og_site_name":"Kapitalis","article_publisher":"https:\/\/www.facebook.com\/KapitalisInfo\/","article_published_time":"2017-04-27T14:33:07+00:00","article_modified_time":"2017-04-27T16:11:10+00:00","og_image":[{"width":1200,"height":630,"url":"https:\/\/kapitalis.com\/tunisie\/wp-content\/uploads\/2022\/05\/kapitalis-logo-fb.png","type":"image\/png"}],"author":"emna benabdallah","twitter_card":"summary_large_image","twitter_creator":"@KapitalisInfo","twitter_site":"@KapitalisInfo","twitter_misc":{"\u00c9crit par":"emna benabdallah","Dur\u00e9e de lecture estim\u00e9e":"1 minute"},"schema":{"@context":"https:\/\/schema.org","@graph":[{"@type":"Article","@id":"https:\/\/kapitalis.com\/tunisie\/2017\/04\/27\/chahed-accueilli-par-des-degage-a-tataouine\/#article","isPartOf":{"@id":"https:\/\/kapitalis.com\/tunisie\/2017\/04\/27\/chahed-accueilli-par-des-degage-a-tataouine\/"},"author":{"name":"emna benabdallah","@id":"https:\/\/kapitalis.com\/tunisie\/#\/schema\/person\/2c6e134b2f3369dffcd1daf5f087d28b"},"headline":"Chahed accueilli par des \u00ab\u00a0D\u00e9gage\u00a0\u00bb \u00e0 Tataouine","datePublished":"2017-04-27T14:33:07+00:00","dateModified":"2017-04-27T16:11:10+00:00","mainEntityOfPage":{"@id":"https:\/\/kapitalis.com\/tunisie\/2017\/04\/27\/chahed-accueilli-par-des-degage-a-tataouine\/"},"wordCount":218,"commentCount":1,"publisher":{"@id":"https:\/\/kapitalis.com\/tunisie\/#organization"},"image":{"@id":"https:\/\/kapitalis.com\/tunisie\/2017\/04\/27\/chahed-accueilli-par-des-degage-a-tataouine\/#primaryimage"},"thumbnailUrl":"","keywords":["Tataouine"],"articleSection":["Tunisie","VIDEOS"],"inLanguage":"fr-FR","potentialAction":[{"@type":"CommentAction","name":"Comment","target":["https:\/\/kapitalis.com\/tunisie\/2017\/04\/27\/chahed-accueilli-par-des-degage-a-tataouine\/#respond"]}]},{"@type":"WebPage","@id":"https:\/\/kapitalis.com\/tunisie\/2017\/04\/27\/chahed-accueilli-par-des-degage-a-tataouine\/","url":"https:\/\/kapitalis.com\/tunisie\/2017\/04\/27\/chahed-accueilli-par-des-degage-a-tataouine\/","name":"Chahed accueilli par des \"D\u00e9gage\" \u00e0 Tataouine - Kapitalis","isPartOf":{"@id":"https:\/\/kapitalis.com\/tunisie\/#website"},"primaryImageOfPage":{"@id":"https:\/\/kapitalis.com\/tunisie\/2017\/04\/27\/chahed-accueilli-par-des-degage-a-tataouine\/#primaryimage"},"image":{"@id":"https:\/\/kapitalis.com\/tunisie\/2017\/04\/27\/chahed-accueilli-par-des-degage-a-tataouine\/#primaryimage"},"thumbnailUrl":"","datePublished":"2017-04-27T14:33:07+00:00","dateModified":"2017-04-27T16:11:10+00:00","breadcrumb":{"@id":"https:\/\/kapitalis.com\/tunisie\/2017\/04\/27\/chahed-accueilli-par-des-degage-a-tataouine\/#breadcrumb"},"inLanguage":"fr-FR","potentialAction":[{"@type":"ReadAction","target":["https:\/\/kapitalis.com\/tunisie\/2017\/04\/27\/chahed-accueilli-par-des-degage-a-tataouine\/"]}]},{"@type":"ImageObject","inLanguage":"fr-FR","@id":"https:\/\/kapitalis.com\/tunisie\/2017\/04\/27\/chahed-accueilli-par-des-degage-a-tataouine\/#primaryimage","url":"","contentUrl":""},{"@type":"BreadcrumbList","@id":"https:\/\/kapitalis.com\/tunisie\/2017\/04\/27\/chahed-accueilli-par-des-degage-a-tataouine\/#breadcrumb","itemListElement":[{"@type":"ListItem","position":1,"name":"Accueil","item":"https:\/\/kapitalis.com\/tunisie\/"},{"@type":"ListItem","position":2,"name":"Chahed accueilli par des \u00ab\u00a0D\u00e9gage\u00a0\u00bb \u00e0 Tataouine"}]},{"@type":"WebSite","@id":"https:\/\/kapitalis.com\/tunisie\/#website","url":"https:\/\/kapitalis.com\/tunisie\/","name":"Kapitalis","description":"L&#039;actualit\u00e9 en Tunisie et dans le monde","publisher":{"@id":"https:\/\/kapitalis.com\/tunisie\/#organization"},"potentialAction":[{"@type":"SearchAction","target":{"@type":"EntryPoint","urlTemplate":"https:\/\/kapitalis.com\/tunisie\/?s={search_term_string}"},"query-input":{"@type":"PropertyValueSpecification","valueRequired":true,"valueName":"search_term_string"}}],"inLanguage":"fr-FR"},{"@type":"Organization","@id":"https:\/\/kapitalis.com\/tunisie\/#organization","name":"Kapitalis","url":"https:\/\/kapitalis.com\/tunisie\/","logo":{"@type":"ImageObject","inLanguage":"fr-FR","@id":"https:\/\/kapitalis.com\/tunisie\/#\/schema\/logo\/image\/","url":"https:\/\/kapitalis.com\/tunisie\/wp-content\/uploads\/2022\/05\/Kapitalis-big-size.png","contentUrl":"https:\/\/kapitalis.com\/tunisie\/wp-content\/uploads\/2022\/05\/Kapitalis-big-size.png","width":5000,"height":1500,"caption":"Kapitalis"},"image":{"@id":"https:\/\/kapitalis.com\/tunisie\/#\/schema\/logo\/image\/"},"sameAs":["https:\/\/www.facebook.com\/KapitalisInfo\/","https:\/\/x.com\/KapitalisInfo","https:\/\/www.youtube.com\/channel\/UC-yDYrHyfFBWWZaOw3FPg9Q"]},{"@type":"Person","@id":"https:\/\/kapitalis.com\/tunisie\/#\/schema\/person\/2c6e134b2f3369dffcd1daf5f087d28b","name":"emna benabdallah","url":"https:\/\/kapitalis.com\/tunisie\/author\/emna\/"}]}},"_links":{"self":[{"href":"https:\/\/kapitalis.com\/tunisie\/wp-json\/wp\/v2\/posts\/93348","targetHints":{"allow":["GET"]}}],"collection":[{"href":"https:\/\/kapitalis.com\/tunisie\/wp-json\/wp\/v2\/posts"}],"about":[{"href":"https:\/\/kapitalis.com\/tunisie\/wp-json\/wp\/v2\/types\/post"}],"author":[{"embeddable":true,"href":"https:\/\/kapitalis.com\/tunisie\/wp-json\/wp\/v2\/users\/16"}],"replies":[{"embeddable":true,"href":"https:\/\/kapitalis.com\/tunisie\/wp-json\/wp\/v2\/comments?post=93348"}],"version-history":[{"count":0,"href":"https:\/\/kapitalis.com\/tunisie\/wp-json\/wp\/v2\/posts\/93348\/revisions"}],"wp:featuredmedia":[{"embeddable":true,"href":"https:\/\/kapitalis.com\/tunisie\/wp-json\/wp\/v2\/media\/93370"}],"wp:attachment":[{"href":"https:\/\/kapitalis.com\/tunisie\/wp-json\/wp\/v2\/media?parent=93348"}],"wp:term":[{"taxonomy":"category","embeddable":true,"href":"https:\/\/kapitalis.com\/tunisie\/wp-json\/wp\/v2\/categories?post=93348"},{"taxonomy":"post_tag","embeddable":true,"href":"https:\/\/kapitalis.com\/tunisie\/wp-json\/wp\/v2\/tags?post=93348"}],"curies":[{"name":"wp","href":"https:\/\/api.w.org\/{rel}","templated":true}]}}