{"id":9336789,"date":"2023-08-12T13:23:04","date_gmt":"2023-08-12T12:23:04","guid":{"rendered":"https:\/\/kapitalis.com\/tunisie\/?p=9336789"},"modified":"2023-08-12T13:23:05","modified_gmt":"2023-08-12T12:23:05","slug":"silvia-finzi-la-tunisie-qui-a-sauve-les-juifs-toscans-est-en-proie-au-racisme-anti-noirs","status":"publish","type":"post","link":"https:\/\/kapitalis.com\/tunisie\/2023\/08\/12\/silvia-finzi-la-tunisie-qui-a-sauve-les-juifs-toscans-est-en-proie-au-racisme-anti-noirs\/","title":{"rendered":"Silvia Finzi\u00a0: \u00abLa Tunisie qui a sauv\u00e9 les juifs toscans est en proie au racisme anti-noirs\u00bb"},"content":{"rendered":"\n<p><strong><em>Dans un entretien au c\u00e9l\u00e8bre journal italien <a href=\"https:\/\/www.repubblica.it\/esteri\/2023\/08\/08\/news\/silvia_finzi_corriere_di_tunisi_tunisia_razzismo_subsahariani-410438281\/\" target=\"_blank\" rel=\"noreferrer noopener\">La Repubblica<\/a>, Silvia Finzi, h\u00e9riti\u00e8re d\u2019une famille italienne r\u00e9fugi\u00e9e \u00e0 Tunis en 1829 o\u00f9 elle a fond\u00e9 et dirig\u00e9 le Corriere di Tunisi, a d\u00e9clar\u00e9\u00a0: \u00abLa Tunisie qui nous a sauv\u00e9s les juifs toscans est d\u00e9sormais en proie au racisme contre les noirs\u00bb.<\/em><\/strong><\/p>\n\n\n\n<!--more-->\n\n\n\n<p><em>\u00abLes Tunisiens sont ouverts et accueillants, mais les Subsahariens sont devenus le bouc \u00e9missaire d\u2019une grave crise \u00e9conomique\u00bb<\/em>, a d\u00e9clar\u00e9 Finzi dans cet entretien publi\u00e9 le 8 ao\u00fbt 2023, o\u00f9 elle semble justifier le racisme des Tunisiens, qu\u2019elle conna\u00eet tr\u00e8s bien pour les avoir fr\u00e9quent\u00e9s toute sa vie, par les difficult\u00e9s \u00e9conomiques auxquelles ils sont confront\u00e9s.<\/p>\n\n\n\n<p><em>\u00abDans cet enchev\u00eatrement de rues \u00e9troites, o\u00f9 le quartier du Kram s\u2019\u00e9tire vers la mer, se trouvent quelques vieilles maisons aux jardins fleuris, o\u00f9 vivaient autrefois les Cardoso, L\u00e9vis et Moreno. C\u2019\u00e9taient les juifs toscans de Tunis. \u2018\u2018Je suis la seule qui reste\u2019\u2019, dit Silvia Finzi, 68 ans. Sa famille est venue de Livourne sur ces plages en 1829\u00bb<\/em>, raconte la Repubblica en introduction de <a href=\"https:\/\/www.repubblica.it\/esteri\/2023\/08\/08\/news\/silvia_finzi_corriere_di_tunisi_tunisia_razzismo_subsahariani-410438281\/\" target=\"_blank\" rel=\"noreferrer noopener\">l\u2019entretien<\/a>.<\/p>\n\n\n\n<p>En 1710, les juifs livournais de Tunis, les\u00a0<em>grana<\/em>\u00a0(en arabe) ou\u00a0<em>gorneyim<\/em>\u00a0(en h\u00e9breu), sont reconnus officiellement par la dynastie r\u00e9gnant en Tunisie comme nation. Ils parlent et \u00e9crivent l\u2019italien, s\u2019habillent \u00e0 l\u2019europ\u00e9enne, se marient entre eux et poss\u00e8dent leurs propres rites, synagogues, rabbins et cimeti\u00e8res.\u00a0<\/p>\n\n\n\n<p>La ville de Tunis est d\u2019ailleurs particuli\u00e8rement pris\u00e9e des Juifs livournais car, consid\u00e9r\u00e9s comme sujets du grand-duc de Toscane, ils y b\u00e9n\u00e9ficient d\u2019un statut juridique privil\u00e9gi\u00e9. Ils sont soustraits \u00e0 la l\u00e9gislation locale et ne sont pas soumis au statut de\u00a0<em>dhimmi<\/em>, contrairement aux juifs autochtones, \u00a0les\u00a0<em>tw\u00e2nsa<\/em>, qui eux parlent tous le jud\u00e9o-arabe et s\u2019habillent \u00e0 l\u2019orientale.\u00a0<\/p>\n\n\n\n<figure class=\"wp-block-embed is-type-wp-embed is-provider-kapitalis wp-block-embed-kapitalis\"><div class=\"wp-block-embed__wrapper\">\n<blockquote class=\"wp-embedded-content\" data-secret=\"3RuWxGOm9P\"><a href=\"https:\/\/kapitalis.com\/tunisie\/2018\/06\/20\/il-etait-une-fois-des-immigres-italiens-en-tunisie\/\">Il \u00e9tait une fois, des immigr\u00e9s italiens en&#8230; Tunisie<\/a><\/blockquote><iframe loading=\"lazy\" class=\"wp-embedded-content\" sandbox=\"allow-scripts\" security=\"restricted\" style=\"position: absolute; clip: rect(1px, 1px, 1px, 1px);\" title=\"\u00ab\u00a0Il \u00e9tait une fois, des immigr\u00e9s italiens en&#8230; Tunisie\u00a0\u00bb &#8212; Kapitalis\" src=\"https:\/\/kapitalis.com\/tunisie\/2018\/06\/20\/il-etait-une-fois-des-immigres-italiens-en-tunisie\/embed\/#?secret=a1T5S1XQiu#?secret=3RuWxGOm9P\" data-secret=\"3RuWxGOm9P\" width=\"600\" height=\"338\" frameborder=\"0\" marginwidth=\"0\" marginheight=\"0\" scrolling=\"no\"><\/iframe>\n<\/div><\/figure>\n\n\n\n<p>D\u2019autres vagues d\u2019Italiens ont suivi les Livournais \u00e0 partir de la premi\u00e8re moiti\u00e9 du 19<sup>e<\/sup> si\u00e8cle, notamment des Siciliens, mais pas seulement. Au d\u00e9but des\u00a0ann\u00e9es 1900, il y avait plus de 100\u00a0000 Italiens, mais ils ne sont plus maintenant que quelques milliers. La plupart ont quitt\u00e9 la Tunisie pour la France la veille et apr\u00e8s l\u2019ind\u00e9pendance en 1956. <\/p>\n\n\n\n<p>En plus des Italiens, la Tunisie a vu beaucoup d\u2019autres communaut\u00e9s, fuyant souvent la pers\u00e9cution ou la pauvret\u00e9 chez elles, vivre et coexister sur son territoire\u00a0: Espagnols, Maltais, Grecs, Russes et autres. \u00a0<\/p>\n\n\n\n<p>C\u2019est cette belle histoire d\u2019ouverture et de tol\u00e9rance qui vient d\u2019\u00eatre entach\u00e9e par le comportement de certains Tunisiens qui se sont d\u00e9couvert, soudain, des \u00e2mes de racistes et de x\u00e9nophobes. \u00a0<\/p>\n\n\n\n<p class=\"has-text-align-right\"><strong>I. B.<\/strong><\/p>\n","protected":false},"excerpt":{"rendered":"<p>\u00abLa Tunisie qui nous a sauv\u00e9s les juifs toscans est d\u00e9sormais en proie au racisme contre les noirs\u00bb, regrette l&rsquo;Italienne de Tunisie Sivia Finzi. <\/p>\n","protected":false},"author":8,"featured_media":9336954,"comment_status":"open","ping_status":"open","sticky":false,"template":"","format":"standard","meta":{"footnotes":""},"categories":[998,2433],"tags":[110402,505,110401,110399,5138,110400,26616,108876,3146,62643],"class_list":["post-9336789","post","type-post","status-publish","format-standard","has-post-thumbnail","hentry","category-societe","category-tunisie","tag-grana","tag-italie","tag-juifs-livournais","tag-juifs-toscans","tag-kram","tag-livourne","tag-noirs","tag-silvia-finzi","tag-subsahariens","tag-tunisie"],"yoast_head":"<!-- This site is optimized with the Yoast SEO plugin v26.6 - https:\/\/yoast.com\/wordpress\/plugins\/seo\/ -->\n<title>Silvia Finzi\u00a0: \u00abLa Tunisie qui a sauv\u00e9 les juifs toscans est en proie au racisme anti-noirs\u00bb - Kapitalis<\/title>\n<meta name=\"robots\" content=\"index, follow, max-snippet:-1, max-image-preview:large, max-video-preview:-1\" \/>\n<link rel=\"canonical\" href=\"https:\/\/kapitalis.com\/tunisie\/2023\/08\/12\/silvia-finzi-la-tunisie-qui-a-sauve-les-juifs-toscans-est-en-proie-au-racisme-anti-noirs\/\" \/>\n<meta property=\"og:locale\" content=\"fr_FR\" \/>\n<meta property=\"og:type\" content=\"article\" \/>\n<meta property=\"og:title\" content=\"Silvia Finzi\u00a0: \u00abLa Tunisie qui a sauv\u00e9 les juifs toscans est en proie au racisme anti-noirs\u00bb - Kapitalis\" \/>\n<meta property=\"og:description\" content=\"\u00abLa Tunisie qui nous a sauv\u00e9s les juifs toscans est d\u00e9sormais en proie au racisme contre les noirs\u00bb, regrette l&#039;Italienne de Tunisie Sivia Finzi.\" \/>\n<meta property=\"og:url\" content=\"https:\/\/kapitalis.com\/tunisie\/2023\/08\/12\/silvia-finzi-la-tunisie-qui-a-sauve-les-juifs-toscans-est-en-proie-au-racisme-anti-noirs\/\" \/>\n<meta property=\"og:site_name\" content=\"Kapitalis\" \/>\n<meta property=\"article:publisher\" content=\"https:\/\/www.facebook.com\/KapitalisInfo\/\" \/>\n<meta property=\"article:published_time\" content=\"2023-08-12T12:23:04+00:00\" \/>\n<meta property=\"article:modified_time\" content=\"2023-08-12T12:23:05+00:00\" \/>\n<meta property=\"og:image\" content=\"https:\/\/kapitalis.com\/tunisie\/wp-content\/uploads\/2023\/08\/Silvia-Finzi.jpg\" \/>\n\t<meta property=\"og:image:width\" content=\"1200\" \/>\n\t<meta property=\"og:image:height\" content=\"630\" \/>\n\t<meta property=\"og:image:type\" content=\"image\/jpeg\" \/>\n<meta name=\"author\" content=\"webmaster kapitalis\" \/>\n<meta name=\"twitter:card\" content=\"summary_large_image\" \/>\n<meta name=\"twitter:creator\" content=\"@KapitalisInfo\" \/>\n<meta name=\"twitter:site\" content=\"@KapitalisInfo\" \/>\n<meta name=\"twitter:label1\" content=\"\u00c9crit par\" \/>\n\t<meta name=\"twitter:data1\" content=\"webmaster kapitalis\" \/>\n\t<meta name=\"twitter:label2\" content=\"Dur\u00e9e de lecture estim\u00e9e\" \/>\n\t<meta name=\"twitter:data2\" content=\"3 minutes\" \/>\n<script type=\"application\/ld+json\" class=\"yoast-schema-graph\">{\"@context\":\"https:\/\/schema.org\",\"@graph\":[{\"@type\":\"Article\",\"@id\":\"https:\/\/kapitalis.com\/tunisie\/2023\/08\/12\/silvia-finzi-la-tunisie-qui-a-sauve-les-juifs-toscans-est-en-proie-au-racisme-anti-noirs\/#article\",\"isPartOf\":{\"@id\":\"https:\/\/kapitalis.com\/tunisie\/2023\/08\/12\/silvia-finzi-la-tunisie-qui-a-sauve-les-juifs-toscans-est-en-proie-au-racisme-anti-noirs\/\"},\"author\":{\"name\":\"webmaster kapitalis\",\"@id\":\"https:\/\/kapitalis.com\/tunisie\/#\/schema\/person\/d71f33a9ca44f7bad4698210b480c8e9\"},\"headline\":\"Silvia Finzi\u00a0: \u00abLa Tunisie qui a sauv\u00e9 les juifs toscans est en proie au racisme anti-noirs\u00bb\",\"datePublished\":\"2023-08-12T12:23:04+00:00\",\"dateModified\":\"2023-08-12T12:23:05+00:00\",\"mainEntityOfPage\":{\"@id\":\"https:\/\/kapitalis.com\/tunisie\/2023\/08\/12\/silvia-finzi-la-tunisie-qui-a-sauve-les-juifs-toscans-est-en-proie-au-racisme-anti-noirs\/\"},\"wordCount\":473,\"commentCount\":4,\"publisher\":{\"@id\":\"https:\/\/kapitalis.com\/tunisie\/#organization\"},\"image\":{\"@id\":\"https:\/\/kapitalis.com\/tunisie\/2023\/08\/12\/silvia-finzi-la-tunisie-qui-a-sauve-les-juifs-toscans-est-en-proie-au-racisme-anti-noirs\/#primaryimage\"},\"thumbnailUrl\":\"https:\/\/kapitalis.com\/tunisie\/wp-content\/uploads\/2023\/08\/Silvia-Finzi.jpg\",\"keywords\":[\"Grana\",\"Italie\",\"Juifs livournais\",\"juifs toscans\",\"Kram\",\"Livourne\",\"noirs\",\"Silvia Finzi\",\"subsahariens\",\"Tunisie\"],\"articleSection\":[\"SOCIETE\",\"Tunisie\"],\"inLanguage\":\"fr-FR\",\"potentialAction\":[{\"@type\":\"CommentAction\",\"name\":\"Comment\",\"target\":[\"https:\/\/kapitalis.com\/tunisie\/2023\/08\/12\/silvia-finzi-la-tunisie-qui-a-sauve-les-juifs-toscans-est-en-proie-au-racisme-anti-noirs\/#respond\"]}]},{\"@type\":\"WebPage\",\"@id\":\"https:\/\/kapitalis.com\/tunisie\/2023\/08\/12\/silvia-finzi-la-tunisie-qui-a-sauve-les-juifs-toscans-est-en-proie-au-racisme-anti-noirs\/\",\"url\":\"https:\/\/kapitalis.com\/tunisie\/2023\/08\/12\/silvia-finzi-la-tunisie-qui-a-sauve-les-juifs-toscans-est-en-proie-au-racisme-anti-noirs\/\",\"name\":\"Silvia Finzi\u00a0: \u00abLa Tunisie qui a sauv\u00e9 les juifs toscans est en proie au racisme anti-noirs\u00bb - Kapitalis\",\"isPartOf\":{\"@id\":\"https:\/\/kapitalis.com\/tunisie\/#website\"},\"primaryImageOfPage\":{\"@id\":\"https:\/\/kapitalis.com\/tunisie\/2023\/08\/12\/silvia-finzi-la-tunisie-qui-a-sauve-les-juifs-toscans-est-en-proie-au-racisme-anti-noirs\/#primaryimage\"},\"image\":{\"@id\":\"https:\/\/kapitalis.com\/tunisie\/2023\/08\/12\/silvia-finzi-la-tunisie-qui-a-sauve-les-juifs-toscans-est-en-proie-au-racisme-anti-noirs\/#primaryimage\"},\"thumbnailUrl\":\"https:\/\/kapitalis.com\/tunisie\/wp-content\/uploads\/2023\/08\/Silvia-Finzi.jpg\",\"datePublished\":\"2023-08-12T12:23:04+00:00\",\"dateModified\":\"2023-08-12T12:23:05+00:00\",\"breadcrumb\":{\"@id\":\"https:\/\/kapitalis.com\/tunisie\/2023\/08\/12\/silvia-finzi-la-tunisie-qui-a-sauve-les-juifs-toscans-est-en-proie-au-racisme-anti-noirs\/#breadcrumb\"},\"inLanguage\":\"fr-FR\",\"potentialAction\":[{\"@type\":\"ReadAction\",\"target\":[\"https:\/\/kapitalis.com\/tunisie\/2023\/08\/12\/silvia-finzi-la-tunisie-qui-a-sauve-les-juifs-toscans-est-en-proie-au-racisme-anti-noirs\/\"]}]},{\"@type\":\"ImageObject\",\"inLanguage\":\"fr-FR\",\"@id\":\"https:\/\/kapitalis.com\/tunisie\/2023\/08\/12\/silvia-finzi-la-tunisie-qui-a-sauve-les-juifs-toscans-est-en-proie-au-racisme-anti-noirs\/#primaryimage\",\"url\":\"https:\/\/kapitalis.com\/tunisie\/wp-content\/uploads\/2023\/08\/Silvia-Finzi.jpg\",\"contentUrl\":\"https:\/\/kapitalis.com\/tunisie\/wp-content\/uploads\/2023\/08\/Silvia-Finzi.jpg\",\"width\":1200,\"height\":630},{\"@type\":\"BreadcrumbList\",\"@id\":\"https:\/\/kapitalis.com\/tunisie\/2023\/08\/12\/silvia-finzi-la-tunisie-qui-a-sauve-les-juifs-toscans-est-en-proie-au-racisme-anti-noirs\/#breadcrumb\",\"itemListElement\":[{\"@type\":\"ListItem\",\"position\":1,\"name\":\"Accueil\",\"item\":\"https:\/\/kapitalis.com\/tunisie\/\"},{\"@type\":\"ListItem\",\"position\":2,\"name\":\"Silvia Finzi\u00a0: \u00abLa Tunisie qui a sauv\u00e9 les juifs toscans est en proie au racisme anti-noirs\u00bb\"}]},{\"@type\":\"WebSite\",\"@id\":\"https:\/\/kapitalis.com\/tunisie\/#website\",\"url\":\"https:\/\/kapitalis.com\/tunisie\/\",\"name\":\"Kapitalis\",\"description\":\"L&#039;actualit\u00e9 en Tunisie et dans le monde\",\"publisher\":{\"@id\":\"https:\/\/kapitalis.com\/tunisie\/#organization\"},\"potentialAction\":[{\"@type\":\"SearchAction\",\"target\":{\"@type\":\"EntryPoint\",\"urlTemplate\":\"https:\/\/kapitalis.com\/tunisie\/?s={search_term_string}\"},\"query-input\":{\"@type\":\"PropertyValueSpecification\",\"valueRequired\":true,\"valueName\":\"search_term_string\"}}],\"inLanguage\":\"fr-FR\"},{\"@type\":\"Organization\",\"@id\":\"https:\/\/kapitalis.com\/tunisie\/#organization\",\"name\":\"Kapitalis\",\"url\":\"https:\/\/kapitalis.com\/tunisie\/\",\"logo\":{\"@type\":\"ImageObject\",\"inLanguage\":\"fr-FR\",\"@id\":\"https:\/\/kapitalis.com\/tunisie\/#\/schema\/logo\/image\/\",\"url\":\"https:\/\/kapitalis.com\/tunisie\/wp-content\/uploads\/2022\/05\/Kapitalis-big-size.png\",\"contentUrl\":\"https:\/\/kapitalis.com\/tunisie\/wp-content\/uploads\/2022\/05\/Kapitalis-big-size.png\",\"width\":5000,\"height\":1500,\"caption\":\"Kapitalis\"},\"image\":{\"@id\":\"https:\/\/kapitalis.com\/tunisie\/#\/schema\/logo\/image\/\"},\"sameAs\":[\"https:\/\/www.facebook.com\/KapitalisInfo\/\",\"https:\/\/x.com\/KapitalisInfo\",\"https:\/\/www.youtube.com\/channel\/UC-yDYrHyfFBWWZaOw3FPg9Q\"]},{\"@type\":\"Person\",\"@id\":\"https:\/\/kapitalis.com\/tunisie\/#\/schema\/person\/d71f33a9ca44f7bad4698210b480c8e9\",\"name\":\"webmaster kapitalis\",\"url\":\"https:\/\/kapitalis.com\/tunisie\/author\/webmaster-kapitalis\/\"}]}<\/script>\n<!-- \/ Yoast SEO plugin. -->","yoast_head_json":{"title":"Silvia Finzi\u00a0: \u00abLa Tunisie qui a sauv\u00e9 les juifs toscans est en proie au racisme anti-noirs\u00bb - Kapitalis","robots":{"index":"index","follow":"follow","max-snippet":"max-snippet:-1","max-image-preview":"max-image-preview:large","max-video-preview":"max-video-preview:-1"},"canonical":"https:\/\/kapitalis.com\/tunisie\/2023\/08\/12\/silvia-finzi-la-tunisie-qui-a-sauve-les-juifs-toscans-est-en-proie-au-racisme-anti-noirs\/","og_locale":"fr_FR","og_type":"article","og_title":"Silvia Finzi\u00a0: \u00abLa Tunisie qui a sauv\u00e9 les juifs toscans est en proie au racisme anti-noirs\u00bb - Kapitalis","og_description":"\u00abLa Tunisie qui nous a sauv\u00e9s les juifs toscans est d\u00e9sormais en proie au racisme contre les noirs\u00bb, regrette l'Italienne de Tunisie Sivia Finzi.","og_url":"https:\/\/kapitalis.com\/tunisie\/2023\/08\/12\/silvia-finzi-la-tunisie-qui-a-sauve-les-juifs-toscans-est-en-proie-au-racisme-anti-noirs\/","og_site_name":"Kapitalis","article_publisher":"https:\/\/www.facebook.com\/KapitalisInfo\/","article_published_time":"2023-08-12T12:23:04+00:00","article_modified_time":"2023-08-12T12:23:05+00:00","og_image":[{"width":1200,"height":630,"url":"https:\/\/kapitalis.com\/tunisie\/wp-content\/uploads\/2023\/08\/Silvia-Finzi.jpg","type":"image\/jpeg"}],"author":"webmaster kapitalis","twitter_card":"summary_large_image","twitter_creator":"@KapitalisInfo","twitter_site":"@KapitalisInfo","twitter_misc":{"\u00c9crit par":"webmaster kapitalis","Dur\u00e9e de lecture estim\u00e9e":"3 minutes"},"schema":{"@context":"https:\/\/schema.org","@graph":[{"@type":"Article","@id":"https:\/\/kapitalis.com\/tunisie\/2023\/08\/12\/silvia-finzi-la-tunisie-qui-a-sauve-les-juifs-toscans-est-en-proie-au-racisme-anti-noirs\/#article","isPartOf":{"@id":"https:\/\/kapitalis.com\/tunisie\/2023\/08\/12\/silvia-finzi-la-tunisie-qui-a-sauve-les-juifs-toscans-est-en-proie-au-racisme-anti-noirs\/"},"author":{"name":"webmaster kapitalis","@id":"https:\/\/kapitalis.com\/tunisie\/#\/schema\/person\/d71f33a9ca44f7bad4698210b480c8e9"},"headline":"Silvia Finzi\u00a0: \u00abLa Tunisie qui a sauv\u00e9 les juifs toscans est en proie au racisme anti-noirs\u00bb","datePublished":"2023-08-12T12:23:04+00:00","dateModified":"2023-08-12T12:23:05+00:00","mainEntityOfPage":{"@id":"https:\/\/kapitalis.com\/tunisie\/2023\/08\/12\/silvia-finzi-la-tunisie-qui-a-sauve-les-juifs-toscans-est-en-proie-au-racisme-anti-noirs\/"},"wordCount":473,"commentCount":4,"publisher":{"@id":"https:\/\/kapitalis.com\/tunisie\/#organization"},"image":{"@id":"https:\/\/kapitalis.com\/tunisie\/2023\/08\/12\/silvia-finzi-la-tunisie-qui-a-sauve-les-juifs-toscans-est-en-proie-au-racisme-anti-noirs\/#primaryimage"},"thumbnailUrl":"https:\/\/kapitalis.com\/tunisie\/wp-content\/uploads\/2023\/08\/Silvia-Finzi.jpg","keywords":["Grana","Italie","Juifs livournais","juifs toscans","Kram","Livourne","noirs","Silvia Finzi","subsahariens","Tunisie"],"articleSection":["SOCIETE","Tunisie"],"inLanguage":"fr-FR","potentialAction":[{"@type":"CommentAction","name":"Comment","target":["https:\/\/kapitalis.com\/tunisie\/2023\/08\/12\/silvia-finzi-la-tunisie-qui-a-sauve-les-juifs-toscans-est-en-proie-au-racisme-anti-noirs\/#respond"]}]},{"@type":"WebPage","@id":"https:\/\/kapitalis.com\/tunisie\/2023\/08\/12\/silvia-finzi-la-tunisie-qui-a-sauve-les-juifs-toscans-est-en-proie-au-racisme-anti-noirs\/","url":"https:\/\/kapitalis.com\/tunisie\/2023\/08\/12\/silvia-finzi-la-tunisie-qui-a-sauve-les-juifs-toscans-est-en-proie-au-racisme-anti-noirs\/","name":"Silvia Finzi\u00a0: \u00abLa Tunisie qui a sauv\u00e9 les juifs toscans est en proie au racisme anti-noirs\u00bb - Kapitalis","isPartOf":{"@id":"https:\/\/kapitalis.com\/tunisie\/#website"},"primaryImageOfPage":{"@id":"https:\/\/kapitalis.com\/tunisie\/2023\/08\/12\/silvia-finzi-la-tunisie-qui-a-sauve-les-juifs-toscans-est-en-proie-au-racisme-anti-noirs\/#primaryimage"},"image":{"@id":"https:\/\/kapitalis.com\/tunisie\/2023\/08\/12\/silvia-finzi-la-tunisie-qui-a-sauve-les-juifs-toscans-est-en-proie-au-racisme-anti-noirs\/#primaryimage"},"thumbnailUrl":"https:\/\/kapitalis.com\/tunisie\/wp-content\/uploads\/2023\/08\/Silvia-Finzi.jpg","datePublished":"2023-08-12T12:23:04+00:00","dateModified":"2023-08-12T12:23:05+00:00","breadcrumb":{"@id":"https:\/\/kapitalis.com\/tunisie\/2023\/08\/12\/silvia-finzi-la-tunisie-qui-a-sauve-les-juifs-toscans-est-en-proie-au-racisme-anti-noirs\/#breadcrumb"},"inLanguage":"fr-FR","potentialAction":[{"@type":"ReadAction","target":["https:\/\/kapitalis.com\/tunisie\/2023\/08\/12\/silvia-finzi-la-tunisie-qui-a-sauve-les-juifs-toscans-est-en-proie-au-racisme-anti-noirs\/"]}]},{"@type":"ImageObject","inLanguage":"fr-FR","@id":"https:\/\/kapitalis.com\/tunisie\/2023\/08\/12\/silvia-finzi-la-tunisie-qui-a-sauve-les-juifs-toscans-est-en-proie-au-racisme-anti-noirs\/#primaryimage","url":"https:\/\/kapitalis.com\/tunisie\/wp-content\/uploads\/2023\/08\/Silvia-Finzi.jpg","contentUrl":"https:\/\/kapitalis.com\/tunisie\/wp-content\/uploads\/2023\/08\/Silvia-Finzi.jpg","width":1200,"height":630},{"@type":"BreadcrumbList","@id":"https:\/\/kapitalis.com\/tunisie\/2023\/08\/12\/silvia-finzi-la-tunisie-qui-a-sauve-les-juifs-toscans-est-en-proie-au-racisme-anti-noirs\/#breadcrumb","itemListElement":[{"@type":"ListItem","position":1,"name":"Accueil","item":"https:\/\/kapitalis.com\/tunisie\/"},{"@type":"ListItem","position":2,"name":"Silvia Finzi\u00a0: \u00abLa Tunisie qui a sauv\u00e9 les juifs toscans est en proie au racisme anti-noirs\u00bb"}]},{"@type":"WebSite","@id":"https:\/\/kapitalis.com\/tunisie\/#website","url":"https:\/\/kapitalis.com\/tunisie\/","name":"Kapitalis","description":"L&#039;actualit\u00e9 en Tunisie et dans le monde","publisher":{"@id":"https:\/\/kapitalis.com\/tunisie\/#organization"},"potentialAction":[{"@type":"SearchAction","target":{"@type":"EntryPoint","urlTemplate":"https:\/\/kapitalis.com\/tunisie\/?s={search_term_string}"},"query-input":{"@type":"PropertyValueSpecification","valueRequired":true,"valueName":"search_term_string"}}],"inLanguage":"fr-FR"},{"@type":"Organization","@id":"https:\/\/kapitalis.com\/tunisie\/#organization","name":"Kapitalis","url":"https:\/\/kapitalis.com\/tunisie\/","logo":{"@type":"ImageObject","inLanguage":"fr-FR","@id":"https:\/\/kapitalis.com\/tunisie\/#\/schema\/logo\/image\/","url":"https:\/\/kapitalis.com\/tunisie\/wp-content\/uploads\/2022\/05\/Kapitalis-big-size.png","contentUrl":"https:\/\/kapitalis.com\/tunisie\/wp-content\/uploads\/2022\/05\/Kapitalis-big-size.png","width":5000,"height":1500,"caption":"Kapitalis"},"image":{"@id":"https:\/\/kapitalis.com\/tunisie\/#\/schema\/logo\/image\/"},"sameAs":["https:\/\/www.facebook.com\/KapitalisInfo\/","https:\/\/x.com\/KapitalisInfo","https:\/\/www.youtube.com\/channel\/UC-yDYrHyfFBWWZaOw3FPg9Q"]},{"@type":"Person","@id":"https:\/\/kapitalis.com\/tunisie\/#\/schema\/person\/d71f33a9ca44f7bad4698210b480c8e9","name":"webmaster kapitalis","url":"https:\/\/kapitalis.com\/tunisie\/author\/webmaster-kapitalis\/"}]}},"_links":{"self":[{"href":"https:\/\/kapitalis.com\/tunisie\/wp-json\/wp\/v2\/posts\/9336789","targetHints":{"allow":["GET"]}}],"collection":[{"href":"https:\/\/kapitalis.com\/tunisie\/wp-json\/wp\/v2\/posts"}],"about":[{"href":"https:\/\/kapitalis.com\/tunisie\/wp-json\/wp\/v2\/types\/post"}],"author":[{"embeddable":true,"href":"https:\/\/kapitalis.com\/tunisie\/wp-json\/wp\/v2\/users\/8"}],"replies":[{"embeddable":true,"href":"https:\/\/kapitalis.com\/tunisie\/wp-json\/wp\/v2\/comments?post=9336789"}],"version-history":[{"count":1,"href":"https:\/\/kapitalis.com\/tunisie\/wp-json\/wp\/v2\/posts\/9336789\/revisions"}],"predecessor-version":[{"id":9336975,"href":"https:\/\/kapitalis.com\/tunisie\/wp-json\/wp\/v2\/posts\/9336789\/revisions\/9336975"}],"wp:featuredmedia":[{"embeddable":true,"href":"https:\/\/kapitalis.com\/tunisie\/wp-json\/wp\/v2\/media\/9336954"}],"wp:attachment":[{"href":"https:\/\/kapitalis.com\/tunisie\/wp-json\/wp\/v2\/media?parent=9336789"}],"wp:term":[{"taxonomy":"category","embeddable":true,"href":"https:\/\/kapitalis.com\/tunisie\/wp-json\/wp\/v2\/categories?post=9336789"},{"taxonomy":"post_tag","embeddable":true,"href":"https:\/\/kapitalis.com\/tunisie\/wp-json\/wp\/v2\/tags?post=9336789"}],"curies":[{"name":"wp","href":"https:\/\/api.w.org\/{rel}","templated":true}]}}