{"id":934746,"date":"2022-05-23T22:58:38","date_gmt":"2022-05-23T20:58:38","guid":{"rendered":"https:\/\/kapitalis.com\/tunisie\/?p=934746"},"modified":"2022-05-23T22:58:40","modified_gmt":"2022-05-23T20:58:40","slug":"sommet-de-la-francophonie-la-delegation-de-loif-et-les-membres-du-cno-en-visite-a-djerba-photos","status":"publish","type":"post","link":"https:\/\/kapitalis.com\/tunisie\/2022\/05\/23\/sommet-de-la-francophonie-la-delegation-de-loif-et-les-membres-du-cno-en-visite-a-djerba-photos\/","title":{"rendered":"Sommet de la Francophonie : La d\u00e9l\u00e9gation de l\u2019OIF et les membres du CNO en visite \u00e0 Djerba (Photos)"},"content":{"rendered":"\n<p><\/p>\n\n\n\n<p><strong><em>Nouvelle \u00e9tape d\u00e9cisive dans le processus d\u2019avancement des travaux du 18\u00e8me Sommet de la Francophonie qui se d\u00e9roulera, rappelons-le, les 19 et 20 novembre prochains \u00e0 Djerba et qui c\u00e9l\u00e9brera parall\u00e8lement le 50\u00e8me anniversaire de l&rsquo;Organisation Internationale de la Francophonie.<\/em><\/strong><\/p>\n\n\n\n<!--more-->\n\n\n\n<p>Deux \u00e9v\u00e8nements importants ont marqu\u00e9 la journ\u00e9e du jeudi 19 mai : l&rsquo;avancement positif dans la coordination entre le CNO et le Comit\u00e9 de pilotage des Sommets de l&rsquo;OIF et la tenue d&rsquo;un point presse men\u00e9 par M. Mohamed Trabelsi, Directeur de la Diplomatie Publique et de l\u2019Information et coordinateur m\u00e9diatique du Sommet.<\/p>\n\n\n\n<p>La visite \u00e0 Djerba de la d\u00e9l\u00e9gation de l&rsquo;OIF, conduite par l&rsquo;Ambassadrice Vanessa Lamothe du 18 au 20 mai, a permis d&rsquo;observer l&rsquo;avancement des pr\u00e9paratifs sur les diff\u00e9rents sites devant abriter les travaux du Sommet et les \u00e9v\u00e8nements parall\u00e8les ainsi que les infrastructures de l&rsquo;\u00eele. Cette visite a \u00e9galement permis une s\u00e9rie de r\u00e9unions fructueuses avec la d\u00e9l\u00e9gation du CNO conduite par M. Moncef Sassi, durant lesquelles les deux d\u00e9l\u00e9gations ont exprim\u00e9 leur grande satisfaction quant aux avanc\u00e9es consid\u00e9rables enregistr\u00e9es en mati\u00e8re de pr\u00e9paratifs logistiques et mat\u00e9riels. L&rsquo;\u00eele de Djerba sera fin pr\u00eate pour accueillir ses invit\u00e9s de marque qui viendront des quatre coins de la plan\u00e8te pour participer au cinquantenaire de la Francophonie.<\/p>\n\n\n\n<figure class=\"wp-block-gallery aligncenter has-nested-images columns-default is-cropped wp-block-gallery-1 is-layout-flex wp-block-gallery-is-layout-flex\">\n<figure class=\"wp-block-image size-large\"><img loading=\"lazy\" decoding=\"async\" width=\"1024\" height=\"1024\" data-id=\"934857\" src=\"https:\/\/kapitalis.com\/tunisie\/wp-content\/uploads\/2022\/05\/dj7-1024x1024.jpg\" alt=\"\" class=\"wp-image-934857\" srcset=\"https:\/\/kapitalis.com\/tunisie\/wp-content\/uploads\/2022\/05\/dj7-1024x1024.jpg 1024w, https:\/\/kapitalis.com\/tunisie\/wp-content\/uploads\/2022\/05\/dj7-300x300.jpg 300w, https:\/\/kapitalis.com\/tunisie\/wp-content\/uploads\/2022\/05\/dj7-150x150.jpg 150w, https:\/\/kapitalis.com\/tunisie\/wp-content\/uploads\/2022\/05\/dj7-768x768.jpg 768w, https:\/\/kapitalis.com\/tunisie\/wp-content\/uploads\/2022\/05\/dj7-120x120.jpg 120w, https:\/\/kapitalis.com\/tunisie\/wp-content\/uploads\/2022\/05\/dj7-360x360.jpg 360w, https:\/\/kapitalis.com\/tunisie\/wp-content\/uploads\/2022\/05\/dj7-580x580.jpg 580w, https:\/\/kapitalis.com\/tunisie\/wp-content\/uploads\/2022\/05\/dj7-860x860.jpg 860w, https:\/\/kapitalis.com\/tunisie\/wp-content\/uploads\/2022\/05\/dj7.jpg 1080w\" sizes=\"auto, (max-width: 1024px) 100vw, 1024px\" \/><\/figure>\n\n\n\n<figure class=\"wp-block-image size-large\"><img loading=\"lazy\" decoding=\"async\" width=\"1024\" height=\"1024\" data-id=\"934858\" src=\"https:\/\/kapitalis.com\/tunisie\/wp-content\/uploads\/2022\/05\/dj6-1024x1024.jpg\" alt=\"\" class=\"wp-image-934858\" srcset=\"https:\/\/kapitalis.com\/tunisie\/wp-content\/uploads\/2022\/05\/dj6-1024x1024.jpg 1024w, https:\/\/kapitalis.com\/tunisie\/wp-content\/uploads\/2022\/05\/dj6-300x300.jpg 300w, https:\/\/kapitalis.com\/tunisie\/wp-content\/uploads\/2022\/05\/dj6-150x150.jpg 150w, https:\/\/kapitalis.com\/tunisie\/wp-content\/uploads\/2022\/05\/dj6-768x768.jpg 768w, https:\/\/kapitalis.com\/tunisie\/wp-content\/uploads\/2022\/05\/dj6-120x120.jpg 120w, https:\/\/kapitalis.com\/tunisie\/wp-content\/uploads\/2022\/05\/dj6-360x360.jpg 360w, https:\/\/kapitalis.com\/tunisie\/wp-content\/uploads\/2022\/05\/dj6-580x580.jpg 580w, https:\/\/kapitalis.com\/tunisie\/wp-content\/uploads\/2022\/05\/dj6-860x860.jpg 860w, https:\/\/kapitalis.com\/tunisie\/wp-content\/uploads\/2022\/05\/dj6.jpg 1080w\" sizes=\"auto, (max-width: 1024px) 100vw, 1024px\" \/><\/figure>\n\n\n\n<figure class=\"wp-block-image size-large\"><img loading=\"lazy\" decoding=\"async\" width=\"1024\" height=\"1024\" data-id=\"934863\" src=\"https:\/\/kapitalis.com\/tunisie\/wp-content\/uploads\/2022\/05\/dj5-1024x1024.jpg\" alt=\"\" class=\"wp-image-934863\" srcset=\"https:\/\/kapitalis.com\/tunisie\/wp-content\/uploads\/2022\/05\/dj5-1024x1024.jpg 1024w, https:\/\/kapitalis.com\/tunisie\/wp-content\/uploads\/2022\/05\/dj5-300x300.jpg 300w, https:\/\/kapitalis.com\/tunisie\/wp-content\/uploads\/2022\/05\/dj5-150x150.jpg 150w, https:\/\/kapitalis.com\/tunisie\/wp-content\/uploads\/2022\/05\/dj5-768x768.jpg 768w, https:\/\/kapitalis.com\/tunisie\/wp-content\/uploads\/2022\/05\/dj5-120x120.jpg 120w, https:\/\/kapitalis.com\/tunisie\/wp-content\/uploads\/2022\/05\/dj5-360x360.jpg 360w, https:\/\/kapitalis.com\/tunisie\/wp-content\/uploads\/2022\/05\/dj5-580x580.jpg 580w, https:\/\/kapitalis.com\/tunisie\/wp-content\/uploads\/2022\/05\/dj5-860x860.jpg 860w, https:\/\/kapitalis.com\/tunisie\/wp-content\/uploads\/2022\/05\/dj5.jpg 1080w\" sizes=\"auto, (max-width: 1024px) 100vw, 1024px\" \/><\/figure>\n\n\n\n<figure class=\"wp-block-image size-large\"><img loading=\"lazy\" decoding=\"async\" width=\"1024\" height=\"1024\" data-id=\"934864\" src=\"https:\/\/kapitalis.com\/tunisie\/wp-content\/uploads\/2022\/05\/dj4-1024x1024.jpg\" alt=\"\" class=\"wp-image-934864\" srcset=\"https:\/\/kapitalis.com\/tunisie\/wp-content\/uploads\/2022\/05\/dj4-1024x1024.jpg 1024w, https:\/\/kapitalis.com\/tunisie\/wp-content\/uploads\/2022\/05\/dj4-300x300.jpg 300w, https:\/\/kapitalis.com\/tunisie\/wp-content\/uploads\/2022\/05\/dj4-150x150.jpg 150w, https:\/\/kapitalis.com\/tunisie\/wp-content\/uploads\/2022\/05\/dj4-768x768.jpg 768w, https:\/\/kapitalis.com\/tunisie\/wp-content\/uploads\/2022\/05\/dj4-120x120.jpg 120w, https:\/\/kapitalis.com\/tunisie\/wp-content\/uploads\/2022\/05\/dj4-360x360.jpg 360w, https:\/\/kapitalis.com\/tunisie\/wp-content\/uploads\/2022\/05\/dj4-580x580.jpg 580w, https:\/\/kapitalis.com\/tunisie\/wp-content\/uploads\/2022\/05\/dj4-860x860.jpg 860w, https:\/\/kapitalis.com\/tunisie\/wp-content\/uploads\/2022\/05\/dj4.jpg 1080w\" sizes=\"auto, (max-width: 1024px) 100vw, 1024px\" \/><\/figure>\n\n\n\n<figure class=\"wp-block-image size-large\"><img loading=\"lazy\" decoding=\"async\" width=\"1024\" height=\"1024\" data-id=\"934861\" src=\"https:\/\/kapitalis.com\/tunisie\/wp-content\/uploads\/2022\/05\/dj3-1024x1024.jpg\" alt=\"\" class=\"wp-image-934861\" srcset=\"https:\/\/kapitalis.com\/tunisie\/wp-content\/uploads\/2022\/05\/dj3-1024x1024.jpg 1024w, https:\/\/kapitalis.com\/tunisie\/wp-content\/uploads\/2022\/05\/dj3-300x300.jpg 300w, https:\/\/kapitalis.com\/tunisie\/wp-content\/uploads\/2022\/05\/dj3-150x150.jpg 150w, https:\/\/kapitalis.com\/tunisie\/wp-content\/uploads\/2022\/05\/dj3-768x768.jpg 768w, https:\/\/kapitalis.com\/tunisie\/wp-content\/uploads\/2022\/05\/dj3-120x120.jpg 120w, https:\/\/kapitalis.com\/tunisie\/wp-content\/uploads\/2022\/05\/dj3-360x360.jpg 360w, https:\/\/kapitalis.com\/tunisie\/wp-content\/uploads\/2022\/05\/dj3-580x580.jpg 580w, https:\/\/kapitalis.com\/tunisie\/wp-content\/uploads\/2022\/05\/dj3-860x860.jpg 860w, https:\/\/kapitalis.com\/tunisie\/wp-content\/uploads\/2022\/05\/dj3.jpg 1080w\" sizes=\"auto, (max-width: 1024px) 100vw, 1024px\" \/><\/figure>\n\n\n\n<figure class=\"wp-block-image size-large\"><img loading=\"lazy\" decoding=\"async\" width=\"1024\" height=\"1024\" data-id=\"934862\" src=\"https:\/\/kapitalis.com\/tunisie\/wp-content\/uploads\/2022\/05\/dj-1024x1024.jpg\" alt=\"\" class=\"wp-image-934862\" srcset=\"https:\/\/kapitalis.com\/tunisie\/wp-content\/uploads\/2022\/05\/dj-1024x1024.jpg 1024w, https:\/\/kapitalis.com\/tunisie\/wp-content\/uploads\/2022\/05\/dj-300x300.jpg 300w, https:\/\/kapitalis.com\/tunisie\/wp-content\/uploads\/2022\/05\/dj-150x150.jpg 150w, https:\/\/kapitalis.com\/tunisie\/wp-content\/uploads\/2022\/05\/dj-768x768.jpg 768w, https:\/\/kapitalis.com\/tunisie\/wp-content\/uploads\/2022\/05\/dj-120x120.jpg 120w, https:\/\/kapitalis.com\/tunisie\/wp-content\/uploads\/2022\/05\/dj-360x360.jpg 360w, https:\/\/kapitalis.com\/tunisie\/wp-content\/uploads\/2022\/05\/dj-580x580.jpg 580w, https:\/\/kapitalis.com\/tunisie\/wp-content\/uploads\/2022\/05\/dj-860x860.jpg 860w, https:\/\/kapitalis.com\/tunisie\/wp-content\/uploads\/2022\/05\/dj.jpg 1080w\" sizes=\"auto, (max-width: 1024px) 100vw, 1024px\" \/><\/figure>\n<\/figure>\n\n\n\n<p>Des propos tr\u00e8s rassurants ont \u00e9t\u00e9 \u00e9mis par M. Mohamed Trabelsi, Coordinateur m\u00e9diatique du Sommet lors d\u2019un point presse, en pr\u00e9sence de la d\u00e9l\u00e9gation de l\u2019OIF. Il a confirm\u00e9 que la Tunisie \u00e9tait d\u00e9sormais pr\u00eate pour accueillir le 18\u00e8me Sommet de la Francophonie, apr\u00e8s le d\u00e9ploiement d\u2019efforts soutenus tout au long de ces derniers mois. Il a pr\u00e9cis\u00e9 que les pr\u00e9paratifs logistiques du Sommet ont atteint un taux d\u2019avancement de 90% \u00e0 cette date.<\/p>\n\n\n\n<p>Le Village de la Francophonie, qui sera ouvert d\u00e8s le 13 novembre, permettra aux pays participants au Sommet de promouvoir leurs richesses culturelles. Le Forum Economique qui se tiendra les 20 et 21 novembre en pr\u00e9sence des hommes d&rsquo;affaires et des patronats de l&rsquo;espace Francophone, repr\u00e9sentera une occasion idoine pour d\u00e9velopper davantage la coop\u00e9ration \u00e9conomique et les \u00e9changes, et consolidera les liens entre les acteurs \u00e9conomiques des pays francophones.<\/p>\n\n\n\n<p>M. Trabelsi a par ailleurs exhort\u00e9 la soci\u00e9t\u00e9 civile et les promoteurs des projets s&rsquo;inscrivant dans le cadre des \u00e9v\u00e9nements parall\u00e8les qui s&rsquo;organiseront au cours de la prochaine p\u00e9riode, de pr\u00e9senter leurs projets rapidement au CNO afin qu&rsquo;ils soient \u00e9tudi\u00e9s et labellis\u00e9s dans les d\u00e9lais impartis.<\/p>\n\n\n\n<p>Il a \u00e9galement annonc\u00e9 l\u2019installation d\u2019un h\u00f4pital de campagne qui sera op\u00e9rationnel pour le Sommet ainsi qu\u2019un centre de presse comprenant tous les \u00e9quipements utiles et n\u00e9cessaires aux journalistes dont le nombre devrait avoisiner les 700, en provenance du monde entier.<\/p>\n\n\n\n<p>Tout le monde l\u2019a bien compris, le Sommet de Djerba roule maintenant sur les rails du succ\u00e8s, tant au niveau de la logistique que du contenu. Tout le monde a constat\u00e9 l&rsquo;enthousiasme des \u00e9quipes charg\u00e9es de l&rsquo;organisation. Les responsables r\u00e9gionaux et locaux ainsi que les habitants de l&rsquo;\u00eele s&rsquo;impatientent de voir cet \u00e9v\u00e9nement international se r\u00e9aliser et inscrire un nouveau succ\u00e8s dans le palmar\u00e8s de Djerba, l&rsquo;\u00eele de la douceur et de l&rsquo;hospitalit\u00e9.<\/p>\n\n\n\n<p class=\"has-text-align-right\"><strong>Communiqu\u00e9<\/strong><\/p>\n","protected":false},"excerpt":{"rendered":"<p>Sommet de la Francophonie : La d\u00e9l\u00e9gation de l\u2019OIF et les membres du CNO en visite \u00e0 Djerba<\/p>\n","protected":false},"author":6,"featured_media":934848,"comment_status":"open","ping_status":"open","sticky":false,"template":"","format":"standard","meta":{"footnotes":""},"categories":[998,2433],"tags":[99962,284,21896,99964,22987,72700,62643,99963],"class_list":["post-934746","post","type-post","status-publish","format-standard","has-post-thumbnail","hentry","category-societe","category-tunisie","tag-cno","tag-djerba","tag-mohamed-trabelsi","tag-moncef-sassi","tag-oif","tag-sommet-de-la-francophonie","tag-tunisie","tag-vanessa-lamothe"],"yoast_head":"<!-- This site is optimized with the Yoast SEO plugin v26.6 - https:\/\/yoast.com\/wordpress\/plugins\/seo\/ -->\n<title>Sommet de la Francophonie : La d\u00e9l\u00e9gation de l\u2019OIF et les membres du CNO en visite \u00e0 Djerba (Photos) - Kapitalis<\/title>\n<meta name=\"description\" content=\"Nouvelle \u00e9tape d\u00e9cisive dans le processus d\u2019avancement des travaux du 18\u00e8me Sommet de la Francophonie qui se d\u00e9roulera, rappelons-le, les 19 et 20 novembre prochains \u00e0 Djerba et qui c\u00e9l\u00e9brera parall\u00e8lement le 50\u00e8me anniversaire de l&#039;Organisation Internationale de la Francophonie.\" \/>\n<meta name=\"robots\" content=\"index, follow, max-snippet:-1, max-image-preview:large, max-video-preview:-1\" \/>\n<link rel=\"canonical\" href=\"https:\/\/kapitalis.com\/tunisie\/2022\/05\/23\/sommet-de-la-francophonie-la-delegation-de-loif-et-les-membres-du-cno-en-visite-a-djerba-photos\/\" \/>\n<meta property=\"og:locale\" content=\"fr_FR\" \/>\n<meta property=\"og:type\" content=\"article\" \/>\n<meta property=\"og:title\" content=\"Sommet de la Francophonie : La d\u00e9l\u00e9gation de l\u2019OIF et les membres du CNO en visite \u00e0 Djerba (Photos) - Kapitalis\" \/>\n<meta property=\"og:description\" content=\"Nouvelle \u00e9tape d\u00e9cisive dans le processus d\u2019avancement des travaux du 18\u00e8me Sommet de la Francophonie qui se d\u00e9roulera, rappelons-le, les 19 et 20 novembre prochains \u00e0 Djerba et qui c\u00e9l\u00e9brera parall\u00e8lement le 50\u00e8me anniversaire de l&#039;Organisation Internationale de la Francophonie.\" \/>\n<meta property=\"og:url\" content=\"https:\/\/kapitalis.com\/tunisie\/2022\/05\/23\/sommet-de-la-francophonie-la-delegation-de-loif-et-les-membres-du-cno-en-visite-a-djerba-photos\/\" \/>\n<meta property=\"og:site_name\" content=\"Kapitalis\" \/>\n<meta property=\"article:publisher\" content=\"https:\/\/www.facebook.com\/KapitalisInfo\/\" \/>\n<meta property=\"article:published_time\" content=\"2022-05-23T20:58:38+00:00\" \/>\n<meta property=\"article:modified_time\" content=\"2022-05-23T20:58:40+00:00\" \/>\n<meta property=\"og:image\" content=\"https:\/\/kapitalis.com\/tunisie\/wp-content\/uploads\/2022\/05\/Sommet-de-la-Francophonie-Djerba.jpg\" \/>\n\t<meta property=\"og:image:width\" content=\"1200\" \/>\n\t<meta property=\"og:image:height\" content=\"630\" \/>\n\t<meta property=\"og:image:type\" content=\"image\/jpeg\" \/>\n<meta name=\"author\" content=\"Yusra NY\" \/>\n<meta name=\"twitter:card\" content=\"summary_large_image\" \/>\n<meta name=\"twitter:creator\" content=\"@KapitalisInfo\" \/>\n<meta name=\"twitter:site\" content=\"@KapitalisInfo\" \/>\n<meta name=\"twitter:label1\" content=\"\u00c9crit par\" \/>\n\t<meta name=\"twitter:data1\" content=\"Yusra NY\" \/>\n\t<meta name=\"twitter:label2\" content=\"Dur\u00e9e de lecture estim\u00e9e\" \/>\n\t<meta name=\"twitter:data2\" content=\"4 minutes\" \/>\n<script type=\"application\/ld+json\" class=\"yoast-schema-graph\">{\"@context\":\"https:\/\/schema.org\",\"@graph\":[{\"@type\":\"Article\",\"@id\":\"https:\/\/kapitalis.com\/tunisie\/2022\/05\/23\/sommet-de-la-francophonie-la-delegation-de-loif-et-les-membres-du-cno-en-visite-a-djerba-photos\/#article\",\"isPartOf\":{\"@id\":\"https:\/\/kapitalis.com\/tunisie\/2022\/05\/23\/sommet-de-la-francophonie-la-delegation-de-loif-et-les-membres-du-cno-en-visite-a-djerba-photos\/\"},\"author\":{\"name\":\"Yusra NY\",\"@id\":\"https:\/\/kapitalis.com\/tunisie\/#\/schema\/person\/74bbde0154d49d790a92aaeac5bc01d5\"},\"headline\":\"Sommet de la Francophonie : La d\u00e9l\u00e9gation de l\u2019OIF et les membres du CNO en visite \u00e0 Djerba (Photos)\",\"datePublished\":\"2022-05-23T20:58:38+00:00\",\"dateModified\":\"2022-05-23T20:58:40+00:00\",\"mainEntityOfPage\":{\"@id\":\"https:\/\/kapitalis.com\/tunisie\/2022\/05\/23\/sommet-de-la-francophonie-la-delegation-de-loif-et-les-membres-du-cno-en-visite-a-djerba-photos\/\"},\"wordCount\":594,\"commentCount\":2,\"publisher\":{\"@id\":\"https:\/\/kapitalis.com\/tunisie\/#organization\"},\"image\":{\"@id\":\"https:\/\/kapitalis.com\/tunisie\/2022\/05\/23\/sommet-de-la-francophonie-la-delegation-de-loif-et-les-membres-du-cno-en-visite-a-djerba-photos\/#primaryimage\"},\"thumbnailUrl\":\"https:\/\/kapitalis.com\/tunisie\/wp-content\/uploads\/2022\/05\/Sommet-de-la-Francophonie-Djerba.jpg\",\"keywords\":[\"CNO\",\"Djerba\",\"Mohamed Trabelsi\",\"Moncef Sassi\",\"OIF\",\"Sommet de la Francophonie\",\"Tunisie\",\"Vanessa Lamothe\"],\"articleSection\":[\"SOCIETE\",\"Tunisie\"],\"inLanguage\":\"fr-FR\",\"potentialAction\":[{\"@type\":\"CommentAction\",\"name\":\"Comment\",\"target\":[\"https:\/\/kapitalis.com\/tunisie\/2022\/05\/23\/sommet-de-la-francophonie-la-delegation-de-loif-et-les-membres-du-cno-en-visite-a-djerba-photos\/#respond\"]}]},{\"@type\":\"WebPage\",\"@id\":\"https:\/\/kapitalis.com\/tunisie\/2022\/05\/23\/sommet-de-la-francophonie-la-delegation-de-loif-et-les-membres-du-cno-en-visite-a-djerba-photos\/\",\"url\":\"https:\/\/kapitalis.com\/tunisie\/2022\/05\/23\/sommet-de-la-francophonie-la-delegation-de-loif-et-les-membres-du-cno-en-visite-a-djerba-photos\/\",\"name\":\"Sommet de la Francophonie : La d\u00e9l\u00e9gation de l\u2019OIF et les membres du CNO en visite \u00e0 Djerba (Photos) - Kapitalis\",\"isPartOf\":{\"@id\":\"https:\/\/kapitalis.com\/tunisie\/#website\"},\"primaryImageOfPage\":{\"@id\":\"https:\/\/kapitalis.com\/tunisie\/2022\/05\/23\/sommet-de-la-francophonie-la-delegation-de-loif-et-les-membres-du-cno-en-visite-a-djerba-photos\/#primaryimage\"},\"image\":{\"@id\":\"https:\/\/kapitalis.com\/tunisie\/2022\/05\/23\/sommet-de-la-francophonie-la-delegation-de-loif-et-les-membres-du-cno-en-visite-a-djerba-photos\/#primaryimage\"},\"thumbnailUrl\":\"https:\/\/kapitalis.com\/tunisie\/wp-content\/uploads\/2022\/05\/Sommet-de-la-Francophonie-Djerba.jpg\",\"datePublished\":\"2022-05-23T20:58:38+00:00\",\"dateModified\":\"2022-05-23T20:58:40+00:00\",\"description\":\"Nouvelle \u00e9tape d\u00e9cisive dans le processus d\u2019avancement des travaux du 18\u00e8me Sommet de la Francophonie qui se d\u00e9roulera, rappelons-le, les 19 et 20 novembre prochains \u00e0 Djerba et qui c\u00e9l\u00e9brera parall\u00e8lement le 50\u00e8me anniversaire de l'Organisation Internationale de la Francophonie.\",\"breadcrumb\":{\"@id\":\"https:\/\/kapitalis.com\/tunisie\/2022\/05\/23\/sommet-de-la-francophonie-la-delegation-de-loif-et-les-membres-du-cno-en-visite-a-djerba-photos\/#breadcrumb\"},\"inLanguage\":\"fr-FR\",\"potentialAction\":[{\"@type\":\"ReadAction\",\"target\":[\"https:\/\/kapitalis.com\/tunisie\/2022\/05\/23\/sommet-de-la-francophonie-la-delegation-de-loif-et-les-membres-du-cno-en-visite-a-djerba-photos\/\"]}]},{\"@type\":\"ImageObject\",\"inLanguage\":\"fr-FR\",\"@id\":\"https:\/\/kapitalis.com\/tunisie\/2022\/05\/23\/sommet-de-la-francophonie-la-delegation-de-loif-et-les-membres-du-cno-en-visite-a-djerba-photos\/#primaryimage\",\"url\":\"https:\/\/kapitalis.com\/tunisie\/wp-content\/uploads\/2022\/05\/Sommet-de-la-Francophonie-Djerba.jpg\",\"contentUrl\":\"https:\/\/kapitalis.com\/tunisie\/wp-content\/uploads\/2022\/05\/Sommet-de-la-Francophonie-Djerba.jpg\",\"width\":1200,\"height\":630},{\"@type\":\"BreadcrumbList\",\"@id\":\"https:\/\/kapitalis.com\/tunisie\/2022\/05\/23\/sommet-de-la-francophonie-la-delegation-de-loif-et-les-membres-du-cno-en-visite-a-djerba-photos\/#breadcrumb\",\"itemListElement\":[{\"@type\":\"ListItem\",\"position\":1,\"name\":\"Accueil\",\"item\":\"https:\/\/kapitalis.com\/tunisie\/\"},{\"@type\":\"ListItem\",\"position\":2,\"name\":\"Sommet de la Francophonie : La d\u00e9l\u00e9gation de l\u2019OIF et les membres du CNO en visite \u00e0 Djerba (Photos)\"}]},{\"@type\":\"WebSite\",\"@id\":\"https:\/\/kapitalis.com\/tunisie\/#website\",\"url\":\"https:\/\/kapitalis.com\/tunisie\/\",\"name\":\"Kapitalis\",\"description\":\"L&#039;actualit\u00e9 en Tunisie et dans le monde\",\"publisher\":{\"@id\":\"https:\/\/kapitalis.com\/tunisie\/#organization\"},\"potentialAction\":[{\"@type\":\"SearchAction\",\"target\":{\"@type\":\"EntryPoint\",\"urlTemplate\":\"https:\/\/kapitalis.com\/tunisie\/?s={search_term_string}\"},\"query-input\":{\"@type\":\"PropertyValueSpecification\",\"valueRequired\":true,\"valueName\":\"search_term_string\"}}],\"inLanguage\":\"fr-FR\"},{\"@type\":\"Organization\",\"@id\":\"https:\/\/kapitalis.com\/tunisie\/#organization\",\"name\":\"Kapitalis\",\"url\":\"https:\/\/kapitalis.com\/tunisie\/\",\"logo\":{\"@type\":\"ImageObject\",\"inLanguage\":\"fr-FR\",\"@id\":\"https:\/\/kapitalis.com\/tunisie\/#\/schema\/logo\/image\/\",\"url\":\"https:\/\/kapitalis.com\/tunisie\/wp-content\/uploads\/2022\/05\/Kapitalis-big-size.png\",\"contentUrl\":\"https:\/\/kapitalis.com\/tunisie\/wp-content\/uploads\/2022\/05\/Kapitalis-big-size.png\",\"width\":5000,\"height\":1500,\"caption\":\"Kapitalis\"},\"image\":{\"@id\":\"https:\/\/kapitalis.com\/tunisie\/#\/schema\/logo\/image\/\"},\"sameAs\":[\"https:\/\/www.facebook.com\/KapitalisInfo\/\",\"https:\/\/x.com\/KapitalisInfo\",\"https:\/\/www.youtube.com\/channel\/UC-yDYrHyfFBWWZaOw3FPg9Q\"]},{\"@type\":\"Person\",\"@id\":\"https:\/\/kapitalis.com\/tunisie\/#\/schema\/person\/74bbde0154d49d790a92aaeac5bc01d5\",\"name\":\"Yusra NY\",\"url\":\"https:\/\/kapitalis.com\/tunisie\/author\/yuza_adam\/\"}]}<\/script>\n<!-- \/ Yoast SEO plugin. -->","yoast_head_json":{"title":"Sommet de la Francophonie : La d\u00e9l\u00e9gation de l\u2019OIF et les membres du CNO en visite \u00e0 Djerba (Photos) - Kapitalis","description":"Nouvelle \u00e9tape d\u00e9cisive dans le processus d\u2019avancement des travaux du 18\u00e8me Sommet de la Francophonie qui se d\u00e9roulera, rappelons-le, les 19 et 20 novembre prochains \u00e0 Djerba et qui c\u00e9l\u00e9brera parall\u00e8lement le 50\u00e8me anniversaire de l'Organisation Internationale de la Francophonie.","robots":{"index":"index","follow":"follow","max-snippet":"max-snippet:-1","max-image-preview":"max-image-preview:large","max-video-preview":"max-video-preview:-1"},"canonical":"https:\/\/kapitalis.com\/tunisie\/2022\/05\/23\/sommet-de-la-francophonie-la-delegation-de-loif-et-les-membres-du-cno-en-visite-a-djerba-photos\/","og_locale":"fr_FR","og_type":"article","og_title":"Sommet de la Francophonie : La d\u00e9l\u00e9gation de l\u2019OIF et les membres du CNO en visite \u00e0 Djerba (Photos) - Kapitalis","og_description":"Nouvelle \u00e9tape d\u00e9cisive dans le processus d\u2019avancement des travaux du 18\u00e8me Sommet de la Francophonie qui se d\u00e9roulera, rappelons-le, les 19 et 20 novembre prochains \u00e0 Djerba et qui c\u00e9l\u00e9brera parall\u00e8lement le 50\u00e8me anniversaire de l'Organisation Internationale de la Francophonie.","og_url":"https:\/\/kapitalis.com\/tunisie\/2022\/05\/23\/sommet-de-la-francophonie-la-delegation-de-loif-et-les-membres-du-cno-en-visite-a-djerba-photos\/","og_site_name":"Kapitalis","article_publisher":"https:\/\/www.facebook.com\/KapitalisInfo\/","article_published_time":"2022-05-23T20:58:38+00:00","article_modified_time":"2022-05-23T20:58:40+00:00","og_image":[{"width":1200,"height":630,"url":"https:\/\/kapitalis.com\/tunisie\/wp-content\/uploads\/2022\/05\/Sommet-de-la-Francophonie-Djerba.jpg","type":"image\/jpeg"}],"author":"Yusra NY","twitter_card":"summary_large_image","twitter_creator":"@KapitalisInfo","twitter_site":"@KapitalisInfo","twitter_misc":{"\u00c9crit par":"Yusra NY","Dur\u00e9e de lecture estim\u00e9e":"4 minutes"},"schema":{"@context":"https:\/\/schema.org","@graph":[{"@type":"Article","@id":"https:\/\/kapitalis.com\/tunisie\/2022\/05\/23\/sommet-de-la-francophonie-la-delegation-de-loif-et-les-membres-du-cno-en-visite-a-djerba-photos\/#article","isPartOf":{"@id":"https:\/\/kapitalis.com\/tunisie\/2022\/05\/23\/sommet-de-la-francophonie-la-delegation-de-loif-et-les-membres-du-cno-en-visite-a-djerba-photos\/"},"author":{"name":"Yusra NY","@id":"https:\/\/kapitalis.com\/tunisie\/#\/schema\/person\/74bbde0154d49d790a92aaeac5bc01d5"},"headline":"Sommet de la Francophonie : La d\u00e9l\u00e9gation de l\u2019OIF et les membres du CNO en visite \u00e0 Djerba (Photos)","datePublished":"2022-05-23T20:58:38+00:00","dateModified":"2022-05-23T20:58:40+00:00","mainEntityOfPage":{"@id":"https:\/\/kapitalis.com\/tunisie\/2022\/05\/23\/sommet-de-la-francophonie-la-delegation-de-loif-et-les-membres-du-cno-en-visite-a-djerba-photos\/"},"wordCount":594,"commentCount":2,"publisher":{"@id":"https:\/\/kapitalis.com\/tunisie\/#organization"},"image":{"@id":"https:\/\/kapitalis.com\/tunisie\/2022\/05\/23\/sommet-de-la-francophonie-la-delegation-de-loif-et-les-membres-du-cno-en-visite-a-djerba-photos\/#primaryimage"},"thumbnailUrl":"https:\/\/kapitalis.com\/tunisie\/wp-content\/uploads\/2022\/05\/Sommet-de-la-Francophonie-Djerba.jpg","keywords":["CNO","Djerba","Mohamed Trabelsi","Moncef Sassi","OIF","Sommet de la Francophonie","Tunisie","Vanessa Lamothe"],"articleSection":["SOCIETE","Tunisie"],"inLanguage":"fr-FR","potentialAction":[{"@type":"CommentAction","name":"Comment","target":["https:\/\/kapitalis.com\/tunisie\/2022\/05\/23\/sommet-de-la-francophonie-la-delegation-de-loif-et-les-membres-du-cno-en-visite-a-djerba-photos\/#respond"]}]},{"@type":"WebPage","@id":"https:\/\/kapitalis.com\/tunisie\/2022\/05\/23\/sommet-de-la-francophonie-la-delegation-de-loif-et-les-membres-du-cno-en-visite-a-djerba-photos\/","url":"https:\/\/kapitalis.com\/tunisie\/2022\/05\/23\/sommet-de-la-francophonie-la-delegation-de-loif-et-les-membres-du-cno-en-visite-a-djerba-photos\/","name":"Sommet de la Francophonie : La d\u00e9l\u00e9gation de l\u2019OIF et les membres du CNO en visite \u00e0 Djerba (Photos) - Kapitalis","isPartOf":{"@id":"https:\/\/kapitalis.com\/tunisie\/#website"},"primaryImageOfPage":{"@id":"https:\/\/kapitalis.com\/tunisie\/2022\/05\/23\/sommet-de-la-francophonie-la-delegation-de-loif-et-les-membres-du-cno-en-visite-a-djerba-photos\/#primaryimage"},"image":{"@id":"https:\/\/kapitalis.com\/tunisie\/2022\/05\/23\/sommet-de-la-francophonie-la-delegation-de-loif-et-les-membres-du-cno-en-visite-a-djerba-photos\/#primaryimage"},"thumbnailUrl":"https:\/\/kapitalis.com\/tunisie\/wp-content\/uploads\/2022\/05\/Sommet-de-la-Francophonie-Djerba.jpg","datePublished":"2022-05-23T20:58:38+00:00","dateModified":"2022-05-23T20:58:40+00:00","description":"Nouvelle \u00e9tape d\u00e9cisive dans le processus d\u2019avancement des travaux du 18\u00e8me Sommet de la Francophonie qui se d\u00e9roulera, rappelons-le, les 19 et 20 novembre prochains \u00e0 Djerba et qui c\u00e9l\u00e9brera parall\u00e8lement le 50\u00e8me anniversaire de l'Organisation Internationale de la Francophonie.","breadcrumb":{"@id":"https:\/\/kapitalis.com\/tunisie\/2022\/05\/23\/sommet-de-la-francophonie-la-delegation-de-loif-et-les-membres-du-cno-en-visite-a-djerba-photos\/#breadcrumb"},"inLanguage":"fr-FR","potentialAction":[{"@type":"ReadAction","target":["https:\/\/kapitalis.com\/tunisie\/2022\/05\/23\/sommet-de-la-francophonie-la-delegation-de-loif-et-les-membres-du-cno-en-visite-a-djerba-photos\/"]}]},{"@type":"ImageObject","inLanguage":"fr-FR","@id":"https:\/\/kapitalis.com\/tunisie\/2022\/05\/23\/sommet-de-la-francophonie-la-delegation-de-loif-et-les-membres-du-cno-en-visite-a-djerba-photos\/#primaryimage","url":"https:\/\/kapitalis.com\/tunisie\/wp-content\/uploads\/2022\/05\/Sommet-de-la-Francophonie-Djerba.jpg","contentUrl":"https:\/\/kapitalis.com\/tunisie\/wp-content\/uploads\/2022\/05\/Sommet-de-la-Francophonie-Djerba.jpg","width":1200,"height":630},{"@type":"BreadcrumbList","@id":"https:\/\/kapitalis.com\/tunisie\/2022\/05\/23\/sommet-de-la-francophonie-la-delegation-de-loif-et-les-membres-du-cno-en-visite-a-djerba-photos\/#breadcrumb","itemListElement":[{"@type":"ListItem","position":1,"name":"Accueil","item":"https:\/\/kapitalis.com\/tunisie\/"},{"@type":"ListItem","position":2,"name":"Sommet de la Francophonie : La d\u00e9l\u00e9gation de l\u2019OIF et les membres du CNO en visite \u00e0 Djerba (Photos)"}]},{"@type":"WebSite","@id":"https:\/\/kapitalis.com\/tunisie\/#website","url":"https:\/\/kapitalis.com\/tunisie\/","name":"Kapitalis","description":"L&#039;actualit\u00e9 en Tunisie et dans le monde","publisher":{"@id":"https:\/\/kapitalis.com\/tunisie\/#organization"},"potentialAction":[{"@type":"SearchAction","target":{"@type":"EntryPoint","urlTemplate":"https:\/\/kapitalis.com\/tunisie\/?s={search_term_string}"},"query-input":{"@type":"PropertyValueSpecification","valueRequired":true,"valueName":"search_term_string"}}],"inLanguage":"fr-FR"},{"@type":"Organization","@id":"https:\/\/kapitalis.com\/tunisie\/#organization","name":"Kapitalis","url":"https:\/\/kapitalis.com\/tunisie\/","logo":{"@type":"ImageObject","inLanguage":"fr-FR","@id":"https:\/\/kapitalis.com\/tunisie\/#\/schema\/logo\/image\/","url":"https:\/\/kapitalis.com\/tunisie\/wp-content\/uploads\/2022\/05\/Kapitalis-big-size.png","contentUrl":"https:\/\/kapitalis.com\/tunisie\/wp-content\/uploads\/2022\/05\/Kapitalis-big-size.png","width":5000,"height":1500,"caption":"Kapitalis"},"image":{"@id":"https:\/\/kapitalis.com\/tunisie\/#\/schema\/logo\/image\/"},"sameAs":["https:\/\/www.facebook.com\/KapitalisInfo\/","https:\/\/x.com\/KapitalisInfo","https:\/\/www.youtube.com\/channel\/UC-yDYrHyfFBWWZaOw3FPg9Q"]},{"@type":"Person","@id":"https:\/\/kapitalis.com\/tunisie\/#\/schema\/person\/74bbde0154d49d790a92aaeac5bc01d5","name":"Yusra NY","url":"https:\/\/kapitalis.com\/tunisie\/author\/yuza_adam\/"}]}},"_links":{"self":[{"href":"https:\/\/kapitalis.com\/tunisie\/wp-json\/wp\/v2\/posts\/934746","targetHints":{"allow":["GET"]}}],"collection":[{"href":"https:\/\/kapitalis.com\/tunisie\/wp-json\/wp\/v2\/posts"}],"about":[{"href":"https:\/\/kapitalis.com\/tunisie\/wp-json\/wp\/v2\/types\/post"}],"author":[{"embeddable":true,"href":"https:\/\/kapitalis.com\/tunisie\/wp-json\/wp\/v2\/users\/6"}],"replies":[{"embeddable":true,"href":"https:\/\/kapitalis.com\/tunisie\/wp-json\/wp\/v2\/comments?post=934746"}],"version-history":[{"count":0,"href":"https:\/\/kapitalis.com\/tunisie\/wp-json\/wp\/v2\/posts\/934746\/revisions"}],"wp:featuredmedia":[{"embeddable":true,"href":"https:\/\/kapitalis.com\/tunisie\/wp-json\/wp\/v2\/media\/934848"}],"wp:attachment":[{"href":"https:\/\/kapitalis.com\/tunisie\/wp-json\/wp\/v2\/media?parent=934746"}],"wp:term":[{"taxonomy":"category","embeddable":true,"href":"https:\/\/kapitalis.com\/tunisie\/wp-json\/wp\/v2\/categories?post=934746"},{"taxonomy":"post_tag","embeddable":true,"href":"https:\/\/kapitalis.com\/tunisie\/wp-json\/wp\/v2\/tags?post=934746"}],"curies":[{"name":"wp","href":"https:\/\/api.w.org\/{rel}","templated":true}]}}