{"id":93482,"date":"2017-04-28T12:00:31","date_gmt":"2017-04-28T11:30:31","guid":{"rendered":"http:\/\/kapitalis.com\/tunisie\/?p=93482"},"modified":"2017-04-28T12:00:31","modified_gmt":"2017-04-28T11:30:31","slug":"ben-salha-ben-ali-na-pas-lintention-de-revenir-en-tunisie","status":"publish","type":"post","link":"https:\/\/kapitalis.com\/tunisie\/2017\/04\/28\/ben-salha-ben-ali-na-pas-lintention-de-revenir-en-tunisie\/","title":{"rendered":"Ben Salha: Ben Ali n&rsquo;a pas l&rsquo;intention de revenir en Tunisie"},"content":{"rendered":"<p style=\"text-align: center;\"><img loading=\"lazy\" decoding=\"async\" class=\"alignnone size-full wp-image-73186\" src=\"http:\/\/kapitalis.com\/tunisie\/wp-content\/uploads\/2016\/11\/Mounir-Ben-Salha-Zine-Ben-Ali.jpg\" alt=\"\" width=\"626\" height=\"380\" \/><\/p>\n<p><em><strong>Mounir Ben Salha, avocat de l&rsquo;ancien pr\u00e9sident Ben Ali, a d\u00e9clar\u00e9 que son client n&rsquo;a pas l&rsquo;intention de revenir en Tunisie o\u00f9 la situation continue de se d\u00e9grader.<\/strong><\/em><!--more--><\/p>\n<p>Intervenu vendredi 28 avril 2017\u00a0\u00e0 \u00ab<em>La matinale\u00bb<\/em>\u00a0de Shems\u00a0FM, Me Ben Salha a indiqu\u00e9 que\u00a0le climat socio-politique pr\u00e9valant dans le pays n&rsquo;encourage pas son client \u00e0 envisager son retour, ajoutant que ce dernier n&rsquo;a aucune intention de\u00a0jouer un r\u00f4le politique dans l&rsquo;avenir.<\/p>\n<p>L&rsquo;avocat a, par ailleurs, indiqu\u00e9 que les 125 affaires d\u00e9pos\u00e9es aupr\u00e8s du tribunal administratif sur\u00a0les d\u00e9cisions de confiscations de ses biens et de ceux de sa famille sont ill\u00e9gitimes et anticonstitutionnelles.<\/p>\n<p>Me Ben Salha a estim\u00e9 que l&rsquo;ancien pr\u00e9sident n&rsquo;a nullement l&rsquo;intention de faire\u00a0une d\u00e9claration publique de crainte de provoquer des tensions dans le pays.<\/p>\n<p>Rappelons que Ben Ali, en fuite en Arabie saoudite depuis le 14 janvier 2011, n&rsquo;a donn\u00e9 jusque-ici aucune d\u00e9claration aux m\u00e9dias. Les autorit\u00e9s saoudiennes lui ont conseill\u00e9 de ne pas\u00a0le faire, pour pr\u00e9server les bonnes relations avec les responsables tunisiens.<\/p>\n<p style=\"text-align: right;\"><strong>E. B. A.<\/strong><\/p>\n<p>&nbsp;<\/p>\n","protected":false},"excerpt":{"rendered":"<p>Mounir Ben Salha, avocat de l&rsquo;ancien pr\u00e9sident Ben Ali, a d\u00e9clar\u00e9 que son client n&rsquo;a pas l&rsquo;intention de revenir en Tunisie o\u00f9 la situation continue de se d\u00e9grader.<\/p>\n","protected":false},"author":16,"featured_media":0,"comment_status":"open","ping_status":"open","sticky":false,"template":"","format":"standard","meta":{"footnotes":""},"categories":[997,2433],"tags":[140,29941,8685,2104],"class_list":["post-93482","post","type-post","status-publish","format-standard","hentry","category-politique","category-tunisie","tag-ben-ali","tag-la-matinale","tag-mounir-ben-salha","tag-shems-fm"],"yoast_head":"<!-- This site is optimized with the Yoast SEO plugin v26.6 - https:\/\/yoast.com\/wordpress\/plugins\/seo\/ -->\n<title>Ben Salha: Ben Ali n&#039;a pas l&#039;intention de revenir en Tunisie - Kapitalis<\/title>\n<meta name=\"robots\" content=\"index, follow, max-snippet:-1, max-image-preview:large, max-video-preview:-1\" \/>\n<link rel=\"canonical\" href=\"https:\/\/kapitalis.com\/tunisie\/2017\/04\/28\/ben-salha-ben-ali-na-pas-lintention-de-revenir-en-tunisie\/\" \/>\n<meta property=\"og:locale\" content=\"fr_FR\" \/>\n<meta property=\"og:type\" content=\"article\" \/>\n<meta property=\"og:title\" content=\"Ben Salha: Ben Ali n&#039;a pas l&#039;intention de revenir en Tunisie - Kapitalis\" \/>\n<meta property=\"og:description\" content=\"Mounir Ben Salha, avocat de l&rsquo;ancien pr\u00e9sident Ben Ali, a d\u00e9clar\u00e9 que son client n&rsquo;a pas l&rsquo;intention de revenir en Tunisie o\u00f9 la situation continue de se d\u00e9grader.\" \/>\n<meta property=\"og:url\" content=\"https:\/\/kapitalis.com\/tunisie\/2017\/04\/28\/ben-salha-ben-ali-na-pas-lintention-de-revenir-en-tunisie\/\" \/>\n<meta property=\"og:site_name\" content=\"Kapitalis\" \/>\n<meta property=\"article:publisher\" content=\"https:\/\/www.facebook.com\/KapitalisInfo\/\" \/>\n<meta property=\"article:published_time\" content=\"2017-04-28T11:30:31+00:00\" \/>\n<meta property=\"og:image\" content=\"http:\/\/kapitalis.com\/tunisie\/wp-content\/uploads\/2016\/11\/Mounir-Ben-Salha-Zine-Ben-Ali.jpg\" \/>\n<meta name=\"author\" content=\"emna benabdallah\" \/>\n<meta name=\"twitter:card\" content=\"summary_large_image\" \/>\n<meta name=\"twitter:creator\" content=\"@KapitalisInfo\" \/>\n<meta name=\"twitter:site\" content=\"@KapitalisInfo\" \/>\n<meta name=\"twitter:label1\" content=\"\u00c9crit par\" \/>\n\t<meta name=\"twitter:data1\" content=\"emna benabdallah\" \/>\n\t<meta name=\"twitter:label2\" content=\"Dur\u00e9e de lecture estim\u00e9e\" \/>\n\t<meta name=\"twitter:data2\" content=\"1 minute\" \/>\n<script type=\"application\/ld+json\" class=\"yoast-schema-graph\">{\"@context\":\"https:\/\/schema.org\",\"@graph\":[{\"@type\":\"Article\",\"@id\":\"https:\/\/kapitalis.com\/tunisie\/2017\/04\/28\/ben-salha-ben-ali-na-pas-lintention-de-revenir-en-tunisie\/#article\",\"isPartOf\":{\"@id\":\"https:\/\/kapitalis.com\/tunisie\/2017\/04\/28\/ben-salha-ben-ali-na-pas-lintention-de-revenir-en-tunisie\/\"},\"author\":{\"name\":\"emna benabdallah\",\"@id\":\"https:\/\/kapitalis.com\/tunisie\/#\/schema\/person\/2c6e134b2f3369dffcd1daf5f087d28b\"},\"headline\":\"Ben Salha: Ben Ali n&rsquo;a pas l&rsquo;intention de revenir en Tunisie\",\"datePublished\":\"2017-04-28T11:30:31+00:00\",\"mainEntityOfPage\":{\"@id\":\"https:\/\/kapitalis.com\/tunisie\/2017\/04\/28\/ben-salha-ben-ali-na-pas-lintention-de-revenir-en-tunisie\/\"},\"wordCount\":196,\"commentCount\":6,\"publisher\":{\"@id\":\"https:\/\/kapitalis.com\/tunisie\/#organization\"},\"image\":{\"@id\":\"https:\/\/kapitalis.com\/tunisie\/2017\/04\/28\/ben-salha-ben-ali-na-pas-lintention-de-revenir-en-tunisie\/#primaryimage\"},\"thumbnailUrl\":\"http:\/\/kapitalis.com\/tunisie\/wp-content\/uploads\/2016\/11\/Mounir-Ben-Salha-Zine-Ben-Ali.jpg\",\"keywords\":[\"Ben Ali\",\"La matinale\",\"Mounir Ben Salha\",\"Shems FM\"],\"articleSection\":[\"POLITIQUE\",\"Tunisie\"],\"inLanguage\":\"fr-FR\",\"potentialAction\":[{\"@type\":\"CommentAction\",\"name\":\"Comment\",\"target\":[\"https:\/\/kapitalis.com\/tunisie\/2017\/04\/28\/ben-salha-ben-ali-na-pas-lintention-de-revenir-en-tunisie\/#respond\"]}]},{\"@type\":\"WebPage\",\"@id\":\"https:\/\/kapitalis.com\/tunisie\/2017\/04\/28\/ben-salha-ben-ali-na-pas-lintention-de-revenir-en-tunisie\/\",\"url\":\"https:\/\/kapitalis.com\/tunisie\/2017\/04\/28\/ben-salha-ben-ali-na-pas-lintention-de-revenir-en-tunisie\/\",\"name\":\"Ben Salha: Ben Ali n'a pas l'intention de revenir en Tunisie - Kapitalis\",\"isPartOf\":{\"@id\":\"https:\/\/kapitalis.com\/tunisie\/#website\"},\"primaryImageOfPage\":{\"@id\":\"https:\/\/kapitalis.com\/tunisie\/2017\/04\/28\/ben-salha-ben-ali-na-pas-lintention-de-revenir-en-tunisie\/#primaryimage\"},\"image\":{\"@id\":\"https:\/\/kapitalis.com\/tunisie\/2017\/04\/28\/ben-salha-ben-ali-na-pas-lintention-de-revenir-en-tunisie\/#primaryimage\"},\"thumbnailUrl\":\"http:\/\/kapitalis.com\/tunisie\/wp-content\/uploads\/2016\/11\/Mounir-Ben-Salha-Zine-Ben-Ali.jpg\",\"datePublished\":\"2017-04-28T11:30:31+00:00\",\"breadcrumb\":{\"@id\":\"https:\/\/kapitalis.com\/tunisie\/2017\/04\/28\/ben-salha-ben-ali-na-pas-lintention-de-revenir-en-tunisie\/#breadcrumb\"},\"inLanguage\":\"fr-FR\",\"potentialAction\":[{\"@type\":\"ReadAction\",\"target\":[\"https:\/\/kapitalis.com\/tunisie\/2017\/04\/28\/ben-salha-ben-ali-na-pas-lintention-de-revenir-en-tunisie\/\"]}]},{\"@type\":\"ImageObject\",\"inLanguage\":\"fr-FR\",\"@id\":\"https:\/\/kapitalis.com\/tunisie\/2017\/04\/28\/ben-salha-ben-ali-na-pas-lintention-de-revenir-en-tunisie\/#primaryimage\",\"url\":\"http:\/\/kapitalis.com\/tunisie\/wp-content\/uploads\/2016\/11\/Mounir-Ben-Salha-Zine-Ben-Ali.jpg\",\"contentUrl\":\"http:\/\/kapitalis.com\/tunisie\/wp-content\/uploads\/2016\/11\/Mounir-Ben-Salha-Zine-Ben-Ali.jpg\"},{\"@type\":\"BreadcrumbList\",\"@id\":\"https:\/\/kapitalis.com\/tunisie\/2017\/04\/28\/ben-salha-ben-ali-na-pas-lintention-de-revenir-en-tunisie\/#breadcrumb\",\"itemListElement\":[{\"@type\":\"ListItem\",\"position\":1,\"name\":\"Accueil\",\"item\":\"https:\/\/kapitalis.com\/tunisie\/\"},{\"@type\":\"ListItem\",\"position\":2,\"name\":\"Ben Salha: Ben Ali n&rsquo;a pas l&rsquo;intention de revenir en Tunisie\"}]},{\"@type\":\"WebSite\",\"@id\":\"https:\/\/kapitalis.com\/tunisie\/#website\",\"url\":\"https:\/\/kapitalis.com\/tunisie\/\",\"name\":\"Kapitalis\",\"description\":\"L&#039;actualit\u00e9 en Tunisie et dans le monde\",\"publisher\":{\"@id\":\"https:\/\/kapitalis.com\/tunisie\/#organization\"},\"potentialAction\":[{\"@type\":\"SearchAction\",\"target\":{\"@type\":\"EntryPoint\",\"urlTemplate\":\"https:\/\/kapitalis.com\/tunisie\/?s={search_term_string}\"},\"query-input\":{\"@type\":\"PropertyValueSpecification\",\"valueRequired\":true,\"valueName\":\"search_term_string\"}}],\"inLanguage\":\"fr-FR\"},{\"@type\":\"Organization\",\"@id\":\"https:\/\/kapitalis.com\/tunisie\/#organization\",\"name\":\"Kapitalis\",\"url\":\"https:\/\/kapitalis.com\/tunisie\/\",\"logo\":{\"@type\":\"ImageObject\",\"inLanguage\":\"fr-FR\",\"@id\":\"https:\/\/kapitalis.com\/tunisie\/#\/schema\/logo\/image\/\",\"url\":\"https:\/\/kapitalis.com\/tunisie\/wp-content\/uploads\/2022\/05\/Kapitalis-big-size.png\",\"contentUrl\":\"https:\/\/kapitalis.com\/tunisie\/wp-content\/uploads\/2022\/05\/Kapitalis-big-size.png\",\"width\":5000,\"height\":1500,\"caption\":\"Kapitalis\"},\"image\":{\"@id\":\"https:\/\/kapitalis.com\/tunisie\/#\/schema\/logo\/image\/\"},\"sameAs\":[\"https:\/\/www.facebook.com\/KapitalisInfo\/\",\"https:\/\/x.com\/KapitalisInfo\",\"https:\/\/www.youtube.com\/channel\/UC-yDYrHyfFBWWZaOw3FPg9Q\"]},{\"@type\":\"Person\",\"@id\":\"https:\/\/kapitalis.com\/tunisie\/#\/schema\/person\/2c6e134b2f3369dffcd1daf5f087d28b\",\"name\":\"emna benabdallah\",\"url\":\"https:\/\/kapitalis.com\/tunisie\/author\/emna\/\"}]}<\/script>\n<!-- \/ Yoast SEO plugin. -->","yoast_head_json":{"title":"Ben Salha: Ben Ali n'a pas l'intention de revenir en Tunisie - Kapitalis","robots":{"index":"index","follow":"follow","max-snippet":"max-snippet:-1","max-image-preview":"max-image-preview:large","max-video-preview":"max-video-preview:-1"},"canonical":"https:\/\/kapitalis.com\/tunisie\/2017\/04\/28\/ben-salha-ben-ali-na-pas-lintention-de-revenir-en-tunisie\/","og_locale":"fr_FR","og_type":"article","og_title":"Ben Salha: Ben Ali n'a pas l'intention de revenir en Tunisie - Kapitalis","og_description":"Mounir Ben Salha, avocat de l&rsquo;ancien pr\u00e9sident Ben Ali, a d\u00e9clar\u00e9 que son client n&rsquo;a pas l&rsquo;intention de revenir en Tunisie o\u00f9 la situation continue de se d\u00e9grader.","og_url":"https:\/\/kapitalis.com\/tunisie\/2017\/04\/28\/ben-salha-ben-ali-na-pas-lintention-de-revenir-en-tunisie\/","og_site_name":"Kapitalis","article_publisher":"https:\/\/www.facebook.com\/KapitalisInfo\/","article_published_time":"2017-04-28T11:30:31+00:00","og_image":[{"url":"http:\/\/kapitalis.com\/tunisie\/wp-content\/uploads\/2016\/11\/Mounir-Ben-Salha-Zine-Ben-Ali.jpg","type":"","width":"","height":""}],"author":"emna benabdallah","twitter_card":"summary_large_image","twitter_creator":"@KapitalisInfo","twitter_site":"@KapitalisInfo","twitter_misc":{"\u00c9crit par":"emna benabdallah","Dur\u00e9e de lecture estim\u00e9e":"1 minute"},"schema":{"@context":"https:\/\/schema.org","@graph":[{"@type":"Article","@id":"https:\/\/kapitalis.com\/tunisie\/2017\/04\/28\/ben-salha-ben-ali-na-pas-lintention-de-revenir-en-tunisie\/#article","isPartOf":{"@id":"https:\/\/kapitalis.com\/tunisie\/2017\/04\/28\/ben-salha-ben-ali-na-pas-lintention-de-revenir-en-tunisie\/"},"author":{"name":"emna benabdallah","@id":"https:\/\/kapitalis.com\/tunisie\/#\/schema\/person\/2c6e134b2f3369dffcd1daf5f087d28b"},"headline":"Ben Salha: Ben Ali n&rsquo;a pas l&rsquo;intention de revenir en Tunisie","datePublished":"2017-04-28T11:30:31+00:00","mainEntityOfPage":{"@id":"https:\/\/kapitalis.com\/tunisie\/2017\/04\/28\/ben-salha-ben-ali-na-pas-lintention-de-revenir-en-tunisie\/"},"wordCount":196,"commentCount":6,"publisher":{"@id":"https:\/\/kapitalis.com\/tunisie\/#organization"},"image":{"@id":"https:\/\/kapitalis.com\/tunisie\/2017\/04\/28\/ben-salha-ben-ali-na-pas-lintention-de-revenir-en-tunisie\/#primaryimage"},"thumbnailUrl":"http:\/\/kapitalis.com\/tunisie\/wp-content\/uploads\/2016\/11\/Mounir-Ben-Salha-Zine-Ben-Ali.jpg","keywords":["Ben Ali","La matinale","Mounir Ben Salha","Shems FM"],"articleSection":["POLITIQUE","Tunisie"],"inLanguage":"fr-FR","potentialAction":[{"@type":"CommentAction","name":"Comment","target":["https:\/\/kapitalis.com\/tunisie\/2017\/04\/28\/ben-salha-ben-ali-na-pas-lintention-de-revenir-en-tunisie\/#respond"]}]},{"@type":"WebPage","@id":"https:\/\/kapitalis.com\/tunisie\/2017\/04\/28\/ben-salha-ben-ali-na-pas-lintention-de-revenir-en-tunisie\/","url":"https:\/\/kapitalis.com\/tunisie\/2017\/04\/28\/ben-salha-ben-ali-na-pas-lintention-de-revenir-en-tunisie\/","name":"Ben Salha: Ben Ali n'a pas l'intention de revenir en Tunisie - Kapitalis","isPartOf":{"@id":"https:\/\/kapitalis.com\/tunisie\/#website"},"primaryImageOfPage":{"@id":"https:\/\/kapitalis.com\/tunisie\/2017\/04\/28\/ben-salha-ben-ali-na-pas-lintention-de-revenir-en-tunisie\/#primaryimage"},"image":{"@id":"https:\/\/kapitalis.com\/tunisie\/2017\/04\/28\/ben-salha-ben-ali-na-pas-lintention-de-revenir-en-tunisie\/#primaryimage"},"thumbnailUrl":"http:\/\/kapitalis.com\/tunisie\/wp-content\/uploads\/2016\/11\/Mounir-Ben-Salha-Zine-Ben-Ali.jpg","datePublished":"2017-04-28T11:30:31+00:00","breadcrumb":{"@id":"https:\/\/kapitalis.com\/tunisie\/2017\/04\/28\/ben-salha-ben-ali-na-pas-lintention-de-revenir-en-tunisie\/#breadcrumb"},"inLanguage":"fr-FR","potentialAction":[{"@type":"ReadAction","target":["https:\/\/kapitalis.com\/tunisie\/2017\/04\/28\/ben-salha-ben-ali-na-pas-lintention-de-revenir-en-tunisie\/"]}]},{"@type":"ImageObject","inLanguage":"fr-FR","@id":"https:\/\/kapitalis.com\/tunisie\/2017\/04\/28\/ben-salha-ben-ali-na-pas-lintention-de-revenir-en-tunisie\/#primaryimage","url":"http:\/\/kapitalis.com\/tunisie\/wp-content\/uploads\/2016\/11\/Mounir-Ben-Salha-Zine-Ben-Ali.jpg","contentUrl":"http:\/\/kapitalis.com\/tunisie\/wp-content\/uploads\/2016\/11\/Mounir-Ben-Salha-Zine-Ben-Ali.jpg"},{"@type":"BreadcrumbList","@id":"https:\/\/kapitalis.com\/tunisie\/2017\/04\/28\/ben-salha-ben-ali-na-pas-lintention-de-revenir-en-tunisie\/#breadcrumb","itemListElement":[{"@type":"ListItem","position":1,"name":"Accueil","item":"https:\/\/kapitalis.com\/tunisie\/"},{"@type":"ListItem","position":2,"name":"Ben Salha: Ben Ali n&rsquo;a pas l&rsquo;intention de revenir en Tunisie"}]},{"@type":"WebSite","@id":"https:\/\/kapitalis.com\/tunisie\/#website","url":"https:\/\/kapitalis.com\/tunisie\/","name":"Kapitalis","description":"L&#039;actualit\u00e9 en Tunisie et dans le monde","publisher":{"@id":"https:\/\/kapitalis.com\/tunisie\/#organization"},"potentialAction":[{"@type":"SearchAction","target":{"@type":"EntryPoint","urlTemplate":"https:\/\/kapitalis.com\/tunisie\/?s={search_term_string}"},"query-input":{"@type":"PropertyValueSpecification","valueRequired":true,"valueName":"search_term_string"}}],"inLanguage":"fr-FR"},{"@type":"Organization","@id":"https:\/\/kapitalis.com\/tunisie\/#organization","name":"Kapitalis","url":"https:\/\/kapitalis.com\/tunisie\/","logo":{"@type":"ImageObject","inLanguage":"fr-FR","@id":"https:\/\/kapitalis.com\/tunisie\/#\/schema\/logo\/image\/","url":"https:\/\/kapitalis.com\/tunisie\/wp-content\/uploads\/2022\/05\/Kapitalis-big-size.png","contentUrl":"https:\/\/kapitalis.com\/tunisie\/wp-content\/uploads\/2022\/05\/Kapitalis-big-size.png","width":5000,"height":1500,"caption":"Kapitalis"},"image":{"@id":"https:\/\/kapitalis.com\/tunisie\/#\/schema\/logo\/image\/"},"sameAs":["https:\/\/www.facebook.com\/KapitalisInfo\/","https:\/\/x.com\/KapitalisInfo","https:\/\/www.youtube.com\/channel\/UC-yDYrHyfFBWWZaOw3FPg9Q"]},{"@type":"Person","@id":"https:\/\/kapitalis.com\/tunisie\/#\/schema\/person\/2c6e134b2f3369dffcd1daf5f087d28b","name":"emna benabdallah","url":"https:\/\/kapitalis.com\/tunisie\/author\/emna\/"}]}},"_links":{"self":[{"href":"https:\/\/kapitalis.com\/tunisie\/wp-json\/wp\/v2\/posts\/93482","targetHints":{"allow":["GET"]}}],"collection":[{"href":"https:\/\/kapitalis.com\/tunisie\/wp-json\/wp\/v2\/posts"}],"about":[{"href":"https:\/\/kapitalis.com\/tunisie\/wp-json\/wp\/v2\/types\/post"}],"author":[{"embeddable":true,"href":"https:\/\/kapitalis.com\/tunisie\/wp-json\/wp\/v2\/users\/16"}],"replies":[{"embeddable":true,"href":"https:\/\/kapitalis.com\/tunisie\/wp-json\/wp\/v2\/comments?post=93482"}],"version-history":[{"count":0,"href":"https:\/\/kapitalis.com\/tunisie\/wp-json\/wp\/v2\/posts\/93482\/revisions"}],"wp:attachment":[{"href":"https:\/\/kapitalis.com\/tunisie\/wp-json\/wp\/v2\/media?parent=93482"}],"wp:term":[{"taxonomy":"category","embeddable":true,"href":"https:\/\/kapitalis.com\/tunisie\/wp-json\/wp\/v2\/categories?post=93482"},{"taxonomy":"post_tag","embeddable":true,"href":"https:\/\/kapitalis.com\/tunisie\/wp-json\/wp\/v2\/tags?post=93482"}],"curies":[{"name":"wp","href":"https:\/\/api.w.org\/{rel}","templated":true}]}}