{"id":93658,"date":"2017-04-29T09:01:34","date_gmt":"2017-04-29T08:31:34","guid":{"rendered":"http:\/\/kapitalis.com\/tunisie\/?p=93658"},"modified":"2017-04-29T09:07:57","modified_gmt":"2017-04-29T08:37:57","slug":"iyed-dahmani-lintegrite-du-territoire-est-une-ligne-rouge","status":"publish","type":"post","link":"https:\/\/kapitalis.com\/tunisie\/2017\/04\/29\/iyed-dahmani-lintegrite-du-territoire-est-une-ligne-rouge\/","title":{"rendered":"Iyed Dahmani : L\u2019int\u00e9grit\u00e9 du territoire est une ligne rouge"},"content":{"rendered":"<p style=\"text-align: center;\"><img loading=\"lazy\" decoding=\"async\" class=\"alignnone size-full wp-image-93659\" src=\"http:\/\/kapitalis.com\/tunisie\/wp-content\/uploads\/2017\/04\/Iyed-Dahmani.jpg\" alt=\"\" width=\"626\" height=\"380\" \/><\/p>\n<p><em><strong>Face aux d\u00e9passements enregistr\u00e9s ces derniers jours \u00e0 Tataouine, le gouvernement avertit contre toute atteinte \u00e0 l\u2019int\u00e9grit\u00e9 du territoire national et \u00e0 l\u2019unit\u00e9 du pays.<\/strong> <\/em><\/p>\n<p><!--more--><\/p>\n<p>Le conseil des ministres s\u2019est r\u00e9uni vendredi 28 avril 2017, sous la pr\u00e9sidence du chef du gouvernement Youssef Chahed, pour examiner plusieurs dossiers, notamment ceux relatifs \u00e0 l\u2019approbation de la loi sur les collectivit\u00e9s locales et \u00e0 l\u2019arr\u00eat de la liste des zones municipales \u00e0 vocation touristique.<\/p>\n<p>La situation g\u00e9n\u00e9rale dans le pays et les tensions sociales s\u00e9vissant depuis plusieurs semaines dans certaines r\u00e9gions ont pris une grande part des discussions du conseil. Ainsi que les r\u00e9sultats de la visite du chef du gouvernement au gouvernorat de Tataouine, jeudi dernier, et les pr\u00e9paratifs des nouvelles visites que Chahed s\u2019appr\u00eate \u00e0 effectuer \u00e0 d\u2019autre gouvernorats, notamment celui Kairouan qui figure dans son agenda de la semaine prochaine.<\/p>\n<p>Lors d\u2019un point de presse tenu \u00e0 l\u2019issue du conseil des ministres, le porte-parole du gouvernement, Iyed Dahmani, a mis en garde contre toute tentative visant \u00e0 porter atteinte \u00e0 l\u2019int\u00e9grit\u00e9 du territoire national et \u00e0 l\u2019unit\u00e9 du pays, qu\u2019il a qualifi\u00e9es de <em>\u00abligne rouge qu\u2019il ne faut pas d\u00e9passer\u00bb<\/em>.<\/p>\n<p style=\"text-align: center;\"><img loading=\"lazy\" decoding=\"async\" class=\"alignnone wp-image-93661\" src=\"http:\/\/kapitalis.com\/tunisie\/wp-content\/uploads\/2017\/04\/Conseil-des-minitres.jpg\" alt=\"Conseil des ministres\" width=\"500\" height=\"333\" \/><\/p>\n<p style=\"text-align: center;\"><em>Le gouvernement d\u00e9termin\u00e9 \u00e0 faire respecter la loi, notamment dans les zones frontali\u00e8res.<\/em><\/p>\n<p>Le chef du gouvernement a donn\u00e9 des instructions pour que la loi soit appliqu\u00e9e \u00e0 tous ceux qui transgressent la constitution du pays, a affirm\u00e9 Dahmani. <em>\u00abLes garanties constitutionnelles donn\u00e9es en Tunisie \u00e0 la libert\u00e9 d\u2019expression et de manifestation ne doivent pas \u00eatre exerc\u00e9es hors du cadre de l\u2019Etat\u00bb<\/em>, a-t-il aussi indiqu\u00e9.<\/p>\n<p><em>\u00abIl n\u2019y a pas de d\u00e9mocratie sans le respect et l\u2019application de la loi, et la libert\u00e9 d\u2019expression et de manifestation ne doit pas toucher aux droits des citoyens \u00e0 la libre circulation et au travail\u00bb,<\/em> a ajout\u00e9 Dahmani, par allusion aux groupes de manifestants qui bloquent les routes et emp\u00eachent l\u2019acc\u00e8s aux champs p\u00e9troliers dans le gouvernorat de Tataouine.<\/p>\n<p>Cette d\u00e9claration du porte-parole du gouvernement vise \u00e0 restaurer la foi des citoyens dans la capacit\u00e9 de l\u2019Etat \u00e0 r\u00e9tablir son autorit\u00e9 sur tout le territoire national et l\u2019espoir de le voir g\u00e9rer avec fermet\u00e9 les tensions actuelles dans certaines r\u00e9gions du pays, qui ont d\u00e9rap\u00e9 et d\u00e9pass\u00e9 les <em>\u00ablignes rouges\u00bb<\/em> dont parle Dahmani. Ce qui a fait dire \u00e0 beaucoup que les probl\u00e8mes \u00e9conomiques et sociaux cens\u00e9s \u00eatre derri\u00e8re ces tensions ne sauraient justifier l\u2019atteinte \u00e0 la s\u00e9curit\u00e9 et \u00e0 la souverainet\u00e9 nationales.<\/p>\n<p style=\"text-align: right;\"><strong>Abderrazek Krimi<\/strong><\/p>\n","protected":false},"excerpt":{"rendered":"<p>Face aux d\u00e9passements enregistr\u00e9s ces derniers jours \u00e0 Tataouine, le gouvernement avertit contre toute atteinte \u00e0 l\u2019int\u00e9grit\u00e9 du territoire national et \u00e0 l\u2019unit\u00e9 du pays.<\/p>\n","protected":false},"author":8,"featured_media":93659,"comment_status":"open","ping_status":"open","sticky":false,"template":"","format":"standard","meta":{"footnotes":""},"categories":[997,2433],"tags":[17936,1126],"class_list":["post-93658","post","type-post","status-publish","format-standard","has-post-thumbnail","hentry","category-politique","category-tunisie","tag-iyed-dahmani","tag-tataouine"],"yoast_head":"<!-- This site is optimized with the Yoast SEO plugin v26.6 - https:\/\/yoast.com\/wordpress\/plugins\/seo\/ -->\n<title>Iyed Dahmani : L\u2019int\u00e9grit\u00e9 du territoire est une ligne rouge - Kapitalis<\/title>\n<meta name=\"robots\" content=\"index, follow, max-snippet:-1, max-image-preview:large, max-video-preview:-1\" \/>\n<link rel=\"canonical\" href=\"https:\/\/kapitalis.com\/tunisie\/2017\/04\/29\/iyed-dahmani-lintegrite-du-territoire-est-une-ligne-rouge\/\" \/>\n<meta property=\"og:locale\" content=\"fr_FR\" \/>\n<meta property=\"og:type\" content=\"article\" \/>\n<meta property=\"og:title\" content=\"Iyed Dahmani : L\u2019int\u00e9grit\u00e9 du territoire est une ligne rouge - Kapitalis\" \/>\n<meta property=\"og:description\" content=\"Face aux d\u00e9passements enregistr\u00e9s ces derniers jours \u00e0 Tataouine, le gouvernement avertit contre toute atteinte \u00e0 l\u2019int\u00e9grit\u00e9 du territoire national et \u00e0 l\u2019unit\u00e9 du pays.\" \/>\n<meta property=\"og:url\" content=\"https:\/\/kapitalis.com\/tunisie\/2017\/04\/29\/iyed-dahmani-lintegrite-du-territoire-est-une-ligne-rouge\/\" \/>\n<meta property=\"og:site_name\" content=\"Kapitalis\" \/>\n<meta property=\"article:publisher\" content=\"https:\/\/www.facebook.com\/KapitalisInfo\/\" \/>\n<meta property=\"article:published_time\" content=\"2017-04-29T08:31:34+00:00\" \/>\n<meta property=\"article:modified_time\" content=\"2017-04-29T08:37:57+00:00\" \/>\n<meta property=\"og:image\" content=\"https:\/\/kapitalis.com\/tunisie\/wp-content\/uploads\/2022\/05\/kapitalis-logo-fb.png\" \/>\n\t<meta property=\"og:image:width\" content=\"1200\" \/>\n\t<meta property=\"og:image:height\" content=\"630\" \/>\n\t<meta property=\"og:image:type\" content=\"image\/png\" \/>\n<meta name=\"author\" content=\"webmaster kapitalis\" \/>\n<meta name=\"twitter:card\" content=\"summary_large_image\" \/>\n<meta name=\"twitter:creator\" content=\"@KapitalisInfo\" \/>\n<meta name=\"twitter:site\" content=\"@KapitalisInfo\" \/>\n<meta name=\"twitter:label1\" content=\"\u00c9crit par\" \/>\n\t<meta name=\"twitter:data1\" content=\"webmaster kapitalis\" \/>\n\t<meta name=\"twitter:label2\" content=\"Dur\u00e9e de lecture estim\u00e9e\" \/>\n\t<meta name=\"twitter:data2\" content=\"2 minutes\" \/>\n<script type=\"application\/ld+json\" class=\"yoast-schema-graph\">{\"@context\":\"https:\/\/schema.org\",\"@graph\":[{\"@type\":\"Article\",\"@id\":\"https:\/\/kapitalis.com\/tunisie\/2017\/04\/29\/iyed-dahmani-lintegrite-du-territoire-est-une-ligne-rouge\/#article\",\"isPartOf\":{\"@id\":\"https:\/\/kapitalis.com\/tunisie\/2017\/04\/29\/iyed-dahmani-lintegrite-du-territoire-est-une-ligne-rouge\/\"},\"author\":{\"name\":\"webmaster kapitalis\",\"@id\":\"https:\/\/kapitalis.com\/tunisie\/#\/schema\/person\/d71f33a9ca44f7bad4698210b480c8e9\"},\"headline\":\"Iyed Dahmani : L\u2019int\u00e9grit\u00e9 du territoire est une ligne rouge\",\"datePublished\":\"2017-04-29T08:31:34+00:00\",\"dateModified\":\"2017-04-29T08:37:57+00:00\",\"mainEntityOfPage\":{\"@id\":\"https:\/\/kapitalis.com\/tunisie\/2017\/04\/29\/iyed-dahmani-lintegrite-du-territoire-est-une-ligne-rouge\/\"},\"wordCount\":448,\"commentCount\":2,\"publisher\":{\"@id\":\"https:\/\/kapitalis.com\/tunisie\/#organization\"},\"image\":{\"@id\":\"https:\/\/kapitalis.com\/tunisie\/2017\/04\/29\/iyed-dahmani-lintegrite-du-territoire-est-une-ligne-rouge\/#primaryimage\"},\"thumbnailUrl\":\"\",\"keywords\":[\"Iyed Dahmani\",\"Tataouine\"],\"articleSection\":[\"POLITIQUE\",\"Tunisie\"],\"inLanguage\":\"fr-FR\",\"potentialAction\":[{\"@type\":\"CommentAction\",\"name\":\"Comment\",\"target\":[\"https:\/\/kapitalis.com\/tunisie\/2017\/04\/29\/iyed-dahmani-lintegrite-du-territoire-est-une-ligne-rouge\/#respond\"]}]},{\"@type\":\"WebPage\",\"@id\":\"https:\/\/kapitalis.com\/tunisie\/2017\/04\/29\/iyed-dahmani-lintegrite-du-territoire-est-une-ligne-rouge\/\",\"url\":\"https:\/\/kapitalis.com\/tunisie\/2017\/04\/29\/iyed-dahmani-lintegrite-du-territoire-est-une-ligne-rouge\/\",\"name\":\"Iyed Dahmani : L\u2019int\u00e9grit\u00e9 du territoire est une ligne rouge - Kapitalis\",\"isPartOf\":{\"@id\":\"https:\/\/kapitalis.com\/tunisie\/#website\"},\"primaryImageOfPage\":{\"@id\":\"https:\/\/kapitalis.com\/tunisie\/2017\/04\/29\/iyed-dahmani-lintegrite-du-territoire-est-une-ligne-rouge\/#primaryimage\"},\"image\":{\"@id\":\"https:\/\/kapitalis.com\/tunisie\/2017\/04\/29\/iyed-dahmani-lintegrite-du-territoire-est-une-ligne-rouge\/#primaryimage\"},\"thumbnailUrl\":\"\",\"datePublished\":\"2017-04-29T08:31:34+00:00\",\"dateModified\":\"2017-04-29T08:37:57+00:00\",\"breadcrumb\":{\"@id\":\"https:\/\/kapitalis.com\/tunisie\/2017\/04\/29\/iyed-dahmani-lintegrite-du-territoire-est-une-ligne-rouge\/#breadcrumb\"},\"inLanguage\":\"fr-FR\",\"potentialAction\":[{\"@type\":\"ReadAction\",\"target\":[\"https:\/\/kapitalis.com\/tunisie\/2017\/04\/29\/iyed-dahmani-lintegrite-du-territoire-est-une-ligne-rouge\/\"]}]},{\"@type\":\"ImageObject\",\"inLanguage\":\"fr-FR\",\"@id\":\"https:\/\/kapitalis.com\/tunisie\/2017\/04\/29\/iyed-dahmani-lintegrite-du-territoire-est-une-ligne-rouge\/#primaryimage\",\"url\":\"\",\"contentUrl\":\"\"},{\"@type\":\"BreadcrumbList\",\"@id\":\"https:\/\/kapitalis.com\/tunisie\/2017\/04\/29\/iyed-dahmani-lintegrite-du-territoire-est-une-ligne-rouge\/#breadcrumb\",\"itemListElement\":[{\"@type\":\"ListItem\",\"position\":1,\"name\":\"Accueil\",\"item\":\"https:\/\/kapitalis.com\/tunisie\/\"},{\"@type\":\"ListItem\",\"position\":2,\"name\":\"Iyed Dahmani : L\u2019int\u00e9grit\u00e9 du territoire est une ligne rouge\"}]},{\"@type\":\"WebSite\",\"@id\":\"https:\/\/kapitalis.com\/tunisie\/#website\",\"url\":\"https:\/\/kapitalis.com\/tunisie\/\",\"name\":\"Kapitalis\",\"description\":\"L&#039;actualit\u00e9 en Tunisie et dans le monde\",\"publisher\":{\"@id\":\"https:\/\/kapitalis.com\/tunisie\/#organization\"},\"potentialAction\":[{\"@type\":\"SearchAction\",\"target\":{\"@type\":\"EntryPoint\",\"urlTemplate\":\"https:\/\/kapitalis.com\/tunisie\/?s={search_term_string}\"},\"query-input\":{\"@type\":\"PropertyValueSpecification\",\"valueRequired\":true,\"valueName\":\"search_term_string\"}}],\"inLanguage\":\"fr-FR\"},{\"@type\":\"Organization\",\"@id\":\"https:\/\/kapitalis.com\/tunisie\/#organization\",\"name\":\"Kapitalis\",\"url\":\"https:\/\/kapitalis.com\/tunisie\/\",\"logo\":{\"@type\":\"ImageObject\",\"inLanguage\":\"fr-FR\",\"@id\":\"https:\/\/kapitalis.com\/tunisie\/#\/schema\/logo\/image\/\",\"url\":\"https:\/\/kapitalis.com\/tunisie\/wp-content\/uploads\/2022\/05\/Kapitalis-big-size.png\",\"contentUrl\":\"https:\/\/kapitalis.com\/tunisie\/wp-content\/uploads\/2022\/05\/Kapitalis-big-size.png\",\"width\":5000,\"height\":1500,\"caption\":\"Kapitalis\"},\"image\":{\"@id\":\"https:\/\/kapitalis.com\/tunisie\/#\/schema\/logo\/image\/\"},\"sameAs\":[\"https:\/\/www.facebook.com\/KapitalisInfo\/\",\"https:\/\/x.com\/KapitalisInfo\",\"https:\/\/www.youtube.com\/channel\/UC-yDYrHyfFBWWZaOw3FPg9Q\"]},{\"@type\":\"Person\",\"@id\":\"https:\/\/kapitalis.com\/tunisie\/#\/schema\/person\/d71f33a9ca44f7bad4698210b480c8e9\",\"name\":\"webmaster kapitalis\",\"url\":\"https:\/\/kapitalis.com\/tunisie\/author\/webmaster-kapitalis\/\"}]}<\/script>\n<!-- \/ Yoast SEO plugin. -->","yoast_head_json":{"title":"Iyed Dahmani : L\u2019int\u00e9grit\u00e9 du territoire est une ligne rouge - Kapitalis","robots":{"index":"index","follow":"follow","max-snippet":"max-snippet:-1","max-image-preview":"max-image-preview:large","max-video-preview":"max-video-preview:-1"},"canonical":"https:\/\/kapitalis.com\/tunisie\/2017\/04\/29\/iyed-dahmani-lintegrite-du-territoire-est-une-ligne-rouge\/","og_locale":"fr_FR","og_type":"article","og_title":"Iyed Dahmani : L\u2019int\u00e9grit\u00e9 du territoire est une ligne rouge - Kapitalis","og_description":"Face aux d\u00e9passements enregistr\u00e9s ces derniers jours \u00e0 Tataouine, le gouvernement avertit contre toute atteinte \u00e0 l\u2019int\u00e9grit\u00e9 du territoire national et \u00e0 l\u2019unit\u00e9 du pays.","og_url":"https:\/\/kapitalis.com\/tunisie\/2017\/04\/29\/iyed-dahmani-lintegrite-du-territoire-est-une-ligne-rouge\/","og_site_name":"Kapitalis","article_publisher":"https:\/\/www.facebook.com\/KapitalisInfo\/","article_published_time":"2017-04-29T08:31:34+00:00","article_modified_time":"2017-04-29T08:37:57+00:00","og_image":[{"width":1200,"height":630,"url":"https:\/\/kapitalis.com\/tunisie\/wp-content\/uploads\/2022\/05\/kapitalis-logo-fb.png","type":"image\/png"}],"author":"webmaster kapitalis","twitter_card":"summary_large_image","twitter_creator":"@KapitalisInfo","twitter_site":"@KapitalisInfo","twitter_misc":{"\u00c9crit par":"webmaster kapitalis","Dur\u00e9e de lecture estim\u00e9e":"2 minutes"},"schema":{"@context":"https:\/\/schema.org","@graph":[{"@type":"Article","@id":"https:\/\/kapitalis.com\/tunisie\/2017\/04\/29\/iyed-dahmani-lintegrite-du-territoire-est-une-ligne-rouge\/#article","isPartOf":{"@id":"https:\/\/kapitalis.com\/tunisie\/2017\/04\/29\/iyed-dahmani-lintegrite-du-territoire-est-une-ligne-rouge\/"},"author":{"name":"webmaster kapitalis","@id":"https:\/\/kapitalis.com\/tunisie\/#\/schema\/person\/d71f33a9ca44f7bad4698210b480c8e9"},"headline":"Iyed Dahmani : L\u2019int\u00e9grit\u00e9 du territoire est une ligne rouge","datePublished":"2017-04-29T08:31:34+00:00","dateModified":"2017-04-29T08:37:57+00:00","mainEntityOfPage":{"@id":"https:\/\/kapitalis.com\/tunisie\/2017\/04\/29\/iyed-dahmani-lintegrite-du-territoire-est-une-ligne-rouge\/"},"wordCount":448,"commentCount":2,"publisher":{"@id":"https:\/\/kapitalis.com\/tunisie\/#organization"},"image":{"@id":"https:\/\/kapitalis.com\/tunisie\/2017\/04\/29\/iyed-dahmani-lintegrite-du-territoire-est-une-ligne-rouge\/#primaryimage"},"thumbnailUrl":"","keywords":["Iyed Dahmani","Tataouine"],"articleSection":["POLITIQUE","Tunisie"],"inLanguage":"fr-FR","potentialAction":[{"@type":"CommentAction","name":"Comment","target":["https:\/\/kapitalis.com\/tunisie\/2017\/04\/29\/iyed-dahmani-lintegrite-du-territoire-est-une-ligne-rouge\/#respond"]}]},{"@type":"WebPage","@id":"https:\/\/kapitalis.com\/tunisie\/2017\/04\/29\/iyed-dahmani-lintegrite-du-territoire-est-une-ligne-rouge\/","url":"https:\/\/kapitalis.com\/tunisie\/2017\/04\/29\/iyed-dahmani-lintegrite-du-territoire-est-une-ligne-rouge\/","name":"Iyed Dahmani : L\u2019int\u00e9grit\u00e9 du territoire est une ligne rouge - Kapitalis","isPartOf":{"@id":"https:\/\/kapitalis.com\/tunisie\/#website"},"primaryImageOfPage":{"@id":"https:\/\/kapitalis.com\/tunisie\/2017\/04\/29\/iyed-dahmani-lintegrite-du-territoire-est-une-ligne-rouge\/#primaryimage"},"image":{"@id":"https:\/\/kapitalis.com\/tunisie\/2017\/04\/29\/iyed-dahmani-lintegrite-du-territoire-est-une-ligne-rouge\/#primaryimage"},"thumbnailUrl":"","datePublished":"2017-04-29T08:31:34+00:00","dateModified":"2017-04-29T08:37:57+00:00","breadcrumb":{"@id":"https:\/\/kapitalis.com\/tunisie\/2017\/04\/29\/iyed-dahmani-lintegrite-du-territoire-est-une-ligne-rouge\/#breadcrumb"},"inLanguage":"fr-FR","potentialAction":[{"@type":"ReadAction","target":["https:\/\/kapitalis.com\/tunisie\/2017\/04\/29\/iyed-dahmani-lintegrite-du-territoire-est-une-ligne-rouge\/"]}]},{"@type":"ImageObject","inLanguage":"fr-FR","@id":"https:\/\/kapitalis.com\/tunisie\/2017\/04\/29\/iyed-dahmani-lintegrite-du-territoire-est-une-ligne-rouge\/#primaryimage","url":"","contentUrl":""},{"@type":"BreadcrumbList","@id":"https:\/\/kapitalis.com\/tunisie\/2017\/04\/29\/iyed-dahmani-lintegrite-du-territoire-est-une-ligne-rouge\/#breadcrumb","itemListElement":[{"@type":"ListItem","position":1,"name":"Accueil","item":"https:\/\/kapitalis.com\/tunisie\/"},{"@type":"ListItem","position":2,"name":"Iyed Dahmani : L\u2019int\u00e9grit\u00e9 du territoire est une ligne rouge"}]},{"@type":"WebSite","@id":"https:\/\/kapitalis.com\/tunisie\/#website","url":"https:\/\/kapitalis.com\/tunisie\/","name":"Kapitalis","description":"L&#039;actualit\u00e9 en Tunisie et dans le monde","publisher":{"@id":"https:\/\/kapitalis.com\/tunisie\/#organization"},"potentialAction":[{"@type":"SearchAction","target":{"@type":"EntryPoint","urlTemplate":"https:\/\/kapitalis.com\/tunisie\/?s={search_term_string}"},"query-input":{"@type":"PropertyValueSpecification","valueRequired":true,"valueName":"search_term_string"}}],"inLanguage":"fr-FR"},{"@type":"Organization","@id":"https:\/\/kapitalis.com\/tunisie\/#organization","name":"Kapitalis","url":"https:\/\/kapitalis.com\/tunisie\/","logo":{"@type":"ImageObject","inLanguage":"fr-FR","@id":"https:\/\/kapitalis.com\/tunisie\/#\/schema\/logo\/image\/","url":"https:\/\/kapitalis.com\/tunisie\/wp-content\/uploads\/2022\/05\/Kapitalis-big-size.png","contentUrl":"https:\/\/kapitalis.com\/tunisie\/wp-content\/uploads\/2022\/05\/Kapitalis-big-size.png","width":5000,"height":1500,"caption":"Kapitalis"},"image":{"@id":"https:\/\/kapitalis.com\/tunisie\/#\/schema\/logo\/image\/"},"sameAs":["https:\/\/www.facebook.com\/KapitalisInfo\/","https:\/\/x.com\/KapitalisInfo","https:\/\/www.youtube.com\/channel\/UC-yDYrHyfFBWWZaOw3FPg9Q"]},{"@type":"Person","@id":"https:\/\/kapitalis.com\/tunisie\/#\/schema\/person\/d71f33a9ca44f7bad4698210b480c8e9","name":"webmaster kapitalis","url":"https:\/\/kapitalis.com\/tunisie\/author\/webmaster-kapitalis\/"}]}},"_links":{"self":[{"href":"https:\/\/kapitalis.com\/tunisie\/wp-json\/wp\/v2\/posts\/93658","targetHints":{"allow":["GET"]}}],"collection":[{"href":"https:\/\/kapitalis.com\/tunisie\/wp-json\/wp\/v2\/posts"}],"about":[{"href":"https:\/\/kapitalis.com\/tunisie\/wp-json\/wp\/v2\/types\/post"}],"author":[{"embeddable":true,"href":"https:\/\/kapitalis.com\/tunisie\/wp-json\/wp\/v2\/users\/8"}],"replies":[{"embeddable":true,"href":"https:\/\/kapitalis.com\/tunisie\/wp-json\/wp\/v2\/comments?post=93658"}],"version-history":[{"count":0,"href":"https:\/\/kapitalis.com\/tunisie\/wp-json\/wp\/v2\/posts\/93658\/revisions"}],"wp:featuredmedia":[{"embeddable":true,"href":"https:\/\/kapitalis.com\/tunisie\/wp-json\/wp\/v2\/media\/93659"}],"wp:attachment":[{"href":"https:\/\/kapitalis.com\/tunisie\/wp-json\/wp\/v2\/media?parent=93658"}],"wp:term":[{"taxonomy":"category","embeddable":true,"href":"https:\/\/kapitalis.com\/tunisie\/wp-json\/wp\/v2\/categories?post=93658"},{"taxonomy":"post_tag","embeddable":true,"href":"https:\/\/kapitalis.com\/tunisie\/wp-json\/wp\/v2\/tags?post=93658"}],"curies":[{"name":"wp","href":"https:\/\/api.w.org\/{rel}","templated":true}]}}