{"id":9375957,"date":"2023-08-15T07:13:23","date_gmt":"2023-08-15T06:13:23","guid":{"rendered":"https:\/\/kapitalis.com\/tunisie\/?p=9375957"},"modified":"2023-08-15T08:02:03","modified_gmt":"2023-08-15T07:02:03","slug":"tunisie-baisse-de-la-production-et-de-la-demande-de-gaz-et-de-petrole","status":"publish","type":"post","link":"https:\/\/kapitalis.com\/tunisie\/2023\/08\/15\/tunisie-baisse-de-la-production-et-de-la-demande-de-gaz-et-de-petrole\/","title":{"rendered":"Tunisie\u00a0: baisse de la production et de la demande de gaz et de p\u00e9trole"},"content":{"rendered":"\n<p><strong><em>La production nationale de p\u00e9trole brut en Tunisie a diminu\u00e9 de 8% \u00e0 784 kilotonnes (kt) entre juin 2022 et 2023, indique l\u2019Observatoire national de l\u2019\u00e9nergie et des mines relevant du minist\u00e8re de l\u2019Industrie, des Mines et de l\u2019\u00c9nergie) dans un rapport sur la situation \u00e9nerg\u00e9tique du mois de juin publi\u00e9 lundi 14 ao\u00fbt 2023.<\/em><\/strong><\/p>\n\n\n\n<!--more-->\n\n\n\n<p>Cette baisse affecte la plupart des principaux champs, \u00e0 savoir Halk El-Manzel, qui a d\u00e9marr\u00e9 la production en 2021 (-43%), El-Borma (-16&nbsp;%), Ashtart (-14%), M.L.D. (-31%), Cherouq (-25%), Ouedzar (-28%), Fanig\/Bag\/Tarfa (-17%), Adam (-4%), El Hajeb\/Guebiba (-2%) et Miskar (-8%). Diminution substantielle de la production, de la demande et des ressources nationales de p\u00e9trole et de gaz<\/p>\n\n\n\n<p>En revanche, plusieurs gisements ont enregistr\u00e9 des am\u00e9liorations de production, dont Nawara (+53%), Gherib (+27%) et Cercina (+40%).<\/p>\n\n\n\n<p>Pour les autres champs, la production a repris en avril 2023 dans la concession Oued Zar, alors qu\u2019elle est suspendue pour maintenance depuis le 30 mars 2023 dans la concession Beni Khalled.<\/p>\n\n\n\n<p>La production moyenne quotidienne de p\u00e9trole est pass\u00e9e de 36,4 milliers de barils par jour \u00e0 fin juin 2022 \u00e0 33,9 milliers de barils par jour \u00e0 fin juin 2023.<\/p>\n\n\n\n<h2 class=\"wp-block-heading\">Ressources en gaz naturel en baisse de 7%<\/h2>\n\n\n\n<p>Les ressources en gaz naturel (production nationale + contribution fiscale) ont atteint 1366 kilotonnes \u00e9quivalent p\u00e9trole (ktep) \u00e0 fin juin 2023, soit une baisse de 7% par rapport \u00e0 la m\u00eame p\u00e9riode de l\u2019ann\u00e9e pr\u00e9c\u00e9dente. La production de gaz commercial sec a augment\u00e9 de 11 %. A l\u2019inverse, la redevance de transit du gaz alg\u00e9rien affiche une baisse de 2% \u00e0 fin juin 2023 par rapport \u00e0 fin juin 2022, s\u2019\u00e9tablissant \u00e0 507 ktep.<\/p>\n\n\n\n<p>Par ailleurs, on a enregistr\u00e9 une baisse de la production des champs Hasdrubal (-4%), Southern Commercial Gas (-36%) et Miskar (-10%). La production a \u00e9t\u00e9 suspendue du 25 f\u00e9vrier au 3 mars dans les concessions Ghrib, Sidi Marzoug &amp; FR, BG et TR. La vente de GPL a repris le 10 mars.<\/p>\n\n\n\n<p>Par ailleurs, la contribution fiscale pour le transit du gaz alg\u00e9rien (507 ktep) a diminu\u00e9 de 2% \u00e0 fin juin 2023 par rapport \u00e0 fin juin 2022. La r\u00e9partition de la contribution totale entre celle c\u00e9d\u00e9e \u00e0 la Soci\u00e9t\u00e9 tunisienne de l\u2019\u00e9lectricit\u00e9 et du gaz (Steg) et celle export\u00e9e montre que la majorit\u00e9 est c\u00e9d\u00e9e \u00e0 la Steg (55%). Un exc\u00e9dent de pr\u00e9l\u00e8vements Steg sur redevances pour l\u2019Etat tunisien en janvier 2023 a \u00e9t\u00e9 identifi\u00e9 et corrig\u00e9.<\/p>\n\n\n\n<figure class=\"wp-block-embed is-type-wp-embed is-provider-kapitalis wp-block-embed-kapitalis\"><div class=\"wp-block-embed__wrapper\">\n<blockquote class=\"wp-embedded-content\" data-secret=\"3SryCoV4uT\"><a href=\"https:\/\/kapitalis.com\/tunisie\/2023\/08\/15\/tunisie-baisse-de-la-production-globale-delectricite-8\/\">Tunisie\u00a0: baisse de la production globale d\u2019\u00e9lectricit\u00e9 (-8%)<\/a><\/blockquote><iframe loading=\"lazy\" class=\"wp-embedded-content\" sandbox=\"allow-scripts\" security=\"restricted\" style=\"position: absolute; clip: rect(1px, 1px, 1px, 1px);\" title=\"\u00ab\u00a0Tunisie\u00a0: baisse de la production globale d\u2019\u00e9lectricit\u00e9 (-8%)\u00a0\u00bb &#8212; Kapitalis\" src=\"https:\/\/kapitalis.com\/tunisie\/2023\/08\/15\/tunisie-baisse-de-la-production-globale-delectricite-8\/embed\/#?secret=5kYcK6xIeI#?secret=3SryCoV4uT\" data-secret=\"3SryCoV4uT\" width=\"600\" height=\"338\" frameborder=\"0\" marginwidth=\"0\" marginheight=\"0\" scrolling=\"no\"><\/iframe>\n<\/div><\/figure>\n\n\n\n<p>Les achats de gaz alg\u00e9rien ont diminu\u00e9 de 7% entre fin juin 2022 et fin juin 2023, atteignant 1027 ktep.<\/p>\n\n\n\n<p>L\u2019offre nationale de gaz a baiss\u00e9 de 12% entre fin juin 2022 et fin juin 2023, atteignant 2166 ktep. La r\u00e9partition de l&rsquo;approvisionnement national en gaz par origine affiche une l\u00e9g\u00e8re augmentation de la part du gaz domestique de 39% \u00e0 40%, une diminution de la part d\u2019apport en nature et c\u00e9d\u00e9 \u00e0 la Steg de 16% \u00e0 13% et une augmentation de la part des achats de gaz alg\u00e9rien de 45% \u00e0 47%.<\/p>\n\n\n\n<h2 class=\"wp-block-heading\">Baisse de la demande de produits p\u00e9troliers<\/h2>\n\n\n\n<p>La demande nationale en produits p\u00e9troliers a enregistr\u00e9 une baisse de 4% entre fin juin 2022 et fin juin 2023, s\u2019\u00e9levant \u00e0 2173 ktep. La demande de gaz de p\u00e9trole liqu\u00e9fi\u00e9 (GPL, -1%), d\u2019essence (-26%), et de diesel (-8%) a diminu\u00e9. \u00c0 l&rsquo;inverse, la demande de carbur\u00e9acteur a augment\u00e9 de 11 % et la demande de coke de p\u00e9trole a augment\u00e9 de 19%.<\/p>\n\n\n\n<p>La consommation de carburants routiers a baiss\u00e9 de 7% entre fin juin 2022 et fin juin 2023, repr\u00e9sentant 62% de la consommation totale de produits p\u00e9troliers. La consommation de GPL a diminu\u00e9 de 1%, tandis que la consommation de petcoke a augment\u00e9 de 19 %.<\/p>\n\n\n\n<p>En outre, la consommation de k\u00e9ros\u00e8ne pour l\u2019aviation a augment\u00e9 de mani\u00e8re significative de 11% \u00e0 fin juin 2023 par rapport \u00e0 la m\u00eame p\u00e9riode de l\u2019ann\u00e9e pr\u00e9c\u00e9dente en raison de la reprise des activit\u00e9s dans le secteur de l\u2019aviation, qui avait \u00e9t\u00e9 durement touch\u00e9 par la pand\u00e9mie de Covid-19.<\/p>\n\n\n\n<p>La demande totale de gaz naturel a baiss\u00e9 de 12% entre fin juin 2022 et fin juin 2023, s\u2019\u00e9levant \u00e0 2161 ktep. La demande de production d\u2019\u00e9lectricit\u00e9 a diminu\u00e9 de 12% et la demande de consommation finale de 11%.<\/p>\n\n\n\n<p>Le secteur de l\u2019\u00e9lectricit\u00e9 reste de loin le plus gros consommateur de gaz naturel (65% de la demande totale \u00e0 fin juin 2023), puisque plus de 97% de la production d\u2019\u00e9lectricit\u00e9 repose sur le gaz naturel.<\/p>\n\n\n\n<p>La baisse de la demande dans le secteur de l\u2019\u00e9lectricit\u00e9 est due \u00e0 la disponibilit\u00e9 limit\u00e9e du gaz naturel et ne refl\u00e8te pas la demande r\u00e9elle dans le secteur.<\/p>\n\n\n\n<p>Dans le secteur d\u2019utilisation finale (hors production d\u2019\u00e9lectricit\u00e9), la demande de gaz naturel a diminu\u00e9 de 11% \u00e0 750 ktep. La demande des clients moyenne et basse pression a chut\u00e9 de 5%, tandis que la demande des clients haute pression a chut\u00e9 de 25%.<\/p>\n\n\n\n<p>La centrale IPP-Rades, qui a rejoint le parc de la Steg en juin 2022, est actuellement \u00e0 l\u2019arr\u00eat de production.<\/p>\n\n\n\n<figure class=\"wp-block-embed is-type-wp-embed is-provider-kapitalis wp-block-embed-kapitalis\"><div class=\"wp-block-embed__wrapper\">\n<blockquote class=\"wp-embedded-content\" data-secret=\"Zd58HdCgy1\"><a href=\"https:\/\/kapitalis.com\/tunisie\/2023\/08\/15\/tunisie-hausse-de-5-du-deficit-de-la-balance-commerciale-energetique\/\">Tunisie\u00a0: hausse de 5% du d\u00e9ficit de la balance commerciale \u00e9nerg\u00e9tique<\/a><\/blockquote><iframe loading=\"lazy\" class=\"wp-embedded-content\" sandbox=\"allow-scripts\" security=\"restricted\" style=\"position: absolute; clip: rect(1px, 1px, 1px, 1px);\" title=\"\u00ab\u00a0Tunisie\u00a0: hausse de 5% du d\u00e9ficit de la balance commerciale \u00e9nerg\u00e9tique\u00a0\u00bb &#8212; Kapitalis\" src=\"https:\/\/kapitalis.com\/tunisie\/2023\/08\/15\/tunisie-hausse-de-5-du-deficit-de-la-balance-commerciale-energetique\/embed\/#?secret=2JG0paBnan#?secret=Zd58HdCgy1\" data-secret=\"Zd58HdCgy1\" width=\"600\" height=\"338\" frameborder=\"0\" marginwidth=\"0\" marginheight=\"0\" scrolling=\"no\"><\/iframe>\n<\/div><\/figure>\n","protected":false},"excerpt":{"rendered":"<p>Rapport sur la situation \u00e9nerg\u00e9tique en Tunisie au mois de juin  2023.<\/p>\n","protected":false},"author":8,"featured_media":5401410,"comment_status":"open","ping_status":"open","sticky":false,"template":"","format":"standard","meta":{"footnotes":""},"categories":[995,2433],"tags":[318,411,97898,709,3763,62643],"class_list":["post-9375957","post","type-post","status-publish","format-standard","has-post-thumbnail","hentry","category-economie","category-tunisie","tag-energie","tag-gaz","tag-gaz-algerien","tag-petrole","tag-steg","tag-tunisie"],"yoast_head":"<!-- This site is optimized with the Yoast SEO plugin v26.6 - https:\/\/yoast.com\/wordpress\/plugins\/seo\/ -->\n<title>Tunisie\u00a0: baisse de la production et de la demande de gaz et de p\u00e9trole - Kapitalis<\/title>\n<meta name=\"robots\" content=\"index, follow, max-snippet:-1, max-image-preview:large, max-video-preview:-1\" \/>\n<link rel=\"canonical\" href=\"https:\/\/kapitalis.com\/tunisie\/2023\/08\/15\/tunisie-baisse-de-la-production-et-de-la-demande-de-gaz-et-de-petrole\/\" \/>\n<meta property=\"og:locale\" content=\"fr_FR\" \/>\n<meta property=\"og:type\" content=\"article\" \/>\n<meta property=\"og:title\" content=\"Tunisie\u00a0: baisse de la production et de la demande de gaz et de p\u00e9trole - Kapitalis\" \/>\n<meta property=\"og:description\" content=\"Rapport sur la situation \u00e9nerg\u00e9tique en Tunisie au mois de juin 2023.\" \/>\n<meta property=\"og:url\" content=\"https:\/\/kapitalis.com\/tunisie\/2023\/08\/15\/tunisie-baisse-de-la-production-et-de-la-demande-de-gaz-et-de-petrole\/\" \/>\n<meta property=\"og:site_name\" content=\"Kapitalis\" \/>\n<meta property=\"article:publisher\" content=\"https:\/\/www.facebook.com\/KapitalisInfo\/\" \/>\n<meta property=\"article:published_time\" content=\"2023-08-15T06:13:23+00:00\" \/>\n<meta property=\"article:modified_time\" content=\"2023-08-15T07:02:03+00:00\" \/>\n<meta property=\"og:image\" content=\"https:\/\/kapitalis.com\/tunisie\/wp-content\/uploads\/2022\/12\/Petrole-Tunisie.jpg\" \/>\n\t<meta property=\"og:image:width\" content=\"1200\" \/>\n\t<meta property=\"og:image:height\" content=\"630\" \/>\n\t<meta property=\"og:image:type\" content=\"image\/jpeg\" \/>\n<meta name=\"author\" content=\"webmaster kapitalis\" \/>\n<meta name=\"twitter:card\" content=\"summary_large_image\" \/>\n<meta name=\"twitter:creator\" content=\"@KapitalisInfo\" \/>\n<meta name=\"twitter:site\" content=\"@KapitalisInfo\" \/>\n<meta name=\"twitter:label1\" content=\"\u00c9crit par\" \/>\n\t<meta name=\"twitter:data1\" content=\"webmaster kapitalis\" \/>\n\t<meta name=\"twitter:label2\" content=\"Dur\u00e9e de lecture estim\u00e9e\" \/>\n\t<meta name=\"twitter:data2\" content=\"5 minutes\" \/>\n<script type=\"application\/ld+json\" class=\"yoast-schema-graph\">{\"@context\":\"https:\/\/schema.org\",\"@graph\":[{\"@type\":\"Article\",\"@id\":\"https:\/\/kapitalis.com\/tunisie\/2023\/08\/15\/tunisie-baisse-de-la-production-et-de-la-demande-de-gaz-et-de-petrole\/#article\",\"isPartOf\":{\"@id\":\"https:\/\/kapitalis.com\/tunisie\/2023\/08\/15\/tunisie-baisse-de-la-production-et-de-la-demande-de-gaz-et-de-petrole\/\"},\"author\":{\"name\":\"webmaster kapitalis\",\"@id\":\"https:\/\/kapitalis.com\/tunisie\/#\/schema\/person\/d71f33a9ca44f7bad4698210b480c8e9\"},\"headline\":\"Tunisie\u00a0: baisse de la production et de la demande de gaz et de p\u00e9trole\",\"datePublished\":\"2023-08-15T06:13:23+00:00\",\"dateModified\":\"2023-08-15T07:02:03+00:00\",\"mainEntityOfPage\":{\"@id\":\"https:\/\/kapitalis.com\/tunisie\/2023\/08\/15\/tunisie-baisse-de-la-production-et-de-la-demande-de-gaz-et-de-petrole\/\"},\"wordCount\":835,\"commentCount\":0,\"publisher\":{\"@id\":\"https:\/\/kapitalis.com\/tunisie\/#organization\"},\"image\":{\"@id\":\"https:\/\/kapitalis.com\/tunisie\/2023\/08\/15\/tunisie-baisse-de-la-production-et-de-la-demande-de-gaz-et-de-petrole\/#primaryimage\"},\"thumbnailUrl\":\"https:\/\/kapitalis.com\/tunisie\/wp-content\/uploads\/2022\/12\/Petrole-Tunisie.jpg\",\"keywords\":[\"\u00e9nergie\",\"gaz\",\"gaz alg\u00e9rien\",\"p\u00e9trole\",\"Steg\",\"Tunisie\"],\"articleSection\":[\"ECONOMIE\",\"Tunisie\"],\"inLanguage\":\"fr-FR\",\"potentialAction\":[{\"@type\":\"CommentAction\",\"name\":\"Comment\",\"target\":[\"https:\/\/kapitalis.com\/tunisie\/2023\/08\/15\/tunisie-baisse-de-la-production-et-de-la-demande-de-gaz-et-de-petrole\/#respond\"]}]},{\"@type\":\"WebPage\",\"@id\":\"https:\/\/kapitalis.com\/tunisie\/2023\/08\/15\/tunisie-baisse-de-la-production-et-de-la-demande-de-gaz-et-de-petrole\/\",\"url\":\"https:\/\/kapitalis.com\/tunisie\/2023\/08\/15\/tunisie-baisse-de-la-production-et-de-la-demande-de-gaz-et-de-petrole\/\",\"name\":\"Tunisie\u00a0: baisse de la production et de la demande de gaz et de p\u00e9trole - Kapitalis\",\"isPartOf\":{\"@id\":\"https:\/\/kapitalis.com\/tunisie\/#website\"},\"primaryImageOfPage\":{\"@id\":\"https:\/\/kapitalis.com\/tunisie\/2023\/08\/15\/tunisie-baisse-de-la-production-et-de-la-demande-de-gaz-et-de-petrole\/#primaryimage\"},\"image\":{\"@id\":\"https:\/\/kapitalis.com\/tunisie\/2023\/08\/15\/tunisie-baisse-de-la-production-et-de-la-demande-de-gaz-et-de-petrole\/#primaryimage\"},\"thumbnailUrl\":\"https:\/\/kapitalis.com\/tunisie\/wp-content\/uploads\/2022\/12\/Petrole-Tunisie.jpg\",\"datePublished\":\"2023-08-15T06:13:23+00:00\",\"dateModified\":\"2023-08-15T07:02:03+00:00\",\"breadcrumb\":{\"@id\":\"https:\/\/kapitalis.com\/tunisie\/2023\/08\/15\/tunisie-baisse-de-la-production-et-de-la-demande-de-gaz-et-de-petrole\/#breadcrumb\"},\"inLanguage\":\"fr-FR\",\"potentialAction\":[{\"@type\":\"ReadAction\",\"target\":[\"https:\/\/kapitalis.com\/tunisie\/2023\/08\/15\/tunisie-baisse-de-la-production-et-de-la-demande-de-gaz-et-de-petrole\/\"]}]},{\"@type\":\"ImageObject\",\"inLanguage\":\"fr-FR\",\"@id\":\"https:\/\/kapitalis.com\/tunisie\/2023\/08\/15\/tunisie-baisse-de-la-production-et-de-la-demande-de-gaz-et-de-petrole\/#primaryimage\",\"url\":\"https:\/\/kapitalis.com\/tunisie\/wp-content\/uploads\/2022\/12\/Petrole-Tunisie.jpg\",\"contentUrl\":\"https:\/\/kapitalis.com\/tunisie\/wp-content\/uploads\/2022\/12\/Petrole-Tunisie.jpg\",\"width\":1200,\"height\":630},{\"@type\":\"BreadcrumbList\",\"@id\":\"https:\/\/kapitalis.com\/tunisie\/2023\/08\/15\/tunisie-baisse-de-la-production-et-de-la-demande-de-gaz-et-de-petrole\/#breadcrumb\",\"itemListElement\":[{\"@type\":\"ListItem\",\"position\":1,\"name\":\"Accueil\",\"item\":\"https:\/\/kapitalis.com\/tunisie\/\"},{\"@type\":\"ListItem\",\"position\":2,\"name\":\"Tunisie\u00a0: baisse de la production et de la demande de gaz et de p\u00e9trole\"}]},{\"@type\":\"WebSite\",\"@id\":\"https:\/\/kapitalis.com\/tunisie\/#website\",\"url\":\"https:\/\/kapitalis.com\/tunisie\/\",\"name\":\"Kapitalis\",\"description\":\"L&#039;actualit\u00e9 en Tunisie et dans le monde\",\"publisher\":{\"@id\":\"https:\/\/kapitalis.com\/tunisie\/#organization\"},\"potentialAction\":[{\"@type\":\"SearchAction\",\"target\":{\"@type\":\"EntryPoint\",\"urlTemplate\":\"https:\/\/kapitalis.com\/tunisie\/?s={search_term_string}\"},\"query-input\":{\"@type\":\"PropertyValueSpecification\",\"valueRequired\":true,\"valueName\":\"search_term_string\"}}],\"inLanguage\":\"fr-FR\"},{\"@type\":\"Organization\",\"@id\":\"https:\/\/kapitalis.com\/tunisie\/#organization\",\"name\":\"Kapitalis\",\"url\":\"https:\/\/kapitalis.com\/tunisie\/\",\"logo\":{\"@type\":\"ImageObject\",\"inLanguage\":\"fr-FR\",\"@id\":\"https:\/\/kapitalis.com\/tunisie\/#\/schema\/logo\/image\/\",\"url\":\"https:\/\/kapitalis.com\/tunisie\/wp-content\/uploads\/2022\/05\/Kapitalis-big-size.png\",\"contentUrl\":\"https:\/\/kapitalis.com\/tunisie\/wp-content\/uploads\/2022\/05\/Kapitalis-big-size.png\",\"width\":5000,\"height\":1500,\"caption\":\"Kapitalis\"},\"image\":{\"@id\":\"https:\/\/kapitalis.com\/tunisie\/#\/schema\/logo\/image\/\"},\"sameAs\":[\"https:\/\/www.facebook.com\/KapitalisInfo\/\",\"https:\/\/x.com\/KapitalisInfo\",\"https:\/\/www.youtube.com\/channel\/UC-yDYrHyfFBWWZaOw3FPg9Q\"]},{\"@type\":\"Person\",\"@id\":\"https:\/\/kapitalis.com\/tunisie\/#\/schema\/person\/d71f33a9ca44f7bad4698210b480c8e9\",\"name\":\"webmaster kapitalis\",\"url\":\"https:\/\/kapitalis.com\/tunisie\/author\/webmaster-kapitalis\/\"}]}<\/script>\n<!-- \/ Yoast SEO plugin. -->","yoast_head_json":{"title":"Tunisie\u00a0: baisse de la production et de la demande de gaz et de p\u00e9trole - Kapitalis","robots":{"index":"index","follow":"follow","max-snippet":"max-snippet:-1","max-image-preview":"max-image-preview:large","max-video-preview":"max-video-preview:-1"},"canonical":"https:\/\/kapitalis.com\/tunisie\/2023\/08\/15\/tunisie-baisse-de-la-production-et-de-la-demande-de-gaz-et-de-petrole\/","og_locale":"fr_FR","og_type":"article","og_title":"Tunisie\u00a0: baisse de la production et de la demande de gaz et de p\u00e9trole - Kapitalis","og_description":"Rapport sur la situation \u00e9nerg\u00e9tique en Tunisie au mois de juin 2023.","og_url":"https:\/\/kapitalis.com\/tunisie\/2023\/08\/15\/tunisie-baisse-de-la-production-et-de-la-demande-de-gaz-et-de-petrole\/","og_site_name":"Kapitalis","article_publisher":"https:\/\/www.facebook.com\/KapitalisInfo\/","article_published_time":"2023-08-15T06:13:23+00:00","article_modified_time":"2023-08-15T07:02:03+00:00","og_image":[{"width":1200,"height":630,"url":"https:\/\/kapitalis.com\/tunisie\/wp-content\/uploads\/2022\/12\/Petrole-Tunisie.jpg","type":"image\/jpeg"}],"author":"webmaster kapitalis","twitter_card":"summary_large_image","twitter_creator":"@KapitalisInfo","twitter_site":"@KapitalisInfo","twitter_misc":{"\u00c9crit par":"webmaster kapitalis","Dur\u00e9e de lecture estim\u00e9e":"5 minutes"},"schema":{"@context":"https:\/\/schema.org","@graph":[{"@type":"Article","@id":"https:\/\/kapitalis.com\/tunisie\/2023\/08\/15\/tunisie-baisse-de-la-production-et-de-la-demande-de-gaz-et-de-petrole\/#article","isPartOf":{"@id":"https:\/\/kapitalis.com\/tunisie\/2023\/08\/15\/tunisie-baisse-de-la-production-et-de-la-demande-de-gaz-et-de-petrole\/"},"author":{"name":"webmaster kapitalis","@id":"https:\/\/kapitalis.com\/tunisie\/#\/schema\/person\/d71f33a9ca44f7bad4698210b480c8e9"},"headline":"Tunisie\u00a0: baisse de la production et de la demande de gaz et de p\u00e9trole","datePublished":"2023-08-15T06:13:23+00:00","dateModified":"2023-08-15T07:02:03+00:00","mainEntityOfPage":{"@id":"https:\/\/kapitalis.com\/tunisie\/2023\/08\/15\/tunisie-baisse-de-la-production-et-de-la-demande-de-gaz-et-de-petrole\/"},"wordCount":835,"commentCount":0,"publisher":{"@id":"https:\/\/kapitalis.com\/tunisie\/#organization"},"image":{"@id":"https:\/\/kapitalis.com\/tunisie\/2023\/08\/15\/tunisie-baisse-de-la-production-et-de-la-demande-de-gaz-et-de-petrole\/#primaryimage"},"thumbnailUrl":"https:\/\/kapitalis.com\/tunisie\/wp-content\/uploads\/2022\/12\/Petrole-Tunisie.jpg","keywords":["\u00e9nergie","gaz","gaz alg\u00e9rien","p\u00e9trole","Steg","Tunisie"],"articleSection":["ECONOMIE","Tunisie"],"inLanguage":"fr-FR","potentialAction":[{"@type":"CommentAction","name":"Comment","target":["https:\/\/kapitalis.com\/tunisie\/2023\/08\/15\/tunisie-baisse-de-la-production-et-de-la-demande-de-gaz-et-de-petrole\/#respond"]}]},{"@type":"WebPage","@id":"https:\/\/kapitalis.com\/tunisie\/2023\/08\/15\/tunisie-baisse-de-la-production-et-de-la-demande-de-gaz-et-de-petrole\/","url":"https:\/\/kapitalis.com\/tunisie\/2023\/08\/15\/tunisie-baisse-de-la-production-et-de-la-demande-de-gaz-et-de-petrole\/","name":"Tunisie\u00a0: baisse de la production et de la demande de gaz et de p\u00e9trole - Kapitalis","isPartOf":{"@id":"https:\/\/kapitalis.com\/tunisie\/#website"},"primaryImageOfPage":{"@id":"https:\/\/kapitalis.com\/tunisie\/2023\/08\/15\/tunisie-baisse-de-la-production-et-de-la-demande-de-gaz-et-de-petrole\/#primaryimage"},"image":{"@id":"https:\/\/kapitalis.com\/tunisie\/2023\/08\/15\/tunisie-baisse-de-la-production-et-de-la-demande-de-gaz-et-de-petrole\/#primaryimage"},"thumbnailUrl":"https:\/\/kapitalis.com\/tunisie\/wp-content\/uploads\/2022\/12\/Petrole-Tunisie.jpg","datePublished":"2023-08-15T06:13:23+00:00","dateModified":"2023-08-15T07:02:03+00:00","breadcrumb":{"@id":"https:\/\/kapitalis.com\/tunisie\/2023\/08\/15\/tunisie-baisse-de-la-production-et-de-la-demande-de-gaz-et-de-petrole\/#breadcrumb"},"inLanguage":"fr-FR","potentialAction":[{"@type":"ReadAction","target":["https:\/\/kapitalis.com\/tunisie\/2023\/08\/15\/tunisie-baisse-de-la-production-et-de-la-demande-de-gaz-et-de-petrole\/"]}]},{"@type":"ImageObject","inLanguage":"fr-FR","@id":"https:\/\/kapitalis.com\/tunisie\/2023\/08\/15\/tunisie-baisse-de-la-production-et-de-la-demande-de-gaz-et-de-petrole\/#primaryimage","url":"https:\/\/kapitalis.com\/tunisie\/wp-content\/uploads\/2022\/12\/Petrole-Tunisie.jpg","contentUrl":"https:\/\/kapitalis.com\/tunisie\/wp-content\/uploads\/2022\/12\/Petrole-Tunisie.jpg","width":1200,"height":630},{"@type":"BreadcrumbList","@id":"https:\/\/kapitalis.com\/tunisie\/2023\/08\/15\/tunisie-baisse-de-la-production-et-de-la-demande-de-gaz-et-de-petrole\/#breadcrumb","itemListElement":[{"@type":"ListItem","position":1,"name":"Accueil","item":"https:\/\/kapitalis.com\/tunisie\/"},{"@type":"ListItem","position":2,"name":"Tunisie\u00a0: baisse de la production et de la demande de gaz et de p\u00e9trole"}]},{"@type":"WebSite","@id":"https:\/\/kapitalis.com\/tunisie\/#website","url":"https:\/\/kapitalis.com\/tunisie\/","name":"Kapitalis","description":"L&#039;actualit\u00e9 en Tunisie et dans le monde","publisher":{"@id":"https:\/\/kapitalis.com\/tunisie\/#organization"},"potentialAction":[{"@type":"SearchAction","target":{"@type":"EntryPoint","urlTemplate":"https:\/\/kapitalis.com\/tunisie\/?s={search_term_string}"},"query-input":{"@type":"PropertyValueSpecification","valueRequired":true,"valueName":"search_term_string"}}],"inLanguage":"fr-FR"},{"@type":"Organization","@id":"https:\/\/kapitalis.com\/tunisie\/#organization","name":"Kapitalis","url":"https:\/\/kapitalis.com\/tunisie\/","logo":{"@type":"ImageObject","inLanguage":"fr-FR","@id":"https:\/\/kapitalis.com\/tunisie\/#\/schema\/logo\/image\/","url":"https:\/\/kapitalis.com\/tunisie\/wp-content\/uploads\/2022\/05\/Kapitalis-big-size.png","contentUrl":"https:\/\/kapitalis.com\/tunisie\/wp-content\/uploads\/2022\/05\/Kapitalis-big-size.png","width":5000,"height":1500,"caption":"Kapitalis"},"image":{"@id":"https:\/\/kapitalis.com\/tunisie\/#\/schema\/logo\/image\/"},"sameAs":["https:\/\/www.facebook.com\/KapitalisInfo\/","https:\/\/x.com\/KapitalisInfo","https:\/\/www.youtube.com\/channel\/UC-yDYrHyfFBWWZaOw3FPg9Q"]},{"@type":"Person","@id":"https:\/\/kapitalis.com\/tunisie\/#\/schema\/person\/d71f33a9ca44f7bad4698210b480c8e9","name":"webmaster kapitalis","url":"https:\/\/kapitalis.com\/tunisie\/author\/webmaster-kapitalis\/"}]}},"_links":{"self":[{"href":"https:\/\/kapitalis.com\/tunisie\/wp-json\/wp\/v2\/posts\/9375957","targetHints":{"allow":["GET"]}}],"collection":[{"href":"https:\/\/kapitalis.com\/tunisie\/wp-json\/wp\/v2\/posts"}],"about":[{"href":"https:\/\/kapitalis.com\/tunisie\/wp-json\/wp\/v2\/types\/post"}],"author":[{"embeddable":true,"href":"https:\/\/kapitalis.com\/tunisie\/wp-json\/wp\/v2\/users\/8"}],"replies":[{"embeddable":true,"href":"https:\/\/kapitalis.com\/tunisie\/wp-json\/wp\/v2\/comments?post=9375957"}],"version-history":[{"count":3,"href":"https:\/\/kapitalis.com\/tunisie\/wp-json\/wp\/v2\/posts\/9375957\/revisions"}],"predecessor-version":[{"id":9376401,"href":"https:\/\/kapitalis.com\/tunisie\/wp-json\/wp\/v2\/posts\/9375957\/revisions\/9376401"}],"wp:featuredmedia":[{"embeddable":true,"href":"https:\/\/kapitalis.com\/tunisie\/wp-json\/wp\/v2\/media\/5401410"}],"wp:attachment":[{"href":"https:\/\/kapitalis.com\/tunisie\/wp-json\/wp\/v2\/media?parent=9375957"}],"wp:term":[{"taxonomy":"category","embeddable":true,"href":"https:\/\/kapitalis.com\/tunisie\/wp-json\/wp\/v2\/categories?post=9375957"},{"taxonomy":"post_tag","embeddable":true,"href":"https:\/\/kapitalis.com\/tunisie\/wp-json\/wp\/v2\/tags?post=9375957"}],"curies":[{"name":"wp","href":"https:\/\/api.w.org\/{rel}","templated":true}]}}