{"id":9376098,"date":"2023-08-15T07:36:37","date_gmt":"2023-08-15T06:36:37","guid":{"rendered":"https:\/\/kapitalis.com\/tunisie\/?p=9376098"},"modified":"2023-08-15T08:01:38","modified_gmt":"2023-08-15T07:01:38","slug":"tunisie-baisse-de-la-production-globale-delectricite-8","status":"publish","type":"post","link":"https:\/\/kapitalis.com\/tunisie\/2023\/08\/15\/tunisie-baisse-de-la-production-globale-delectricite-8\/","title":{"rendered":"Tunisie\u00a0: baisse de la production globale d\u2019\u00e9lectricit\u00e9 (-8%)"},"content":{"rendered":"\n<p><strong><em>La production totale d\u2019\u00e9lectricit\u00e9 en Tunisie a baiss\u00e9 de 8% \u00e0 fin juin pour s&rsquo;\u00e9tablir \u00e0 8 470 Gigawattheures (GWh) \u2013 hors autoproduction d&rsquo;\u00e9lectricit\u00e9 \u2013 contre 9 179 GWh \u00e0 fin juin 2022.<\/em><\/strong><\/p>\n\n\n\n<!--more-->\n\n\n\n<p>De m\u00eame, la production destin\u00e9e au march\u00e9 local a l\u00e9g\u00e8rement baiss\u00e9 de 5%, indique l\u2019Observatoire national de l\u2019\u00e9nergie et des mines relevant du minist\u00e8re de l\u2019Industrie, des Mines et de l\u2019\u00c9nergie dans un rapport sur la situation \u00e9nerg\u00e9tique du mois de juin publi\u00e9 lundi 14 ao\u00fbt 2023.<\/p>\n\n\n\n<p>Les achats d\u2019\u00e9lectricit\u00e9 \u00e0 l&rsquo;Alg\u00e9rie et \u00e0 la Libye couvrent 12% des besoins du march\u00e9 local \u00e0 fin juin.<\/p>\n\n\n\n<p>La Steg se taille toujours la part du lion avec 99% de la production nationale fin juin. La production d\u2019\u00e9lectricit\u00e9 au gaz naturel a chut\u00e9 de 8%, tandis que la production d\u2019\u00e9lectricit\u00e9 \u00e0 partir d\u2019\u00e9nergies renouvelables repr\u00e9sentait 2,5% de la production totale.<\/p>\n\n\n\n<p>En effet, 182 MW de toitures photovolta\u00efques ont \u00e9t\u00e9 install\u00e9s dans le secteur r\u00e9sidentiel et 304 autorisations ont \u00e9t\u00e9 accord\u00e9es pour une capacit\u00e9 globale de 79 MW dans les secteurs industriels et tertiaires et l\u2019agriculture.<\/p>\n\n\n\n<figure class=\"wp-block-embed is-type-wp-embed is-provider-kapitalis wp-block-embed-kapitalis\"><div class=\"wp-block-embed__wrapper\">\n<blockquote class=\"wp-embedded-content\" data-secret=\"jhWYqjchfA\"><a href=\"https:\/\/kapitalis.com\/tunisie\/2023\/08\/15\/tunisie-hausse-de-5-du-deficit-de-la-balance-commerciale-energetique\/\">Tunisie\u00a0: hausse de 5% du d\u00e9ficit de la balance commerciale \u00e9nerg\u00e9tique<\/a><\/blockquote><iframe loading=\"lazy\" class=\"wp-embedded-content\" sandbox=\"allow-scripts\" security=\"restricted\" style=\"position: absolute; clip: rect(1px, 1px, 1px, 1px);\" title=\"\u00ab\u00a0Tunisie\u00a0: hausse de 5% du d\u00e9ficit de la balance commerciale \u00e9nerg\u00e9tique\u00a0\u00bb &#8212; Kapitalis\" src=\"https:\/\/kapitalis.com\/tunisie\/2023\/08\/15\/tunisie-hausse-de-5-du-deficit-de-la-balance-commerciale-energetique\/embed\/#?secret=UnkZutN2AF#?secret=jhWYqjchfA\" data-secret=\"jhWYqjchfA\" width=\"600\" height=\"338\" frameborder=\"0\" marginwidth=\"0\" marginheight=\"0\" scrolling=\"no\"><\/iframe>\n<\/div><\/figure>\n\n\n\n<p>La demande de pointe a \u00e9galement enregistr\u00e9 une baisse de 22% \u00e0 3 566 MW \u00e0 fin juin contre 4 563 MW au cours de la m\u00eame p\u00e9riode l\u2019an dernier. Les ventes d\u2019\u00e9lectricit\u00e9 ont chut\u00e9 de 1% entre fin juin 2022 et fin juin 2023.<\/p>\n\n\n\n<p>Les ventes aux clients haute et moyenne tension ont \u00e9galement chut\u00e9 respectivement de 5% et 3%. Les ventes de basse tension, principalement destin\u00e9es au secteur r\u00e9sidentiel (pr\u00e8s de 75% en moyenne), ne permettent pas d\u2019avoir une vision pr\u00e9cise de la consommation r\u00e9elle. Les industriels restent les plus gros consommateurs d\u2019\u00e9lectricit\u00e9 avec 61% de toute la demande haute et moyenne tension \u00e0 fin juin 2023.<\/p>\n\n\n\n<p>La plupart des secteurs ont enregistr\u00e9 une baisse des achats d\u2019\u00e9lectricit\u00e9, principalement l\u2019industrie du papier et de l\u2019\u00e9dition (-22%), les industries extractives (-14%) et les industries des mat\u00e9riaux de construction, de la c\u00e9ramique et du verre (-10%).<\/p>\n\n\n\n<p>Parall\u00e8lement, des ventes plus \u00e9lev\u00e9es ont \u00e9t\u00e9 signal\u00e9es pour le secteur du pompage de l\u2019eau (+11%) et du tourisme (+3%).<\/p>\n\n\n\n<figure class=\"wp-block-embed is-type-wp-embed is-provider-kapitalis wp-block-embed-kapitalis\"><div class=\"wp-block-embed__wrapper\">\n<blockquote class=\"wp-embedded-content\" data-secret=\"5jnJONNDR3\"><a href=\"https:\/\/kapitalis.com\/tunisie\/2023\/08\/15\/tunisie-baisse-de-la-production-et-de-la-demande-de-gaz-et-de-petrole\/\">Tunisie\u00a0: baisse de la production et de la demande de gaz et de p\u00e9trole<\/a><\/blockquote><iframe loading=\"lazy\" class=\"wp-embedded-content\" sandbox=\"allow-scripts\" security=\"restricted\" style=\"position: absolute; clip: rect(1px, 1px, 1px, 1px);\" title=\"\u00ab\u00a0Tunisie\u00a0: baisse de la production et de la demande de gaz et de p\u00e9trole\u00a0\u00bb &#8212; Kapitalis\" src=\"https:\/\/kapitalis.com\/tunisie\/2023\/08\/15\/tunisie-baisse-de-la-production-et-de-la-demande-de-gaz-et-de-petrole\/embed\/#?secret=Fr8Nsi6vro#?secret=5jnJONNDR3\" data-secret=\"5jnJONNDR3\" width=\"600\" height=\"338\" frameborder=\"0\" marginwidth=\"0\" marginheight=\"0\" scrolling=\"no\"><\/iframe>\n<\/div><\/figure>\n","protected":false},"excerpt":{"rendered":"<p>La production totale d\u2019\u00e9lectricit\u00e9 en Tunisie a baiss\u00e9 de 8% \u00e0 fin juin 2023. <\/p>\n","protected":false},"author":8,"featured_media":9376172,"comment_status":"open","ping_status":"open","sticky":false,"template":"","format":"standard","meta":{"footnotes":""},"categories":[995,2433],"tags":[2128,318,411,709,3763,62643],"class_list":["post-9376098","post","type-post","status-publish","format-standard","has-post-thumbnail","hentry","category-economie","category-tunisie","tag-electricite","tag-energie","tag-gaz","tag-petrole","tag-steg","tag-tunisie"],"yoast_head":"<!-- This site is optimized with the Yoast SEO plugin v26.6 - https:\/\/yoast.com\/wordpress\/plugins\/seo\/ -->\n<title>Tunisie\u00a0: baisse de la production globale d\u2019\u00e9lectricit\u00e9 (-8%) - Kapitalis<\/title>\n<meta name=\"robots\" content=\"index, follow, max-snippet:-1, max-image-preview:large, max-video-preview:-1\" \/>\n<link rel=\"canonical\" href=\"https:\/\/kapitalis.com\/tunisie\/2023\/08\/15\/tunisie-baisse-de-la-production-globale-delectricite-8\/\" \/>\n<meta property=\"og:locale\" content=\"fr_FR\" \/>\n<meta property=\"og:type\" content=\"article\" \/>\n<meta property=\"og:title\" content=\"Tunisie\u00a0: baisse de la production globale d\u2019\u00e9lectricit\u00e9 (-8%) - Kapitalis\" \/>\n<meta property=\"og:description\" content=\"La production totale d\u2019\u00e9lectricit\u00e9 en Tunisie a baiss\u00e9 de 8% \u00e0 fin juin 2023.\" \/>\n<meta property=\"og:url\" content=\"https:\/\/kapitalis.com\/tunisie\/2023\/08\/15\/tunisie-baisse-de-la-production-globale-delectricite-8\/\" \/>\n<meta property=\"og:site_name\" content=\"Kapitalis\" \/>\n<meta property=\"article:publisher\" content=\"https:\/\/www.facebook.com\/KapitalisInfo\/\" \/>\n<meta property=\"article:published_time\" content=\"2023-08-15T06:36:37+00:00\" \/>\n<meta property=\"article:modified_time\" content=\"2023-08-15T07:01:38+00:00\" \/>\n<meta property=\"og:image\" content=\"https:\/\/kapitalis.com\/tunisie\/wp-content\/uploads\/2023\/08\/Electricite.jpg\" \/>\n\t<meta property=\"og:image:width\" content=\"1200\" \/>\n\t<meta property=\"og:image:height\" content=\"630\" \/>\n\t<meta property=\"og:image:type\" content=\"image\/jpeg\" \/>\n<meta name=\"author\" content=\"webmaster kapitalis\" \/>\n<meta name=\"twitter:card\" content=\"summary_large_image\" \/>\n<meta name=\"twitter:creator\" content=\"@KapitalisInfo\" \/>\n<meta name=\"twitter:site\" content=\"@KapitalisInfo\" \/>\n<meta name=\"twitter:label1\" content=\"\u00c9crit par\" \/>\n\t<meta name=\"twitter:data1\" content=\"webmaster kapitalis\" \/>\n\t<meta name=\"twitter:label2\" content=\"Dur\u00e9e de lecture estim\u00e9e\" \/>\n\t<meta name=\"twitter:data2\" content=\"2 minutes\" \/>\n<script type=\"application\/ld+json\" class=\"yoast-schema-graph\">{\"@context\":\"https:\/\/schema.org\",\"@graph\":[{\"@type\":\"Article\",\"@id\":\"https:\/\/kapitalis.com\/tunisie\/2023\/08\/15\/tunisie-baisse-de-la-production-globale-delectricite-8\/#article\",\"isPartOf\":{\"@id\":\"https:\/\/kapitalis.com\/tunisie\/2023\/08\/15\/tunisie-baisse-de-la-production-globale-delectricite-8\/\"},\"author\":{\"name\":\"webmaster kapitalis\",\"@id\":\"https:\/\/kapitalis.com\/tunisie\/#\/schema\/person\/d71f33a9ca44f7bad4698210b480c8e9\"},\"headline\":\"Tunisie\u00a0: baisse de la production globale d\u2019\u00e9lectricit\u00e9 (-8%)\",\"datePublished\":\"2023-08-15T06:36:37+00:00\",\"dateModified\":\"2023-08-15T07:01:38+00:00\",\"mainEntityOfPage\":{\"@id\":\"https:\/\/kapitalis.com\/tunisie\/2023\/08\/15\/tunisie-baisse-de-la-production-globale-delectricite-8\/\"},\"wordCount\":364,\"commentCount\":0,\"publisher\":{\"@id\":\"https:\/\/kapitalis.com\/tunisie\/#organization\"},\"image\":{\"@id\":\"https:\/\/kapitalis.com\/tunisie\/2023\/08\/15\/tunisie-baisse-de-la-production-globale-delectricite-8\/#primaryimage\"},\"thumbnailUrl\":\"https:\/\/kapitalis.com\/tunisie\/wp-content\/uploads\/2023\/08\/Electricite.jpg\",\"keywords\":[\"\u00e9lectricit\u00e9\",\"\u00e9nergie\",\"gaz\",\"p\u00e9trole\",\"Steg\",\"Tunisie\"],\"articleSection\":[\"ECONOMIE\",\"Tunisie\"],\"inLanguage\":\"fr-FR\",\"potentialAction\":[{\"@type\":\"CommentAction\",\"name\":\"Comment\",\"target\":[\"https:\/\/kapitalis.com\/tunisie\/2023\/08\/15\/tunisie-baisse-de-la-production-globale-delectricite-8\/#respond\"]}]},{\"@type\":\"WebPage\",\"@id\":\"https:\/\/kapitalis.com\/tunisie\/2023\/08\/15\/tunisie-baisse-de-la-production-globale-delectricite-8\/\",\"url\":\"https:\/\/kapitalis.com\/tunisie\/2023\/08\/15\/tunisie-baisse-de-la-production-globale-delectricite-8\/\",\"name\":\"Tunisie\u00a0: baisse de la production globale d\u2019\u00e9lectricit\u00e9 (-8%) - Kapitalis\",\"isPartOf\":{\"@id\":\"https:\/\/kapitalis.com\/tunisie\/#website\"},\"primaryImageOfPage\":{\"@id\":\"https:\/\/kapitalis.com\/tunisie\/2023\/08\/15\/tunisie-baisse-de-la-production-globale-delectricite-8\/#primaryimage\"},\"image\":{\"@id\":\"https:\/\/kapitalis.com\/tunisie\/2023\/08\/15\/tunisie-baisse-de-la-production-globale-delectricite-8\/#primaryimage\"},\"thumbnailUrl\":\"https:\/\/kapitalis.com\/tunisie\/wp-content\/uploads\/2023\/08\/Electricite.jpg\",\"datePublished\":\"2023-08-15T06:36:37+00:00\",\"dateModified\":\"2023-08-15T07:01:38+00:00\",\"breadcrumb\":{\"@id\":\"https:\/\/kapitalis.com\/tunisie\/2023\/08\/15\/tunisie-baisse-de-la-production-globale-delectricite-8\/#breadcrumb\"},\"inLanguage\":\"fr-FR\",\"potentialAction\":[{\"@type\":\"ReadAction\",\"target\":[\"https:\/\/kapitalis.com\/tunisie\/2023\/08\/15\/tunisie-baisse-de-la-production-globale-delectricite-8\/\"]}]},{\"@type\":\"ImageObject\",\"inLanguage\":\"fr-FR\",\"@id\":\"https:\/\/kapitalis.com\/tunisie\/2023\/08\/15\/tunisie-baisse-de-la-production-globale-delectricite-8\/#primaryimage\",\"url\":\"https:\/\/kapitalis.com\/tunisie\/wp-content\/uploads\/2023\/08\/Electricite.jpg\",\"contentUrl\":\"https:\/\/kapitalis.com\/tunisie\/wp-content\/uploads\/2023\/08\/Electricite.jpg\",\"width\":1200,\"height\":630},{\"@type\":\"BreadcrumbList\",\"@id\":\"https:\/\/kapitalis.com\/tunisie\/2023\/08\/15\/tunisie-baisse-de-la-production-globale-delectricite-8\/#breadcrumb\",\"itemListElement\":[{\"@type\":\"ListItem\",\"position\":1,\"name\":\"Accueil\",\"item\":\"https:\/\/kapitalis.com\/tunisie\/\"},{\"@type\":\"ListItem\",\"position\":2,\"name\":\"Tunisie\u00a0: baisse de la production globale d\u2019\u00e9lectricit\u00e9 (-8%)\"}]},{\"@type\":\"WebSite\",\"@id\":\"https:\/\/kapitalis.com\/tunisie\/#website\",\"url\":\"https:\/\/kapitalis.com\/tunisie\/\",\"name\":\"Kapitalis\",\"description\":\"L&#039;actualit\u00e9 en Tunisie et dans le monde\",\"publisher\":{\"@id\":\"https:\/\/kapitalis.com\/tunisie\/#organization\"},\"potentialAction\":[{\"@type\":\"SearchAction\",\"target\":{\"@type\":\"EntryPoint\",\"urlTemplate\":\"https:\/\/kapitalis.com\/tunisie\/?s={search_term_string}\"},\"query-input\":{\"@type\":\"PropertyValueSpecification\",\"valueRequired\":true,\"valueName\":\"search_term_string\"}}],\"inLanguage\":\"fr-FR\"},{\"@type\":\"Organization\",\"@id\":\"https:\/\/kapitalis.com\/tunisie\/#organization\",\"name\":\"Kapitalis\",\"url\":\"https:\/\/kapitalis.com\/tunisie\/\",\"logo\":{\"@type\":\"ImageObject\",\"inLanguage\":\"fr-FR\",\"@id\":\"https:\/\/kapitalis.com\/tunisie\/#\/schema\/logo\/image\/\",\"url\":\"https:\/\/kapitalis.com\/tunisie\/wp-content\/uploads\/2022\/05\/Kapitalis-big-size.png\",\"contentUrl\":\"https:\/\/kapitalis.com\/tunisie\/wp-content\/uploads\/2022\/05\/Kapitalis-big-size.png\",\"width\":5000,\"height\":1500,\"caption\":\"Kapitalis\"},\"image\":{\"@id\":\"https:\/\/kapitalis.com\/tunisie\/#\/schema\/logo\/image\/\"},\"sameAs\":[\"https:\/\/www.facebook.com\/KapitalisInfo\/\",\"https:\/\/x.com\/KapitalisInfo\",\"https:\/\/www.youtube.com\/channel\/UC-yDYrHyfFBWWZaOw3FPg9Q\"]},{\"@type\":\"Person\",\"@id\":\"https:\/\/kapitalis.com\/tunisie\/#\/schema\/person\/d71f33a9ca44f7bad4698210b480c8e9\",\"name\":\"webmaster kapitalis\",\"url\":\"https:\/\/kapitalis.com\/tunisie\/author\/webmaster-kapitalis\/\"}]}<\/script>\n<!-- \/ Yoast SEO plugin. -->","yoast_head_json":{"title":"Tunisie\u00a0: baisse de la production globale d\u2019\u00e9lectricit\u00e9 (-8%) - Kapitalis","robots":{"index":"index","follow":"follow","max-snippet":"max-snippet:-1","max-image-preview":"max-image-preview:large","max-video-preview":"max-video-preview:-1"},"canonical":"https:\/\/kapitalis.com\/tunisie\/2023\/08\/15\/tunisie-baisse-de-la-production-globale-delectricite-8\/","og_locale":"fr_FR","og_type":"article","og_title":"Tunisie\u00a0: baisse de la production globale d\u2019\u00e9lectricit\u00e9 (-8%) - Kapitalis","og_description":"La production totale d\u2019\u00e9lectricit\u00e9 en Tunisie a baiss\u00e9 de 8% \u00e0 fin juin 2023.","og_url":"https:\/\/kapitalis.com\/tunisie\/2023\/08\/15\/tunisie-baisse-de-la-production-globale-delectricite-8\/","og_site_name":"Kapitalis","article_publisher":"https:\/\/www.facebook.com\/KapitalisInfo\/","article_published_time":"2023-08-15T06:36:37+00:00","article_modified_time":"2023-08-15T07:01:38+00:00","og_image":[{"width":1200,"height":630,"url":"https:\/\/kapitalis.com\/tunisie\/wp-content\/uploads\/2023\/08\/Electricite.jpg","type":"image\/jpeg"}],"author":"webmaster kapitalis","twitter_card":"summary_large_image","twitter_creator":"@KapitalisInfo","twitter_site":"@KapitalisInfo","twitter_misc":{"\u00c9crit par":"webmaster kapitalis","Dur\u00e9e de lecture estim\u00e9e":"2 minutes"},"schema":{"@context":"https:\/\/schema.org","@graph":[{"@type":"Article","@id":"https:\/\/kapitalis.com\/tunisie\/2023\/08\/15\/tunisie-baisse-de-la-production-globale-delectricite-8\/#article","isPartOf":{"@id":"https:\/\/kapitalis.com\/tunisie\/2023\/08\/15\/tunisie-baisse-de-la-production-globale-delectricite-8\/"},"author":{"name":"webmaster kapitalis","@id":"https:\/\/kapitalis.com\/tunisie\/#\/schema\/person\/d71f33a9ca44f7bad4698210b480c8e9"},"headline":"Tunisie\u00a0: baisse de la production globale d\u2019\u00e9lectricit\u00e9 (-8%)","datePublished":"2023-08-15T06:36:37+00:00","dateModified":"2023-08-15T07:01:38+00:00","mainEntityOfPage":{"@id":"https:\/\/kapitalis.com\/tunisie\/2023\/08\/15\/tunisie-baisse-de-la-production-globale-delectricite-8\/"},"wordCount":364,"commentCount":0,"publisher":{"@id":"https:\/\/kapitalis.com\/tunisie\/#organization"},"image":{"@id":"https:\/\/kapitalis.com\/tunisie\/2023\/08\/15\/tunisie-baisse-de-la-production-globale-delectricite-8\/#primaryimage"},"thumbnailUrl":"https:\/\/kapitalis.com\/tunisie\/wp-content\/uploads\/2023\/08\/Electricite.jpg","keywords":["\u00e9lectricit\u00e9","\u00e9nergie","gaz","p\u00e9trole","Steg","Tunisie"],"articleSection":["ECONOMIE","Tunisie"],"inLanguage":"fr-FR","potentialAction":[{"@type":"CommentAction","name":"Comment","target":["https:\/\/kapitalis.com\/tunisie\/2023\/08\/15\/tunisie-baisse-de-la-production-globale-delectricite-8\/#respond"]}]},{"@type":"WebPage","@id":"https:\/\/kapitalis.com\/tunisie\/2023\/08\/15\/tunisie-baisse-de-la-production-globale-delectricite-8\/","url":"https:\/\/kapitalis.com\/tunisie\/2023\/08\/15\/tunisie-baisse-de-la-production-globale-delectricite-8\/","name":"Tunisie\u00a0: baisse de la production globale d\u2019\u00e9lectricit\u00e9 (-8%) - Kapitalis","isPartOf":{"@id":"https:\/\/kapitalis.com\/tunisie\/#website"},"primaryImageOfPage":{"@id":"https:\/\/kapitalis.com\/tunisie\/2023\/08\/15\/tunisie-baisse-de-la-production-globale-delectricite-8\/#primaryimage"},"image":{"@id":"https:\/\/kapitalis.com\/tunisie\/2023\/08\/15\/tunisie-baisse-de-la-production-globale-delectricite-8\/#primaryimage"},"thumbnailUrl":"https:\/\/kapitalis.com\/tunisie\/wp-content\/uploads\/2023\/08\/Electricite.jpg","datePublished":"2023-08-15T06:36:37+00:00","dateModified":"2023-08-15T07:01:38+00:00","breadcrumb":{"@id":"https:\/\/kapitalis.com\/tunisie\/2023\/08\/15\/tunisie-baisse-de-la-production-globale-delectricite-8\/#breadcrumb"},"inLanguage":"fr-FR","potentialAction":[{"@type":"ReadAction","target":["https:\/\/kapitalis.com\/tunisie\/2023\/08\/15\/tunisie-baisse-de-la-production-globale-delectricite-8\/"]}]},{"@type":"ImageObject","inLanguage":"fr-FR","@id":"https:\/\/kapitalis.com\/tunisie\/2023\/08\/15\/tunisie-baisse-de-la-production-globale-delectricite-8\/#primaryimage","url":"https:\/\/kapitalis.com\/tunisie\/wp-content\/uploads\/2023\/08\/Electricite.jpg","contentUrl":"https:\/\/kapitalis.com\/tunisie\/wp-content\/uploads\/2023\/08\/Electricite.jpg","width":1200,"height":630},{"@type":"BreadcrumbList","@id":"https:\/\/kapitalis.com\/tunisie\/2023\/08\/15\/tunisie-baisse-de-la-production-globale-delectricite-8\/#breadcrumb","itemListElement":[{"@type":"ListItem","position":1,"name":"Accueil","item":"https:\/\/kapitalis.com\/tunisie\/"},{"@type":"ListItem","position":2,"name":"Tunisie\u00a0: baisse de la production globale d\u2019\u00e9lectricit\u00e9 (-8%)"}]},{"@type":"WebSite","@id":"https:\/\/kapitalis.com\/tunisie\/#website","url":"https:\/\/kapitalis.com\/tunisie\/","name":"Kapitalis","description":"L&#039;actualit\u00e9 en Tunisie et dans le monde","publisher":{"@id":"https:\/\/kapitalis.com\/tunisie\/#organization"},"potentialAction":[{"@type":"SearchAction","target":{"@type":"EntryPoint","urlTemplate":"https:\/\/kapitalis.com\/tunisie\/?s={search_term_string}"},"query-input":{"@type":"PropertyValueSpecification","valueRequired":true,"valueName":"search_term_string"}}],"inLanguage":"fr-FR"},{"@type":"Organization","@id":"https:\/\/kapitalis.com\/tunisie\/#organization","name":"Kapitalis","url":"https:\/\/kapitalis.com\/tunisie\/","logo":{"@type":"ImageObject","inLanguage":"fr-FR","@id":"https:\/\/kapitalis.com\/tunisie\/#\/schema\/logo\/image\/","url":"https:\/\/kapitalis.com\/tunisie\/wp-content\/uploads\/2022\/05\/Kapitalis-big-size.png","contentUrl":"https:\/\/kapitalis.com\/tunisie\/wp-content\/uploads\/2022\/05\/Kapitalis-big-size.png","width":5000,"height":1500,"caption":"Kapitalis"},"image":{"@id":"https:\/\/kapitalis.com\/tunisie\/#\/schema\/logo\/image\/"},"sameAs":["https:\/\/www.facebook.com\/KapitalisInfo\/","https:\/\/x.com\/KapitalisInfo","https:\/\/www.youtube.com\/channel\/UC-yDYrHyfFBWWZaOw3FPg9Q"]},{"@type":"Person","@id":"https:\/\/kapitalis.com\/tunisie\/#\/schema\/person\/d71f33a9ca44f7bad4698210b480c8e9","name":"webmaster kapitalis","url":"https:\/\/kapitalis.com\/tunisie\/author\/webmaster-kapitalis\/"}]}},"_links":{"self":[{"href":"https:\/\/kapitalis.com\/tunisie\/wp-json\/wp\/v2\/posts\/9376098","targetHints":{"allow":["GET"]}}],"collection":[{"href":"https:\/\/kapitalis.com\/tunisie\/wp-json\/wp\/v2\/posts"}],"about":[{"href":"https:\/\/kapitalis.com\/tunisie\/wp-json\/wp\/v2\/types\/post"}],"author":[{"embeddable":true,"href":"https:\/\/kapitalis.com\/tunisie\/wp-json\/wp\/v2\/users\/8"}],"replies":[{"embeddable":true,"href":"https:\/\/kapitalis.com\/tunisie\/wp-json\/wp\/v2\/comments?post=9376098"}],"version-history":[{"count":2,"href":"https:\/\/kapitalis.com\/tunisie\/wp-json\/wp\/v2\/posts\/9376098\/revisions"}],"predecessor-version":[{"id":9376393,"href":"https:\/\/kapitalis.com\/tunisie\/wp-json\/wp\/v2\/posts\/9376098\/revisions\/9376393"}],"wp:featuredmedia":[{"embeddable":true,"href":"https:\/\/kapitalis.com\/tunisie\/wp-json\/wp\/v2\/media\/9376172"}],"wp:attachment":[{"href":"https:\/\/kapitalis.com\/tunisie\/wp-json\/wp\/v2\/media?parent=9376098"}],"wp:term":[{"taxonomy":"category","embeddable":true,"href":"https:\/\/kapitalis.com\/tunisie\/wp-json\/wp\/v2\/categories?post=9376098"},{"taxonomy":"post_tag","embeddable":true,"href":"https:\/\/kapitalis.com\/tunisie\/wp-json\/wp\/v2\/tags?post=9376098"}],"curies":[{"name":"wp","href":"https:\/\/api.w.org\/{rel}","templated":true}]}}