{"id":9377,"date":"2015-08-13T11:31:00","date_gmt":"2015-08-13T10:31:00","guid":{"rendered":"http:\/\/kapitalis.com\/tunisie\/?p=9377"},"modified":"2015-08-13T11:31:00","modified_gmt":"2015-08-13T10:31:00","slug":"les-cas-de-cholera-a-siliana-encore-une-lintox","status":"publish","type":"post","link":"https:\/\/kapitalis.com\/tunisie\/2015\/08\/13\/les-cas-de-cholera-a-siliana-encore-une-lintox\/","title":{"rendered":"Les cas de chol\u00e9ra \u00e0 Siliana: Encore une l\u2019intox !"},"content":{"rendered":"<p><img loading=\"lazy\" decoding=\"async\" class=\"alignnone size-full wp-image-9378 aligncenter\" src=\"http:\/\/kapitalis.com\/tunisie\/wp-content\/uploads\/2015\/08\/Siliana-campagne.jpg\" alt=\"Siliana-campagne\" width=\"626\" height=\"380\" \/><\/p>\n<p><em><strong>Le minist\u00e8re de la Sant\u00e9 a d\u00e9menti l\u2019information relative \u00e0 l\u2018enregistrement de cas de chol\u00e9ra dans une zone rurale du gouvernorat de Siliana.<\/strong><\/em><\/p>\n<p><!--more--><\/p>\n<p>De m\u00e9dias ont diffus\u00e9, hier, une intox, en pr\u00e9tendant que 4 membres d\u2019une m\u00eame famille, vivant \u00e0 El-Akaichia, pr\u00e8s de menjem Sidi Ayed, \u00e0 Siliana, ont contract\u00e9 le chol\u00e9ra.<\/p>\n<p>L\u2019intox n\u2019a pas tard\u00e9 \u00e0 \u00eatre d\u00e9mentie par Rafla Tej, directrice de la sant\u00e9 de base au sein du minist\u00e8re de la Sant\u00e9, qui a indiqu\u00e9 que le directeur r\u00e9gional de la sant\u00e9, Ahmed Mhamdi, a envoy\u00e9 une \u00e9quipe m\u00e9dicale et que les examens m\u00e9dicaux n\u2019ont relev\u00e9 aucune trace de chol\u00e9ra chez les membres de la famille en question. Ces derniers pr\u00e9sentaient juste des traces d\u2019infections b\u00e9nignes et ils ont re\u00e7u les soins n\u00e9cessaires.<\/p>\n<p><em>\u00abCes gens vivent dans des conditions de pr\u00e9carit\u00e9 et d\u2019insalubrit\u00e9. Ils se sont install\u00e9s sur des terres domaniales, dans une zone o\u00f9 il n\u2019y a ni eau, ni \u00e9lectricit\u00e9 et refusent de d\u00e9m\u00e9nager ailleurs\u00bb<\/em>, a dit M. Mhamdi. Et d&rsquo;ajouter: <em>\u00abCette situation rend impossible de les inscrire dans des programmes de logment social ou de leur faire parvenir l&rsquo;eau potable et les autres commodit\u00e9s.\u00bb<\/em><\/p>\n<p>Le chol\u00e9ra est une infection contagieuse caract\u00e9ris\u00e9e par des diarrh\u00e9es douloureuses et tr\u00e8s abondantes (gastro-ent\u00e9rite) menant \u00e0 une s\u00e9v\u00e8re d\u00e9shydratation. En l\u2019absence de traitement, elle peut entrainer la mort. La pr\u00e9vention du chol\u00e9ra consiste essentiellement en des mesures d&rsquo;hygi\u00e8ne\u2026<\/p>\n<p style=\"text-align: right;\"><strong>Y. N.<\/strong><\/p>\n","protected":false},"excerpt":{"rendered":"<p>Le minist\u00e8re de la Sant\u00e9 a d\u00e9menti l\u2019information relative \u00e0 l\u2018enregistrement de cas de chol\u00e9ra dans une zone rurale du gouvernorat de Siliana.<\/p>\n","protected":false},"author":8,"featured_media":9378,"comment_status":"open","ping_status":"open","sticky":false,"template":"","format":"standard","meta":{"footnotes":""},"categories":[998,2433],"tags":[2481,810,2763],"class_list":["post-9377","post","type-post","status-publish","format-standard","has-post-thumbnail","hentry","category-societe","category-tunisie","tag-intox","tag-sante","tag-siliana"],"yoast_head":"<!-- This site is optimized with the Yoast SEO plugin v26.6 - https:\/\/yoast.com\/wordpress\/plugins\/seo\/ -->\n<title>Les cas de chol\u00e9ra \u00e0 Siliana: Encore une l\u2019intox ! - Kapitalis<\/title>\n<meta name=\"robots\" content=\"index, follow, max-snippet:-1, max-image-preview:large, max-video-preview:-1\" \/>\n<link rel=\"canonical\" href=\"https:\/\/kapitalis.com\/tunisie\/2015\/08\/13\/les-cas-de-cholera-a-siliana-encore-une-lintox\/\" \/>\n<meta property=\"og:locale\" content=\"fr_FR\" \/>\n<meta property=\"og:type\" content=\"article\" \/>\n<meta property=\"og:title\" content=\"Les cas de chol\u00e9ra \u00e0 Siliana: Encore une l\u2019intox ! - Kapitalis\" \/>\n<meta property=\"og:description\" content=\"Le minist\u00e8re de la Sant\u00e9 a d\u00e9menti l\u2019information relative \u00e0 l\u2018enregistrement de cas de chol\u00e9ra dans une zone rurale du gouvernorat de Siliana.\" \/>\n<meta property=\"og:url\" content=\"https:\/\/kapitalis.com\/tunisie\/2015\/08\/13\/les-cas-de-cholera-a-siliana-encore-une-lintox\/\" \/>\n<meta property=\"og:site_name\" content=\"Kapitalis\" \/>\n<meta property=\"article:publisher\" content=\"https:\/\/www.facebook.com\/KapitalisInfo\/\" \/>\n<meta property=\"article:published_time\" content=\"2015-08-13T10:31:00+00:00\" \/>\n<meta property=\"og:image\" content=\"https:\/\/kapitalis.com\/tunisie\/wp-content\/uploads\/2022\/05\/kapitalis-logo-fb.png\" \/>\n\t<meta property=\"og:image:width\" content=\"1200\" \/>\n\t<meta property=\"og:image:height\" content=\"630\" \/>\n\t<meta property=\"og:image:type\" content=\"image\/png\" \/>\n<meta name=\"author\" content=\"webmaster kapitalis\" \/>\n<meta name=\"twitter:card\" content=\"summary_large_image\" \/>\n<meta name=\"twitter:creator\" content=\"@KapitalisInfo\" \/>\n<meta name=\"twitter:site\" content=\"@KapitalisInfo\" \/>\n<meta name=\"twitter:label1\" content=\"\u00c9crit par\" \/>\n\t<meta name=\"twitter:data1\" content=\"webmaster kapitalis\" \/>\n\t<meta name=\"twitter:label2\" content=\"Dur\u00e9e de lecture estim\u00e9e\" \/>\n\t<meta name=\"twitter:data2\" content=\"1 minute\" \/>\n<script type=\"application\/ld+json\" class=\"yoast-schema-graph\">{\"@context\":\"https:\/\/schema.org\",\"@graph\":[{\"@type\":\"Article\",\"@id\":\"https:\/\/kapitalis.com\/tunisie\/2015\/08\/13\/les-cas-de-cholera-a-siliana-encore-une-lintox\/#article\",\"isPartOf\":{\"@id\":\"https:\/\/kapitalis.com\/tunisie\/2015\/08\/13\/les-cas-de-cholera-a-siliana-encore-une-lintox\/\"},\"author\":{\"name\":\"webmaster kapitalis\",\"@id\":\"https:\/\/kapitalis.com\/tunisie\/#\/schema\/person\/d71f33a9ca44f7bad4698210b480c8e9\"},\"headline\":\"Les cas de chol\u00e9ra \u00e0 Siliana: Encore une l\u2019intox !\",\"datePublished\":\"2015-08-13T10:31:00+00:00\",\"mainEntityOfPage\":{\"@id\":\"https:\/\/kapitalis.com\/tunisie\/2015\/08\/13\/les-cas-de-cholera-a-siliana-encore-une-lintox\/\"},\"wordCount\":280,\"commentCount\":0,\"publisher\":{\"@id\":\"https:\/\/kapitalis.com\/tunisie\/#organization\"},\"image\":{\"@id\":\"https:\/\/kapitalis.com\/tunisie\/2015\/08\/13\/les-cas-de-cholera-a-siliana-encore-une-lintox\/#primaryimage\"},\"thumbnailUrl\":\"\",\"keywords\":[\"intox\",\"Sant\u00e9\",\"Siliana\"],\"articleSection\":[\"SOCIETE\",\"Tunisie\"],\"inLanguage\":\"fr-FR\",\"potentialAction\":[{\"@type\":\"CommentAction\",\"name\":\"Comment\",\"target\":[\"https:\/\/kapitalis.com\/tunisie\/2015\/08\/13\/les-cas-de-cholera-a-siliana-encore-une-lintox\/#respond\"]}]},{\"@type\":\"WebPage\",\"@id\":\"https:\/\/kapitalis.com\/tunisie\/2015\/08\/13\/les-cas-de-cholera-a-siliana-encore-une-lintox\/\",\"url\":\"https:\/\/kapitalis.com\/tunisie\/2015\/08\/13\/les-cas-de-cholera-a-siliana-encore-une-lintox\/\",\"name\":\"Les cas de chol\u00e9ra \u00e0 Siliana: Encore une l\u2019intox ! - Kapitalis\",\"isPartOf\":{\"@id\":\"https:\/\/kapitalis.com\/tunisie\/#website\"},\"primaryImageOfPage\":{\"@id\":\"https:\/\/kapitalis.com\/tunisie\/2015\/08\/13\/les-cas-de-cholera-a-siliana-encore-une-lintox\/#primaryimage\"},\"image\":{\"@id\":\"https:\/\/kapitalis.com\/tunisie\/2015\/08\/13\/les-cas-de-cholera-a-siliana-encore-une-lintox\/#primaryimage\"},\"thumbnailUrl\":\"\",\"datePublished\":\"2015-08-13T10:31:00+00:00\",\"breadcrumb\":{\"@id\":\"https:\/\/kapitalis.com\/tunisie\/2015\/08\/13\/les-cas-de-cholera-a-siliana-encore-une-lintox\/#breadcrumb\"},\"inLanguage\":\"fr-FR\",\"potentialAction\":[{\"@type\":\"ReadAction\",\"target\":[\"https:\/\/kapitalis.com\/tunisie\/2015\/08\/13\/les-cas-de-cholera-a-siliana-encore-une-lintox\/\"]}]},{\"@type\":\"ImageObject\",\"inLanguage\":\"fr-FR\",\"@id\":\"https:\/\/kapitalis.com\/tunisie\/2015\/08\/13\/les-cas-de-cholera-a-siliana-encore-une-lintox\/#primaryimage\",\"url\":\"\",\"contentUrl\":\"\"},{\"@type\":\"BreadcrumbList\",\"@id\":\"https:\/\/kapitalis.com\/tunisie\/2015\/08\/13\/les-cas-de-cholera-a-siliana-encore-une-lintox\/#breadcrumb\",\"itemListElement\":[{\"@type\":\"ListItem\",\"position\":1,\"name\":\"Accueil\",\"item\":\"https:\/\/kapitalis.com\/tunisie\/\"},{\"@type\":\"ListItem\",\"position\":2,\"name\":\"Les cas de chol\u00e9ra \u00e0 Siliana: Encore une l\u2019intox !\"}]},{\"@type\":\"WebSite\",\"@id\":\"https:\/\/kapitalis.com\/tunisie\/#website\",\"url\":\"https:\/\/kapitalis.com\/tunisie\/\",\"name\":\"Kapitalis\",\"description\":\"L&#039;actualit\u00e9 en Tunisie et dans le monde\",\"publisher\":{\"@id\":\"https:\/\/kapitalis.com\/tunisie\/#organization\"},\"potentialAction\":[{\"@type\":\"SearchAction\",\"target\":{\"@type\":\"EntryPoint\",\"urlTemplate\":\"https:\/\/kapitalis.com\/tunisie\/?s={search_term_string}\"},\"query-input\":{\"@type\":\"PropertyValueSpecification\",\"valueRequired\":true,\"valueName\":\"search_term_string\"}}],\"inLanguage\":\"fr-FR\"},{\"@type\":\"Organization\",\"@id\":\"https:\/\/kapitalis.com\/tunisie\/#organization\",\"name\":\"Kapitalis\",\"url\":\"https:\/\/kapitalis.com\/tunisie\/\",\"logo\":{\"@type\":\"ImageObject\",\"inLanguage\":\"fr-FR\",\"@id\":\"https:\/\/kapitalis.com\/tunisie\/#\/schema\/logo\/image\/\",\"url\":\"https:\/\/kapitalis.com\/tunisie\/wp-content\/uploads\/2022\/05\/Kapitalis-big-size.png\",\"contentUrl\":\"https:\/\/kapitalis.com\/tunisie\/wp-content\/uploads\/2022\/05\/Kapitalis-big-size.png\",\"width\":5000,\"height\":1500,\"caption\":\"Kapitalis\"},\"image\":{\"@id\":\"https:\/\/kapitalis.com\/tunisie\/#\/schema\/logo\/image\/\"},\"sameAs\":[\"https:\/\/www.facebook.com\/KapitalisInfo\/\",\"https:\/\/x.com\/KapitalisInfo\",\"https:\/\/www.youtube.com\/channel\/UC-yDYrHyfFBWWZaOw3FPg9Q\"]},{\"@type\":\"Person\",\"@id\":\"https:\/\/kapitalis.com\/tunisie\/#\/schema\/person\/d71f33a9ca44f7bad4698210b480c8e9\",\"name\":\"webmaster kapitalis\",\"url\":\"https:\/\/kapitalis.com\/tunisie\/author\/webmaster-kapitalis\/\"}]}<\/script>\n<!-- \/ Yoast SEO plugin. -->","yoast_head_json":{"title":"Les cas de chol\u00e9ra \u00e0 Siliana: Encore une l\u2019intox ! - Kapitalis","robots":{"index":"index","follow":"follow","max-snippet":"max-snippet:-1","max-image-preview":"max-image-preview:large","max-video-preview":"max-video-preview:-1"},"canonical":"https:\/\/kapitalis.com\/tunisie\/2015\/08\/13\/les-cas-de-cholera-a-siliana-encore-une-lintox\/","og_locale":"fr_FR","og_type":"article","og_title":"Les cas de chol\u00e9ra \u00e0 Siliana: Encore une l\u2019intox ! - Kapitalis","og_description":"Le minist\u00e8re de la Sant\u00e9 a d\u00e9menti l\u2019information relative \u00e0 l\u2018enregistrement de cas de chol\u00e9ra dans une zone rurale du gouvernorat de Siliana.","og_url":"https:\/\/kapitalis.com\/tunisie\/2015\/08\/13\/les-cas-de-cholera-a-siliana-encore-une-lintox\/","og_site_name":"Kapitalis","article_publisher":"https:\/\/www.facebook.com\/KapitalisInfo\/","article_published_time":"2015-08-13T10:31:00+00:00","og_image":[{"width":1200,"height":630,"url":"https:\/\/kapitalis.com\/tunisie\/wp-content\/uploads\/2022\/05\/kapitalis-logo-fb.png","type":"image\/png"}],"author":"webmaster kapitalis","twitter_card":"summary_large_image","twitter_creator":"@KapitalisInfo","twitter_site":"@KapitalisInfo","twitter_misc":{"\u00c9crit par":"webmaster kapitalis","Dur\u00e9e de lecture estim\u00e9e":"1 minute"},"schema":{"@context":"https:\/\/schema.org","@graph":[{"@type":"Article","@id":"https:\/\/kapitalis.com\/tunisie\/2015\/08\/13\/les-cas-de-cholera-a-siliana-encore-une-lintox\/#article","isPartOf":{"@id":"https:\/\/kapitalis.com\/tunisie\/2015\/08\/13\/les-cas-de-cholera-a-siliana-encore-une-lintox\/"},"author":{"name":"webmaster kapitalis","@id":"https:\/\/kapitalis.com\/tunisie\/#\/schema\/person\/d71f33a9ca44f7bad4698210b480c8e9"},"headline":"Les cas de chol\u00e9ra \u00e0 Siliana: Encore une l\u2019intox !","datePublished":"2015-08-13T10:31:00+00:00","mainEntityOfPage":{"@id":"https:\/\/kapitalis.com\/tunisie\/2015\/08\/13\/les-cas-de-cholera-a-siliana-encore-une-lintox\/"},"wordCount":280,"commentCount":0,"publisher":{"@id":"https:\/\/kapitalis.com\/tunisie\/#organization"},"image":{"@id":"https:\/\/kapitalis.com\/tunisie\/2015\/08\/13\/les-cas-de-cholera-a-siliana-encore-une-lintox\/#primaryimage"},"thumbnailUrl":"","keywords":["intox","Sant\u00e9","Siliana"],"articleSection":["SOCIETE","Tunisie"],"inLanguage":"fr-FR","potentialAction":[{"@type":"CommentAction","name":"Comment","target":["https:\/\/kapitalis.com\/tunisie\/2015\/08\/13\/les-cas-de-cholera-a-siliana-encore-une-lintox\/#respond"]}]},{"@type":"WebPage","@id":"https:\/\/kapitalis.com\/tunisie\/2015\/08\/13\/les-cas-de-cholera-a-siliana-encore-une-lintox\/","url":"https:\/\/kapitalis.com\/tunisie\/2015\/08\/13\/les-cas-de-cholera-a-siliana-encore-une-lintox\/","name":"Les cas de chol\u00e9ra \u00e0 Siliana: Encore une l\u2019intox ! - Kapitalis","isPartOf":{"@id":"https:\/\/kapitalis.com\/tunisie\/#website"},"primaryImageOfPage":{"@id":"https:\/\/kapitalis.com\/tunisie\/2015\/08\/13\/les-cas-de-cholera-a-siliana-encore-une-lintox\/#primaryimage"},"image":{"@id":"https:\/\/kapitalis.com\/tunisie\/2015\/08\/13\/les-cas-de-cholera-a-siliana-encore-une-lintox\/#primaryimage"},"thumbnailUrl":"","datePublished":"2015-08-13T10:31:00+00:00","breadcrumb":{"@id":"https:\/\/kapitalis.com\/tunisie\/2015\/08\/13\/les-cas-de-cholera-a-siliana-encore-une-lintox\/#breadcrumb"},"inLanguage":"fr-FR","potentialAction":[{"@type":"ReadAction","target":["https:\/\/kapitalis.com\/tunisie\/2015\/08\/13\/les-cas-de-cholera-a-siliana-encore-une-lintox\/"]}]},{"@type":"ImageObject","inLanguage":"fr-FR","@id":"https:\/\/kapitalis.com\/tunisie\/2015\/08\/13\/les-cas-de-cholera-a-siliana-encore-une-lintox\/#primaryimage","url":"","contentUrl":""},{"@type":"BreadcrumbList","@id":"https:\/\/kapitalis.com\/tunisie\/2015\/08\/13\/les-cas-de-cholera-a-siliana-encore-une-lintox\/#breadcrumb","itemListElement":[{"@type":"ListItem","position":1,"name":"Accueil","item":"https:\/\/kapitalis.com\/tunisie\/"},{"@type":"ListItem","position":2,"name":"Les cas de chol\u00e9ra \u00e0 Siliana: Encore une l\u2019intox !"}]},{"@type":"WebSite","@id":"https:\/\/kapitalis.com\/tunisie\/#website","url":"https:\/\/kapitalis.com\/tunisie\/","name":"Kapitalis","description":"L&#039;actualit\u00e9 en Tunisie et dans le monde","publisher":{"@id":"https:\/\/kapitalis.com\/tunisie\/#organization"},"potentialAction":[{"@type":"SearchAction","target":{"@type":"EntryPoint","urlTemplate":"https:\/\/kapitalis.com\/tunisie\/?s={search_term_string}"},"query-input":{"@type":"PropertyValueSpecification","valueRequired":true,"valueName":"search_term_string"}}],"inLanguage":"fr-FR"},{"@type":"Organization","@id":"https:\/\/kapitalis.com\/tunisie\/#organization","name":"Kapitalis","url":"https:\/\/kapitalis.com\/tunisie\/","logo":{"@type":"ImageObject","inLanguage":"fr-FR","@id":"https:\/\/kapitalis.com\/tunisie\/#\/schema\/logo\/image\/","url":"https:\/\/kapitalis.com\/tunisie\/wp-content\/uploads\/2022\/05\/Kapitalis-big-size.png","contentUrl":"https:\/\/kapitalis.com\/tunisie\/wp-content\/uploads\/2022\/05\/Kapitalis-big-size.png","width":5000,"height":1500,"caption":"Kapitalis"},"image":{"@id":"https:\/\/kapitalis.com\/tunisie\/#\/schema\/logo\/image\/"},"sameAs":["https:\/\/www.facebook.com\/KapitalisInfo\/","https:\/\/x.com\/KapitalisInfo","https:\/\/www.youtube.com\/channel\/UC-yDYrHyfFBWWZaOw3FPg9Q"]},{"@type":"Person","@id":"https:\/\/kapitalis.com\/tunisie\/#\/schema\/person\/d71f33a9ca44f7bad4698210b480c8e9","name":"webmaster kapitalis","url":"https:\/\/kapitalis.com\/tunisie\/author\/webmaster-kapitalis\/"}]}},"_links":{"self":[{"href":"https:\/\/kapitalis.com\/tunisie\/wp-json\/wp\/v2\/posts\/9377","targetHints":{"allow":["GET"]}}],"collection":[{"href":"https:\/\/kapitalis.com\/tunisie\/wp-json\/wp\/v2\/posts"}],"about":[{"href":"https:\/\/kapitalis.com\/tunisie\/wp-json\/wp\/v2\/types\/post"}],"author":[{"embeddable":true,"href":"https:\/\/kapitalis.com\/tunisie\/wp-json\/wp\/v2\/users\/8"}],"replies":[{"embeddable":true,"href":"https:\/\/kapitalis.com\/tunisie\/wp-json\/wp\/v2\/comments?post=9377"}],"version-history":[{"count":0,"href":"https:\/\/kapitalis.com\/tunisie\/wp-json\/wp\/v2\/posts\/9377\/revisions"}],"wp:featuredmedia":[{"embeddable":true,"href":"https:\/\/kapitalis.com\/tunisie\/wp-json\/wp\/v2\/media\/9378"}],"wp:attachment":[{"href":"https:\/\/kapitalis.com\/tunisie\/wp-json\/wp\/v2\/media?parent=9377"}],"wp:term":[{"taxonomy":"category","embeddable":true,"href":"https:\/\/kapitalis.com\/tunisie\/wp-json\/wp\/v2\/categories?post=9377"},{"taxonomy":"post_tag","embeddable":true,"href":"https:\/\/kapitalis.com\/tunisie\/wp-json\/wp\/v2\/tags?post=9377"}],"curies":[{"name":"wp","href":"https:\/\/api.w.org\/{rel}","templated":true}]}}