{"id":93789,"date":"2017-04-29T16:38:55","date_gmt":"2017-04-29T16:08:55","guid":{"rendered":"http:\/\/kapitalis.com\/tunisie\/?p=93789"},"modified":"2017-04-29T16:38:55","modified_gmt":"2017-04-29T16:08:55","slug":"retablir-la-confiance-entre-les-tunisiens-et-leurs-dirigeants","status":"publish","type":"post","link":"https:\/\/kapitalis.com\/tunisie\/2017\/04\/29\/retablir-la-confiance-entre-les-tunisiens-et-leurs-dirigeants\/","title":{"rendered":"R\u00e9tablir la confiance entre les Tunisiens et leurs dirigeants"},"content":{"rendered":"<p style=\"text-align: center;\"><img loading=\"lazy\" decoding=\"async\" class=\"alignnone size-full wp-image-78633\" src=\"http:\/\/kapitalis.com\/tunisie\/wp-content\/uploads\/2017\/01\/Tunisiens.jpg\" alt=\"\" width=\"635\" height=\"357\" \/><\/p>\n<p><em><strong>Malgr\u00e9 la crise qui perdure, les Tunisiens demeurent optimistes et sont nombreux \u00e0 vouloir faire sortir leur pays de l\u2019impasse o\u00f9 il se trouve.<\/strong><\/em><\/p>\n<p>Par <strong>Khaled F\u00e9rid Bensoltane<\/strong> *<\/p>\n<p><!--more--><\/p>\n<p><img loading=\"lazy\" decoding=\"async\" class=\"alignnone size-full wp-image-93790 alignleft\" src=\"http:\/\/kapitalis.com\/tunisie\/wp-content\/uploads\/2017\/04\/Khaled-Ferid-Bensoltane.jpg\" alt=\"\" width=\"200\" height=\"165\" \/>Une crise de confiance sans pr\u00e9c\u00e9dent secoue actuellement la Tunisie. Des difficult\u00e9s \u00e9conomiques, sociales, financi\u00e8res et mon\u00e9taires compliquent l&rsquo;action du gouvernement d\u2019union nationale, dirig\u00e9e par Youssef Chahed et il est temps de surmonter, une fois pour toute, la crise de confiance qui ravage la relation entre le peuple tunisien et ses gouvernants, d\u2019autant plus que la crise est devenue un frein au d\u00e9veloppement de l\u2019\u00e9conomie nationale.<\/p>\n<p>Cette situation est li\u00e9e, notamment, au traitement de certaines affaires graves qui ont marqu\u00e9 notre pays, en plus du silence sur certains dossiers de corruption administrative et financi\u00e8re.<\/p>\n<p>C\u2019est pourquoi, il convient de faire la lumi\u00e8re sur ces dossiers et informer le citoyen sur la r\u00e9alit\u00e9 des faits, l\u2019une des derni\u00e8res affaires en date \u00e9tant celle du container belge, afin de r\u00e9tablir cette confiance.<\/p>\n<p>Il convient aussi de rem\u00e9dier au d\u00e9ficit de la communication de la pr\u00e9sidence de la r\u00e9publique et du gouvernement, qui pourrait aider au r\u00e9tablissement d&rsquo;une cr\u00e9dibilit\u00e9 perdue, car pour \u00eatre \u00e9cout\u00e9, il faut \u00eatre cr\u00e9dible et le peuple tunisien n\u2019\u00e9coute plus ses dirigeants.<br \/>\nIl faut \u00e9galement instaurer une \u00e9thique politique respectueuse de l\u2019image des dirigeants de notre pays, afin qu\u2019ils soient plus respect\u00e9s par les citoyens.<\/p>\n<p>Autre urgence : le r\u00e9tablissement du prestige de l\u2019Etat par une application ferme des lois de la r\u00e9publique, une valeur tant \u00e9voqu\u00e9e par le pr\u00e9sident de la r\u00e9publique B\u00e9ji Caid Essebsi, qui ne trouve pas encore une application dans la soci\u00e9t\u00e9 tunisienne.<\/p>\n<p>Il s\u2019agit aussi de rendre justice au peuple tunisien, en lui rendant les richesses de son pays et en condamnant les coupables et les responsables de toutes les pr\u00e9varications et de toutes les d\u00e9gradations.<\/p>\n<p>Pour cela, il faut affirmer une volont\u00e9 r\u00e9elle de lutter efficacement et s\u00e9rieusement contre toute forme de corruption qui mine les fondements de l\u2019Etat.<\/p>\n<p>La lutte contre la corruption sous toutes ses formes est la 1\u00e8re priorit\u00e9 du gouvernement Chahed, annonc\u00e9e lors de son investiture par l\u2019Assembl\u00e9e des repr\u00e9sentants du peuple (ARP), en ao\u00fbt 2016<\/p>\n<p>Malgr\u00e9 la crise qui perdure, les Tunisiens demeurent optimistes et le salut du pays d\u00e9pend encore de la bonne volont\u00e9 des hommes et des femmes de ce pays, qui sont nombreux \u00e0 vouloir redresser la barre et faire sortir leur pays de l\u2019impasse o\u00f9 il se trouve.<\/p>\n<p>C&rsquo;est pourquoi, il appartient \u00e0 toutes les forces d\u00e9mocratiques et progressistes de notre pays de se rassembler autour d\u2019un grand projet national, digne d&rsquo;une vraie nation moderne. Comme il appartient \u00e0 tous les partis politiques de surmonter leurs crises internes et \u0153uvrer \u00e0 pr\u00e9server l\u2019int\u00e9r\u00eat sup\u00e9rieur de la patrie.<\/p>\n<p><em>* Ma\u00eetre en droit public et international, dipl\u00f4m\u00e9 de la Facult\u00e9 de droit de Poitiers (France).<\/em><\/p>\n","protected":false},"excerpt":{"rendered":"<p>Malgr\u00e9 la crise qui perdure, les Tunisiens demeurent optimistes et sont nombreux \u00e0 vouloir faire sortir leur pays de l\u2019impasse o\u00f9 il se trouve. Par Khaled F\u00e9rid Bensoltane *<\/p>\n","protected":false},"author":8,"featured_media":93790,"comment_status":"open","ping_status":"open","sticky":false,"template":"","format":"standard","meta":{"footnotes":""},"categories":[992,1000,2433],"tags":[1117],"class_list":["post-93789","post","type-post","status-publish","format-standard","has-post-thumbnail","hentry","category-a-la-une","category-tribune","category-tunisie","tag-tunisiens"],"yoast_head":"<!-- This site is optimized with the Yoast SEO plugin v26.6 - https:\/\/yoast.com\/wordpress\/plugins\/seo\/ -->\n<title>R\u00e9tablir la confiance entre les Tunisiens et leurs dirigeants - Kapitalis<\/title>\n<meta name=\"robots\" content=\"index, follow, max-snippet:-1, max-image-preview:large, max-video-preview:-1\" \/>\n<link rel=\"canonical\" href=\"https:\/\/kapitalis.com\/tunisie\/2017\/04\/29\/retablir-la-confiance-entre-les-tunisiens-et-leurs-dirigeants\/\" \/>\n<meta property=\"og:locale\" content=\"fr_FR\" \/>\n<meta property=\"og:type\" content=\"article\" \/>\n<meta property=\"og:title\" content=\"R\u00e9tablir la confiance entre les Tunisiens et leurs dirigeants - Kapitalis\" \/>\n<meta property=\"og:description\" content=\"Malgr\u00e9 la crise qui perdure, les Tunisiens demeurent optimistes et sont nombreux \u00e0 vouloir faire sortir leur pays de l\u2019impasse o\u00f9 il se trouve. Par Khaled F\u00e9rid Bensoltane *\" \/>\n<meta property=\"og:url\" content=\"https:\/\/kapitalis.com\/tunisie\/2017\/04\/29\/retablir-la-confiance-entre-les-tunisiens-et-leurs-dirigeants\/\" \/>\n<meta property=\"og:site_name\" content=\"Kapitalis\" \/>\n<meta property=\"article:publisher\" content=\"https:\/\/www.facebook.com\/KapitalisInfo\/\" \/>\n<meta property=\"article:published_time\" content=\"2017-04-29T16:08:55+00:00\" \/>\n<meta property=\"og:image\" content=\"https:\/\/kapitalis.com\/tunisie\/wp-content\/uploads\/2022\/05\/kapitalis-logo-fb.png\" \/>\n\t<meta property=\"og:image:width\" content=\"1200\" \/>\n\t<meta property=\"og:image:height\" content=\"630\" \/>\n\t<meta property=\"og:image:type\" content=\"image\/png\" \/>\n<meta name=\"author\" content=\"webmaster kapitalis\" \/>\n<meta name=\"twitter:card\" content=\"summary_large_image\" \/>\n<meta name=\"twitter:creator\" content=\"@KapitalisInfo\" \/>\n<meta name=\"twitter:site\" content=\"@KapitalisInfo\" \/>\n<meta name=\"twitter:label1\" content=\"\u00c9crit par\" \/>\n\t<meta name=\"twitter:data1\" content=\"webmaster kapitalis\" \/>\n\t<meta name=\"twitter:label2\" content=\"Dur\u00e9e de lecture estim\u00e9e\" \/>\n\t<meta name=\"twitter:data2\" content=\"3 minutes\" \/>\n<script type=\"application\/ld+json\" class=\"yoast-schema-graph\">{\"@context\":\"https:\/\/schema.org\",\"@graph\":[{\"@type\":\"Article\",\"@id\":\"https:\/\/kapitalis.com\/tunisie\/2017\/04\/29\/retablir-la-confiance-entre-les-tunisiens-et-leurs-dirigeants\/#article\",\"isPartOf\":{\"@id\":\"https:\/\/kapitalis.com\/tunisie\/2017\/04\/29\/retablir-la-confiance-entre-les-tunisiens-et-leurs-dirigeants\/\"},\"author\":{\"name\":\"webmaster kapitalis\",\"@id\":\"https:\/\/kapitalis.com\/tunisie\/#\/schema\/person\/d71f33a9ca44f7bad4698210b480c8e9\"},\"headline\":\"R\u00e9tablir la confiance entre les Tunisiens et leurs dirigeants\",\"datePublished\":\"2017-04-29T16:08:55+00:00\",\"mainEntityOfPage\":{\"@id\":\"https:\/\/kapitalis.com\/tunisie\/2017\/04\/29\/retablir-la-confiance-entre-les-tunisiens-et-leurs-dirigeants\/\"},\"wordCount\":530,\"commentCount\":4,\"publisher\":{\"@id\":\"https:\/\/kapitalis.com\/tunisie\/#organization\"},\"image\":{\"@id\":\"https:\/\/kapitalis.com\/tunisie\/2017\/04\/29\/retablir-la-confiance-entre-les-tunisiens-et-leurs-dirigeants\/#primaryimage\"},\"thumbnailUrl\":\"\",\"keywords\":[\"tunisiens\"],\"articleSection\":[\"A LA UNE\",\"TRIBUNE\",\"Tunisie\"],\"inLanguage\":\"fr-FR\",\"potentialAction\":[{\"@type\":\"CommentAction\",\"name\":\"Comment\",\"target\":[\"https:\/\/kapitalis.com\/tunisie\/2017\/04\/29\/retablir-la-confiance-entre-les-tunisiens-et-leurs-dirigeants\/#respond\"]}]},{\"@type\":\"WebPage\",\"@id\":\"https:\/\/kapitalis.com\/tunisie\/2017\/04\/29\/retablir-la-confiance-entre-les-tunisiens-et-leurs-dirigeants\/\",\"url\":\"https:\/\/kapitalis.com\/tunisie\/2017\/04\/29\/retablir-la-confiance-entre-les-tunisiens-et-leurs-dirigeants\/\",\"name\":\"R\u00e9tablir la confiance entre les Tunisiens et leurs dirigeants - Kapitalis\",\"isPartOf\":{\"@id\":\"https:\/\/kapitalis.com\/tunisie\/#website\"},\"primaryImageOfPage\":{\"@id\":\"https:\/\/kapitalis.com\/tunisie\/2017\/04\/29\/retablir-la-confiance-entre-les-tunisiens-et-leurs-dirigeants\/#primaryimage\"},\"image\":{\"@id\":\"https:\/\/kapitalis.com\/tunisie\/2017\/04\/29\/retablir-la-confiance-entre-les-tunisiens-et-leurs-dirigeants\/#primaryimage\"},\"thumbnailUrl\":\"\",\"datePublished\":\"2017-04-29T16:08:55+00:00\",\"breadcrumb\":{\"@id\":\"https:\/\/kapitalis.com\/tunisie\/2017\/04\/29\/retablir-la-confiance-entre-les-tunisiens-et-leurs-dirigeants\/#breadcrumb\"},\"inLanguage\":\"fr-FR\",\"potentialAction\":[{\"@type\":\"ReadAction\",\"target\":[\"https:\/\/kapitalis.com\/tunisie\/2017\/04\/29\/retablir-la-confiance-entre-les-tunisiens-et-leurs-dirigeants\/\"]}]},{\"@type\":\"ImageObject\",\"inLanguage\":\"fr-FR\",\"@id\":\"https:\/\/kapitalis.com\/tunisie\/2017\/04\/29\/retablir-la-confiance-entre-les-tunisiens-et-leurs-dirigeants\/#primaryimage\",\"url\":\"\",\"contentUrl\":\"\"},{\"@type\":\"BreadcrumbList\",\"@id\":\"https:\/\/kapitalis.com\/tunisie\/2017\/04\/29\/retablir-la-confiance-entre-les-tunisiens-et-leurs-dirigeants\/#breadcrumb\",\"itemListElement\":[{\"@type\":\"ListItem\",\"position\":1,\"name\":\"Accueil\",\"item\":\"https:\/\/kapitalis.com\/tunisie\/\"},{\"@type\":\"ListItem\",\"position\":2,\"name\":\"R\u00e9tablir la confiance entre les Tunisiens et leurs dirigeants\"}]},{\"@type\":\"WebSite\",\"@id\":\"https:\/\/kapitalis.com\/tunisie\/#website\",\"url\":\"https:\/\/kapitalis.com\/tunisie\/\",\"name\":\"Kapitalis\",\"description\":\"L&#039;actualit\u00e9 en Tunisie et dans le monde\",\"publisher\":{\"@id\":\"https:\/\/kapitalis.com\/tunisie\/#organization\"},\"potentialAction\":[{\"@type\":\"SearchAction\",\"target\":{\"@type\":\"EntryPoint\",\"urlTemplate\":\"https:\/\/kapitalis.com\/tunisie\/?s={search_term_string}\"},\"query-input\":{\"@type\":\"PropertyValueSpecification\",\"valueRequired\":true,\"valueName\":\"search_term_string\"}}],\"inLanguage\":\"fr-FR\"},{\"@type\":\"Organization\",\"@id\":\"https:\/\/kapitalis.com\/tunisie\/#organization\",\"name\":\"Kapitalis\",\"url\":\"https:\/\/kapitalis.com\/tunisie\/\",\"logo\":{\"@type\":\"ImageObject\",\"inLanguage\":\"fr-FR\",\"@id\":\"https:\/\/kapitalis.com\/tunisie\/#\/schema\/logo\/image\/\",\"url\":\"https:\/\/kapitalis.com\/tunisie\/wp-content\/uploads\/2022\/05\/Kapitalis-big-size.png\",\"contentUrl\":\"https:\/\/kapitalis.com\/tunisie\/wp-content\/uploads\/2022\/05\/Kapitalis-big-size.png\",\"width\":5000,\"height\":1500,\"caption\":\"Kapitalis\"},\"image\":{\"@id\":\"https:\/\/kapitalis.com\/tunisie\/#\/schema\/logo\/image\/\"},\"sameAs\":[\"https:\/\/www.facebook.com\/KapitalisInfo\/\",\"https:\/\/x.com\/KapitalisInfo\",\"https:\/\/www.youtube.com\/channel\/UC-yDYrHyfFBWWZaOw3FPg9Q\"]},{\"@type\":\"Person\",\"@id\":\"https:\/\/kapitalis.com\/tunisie\/#\/schema\/person\/d71f33a9ca44f7bad4698210b480c8e9\",\"name\":\"webmaster kapitalis\",\"url\":\"https:\/\/kapitalis.com\/tunisie\/author\/webmaster-kapitalis\/\"}]}<\/script>\n<!-- \/ Yoast SEO plugin. -->","yoast_head_json":{"title":"R\u00e9tablir la confiance entre les Tunisiens et leurs dirigeants - Kapitalis","robots":{"index":"index","follow":"follow","max-snippet":"max-snippet:-1","max-image-preview":"max-image-preview:large","max-video-preview":"max-video-preview:-1"},"canonical":"https:\/\/kapitalis.com\/tunisie\/2017\/04\/29\/retablir-la-confiance-entre-les-tunisiens-et-leurs-dirigeants\/","og_locale":"fr_FR","og_type":"article","og_title":"R\u00e9tablir la confiance entre les Tunisiens et leurs dirigeants - Kapitalis","og_description":"Malgr\u00e9 la crise qui perdure, les Tunisiens demeurent optimistes et sont nombreux \u00e0 vouloir faire sortir leur pays de l\u2019impasse o\u00f9 il se trouve. Par Khaled F\u00e9rid Bensoltane *","og_url":"https:\/\/kapitalis.com\/tunisie\/2017\/04\/29\/retablir-la-confiance-entre-les-tunisiens-et-leurs-dirigeants\/","og_site_name":"Kapitalis","article_publisher":"https:\/\/www.facebook.com\/KapitalisInfo\/","article_published_time":"2017-04-29T16:08:55+00:00","og_image":[{"width":1200,"height":630,"url":"https:\/\/kapitalis.com\/tunisie\/wp-content\/uploads\/2022\/05\/kapitalis-logo-fb.png","type":"image\/png"}],"author":"webmaster kapitalis","twitter_card":"summary_large_image","twitter_creator":"@KapitalisInfo","twitter_site":"@KapitalisInfo","twitter_misc":{"\u00c9crit par":"webmaster kapitalis","Dur\u00e9e de lecture estim\u00e9e":"3 minutes"},"schema":{"@context":"https:\/\/schema.org","@graph":[{"@type":"Article","@id":"https:\/\/kapitalis.com\/tunisie\/2017\/04\/29\/retablir-la-confiance-entre-les-tunisiens-et-leurs-dirigeants\/#article","isPartOf":{"@id":"https:\/\/kapitalis.com\/tunisie\/2017\/04\/29\/retablir-la-confiance-entre-les-tunisiens-et-leurs-dirigeants\/"},"author":{"name":"webmaster kapitalis","@id":"https:\/\/kapitalis.com\/tunisie\/#\/schema\/person\/d71f33a9ca44f7bad4698210b480c8e9"},"headline":"R\u00e9tablir la confiance entre les Tunisiens et leurs dirigeants","datePublished":"2017-04-29T16:08:55+00:00","mainEntityOfPage":{"@id":"https:\/\/kapitalis.com\/tunisie\/2017\/04\/29\/retablir-la-confiance-entre-les-tunisiens-et-leurs-dirigeants\/"},"wordCount":530,"commentCount":4,"publisher":{"@id":"https:\/\/kapitalis.com\/tunisie\/#organization"},"image":{"@id":"https:\/\/kapitalis.com\/tunisie\/2017\/04\/29\/retablir-la-confiance-entre-les-tunisiens-et-leurs-dirigeants\/#primaryimage"},"thumbnailUrl":"","keywords":["tunisiens"],"articleSection":["A LA UNE","TRIBUNE","Tunisie"],"inLanguage":"fr-FR","potentialAction":[{"@type":"CommentAction","name":"Comment","target":["https:\/\/kapitalis.com\/tunisie\/2017\/04\/29\/retablir-la-confiance-entre-les-tunisiens-et-leurs-dirigeants\/#respond"]}]},{"@type":"WebPage","@id":"https:\/\/kapitalis.com\/tunisie\/2017\/04\/29\/retablir-la-confiance-entre-les-tunisiens-et-leurs-dirigeants\/","url":"https:\/\/kapitalis.com\/tunisie\/2017\/04\/29\/retablir-la-confiance-entre-les-tunisiens-et-leurs-dirigeants\/","name":"R\u00e9tablir la confiance entre les Tunisiens et leurs dirigeants - Kapitalis","isPartOf":{"@id":"https:\/\/kapitalis.com\/tunisie\/#website"},"primaryImageOfPage":{"@id":"https:\/\/kapitalis.com\/tunisie\/2017\/04\/29\/retablir-la-confiance-entre-les-tunisiens-et-leurs-dirigeants\/#primaryimage"},"image":{"@id":"https:\/\/kapitalis.com\/tunisie\/2017\/04\/29\/retablir-la-confiance-entre-les-tunisiens-et-leurs-dirigeants\/#primaryimage"},"thumbnailUrl":"","datePublished":"2017-04-29T16:08:55+00:00","breadcrumb":{"@id":"https:\/\/kapitalis.com\/tunisie\/2017\/04\/29\/retablir-la-confiance-entre-les-tunisiens-et-leurs-dirigeants\/#breadcrumb"},"inLanguage":"fr-FR","potentialAction":[{"@type":"ReadAction","target":["https:\/\/kapitalis.com\/tunisie\/2017\/04\/29\/retablir-la-confiance-entre-les-tunisiens-et-leurs-dirigeants\/"]}]},{"@type":"ImageObject","inLanguage":"fr-FR","@id":"https:\/\/kapitalis.com\/tunisie\/2017\/04\/29\/retablir-la-confiance-entre-les-tunisiens-et-leurs-dirigeants\/#primaryimage","url":"","contentUrl":""},{"@type":"BreadcrumbList","@id":"https:\/\/kapitalis.com\/tunisie\/2017\/04\/29\/retablir-la-confiance-entre-les-tunisiens-et-leurs-dirigeants\/#breadcrumb","itemListElement":[{"@type":"ListItem","position":1,"name":"Accueil","item":"https:\/\/kapitalis.com\/tunisie\/"},{"@type":"ListItem","position":2,"name":"R\u00e9tablir la confiance entre les Tunisiens et leurs dirigeants"}]},{"@type":"WebSite","@id":"https:\/\/kapitalis.com\/tunisie\/#website","url":"https:\/\/kapitalis.com\/tunisie\/","name":"Kapitalis","description":"L&#039;actualit\u00e9 en Tunisie et dans le monde","publisher":{"@id":"https:\/\/kapitalis.com\/tunisie\/#organization"},"potentialAction":[{"@type":"SearchAction","target":{"@type":"EntryPoint","urlTemplate":"https:\/\/kapitalis.com\/tunisie\/?s={search_term_string}"},"query-input":{"@type":"PropertyValueSpecification","valueRequired":true,"valueName":"search_term_string"}}],"inLanguage":"fr-FR"},{"@type":"Organization","@id":"https:\/\/kapitalis.com\/tunisie\/#organization","name":"Kapitalis","url":"https:\/\/kapitalis.com\/tunisie\/","logo":{"@type":"ImageObject","inLanguage":"fr-FR","@id":"https:\/\/kapitalis.com\/tunisie\/#\/schema\/logo\/image\/","url":"https:\/\/kapitalis.com\/tunisie\/wp-content\/uploads\/2022\/05\/Kapitalis-big-size.png","contentUrl":"https:\/\/kapitalis.com\/tunisie\/wp-content\/uploads\/2022\/05\/Kapitalis-big-size.png","width":5000,"height":1500,"caption":"Kapitalis"},"image":{"@id":"https:\/\/kapitalis.com\/tunisie\/#\/schema\/logo\/image\/"},"sameAs":["https:\/\/www.facebook.com\/KapitalisInfo\/","https:\/\/x.com\/KapitalisInfo","https:\/\/www.youtube.com\/channel\/UC-yDYrHyfFBWWZaOw3FPg9Q"]},{"@type":"Person","@id":"https:\/\/kapitalis.com\/tunisie\/#\/schema\/person\/d71f33a9ca44f7bad4698210b480c8e9","name":"webmaster kapitalis","url":"https:\/\/kapitalis.com\/tunisie\/author\/webmaster-kapitalis\/"}]}},"_links":{"self":[{"href":"https:\/\/kapitalis.com\/tunisie\/wp-json\/wp\/v2\/posts\/93789","targetHints":{"allow":["GET"]}}],"collection":[{"href":"https:\/\/kapitalis.com\/tunisie\/wp-json\/wp\/v2\/posts"}],"about":[{"href":"https:\/\/kapitalis.com\/tunisie\/wp-json\/wp\/v2\/types\/post"}],"author":[{"embeddable":true,"href":"https:\/\/kapitalis.com\/tunisie\/wp-json\/wp\/v2\/users\/8"}],"replies":[{"embeddable":true,"href":"https:\/\/kapitalis.com\/tunisie\/wp-json\/wp\/v2\/comments?post=93789"}],"version-history":[{"count":0,"href":"https:\/\/kapitalis.com\/tunisie\/wp-json\/wp\/v2\/posts\/93789\/revisions"}],"wp:featuredmedia":[{"embeddable":true,"href":"https:\/\/kapitalis.com\/tunisie\/wp-json\/wp\/v2\/media\/93790"}],"wp:attachment":[{"href":"https:\/\/kapitalis.com\/tunisie\/wp-json\/wp\/v2\/media?parent=93789"}],"wp:term":[{"taxonomy":"category","embeddable":true,"href":"https:\/\/kapitalis.com\/tunisie\/wp-json\/wp\/v2\/categories?post=93789"},{"taxonomy":"post_tag","embeddable":true,"href":"https:\/\/kapitalis.com\/tunisie\/wp-json\/wp\/v2\/tags?post=93789"}],"curies":[{"name":"wp","href":"https:\/\/api.w.org\/{rel}","templated":true}]}}