{"id":93977,"date":"2017-05-01T10:50:06","date_gmt":"2017-05-01T10:20:06","guid":{"rendered":"http:\/\/kapitalis.com\/tunisie\/?p=93977"},"modified":"2017-05-01T10:57:19","modified_gmt":"2017-05-01T10:27:19","slug":"tunisie-la-loi-sur-la-reconciliation-a-du-mal-a-passer","status":"publish","type":"post","link":"https:\/\/kapitalis.com\/tunisie\/2017\/05\/01\/tunisie-la-loi-sur-la-reconciliation-a-du-mal-a-passer\/","title":{"rendered":"Tunisie: La loi sur la r\u00e9conciliation a du mal \u00e0 passer"},"content":{"rendered":"<p style=\"text-align: center;\"><img loading=\"lazy\" decoding=\"async\" class=\"alignnone size-full wp-image-93978\" src=\"http:\/\/kapitalis.com\/tunisie\/wp-content\/uploads\/2017\/05\/Manich-Msameh.jpg\" alt=\"\" width=\"626\" height=\"380\" \/><\/p>\n<p style=\"text-align: center;\"><em>R\u00e9conciliation, oui, mais devant le tribunal.\u00a0<\/em><\/p>\n<p><em><strong>Le projet de loi sur la r\u00e9conciliation \u00e9conomique et financi\u00e8re, m\u00eame dans sa nouvelle version modifi\u00e9e, n\u2019a pas fini d\u2019alimenter la pol\u00e9mique.<\/strong><\/em><\/p>\n<p>Par <strong>Abderrazek Krimi<\/strong><\/p>\n<p><!--more--><\/p>\n<p>En effet, cinq partis ont annonc\u00e9, dimanche 30 avril 207, la constitution d\u2019un front politique dont l\u2019objectif est de s\u2019opposer \u00e0 ce projet de loi propos\u00e9 par le pr\u00e9sident de la r\u00e9publique Beji Ca\u00efd Essebsi.<\/p>\n<p>Selon une d\u00e9claration accord\u00e9e par Zouhaier Maghzaoui, pr\u00e9sident du Mouvement Al-Chaab, Mosa\u00efque FM, ce nouveau front est compos\u00e9 d\u2019Al-Joumhouri, Al-Chaab, Attayar (Courant d\u00e9mocratique), Ettakatol et Front populaire. Il tiendra une r\u00e9union, mercredi 3 mai, pour convenir d\u2019une d\u00e9marche commune pour la mobilisation contre ce projet de loi.<\/p>\n<p>De son c\u00f4t\u00e9, le conseil de la choura d\u2019Ennahdha a, au cours de sa r\u00e9union dimanche, consid\u00e9r\u00e9 que ce projet de loi, dans sa version actuelle modifi\u00e9e, telle que pr\u00e9sent\u00e9e devant la commission de la l\u00e9gislation g\u00e9n\u00e9rale \u00e0 l\u2019Assembl\u00e9e des repr\u00e9sentants du peuple (ARP), est <em>\u00abinacceptable\u00bb.<\/em><\/p>\n<p>Le parti islamiste a appel\u00e9, par ailleurs, \u00e0 introduire d\u2019autres modifications au texte pour qu\u2019il soit compatible avec la constitution et n\u2019empi\u00e8te pas sur le processus de la justice transitionnelle men\u00e9 par l\u2019Instance V\u00e9rit\u00e9 et Dignit\u00e9 (IVD).<\/p>\n<p style=\"text-align: center;\"><img loading=\"lazy\" decoding=\"async\" class=\"alignnone wp-image-93980\" src=\"http:\/\/kapitalis.com\/tunisie\/wp-content\/uploads\/2017\/05\/Manif-contre-la-reconciliation.jpg\" alt=\"Marche contre la r\u00e9conciliation\" width=\"500\" height=\"333\" \/><\/p>\n<p style=\"text-align: center;\"><em>Marche \u00e0 Tunis, samedi 29 avril 2017, contre la r\u00e9conciliation.<\/em><\/p>\n<p>Il est \u00e0 rappeler qu\u2019une marche de protestation contre ce projet de loi, \u00e0 laquelle a appel\u00e9 un collectif de la soci\u00e9t\u00e9 civile, a eu lieu, samedi dernier, \u00e0 Tunis.<\/p>\n<p>Des d\u00e9put\u00e9s de l\u2019ARP, \u00e0 l\u2019instar d\u2019Ammar Amroussia (Front populaire), ont mis la pr\u00e9sidence de la r\u00e9publique en garde contre leur insistance \u00e0 vouloir faire passer ce projet de loi, malgr\u00e9 son rejet par une grande partie de la soci\u00e9t\u00e9, indiquant que, dans la conjoncture difficile actuelle dans le pays, cette action pourrait aggraver la tension sociale dans les r\u00e9gions.<\/p>\n<p>Dans un geste symbolique, des citoyens ont br\u00fbl\u00e9, samedi dernier, une quantit\u00e9 de factures d\u2019\u00e9lectricit\u00e9 de la Steg, en affirmant que plusieurs d\u2019entre eux ne peuvent pas payer leurs dettes envers l\u2019Etat et r\u00e9clamant la g\u00e9n\u00e9ralisation de la r\u00e9conciliation \u00e9conomique et financi\u00e8re \u00e0 tout le monde, y compris les simples citoyens.<\/p>\n<p style=\"text-align: center;\"><img loading=\"lazy\" decoding=\"async\" class=\"alignnone wp-image-93983\" src=\"http:\/\/kapitalis.com\/tunisie\/wp-content\/uploads\/2017\/05\/Contre-la-corruption.jpg\" alt=\"Contre la corruption\" width=\"500\" height=\"333\" \/><\/p>\n<p style=\"text-align: center;\"><em>Pas de place dans le pays pour les\u00a0bandes de corrompus.\u00a0<\/em><\/p>\n<p>Reste \u00e0 savoir quelle serait la r\u00e9ponse de la pr\u00e9sidence de la r\u00e9publique \u00e0 ce refus du projet de loi, d\u00e9sormais exprim\u00e9 par Ennahdha, membre de la coalition gouvernementale et dont le vote des d\u00e9put\u00e9s sera n\u00e9cessaire pour la promulgation du texte.<\/p>\n","protected":false},"excerpt":{"rendered":"<p>R\u00e9conciliation, oui, mais devant le tribunal.\u00a0 Le projet de loi sur la r\u00e9conciliation \u00e9conomique et financi\u00e8re, m\u00eame dans sa nouvelle version modifi\u00e9e, n\u2019a pas fini d\u2019alimenter la pol\u00e9mique. Par Abderrazek Krimi<\/p>\n","protected":false},"author":8,"featured_media":93978,"comment_status":"open","ping_status":"open","sticky":false,"template":"","format":"standard","meta":{"footnotes":""},"categories":[992,995,2433],"tags":[14120,399,5906],"class_list":["post-93977","post","type-post","status-publish","format-standard","has-post-thumbnail","hentry","category-a-la-une","category-economie","category-tunisie","tag-ammar-amroussia","tag-front-populaire","tag-reconciliation-economique-et-financiere"],"yoast_head":"<!-- This site is optimized with the Yoast SEO plugin v26.6 - https:\/\/yoast.com\/wordpress\/plugins\/seo\/ -->\n<title>Tunisie: La loi sur la r\u00e9conciliation a du mal \u00e0 passer - Kapitalis<\/title>\n<meta name=\"robots\" content=\"index, follow, max-snippet:-1, max-image-preview:large, max-video-preview:-1\" \/>\n<link rel=\"canonical\" href=\"https:\/\/kapitalis.com\/tunisie\/2017\/05\/01\/tunisie-la-loi-sur-la-reconciliation-a-du-mal-a-passer\/\" \/>\n<meta property=\"og:locale\" content=\"fr_FR\" \/>\n<meta property=\"og:type\" content=\"article\" \/>\n<meta property=\"og:title\" content=\"Tunisie: La loi sur la r\u00e9conciliation a du mal \u00e0 passer - Kapitalis\" \/>\n<meta property=\"og:description\" content=\"R\u00e9conciliation, oui, mais devant le tribunal.\u00a0 Le projet de loi sur la r\u00e9conciliation \u00e9conomique et financi\u00e8re, m\u00eame dans sa nouvelle version modifi\u00e9e, n\u2019a pas fini d\u2019alimenter la pol\u00e9mique. Par Abderrazek Krimi\" \/>\n<meta property=\"og:url\" content=\"https:\/\/kapitalis.com\/tunisie\/2017\/05\/01\/tunisie-la-loi-sur-la-reconciliation-a-du-mal-a-passer\/\" \/>\n<meta property=\"og:site_name\" content=\"Kapitalis\" \/>\n<meta property=\"article:publisher\" content=\"https:\/\/www.facebook.com\/KapitalisInfo\/\" \/>\n<meta property=\"article:published_time\" content=\"2017-05-01T10:20:06+00:00\" \/>\n<meta property=\"article:modified_time\" content=\"2017-05-01T10:27:19+00:00\" \/>\n<meta property=\"og:image\" content=\"https:\/\/kapitalis.com\/tunisie\/wp-content\/uploads\/2022\/05\/kapitalis-logo-fb.png\" \/>\n\t<meta property=\"og:image:width\" content=\"1200\" \/>\n\t<meta property=\"og:image:height\" content=\"630\" \/>\n\t<meta property=\"og:image:type\" content=\"image\/png\" \/>\n<meta name=\"author\" content=\"webmaster kapitalis\" \/>\n<meta name=\"twitter:card\" content=\"summary_large_image\" \/>\n<meta name=\"twitter:creator\" content=\"@KapitalisInfo\" \/>\n<meta name=\"twitter:site\" content=\"@KapitalisInfo\" \/>\n<meta name=\"twitter:label1\" content=\"\u00c9crit par\" \/>\n\t<meta name=\"twitter:data1\" content=\"webmaster kapitalis\" \/>\n\t<meta name=\"twitter:label2\" content=\"Dur\u00e9e de lecture estim\u00e9e\" \/>\n\t<meta name=\"twitter:data2\" content=\"2 minutes\" \/>\n<script type=\"application\/ld+json\" class=\"yoast-schema-graph\">{\"@context\":\"https:\/\/schema.org\",\"@graph\":[{\"@type\":\"Article\",\"@id\":\"https:\/\/kapitalis.com\/tunisie\/2017\/05\/01\/tunisie-la-loi-sur-la-reconciliation-a-du-mal-a-passer\/#article\",\"isPartOf\":{\"@id\":\"https:\/\/kapitalis.com\/tunisie\/2017\/05\/01\/tunisie-la-loi-sur-la-reconciliation-a-du-mal-a-passer\/\"},\"author\":{\"name\":\"webmaster kapitalis\",\"@id\":\"https:\/\/kapitalis.com\/tunisie\/#\/schema\/person\/d71f33a9ca44f7bad4698210b480c8e9\"},\"headline\":\"Tunisie: La loi sur la r\u00e9conciliation a du mal \u00e0 passer\",\"datePublished\":\"2017-05-01T10:20:06+00:00\",\"dateModified\":\"2017-05-01T10:27:19+00:00\",\"mainEntityOfPage\":{\"@id\":\"https:\/\/kapitalis.com\/tunisie\/2017\/05\/01\/tunisie-la-loi-sur-la-reconciliation-a-du-mal-a-passer\/\"},\"wordCount\":464,\"commentCount\":3,\"publisher\":{\"@id\":\"https:\/\/kapitalis.com\/tunisie\/#organization\"},\"image\":{\"@id\":\"https:\/\/kapitalis.com\/tunisie\/2017\/05\/01\/tunisie-la-loi-sur-la-reconciliation-a-du-mal-a-passer\/#primaryimage\"},\"thumbnailUrl\":\"\",\"keywords\":[\"Ammar Amroussia\",\"Front populaire\",\"r\u00e9conciliation \u00e9conomique et financi\u00e8re\"],\"articleSection\":[\"A LA UNE\",\"ECONOMIE\",\"Tunisie\"],\"inLanguage\":\"fr-FR\",\"potentialAction\":[{\"@type\":\"CommentAction\",\"name\":\"Comment\",\"target\":[\"https:\/\/kapitalis.com\/tunisie\/2017\/05\/01\/tunisie-la-loi-sur-la-reconciliation-a-du-mal-a-passer\/#respond\"]}]},{\"@type\":\"WebPage\",\"@id\":\"https:\/\/kapitalis.com\/tunisie\/2017\/05\/01\/tunisie-la-loi-sur-la-reconciliation-a-du-mal-a-passer\/\",\"url\":\"https:\/\/kapitalis.com\/tunisie\/2017\/05\/01\/tunisie-la-loi-sur-la-reconciliation-a-du-mal-a-passer\/\",\"name\":\"Tunisie: La loi sur la r\u00e9conciliation a du mal \u00e0 passer - Kapitalis\",\"isPartOf\":{\"@id\":\"https:\/\/kapitalis.com\/tunisie\/#website\"},\"primaryImageOfPage\":{\"@id\":\"https:\/\/kapitalis.com\/tunisie\/2017\/05\/01\/tunisie-la-loi-sur-la-reconciliation-a-du-mal-a-passer\/#primaryimage\"},\"image\":{\"@id\":\"https:\/\/kapitalis.com\/tunisie\/2017\/05\/01\/tunisie-la-loi-sur-la-reconciliation-a-du-mal-a-passer\/#primaryimage\"},\"thumbnailUrl\":\"\",\"datePublished\":\"2017-05-01T10:20:06+00:00\",\"dateModified\":\"2017-05-01T10:27:19+00:00\",\"breadcrumb\":{\"@id\":\"https:\/\/kapitalis.com\/tunisie\/2017\/05\/01\/tunisie-la-loi-sur-la-reconciliation-a-du-mal-a-passer\/#breadcrumb\"},\"inLanguage\":\"fr-FR\",\"potentialAction\":[{\"@type\":\"ReadAction\",\"target\":[\"https:\/\/kapitalis.com\/tunisie\/2017\/05\/01\/tunisie-la-loi-sur-la-reconciliation-a-du-mal-a-passer\/\"]}]},{\"@type\":\"ImageObject\",\"inLanguage\":\"fr-FR\",\"@id\":\"https:\/\/kapitalis.com\/tunisie\/2017\/05\/01\/tunisie-la-loi-sur-la-reconciliation-a-du-mal-a-passer\/#primaryimage\",\"url\":\"\",\"contentUrl\":\"\"},{\"@type\":\"BreadcrumbList\",\"@id\":\"https:\/\/kapitalis.com\/tunisie\/2017\/05\/01\/tunisie-la-loi-sur-la-reconciliation-a-du-mal-a-passer\/#breadcrumb\",\"itemListElement\":[{\"@type\":\"ListItem\",\"position\":1,\"name\":\"Accueil\",\"item\":\"https:\/\/kapitalis.com\/tunisie\/\"},{\"@type\":\"ListItem\",\"position\":2,\"name\":\"Tunisie: La loi sur la r\u00e9conciliation a du mal \u00e0 passer\"}]},{\"@type\":\"WebSite\",\"@id\":\"https:\/\/kapitalis.com\/tunisie\/#website\",\"url\":\"https:\/\/kapitalis.com\/tunisie\/\",\"name\":\"Kapitalis\",\"description\":\"L&#039;actualit\u00e9 en Tunisie et dans le monde\",\"publisher\":{\"@id\":\"https:\/\/kapitalis.com\/tunisie\/#organization\"},\"potentialAction\":[{\"@type\":\"SearchAction\",\"target\":{\"@type\":\"EntryPoint\",\"urlTemplate\":\"https:\/\/kapitalis.com\/tunisie\/?s={search_term_string}\"},\"query-input\":{\"@type\":\"PropertyValueSpecification\",\"valueRequired\":true,\"valueName\":\"search_term_string\"}}],\"inLanguage\":\"fr-FR\"},{\"@type\":\"Organization\",\"@id\":\"https:\/\/kapitalis.com\/tunisie\/#organization\",\"name\":\"Kapitalis\",\"url\":\"https:\/\/kapitalis.com\/tunisie\/\",\"logo\":{\"@type\":\"ImageObject\",\"inLanguage\":\"fr-FR\",\"@id\":\"https:\/\/kapitalis.com\/tunisie\/#\/schema\/logo\/image\/\",\"url\":\"https:\/\/kapitalis.com\/tunisie\/wp-content\/uploads\/2022\/05\/Kapitalis-big-size.png\",\"contentUrl\":\"https:\/\/kapitalis.com\/tunisie\/wp-content\/uploads\/2022\/05\/Kapitalis-big-size.png\",\"width\":5000,\"height\":1500,\"caption\":\"Kapitalis\"},\"image\":{\"@id\":\"https:\/\/kapitalis.com\/tunisie\/#\/schema\/logo\/image\/\"},\"sameAs\":[\"https:\/\/www.facebook.com\/KapitalisInfo\/\",\"https:\/\/x.com\/KapitalisInfo\",\"https:\/\/www.youtube.com\/channel\/UC-yDYrHyfFBWWZaOw3FPg9Q\"]},{\"@type\":\"Person\",\"@id\":\"https:\/\/kapitalis.com\/tunisie\/#\/schema\/person\/d71f33a9ca44f7bad4698210b480c8e9\",\"name\":\"webmaster kapitalis\",\"url\":\"https:\/\/kapitalis.com\/tunisie\/author\/webmaster-kapitalis\/\"}]}<\/script>\n<!-- \/ Yoast SEO plugin. -->","yoast_head_json":{"title":"Tunisie: La loi sur la r\u00e9conciliation a du mal \u00e0 passer - Kapitalis","robots":{"index":"index","follow":"follow","max-snippet":"max-snippet:-1","max-image-preview":"max-image-preview:large","max-video-preview":"max-video-preview:-1"},"canonical":"https:\/\/kapitalis.com\/tunisie\/2017\/05\/01\/tunisie-la-loi-sur-la-reconciliation-a-du-mal-a-passer\/","og_locale":"fr_FR","og_type":"article","og_title":"Tunisie: La loi sur la r\u00e9conciliation a du mal \u00e0 passer - Kapitalis","og_description":"R\u00e9conciliation, oui, mais devant le tribunal.\u00a0 Le projet de loi sur la r\u00e9conciliation \u00e9conomique et financi\u00e8re, m\u00eame dans sa nouvelle version modifi\u00e9e, n\u2019a pas fini d\u2019alimenter la pol\u00e9mique. Par Abderrazek Krimi","og_url":"https:\/\/kapitalis.com\/tunisie\/2017\/05\/01\/tunisie-la-loi-sur-la-reconciliation-a-du-mal-a-passer\/","og_site_name":"Kapitalis","article_publisher":"https:\/\/www.facebook.com\/KapitalisInfo\/","article_published_time":"2017-05-01T10:20:06+00:00","article_modified_time":"2017-05-01T10:27:19+00:00","og_image":[{"width":1200,"height":630,"url":"https:\/\/kapitalis.com\/tunisie\/wp-content\/uploads\/2022\/05\/kapitalis-logo-fb.png","type":"image\/png"}],"author":"webmaster kapitalis","twitter_card":"summary_large_image","twitter_creator":"@KapitalisInfo","twitter_site":"@KapitalisInfo","twitter_misc":{"\u00c9crit par":"webmaster kapitalis","Dur\u00e9e de lecture estim\u00e9e":"2 minutes"},"schema":{"@context":"https:\/\/schema.org","@graph":[{"@type":"Article","@id":"https:\/\/kapitalis.com\/tunisie\/2017\/05\/01\/tunisie-la-loi-sur-la-reconciliation-a-du-mal-a-passer\/#article","isPartOf":{"@id":"https:\/\/kapitalis.com\/tunisie\/2017\/05\/01\/tunisie-la-loi-sur-la-reconciliation-a-du-mal-a-passer\/"},"author":{"name":"webmaster kapitalis","@id":"https:\/\/kapitalis.com\/tunisie\/#\/schema\/person\/d71f33a9ca44f7bad4698210b480c8e9"},"headline":"Tunisie: La loi sur la r\u00e9conciliation a du mal \u00e0 passer","datePublished":"2017-05-01T10:20:06+00:00","dateModified":"2017-05-01T10:27:19+00:00","mainEntityOfPage":{"@id":"https:\/\/kapitalis.com\/tunisie\/2017\/05\/01\/tunisie-la-loi-sur-la-reconciliation-a-du-mal-a-passer\/"},"wordCount":464,"commentCount":3,"publisher":{"@id":"https:\/\/kapitalis.com\/tunisie\/#organization"},"image":{"@id":"https:\/\/kapitalis.com\/tunisie\/2017\/05\/01\/tunisie-la-loi-sur-la-reconciliation-a-du-mal-a-passer\/#primaryimage"},"thumbnailUrl":"","keywords":["Ammar Amroussia","Front populaire","r\u00e9conciliation \u00e9conomique et financi\u00e8re"],"articleSection":["A LA UNE","ECONOMIE","Tunisie"],"inLanguage":"fr-FR","potentialAction":[{"@type":"CommentAction","name":"Comment","target":["https:\/\/kapitalis.com\/tunisie\/2017\/05\/01\/tunisie-la-loi-sur-la-reconciliation-a-du-mal-a-passer\/#respond"]}]},{"@type":"WebPage","@id":"https:\/\/kapitalis.com\/tunisie\/2017\/05\/01\/tunisie-la-loi-sur-la-reconciliation-a-du-mal-a-passer\/","url":"https:\/\/kapitalis.com\/tunisie\/2017\/05\/01\/tunisie-la-loi-sur-la-reconciliation-a-du-mal-a-passer\/","name":"Tunisie: La loi sur la r\u00e9conciliation a du mal \u00e0 passer - Kapitalis","isPartOf":{"@id":"https:\/\/kapitalis.com\/tunisie\/#website"},"primaryImageOfPage":{"@id":"https:\/\/kapitalis.com\/tunisie\/2017\/05\/01\/tunisie-la-loi-sur-la-reconciliation-a-du-mal-a-passer\/#primaryimage"},"image":{"@id":"https:\/\/kapitalis.com\/tunisie\/2017\/05\/01\/tunisie-la-loi-sur-la-reconciliation-a-du-mal-a-passer\/#primaryimage"},"thumbnailUrl":"","datePublished":"2017-05-01T10:20:06+00:00","dateModified":"2017-05-01T10:27:19+00:00","breadcrumb":{"@id":"https:\/\/kapitalis.com\/tunisie\/2017\/05\/01\/tunisie-la-loi-sur-la-reconciliation-a-du-mal-a-passer\/#breadcrumb"},"inLanguage":"fr-FR","potentialAction":[{"@type":"ReadAction","target":["https:\/\/kapitalis.com\/tunisie\/2017\/05\/01\/tunisie-la-loi-sur-la-reconciliation-a-du-mal-a-passer\/"]}]},{"@type":"ImageObject","inLanguage":"fr-FR","@id":"https:\/\/kapitalis.com\/tunisie\/2017\/05\/01\/tunisie-la-loi-sur-la-reconciliation-a-du-mal-a-passer\/#primaryimage","url":"","contentUrl":""},{"@type":"BreadcrumbList","@id":"https:\/\/kapitalis.com\/tunisie\/2017\/05\/01\/tunisie-la-loi-sur-la-reconciliation-a-du-mal-a-passer\/#breadcrumb","itemListElement":[{"@type":"ListItem","position":1,"name":"Accueil","item":"https:\/\/kapitalis.com\/tunisie\/"},{"@type":"ListItem","position":2,"name":"Tunisie: La loi sur la r\u00e9conciliation a du mal \u00e0 passer"}]},{"@type":"WebSite","@id":"https:\/\/kapitalis.com\/tunisie\/#website","url":"https:\/\/kapitalis.com\/tunisie\/","name":"Kapitalis","description":"L&#039;actualit\u00e9 en Tunisie et dans le monde","publisher":{"@id":"https:\/\/kapitalis.com\/tunisie\/#organization"},"potentialAction":[{"@type":"SearchAction","target":{"@type":"EntryPoint","urlTemplate":"https:\/\/kapitalis.com\/tunisie\/?s={search_term_string}"},"query-input":{"@type":"PropertyValueSpecification","valueRequired":true,"valueName":"search_term_string"}}],"inLanguage":"fr-FR"},{"@type":"Organization","@id":"https:\/\/kapitalis.com\/tunisie\/#organization","name":"Kapitalis","url":"https:\/\/kapitalis.com\/tunisie\/","logo":{"@type":"ImageObject","inLanguage":"fr-FR","@id":"https:\/\/kapitalis.com\/tunisie\/#\/schema\/logo\/image\/","url":"https:\/\/kapitalis.com\/tunisie\/wp-content\/uploads\/2022\/05\/Kapitalis-big-size.png","contentUrl":"https:\/\/kapitalis.com\/tunisie\/wp-content\/uploads\/2022\/05\/Kapitalis-big-size.png","width":5000,"height":1500,"caption":"Kapitalis"},"image":{"@id":"https:\/\/kapitalis.com\/tunisie\/#\/schema\/logo\/image\/"},"sameAs":["https:\/\/www.facebook.com\/KapitalisInfo\/","https:\/\/x.com\/KapitalisInfo","https:\/\/www.youtube.com\/channel\/UC-yDYrHyfFBWWZaOw3FPg9Q"]},{"@type":"Person","@id":"https:\/\/kapitalis.com\/tunisie\/#\/schema\/person\/d71f33a9ca44f7bad4698210b480c8e9","name":"webmaster kapitalis","url":"https:\/\/kapitalis.com\/tunisie\/author\/webmaster-kapitalis\/"}]}},"_links":{"self":[{"href":"https:\/\/kapitalis.com\/tunisie\/wp-json\/wp\/v2\/posts\/93977","targetHints":{"allow":["GET"]}}],"collection":[{"href":"https:\/\/kapitalis.com\/tunisie\/wp-json\/wp\/v2\/posts"}],"about":[{"href":"https:\/\/kapitalis.com\/tunisie\/wp-json\/wp\/v2\/types\/post"}],"author":[{"embeddable":true,"href":"https:\/\/kapitalis.com\/tunisie\/wp-json\/wp\/v2\/users\/8"}],"replies":[{"embeddable":true,"href":"https:\/\/kapitalis.com\/tunisie\/wp-json\/wp\/v2\/comments?post=93977"}],"version-history":[{"count":0,"href":"https:\/\/kapitalis.com\/tunisie\/wp-json\/wp\/v2\/posts\/93977\/revisions"}],"wp:featuredmedia":[{"embeddable":true,"href":"https:\/\/kapitalis.com\/tunisie\/wp-json\/wp\/v2\/media\/93978"}],"wp:attachment":[{"href":"https:\/\/kapitalis.com\/tunisie\/wp-json\/wp\/v2\/media?parent=93977"}],"wp:term":[{"taxonomy":"category","embeddable":true,"href":"https:\/\/kapitalis.com\/tunisie\/wp-json\/wp\/v2\/categories?post=93977"},{"taxonomy":"post_tag","embeddable":true,"href":"https:\/\/kapitalis.com\/tunisie\/wp-json\/wp\/v2\/tags?post=93977"}],"curies":[{"name":"wp","href":"https:\/\/api.w.org\/{rel}","templated":true}]}}