{"id":941226,"date":"2022-05-24T13:04:55","date_gmt":"2022-05-24T11:04:55","guid":{"rendered":"https:\/\/kapitalis.com\/tunisie\/?p=941226"},"modified":"2022-05-24T13:04:57","modified_gmt":"2022-05-24T11:04:57","slug":"le-palais-ennejma-ezzahra-accueille-le-spectacle-italien-artebaletto","status":"publish","type":"post","link":"https:\/\/kapitalis.com\/tunisie\/2022\/05\/24\/le-palais-ennejma-ezzahra-accueille-le-spectacle-italien-artebaletto\/","title":{"rendered":"Le Palais Ennejma Ezzahra accueille le spectacle italien Artebaletto"},"content":{"rendered":"\n<p><em><strong>Le projet de danse et de photographie Artebaletto sera pr\u00e9sent\u00e9 le jeudi 26 mai au Palais Ennejma Ezzahra. Une cr\u00e9ation con\u00e7ue pour les espaces urbains par la Fondation italienne de danse.<\/strong><\/em><\/p>\n\n\n\n<!--more-->\n\n\n\n<p>Apr\u00e8s 18 ans d\u2019absence, la Fondation italienne de Dance retourne \u00e0 Tunis ce jeudi, sur invitation de l\u2019Institut culturel italien de Tunis. Ennejma Ezzahra accueillera la derni\u00e8re \u00e9tape de&nbsp;In\/Finito, un projet de danse et de photographie pour les espaces urbains, naturels ou historiques, n\u00e9 \u00e0 Reggio Emilia en 2018 d&rsquo;une id\u00e9e du directeur du FND Gigi Cristoforetti, avec la collaboration de Fotografia Europea et en partenariat avec la Fondazione Palazzo Magnani (Reggio Emilia).<\/p>\n\n\n\n<p>Le projet est compos\u00e9 de six jeunes chor\u00e9graphes qui ont cr\u00e9\u00e9 chacun une performance en solo d\u2019environ six minutes. Ces chor\u00e9graphies sont par la suite confi\u00e9es \u00e0 des photographes pour en faire une exposition avec un regard libre sur la ville contemporaine o\u00f9 le danseur est un d\u00e9tonateur d\u2019\u00e9motions.<\/p>\n\n\n\n<p>Apr\u00e8s Reggio Emilia, Capri, Bologne, Milan, Ath\u00e8nes et Paris, Tunis repr\u00e9sentera la conclusion artistique du projet In\/Finito. \u00c0 cette occasion,\u00a0l&rsquo;artiste d&rsquo;origine gr\u00e9co-tunisienne Marianne Catzaras\u00a0photographiera les six spectacles situ\u00e9s dans des lieux significatifs de la ville, choisis par l&rsquo;Institut Culturel Italien de Tunis.<\/p>\n\n\n\n<p class=\"has-text-align-right\"><strong>F.B<\/strong> <strong>avec communiqu\u00e9<\/strong><\/p>\n","protected":false},"excerpt":{"rendered":"<p>Le projet de danse et de photographie Artebaletto sera pr\u00e9sent\u00e9 le jeudi 26 mai au Palais Ennejma Ezzahra. Une cr\u00e9ation con\u00e7ue pour les espaces urbains par la Fondation italienne de danse.<\/p>\n","protected":false},"author":26,"featured_media":941284,"comment_status":"open","ping_status":"open","sticky":false,"template":"","format":"standard","meta":{"footnotes":""},"categories":[994,2433],"tags":[99984,96529,19649,62643],"class_list":["post-941226","post","type-post","status-publish","format-standard","has-post-thumbnail","hentry","category-culture","category-tunisie","tag-artebaletto","tag-centre-culturel-italien-de-tunis","tag-palais-ennejma-ezzahra","tag-tunisie"],"yoast_head":"<!-- This site is optimized with the Yoast SEO plugin v26.6 - https:\/\/yoast.com\/wordpress\/plugins\/seo\/ -->\n<title>Le Palais Ennejma Ezzahra accueille le spectacle italien Artebaletto - Kapitalis<\/title>\n<meta name=\"robots\" content=\"index, follow, max-snippet:-1, max-image-preview:large, max-video-preview:-1\" \/>\n<link rel=\"canonical\" href=\"https:\/\/kapitalis.com\/tunisie\/2022\/05\/24\/le-palais-ennejma-ezzahra-accueille-le-spectacle-italien-artebaletto\/\" \/>\n<meta property=\"og:locale\" content=\"fr_FR\" \/>\n<meta property=\"og:type\" content=\"article\" \/>\n<meta property=\"og:title\" content=\"Le Palais Ennejma Ezzahra accueille le spectacle italien Artebaletto - Kapitalis\" \/>\n<meta property=\"og:description\" content=\"Le projet de danse et de photographie Artebaletto sera pr\u00e9sent\u00e9 le jeudi 26 mai au Palais Ennejma Ezzahra. Une cr\u00e9ation con\u00e7ue pour les espaces urbains par la Fondation italienne de danse.\" \/>\n<meta property=\"og:url\" content=\"https:\/\/kapitalis.com\/tunisie\/2022\/05\/24\/le-palais-ennejma-ezzahra-accueille-le-spectacle-italien-artebaletto\/\" \/>\n<meta property=\"og:site_name\" content=\"Kapitalis\" \/>\n<meta property=\"article:publisher\" content=\"https:\/\/www.facebook.com\/KapitalisInfo\/\" \/>\n<meta property=\"article:published_time\" content=\"2022-05-24T11:04:55+00:00\" \/>\n<meta property=\"article:modified_time\" content=\"2022-05-24T11:04:57+00:00\" \/>\n<meta property=\"og:image\" content=\"https:\/\/kapitalis.com\/tunisie\/wp-content\/uploads\/2022\/05\/Artebaletto-Ennejma-Ezzahra.jpg\" \/>\n\t<meta property=\"og:image:width\" content=\"1200\" \/>\n\t<meta property=\"og:image:height\" content=\"630\" \/>\n\t<meta property=\"og:image:type\" content=\"image\/jpeg\" \/>\n<meta name=\"author\" content=\"Fawz BenAli\" \/>\n<meta name=\"twitter:card\" content=\"summary_large_image\" \/>\n<meta name=\"twitter:creator\" content=\"@KapitalisInfo\" \/>\n<meta name=\"twitter:site\" content=\"@KapitalisInfo\" \/>\n<meta name=\"twitter:label1\" content=\"\u00c9crit par\" \/>\n\t<meta name=\"twitter:data1\" content=\"Fawz BenAli\" \/>\n\t<meta name=\"twitter:label2\" content=\"Dur\u00e9e de lecture estim\u00e9e\" \/>\n\t<meta name=\"twitter:data2\" content=\"2 minutes\" \/>\n<script type=\"application\/ld+json\" class=\"yoast-schema-graph\">{\"@context\":\"https:\/\/schema.org\",\"@graph\":[{\"@type\":\"Article\",\"@id\":\"https:\/\/kapitalis.com\/tunisie\/2022\/05\/24\/le-palais-ennejma-ezzahra-accueille-le-spectacle-italien-artebaletto\/#article\",\"isPartOf\":{\"@id\":\"https:\/\/kapitalis.com\/tunisie\/2022\/05\/24\/le-palais-ennejma-ezzahra-accueille-le-spectacle-italien-artebaletto\/\"},\"author\":{\"name\":\"Fawz BenAli\",\"@id\":\"https:\/\/kapitalis.com\/tunisie\/#\/schema\/person\/73a5ecc1f6ae540c6ed91342eadca948\"},\"headline\":\"Le Palais Ennejma Ezzahra accueille le spectacle italien Artebaletto\",\"datePublished\":\"2022-05-24T11:04:55+00:00\",\"dateModified\":\"2022-05-24T11:04:57+00:00\",\"mainEntityOfPage\":{\"@id\":\"https:\/\/kapitalis.com\/tunisie\/2022\/05\/24\/le-palais-ennejma-ezzahra-accueille-le-spectacle-italien-artebaletto\/\"},\"wordCount\":226,\"commentCount\":0,\"publisher\":{\"@id\":\"https:\/\/kapitalis.com\/tunisie\/#organization\"},\"image\":{\"@id\":\"https:\/\/kapitalis.com\/tunisie\/2022\/05\/24\/le-palais-ennejma-ezzahra-accueille-le-spectacle-italien-artebaletto\/#primaryimage\"},\"thumbnailUrl\":\"https:\/\/kapitalis.com\/tunisie\/wp-content\/uploads\/2022\/05\/Artebaletto-Ennejma-Ezzahra.jpg\",\"keywords\":[\"Artebaletto\",\"Centre culturel italien de Tunis\",\"palais Ennejma Ezzahra\",\"Tunisie\"],\"articleSection\":[\"CULTURE\",\"Tunisie\"],\"inLanguage\":\"fr-FR\",\"potentialAction\":[{\"@type\":\"CommentAction\",\"name\":\"Comment\",\"target\":[\"https:\/\/kapitalis.com\/tunisie\/2022\/05\/24\/le-palais-ennejma-ezzahra-accueille-le-spectacle-italien-artebaletto\/#respond\"]}]},{\"@type\":\"WebPage\",\"@id\":\"https:\/\/kapitalis.com\/tunisie\/2022\/05\/24\/le-palais-ennejma-ezzahra-accueille-le-spectacle-italien-artebaletto\/\",\"url\":\"https:\/\/kapitalis.com\/tunisie\/2022\/05\/24\/le-palais-ennejma-ezzahra-accueille-le-spectacle-italien-artebaletto\/\",\"name\":\"Le Palais Ennejma Ezzahra accueille le spectacle italien Artebaletto - Kapitalis\",\"isPartOf\":{\"@id\":\"https:\/\/kapitalis.com\/tunisie\/#website\"},\"primaryImageOfPage\":{\"@id\":\"https:\/\/kapitalis.com\/tunisie\/2022\/05\/24\/le-palais-ennejma-ezzahra-accueille-le-spectacle-italien-artebaletto\/#primaryimage\"},\"image\":{\"@id\":\"https:\/\/kapitalis.com\/tunisie\/2022\/05\/24\/le-palais-ennejma-ezzahra-accueille-le-spectacle-italien-artebaletto\/#primaryimage\"},\"thumbnailUrl\":\"https:\/\/kapitalis.com\/tunisie\/wp-content\/uploads\/2022\/05\/Artebaletto-Ennejma-Ezzahra.jpg\",\"datePublished\":\"2022-05-24T11:04:55+00:00\",\"dateModified\":\"2022-05-24T11:04:57+00:00\",\"breadcrumb\":{\"@id\":\"https:\/\/kapitalis.com\/tunisie\/2022\/05\/24\/le-palais-ennejma-ezzahra-accueille-le-spectacle-italien-artebaletto\/#breadcrumb\"},\"inLanguage\":\"fr-FR\",\"potentialAction\":[{\"@type\":\"ReadAction\",\"target\":[\"https:\/\/kapitalis.com\/tunisie\/2022\/05\/24\/le-palais-ennejma-ezzahra-accueille-le-spectacle-italien-artebaletto\/\"]}]},{\"@type\":\"ImageObject\",\"inLanguage\":\"fr-FR\",\"@id\":\"https:\/\/kapitalis.com\/tunisie\/2022\/05\/24\/le-palais-ennejma-ezzahra-accueille-le-spectacle-italien-artebaletto\/#primaryimage\",\"url\":\"https:\/\/kapitalis.com\/tunisie\/wp-content\/uploads\/2022\/05\/Artebaletto-Ennejma-Ezzahra.jpg\",\"contentUrl\":\"https:\/\/kapitalis.com\/tunisie\/wp-content\/uploads\/2022\/05\/Artebaletto-Ennejma-Ezzahra.jpg\",\"width\":1200,\"height\":630},{\"@type\":\"BreadcrumbList\",\"@id\":\"https:\/\/kapitalis.com\/tunisie\/2022\/05\/24\/le-palais-ennejma-ezzahra-accueille-le-spectacle-italien-artebaletto\/#breadcrumb\",\"itemListElement\":[{\"@type\":\"ListItem\",\"position\":1,\"name\":\"Accueil\",\"item\":\"https:\/\/kapitalis.com\/tunisie\/\"},{\"@type\":\"ListItem\",\"position\":2,\"name\":\"Le Palais Ennejma Ezzahra accueille le spectacle italien Artebaletto\"}]},{\"@type\":\"WebSite\",\"@id\":\"https:\/\/kapitalis.com\/tunisie\/#website\",\"url\":\"https:\/\/kapitalis.com\/tunisie\/\",\"name\":\"Kapitalis\",\"description\":\"L&#039;actualit\u00e9 en Tunisie et dans le monde\",\"publisher\":{\"@id\":\"https:\/\/kapitalis.com\/tunisie\/#organization\"},\"potentialAction\":[{\"@type\":\"SearchAction\",\"target\":{\"@type\":\"EntryPoint\",\"urlTemplate\":\"https:\/\/kapitalis.com\/tunisie\/?s={search_term_string}\"},\"query-input\":{\"@type\":\"PropertyValueSpecification\",\"valueRequired\":true,\"valueName\":\"search_term_string\"}}],\"inLanguage\":\"fr-FR\"},{\"@type\":\"Organization\",\"@id\":\"https:\/\/kapitalis.com\/tunisie\/#organization\",\"name\":\"Kapitalis\",\"url\":\"https:\/\/kapitalis.com\/tunisie\/\",\"logo\":{\"@type\":\"ImageObject\",\"inLanguage\":\"fr-FR\",\"@id\":\"https:\/\/kapitalis.com\/tunisie\/#\/schema\/logo\/image\/\",\"url\":\"https:\/\/kapitalis.com\/tunisie\/wp-content\/uploads\/2022\/05\/Kapitalis-big-size.png\",\"contentUrl\":\"https:\/\/kapitalis.com\/tunisie\/wp-content\/uploads\/2022\/05\/Kapitalis-big-size.png\",\"width\":5000,\"height\":1500,\"caption\":\"Kapitalis\"},\"image\":{\"@id\":\"https:\/\/kapitalis.com\/tunisie\/#\/schema\/logo\/image\/\"},\"sameAs\":[\"https:\/\/www.facebook.com\/KapitalisInfo\/\",\"https:\/\/x.com\/KapitalisInfo\",\"https:\/\/www.youtube.com\/channel\/UC-yDYrHyfFBWWZaOw3FPg9Q\"]},{\"@type\":\"Person\",\"@id\":\"https:\/\/kapitalis.com\/tunisie\/#\/schema\/person\/73a5ecc1f6ae540c6ed91342eadca948\",\"name\":\"Fawz BenAli\",\"url\":\"https:\/\/kapitalis.com\/tunisie\/author\/fawz\/\"}]}<\/script>\n<!-- \/ Yoast SEO plugin. -->","yoast_head_json":{"title":"Le Palais Ennejma Ezzahra accueille le spectacle italien Artebaletto - Kapitalis","robots":{"index":"index","follow":"follow","max-snippet":"max-snippet:-1","max-image-preview":"max-image-preview:large","max-video-preview":"max-video-preview:-1"},"canonical":"https:\/\/kapitalis.com\/tunisie\/2022\/05\/24\/le-palais-ennejma-ezzahra-accueille-le-spectacle-italien-artebaletto\/","og_locale":"fr_FR","og_type":"article","og_title":"Le Palais Ennejma Ezzahra accueille le spectacle italien Artebaletto - Kapitalis","og_description":"Le projet de danse et de photographie Artebaletto sera pr\u00e9sent\u00e9 le jeudi 26 mai au Palais Ennejma Ezzahra. Une cr\u00e9ation con\u00e7ue pour les espaces urbains par la Fondation italienne de danse.","og_url":"https:\/\/kapitalis.com\/tunisie\/2022\/05\/24\/le-palais-ennejma-ezzahra-accueille-le-spectacle-italien-artebaletto\/","og_site_name":"Kapitalis","article_publisher":"https:\/\/www.facebook.com\/KapitalisInfo\/","article_published_time":"2022-05-24T11:04:55+00:00","article_modified_time":"2022-05-24T11:04:57+00:00","og_image":[{"width":1200,"height":630,"url":"https:\/\/kapitalis.com\/tunisie\/wp-content\/uploads\/2022\/05\/Artebaletto-Ennejma-Ezzahra.jpg","type":"image\/jpeg"}],"author":"Fawz BenAli","twitter_card":"summary_large_image","twitter_creator":"@KapitalisInfo","twitter_site":"@KapitalisInfo","twitter_misc":{"\u00c9crit par":"Fawz BenAli","Dur\u00e9e de lecture estim\u00e9e":"2 minutes"},"schema":{"@context":"https:\/\/schema.org","@graph":[{"@type":"Article","@id":"https:\/\/kapitalis.com\/tunisie\/2022\/05\/24\/le-palais-ennejma-ezzahra-accueille-le-spectacle-italien-artebaletto\/#article","isPartOf":{"@id":"https:\/\/kapitalis.com\/tunisie\/2022\/05\/24\/le-palais-ennejma-ezzahra-accueille-le-spectacle-italien-artebaletto\/"},"author":{"name":"Fawz BenAli","@id":"https:\/\/kapitalis.com\/tunisie\/#\/schema\/person\/73a5ecc1f6ae540c6ed91342eadca948"},"headline":"Le Palais Ennejma Ezzahra accueille le spectacle italien Artebaletto","datePublished":"2022-05-24T11:04:55+00:00","dateModified":"2022-05-24T11:04:57+00:00","mainEntityOfPage":{"@id":"https:\/\/kapitalis.com\/tunisie\/2022\/05\/24\/le-palais-ennejma-ezzahra-accueille-le-spectacle-italien-artebaletto\/"},"wordCount":226,"commentCount":0,"publisher":{"@id":"https:\/\/kapitalis.com\/tunisie\/#organization"},"image":{"@id":"https:\/\/kapitalis.com\/tunisie\/2022\/05\/24\/le-palais-ennejma-ezzahra-accueille-le-spectacle-italien-artebaletto\/#primaryimage"},"thumbnailUrl":"https:\/\/kapitalis.com\/tunisie\/wp-content\/uploads\/2022\/05\/Artebaletto-Ennejma-Ezzahra.jpg","keywords":["Artebaletto","Centre culturel italien de Tunis","palais Ennejma Ezzahra","Tunisie"],"articleSection":["CULTURE","Tunisie"],"inLanguage":"fr-FR","potentialAction":[{"@type":"CommentAction","name":"Comment","target":["https:\/\/kapitalis.com\/tunisie\/2022\/05\/24\/le-palais-ennejma-ezzahra-accueille-le-spectacle-italien-artebaletto\/#respond"]}]},{"@type":"WebPage","@id":"https:\/\/kapitalis.com\/tunisie\/2022\/05\/24\/le-palais-ennejma-ezzahra-accueille-le-spectacle-italien-artebaletto\/","url":"https:\/\/kapitalis.com\/tunisie\/2022\/05\/24\/le-palais-ennejma-ezzahra-accueille-le-spectacle-italien-artebaletto\/","name":"Le Palais Ennejma Ezzahra accueille le spectacle italien Artebaletto - Kapitalis","isPartOf":{"@id":"https:\/\/kapitalis.com\/tunisie\/#website"},"primaryImageOfPage":{"@id":"https:\/\/kapitalis.com\/tunisie\/2022\/05\/24\/le-palais-ennejma-ezzahra-accueille-le-spectacle-italien-artebaletto\/#primaryimage"},"image":{"@id":"https:\/\/kapitalis.com\/tunisie\/2022\/05\/24\/le-palais-ennejma-ezzahra-accueille-le-spectacle-italien-artebaletto\/#primaryimage"},"thumbnailUrl":"https:\/\/kapitalis.com\/tunisie\/wp-content\/uploads\/2022\/05\/Artebaletto-Ennejma-Ezzahra.jpg","datePublished":"2022-05-24T11:04:55+00:00","dateModified":"2022-05-24T11:04:57+00:00","breadcrumb":{"@id":"https:\/\/kapitalis.com\/tunisie\/2022\/05\/24\/le-palais-ennejma-ezzahra-accueille-le-spectacle-italien-artebaletto\/#breadcrumb"},"inLanguage":"fr-FR","potentialAction":[{"@type":"ReadAction","target":["https:\/\/kapitalis.com\/tunisie\/2022\/05\/24\/le-palais-ennejma-ezzahra-accueille-le-spectacle-italien-artebaletto\/"]}]},{"@type":"ImageObject","inLanguage":"fr-FR","@id":"https:\/\/kapitalis.com\/tunisie\/2022\/05\/24\/le-palais-ennejma-ezzahra-accueille-le-spectacle-italien-artebaletto\/#primaryimage","url":"https:\/\/kapitalis.com\/tunisie\/wp-content\/uploads\/2022\/05\/Artebaletto-Ennejma-Ezzahra.jpg","contentUrl":"https:\/\/kapitalis.com\/tunisie\/wp-content\/uploads\/2022\/05\/Artebaletto-Ennejma-Ezzahra.jpg","width":1200,"height":630},{"@type":"BreadcrumbList","@id":"https:\/\/kapitalis.com\/tunisie\/2022\/05\/24\/le-palais-ennejma-ezzahra-accueille-le-spectacle-italien-artebaletto\/#breadcrumb","itemListElement":[{"@type":"ListItem","position":1,"name":"Accueil","item":"https:\/\/kapitalis.com\/tunisie\/"},{"@type":"ListItem","position":2,"name":"Le Palais Ennejma Ezzahra accueille le spectacle italien Artebaletto"}]},{"@type":"WebSite","@id":"https:\/\/kapitalis.com\/tunisie\/#website","url":"https:\/\/kapitalis.com\/tunisie\/","name":"Kapitalis","description":"L&#039;actualit\u00e9 en Tunisie et dans le monde","publisher":{"@id":"https:\/\/kapitalis.com\/tunisie\/#organization"},"potentialAction":[{"@type":"SearchAction","target":{"@type":"EntryPoint","urlTemplate":"https:\/\/kapitalis.com\/tunisie\/?s={search_term_string}"},"query-input":{"@type":"PropertyValueSpecification","valueRequired":true,"valueName":"search_term_string"}}],"inLanguage":"fr-FR"},{"@type":"Organization","@id":"https:\/\/kapitalis.com\/tunisie\/#organization","name":"Kapitalis","url":"https:\/\/kapitalis.com\/tunisie\/","logo":{"@type":"ImageObject","inLanguage":"fr-FR","@id":"https:\/\/kapitalis.com\/tunisie\/#\/schema\/logo\/image\/","url":"https:\/\/kapitalis.com\/tunisie\/wp-content\/uploads\/2022\/05\/Kapitalis-big-size.png","contentUrl":"https:\/\/kapitalis.com\/tunisie\/wp-content\/uploads\/2022\/05\/Kapitalis-big-size.png","width":5000,"height":1500,"caption":"Kapitalis"},"image":{"@id":"https:\/\/kapitalis.com\/tunisie\/#\/schema\/logo\/image\/"},"sameAs":["https:\/\/www.facebook.com\/KapitalisInfo\/","https:\/\/x.com\/KapitalisInfo","https:\/\/www.youtube.com\/channel\/UC-yDYrHyfFBWWZaOw3FPg9Q"]},{"@type":"Person","@id":"https:\/\/kapitalis.com\/tunisie\/#\/schema\/person\/73a5ecc1f6ae540c6ed91342eadca948","name":"Fawz BenAli","url":"https:\/\/kapitalis.com\/tunisie\/author\/fawz\/"}]}},"_links":{"self":[{"href":"https:\/\/kapitalis.com\/tunisie\/wp-json\/wp\/v2\/posts\/941226","targetHints":{"allow":["GET"]}}],"collection":[{"href":"https:\/\/kapitalis.com\/tunisie\/wp-json\/wp\/v2\/posts"}],"about":[{"href":"https:\/\/kapitalis.com\/tunisie\/wp-json\/wp\/v2\/types\/post"}],"author":[{"embeddable":true,"href":"https:\/\/kapitalis.com\/tunisie\/wp-json\/wp\/v2\/users\/26"}],"replies":[{"embeddable":true,"href":"https:\/\/kapitalis.com\/tunisie\/wp-json\/wp\/v2\/comments?post=941226"}],"version-history":[{"count":0,"href":"https:\/\/kapitalis.com\/tunisie\/wp-json\/wp\/v2\/posts\/941226\/revisions"}],"wp:featuredmedia":[{"embeddable":true,"href":"https:\/\/kapitalis.com\/tunisie\/wp-json\/wp\/v2\/media\/941284"}],"wp:attachment":[{"href":"https:\/\/kapitalis.com\/tunisie\/wp-json\/wp\/v2\/media?parent=941226"}],"wp:term":[{"taxonomy":"category","embeddable":true,"href":"https:\/\/kapitalis.com\/tunisie\/wp-json\/wp\/v2\/categories?post=941226"},{"taxonomy":"post_tag","embeddable":true,"href":"https:\/\/kapitalis.com\/tunisie\/wp-json\/wp\/v2\/tags?post=941226"}],"curies":[{"name":"wp","href":"https:\/\/api.w.org\/{rel}","templated":true}]}}