{"id":9416581,"date":"2023-08-17T18:45:06","date_gmt":"2023-08-17T17:45:06","guid":{"rendered":"https:\/\/kapitalis.com\/tunisie\/?p=9416581"},"modified":"2023-08-17T18:48:42","modified_gmt":"2023-08-17T17:48:42","slug":"coupures-deau-potable-a-rades-precisions-de-la-sonede","status":"publish","type":"post","link":"https:\/\/kapitalis.com\/tunisie\/2023\/08\/17\/coupures-deau-potable-a-rades-precisions-de-la-sonede\/","title":{"rendered":"Coupures d&rsquo;eau potable \u00e0 Rad\u00e8s : Pr\u00e9cisions de la Sonede"},"content":{"rendered":"\n<p><strong><em>La Soci\u00e9t\u00e9 nationale d\u2019exploitation et de distribution des eaux (Sonede) a apport\u00e9 des explications sur les coupures d\u2019eau, enregistr\u00e9es depuis ce midi dans plusieurs zones de Rad\u00e8s (banlieue sud de Tunis).<\/em><\/strong><\/p>\n\n\n\n<!--more-->\n\n\n\n<p>Ces coupures concernent la Cit\u00e9 Mohamed Ali, la Cit\u00e9 Ta\u00efeb Mhiri, Rad\u00e8s Meliane, Rad\u00e8s Noubou et la zone p\u00e9troli\u00e8re au gouvernorat de Ben Arous, pr\u00e9cise la Sonede, en affirmant que ces perturbations ont \u00e9t\u00e9 caus\u00e9es par une panne soudaine survenue \u00e0 l\u2019aube au niveau du canal principal d\u2019adduction de l\u2019eau (diam\u00e8tre 600 mm).<\/p>\n\n\n\n<p>Les \u00e9quipes de la Sonede interviennent depuis pour r\u00e9tablir la situation, sachant que l\u2019approvisionnement en eau potable reprendra progressivement demain vendredi 18 ao\u00fbt 2023, \u00e0 partir de 10h.<\/p>\n\n\n\n<p class=\"has-text-align-right\"><strong>Y. N.<\/strong><\/p>\n","protected":false},"excerpt":{"rendered":"<p>Coupures d&rsquo;eau potable \u00e0 Rad\u00e8s : Pr\u00e9cisions de la Sonede<\/p>\n","protected":false},"author":6,"featured_media":878139,"comment_status":"open","ping_status":"open","sticky":false,"template":"","format":"standard","meta":{"footnotes":""},"categories":[998,2433],"tags":[2107,141,97788,6923,1872,849,64491,62643],"class_list":["post-9416581","post","type-post","status-publish","format-standard","has-post-thumbnail","hentry","category-societe","category-tunisie","tag-banlieue-sud","tag-ben-arous","tag-coupures-eau","tag-panne","tag-rades","tag-sonede","tag-tunis","tag-tunisie"],"yoast_head":"<!-- This site is optimized with the Yoast SEO plugin v26.6 - https:\/\/yoast.com\/wordpress\/plugins\/seo\/ -->\n<title>Coupures d&#039;eau potable \u00e0 Rad\u00e8s : Pr\u00e9cisions de la Sonede - Kapitalis<\/title>\n<meta name=\"description\" content=\"La Soci\u00e9t\u00e9 nationale d\u2019exploitation et de distribution des eaux (Sonede) a apport\u00e9 des explications sur les coupures d\u2019eau, enregistr\u00e9s depuis ce midi dans plusieurs zones de Rad\u00e8s (banlieue sud de Tunis).\" \/>\n<meta name=\"robots\" content=\"index, follow, max-snippet:-1, max-image-preview:large, max-video-preview:-1\" \/>\n<link rel=\"canonical\" href=\"https:\/\/kapitalis.com\/tunisie\/2023\/08\/17\/coupures-deau-potable-a-rades-precisions-de-la-sonede\/\" \/>\n<meta property=\"og:locale\" content=\"fr_FR\" \/>\n<meta property=\"og:type\" content=\"article\" \/>\n<meta property=\"og:title\" content=\"Coupures d&#039;eau potable \u00e0 Rad\u00e8s : Pr\u00e9cisions de la Sonede - Kapitalis\" \/>\n<meta property=\"og:description\" content=\"La Soci\u00e9t\u00e9 nationale d\u2019exploitation et de distribution des eaux (Sonede) a apport\u00e9 des explications sur les coupures d\u2019eau, enregistr\u00e9s depuis ce midi dans plusieurs zones de Rad\u00e8s (banlieue sud de Tunis).\" \/>\n<meta property=\"og:url\" content=\"https:\/\/kapitalis.com\/tunisie\/2023\/08\/17\/coupures-deau-potable-a-rades-precisions-de-la-sonede\/\" \/>\n<meta property=\"og:site_name\" content=\"Kapitalis\" \/>\n<meta property=\"article:publisher\" content=\"https:\/\/www.facebook.com\/KapitalisInfo\/\" \/>\n<meta property=\"article:published_time\" content=\"2023-08-17T17:45:06+00:00\" \/>\n<meta property=\"article:modified_time\" content=\"2023-08-17T17:48:42+00:00\" \/>\n<meta property=\"og:image\" content=\"https:\/\/kapitalis.com\/tunisie\/wp-content\/uploads\/2022\/05\/sonede-coupure.jpg\" \/>\n\t<meta property=\"og:image:width\" content=\"1200\" \/>\n\t<meta property=\"og:image:height\" content=\"630\" \/>\n\t<meta property=\"og:image:type\" content=\"image\/jpeg\" \/>\n<meta name=\"author\" content=\"Yusra NY\" \/>\n<meta name=\"twitter:card\" content=\"summary_large_image\" \/>\n<meta name=\"twitter:creator\" content=\"@KapitalisInfo\" \/>\n<meta name=\"twitter:site\" content=\"@KapitalisInfo\" \/>\n<meta name=\"twitter:label1\" content=\"\u00c9crit par\" \/>\n\t<meta name=\"twitter:data1\" content=\"Yusra NY\" \/>\n\t<meta name=\"twitter:label2\" content=\"Dur\u00e9e de lecture estim\u00e9e\" \/>\n\t<meta name=\"twitter:data2\" content=\"1 minute\" \/>\n<script type=\"application\/ld+json\" class=\"yoast-schema-graph\">{\"@context\":\"https:\/\/schema.org\",\"@graph\":[{\"@type\":\"Article\",\"@id\":\"https:\/\/kapitalis.com\/tunisie\/2023\/08\/17\/coupures-deau-potable-a-rades-precisions-de-la-sonede\/#article\",\"isPartOf\":{\"@id\":\"https:\/\/kapitalis.com\/tunisie\/2023\/08\/17\/coupures-deau-potable-a-rades-precisions-de-la-sonede\/\"},\"author\":{\"name\":\"Yusra NY\",\"@id\":\"https:\/\/kapitalis.com\/tunisie\/#\/schema\/person\/74bbde0154d49d790a92aaeac5bc01d5\"},\"headline\":\"Coupures d&rsquo;eau potable \u00e0 Rad\u00e8s : Pr\u00e9cisions de la Sonede\",\"datePublished\":\"2023-08-17T17:45:06+00:00\",\"dateModified\":\"2023-08-17T17:48:42+00:00\",\"mainEntityOfPage\":{\"@id\":\"https:\/\/kapitalis.com\/tunisie\/2023\/08\/17\/coupures-deau-potable-a-rades-precisions-de-la-sonede\/\"},\"wordCount\":138,\"commentCount\":1,\"publisher\":{\"@id\":\"https:\/\/kapitalis.com\/tunisie\/#organization\"},\"image\":{\"@id\":\"https:\/\/kapitalis.com\/tunisie\/2023\/08\/17\/coupures-deau-potable-a-rades-precisions-de-la-sonede\/#primaryimage\"},\"thumbnailUrl\":\"https:\/\/kapitalis.com\/tunisie\/wp-content\/uploads\/2022\/05\/sonede-coupure.jpg\",\"keywords\":[\"banlieue sud\",\"Ben Arous\",\"coupures eau\",\"panne\",\"Rad\u00e8s\",\"Sonede\",\"Tunis\",\"Tunisie\"],\"articleSection\":[\"SOCIETE\",\"Tunisie\"],\"inLanguage\":\"fr-FR\",\"potentialAction\":[{\"@type\":\"CommentAction\",\"name\":\"Comment\",\"target\":[\"https:\/\/kapitalis.com\/tunisie\/2023\/08\/17\/coupures-deau-potable-a-rades-precisions-de-la-sonede\/#respond\"]}]},{\"@type\":\"WebPage\",\"@id\":\"https:\/\/kapitalis.com\/tunisie\/2023\/08\/17\/coupures-deau-potable-a-rades-precisions-de-la-sonede\/\",\"url\":\"https:\/\/kapitalis.com\/tunisie\/2023\/08\/17\/coupures-deau-potable-a-rades-precisions-de-la-sonede\/\",\"name\":\"Coupures d'eau potable \u00e0 Rad\u00e8s : Pr\u00e9cisions de la Sonede - Kapitalis\",\"isPartOf\":{\"@id\":\"https:\/\/kapitalis.com\/tunisie\/#website\"},\"primaryImageOfPage\":{\"@id\":\"https:\/\/kapitalis.com\/tunisie\/2023\/08\/17\/coupures-deau-potable-a-rades-precisions-de-la-sonede\/#primaryimage\"},\"image\":{\"@id\":\"https:\/\/kapitalis.com\/tunisie\/2023\/08\/17\/coupures-deau-potable-a-rades-precisions-de-la-sonede\/#primaryimage\"},\"thumbnailUrl\":\"https:\/\/kapitalis.com\/tunisie\/wp-content\/uploads\/2022\/05\/sonede-coupure.jpg\",\"datePublished\":\"2023-08-17T17:45:06+00:00\",\"dateModified\":\"2023-08-17T17:48:42+00:00\",\"description\":\"La Soci\u00e9t\u00e9 nationale d\u2019exploitation et de distribution des eaux (Sonede) a apport\u00e9 des explications sur les coupures d\u2019eau, enregistr\u00e9s depuis ce midi dans plusieurs zones de Rad\u00e8s (banlieue sud de Tunis).\",\"breadcrumb\":{\"@id\":\"https:\/\/kapitalis.com\/tunisie\/2023\/08\/17\/coupures-deau-potable-a-rades-precisions-de-la-sonede\/#breadcrumb\"},\"inLanguage\":\"fr-FR\",\"potentialAction\":[{\"@type\":\"ReadAction\",\"target\":[\"https:\/\/kapitalis.com\/tunisie\/2023\/08\/17\/coupures-deau-potable-a-rades-precisions-de-la-sonede\/\"]}]},{\"@type\":\"ImageObject\",\"inLanguage\":\"fr-FR\",\"@id\":\"https:\/\/kapitalis.com\/tunisie\/2023\/08\/17\/coupures-deau-potable-a-rades-precisions-de-la-sonede\/#primaryimage\",\"url\":\"https:\/\/kapitalis.com\/tunisie\/wp-content\/uploads\/2022\/05\/sonede-coupure.jpg\",\"contentUrl\":\"https:\/\/kapitalis.com\/tunisie\/wp-content\/uploads\/2022\/05\/sonede-coupure.jpg\",\"width\":1200,\"height\":630},{\"@type\":\"BreadcrumbList\",\"@id\":\"https:\/\/kapitalis.com\/tunisie\/2023\/08\/17\/coupures-deau-potable-a-rades-precisions-de-la-sonede\/#breadcrumb\",\"itemListElement\":[{\"@type\":\"ListItem\",\"position\":1,\"name\":\"Accueil\",\"item\":\"https:\/\/kapitalis.com\/tunisie\/\"},{\"@type\":\"ListItem\",\"position\":2,\"name\":\"Coupures d&rsquo;eau potable \u00e0 Rad\u00e8s : Pr\u00e9cisions de la Sonede\"}]},{\"@type\":\"WebSite\",\"@id\":\"https:\/\/kapitalis.com\/tunisie\/#website\",\"url\":\"https:\/\/kapitalis.com\/tunisie\/\",\"name\":\"Kapitalis\",\"description\":\"L&#039;actualit\u00e9 en Tunisie et dans le monde\",\"publisher\":{\"@id\":\"https:\/\/kapitalis.com\/tunisie\/#organization\"},\"potentialAction\":[{\"@type\":\"SearchAction\",\"target\":{\"@type\":\"EntryPoint\",\"urlTemplate\":\"https:\/\/kapitalis.com\/tunisie\/?s={search_term_string}\"},\"query-input\":{\"@type\":\"PropertyValueSpecification\",\"valueRequired\":true,\"valueName\":\"search_term_string\"}}],\"inLanguage\":\"fr-FR\"},{\"@type\":\"Organization\",\"@id\":\"https:\/\/kapitalis.com\/tunisie\/#organization\",\"name\":\"Kapitalis\",\"url\":\"https:\/\/kapitalis.com\/tunisie\/\",\"logo\":{\"@type\":\"ImageObject\",\"inLanguage\":\"fr-FR\",\"@id\":\"https:\/\/kapitalis.com\/tunisie\/#\/schema\/logo\/image\/\",\"url\":\"https:\/\/kapitalis.com\/tunisie\/wp-content\/uploads\/2022\/05\/Kapitalis-big-size.png\",\"contentUrl\":\"https:\/\/kapitalis.com\/tunisie\/wp-content\/uploads\/2022\/05\/Kapitalis-big-size.png\",\"width\":5000,\"height\":1500,\"caption\":\"Kapitalis\"},\"image\":{\"@id\":\"https:\/\/kapitalis.com\/tunisie\/#\/schema\/logo\/image\/\"},\"sameAs\":[\"https:\/\/www.facebook.com\/KapitalisInfo\/\",\"https:\/\/x.com\/KapitalisInfo\",\"https:\/\/www.youtube.com\/channel\/UC-yDYrHyfFBWWZaOw3FPg9Q\"]},{\"@type\":\"Person\",\"@id\":\"https:\/\/kapitalis.com\/tunisie\/#\/schema\/person\/74bbde0154d49d790a92aaeac5bc01d5\",\"name\":\"Yusra NY\",\"url\":\"https:\/\/kapitalis.com\/tunisie\/author\/yuza_adam\/\"}]}<\/script>\n<!-- \/ Yoast SEO plugin. -->","yoast_head_json":{"title":"Coupures d'eau potable \u00e0 Rad\u00e8s : Pr\u00e9cisions de la Sonede - Kapitalis","description":"La Soci\u00e9t\u00e9 nationale d\u2019exploitation et de distribution des eaux (Sonede) a apport\u00e9 des explications sur les coupures d\u2019eau, enregistr\u00e9s depuis ce midi dans plusieurs zones de Rad\u00e8s (banlieue sud de Tunis).","robots":{"index":"index","follow":"follow","max-snippet":"max-snippet:-1","max-image-preview":"max-image-preview:large","max-video-preview":"max-video-preview:-1"},"canonical":"https:\/\/kapitalis.com\/tunisie\/2023\/08\/17\/coupures-deau-potable-a-rades-precisions-de-la-sonede\/","og_locale":"fr_FR","og_type":"article","og_title":"Coupures d'eau potable \u00e0 Rad\u00e8s : Pr\u00e9cisions de la Sonede - Kapitalis","og_description":"La Soci\u00e9t\u00e9 nationale d\u2019exploitation et de distribution des eaux (Sonede) a apport\u00e9 des explications sur les coupures d\u2019eau, enregistr\u00e9s depuis ce midi dans plusieurs zones de Rad\u00e8s (banlieue sud de Tunis).","og_url":"https:\/\/kapitalis.com\/tunisie\/2023\/08\/17\/coupures-deau-potable-a-rades-precisions-de-la-sonede\/","og_site_name":"Kapitalis","article_publisher":"https:\/\/www.facebook.com\/KapitalisInfo\/","article_published_time":"2023-08-17T17:45:06+00:00","article_modified_time":"2023-08-17T17:48:42+00:00","og_image":[{"width":1200,"height":630,"url":"https:\/\/kapitalis.com\/tunisie\/wp-content\/uploads\/2022\/05\/sonede-coupure.jpg","type":"image\/jpeg"}],"author":"Yusra NY","twitter_card":"summary_large_image","twitter_creator":"@KapitalisInfo","twitter_site":"@KapitalisInfo","twitter_misc":{"\u00c9crit par":"Yusra NY","Dur\u00e9e de lecture estim\u00e9e":"1 minute"},"schema":{"@context":"https:\/\/schema.org","@graph":[{"@type":"Article","@id":"https:\/\/kapitalis.com\/tunisie\/2023\/08\/17\/coupures-deau-potable-a-rades-precisions-de-la-sonede\/#article","isPartOf":{"@id":"https:\/\/kapitalis.com\/tunisie\/2023\/08\/17\/coupures-deau-potable-a-rades-precisions-de-la-sonede\/"},"author":{"name":"Yusra NY","@id":"https:\/\/kapitalis.com\/tunisie\/#\/schema\/person\/74bbde0154d49d790a92aaeac5bc01d5"},"headline":"Coupures d&rsquo;eau potable \u00e0 Rad\u00e8s : Pr\u00e9cisions de la Sonede","datePublished":"2023-08-17T17:45:06+00:00","dateModified":"2023-08-17T17:48:42+00:00","mainEntityOfPage":{"@id":"https:\/\/kapitalis.com\/tunisie\/2023\/08\/17\/coupures-deau-potable-a-rades-precisions-de-la-sonede\/"},"wordCount":138,"commentCount":1,"publisher":{"@id":"https:\/\/kapitalis.com\/tunisie\/#organization"},"image":{"@id":"https:\/\/kapitalis.com\/tunisie\/2023\/08\/17\/coupures-deau-potable-a-rades-precisions-de-la-sonede\/#primaryimage"},"thumbnailUrl":"https:\/\/kapitalis.com\/tunisie\/wp-content\/uploads\/2022\/05\/sonede-coupure.jpg","keywords":["banlieue sud","Ben Arous","coupures eau","panne","Rad\u00e8s","Sonede","Tunis","Tunisie"],"articleSection":["SOCIETE","Tunisie"],"inLanguage":"fr-FR","potentialAction":[{"@type":"CommentAction","name":"Comment","target":["https:\/\/kapitalis.com\/tunisie\/2023\/08\/17\/coupures-deau-potable-a-rades-precisions-de-la-sonede\/#respond"]}]},{"@type":"WebPage","@id":"https:\/\/kapitalis.com\/tunisie\/2023\/08\/17\/coupures-deau-potable-a-rades-precisions-de-la-sonede\/","url":"https:\/\/kapitalis.com\/tunisie\/2023\/08\/17\/coupures-deau-potable-a-rades-precisions-de-la-sonede\/","name":"Coupures d'eau potable \u00e0 Rad\u00e8s : Pr\u00e9cisions de la Sonede - Kapitalis","isPartOf":{"@id":"https:\/\/kapitalis.com\/tunisie\/#website"},"primaryImageOfPage":{"@id":"https:\/\/kapitalis.com\/tunisie\/2023\/08\/17\/coupures-deau-potable-a-rades-precisions-de-la-sonede\/#primaryimage"},"image":{"@id":"https:\/\/kapitalis.com\/tunisie\/2023\/08\/17\/coupures-deau-potable-a-rades-precisions-de-la-sonede\/#primaryimage"},"thumbnailUrl":"https:\/\/kapitalis.com\/tunisie\/wp-content\/uploads\/2022\/05\/sonede-coupure.jpg","datePublished":"2023-08-17T17:45:06+00:00","dateModified":"2023-08-17T17:48:42+00:00","description":"La Soci\u00e9t\u00e9 nationale d\u2019exploitation et de distribution des eaux (Sonede) a apport\u00e9 des explications sur les coupures d\u2019eau, enregistr\u00e9s depuis ce midi dans plusieurs zones de Rad\u00e8s (banlieue sud de Tunis).","breadcrumb":{"@id":"https:\/\/kapitalis.com\/tunisie\/2023\/08\/17\/coupures-deau-potable-a-rades-precisions-de-la-sonede\/#breadcrumb"},"inLanguage":"fr-FR","potentialAction":[{"@type":"ReadAction","target":["https:\/\/kapitalis.com\/tunisie\/2023\/08\/17\/coupures-deau-potable-a-rades-precisions-de-la-sonede\/"]}]},{"@type":"ImageObject","inLanguage":"fr-FR","@id":"https:\/\/kapitalis.com\/tunisie\/2023\/08\/17\/coupures-deau-potable-a-rades-precisions-de-la-sonede\/#primaryimage","url":"https:\/\/kapitalis.com\/tunisie\/wp-content\/uploads\/2022\/05\/sonede-coupure.jpg","contentUrl":"https:\/\/kapitalis.com\/tunisie\/wp-content\/uploads\/2022\/05\/sonede-coupure.jpg","width":1200,"height":630},{"@type":"BreadcrumbList","@id":"https:\/\/kapitalis.com\/tunisie\/2023\/08\/17\/coupures-deau-potable-a-rades-precisions-de-la-sonede\/#breadcrumb","itemListElement":[{"@type":"ListItem","position":1,"name":"Accueil","item":"https:\/\/kapitalis.com\/tunisie\/"},{"@type":"ListItem","position":2,"name":"Coupures d&rsquo;eau potable \u00e0 Rad\u00e8s : Pr\u00e9cisions de la Sonede"}]},{"@type":"WebSite","@id":"https:\/\/kapitalis.com\/tunisie\/#website","url":"https:\/\/kapitalis.com\/tunisie\/","name":"Kapitalis","description":"L&#039;actualit\u00e9 en Tunisie et dans le monde","publisher":{"@id":"https:\/\/kapitalis.com\/tunisie\/#organization"},"potentialAction":[{"@type":"SearchAction","target":{"@type":"EntryPoint","urlTemplate":"https:\/\/kapitalis.com\/tunisie\/?s={search_term_string}"},"query-input":{"@type":"PropertyValueSpecification","valueRequired":true,"valueName":"search_term_string"}}],"inLanguage":"fr-FR"},{"@type":"Organization","@id":"https:\/\/kapitalis.com\/tunisie\/#organization","name":"Kapitalis","url":"https:\/\/kapitalis.com\/tunisie\/","logo":{"@type":"ImageObject","inLanguage":"fr-FR","@id":"https:\/\/kapitalis.com\/tunisie\/#\/schema\/logo\/image\/","url":"https:\/\/kapitalis.com\/tunisie\/wp-content\/uploads\/2022\/05\/Kapitalis-big-size.png","contentUrl":"https:\/\/kapitalis.com\/tunisie\/wp-content\/uploads\/2022\/05\/Kapitalis-big-size.png","width":5000,"height":1500,"caption":"Kapitalis"},"image":{"@id":"https:\/\/kapitalis.com\/tunisie\/#\/schema\/logo\/image\/"},"sameAs":["https:\/\/www.facebook.com\/KapitalisInfo\/","https:\/\/x.com\/KapitalisInfo","https:\/\/www.youtube.com\/channel\/UC-yDYrHyfFBWWZaOw3FPg9Q"]},{"@type":"Person","@id":"https:\/\/kapitalis.com\/tunisie\/#\/schema\/person\/74bbde0154d49d790a92aaeac5bc01d5","name":"Yusra NY","url":"https:\/\/kapitalis.com\/tunisie\/author\/yuza_adam\/"}]}},"_links":{"self":[{"href":"https:\/\/kapitalis.com\/tunisie\/wp-json\/wp\/v2\/posts\/9416581","targetHints":{"allow":["GET"]}}],"collection":[{"href":"https:\/\/kapitalis.com\/tunisie\/wp-json\/wp\/v2\/posts"}],"about":[{"href":"https:\/\/kapitalis.com\/tunisie\/wp-json\/wp\/v2\/types\/post"}],"author":[{"embeddable":true,"href":"https:\/\/kapitalis.com\/tunisie\/wp-json\/wp\/v2\/users\/6"}],"replies":[{"embeddable":true,"href":"https:\/\/kapitalis.com\/tunisie\/wp-json\/wp\/v2\/comments?post=9416581"}],"version-history":[{"count":2,"href":"https:\/\/kapitalis.com\/tunisie\/wp-json\/wp\/v2\/posts\/9416581\/revisions"}],"predecessor-version":[{"id":9416658,"href":"https:\/\/kapitalis.com\/tunisie\/wp-json\/wp\/v2\/posts\/9416581\/revisions\/9416658"}],"wp:featuredmedia":[{"embeddable":true,"href":"https:\/\/kapitalis.com\/tunisie\/wp-json\/wp\/v2\/media\/878139"}],"wp:attachment":[{"href":"https:\/\/kapitalis.com\/tunisie\/wp-json\/wp\/v2\/media?parent=9416581"}],"wp:term":[{"taxonomy":"category","embeddable":true,"href":"https:\/\/kapitalis.com\/tunisie\/wp-json\/wp\/v2\/categories?post=9416581"},{"taxonomy":"post_tag","embeddable":true,"href":"https:\/\/kapitalis.com\/tunisie\/wp-json\/wp\/v2\/tags?post=9416581"}],"curies":[{"name":"wp","href":"https:\/\/api.w.org\/{rel}","templated":true}]}}