{"id":941965,"date":"2022-05-24T14:31:47","date_gmt":"2022-05-24T12:31:47","guid":{"rendered":"https:\/\/kapitalis.com\/tunisie\/?p=941965"},"modified":"2022-05-24T14:31:49","modified_gmt":"2022-05-24T12:31:49","slug":"la-tunisie-lorgne-les-touristes-polonais-et-tcheques","status":"publish","type":"post","link":"https:\/\/kapitalis.com\/tunisie\/2022\/05\/24\/la-tunisie-lorgne-les-touristes-polonais-et-tcheques\/","title":{"rendered":"La Tunisie lorgne les touristes polonais et tch\u00e8ques"},"content":{"rendered":"\n<p><strong><em>La chambre polonaise du tourisme tiendra son prochain congr\u00e8s annuel \u00e0 Tunis, avec la participation de plus de 180 tours op\u00e9rateurs et agents de voyage, a fait savoir le minist\u00e8re du Tourisme et de l\u2019Artisanat.<\/em><\/strong><\/p>\n\n\n\n<!--more-->\n\n\n\n<p>Cette d\u00e9cision a \u00e9t\u00e9 annonc\u00e9e en marge de la rencontre qu&rsquo;a eue en Pologne le ministre du Tourisme et de l\u2019Artisanat, Moez Belhassine et le pr\u00e9sident de la Chambre polonaise du tourisme, et l&rsquo;Association europ\u00e9enne des agences de voyage (Ecta) Pawel Niewiadomski, indique la page facebook du minist\u00e8re.<\/p>\n\n\n\n<p>Moez Belhassine, qui a entam\u00e9 le 22 mai 2022 une visite de travail en Pologne, o\u00f9 il a eu des rencontres les 22 et 23 mai, avec des m\u00e9dias et des tours-op\u00e9rateurs polonais sur les moyens de renforcer la demande sur la destination tunisienne, \u00e0 travers notamment la programmation de voyages hivernaux d&rsquo;autant que le tourisme tunisien propose une offre diversifi\u00e9e en mati\u00e8re de tourismes saharien, \u00e9cologique, culturel et sportif.<\/p>\n\n\n\n<p>L&rsquo;accent a \u00e9t\u00e9 \u00e9galement mis, lors de ces rencontres, sur les moyens mobilis\u00e9s par le minist\u00e8re pour assurer la relance de l\u2019activit\u00e9 touristique, et les principales manifestations internationales, qu\u2019abritera la Tunisie, dont le sommet de la francophonie programm\u00e9 les 19 et 20 novembre prochain, \u00e0 Djerba.<\/p>\n\n\n\n<p>D&rsquo;apr\u00e8s le d\u00e9partement du tourisme, le ministre s&rsquo;est rendu ensuite en Tch\u00e9quie, pour une visite de deux jours \u00e0 Prague o\u00f9 il devait rencontrer son homologue tch\u00e8que, ainsi que des responsables du secteur touristique.<\/p>\n\n\n\n<p>Le d\u00e9placement de Moez Belhassine s&rsquo;inscrit dans le cadre des efforts d\u00e9ploy\u00e9s par le minist\u00e8re pour relancer le march\u00e9 touristique de l&rsquo;Europe central.<\/p>\n","protected":false},"excerpt":{"rendered":"<p>Moez Belhassine effectue une visite de travail en Pologne,  pour \u00e9tudier les moyens de renforcer la demande polonaise sur la destination tunisienne. <\/p>\n","protected":false},"author":8,"featured_media":942051,"comment_status":"open","ping_status":"open","sticky":false,"template":"","format":"standard","meta":{"footnotes":""},"categories":[995,2433],"tags":[2972,82477,99991,16112,99990,908,99993,99992,62643],"class_list":["post-941965","post","type-post","status-publish","format-standard","has-post-thumbnail","hentry","category-economie","category-tunisie","tag-agences-de-voyages","tag-moez-belhassine","tag-pawel-niewiadomski","tag-pologne","tag-tchequie","tag-tourisme","tag-tourismes-saharien","tag-tours-operateurs-2","tag-tunisie"],"yoast_head":"<!-- This site is optimized with the Yoast SEO plugin v26.6 - https:\/\/yoast.com\/wordpress\/plugins\/seo\/ -->\n<title>La Tunisie lorgne les touristes polonais et tch\u00e8ques - Kapitalis<\/title>\n<meta name=\"robots\" content=\"index, follow, max-snippet:-1, max-image-preview:large, max-video-preview:-1\" \/>\n<link rel=\"canonical\" href=\"https:\/\/kapitalis.com\/tunisie\/2022\/05\/24\/la-tunisie-lorgne-les-touristes-polonais-et-tcheques\/\" \/>\n<meta property=\"og:locale\" content=\"fr_FR\" \/>\n<meta property=\"og:type\" content=\"article\" \/>\n<meta property=\"og:title\" content=\"La Tunisie lorgne les touristes polonais et tch\u00e8ques - Kapitalis\" \/>\n<meta property=\"og:description\" content=\"Moez Belhassine effectue une visite de travail en Pologne, pour \u00e9tudier les moyens de renforcer la demande polonaise sur la destination tunisienne.\" \/>\n<meta property=\"og:url\" content=\"https:\/\/kapitalis.com\/tunisie\/2022\/05\/24\/la-tunisie-lorgne-les-touristes-polonais-et-tcheques\/\" \/>\n<meta property=\"og:site_name\" content=\"Kapitalis\" \/>\n<meta property=\"article:publisher\" content=\"https:\/\/www.facebook.com\/KapitalisInfo\/\" \/>\n<meta property=\"article:published_time\" content=\"2022-05-24T12:31:47+00:00\" \/>\n<meta property=\"article:modified_time\" content=\"2022-05-24T12:31:49+00:00\" \/>\n<meta property=\"og:image\" content=\"https:\/\/kapitalis.com\/tunisie\/wp-content\/uploads\/2022\/05\/Moez-Belhassine-Tunisie.jpg\" \/>\n\t<meta property=\"og:image:width\" content=\"1200\" \/>\n\t<meta property=\"og:image:height\" content=\"630\" \/>\n\t<meta property=\"og:image:type\" content=\"image\/jpeg\" \/>\n<meta name=\"author\" content=\"webmaster kapitalis\" \/>\n<meta name=\"twitter:card\" content=\"summary_large_image\" \/>\n<meta name=\"twitter:creator\" content=\"@KapitalisInfo\" \/>\n<meta name=\"twitter:site\" content=\"@KapitalisInfo\" \/>\n<meta name=\"twitter:label1\" content=\"\u00c9crit par\" \/>\n\t<meta name=\"twitter:data1\" content=\"webmaster kapitalis\" \/>\n\t<meta name=\"twitter:label2\" content=\"Dur\u00e9e de lecture estim\u00e9e\" \/>\n\t<meta name=\"twitter:data2\" content=\"2 minutes\" \/>\n<script type=\"application\/ld+json\" class=\"yoast-schema-graph\">{\"@context\":\"https:\/\/schema.org\",\"@graph\":[{\"@type\":\"Article\",\"@id\":\"https:\/\/kapitalis.com\/tunisie\/2022\/05\/24\/la-tunisie-lorgne-les-touristes-polonais-et-tcheques\/#article\",\"isPartOf\":{\"@id\":\"https:\/\/kapitalis.com\/tunisie\/2022\/05\/24\/la-tunisie-lorgne-les-touristes-polonais-et-tcheques\/\"},\"author\":{\"name\":\"webmaster kapitalis\",\"@id\":\"https:\/\/kapitalis.com\/tunisie\/#\/schema\/person\/d71f33a9ca44f7bad4698210b480c8e9\"},\"headline\":\"La Tunisie lorgne les touristes polonais et tch\u00e8ques\",\"datePublished\":\"2022-05-24T12:31:47+00:00\",\"dateModified\":\"2022-05-24T12:31:49+00:00\",\"mainEntityOfPage\":{\"@id\":\"https:\/\/kapitalis.com\/tunisie\/2022\/05\/24\/la-tunisie-lorgne-les-touristes-polonais-et-tcheques\/\"},\"wordCount\":280,\"commentCount\":0,\"publisher\":{\"@id\":\"https:\/\/kapitalis.com\/tunisie\/#organization\"},\"image\":{\"@id\":\"https:\/\/kapitalis.com\/tunisie\/2022\/05\/24\/la-tunisie-lorgne-les-touristes-polonais-et-tcheques\/#primaryimage\"},\"thumbnailUrl\":\"https:\/\/kapitalis.com\/tunisie\/wp-content\/uploads\/2022\/05\/Moez-Belhassine-Tunisie.jpg\",\"keywords\":[\"agences de voyages\",\"Moez Belhassine\",\"Pawel Niewiadomski\",\"Pologne\",\"Tch\u00e9quie\",\"tourisme\",\"tourismes saharien\",\"tours-op\u00e9rateurs\",\"Tunisie\"],\"articleSection\":[\"ECONOMIE\",\"Tunisie\"],\"inLanguage\":\"fr-FR\",\"potentialAction\":[{\"@type\":\"CommentAction\",\"name\":\"Comment\",\"target\":[\"https:\/\/kapitalis.com\/tunisie\/2022\/05\/24\/la-tunisie-lorgne-les-touristes-polonais-et-tcheques\/#respond\"]}]},{\"@type\":\"WebPage\",\"@id\":\"https:\/\/kapitalis.com\/tunisie\/2022\/05\/24\/la-tunisie-lorgne-les-touristes-polonais-et-tcheques\/\",\"url\":\"https:\/\/kapitalis.com\/tunisie\/2022\/05\/24\/la-tunisie-lorgne-les-touristes-polonais-et-tcheques\/\",\"name\":\"La Tunisie lorgne les touristes polonais et tch\u00e8ques - Kapitalis\",\"isPartOf\":{\"@id\":\"https:\/\/kapitalis.com\/tunisie\/#website\"},\"primaryImageOfPage\":{\"@id\":\"https:\/\/kapitalis.com\/tunisie\/2022\/05\/24\/la-tunisie-lorgne-les-touristes-polonais-et-tcheques\/#primaryimage\"},\"image\":{\"@id\":\"https:\/\/kapitalis.com\/tunisie\/2022\/05\/24\/la-tunisie-lorgne-les-touristes-polonais-et-tcheques\/#primaryimage\"},\"thumbnailUrl\":\"https:\/\/kapitalis.com\/tunisie\/wp-content\/uploads\/2022\/05\/Moez-Belhassine-Tunisie.jpg\",\"datePublished\":\"2022-05-24T12:31:47+00:00\",\"dateModified\":\"2022-05-24T12:31:49+00:00\",\"breadcrumb\":{\"@id\":\"https:\/\/kapitalis.com\/tunisie\/2022\/05\/24\/la-tunisie-lorgne-les-touristes-polonais-et-tcheques\/#breadcrumb\"},\"inLanguage\":\"fr-FR\",\"potentialAction\":[{\"@type\":\"ReadAction\",\"target\":[\"https:\/\/kapitalis.com\/tunisie\/2022\/05\/24\/la-tunisie-lorgne-les-touristes-polonais-et-tcheques\/\"]}]},{\"@type\":\"ImageObject\",\"inLanguage\":\"fr-FR\",\"@id\":\"https:\/\/kapitalis.com\/tunisie\/2022\/05\/24\/la-tunisie-lorgne-les-touristes-polonais-et-tcheques\/#primaryimage\",\"url\":\"https:\/\/kapitalis.com\/tunisie\/wp-content\/uploads\/2022\/05\/Moez-Belhassine-Tunisie.jpg\",\"contentUrl\":\"https:\/\/kapitalis.com\/tunisie\/wp-content\/uploads\/2022\/05\/Moez-Belhassine-Tunisie.jpg\",\"width\":1200,\"height\":630},{\"@type\":\"BreadcrumbList\",\"@id\":\"https:\/\/kapitalis.com\/tunisie\/2022\/05\/24\/la-tunisie-lorgne-les-touristes-polonais-et-tcheques\/#breadcrumb\",\"itemListElement\":[{\"@type\":\"ListItem\",\"position\":1,\"name\":\"Accueil\",\"item\":\"https:\/\/kapitalis.com\/tunisie\/\"},{\"@type\":\"ListItem\",\"position\":2,\"name\":\"La Tunisie lorgne les touristes polonais et tch\u00e8ques\"}]},{\"@type\":\"WebSite\",\"@id\":\"https:\/\/kapitalis.com\/tunisie\/#website\",\"url\":\"https:\/\/kapitalis.com\/tunisie\/\",\"name\":\"Kapitalis\",\"description\":\"L&#039;actualit\u00e9 en Tunisie et dans le monde\",\"publisher\":{\"@id\":\"https:\/\/kapitalis.com\/tunisie\/#organization\"},\"potentialAction\":[{\"@type\":\"SearchAction\",\"target\":{\"@type\":\"EntryPoint\",\"urlTemplate\":\"https:\/\/kapitalis.com\/tunisie\/?s={search_term_string}\"},\"query-input\":{\"@type\":\"PropertyValueSpecification\",\"valueRequired\":true,\"valueName\":\"search_term_string\"}}],\"inLanguage\":\"fr-FR\"},{\"@type\":\"Organization\",\"@id\":\"https:\/\/kapitalis.com\/tunisie\/#organization\",\"name\":\"Kapitalis\",\"url\":\"https:\/\/kapitalis.com\/tunisie\/\",\"logo\":{\"@type\":\"ImageObject\",\"inLanguage\":\"fr-FR\",\"@id\":\"https:\/\/kapitalis.com\/tunisie\/#\/schema\/logo\/image\/\",\"url\":\"https:\/\/kapitalis.com\/tunisie\/wp-content\/uploads\/2022\/05\/Kapitalis-big-size.png\",\"contentUrl\":\"https:\/\/kapitalis.com\/tunisie\/wp-content\/uploads\/2022\/05\/Kapitalis-big-size.png\",\"width\":5000,\"height\":1500,\"caption\":\"Kapitalis\"},\"image\":{\"@id\":\"https:\/\/kapitalis.com\/tunisie\/#\/schema\/logo\/image\/\"},\"sameAs\":[\"https:\/\/www.facebook.com\/KapitalisInfo\/\",\"https:\/\/x.com\/KapitalisInfo\",\"https:\/\/www.youtube.com\/channel\/UC-yDYrHyfFBWWZaOw3FPg9Q\"]},{\"@type\":\"Person\",\"@id\":\"https:\/\/kapitalis.com\/tunisie\/#\/schema\/person\/d71f33a9ca44f7bad4698210b480c8e9\",\"name\":\"webmaster kapitalis\",\"url\":\"https:\/\/kapitalis.com\/tunisie\/author\/webmaster-kapitalis\/\"}]}<\/script>\n<!-- \/ Yoast SEO plugin. -->","yoast_head_json":{"title":"La Tunisie lorgne les touristes polonais et tch\u00e8ques - Kapitalis","robots":{"index":"index","follow":"follow","max-snippet":"max-snippet:-1","max-image-preview":"max-image-preview:large","max-video-preview":"max-video-preview:-1"},"canonical":"https:\/\/kapitalis.com\/tunisie\/2022\/05\/24\/la-tunisie-lorgne-les-touristes-polonais-et-tcheques\/","og_locale":"fr_FR","og_type":"article","og_title":"La Tunisie lorgne les touristes polonais et tch\u00e8ques - Kapitalis","og_description":"Moez Belhassine effectue une visite de travail en Pologne, pour \u00e9tudier les moyens de renforcer la demande polonaise sur la destination tunisienne.","og_url":"https:\/\/kapitalis.com\/tunisie\/2022\/05\/24\/la-tunisie-lorgne-les-touristes-polonais-et-tcheques\/","og_site_name":"Kapitalis","article_publisher":"https:\/\/www.facebook.com\/KapitalisInfo\/","article_published_time":"2022-05-24T12:31:47+00:00","article_modified_time":"2022-05-24T12:31:49+00:00","og_image":[{"width":1200,"height":630,"url":"https:\/\/kapitalis.com\/tunisie\/wp-content\/uploads\/2022\/05\/Moez-Belhassine-Tunisie.jpg","type":"image\/jpeg"}],"author":"webmaster kapitalis","twitter_card":"summary_large_image","twitter_creator":"@KapitalisInfo","twitter_site":"@KapitalisInfo","twitter_misc":{"\u00c9crit par":"webmaster kapitalis","Dur\u00e9e de lecture estim\u00e9e":"2 minutes"},"schema":{"@context":"https:\/\/schema.org","@graph":[{"@type":"Article","@id":"https:\/\/kapitalis.com\/tunisie\/2022\/05\/24\/la-tunisie-lorgne-les-touristes-polonais-et-tcheques\/#article","isPartOf":{"@id":"https:\/\/kapitalis.com\/tunisie\/2022\/05\/24\/la-tunisie-lorgne-les-touristes-polonais-et-tcheques\/"},"author":{"name":"webmaster kapitalis","@id":"https:\/\/kapitalis.com\/tunisie\/#\/schema\/person\/d71f33a9ca44f7bad4698210b480c8e9"},"headline":"La Tunisie lorgne les touristes polonais et tch\u00e8ques","datePublished":"2022-05-24T12:31:47+00:00","dateModified":"2022-05-24T12:31:49+00:00","mainEntityOfPage":{"@id":"https:\/\/kapitalis.com\/tunisie\/2022\/05\/24\/la-tunisie-lorgne-les-touristes-polonais-et-tcheques\/"},"wordCount":280,"commentCount":0,"publisher":{"@id":"https:\/\/kapitalis.com\/tunisie\/#organization"},"image":{"@id":"https:\/\/kapitalis.com\/tunisie\/2022\/05\/24\/la-tunisie-lorgne-les-touristes-polonais-et-tcheques\/#primaryimage"},"thumbnailUrl":"https:\/\/kapitalis.com\/tunisie\/wp-content\/uploads\/2022\/05\/Moez-Belhassine-Tunisie.jpg","keywords":["agences de voyages","Moez Belhassine","Pawel Niewiadomski","Pologne","Tch\u00e9quie","tourisme","tourismes saharien","tours-op\u00e9rateurs","Tunisie"],"articleSection":["ECONOMIE","Tunisie"],"inLanguage":"fr-FR","potentialAction":[{"@type":"CommentAction","name":"Comment","target":["https:\/\/kapitalis.com\/tunisie\/2022\/05\/24\/la-tunisie-lorgne-les-touristes-polonais-et-tcheques\/#respond"]}]},{"@type":"WebPage","@id":"https:\/\/kapitalis.com\/tunisie\/2022\/05\/24\/la-tunisie-lorgne-les-touristes-polonais-et-tcheques\/","url":"https:\/\/kapitalis.com\/tunisie\/2022\/05\/24\/la-tunisie-lorgne-les-touristes-polonais-et-tcheques\/","name":"La Tunisie lorgne les touristes polonais et tch\u00e8ques - Kapitalis","isPartOf":{"@id":"https:\/\/kapitalis.com\/tunisie\/#website"},"primaryImageOfPage":{"@id":"https:\/\/kapitalis.com\/tunisie\/2022\/05\/24\/la-tunisie-lorgne-les-touristes-polonais-et-tcheques\/#primaryimage"},"image":{"@id":"https:\/\/kapitalis.com\/tunisie\/2022\/05\/24\/la-tunisie-lorgne-les-touristes-polonais-et-tcheques\/#primaryimage"},"thumbnailUrl":"https:\/\/kapitalis.com\/tunisie\/wp-content\/uploads\/2022\/05\/Moez-Belhassine-Tunisie.jpg","datePublished":"2022-05-24T12:31:47+00:00","dateModified":"2022-05-24T12:31:49+00:00","breadcrumb":{"@id":"https:\/\/kapitalis.com\/tunisie\/2022\/05\/24\/la-tunisie-lorgne-les-touristes-polonais-et-tcheques\/#breadcrumb"},"inLanguage":"fr-FR","potentialAction":[{"@type":"ReadAction","target":["https:\/\/kapitalis.com\/tunisie\/2022\/05\/24\/la-tunisie-lorgne-les-touristes-polonais-et-tcheques\/"]}]},{"@type":"ImageObject","inLanguage":"fr-FR","@id":"https:\/\/kapitalis.com\/tunisie\/2022\/05\/24\/la-tunisie-lorgne-les-touristes-polonais-et-tcheques\/#primaryimage","url":"https:\/\/kapitalis.com\/tunisie\/wp-content\/uploads\/2022\/05\/Moez-Belhassine-Tunisie.jpg","contentUrl":"https:\/\/kapitalis.com\/tunisie\/wp-content\/uploads\/2022\/05\/Moez-Belhassine-Tunisie.jpg","width":1200,"height":630},{"@type":"BreadcrumbList","@id":"https:\/\/kapitalis.com\/tunisie\/2022\/05\/24\/la-tunisie-lorgne-les-touristes-polonais-et-tcheques\/#breadcrumb","itemListElement":[{"@type":"ListItem","position":1,"name":"Accueil","item":"https:\/\/kapitalis.com\/tunisie\/"},{"@type":"ListItem","position":2,"name":"La Tunisie lorgne les touristes polonais et tch\u00e8ques"}]},{"@type":"WebSite","@id":"https:\/\/kapitalis.com\/tunisie\/#website","url":"https:\/\/kapitalis.com\/tunisie\/","name":"Kapitalis","description":"L&#039;actualit\u00e9 en Tunisie et dans le monde","publisher":{"@id":"https:\/\/kapitalis.com\/tunisie\/#organization"},"potentialAction":[{"@type":"SearchAction","target":{"@type":"EntryPoint","urlTemplate":"https:\/\/kapitalis.com\/tunisie\/?s={search_term_string}"},"query-input":{"@type":"PropertyValueSpecification","valueRequired":true,"valueName":"search_term_string"}}],"inLanguage":"fr-FR"},{"@type":"Organization","@id":"https:\/\/kapitalis.com\/tunisie\/#organization","name":"Kapitalis","url":"https:\/\/kapitalis.com\/tunisie\/","logo":{"@type":"ImageObject","inLanguage":"fr-FR","@id":"https:\/\/kapitalis.com\/tunisie\/#\/schema\/logo\/image\/","url":"https:\/\/kapitalis.com\/tunisie\/wp-content\/uploads\/2022\/05\/Kapitalis-big-size.png","contentUrl":"https:\/\/kapitalis.com\/tunisie\/wp-content\/uploads\/2022\/05\/Kapitalis-big-size.png","width":5000,"height":1500,"caption":"Kapitalis"},"image":{"@id":"https:\/\/kapitalis.com\/tunisie\/#\/schema\/logo\/image\/"},"sameAs":["https:\/\/www.facebook.com\/KapitalisInfo\/","https:\/\/x.com\/KapitalisInfo","https:\/\/www.youtube.com\/channel\/UC-yDYrHyfFBWWZaOw3FPg9Q"]},{"@type":"Person","@id":"https:\/\/kapitalis.com\/tunisie\/#\/schema\/person\/d71f33a9ca44f7bad4698210b480c8e9","name":"webmaster kapitalis","url":"https:\/\/kapitalis.com\/tunisie\/author\/webmaster-kapitalis\/"}]}},"_links":{"self":[{"href":"https:\/\/kapitalis.com\/tunisie\/wp-json\/wp\/v2\/posts\/941965","targetHints":{"allow":["GET"]}}],"collection":[{"href":"https:\/\/kapitalis.com\/tunisie\/wp-json\/wp\/v2\/posts"}],"about":[{"href":"https:\/\/kapitalis.com\/tunisie\/wp-json\/wp\/v2\/types\/post"}],"author":[{"embeddable":true,"href":"https:\/\/kapitalis.com\/tunisie\/wp-json\/wp\/v2\/users\/8"}],"replies":[{"embeddable":true,"href":"https:\/\/kapitalis.com\/tunisie\/wp-json\/wp\/v2\/comments?post=941965"}],"version-history":[{"count":0,"href":"https:\/\/kapitalis.com\/tunisie\/wp-json\/wp\/v2\/posts\/941965\/revisions"}],"wp:featuredmedia":[{"embeddable":true,"href":"https:\/\/kapitalis.com\/tunisie\/wp-json\/wp\/v2\/media\/942051"}],"wp:attachment":[{"href":"https:\/\/kapitalis.com\/tunisie\/wp-json\/wp\/v2\/media?parent=941965"}],"wp:term":[{"taxonomy":"category","embeddable":true,"href":"https:\/\/kapitalis.com\/tunisie\/wp-json\/wp\/v2\/categories?post=941965"},{"taxonomy":"post_tag","embeddable":true,"href":"https:\/\/kapitalis.com\/tunisie\/wp-json\/wp\/v2\/tags?post=941965"}],"curies":[{"name":"wp","href":"https:\/\/api.w.org\/{rel}","templated":true}]}}