{"id":94567,"date":"2017-05-04T12:45:50","date_gmt":"2017-05-04T12:15:50","guid":{"rendered":"http:\/\/kapitalis.com\/tunisie\/?p=94567"},"modified":"2017-05-04T12:47:10","modified_gmt":"2017-05-04T12:17:10","slug":"la-marsa-deces-dun-homme-tombe-dune-mosquee","status":"publish","type":"post","link":"https:\/\/kapitalis.com\/tunisie\/2017\/05\/04\/la-marsa-deces-dun-homme-tombe-dune-mosquee\/","title":{"rendered":"La Marsa : D\u00e9c\u00e8s d\u2019un homme tomb\u00e9 d\u2019une mosqu\u00e9e"},"content":{"rendered":"<p style=\"text-align: center;\"><img loading=\"lazy\" decoding=\"async\" class=\"alignnone size-full wp-image-94572\" src=\"http:\/\/kapitalis.com\/tunisie\/wp-content\/uploads\/2017\/05\/Minaret-mosqu\u00e9e-Marsa-deces-.jpg\" alt=\"\" width=\"626\" height=\"380\" \/><\/p>\n<p><em><strong>Un homme est mort, mercredi 3 mai 2017, en tombant du minaret de la mosqu\u00e9e Imam Ibn Arafa, \u00e0 Borj El-Houki, \u00e0 la Marsa (banlieue nord de Tunis).<\/strong><\/em><!--more--><\/p>\n<p>C&rsquo;est un enseignant dans un coll\u00e8ge de la Marsa, qui effectuait b\u00e9n\u00e9volement des travaux dans cette mosqu\u00e9e situ\u00e9e \u00e0 la cit\u00e9 Riadh, durant son temps libre, en pr\u00e9paration du\u00a0mois de ramadan, pr\u00e9vu \u00e0 la fin mai.<\/p>\n<p>Selon\u00a0des t\u00e9moins, la victime a grimp\u00e9 au sommet du minaret pour y fixer\u00a0les m\u00e9gaphones utilis\u00e9s pour l\u2019appel \u00e0 la pri\u00e8re. Ayant perdu l\u2019\u00e9quilibre, il a chut\u00e9\u00a0et\u00a0s&rsquo;est retrouv\u00e9 au sol, au pied de la mosqu\u00e9e. Il succomba rapidement \u00e0 ses blessures.<\/p>\n<p>Le corps a \u00e9t\u00e9 transport\u00e9 \u00e0 l&rsquo;h\u00f4pital pour autopsie.<\/p>\n<p style=\"text-align: right;\"><strong>Y. N.<\/strong><\/p>\n","protected":false},"excerpt":{"rendered":"<p>Un homme est mort, mercredi 3 mai 2017, en tombant du minaret de la mosqu\u00e9e Imam Ibn Arafa, \u00e0 Borj El-Houki, \u00e0 la Marsa (banlieue nord de Tunis).<\/p>\n","protected":false},"author":6,"featured_media":94572,"comment_status":"open","ping_status":"open","sticky":false,"template":"","format":"standard","meta":{"footnotes":""},"categories":[998,2433],"tags":[1468,579],"class_list":["post-94567","post","type-post","status-publish","format-standard","has-post-thumbnail","hentry","category-societe","category-tunisie","tag-cite-riadh","tag-marsa"],"yoast_head":"<!-- This site is optimized with the Yoast SEO plugin v26.6 - https:\/\/yoast.com\/wordpress\/plugins\/seo\/ -->\n<title>La Marsa : D\u00e9c\u00e8s d\u2019un homme tomb\u00e9 d\u2019une mosqu\u00e9e - Kapitalis<\/title>\n<meta name=\"robots\" content=\"index, follow, max-snippet:-1, max-image-preview:large, max-video-preview:-1\" \/>\n<link rel=\"canonical\" href=\"https:\/\/kapitalis.com\/tunisie\/2017\/05\/04\/la-marsa-deces-dun-homme-tombe-dune-mosquee\/\" \/>\n<meta property=\"og:locale\" content=\"fr_FR\" \/>\n<meta property=\"og:type\" content=\"article\" \/>\n<meta property=\"og:title\" content=\"La Marsa : D\u00e9c\u00e8s d\u2019un homme tomb\u00e9 d\u2019une mosqu\u00e9e - Kapitalis\" \/>\n<meta property=\"og:description\" content=\"Un homme est mort, mercredi 3 mai 2017, en tombant du minaret de la mosqu\u00e9e Imam Ibn Arafa, \u00e0 Borj El-Houki, \u00e0 la Marsa (banlieue nord de Tunis).\" \/>\n<meta property=\"og:url\" content=\"https:\/\/kapitalis.com\/tunisie\/2017\/05\/04\/la-marsa-deces-dun-homme-tombe-dune-mosquee\/\" \/>\n<meta property=\"og:site_name\" content=\"Kapitalis\" \/>\n<meta property=\"article:publisher\" content=\"https:\/\/www.facebook.com\/KapitalisInfo\/\" \/>\n<meta property=\"article:published_time\" content=\"2017-05-04T12:15:50+00:00\" \/>\n<meta property=\"article:modified_time\" content=\"2017-05-04T12:17:10+00:00\" \/>\n<meta property=\"og:image\" content=\"https:\/\/kapitalis.com\/tunisie\/wp-content\/uploads\/2022\/05\/kapitalis-logo-fb.png\" \/>\n\t<meta property=\"og:image:width\" content=\"1200\" \/>\n\t<meta property=\"og:image:height\" content=\"630\" \/>\n\t<meta property=\"og:image:type\" content=\"image\/png\" \/>\n<meta name=\"author\" content=\"Yusra NY\" \/>\n<meta name=\"twitter:card\" content=\"summary_large_image\" \/>\n<meta name=\"twitter:creator\" content=\"@KapitalisInfo\" \/>\n<meta name=\"twitter:site\" content=\"@KapitalisInfo\" \/>\n<meta name=\"twitter:label1\" content=\"\u00c9crit par\" \/>\n\t<meta name=\"twitter:data1\" content=\"Yusra NY\" \/>\n\t<meta name=\"twitter:label2\" content=\"Dur\u00e9e de lecture estim\u00e9e\" \/>\n\t<meta name=\"twitter:data2\" content=\"1 minute\" \/>\n<script type=\"application\/ld+json\" class=\"yoast-schema-graph\">{\"@context\":\"https:\/\/schema.org\",\"@graph\":[{\"@type\":\"Article\",\"@id\":\"https:\/\/kapitalis.com\/tunisie\/2017\/05\/04\/la-marsa-deces-dun-homme-tombe-dune-mosquee\/#article\",\"isPartOf\":{\"@id\":\"https:\/\/kapitalis.com\/tunisie\/2017\/05\/04\/la-marsa-deces-dun-homme-tombe-dune-mosquee\/\"},\"author\":{\"name\":\"Yusra NY\",\"@id\":\"https:\/\/kapitalis.com\/tunisie\/#\/schema\/person\/74bbde0154d49d790a92aaeac5bc01d5\"},\"headline\":\"La Marsa : D\u00e9c\u00e8s d\u2019un homme tomb\u00e9 d\u2019une mosqu\u00e9e\",\"datePublished\":\"2017-05-04T12:15:50+00:00\",\"dateModified\":\"2017-05-04T12:17:10+00:00\",\"mainEntityOfPage\":{\"@id\":\"https:\/\/kapitalis.com\/tunisie\/2017\/05\/04\/la-marsa-deces-dun-homme-tombe-dune-mosquee\/\"},\"wordCount\":140,\"commentCount\":1,\"publisher\":{\"@id\":\"https:\/\/kapitalis.com\/tunisie\/#organization\"},\"image\":{\"@id\":\"https:\/\/kapitalis.com\/tunisie\/2017\/05\/04\/la-marsa-deces-dun-homme-tombe-dune-mosquee\/#primaryimage\"},\"thumbnailUrl\":\"\",\"keywords\":[\"Cit\u00e9 Riadh\",\"Marsa\"],\"articleSection\":[\"SOCIETE\",\"Tunisie\"],\"inLanguage\":\"fr-FR\",\"potentialAction\":[{\"@type\":\"CommentAction\",\"name\":\"Comment\",\"target\":[\"https:\/\/kapitalis.com\/tunisie\/2017\/05\/04\/la-marsa-deces-dun-homme-tombe-dune-mosquee\/#respond\"]}]},{\"@type\":\"WebPage\",\"@id\":\"https:\/\/kapitalis.com\/tunisie\/2017\/05\/04\/la-marsa-deces-dun-homme-tombe-dune-mosquee\/\",\"url\":\"https:\/\/kapitalis.com\/tunisie\/2017\/05\/04\/la-marsa-deces-dun-homme-tombe-dune-mosquee\/\",\"name\":\"La Marsa : D\u00e9c\u00e8s d\u2019un homme tomb\u00e9 d\u2019une mosqu\u00e9e - Kapitalis\",\"isPartOf\":{\"@id\":\"https:\/\/kapitalis.com\/tunisie\/#website\"},\"primaryImageOfPage\":{\"@id\":\"https:\/\/kapitalis.com\/tunisie\/2017\/05\/04\/la-marsa-deces-dun-homme-tombe-dune-mosquee\/#primaryimage\"},\"image\":{\"@id\":\"https:\/\/kapitalis.com\/tunisie\/2017\/05\/04\/la-marsa-deces-dun-homme-tombe-dune-mosquee\/#primaryimage\"},\"thumbnailUrl\":\"\",\"datePublished\":\"2017-05-04T12:15:50+00:00\",\"dateModified\":\"2017-05-04T12:17:10+00:00\",\"breadcrumb\":{\"@id\":\"https:\/\/kapitalis.com\/tunisie\/2017\/05\/04\/la-marsa-deces-dun-homme-tombe-dune-mosquee\/#breadcrumb\"},\"inLanguage\":\"fr-FR\",\"potentialAction\":[{\"@type\":\"ReadAction\",\"target\":[\"https:\/\/kapitalis.com\/tunisie\/2017\/05\/04\/la-marsa-deces-dun-homme-tombe-dune-mosquee\/\"]}]},{\"@type\":\"ImageObject\",\"inLanguage\":\"fr-FR\",\"@id\":\"https:\/\/kapitalis.com\/tunisie\/2017\/05\/04\/la-marsa-deces-dun-homme-tombe-dune-mosquee\/#primaryimage\",\"url\":\"\",\"contentUrl\":\"\"},{\"@type\":\"BreadcrumbList\",\"@id\":\"https:\/\/kapitalis.com\/tunisie\/2017\/05\/04\/la-marsa-deces-dun-homme-tombe-dune-mosquee\/#breadcrumb\",\"itemListElement\":[{\"@type\":\"ListItem\",\"position\":1,\"name\":\"Accueil\",\"item\":\"https:\/\/kapitalis.com\/tunisie\/\"},{\"@type\":\"ListItem\",\"position\":2,\"name\":\"La Marsa : D\u00e9c\u00e8s d\u2019un homme tomb\u00e9 d\u2019une mosqu\u00e9e\"}]},{\"@type\":\"WebSite\",\"@id\":\"https:\/\/kapitalis.com\/tunisie\/#website\",\"url\":\"https:\/\/kapitalis.com\/tunisie\/\",\"name\":\"Kapitalis\",\"description\":\"L&#039;actualit\u00e9 en Tunisie et dans le monde\",\"publisher\":{\"@id\":\"https:\/\/kapitalis.com\/tunisie\/#organization\"},\"potentialAction\":[{\"@type\":\"SearchAction\",\"target\":{\"@type\":\"EntryPoint\",\"urlTemplate\":\"https:\/\/kapitalis.com\/tunisie\/?s={search_term_string}\"},\"query-input\":{\"@type\":\"PropertyValueSpecification\",\"valueRequired\":true,\"valueName\":\"search_term_string\"}}],\"inLanguage\":\"fr-FR\"},{\"@type\":\"Organization\",\"@id\":\"https:\/\/kapitalis.com\/tunisie\/#organization\",\"name\":\"Kapitalis\",\"url\":\"https:\/\/kapitalis.com\/tunisie\/\",\"logo\":{\"@type\":\"ImageObject\",\"inLanguage\":\"fr-FR\",\"@id\":\"https:\/\/kapitalis.com\/tunisie\/#\/schema\/logo\/image\/\",\"url\":\"https:\/\/kapitalis.com\/tunisie\/wp-content\/uploads\/2022\/05\/Kapitalis-big-size.png\",\"contentUrl\":\"https:\/\/kapitalis.com\/tunisie\/wp-content\/uploads\/2022\/05\/Kapitalis-big-size.png\",\"width\":5000,\"height\":1500,\"caption\":\"Kapitalis\"},\"image\":{\"@id\":\"https:\/\/kapitalis.com\/tunisie\/#\/schema\/logo\/image\/\"},\"sameAs\":[\"https:\/\/www.facebook.com\/KapitalisInfo\/\",\"https:\/\/x.com\/KapitalisInfo\",\"https:\/\/www.youtube.com\/channel\/UC-yDYrHyfFBWWZaOw3FPg9Q\"]},{\"@type\":\"Person\",\"@id\":\"https:\/\/kapitalis.com\/tunisie\/#\/schema\/person\/74bbde0154d49d790a92aaeac5bc01d5\",\"name\":\"Yusra NY\",\"url\":\"https:\/\/kapitalis.com\/tunisie\/author\/yuza_adam\/\"}]}<\/script>\n<!-- \/ Yoast SEO plugin. -->","yoast_head_json":{"title":"La Marsa : D\u00e9c\u00e8s d\u2019un homme tomb\u00e9 d\u2019une mosqu\u00e9e - Kapitalis","robots":{"index":"index","follow":"follow","max-snippet":"max-snippet:-1","max-image-preview":"max-image-preview:large","max-video-preview":"max-video-preview:-1"},"canonical":"https:\/\/kapitalis.com\/tunisie\/2017\/05\/04\/la-marsa-deces-dun-homme-tombe-dune-mosquee\/","og_locale":"fr_FR","og_type":"article","og_title":"La Marsa : D\u00e9c\u00e8s d\u2019un homme tomb\u00e9 d\u2019une mosqu\u00e9e - Kapitalis","og_description":"Un homme est mort, mercredi 3 mai 2017, en tombant du minaret de la mosqu\u00e9e Imam Ibn Arafa, \u00e0 Borj El-Houki, \u00e0 la Marsa (banlieue nord de Tunis).","og_url":"https:\/\/kapitalis.com\/tunisie\/2017\/05\/04\/la-marsa-deces-dun-homme-tombe-dune-mosquee\/","og_site_name":"Kapitalis","article_publisher":"https:\/\/www.facebook.com\/KapitalisInfo\/","article_published_time":"2017-05-04T12:15:50+00:00","article_modified_time":"2017-05-04T12:17:10+00:00","og_image":[{"width":1200,"height":630,"url":"https:\/\/kapitalis.com\/tunisie\/wp-content\/uploads\/2022\/05\/kapitalis-logo-fb.png","type":"image\/png"}],"author":"Yusra NY","twitter_card":"summary_large_image","twitter_creator":"@KapitalisInfo","twitter_site":"@KapitalisInfo","twitter_misc":{"\u00c9crit par":"Yusra NY","Dur\u00e9e de lecture estim\u00e9e":"1 minute"},"schema":{"@context":"https:\/\/schema.org","@graph":[{"@type":"Article","@id":"https:\/\/kapitalis.com\/tunisie\/2017\/05\/04\/la-marsa-deces-dun-homme-tombe-dune-mosquee\/#article","isPartOf":{"@id":"https:\/\/kapitalis.com\/tunisie\/2017\/05\/04\/la-marsa-deces-dun-homme-tombe-dune-mosquee\/"},"author":{"name":"Yusra NY","@id":"https:\/\/kapitalis.com\/tunisie\/#\/schema\/person\/74bbde0154d49d790a92aaeac5bc01d5"},"headline":"La Marsa : D\u00e9c\u00e8s d\u2019un homme tomb\u00e9 d\u2019une mosqu\u00e9e","datePublished":"2017-05-04T12:15:50+00:00","dateModified":"2017-05-04T12:17:10+00:00","mainEntityOfPage":{"@id":"https:\/\/kapitalis.com\/tunisie\/2017\/05\/04\/la-marsa-deces-dun-homme-tombe-dune-mosquee\/"},"wordCount":140,"commentCount":1,"publisher":{"@id":"https:\/\/kapitalis.com\/tunisie\/#organization"},"image":{"@id":"https:\/\/kapitalis.com\/tunisie\/2017\/05\/04\/la-marsa-deces-dun-homme-tombe-dune-mosquee\/#primaryimage"},"thumbnailUrl":"","keywords":["Cit\u00e9 Riadh","Marsa"],"articleSection":["SOCIETE","Tunisie"],"inLanguage":"fr-FR","potentialAction":[{"@type":"CommentAction","name":"Comment","target":["https:\/\/kapitalis.com\/tunisie\/2017\/05\/04\/la-marsa-deces-dun-homme-tombe-dune-mosquee\/#respond"]}]},{"@type":"WebPage","@id":"https:\/\/kapitalis.com\/tunisie\/2017\/05\/04\/la-marsa-deces-dun-homme-tombe-dune-mosquee\/","url":"https:\/\/kapitalis.com\/tunisie\/2017\/05\/04\/la-marsa-deces-dun-homme-tombe-dune-mosquee\/","name":"La Marsa : D\u00e9c\u00e8s d\u2019un homme tomb\u00e9 d\u2019une mosqu\u00e9e - Kapitalis","isPartOf":{"@id":"https:\/\/kapitalis.com\/tunisie\/#website"},"primaryImageOfPage":{"@id":"https:\/\/kapitalis.com\/tunisie\/2017\/05\/04\/la-marsa-deces-dun-homme-tombe-dune-mosquee\/#primaryimage"},"image":{"@id":"https:\/\/kapitalis.com\/tunisie\/2017\/05\/04\/la-marsa-deces-dun-homme-tombe-dune-mosquee\/#primaryimage"},"thumbnailUrl":"","datePublished":"2017-05-04T12:15:50+00:00","dateModified":"2017-05-04T12:17:10+00:00","breadcrumb":{"@id":"https:\/\/kapitalis.com\/tunisie\/2017\/05\/04\/la-marsa-deces-dun-homme-tombe-dune-mosquee\/#breadcrumb"},"inLanguage":"fr-FR","potentialAction":[{"@type":"ReadAction","target":["https:\/\/kapitalis.com\/tunisie\/2017\/05\/04\/la-marsa-deces-dun-homme-tombe-dune-mosquee\/"]}]},{"@type":"ImageObject","inLanguage":"fr-FR","@id":"https:\/\/kapitalis.com\/tunisie\/2017\/05\/04\/la-marsa-deces-dun-homme-tombe-dune-mosquee\/#primaryimage","url":"","contentUrl":""},{"@type":"BreadcrumbList","@id":"https:\/\/kapitalis.com\/tunisie\/2017\/05\/04\/la-marsa-deces-dun-homme-tombe-dune-mosquee\/#breadcrumb","itemListElement":[{"@type":"ListItem","position":1,"name":"Accueil","item":"https:\/\/kapitalis.com\/tunisie\/"},{"@type":"ListItem","position":2,"name":"La Marsa : D\u00e9c\u00e8s d\u2019un homme tomb\u00e9 d\u2019une mosqu\u00e9e"}]},{"@type":"WebSite","@id":"https:\/\/kapitalis.com\/tunisie\/#website","url":"https:\/\/kapitalis.com\/tunisie\/","name":"Kapitalis","description":"L&#039;actualit\u00e9 en Tunisie et dans le monde","publisher":{"@id":"https:\/\/kapitalis.com\/tunisie\/#organization"},"potentialAction":[{"@type":"SearchAction","target":{"@type":"EntryPoint","urlTemplate":"https:\/\/kapitalis.com\/tunisie\/?s={search_term_string}"},"query-input":{"@type":"PropertyValueSpecification","valueRequired":true,"valueName":"search_term_string"}}],"inLanguage":"fr-FR"},{"@type":"Organization","@id":"https:\/\/kapitalis.com\/tunisie\/#organization","name":"Kapitalis","url":"https:\/\/kapitalis.com\/tunisie\/","logo":{"@type":"ImageObject","inLanguage":"fr-FR","@id":"https:\/\/kapitalis.com\/tunisie\/#\/schema\/logo\/image\/","url":"https:\/\/kapitalis.com\/tunisie\/wp-content\/uploads\/2022\/05\/Kapitalis-big-size.png","contentUrl":"https:\/\/kapitalis.com\/tunisie\/wp-content\/uploads\/2022\/05\/Kapitalis-big-size.png","width":5000,"height":1500,"caption":"Kapitalis"},"image":{"@id":"https:\/\/kapitalis.com\/tunisie\/#\/schema\/logo\/image\/"},"sameAs":["https:\/\/www.facebook.com\/KapitalisInfo\/","https:\/\/x.com\/KapitalisInfo","https:\/\/www.youtube.com\/channel\/UC-yDYrHyfFBWWZaOw3FPg9Q"]},{"@type":"Person","@id":"https:\/\/kapitalis.com\/tunisie\/#\/schema\/person\/74bbde0154d49d790a92aaeac5bc01d5","name":"Yusra NY","url":"https:\/\/kapitalis.com\/tunisie\/author\/yuza_adam\/"}]}},"_links":{"self":[{"href":"https:\/\/kapitalis.com\/tunisie\/wp-json\/wp\/v2\/posts\/94567","targetHints":{"allow":["GET"]}}],"collection":[{"href":"https:\/\/kapitalis.com\/tunisie\/wp-json\/wp\/v2\/posts"}],"about":[{"href":"https:\/\/kapitalis.com\/tunisie\/wp-json\/wp\/v2\/types\/post"}],"author":[{"embeddable":true,"href":"https:\/\/kapitalis.com\/tunisie\/wp-json\/wp\/v2\/users\/6"}],"replies":[{"embeddable":true,"href":"https:\/\/kapitalis.com\/tunisie\/wp-json\/wp\/v2\/comments?post=94567"}],"version-history":[{"count":0,"href":"https:\/\/kapitalis.com\/tunisie\/wp-json\/wp\/v2\/posts\/94567\/revisions"}],"wp:featuredmedia":[{"embeddable":true,"href":"https:\/\/kapitalis.com\/tunisie\/wp-json\/wp\/v2\/media\/94572"}],"wp:attachment":[{"href":"https:\/\/kapitalis.com\/tunisie\/wp-json\/wp\/v2\/media?parent=94567"}],"wp:term":[{"taxonomy":"category","embeddable":true,"href":"https:\/\/kapitalis.com\/tunisie\/wp-json\/wp\/v2\/categories?post=94567"},{"taxonomy":"post_tag","embeddable":true,"href":"https:\/\/kapitalis.com\/tunisie\/wp-json\/wp\/v2\/tags?post=94567"}],"curies":[{"name":"wp","href":"https:\/\/api.w.org\/{rel}","templated":true}]}}