{"id":94649,"date":"2017-05-04T18:56:41","date_gmt":"2017-05-04T18:26:41","guid":{"rendered":"http:\/\/kapitalis.com\/tunisie\/?p=94649"},"modified":"2017-05-04T19:00:30","modified_gmt":"2017-05-04T18:30:30","slug":"cercle-kheireddine-pour-un-modele-de-developpement-renouvele","status":"publish","type":"post","link":"https:\/\/kapitalis.com\/tunisie\/2017\/05\/04\/cercle-kheireddine-pour-un-modele-de-developpement-renouvele\/","title":{"rendered":"Cercle Kheireddine : Pour un mod\u00e8le de d\u00e9veloppement renouvel\u00e9"},"content":{"rendered":"<p style=\"text-align: center;\"><img loading=\"lazy\" decoding=\"async\" class=\"alignnone size-full wp-image-94651\" src=\"http:\/\/kapitalis.com\/tunisie\/wp-content\/uploads\/2017\/05\/Cercle-Kheireddine.jpg\" alt=\"\" width=\"626\" height=\"380\" \/><\/p>\n<p><em><strong>Le Cercle Kheireddine a organis\u00e9 une rencontre pour pr\u00e9senter son ouvrage \u00abContributions du Cercle Kheireddine pour un mod\u00e8le de d\u00e9veloppement tunisien renouvel\u00e9\u00bb.<\/strong><\/em><\/p>\n<p>Par<strong> Wajdi Msaed<\/strong><\/p>\n<p><!--more--><\/p>\n<p>La rencontre, qui s\u2019est d\u00e9roul\u00e9e le 29 avril 2017, a \u00e9t\u00e9 organis\u00e9e en collaboration avec la repr\u00e9sentation de la fondation allemande Konard Adenauer en Tunisie.<\/p>\n<p><strong>Id\u00e9es novatrices et d\u00e9bats apais\u00e9s<\/strong><\/p>\n<p>C\u2019est Afif Chelbi, pr\u00e9sident du cercle et ancien ministre de l\u2019Industrie, sous le r\u00e9gime de Ben Ali, qui s\u2019est charg\u00e9 de la pr\u00e9sentation de cet ouvrage qui fait la synth\u00e8se des travaux des tables rondes organis\u00e9es par ledit cercle entre 2014 et 2016 et qui traitaient de th\u00e8mes en rapport avec le d\u00e9veloppement socio-\u00e9conomique de la Tunisie.<\/p>\n<p><em>\u00abNotre pays, qui se trouve, depuis 2011, \u00e0 la crois\u00e9e des chemins, a besoin d\u2019id\u00e9es novatrices et de d\u00e9bats apais\u00e9s sur les enjeux \u00e9conomiques et sociaux, \u00e0 la hauteur des aspirations populaires\u00bb,<\/em> a-t-il dit, ajoutant que le Cercle Kheireddine <em>\u00aba l\u2019ambition d\u2019apporter sa contribution \u00e0 ces d\u00e9bats en formulant des \u00e9l\u00e9ments de r\u00e9ponse \u00e0 la question centrale qu\u2019il s\u2019est pos\u00e9e\u00bb<\/em>. Cette question est la suivante : <em>\u00abPourquoi, depuis l\u2019ind\u00e9pendance, le taux de croissance annuel moyen de la Tunisie n\u2019a-t-il \u00e9t\u00e9 que de 5%, au lieu de 7 et 8% potentiels?\u00bb<\/em><\/p>\n<p><em>\u00abC\u2019\u00e9tait un taux significatif certes, mais insuffisant\u00bb<\/em>, surtout pour absorber les demandes additionnelles d\u2019emplois, acc\u00e9l\u00e9rer le rythme de d\u00e9veloppement dans les r\u00e9gions int\u00e9rieures et am\u00e9liorer les conditions de vie des couches populaires et moyennes, a expliqu\u00e9 M. Chelbi, soulignant que le livre, qui est en vente aux librairies, essaie d\u2019identifier les contours d\u2019un mod\u00e8le de d\u00e9veloppement plus \u00e9quilibr\u00e9 r\u00e9gionalement, socialement et en termes de gouvernance; plus ambitieux internationalement, avec un ancrage dans l\u2019\u00e9conomie mondiale et une remont\u00e9e plus rapide des fili\u00e8res technologiques.<\/p>\n<p>Le background diversifi\u00e9 des membres du Cercle Kheireddine, anciens hauts cadres de l\u2019Etat, universitaires, experts en divers domaines, constitue <em>\u00abun atout pour \u00e9valuer de mani\u00e8re objective le chemin parcouru (les r\u00e9ussites, les \u00e9checs et leurs causes), formuler des propositions bas\u00e9es sur les enseignements du pass\u00e9 et les analyses comparatives des exp\u00e9riences internationales\u00bb.<\/em><\/p>\n<p style=\"text-align: center;\"><img loading=\"lazy\" decoding=\"async\" class=\"alignnone wp-image-94653\" src=\"http:\/\/kapitalis.com\/tunisie\/wp-content\/uploads\/2017\/05\/Cercle-Kheireddine-3.jpg\" alt=\"Afif Chelbi Cercle Kheireddine\" width=\"500\" height=\"300\" \/><\/p>\n<p style=\"text-align: center;\"><em>Afif Chelbi,\u00a0Holger Dix et Karim Ben Kahla.<\/em><\/p>\n<p><strong>Appel \u00e0 un appui international<\/strong><\/p>\n<p>C\u2019est l\u00e0, on l\u2019a compris, le c\u0153ur de mission du Cercle Kheireddine, class\u00e9, selon son pr\u00e9sident, 2e think-tank en Tunisie apr\u00e8s l\u2019Institut tunisien des \u00e9tudes strat\u00e9giques (Ites) et 70e parmi les think-tanks de la r\u00e9gion Moyen Orient et Afrique du Nord (Mena), qui en r\u00e9pertorie 398 sur un total de 6.846 class\u00e9s par le rapport \u2018<em>\u2018Global Go-To Think Tanks Index 2015\u2019\u2019,<\/em> publi\u00e9 par l\u2019universit\u00e9 de Pennsylvanie aux Etats-Unis.<\/p>\n<p>Apr\u00e8s avoir fait un expos\u00e9 exhaustif et bien d\u00e9taill\u00e9e de la strat\u00e9gie pr\u00e9conis\u00e9e par ses coll\u00e8gues pour r\u00e9aliser un d\u00e9veloppement harmonieux d\u00e9passant les blocages persistants, le pr\u00e9sident du cercle Kheireddine a souligne l\u2019objectif majeur \u00e0 atteindre, qui est de faire en sorte que l\u2019investissement public direct concerne tous les secteurs sauf ceux productifs et comp\u00e9titifs, qui devraient rester l\u2019apanage des priv\u00e9s.<\/p>\n<p>Pour contribuer \u00e0 sortir la Tunisie de sa crise actuelle et \u00e0 y impulser l\u2019activit\u00e9 \u00e9conomique, le Cercle Kheireddine a lanc\u00e9 un appel pour un appui international \u00e0 la Tunisie. Et dans ce cadre, il participe \u00e0 un s\u00e9minaire, qui se tient aujourd\u2019hui, jeudi 4 mai 2017, aura lieu \u00e0 Rome (Italie), sous le th\u00e8me: \u00ab<em>La Tunisie, espoir de la M\u00e9diterran\u00e9e<\/em>\u00bb.<\/p>\n<p><strong>La r\u00e9alit\u00e9 tunisienne dans le regard d\u2019un \u00e9tranger<\/strong><\/p>\n<p>Cet appui international \u00e0 la Tunisie a interpell\u00e9 Holger Dix, repr\u00e9sentant r\u00e9sident de la fondation Konrad Adenauer, qui, faisant le constat d\u2019un observateur \u00e9tranger de la situation pr\u00e9valant en Tunisie depuis son arriv\u00e9e en janvier 2017, a estim\u00e9 que la mobilisation internationale envers la Tunisie est \u00e9norme, sur les plans politique et financier, faisant savoir que le plus grand engagement de sa fondation \u00e0 l\u2019\u00e9tranger b\u00e9n\u00e9ficie \u00e0 notre pays. <em>\u00abIl faudrait bien utiliser les possibilit\u00e9s offertes avant de demander davantage d\u2019aide\u00bb<\/em>, a-t-il lanc\u00e9. Et l\u2019h\u00f4te allemand de faire part de 4 paradoxes qui l\u2019ont interpell\u00e9 pendant son s\u00e9jour en Tunisie. Le jour de la f\u00eate nationale du 14-Janvier, les Tunisiens auxquels il souhaite bonne f\u00eate lui r\u00e9pondent: <em>\u00abOn n\u2019y croit plus vraiment\u00bb. \u00abQue faire alors pour impulser une nouvelle dynamique quand l\u2019esprit ne suit plus ?\u00bb<\/em>, s\u2019est-il interrog\u00e9.<\/p>\n<p>Le deuxi\u00e8me paradoxe, il l\u2019a trouv\u00e9 aupr\u00e8s des responsables politiques tunisiens: <em>\u00abIls cherchent le consensus au lieu de gouverner, or le consensus recherch\u00e9 est contraire aux dispositions m\u00eame de la nouvelle constitution, qui est fondamentalement concurrentielle\u00bb,<\/em> a fait observer M. Dix.<\/p>\n<p>L\u2019Allemand a d\u00e9plor\u00e9 aussi ce qu\u2019il a qualifi\u00e9 d\u2019<em>\u00ababsence de d\u00e9cision\u00bb<\/em>. En effet, malgr\u00e9 l\u2019existence de trois institutions constitutionnelles (Assembl\u00e9e des repr\u00e9sentants du peuple, pr\u00e9sidence de la r\u00e9publique et pr\u00e9sidence du gouvernement), le citoyen tunisien regarde toujours vers le Palais de Carthage, \u00e0 telle enseigne qu\u2019un d\u00e9put\u00e9, qui est cens\u00e9 incarner le centre des d\u00e9cisions, demande au gouvernement, qui n\u2019est qu\u2019une structure ex\u00e9cutive, de d\u00e9cider \u00e0 sa place.<\/p>\n<p>Le repr\u00e9sentant de la fondation Konrad Adenauer s\u2019interroge, par ailleurs, sur les valeurs et principes susceptibles de permettre \u00e0 la soci\u00e9t\u00e9 tunisienne de tenir le coup et d\u2019avancer au lieu de faire du surplace. Mais il avoue ne pas trouver de r\u00e9ponses. Il affirme, cependant, en conclusion, que l\u2019existence d\u2019organisations de la soci\u00e9t\u00e9 civile, comme le Cercle Kheireddine, constitue une grande force pour aller de l\u2019avant sur la voie de la concr\u00e9tisation des aspirations des Tunisiens, notamment dans la lutte contre le ch\u00f4mage, qui ne cesse de s\u2019aggraver et dont les r\u00e9percussions sont tr\u00e8s n\u00e9gatives sur les plan \u00e9conomique, social, politique et m\u00eame s\u00e9curitaire, avec l\u2019enr\u00f4lement des ch\u00f4meurs par les groupes terroristes et les r\u00e9seaux de contrebande.<\/p>\n<p style=\"text-align: center;\"><img loading=\"lazy\" decoding=\"async\" class=\"alignnone wp-image-94655\" src=\"http:\/\/kapitalis.com\/tunisie\/wp-content\/uploads\/2017\/05\/Cercle-Kheireddine-2.jpg\" alt=\"Cercle Khereddine\" width=\"500\" height=\"300\" \/><\/p>\n<p style=\"text-align: center;\"><em>Hauts cadres de l\u2019Etat, universitaires, experts en divers domaines.<\/em><\/p>\n<p><strong>Nouvelle Chance&#8230; pour les ch\u00f4meurs<\/strong><\/p>\n<p>C\u2019est dans ce contexte que s\u2019inscrit la participation \u00e0 cette rencontre de l\u2019association Nouvelle Chance, qui pr\u00e9conise une nouvelle approche, qualifi\u00e9e d\u2019\u00aboriginale\u00bb pour le traitement du ch\u00f4mage des jeunes.<\/p>\n<p>Le pr\u00e9sident de cette association, Karim Ben Kahla, qui est \u00e9galement le secr\u00e9taire g\u00e9n\u00e9ral du Cercle Kheireddine et figure connue dans les sph\u00e8res universitaires, pr\u00e9cise que cette approche repose sur un principe simple et coh\u00e9rent : le ch\u00f4mage doit \u00eatre trait\u00e9 au plus pr\u00e8s, l\u00e0 o\u00f9 il est \u00ab<em>produit\u00bb<\/em>, par les structures universitaires qui en sont responsables.<\/p>\n<p>Il est donc question de responsabiliser l\u2019institution universitaire qui a \u00ab<em>mal ou pas assez bien form\u00e9 les jeunes qu\u2019il faut appeler et essayer de trouver avec lui d\u2019\u00e9ventuelles solutions \u00e0 son probl\u00e8me de ch\u00f4mage\u00bb<\/em>, explique-t-il. Une mani\u00e8re, selon lui, de rectifier le tir et d\u2019\u00e9viter d\u2019\u00e9ventuelles d\u00e9rives. <em>\u00abContrairement \u00e0 l\u2019approche du minist\u00e8re de l\u2019Emploi, nous sommes dans une d\u00e9marche \u00e0 la fois curative et pr\u00e9ventive, \u00e9mergente plut\u00f4t qu\u2019impos\u00e9e\u00bb<\/em>, explique M. Ben Kahla.<\/p>\n<p>Une fois s\u00e9lectionn\u00e9 par son institution d\u2019origine, le jeune dipl\u00f4m\u00e9 est int\u00e9gr\u00e9 \u00e0 un programme bas\u00e9 sur 3 axes d\u2019intervention et relevant de la strat\u00e9gie RSE des universit\u00e9s et des entreprises qui y adh\u00e8rent.<\/p>\n<p>Le 1er a trait \u00e0 des formations sur des \u00ab<em>soft skills<\/em>\u00bb au sein m\u00eame de l\u2019ancien \u00e9tablissement du candidat, qui sont compl\u00e9t\u00e9es par une formation sur une comp\u00e9tence technique habilitante \u00e0 un futur emploi\/projet. Le 2e repose sur un tutorat pour chaque candidat, qui est assur\u00e9 par l\u2019un de ses anciens enseignants. Le 3e axe consiste \u00e0 organiser des stages formateurs dans des entreprises partenaires.<\/p>\n<p>Bas\u00e9e sur le b\u00e9n\u00e9volat et le sens de la responsabilit\u00e9, cette approche a r\u00e9ussi \u00e0 impliquer 6 \u00e9tablissements universitaires pour lancer 8 programmes Nouvelle Chance, avec des taux d\u2019insertion professionnelle qui varient entre 70 et 80%. <em>\u00abDes taux bien meilleurs que ce que r\u00e9alise le minist\u00e8re de l\u2019Emploi et de la Formation professionnelle\u00bb<\/em>, souligne, en conclusion, Karim Ben Kahla.<\/p>\n","protected":false},"excerpt":{"rendered":"<p>Le Cercle Kheireddine a organis\u00e9 une rencontre pour pr\u00e9senter son ouvrage \u00abContributions du Cercle Kheireddine pour un mod\u00e8le de d\u00e9veloppement tunisien renouvel\u00e9\u00bb. Par Wajdi Msaed<\/p>\n","protected":false},"author":8,"featured_media":94651,"comment_status":"open","ping_status":"open","sticky":false,"template":"","format":"standard","meta":{"footnotes":""},"categories":[992,995,2433],"tags":[12619,10882,1868,249,30893,30892,25060],"class_list":["post-94649","post","type-post","status-publish","format-standard","has-post-thumbnail","hentry","category-a-la-une","category-economie","category-tunisie","tag-afif-chelbi","tag-cercle-kheireddine","tag-chomage","tag-croissance","tag-holger-dix","tag-karim-ben-kahla","tag-konrad-adenauer"],"yoast_head":"<!-- This site is optimized with the Yoast SEO plugin v26.6 - https:\/\/yoast.com\/wordpress\/plugins\/seo\/ -->\n<title>Cercle Kheireddine : Pour un mod\u00e8le de d\u00e9veloppement renouvel\u00e9 - Kapitalis<\/title>\n<meta name=\"robots\" content=\"index, follow, max-snippet:-1, max-image-preview:large, max-video-preview:-1\" \/>\n<link rel=\"canonical\" href=\"https:\/\/kapitalis.com\/tunisie\/2017\/05\/04\/cercle-kheireddine-pour-un-modele-de-developpement-renouvele\/\" \/>\n<meta property=\"og:locale\" content=\"fr_FR\" \/>\n<meta property=\"og:type\" content=\"article\" \/>\n<meta property=\"og:title\" content=\"Cercle Kheireddine : Pour un mod\u00e8le de d\u00e9veloppement renouvel\u00e9 - Kapitalis\" \/>\n<meta property=\"og:description\" content=\"Le Cercle Kheireddine a organis\u00e9 une rencontre pour pr\u00e9senter son ouvrage \u00abContributions du Cercle Kheireddine pour un mod\u00e8le de d\u00e9veloppement tunisien renouvel\u00e9\u00bb. Par Wajdi Msaed\" \/>\n<meta property=\"og:url\" content=\"https:\/\/kapitalis.com\/tunisie\/2017\/05\/04\/cercle-kheireddine-pour-un-modele-de-developpement-renouvele\/\" \/>\n<meta property=\"og:site_name\" content=\"Kapitalis\" \/>\n<meta property=\"article:publisher\" content=\"https:\/\/www.facebook.com\/KapitalisInfo\/\" \/>\n<meta property=\"article:published_time\" content=\"2017-05-04T18:26:41+00:00\" \/>\n<meta property=\"article:modified_time\" content=\"2017-05-04T18:30:30+00:00\" \/>\n<meta property=\"og:image\" content=\"https:\/\/kapitalis.com\/tunisie\/wp-content\/uploads\/2022\/05\/kapitalis-logo-fb.png\" \/>\n\t<meta property=\"og:image:width\" content=\"1200\" \/>\n\t<meta property=\"og:image:height\" content=\"630\" \/>\n\t<meta property=\"og:image:type\" content=\"image\/png\" \/>\n<meta name=\"author\" content=\"webmaster kapitalis\" \/>\n<meta name=\"twitter:card\" content=\"summary_large_image\" \/>\n<meta name=\"twitter:creator\" content=\"@KapitalisInfo\" \/>\n<meta name=\"twitter:site\" content=\"@KapitalisInfo\" \/>\n<meta name=\"twitter:label1\" content=\"\u00c9crit par\" \/>\n\t<meta name=\"twitter:data1\" content=\"webmaster kapitalis\" \/>\n\t<meta name=\"twitter:label2\" content=\"Dur\u00e9e de lecture estim\u00e9e\" \/>\n\t<meta name=\"twitter:data2\" content=\"7 minutes\" \/>\n<script type=\"application\/ld+json\" class=\"yoast-schema-graph\">{\"@context\":\"https:\/\/schema.org\",\"@graph\":[{\"@type\":\"Article\",\"@id\":\"https:\/\/kapitalis.com\/tunisie\/2017\/05\/04\/cercle-kheireddine-pour-un-modele-de-developpement-renouvele\/#article\",\"isPartOf\":{\"@id\":\"https:\/\/kapitalis.com\/tunisie\/2017\/05\/04\/cercle-kheireddine-pour-un-modele-de-developpement-renouvele\/\"},\"author\":{\"name\":\"webmaster kapitalis\",\"@id\":\"https:\/\/kapitalis.com\/tunisie\/#\/schema\/person\/d71f33a9ca44f7bad4698210b480c8e9\"},\"headline\":\"Cercle Kheireddine : Pour un mod\u00e8le de d\u00e9veloppement renouvel\u00e9\",\"datePublished\":\"2017-05-04T18:26:41+00:00\",\"dateModified\":\"2017-05-04T18:30:30+00:00\",\"mainEntityOfPage\":{\"@id\":\"https:\/\/kapitalis.com\/tunisie\/2017\/05\/04\/cercle-kheireddine-pour-un-modele-de-developpement-renouvele\/\"},\"wordCount\":1417,\"commentCount\":0,\"publisher\":{\"@id\":\"https:\/\/kapitalis.com\/tunisie\/#organization\"},\"image\":{\"@id\":\"https:\/\/kapitalis.com\/tunisie\/2017\/05\/04\/cercle-kheireddine-pour-un-modele-de-developpement-renouvele\/#primaryimage\"},\"thumbnailUrl\":\"\",\"keywords\":[\"Afif Chelbi\",\"Cercle Kheireddine\",\"ch\u00f4mage\",\"croissance\",\"Holger Dix\",\"Karim Ben Kahla\",\"Konrad Adenauer\"],\"articleSection\":[\"A LA UNE\",\"ECONOMIE\",\"Tunisie\"],\"inLanguage\":\"fr-FR\",\"potentialAction\":[{\"@type\":\"CommentAction\",\"name\":\"Comment\",\"target\":[\"https:\/\/kapitalis.com\/tunisie\/2017\/05\/04\/cercle-kheireddine-pour-un-modele-de-developpement-renouvele\/#respond\"]}]},{\"@type\":\"WebPage\",\"@id\":\"https:\/\/kapitalis.com\/tunisie\/2017\/05\/04\/cercle-kheireddine-pour-un-modele-de-developpement-renouvele\/\",\"url\":\"https:\/\/kapitalis.com\/tunisie\/2017\/05\/04\/cercle-kheireddine-pour-un-modele-de-developpement-renouvele\/\",\"name\":\"Cercle Kheireddine : Pour un mod\u00e8le de d\u00e9veloppement renouvel\u00e9 - Kapitalis\",\"isPartOf\":{\"@id\":\"https:\/\/kapitalis.com\/tunisie\/#website\"},\"primaryImageOfPage\":{\"@id\":\"https:\/\/kapitalis.com\/tunisie\/2017\/05\/04\/cercle-kheireddine-pour-un-modele-de-developpement-renouvele\/#primaryimage\"},\"image\":{\"@id\":\"https:\/\/kapitalis.com\/tunisie\/2017\/05\/04\/cercle-kheireddine-pour-un-modele-de-developpement-renouvele\/#primaryimage\"},\"thumbnailUrl\":\"\",\"datePublished\":\"2017-05-04T18:26:41+00:00\",\"dateModified\":\"2017-05-04T18:30:30+00:00\",\"breadcrumb\":{\"@id\":\"https:\/\/kapitalis.com\/tunisie\/2017\/05\/04\/cercle-kheireddine-pour-un-modele-de-developpement-renouvele\/#breadcrumb\"},\"inLanguage\":\"fr-FR\",\"potentialAction\":[{\"@type\":\"ReadAction\",\"target\":[\"https:\/\/kapitalis.com\/tunisie\/2017\/05\/04\/cercle-kheireddine-pour-un-modele-de-developpement-renouvele\/\"]}]},{\"@type\":\"ImageObject\",\"inLanguage\":\"fr-FR\",\"@id\":\"https:\/\/kapitalis.com\/tunisie\/2017\/05\/04\/cercle-kheireddine-pour-un-modele-de-developpement-renouvele\/#primaryimage\",\"url\":\"\",\"contentUrl\":\"\"},{\"@type\":\"BreadcrumbList\",\"@id\":\"https:\/\/kapitalis.com\/tunisie\/2017\/05\/04\/cercle-kheireddine-pour-un-modele-de-developpement-renouvele\/#breadcrumb\",\"itemListElement\":[{\"@type\":\"ListItem\",\"position\":1,\"name\":\"Accueil\",\"item\":\"https:\/\/kapitalis.com\/tunisie\/\"},{\"@type\":\"ListItem\",\"position\":2,\"name\":\"Cercle Kheireddine : Pour un mod\u00e8le de d\u00e9veloppement renouvel\u00e9\"}]},{\"@type\":\"WebSite\",\"@id\":\"https:\/\/kapitalis.com\/tunisie\/#website\",\"url\":\"https:\/\/kapitalis.com\/tunisie\/\",\"name\":\"Kapitalis\",\"description\":\"L&#039;actualit\u00e9 en Tunisie et dans le monde\",\"publisher\":{\"@id\":\"https:\/\/kapitalis.com\/tunisie\/#organization\"},\"potentialAction\":[{\"@type\":\"SearchAction\",\"target\":{\"@type\":\"EntryPoint\",\"urlTemplate\":\"https:\/\/kapitalis.com\/tunisie\/?s={search_term_string}\"},\"query-input\":{\"@type\":\"PropertyValueSpecification\",\"valueRequired\":true,\"valueName\":\"search_term_string\"}}],\"inLanguage\":\"fr-FR\"},{\"@type\":\"Organization\",\"@id\":\"https:\/\/kapitalis.com\/tunisie\/#organization\",\"name\":\"Kapitalis\",\"url\":\"https:\/\/kapitalis.com\/tunisie\/\",\"logo\":{\"@type\":\"ImageObject\",\"inLanguage\":\"fr-FR\",\"@id\":\"https:\/\/kapitalis.com\/tunisie\/#\/schema\/logo\/image\/\",\"url\":\"https:\/\/kapitalis.com\/tunisie\/wp-content\/uploads\/2022\/05\/Kapitalis-big-size.png\",\"contentUrl\":\"https:\/\/kapitalis.com\/tunisie\/wp-content\/uploads\/2022\/05\/Kapitalis-big-size.png\",\"width\":5000,\"height\":1500,\"caption\":\"Kapitalis\"},\"image\":{\"@id\":\"https:\/\/kapitalis.com\/tunisie\/#\/schema\/logo\/image\/\"},\"sameAs\":[\"https:\/\/www.facebook.com\/KapitalisInfo\/\",\"https:\/\/x.com\/KapitalisInfo\",\"https:\/\/www.youtube.com\/channel\/UC-yDYrHyfFBWWZaOw3FPg9Q\"]},{\"@type\":\"Person\",\"@id\":\"https:\/\/kapitalis.com\/tunisie\/#\/schema\/person\/d71f33a9ca44f7bad4698210b480c8e9\",\"name\":\"webmaster kapitalis\",\"url\":\"https:\/\/kapitalis.com\/tunisie\/author\/webmaster-kapitalis\/\"}]}<\/script>\n<!-- \/ Yoast SEO plugin. -->","yoast_head_json":{"title":"Cercle Kheireddine : Pour un mod\u00e8le de d\u00e9veloppement renouvel\u00e9 - Kapitalis","robots":{"index":"index","follow":"follow","max-snippet":"max-snippet:-1","max-image-preview":"max-image-preview:large","max-video-preview":"max-video-preview:-1"},"canonical":"https:\/\/kapitalis.com\/tunisie\/2017\/05\/04\/cercle-kheireddine-pour-un-modele-de-developpement-renouvele\/","og_locale":"fr_FR","og_type":"article","og_title":"Cercle Kheireddine : Pour un mod\u00e8le de d\u00e9veloppement renouvel\u00e9 - Kapitalis","og_description":"Le Cercle Kheireddine a organis\u00e9 une rencontre pour pr\u00e9senter son ouvrage \u00abContributions du Cercle Kheireddine pour un mod\u00e8le de d\u00e9veloppement tunisien renouvel\u00e9\u00bb. Par Wajdi Msaed","og_url":"https:\/\/kapitalis.com\/tunisie\/2017\/05\/04\/cercle-kheireddine-pour-un-modele-de-developpement-renouvele\/","og_site_name":"Kapitalis","article_publisher":"https:\/\/www.facebook.com\/KapitalisInfo\/","article_published_time":"2017-05-04T18:26:41+00:00","article_modified_time":"2017-05-04T18:30:30+00:00","og_image":[{"width":1200,"height":630,"url":"https:\/\/kapitalis.com\/tunisie\/wp-content\/uploads\/2022\/05\/kapitalis-logo-fb.png","type":"image\/png"}],"author":"webmaster kapitalis","twitter_card":"summary_large_image","twitter_creator":"@KapitalisInfo","twitter_site":"@KapitalisInfo","twitter_misc":{"\u00c9crit par":"webmaster kapitalis","Dur\u00e9e de lecture estim\u00e9e":"7 minutes"},"schema":{"@context":"https:\/\/schema.org","@graph":[{"@type":"Article","@id":"https:\/\/kapitalis.com\/tunisie\/2017\/05\/04\/cercle-kheireddine-pour-un-modele-de-developpement-renouvele\/#article","isPartOf":{"@id":"https:\/\/kapitalis.com\/tunisie\/2017\/05\/04\/cercle-kheireddine-pour-un-modele-de-developpement-renouvele\/"},"author":{"name":"webmaster kapitalis","@id":"https:\/\/kapitalis.com\/tunisie\/#\/schema\/person\/d71f33a9ca44f7bad4698210b480c8e9"},"headline":"Cercle Kheireddine : Pour un mod\u00e8le de d\u00e9veloppement renouvel\u00e9","datePublished":"2017-05-04T18:26:41+00:00","dateModified":"2017-05-04T18:30:30+00:00","mainEntityOfPage":{"@id":"https:\/\/kapitalis.com\/tunisie\/2017\/05\/04\/cercle-kheireddine-pour-un-modele-de-developpement-renouvele\/"},"wordCount":1417,"commentCount":0,"publisher":{"@id":"https:\/\/kapitalis.com\/tunisie\/#organization"},"image":{"@id":"https:\/\/kapitalis.com\/tunisie\/2017\/05\/04\/cercle-kheireddine-pour-un-modele-de-developpement-renouvele\/#primaryimage"},"thumbnailUrl":"","keywords":["Afif Chelbi","Cercle Kheireddine","ch\u00f4mage","croissance","Holger Dix","Karim Ben Kahla","Konrad Adenauer"],"articleSection":["A LA UNE","ECONOMIE","Tunisie"],"inLanguage":"fr-FR","potentialAction":[{"@type":"CommentAction","name":"Comment","target":["https:\/\/kapitalis.com\/tunisie\/2017\/05\/04\/cercle-kheireddine-pour-un-modele-de-developpement-renouvele\/#respond"]}]},{"@type":"WebPage","@id":"https:\/\/kapitalis.com\/tunisie\/2017\/05\/04\/cercle-kheireddine-pour-un-modele-de-developpement-renouvele\/","url":"https:\/\/kapitalis.com\/tunisie\/2017\/05\/04\/cercle-kheireddine-pour-un-modele-de-developpement-renouvele\/","name":"Cercle Kheireddine : Pour un mod\u00e8le de d\u00e9veloppement renouvel\u00e9 - Kapitalis","isPartOf":{"@id":"https:\/\/kapitalis.com\/tunisie\/#website"},"primaryImageOfPage":{"@id":"https:\/\/kapitalis.com\/tunisie\/2017\/05\/04\/cercle-kheireddine-pour-un-modele-de-developpement-renouvele\/#primaryimage"},"image":{"@id":"https:\/\/kapitalis.com\/tunisie\/2017\/05\/04\/cercle-kheireddine-pour-un-modele-de-developpement-renouvele\/#primaryimage"},"thumbnailUrl":"","datePublished":"2017-05-04T18:26:41+00:00","dateModified":"2017-05-04T18:30:30+00:00","breadcrumb":{"@id":"https:\/\/kapitalis.com\/tunisie\/2017\/05\/04\/cercle-kheireddine-pour-un-modele-de-developpement-renouvele\/#breadcrumb"},"inLanguage":"fr-FR","potentialAction":[{"@type":"ReadAction","target":["https:\/\/kapitalis.com\/tunisie\/2017\/05\/04\/cercle-kheireddine-pour-un-modele-de-developpement-renouvele\/"]}]},{"@type":"ImageObject","inLanguage":"fr-FR","@id":"https:\/\/kapitalis.com\/tunisie\/2017\/05\/04\/cercle-kheireddine-pour-un-modele-de-developpement-renouvele\/#primaryimage","url":"","contentUrl":""},{"@type":"BreadcrumbList","@id":"https:\/\/kapitalis.com\/tunisie\/2017\/05\/04\/cercle-kheireddine-pour-un-modele-de-developpement-renouvele\/#breadcrumb","itemListElement":[{"@type":"ListItem","position":1,"name":"Accueil","item":"https:\/\/kapitalis.com\/tunisie\/"},{"@type":"ListItem","position":2,"name":"Cercle Kheireddine : Pour un mod\u00e8le de d\u00e9veloppement renouvel\u00e9"}]},{"@type":"WebSite","@id":"https:\/\/kapitalis.com\/tunisie\/#website","url":"https:\/\/kapitalis.com\/tunisie\/","name":"Kapitalis","description":"L&#039;actualit\u00e9 en Tunisie et dans le monde","publisher":{"@id":"https:\/\/kapitalis.com\/tunisie\/#organization"},"potentialAction":[{"@type":"SearchAction","target":{"@type":"EntryPoint","urlTemplate":"https:\/\/kapitalis.com\/tunisie\/?s={search_term_string}"},"query-input":{"@type":"PropertyValueSpecification","valueRequired":true,"valueName":"search_term_string"}}],"inLanguage":"fr-FR"},{"@type":"Organization","@id":"https:\/\/kapitalis.com\/tunisie\/#organization","name":"Kapitalis","url":"https:\/\/kapitalis.com\/tunisie\/","logo":{"@type":"ImageObject","inLanguage":"fr-FR","@id":"https:\/\/kapitalis.com\/tunisie\/#\/schema\/logo\/image\/","url":"https:\/\/kapitalis.com\/tunisie\/wp-content\/uploads\/2022\/05\/Kapitalis-big-size.png","contentUrl":"https:\/\/kapitalis.com\/tunisie\/wp-content\/uploads\/2022\/05\/Kapitalis-big-size.png","width":5000,"height":1500,"caption":"Kapitalis"},"image":{"@id":"https:\/\/kapitalis.com\/tunisie\/#\/schema\/logo\/image\/"},"sameAs":["https:\/\/www.facebook.com\/KapitalisInfo\/","https:\/\/x.com\/KapitalisInfo","https:\/\/www.youtube.com\/channel\/UC-yDYrHyfFBWWZaOw3FPg9Q"]},{"@type":"Person","@id":"https:\/\/kapitalis.com\/tunisie\/#\/schema\/person\/d71f33a9ca44f7bad4698210b480c8e9","name":"webmaster kapitalis","url":"https:\/\/kapitalis.com\/tunisie\/author\/webmaster-kapitalis\/"}]}},"_links":{"self":[{"href":"https:\/\/kapitalis.com\/tunisie\/wp-json\/wp\/v2\/posts\/94649","targetHints":{"allow":["GET"]}}],"collection":[{"href":"https:\/\/kapitalis.com\/tunisie\/wp-json\/wp\/v2\/posts"}],"about":[{"href":"https:\/\/kapitalis.com\/tunisie\/wp-json\/wp\/v2\/types\/post"}],"author":[{"embeddable":true,"href":"https:\/\/kapitalis.com\/tunisie\/wp-json\/wp\/v2\/users\/8"}],"replies":[{"embeddable":true,"href":"https:\/\/kapitalis.com\/tunisie\/wp-json\/wp\/v2\/comments?post=94649"}],"version-history":[{"count":0,"href":"https:\/\/kapitalis.com\/tunisie\/wp-json\/wp\/v2\/posts\/94649\/revisions"}],"wp:featuredmedia":[{"embeddable":true,"href":"https:\/\/kapitalis.com\/tunisie\/wp-json\/wp\/v2\/media\/94651"}],"wp:attachment":[{"href":"https:\/\/kapitalis.com\/tunisie\/wp-json\/wp\/v2\/media?parent=94649"}],"wp:term":[{"taxonomy":"category","embeddable":true,"href":"https:\/\/kapitalis.com\/tunisie\/wp-json\/wp\/v2\/categories?post=94649"},{"taxonomy":"post_tag","embeddable":true,"href":"https:\/\/kapitalis.com\/tunisie\/wp-json\/wp\/v2\/tags?post=94649"}],"curies":[{"name":"wp","href":"https:\/\/api.w.org\/{rel}","templated":true}]}}