{"id":9483907,"date":"2023-08-22T09:28:52","date_gmt":"2023-08-22T08:28:52","guid":{"rendered":"https:\/\/kapitalis.com\/tunisie\/?p=9483907"},"modified":"2023-08-22T09:32:57","modified_gmt":"2023-08-22T08:32:57","slug":"report-de-laudition-di-president-de-lassociation-des-magistrats","status":"publish","type":"post","link":"https:\/\/kapitalis.com\/tunisie\/2023\/08\/22\/report-de-laudition-di-president-de-lassociation-des-magistrats\/","title":{"rendered":"Report de l\u2019audition du pr\u00e9sident de l\u2019Association des magistrats"},"content":{"rendered":"\n<p><strong><em>Le juge d\u2019instruction du tribunal de premi\u00e8re instance d\u2019El-Kef a d\u00e9cid\u00e9 de renvoyer au 15 novembre prochain l\u2019audition du pr\u00e9sident de l\u2019Association des magistrats tunisiens (<a href=\"https:\/\/kapitalis.com\/tunisie\/2023\/08\/19\/lamt-exprime-sa-totale-solidarite-avec-son-president-anas-hmaidi\/\" target=\"_blank\" rel=\"noreferrer noopener\">AMT<\/a>) Anas Hmadi, a indiqu\u00e9, lundi 21 ao\u00fbt 2023, l\u2019avocat de la d\u00e9fense Ayachi Hammami.<\/em><\/strong><\/p>\n\n\n\n<!--more-->\n\n\n\n<p>Hmadi fait face \u00e0 des accusations d\u2019<em><a href=\"https:\/\/kapitalis.com\/tunisie\/2023\/08\/17\/tunisie-anas-hmadi-president-de-lamt-poursuivi-en-justice\/\" target=\"_blank\" rel=\"noreferrer noopener\">\u00abentrave \u00e0 la libert\u00e9 de travail\u00bb<\/a><\/em> suite \u00e0 une gr\u00e8ve des juges et des manifestations organis\u00e9es par l\u2019AMT pour d\u00e9noncer la d\u00e9cision de licencier 57 juges, le 1er juin 2022.<\/p>\n\n\n\n<p>L\u2019AMT a appel\u00e9 \u00e0 l\u2019arr\u00eat des poursuites disciplinaires et p\u00e9nales contre son pr\u00e9sident. Elle a \u00e9galement mis en garde contre toute \u00e9ventuelle \u00abd\u00e9cision arbitraire\u00bb \u00e0 son encontre.<\/p>\n\n\n\n<p>Le report de l\u2019audition proc\u00e8s a \u00e9t\u00e9 d\u00e9cid\u00e9 par le juge d\u2019instruction sur la demande de la d\u00e9fense afin de lui permettre d\u2019examiner le dossier d\u2019accusation. Ce report permettra aussi au magistrat de partir en voyage pour recevoir le Prix de la d\u00e9fense de l\u2019ind\u00e9pendance de la justice d\u00e9cern\u00e9 pour la premi\u00e8re fois par l\u2019Union internationale des magistrats (UIM) \u00e0 l\u2019AMT, a indiqu\u00e9 Me Hammami dans une intervention dans L\u2019Emission impossible sur IFM. <\/p>\n\n\n\n<p class=\"has-text-align-right\"><strong>I. B.<\/strong><\/p>\n\n\n\n<figure class=\"wp-block-embed is-type-wp-embed is-provider-kapitalis wp-block-embed-kapitalis\"><div class=\"wp-block-embed__wrapper\">\n<blockquote class=\"wp-embedded-content\" data-secret=\"dY5Ql6mxtB\"><a href=\"https:\/\/kapitalis.com\/tunisie\/2023\/08\/18\/tunisie-des-ong-demandent-labandon-des-poursuites-contre-anas-hmadi\/\">Tunisie\u00a0: des Ong demandent l\u2019abandon des poursuites contre Anas Hmadi<\/a><\/blockquote><iframe loading=\"lazy\" class=\"wp-embedded-content\" sandbox=\"allow-scripts\" security=\"restricted\" style=\"position: absolute; clip: rect(1px, 1px, 1px, 1px);\" title=\"\u00ab\u00a0Tunisie\u00a0: des Ong demandent l\u2019abandon des poursuites contre Anas Hmadi\u00a0\u00bb &#8212; Kapitalis\" src=\"https:\/\/kapitalis.com\/tunisie\/2023\/08\/18\/tunisie-des-ong-demandent-labandon-des-poursuites-contre-anas-hmadi\/embed\/#?secret=PPFY9JFK7B#?secret=dY5Ql6mxtB\" data-secret=\"dY5Ql6mxtB\" width=\"600\" height=\"338\" frameborder=\"0\" marginwidth=\"0\" marginheight=\"0\" scrolling=\"no\"><\/iframe>\n<\/div><\/figure>\n","protected":false},"excerpt":{"rendered":"<p>L\u2019audition du pr\u00e9sident de l\u2019Association des magistrats tunisiens (AMT) Anas Hmadi, report\u00e9e au 15 novembre 2023.<\/p>\n","protected":false},"author":8,"featured_media":9431322,"comment_status":"open","ping_status":"open","sticky":false,"template":"","format":"standard","meta":{"footnotes":""},"categories":[997,2433],"tags":[71,100883,31970,103804,64355,4650,62643,110554],"class_list":["post-9483907","post","type-post","status-publish","format-standard","has-post-thumbnail","hentry","category-politique","category-tunisie","tag-amt","tag-anas-hmadi","tag-ayachi-hammami","tag-el-kef-2","tag-justice","tag-magistrats","tag-tunisie","tag-uim"],"yoast_head":"<!-- This site is optimized with the Yoast SEO plugin v26.6 - https:\/\/yoast.com\/wordpress\/plugins\/seo\/ -->\n<title>Report de l\u2019audition du pr\u00e9sident de l\u2019Association des magistrats - Kapitalis<\/title>\n<meta name=\"robots\" content=\"index, follow, max-snippet:-1, max-image-preview:large, max-video-preview:-1\" \/>\n<link rel=\"canonical\" href=\"https:\/\/kapitalis.com\/tunisie\/2023\/08\/22\/report-de-laudition-di-president-de-lassociation-des-magistrats\/\" \/>\n<meta property=\"og:locale\" content=\"fr_FR\" \/>\n<meta property=\"og:type\" content=\"article\" \/>\n<meta property=\"og:title\" content=\"Report de l\u2019audition du pr\u00e9sident de l\u2019Association des magistrats - Kapitalis\" \/>\n<meta property=\"og:description\" content=\"L\u2019audition du pr\u00e9sident de l\u2019Association des magistrats tunisiens (AMT) Anas Hmadi, report\u00e9e au 15 novembre 2023.\" \/>\n<meta property=\"og:url\" content=\"https:\/\/kapitalis.com\/tunisie\/2023\/08\/22\/report-de-laudition-di-president-de-lassociation-des-magistrats\/\" \/>\n<meta property=\"og:site_name\" content=\"Kapitalis\" \/>\n<meta property=\"article:publisher\" content=\"https:\/\/www.facebook.com\/KapitalisInfo\/\" \/>\n<meta property=\"article:published_time\" content=\"2023-08-22T08:28:52+00:00\" \/>\n<meta property=\"article:modified_time\" content=\"2023-08-22T08:32:57+00:00\" \/>\n<meta property=\"og:image\" content=\"https:\/\/kapitalis.com\/tunisie\/wp-content\/uploads\/2023\/08\/Anas-Hmadi.jpg\" \/>\n\t<meta property=\"og:image:width\" content=\"1200\" \/>\n\t<meta property=\"og:image:height\" content=\"630\" \/>\n\t<meta property=\"og:image:type\" content=\"image\/jpeg\" \/>\n<meta name=\"author\" content=\"webmaster kapitalis\" \/>\n<meta name=\"twitter:card\" content=\"summary_large_image\" \/>\n<meta name=\"twitter:creator\" content=\"@KapitalisInfo\" \/>\n<meta name=\"twitter:site\" content=\"@KapitalisInfo\" \/>\n<meta name=\"twitter:label1\" content=\"\u00c9crit par\" \/>\n\t<meta name=\"twitter:data1\" content=\"webmaster kapitalis\" \/>\n\t<meta name=\"twitter:label2\" content=\"Dur\u00e9e de lecture estim\u00e9e\" \/>\n\t<meta name=\"twitter:data2\" content=\"1 minute\" \/>\n<script type=\"application\/ld+json\" class=\"yoast-schema-graph\">{\"@context\":\"https:\/\/schema.org\",\"@graph\":[{\"@type\":\"Article\",\"@id\":\"https:\/\/kapitalis.com\/tunisie\/2023\/08\/22\/report-de-laudition-di-president-de-lassociation-des-magistrats\/#article\",\"isPartOf\":{\"@id\":\"https:\/\/kapitalis.com\/tunisie\/2023\/08\/22\/report-de-laudition-di-president-de-lassociation-des-magistrats\/\"},\"author\":{\"name\":\"webmaster kapitalis\",\"@id\":\"https:\/\/kapitalis.com\/tunisie\/#\/schema\/person\/d71f33a9ca44f7bad4698210b480c8e9\"},\"headline\":\"Report de l\u2019audition du pr\u00e9sident de l\u2019Association des magistrats\",\"datePublished\":\"2023-08-22T08:28:52+00:00\",\"dateModified\":\"2023-08-22T08:32:57+00:00\",\"mainEntityOfPage\":{\"@id\":\"https:\/\/kapitalis.com\/tunisie\/2023\/08\/22\/report-de-laudition-di-president-de-lassociation-des-magistrats\/\"},\"wordCount\":221,\"commentCount\":0,\"publisher\":{\"@id\":\"https:\/\/kapitalis.com\/tunisie\/#organization\"},\"image\":{\"@id\":\"https:\/\/kapitalis.com\/tunisie\/2023\/08\/22\/report-de-laudition-di-president-de-lassociation-des-magistrats\/#primaryimage\"},\"thumbnailUrl\":\"https:\/\/kapitalis.com\/tunisie\/wp-content\/uploads\/2023\/08\/Anas-Hmadi.jpg\",\"keywords\":[\"AMT\",\"Anas Hmadi\",\"Ayachi Hammami\",\"El-Kef\",\"justice\",\"magistrats\",\"Tunisie\",\"UIM\"],\"articleSection\":[\"POLITIQUE\",\"Tunisie\"],\"inLanguage\":\"fr-FR\",\"potentialAction\":[{\"@type\":\"CommentAction\",\"name\":\"Comment\",\"target\":[\"https:\/\/kapitalis.com\/tunisie\/2023\/08\/22\/report-de-laudition-di-president-de-lassociation-des-magistrats\/#respond\"]}]},{\"@type\":\"WebPage\",\"@id\":\"https:\/\/kapitalis.com\/tunisie\/2023\/08\/22\/report-de-laudition-di-president-de-lassociation-des-magistrats\/\",\"url\":\"https:\/\/kapitalis.com\/tunisie\/2023\/08\/22\/report-de-laudition-di-president-de-lassociation-des-magistrats\/\",\"name\":\"Report de l\u2019audition du pr\u00e9sident de l\u2019Association des magistrats - Kapitalis\",\"isPartOf\":{\"@id\":\"https:\/\/kapitalis.com\/tunisie\/#website\"},\"primaryImageOfPage\":{\"@id\":\"https:\/\/kapitalis.com\/tunisie\/2023\/08\/22\/report-de-laudition-di-president-de-lassociation-des-magistrats\/#primaryimage\"},\"image\":{\"@id\":\"https:\/\/kapitalis.com\/tunisie\/2023\/08\/22\/report-de-laudition-di-president-de-lassociation-des-magistrats\/#primaryimage\"},\"thumbnailUrl\":\"https:\/\/kapitalis.com\/tunisie\/wp-content\/uploads\/2023\/08\/Anas-Hmadi.jpg\",\"datePublished\":\"2023-08-22T08:28:52+00:00\",\"dateModified\":\"2023-08-22T08:32:57+00:00\",\"breadcrumb\":{\"@id\":\"https:\/\/kapitalis.com\/tunisie\/2023\/08\/22\/report-de-laudition-di-president-de-lassociation-des-magistrats\/#breadcrumb\"},\"inLanguage\":\"fr-FR\",\"potentialAction\":[{\"@type\":\"ReadAction\",\"target\":[\"https:\/\/kapitalis.com\/tunisie\/2023\/08\/22\/report-de-laudition-di-president-de-lassociation-des-magistrats\/\"]}]},{\"@type\":\"ImageObject\",\"inLanguage\":\"fr-FR\",\"@id\":\"https:\/\/kapitalis.com\/tunisie\/2023\/08\/22\/report-de-laudition-di-president-de-lassociation-des-magistrats\/#primaryimage\",\"url\":\"https:\/\/kapitalis.com\/tunisie\/wp-content\/uploads\/2023\/08\/Anas-Hmadi.jpg\",\"contentUrl\":\"https:\/\/kapitalis.com\/tunisie\/wp-content\/uploads\/2023\/08\/Anas-Hmadi.jpg\",\"width\":1200,\"height\":630},{\"@type\":\"BreadcrumbList\",\"@id\":\"https:\/\/kapitalis.com\/tunisie\/2023\/08\/22\/report-de-laudition-di-president-de-lassociation-des-magistrats\/#breadcrumb\",\"itemListElement\":[{\"@type\":\"ListItem\",\"position\":1,\"name\":\"Accueil\",\"item\":\"https:\/\/kapitalis.com\/tunisie\/\"},{\"@type\":\"ListItem\",\"position\":2,\"name\":\"Report de l\u2019audition du pr\u00e9sident de l\u2019Association des magistrats\"}]},{\"@type\":\"WebSite\",\"@id\":\"https:\/\/kapitalis.com\/tunisie\/#website\",\"url\":\"https:\/\/kapitalis.com\/tunisie\/\",\"name\":\"Kapitalis\",\"description\":\"L&#039;actualit\u00e9 en Tunisie et dans le monde\",\"publisher\":{\"@id\":\"https:\/\/kapitalis.com\/tunisie\/#organization\"},\"potentialAction\":[{\"@type\":\"SearchAction\",\"target\":{\"@type\":\"EntryPoint\",\"urlTemplate\":\"https:\/\/kapitalis.com\/tunisie\/?s={search_term_string}\"},\"query-input\":{\"@type\":\"PropertyValueSpecification\",\"valueRequired\":true,\"valueName\":\"search_term_string\"}}],\"inLanguage\":\"fr-FR\"},{\"@type\":\"Organization\",\"@id\":\"https:\/\/kapitalis.com\/tunisie\/#organization\",\"name\":\"Kapitalis\",\"url\":\"https:\/\/kapitalis.com\/tunisie\/\",\"logo\":{\"@type\":\"ImageObject\",\"inLanguage\":\"fr-FR\",\"@id\":\"https:\/\/kapitalis.com\/tunisie\/#\/schema\/logo\/image\/\",\"url\":\"https:\/\/kapitalis.com\/tunisie\/wp-content\/uploads\/2022\/05\/Kapitalis-big-size.png\",\"contentUrl\":\"https:\/\/kapitalis.com\/tunisie\/wp-content\/uploads\/2022\/05\/Kapitalis-big-size.png\",\"width\":5000,\"height\":1500,\"caption\":\"Kapitalis\"},\"image\":{\"@id\":\"https:\/\/kapitalis.com\/tunisie\/#\/schema\/logo\/image\/\"},\"sameAs\":[\"https:\/\/www.facebook.com\/KapitalisInfo\/\",\"https:\/\/x.com\/KapitalisInfo\",\"https:\/\/www.youtube.com\/channel\/UC-yDYrHyfFBWWZaOw3FPg9Q\"]},{\"@type\":\"Person\",\"@id\":\"https:\/\/kapitalis.com\/tunisie\/#\/schema\/person\/d71f33a9ca44f7bad4698210b480c8e9\",\"name\":\"webmaster kapitalis\",\"url\":\"https:\/\/kapitalis.com\/tunisie\/author\/webmaster-kapitalis\/\"}]}<\/script>\n<!-- \/ Yoast SEO plugin. -->","yoast_head_json":{"title":"Report de l\u2019audition du pr\u00e9sident de l\u2019Association des magistrats - Kapitalis","robots":{"index":"index","follow":"follow","max-snippet":"max-snippet:-1","max-image-preview":"max-image-preview:large","max-video-preview":"max-video-preview:-1"},"canonical":"https:\/\/kapitalis.com\/tunisie\/2023\/08\/22\/report-de-laudition-di-president-de-lassociation-des-magistrats\/","og_locale":"fr_FR","og_type":"article","og_title":"Report de l\u2019audition du pr\u00e9sident de l\u2019Association des magistrats - Kapitalis","og_description":"L\u2019audition du pr\u00e9sident de l\u2019Association des magistrats tunisiens (AMT) Anas Hmadi, report\u00e9e au 15 novembre 2023.","og_url":"https:\/\/kapitalis.com\/tunisie\/2023\/08\/22\/report-de-laudition-di-president-de-lassociation-des-magistrats\/","og_site_name":"Kapitalis","article_publisher":"https:\/\/www.facebook.com\/KapitalisInfo\/","article_published_time":"2023-08-22T08:28:52+00:00","article_modified_time":"2023-08-22T08:32:57+00:00","og_image":[{"width":1200,"height":630,"url":"https:\/\/kapitalis.com\/tunisie\/wp-content\/uploads\/2023\/08\/Anas-Hmadi.jpg","type":"image\/jpeg"}],"author":"webmaster kapitalis","twitter_card":"summary_large_image","twitter_creator":"@KapitalisInfo","twitter_site":"@KapitalisInfo","twitter_misc":{"\u00c9crit par":"webmaster kapitalis","Dur\u00e9e de lecture estim\u00e9e":"1 minute"},"schema":{"@context":"https:\/\/schema.org","@graph":[{"@type":"Article","@id":"https:\/\/kapitalis.com\/tunisie\/2023\/08\/22\/report-de-laudition-di-president-de-lassociation-des-magistrats\/#article","isPartOf":{"@id":"https:\/\/kapitalis.com\/tunisie\/2023\/08\/22\/report-de-laudition-di-president-de-lassociation-des-magistrats\/"},"author":{"name":"webmaster kapitalis","@id":"https:\/\/kapitalis.com\/tunisie\/#\/schema\/person\/d71f33a9ca44f7bad4698210b480c8e9"},"headline":"Report de l\u2019audition du pr\u00e9sident de l\u2019Association des magistrats","datePublished":"2023-08-22T08:28:52+00:00","dateModified":"2023-08-22T08:32:57+00:00","mainEntityOfPage":{"@id":"https:\/\/kapitalis.com\/tunisie\/2023\/08\/22\/report-de-laudition-di-president-de-lassociation-des-magistrats\/"},"wordCount":221,"commentCount":0,"publisher":{"@id":"https:\/\/kapitalis.com\/tunisie\/#organization"},"image":{"@id":"https:\/\/kapitalis.com\/tunisie\/2023\/08\/22\/report-de-laudition-di-president-de-lassociation-des-magistrats\/#primaryimage"},"thumbnailUrl":"https:\/\/kapitalis.com\/tunisie\/wp-content\/uploads\/2023\/08\/Anas-Hmadi.jpg","keywords":["AMT","Anas Hmadi","Ayachi Hammami","El-Kef","justice","magistrats","Tunisie","UIM"],"articleSection":["POLITIQUE","Tunisie"],"inLanguage":"fr-FR","potentialAction":[{"@type":"CommentAction","name":"Comment","target":["https:\/\/kapitalis.com\/tunisie\/2023\/08\/22\/report-de-laudition-di-president-de-lassociation-des-magistrats\/#respond"]}]},{"@type":"WebPage","@id":"https:\/\/kapitalis.com\/tunisie\/2023\/08\/22\/report-de-laudition-di-president-de-lassociation-des-magistrats\/","url":"https:\/\/kapitalis.com\/tunisie\/2023\/08\/22\/report-de-laudition-di-president-de-lassociation-des-magistrats\/","name":"Report de l\u2019audition du pr\u00e9sident de l\u2019Association des magistrats - Kapitalis","isPartOf":{"@id":"https:\/\/kapitalis.com\/tunisie\/#website"},"primaryImageOfPage":{"@id":"https:\/\/kapitalis.com\/tunisie\/2023\/08\/22\/report-de-laudition-di-president-de-lassociation-des-magistrats\/#primaryimage"},"image":{"@id":"https:\/\/kapitalis.com\/tunisie\/2023\/08\/22\/report-de-laudition-di-president-de-lassociation-des-magistrats\/#primaryimage"},"thumbnailUrl":"https:\/\/kapitalis.com\/tunisie\/wp-content\/uploads\/2023\/08\/Anas-Hmadi.jpg","datePublished":"2023-08-22T08:28:52+00:00","dateModified":"2023-08-22T08:32:57+00:00","breadcrumb":{"@id":"https:\/\/kapitalis.com\/tunisie\/2023\/08\/22\/report-de-laudition-di-president-de-lassociation-des-magistrats\/#breadcrumb"},"inLanguage":"fr-FR","potentialAction":[{"@type":"ReadAction","target":["https:\/\/kapitalis.com\/tunisie\/2023\/08\/22\/report-de-laudition-di-president-de-lassociation-des-magistrats\/"]}]},{"@type":"ImageObject","inLanguage":"fr-FR","@id":"https:\/\/kapitalis.com\/tunisie\/2023\/08\/22\/report-de-laudition-di-president-de-lassociation-des-magistrats\/#primaryimage","url":"https:\/\/kapitalis.com\/tunisie\/wp-content\/uploads\/2023\/08\/Anas-Hmadi.jpg","contentUrl":"https:\/\/kapitalis.com\/tunisie\/wp-content\/uploads\/2023\/08\/Anas-Hmadi.jpg","width":1200,"height":630},{"@type":"BreadcrumbList","@id":"https:\/\/kapitalis.com\/tunisie\/2023\/08\/22\/report-de-laudition-di-president-de-lassociation-des-magistrats\/#breadcrumb","itemListElement":[{"@type":"ListItem","position":1,"name":"Accueil","item":"https:\/\/kapitalis.com\/tunisie\/"},{"@type":"ListItem","position":2,"name":"Report de l\u2019audition du pr\u00e9sident de l\u2019Association des magistrats"}]},{"@type":"WebSite","@id":"https:\/\/kapitalis.com\/tunisie\/#website","url":"https:\/\/kapitalis.com\/tunisie\/","name":"Kapitalis","description":"L&#039;actualit\u00e9 en Tunisie et dans le monde","publisher":{"@id":"https:\/\/kapitalis.com\/tunisie\/#organization"},"potentialAction":[{"@type":"SearchAction","target":{"@type":"EntryPoint","urlTemplate":"https:\/\/kapitalis.com\/tunisie\/?s={search_term_string}"},"query-input":{"@type":"PropertyValueSpecification","valueRequired":true,"valueName":"search_term_string"}}],"inLanguage":"fr-FR"},{"@type":"Organization","@id":"https:\/\/kapitalis.com\/tunisie\/#organization","name":"Kapitalis","url":"https:\/\/kapitalis.com\/tunisie\/","logo":{"@type":"ImageObject","inLanguage":"fr-FR","@id":"https:\/\/kapitalis.com\/tunisie\/#\/schema\/logo\/image\/","url":"https:\/\/kapitalis.com\/tunisie\/wp-content\/uploads\/2022\/05\/Kapitalis-big-size.png","contentUrl":"https:\/\/kapitalis.com\/tunisie\/wp-content\/uploads\/2022\/05\/Kapitalis-big-size.png","width":5000,"height":1500,"caption":"Kapitalis"},"image":{"@id":"https:\/\/kapitalis.com\/tunisie\/#\/schema\/logo\/image\/"},"sameAs":["https:\/\/www.facebook.com\/KapitalisInfo\/","https:\/\/x.com\/KapitalisInfo","https:\/\/www.youtube.com\/channel\/UC-yDYrHyfFBWWZaOw3FPg9Q"]},{"@type":"Person","@id":"https:\/\/kapitalis.com\/tunisie\/#\/schema\/person\/d71f33a9ca44f7bad4698210b480c8e9","name":"webmaster kapitalis","url":"https:\/\/kapitalis.com\/tunisie\/author\/webmaster-kapitalis\/"}]}},"_links":{"self":[{"href":"https:\/\/kapitalis.com\/tunisie\/wp-json\/wp\/v2\/posts\/9483907","targetHints":{"allow":["GET"]}}],"collection":[{"href":"https:\/\/kapitalis.com\/tunisie\/wp-json\/wp\/v2\/posts"}],"about":[{"href":"https:\/\/kapitalis.com\/tunisie\/wp-json\/wp\/v2\/types\/post"}],"author":[{"embeddable":true,"href":"https:\/\/kapitalis.com\/tunisie\/wp-json\/wp\/v2\/users\/8"}],"replies":[{"embeddable":true,"href":"https:\/\/kapitalis.com\/tunisie\/wp-json\/wp\/v2\/comments?post=9483907"}],"version-history":[{"count":2,"href":"https:\/\/kapitalis.com\/tunisie\/wp-json\/wp\/v2\/posts\/9483907\/revisions"}],"predecessor-version":[{"id":9484018,"href":"https:\/\/kapitalis.com\/tunisie\/wp-json\/wp\/v2\/posts\/9483907\/revisions\/9484018"}],"wp:featuredmedia":[{"embeddable":true,"href":"https:\/\/kapitalis.com\/tunisie\/wp-json\/wp\/v2\/media\/9431322"}],"wp:attachment":[{"href":"https:\/\/kapitalis.com\/tunisie\/wp-json\/wp\/v2\/media?parent=9483907"}],"wp:term":[{"taxonomy":"category","embeddable":true,"href":"https:\/\/kapitalis.com\/tunisie\/wp-json\/wp\/v2\/categories?post=9483907"},{"taxonomy":"post_tag","embeddable":true,"href":"https:\/\/kapitalis.com\/tunisie\/wp-json\/wp\/v2\/tags?post=9483907"}],"curies":[{"name":"wp","href":"https:\/\/api.w.org\/{rel}","templated":true}]}}