{"id":94841,"date":"2017-05-06T07:48:39","date_gmt":"2017-05-06T07:18:39","guid":{"rendered":"http:\/\/kapitalis.com\/tunisie\/?p=94841"},"modified":"2017-05-06T07:56:44","modified_gmt":"2017-05-06T07:26:44","slug":"imed-hammami-nouveau-porte-parole-officieux-du-gouvernement","status":"publish","type":"post","link":"https:\/\/kapitalis.com\/tunisie\/2017\/05\/06\/imed-hammami-nouveau-porte-parole-officieux-du-gouvernement\/","title":{"rendered":"Imed Hammami, nouveau porte-parole officieux du gouvernement"},"content":{"rendered":"<p style=\"text-align: center;\"><img loading=\"lazy\" decoding=\"async\" class=\"alignnone size-full wp-image-94844\" src=\"http:\/\/kapitalis.com\/tunisie\/wp-content\/uploads\/2017\/05\/Imed-Hammami-et-Iyed-Dahmani.jpg\" alt=\"\" width=\"626\" height=\"380\" \/><\/p>\n<p><em><strong>Youssef Chahed a-t-il charg\u00e9 Imed Hammami de la fonction de porte-parole du gouvernement \u00e0 la place d\u2019Iyed Dahmani? Beaucoup de signes semblent l\u2019indiquer.<\/strong> <\/em><\/p>\n<p><!--more--><\/p>\n<p>Des sources inform\u00e9es ont indiqu\u00e9 \u00e0 Kapitalis que le chef du gouvernement a d\u00e9j\u00e0 demand\u00e9 \u00e0 Iyed Dahmani, porte-parole \u00a0officiel du gouvernement, de limiter ses apparitions dans les m\u00e9dias sous pr\u00e9texte qu\u2019il ne s\u2019est pas acquitt\u00e9 jusque-l\u00e0 convenablement de sa mission, et c\u2019est le ministre de l\u2019Emploi et de la Formation professionnelle qui tient, officieusement, ce r\u00f4le. Les apparitions m\u00e9diatiques du Nahdhaoui se sont, en tout cas, multipli\u00e9es ces derniers temps. C&rsquo;est \u00e0 se demander s&rsquo;il n&rsquo;a rien d&rsquo;autre \u00e0 faire \u00e0 la t\u00eate d&rsquo;un d\u00e9partement aussi important que celui de l&rsquo;Emploi, qui plus est, dans un pays o\u00f9 le principal probl\u00e8me est le ch\u00f4mage, qui touche plus de 15% de la population active et plus de 30% dans certaines r\u00e9gions int\u00e9rieures.<\/p>\n<p>Quand on sait que l\u2019entr\u00e9e au gouvernement d\u2019Iyed Dahmani visait l\u2019\u00e9largissement de la base politique du gouvernement d\u2019union nationale, on peut estimer que le d\u00e9part programm\u00e9 du d\u00e9put\u00e9 du Parti r\u00e9publicain (Al-Joumhouri) remet en cause cette approche et trahit la volont\u00e9 de Chahed de recentrer son gouvernement sur l\u2019alliance Nidaa Tounes-Ennahdha, les deux partis les plus repr\u00e9sent\u00e9s \u00e0 l\u2019Assembl\u00e9e des repr\u00e9sentants du peuple (ARP). Alliance qui cache une domination de fait du parti islamiste qui, \u00e0 la faveur des \u00e9v\u00e9nements des derniers mois, notamment les tensions sociales dans les r\u00e9gions, est en train de tirer les ficelles des mouvements de protestations, d&rsquo;un c\u00f4t\u00e9, et de se pr\u00e9senter, de l&rsquo;autre, comme l&rsquo;unique parti soutenant le gouvernement, s\u2019imposant ainsi comme le v\u00e9ritable ma\u00eetre \u00e0 bord. Duplicit\u00e9, vous avez dit duplicit\u00e9?<\/p>\n<p>Sur un autre plan, certaines d\u00e9clarations d&rsquo;Iyed Dahmani, qui a cherch\u00e9 \u00e0 parler vrai et \u00e0 ne pas bercer les protestataires de Tataouine de fausses promesses, n&rsquo;ont pas eu l&rsquo;heur de plaire\u00a0\u00e0 ces derniers, qui, quant \u00e0 eux, pr\u00e9f\u00e8rent la langue de bois et les demi-mensonges d&rsquo;Imed Hammami, dont l&rsquo;\u00ab<em>efficacit\u00e9<\/em>\u00bb a amen\u00e9 le chef du gouvernement \u00e0 le charger du dossier de Tataouine. Ceci explique cela&#8230;<\/p>\n<p><em>Last but not least<\/em>, le parti de M. Dahmani a pris une position clairement oppos\u00e9e au projet de loi sur la r\u00e9conciliation \u00e9conomique et financi\u00e8re pr\u00e9sent\u00e9 par le pr\u00e9sident de la r\u00e9publique B\u00e9ji Ca\u00efd Essebsi, crime de l\u00e8se-majest\u00e9 que ce dernier ne pouvait pardonner.<\/p>\n<p style=\"text-align: right;\"><strong>A. K.<\/strong><\/p>\n","protected":false},"excerpt":{"rendered":"<p>Youssef Chahed a-t-il charg\u00e9 Imed Hammami de la fonction de porte-parole du gouvernement \u00e0 la place d\u2019Iyed Dahmani? Beaucoup de signes semblent l\u2019indiquer.<\/p>\n","protected":false},"author":8,"featured_media":94844,"comment_status":"open","ping_status":"open","sticky":false,"template":"","format":"standard","meta":{"footnotes":""},"categories":[997,2433],"tags":[5559,7070,17936,1312,19272],"class_list":["post-94841","post","type-post","status-publish","format-standard","has-post-thumbnail","hentry","category-politique","category-tunisie","tag-al-joumhouri","tag-imed-hammami","tag-iyed-dahmani","tag-parti-islamiste","tag-parti-republicain"],"yoast_head":"<!-- This site is optimized with the Yoast SEO plugin v26.6 - https:\/\/yoast.com\/wordpress\/plugins\/seo\/ -->\n<title>Imed Hammami, nouveau porte-parole officieux du gouvernement - Kapitalis<\/title>\n<meta name=\"robots\" content=\"index, follow, max-snippet:-1, max-image-preview:large, max-video-preview:-1\" \/>\n<link rel=\"canonical\" href=\"https:\/\/kapitalis.com\/tunisie\/2017\/05\/06\/imed-hammami-nouveau-porte-parole-officieux-du-gouvernement\/\" \/>\n<meta property=\"og:locale\" content=\"fr_FR\" \/>\n<meta property=\"og:type\" content=\"article\" \/>\n<meta property=\"og:title\" content=\"Imed Hammami, nouveau porte-parole officieux du gouvernement - Kapitalis\" \/>\n<meta property=\"og:description\" content=\"Youssef Chahed a-t-il charg\u00e9 Imed Hammami de la fonction de porte-parole du gouvernement \u00e0 la place d\u2019Iyed Dahmani? Beaucoup de signes semblent l\u2019indiquer.\" \/>\n<meta property=\"og:url\" content=\"https:\/\/kapitalis.com\/tunisie\/2017\/05\/06\/imed-hammami-nouveau-porte-parole-officieux-du-gouvernement\/\" \/>\n<meta property=\"og:site_name\" content=\"Kapitalis\" \/>\n<meta property=\"article:publisher\" content=\"https:\/\/www.facebook.com\/KapitalisInfo\/\" \/>\n<meta property=\"article:published_time\" content=\"2017-05-06T07:18:39+00:00\" \/>\n<meta property=\"article:modified_time\" content=\"2017-05-06T07:26:44+00:00\" \/>\n<meta property=\"og:image\" content=\"https:\/\/kapitalis.com\/tunisie\/wp-content\/uploads\/2022\/05\/kapitalis-logo-fb.png\" \/>\n\t<meta property=\"og:image:width\" content=\"1200\" \/>\n\t<meta property=\"og:image:height\" content=\"630\" \/>\n\t<meta property=\"og:image:type\" content=\"image\/png\" \/>\n<meta name=\"author\" content=\"webmaster kapitalis\" \/>\n<meta name=\"twitter:card\" content=\"summary_large_image\" \/>\n<meta name=\"twitter:creator\" content=\"@KapitalisInfo\" \/>\n<meta name=\"twitter:site\" content=\"@KapitalisInfo\" \/>\n<meta name=\"twitter:label1\" content=\"\u00c9crit par\" \/>\n\t<meta name=\"twitter:data1\" content=\"webmaster kapitalis\" \/>\n\t<meta name=\"twitter:label2\" content=\"Dur\u00e9e de lecture estim\u00e9e\" \/>\n\t<meta name=\"twitter:data2\" content=\"2 minutes\" \/>\n<script type=\"application\/ld+json\" class=\"yoast-schema-graph\">{\"@context\":\"https:\/\/schema.org\",\"@graph\":[{\"@type\":\"Article\",\"@id\":\"https:\/\/kapitalis.com\/tunisie\/2017\/05\/06\/imed-hammami-nouveau-porte-parole-officieux-du-gouvernement\/#article\",\"isPartOf\":{\"@id\":\"https:\/\/kapitalis.com\/tunisie\/2017\/05\/06\/imed-hammami-nouveau-porte-parole-officieux-du-gouvernement\/\"},\"author\":{\"name\":\"webmaster kapitalis\",\"@id\":\"https:\/\/kapitalis.com\/tunisie\/#\/schema\/person\/d71f33a9ca44f7bad4698210b480c8e9\"},\"headline\":\"Imed Hammami, nouveau porte-parole officieux du gouvernement\",\"datePublished\":\"2017-05-06T07:18:39+00:00\",\"dateModified\":\"2017-05-06T07:26:44+00:00\",\"mainEntityOfPage\":{\"@id\":\"https:\/\/kapitalis.com\/tunisie\/2017\/05\/06\/imed-hammami-nouveau-porte-parole-officieux-du-gouvernement\/\"},\"wordCount\":430,\"commentCount\":1,\"publisher\":{\"@id\":\"https:\/\/kapitalis.com\/tunisie\/#organization\"},\"image\":{\"@id\":\"https:\/\/kapitalis.com\/tunisie\/2017\/05\/06\/imed-hammami-nouveau-porte-parole-officieux-du-gouvernement\/#primaryimage\"},\"thumbnailUrl\":\"\",\"keywords\":[\"Al-Joumhouri\",\"Imed Hammami\",\"Iyed Dahmani\",\"parti islamiste\",\"Parti r\u00e9publicain\"],\"articleSection\":[\"POLITIQUE\",\"Tunisie\"],\"inLanguage\":\"fr-FR\",\"potentialAction\":[{\"@type\":\"CommentAction\",\"name\":\"Comment\",\"target\":[\"https:\/\/kapitalis.com\/tunisie\/2017\/05\/06\/imed-hammami-nouveau-porte-parole-officieux-du-gouvernement\/#respond\"]}]},{\"@type\":\"WebPage\",\"@id\":\"https:\/\/kapitalis.com\/tunisie\/2017\/05\/06\/imed-hammami-nouveau-porte-parole-officieux-du-gouvernement\/\",\"url\":\"https:\/\/kapitalis.com\/tunisie\/2017\/05\/06\/imed-hammami-nouveau-porte-parole-officieux-du-gouvernement\/\",\"name\":\"Imed Hammami, nouveau porte-parole officieux du gouvernement - Kapitalis\",\"isPartOf\":{\"@id\":\"https:\/\/kapitalis.com\/tunisie\/#website\"},\"primaryImageOfPage\":{\"@id\":\"https:\/\/kapitalis.com\/tunisie\/2017\/05\/06\/imed-hammami-nouveau-porte-parole-officieux-du-gouvernement\/#primaryimage\"},\"image\":{\"@id\":\"https:\/\/kapitalis.com\/tunisie\/2017\/05\/06\/imed-hammami-nouveau-porte-parole-officieux-du-gouvernement\/#primaryimage\"},\"thumbnailUrl\":\"\",\"datePublished\":\"2017-05-06T07:18:39+00:00\",\"dateModified\":\"2017-05-06T07:26:44+00:00\",\"breadcrumb\":{\"@id\":\"https:\/\/kapitalis.com\/tunisie\/2017\/05\/06\/imed-hammami-nouveau-porte-parole-officieux-du-gouvernement\/#breadcrumb\"},\"inLanguage\":\"fr-FR\",\"potentialAction\":[{\"@type\":\"ReadAction\",\"target\":[\"https:\/\/kapitalis.com\/tunisie\/2017\/05\/06\/imed-hammami-nouveau-porte-parole-officieux-du-gouvernement\/\"]}]},{\"@type\":\"ImageObject\",\"inLanguage\":\"fr-FR\",\"@id\":\"https:\/\/kapitalis.com\/tunisie\/2017\/05\/06\/imed-hammami-nouveau-porte-parole-officieux-du-gouvernement\/#primaryimage\",\"url\":\"\",\"contentUrl\":\"\"},{\"@type\":\"BreadcrumbList\",\"@id\":\"https:\/\/kapitalis.com\/tunisie\/2017\/05\/06\/imed-hammami-nouveau-porte-parole-officieux-du-gouvernement\/#breadcrumb\",\"itemListElement\":[{\"@type\":\"ListItem\",\"position\":1,\"name\":\"Accueil\",\"item\":\"https:\/\/kapitalis.com\/tunisie\/\"},{\"@type\":\"ListItem\",\"position\":2,\"name\":\"Imed Hammami, nouveau porte-parole officieux du gouvernement\"}]},{\"@type\":\"WebSite\",\"@id\":\"https:\/\/kapitalis.com\/tunisie\/#website\",\"url\":\"https:\/\/kapitalis.com\/tunisie\/\",\"name\":\"Kapitalis\",\"description\":\"L&#039;actualit\u00e9 en Tunisie et dans le monde\",\"publisher\":{\"@id\":\"https:\/\/kapitalis.com\/tunisie\/#organization\"},\"potentialAction\":[{\"@type\":\"SearchAction\",\"target\":{\"@type\":\"EntryPoint\",\"urlTemplate\":\"https:\/\/kapitalis.com\/tunisie\/?s={search_term_string}\"},\"query-input\":{\"@type\":\"PropertyValueSpecification\",\"valueRequired\":true,\"valueName\":\"search_term_string\"}}],\"inLanguage\":\"fr-FR\"},{\"@type\":\"Organization\",\"@id\":\"https:\/\/kapitalis.com\/tunisie\/#organization\",\"name\":\"Kapitalis\",\"url\":\"https:\/\/kapitalis.com\/tunisie\/\",\"logo\":{\"@type\":\"ImageObject\",\"inLanguage\":\"fr-FR\",\"@id\":\"https:\/\/kapitalis.com\/tunisie\/#\/schema\/logo\/image\/\",\"url\":\"https:\/\/kapitalis.com\/tunisie\/wp-content\/uploads\/2022\/05\/Kapitalis-big-size.png\",\"contentUrl\":\"https:\/\/kapitalis.com\/tunisie\/wp-content\/uploads\/2022\/05\/Kapitalis-big-size.png\",\"width\":5000,\"height\":1500,\"caption\":\"Kapitalis\"},\"image\":{\"@id\":\"https:\/\/kapitalis.com\/tunisie\/#\/schema\/logo\/image\/\"},\"sameAs\":[\"https:\/\/www.facebook.com\/KapitalisInfo\/\",\"https:\/\/x.com\/KapitalisInfo\",\"https:\/\/www.youtube.com\/channel\/UC-yDYrHyfFBWWZaOw3FPg9Q\"]},{\"@type\":\"Person\",\"@id\":\"https:\/\/kapitalis.com\/tunisie\/#\/schema\/person\/d71f33a9ca44f7bad4698210b480c8e9\",\"name\":\"webmaster kapitalis\",\"url\":\"https:\/\/kapitalis.com\/tunisie\/author\/webmaster-kapitalis\/\"}]}<\/script>\n<!-- \/ Yoast SEO plugin. -->","yoast_head_json":{"title":"Imed Hammami, nouveau porte-parole officieux du gouvernement - Kapitalis","robots":{"index":"index","follow":"follow","max-snippet":"max-snippet:-1","max-image-preview":"max-image-preview:large","max-video-preview":"max-video-preview:-1"},"canonical":"https:\/\/kapitalis.com\/tunisie\/2017\/05\/06\/imed-hammami-nouveau-porte-parole-officieux-du-gouvernement\/","og_locale":"fr_FR","og_type":"article","og_title":"Imed Hammami, nouveau porte-parole officieux du gouvernement - Kapitalis","og_description":"Youssef Chahed a-t-il charg\u00e9 Imed Hammami de la fonction de porte-parole du gouvernement \u00e0 la place d\u2019Iyed Dahmani? Beaucoup de signes semblent l\u2019indiquer.","og_url":"https:\/\/kapitalis.com\/tunisie\/2017\/05\/06\/imed-hammami-nouveau-porte-parole-officieux-du-gouvernement\/","og_site_name":"Kapitalis","article_publisher":"https:\/\/www.facebook.com\/KapitalisInfo\/","article_published_time":"2017-05-06T07:18:39+00:00","article_modified_time":"2017-05-06T07:26:44+00:00","og_image":[{"width":1200,"height":630,"url":"https:\/\/kapitalis.com\/tunisie\/wp-content\/uploads\/2022\/05\/kapitalis-logo-fb.png","type":"image\/png"}],"author":"webmaster kapitalis","twitter_card":"summary_large_image","twitter_creator":"@KapitalisInfo","twitter_site":"@KapitalisInfo","twitter_misc":{"\u00c9crit par":"webmaster kapitalis","Dur\u00e9e de lecture estim\u00e9e":"2 minutes"},"schema":{"@context":"https:\/\/schema.org","@graph":[{"@type":"Article","@id":"https:\/\/kapitalis.com\/tunisie\/2017\/05\/06\/imed-hammami-nouveau-porte-parole-officieux-du-gouvernement\/#article","isPartOf":{"@id":"https:\/\/kapitalis.com\/tunisie\/2017\/05\/06\/imed-hammami-nouveau-porte-parole-officieux-du-gouvernement\/"},"author":{"name":"webmaster kapitalis","@id":"https:\/\/kapitalis.com\/tunisie\/#\/schema\/person\/d71f33a9ca44f7bad4698210b480c8e9"},"headline":"Imed Hammami, nouveau porte-parole officieux du gouvernement","datePublished":"2017-05-06T07:18:39+00:00","dateModified":"2017-05-06T07:26:44+00:00","mainEntityOfPage":{"@id":"https:\/\/kapitalis.com\/tunisie\/2017\/05\/06\/imed-hammami-nouveau-porte-parole-officieux-du-gouvernement\/"},"wordCount":430,"commentCount":1,"publisher":{"@id":"https:\/\/kapitalis.com\/tunisie\/#organization"},"image":{"@id":"https:\/\/kapitalis.com\/tunisie\/2017\/05\/06\/imed-hammami-nouveau-porte-parole-officieux-du-gouvernement\/#primaryimage"},"thumbnailUrl":"","keywords":["Al-Joumhouri","Imed Hammami","Iyed Dahmani","parti islamiste","Parti r\u00e9publicain"],"articleSection":["POLITIQUE","Tunisie"],"inLanguage":"fr-FR","potentialAction":[{"@type":"CommentAction","name":"Comment","target":["https:\/\/kapitalis.com\/tunisie\/2017\/05\/06\/imed-hammami-nouveau-porte-parole-officieux-du-gouvernement\/#respond"]}]},{"@type":"WebPage","@id":"https:\/\/kapitalis.com\/tunisie\/2017\/05\/06\/imed-hammami-nouveau-porte-parole-officieux-du-gouvernement\/","url":"https:\/\/kapitalis.com\/tunisie\/2017\/05\/06\/imed-hammami-nouveau-porte-parole-officieux-du-gouvernement\/","name":"Imed Hammami, nouveau porte-parole officieux du gouvernement - Kapitalis","isPartOf":{"@id":"https:\/\/kapitalis.com\/tunisie\/#website"},"primaryImageOfPage":{"@id":"https:\/\/kapitalis.com\/tunisie\/2017\/05\/06\/imed-hammami-nouveau-porte-parole-officieux-du-gouvernement\/#primaryimage"},"image":{"@id":"https:\/\/kapitalis.com\/tunisie\/2017\/05\/06\/imed-hammami-nouveau-porte-parole-officieux-du-gouvernement\/#primaryimage"},"thumbnailUrl":"","datePublished":"2017-05-06T07:18:39+00:00","dateModified":"2017-05-06T07:26:44+00:00","breadcrumb":{"@id":"https:\/\/kapitalis.com\/tunisie\/2017\/05\/06\/imed-hammami-nouveau-porte-parole-officieux-du-gouvernement\/#breadcrumb"},"inLanguage":"fr-FR","potentialAction":[{"@type":"ReadAction","target":["https:\/\/kapitalis.com\/tunisie\/2017\/05\/06\/imed-hammami-nouveau-porte-parole-officieux-du-gouvernement\/"]}]},{"@type":"ImageObject","inLanguage":"fr-FR","@id":"https:\/\/kapitalis.com\/tunisie\/2017\/05\/06\/imed-hammami-nouveau-porte-parole-officieux-du-gouvernement\/#primaryimage","url":"","contentUrl":""},{"@type":"BreadcrumbList","@id":"https:\/\/kapitalis.com\/tunisie\/2017\/05\/06\/imed-hammami-nouveau-porte-parole-officieux-du-gouvernement\/#breadcrumb","itemListElement":[{"@type":"ListItem","position":1,"name":"Accueil","item":"https:\/\/kapitalis.com\/tunisie\/"},{"@type":"ListItem","position":2,"name":"Imed Hammami, nouveau porte-parole officieux du gouvernement"}]},{"@type":"WebSite","@id":"https:\/\/kapitalis.com\/tunisie\/#website","url":"https:\/\/kapitalis.com\/tunisie\/","name":"Kapitalis","description":"L&#039;actualit\u00e9 en Tunisie et dans le monde","publisher":{"@id":"https:\/\/kapitalis.com\/tunisie\/#organization"},"potentialAction":[{"@type":"SearchAction","target":{"@type":"EntryPoint","urlTemplate":"https:\/\/kapitalis.com\/tunisie\/?s={search_term_string}"},"query-input":{"@type":"PropertyValueSpecification","valueRequired":true,"valueName":"search_term_string"}}],"inLanguage":"fr-FR"},{"@type":"Organization","@id":"https:\/\/kapitalis.com\/tunisie\/#organization","name":"Kapitalis","url":"https:\/\/kapitalis.com\/tunisie\/","logo":{"@type":"ImageObject","inLanguage":"fr-FR","@id":"https:\/\/kapitalis.com\/tunisie\/#\/schema\/logo\/image\/","url":"https:\/\/kapitalis.com\/tunisie\/wp-content\/uploads\/2022\/05\/Kapitalis-big-size.png","contentUrl":"https:\/\/kapitalis.com\/tunisie\/wp-content\/uploads\/2022\/05\/Kapitalis-big-size.png","width":5000,"height":1500,"caption":"Kapitalis"},"image":{"@id":"https:\/\/kapitalis.com\/tunisie\/#\/schema\/logo\/image\/"},"sameAs":["https:\/\/www.facebook.com\/KapitalisInfo\/","https:\/\/x.com\/KapitalisInfo","https:\/\/www.youtube.com\/channel\/UC-yDYrHyfFBWWZaOw3FPg9Q"]},{"@type":"Person","@id":"https:\/\/kapitalis.com\/tunisie\/#\/schema\/person\/d71f33a9ca44f7bad4698210b480c8e9","name":"webmaster kapitalis","url":"https:\/\/kapitalis.com\/tunisie\/author\/webmaster-kapitalis\/"}]}},"_links":{"self":[{"href":"https:\/\/kapitalis.com\/tunisie\/wp-json\/wp\/v2\/posts\/94841","targetHints":{"allow":["GET"]}}],"collection":[{"href":"https:\/\/kapitalis.com\/tunisie\/wp-json\/wp\/v2\/posts"}],"about":[{"href":"https:\/\/kapitalis.com\/tunisie\/wp-json\/wp\/v2\/types\/post"}],"author":[{"embeddable":true,"href":"https:\/\/kapitalis.com\/tunisie\/wp-json\/wp\/v2\/users\/8"}],"replies":[{"embeddable":true,"href":"https:\/\/kapitalis.com\/tunisie\/wp-json\/wp\/v2\/comments?post=94841"}],"version-history":[{"count":0,"href":"https:\/\/kapitalis.com\/tunisie\/wp-json\/wp\/v2\/posts\/94841\/revisions"}],"wp:featuredmedia":[{"embeddable":true,"href":"https:\/\/kapitalis.com\/tunisie\/wp-json\/wp\/v2\/media\/94844"}],"wp:attachment":[{"href":"https:\/\/kapitalis.com\/tunisie\/wp-json\/wp\/v2\/media?parent=94841"}],"wp:term":[{"taxonomy":"category","embeddable":true,"href":"https:\/\/kapitalis.com\/tunisie\/wp-json\/wp\/v2\/categories?post=94841"},{"taxonomy":"post_tag","embeddable":true,"href":"https:\/\/kapitalis.com\/tunisie\/wp-json\/wp\/v2\/tags?post=94841"}],"curies":[{"name":"wp","href":"https:\/\/api.w.org\/{rel}","templated":true}]}}