{"id":94884,"date":"2017-05-06T09:52:11","date_gmt":"2017-05-06T09:22:11","guid":{"rendered":"http:\/\/kapitalis.com\/tunisie\/?p=94884"},"modified":"2017-05-06T09:52:11","modified_gmt":"2017-05-06T09:22:11","slug":"report-de-la-deduction-sur-salaires-des-magistrats-pour-cause-de-greves","status":"publish","type":"post","link":"https:\/\/kapitalis.com\/tunisie\/2017\/05\/06\/report-de-la-deduction-sur-salaires-des-magistrats-pour-cause-de-greves\/","title":{"rendered":"Report de la d\u00e9duction sur salaires des magistrats pour cause de gr\u00e8ves"},"content":{"rendered":"<p style=\"text-align: center;\"><img loading=\"lazy\" decoding=\"async\" class=\"alignnone size-full wp-image-6293\" src=\"http:\/\/kapitalis.com\/tunisie\/wp-content\/uploads\/2015\/07\/Palais-de-Justice.jpg\" alt=\"\" width=\"626\" height=\"380\" \/><\/p>\n<p style=\"text-align: center;\"><em>Palais de Justice de Tunis.<\/em><\/p>\n<p><em><strong>La d\u00e9duction sur les salaires des magistrats pour les jours de gr\u00e8ve qu\u2019ils ont observ\u00e9e en mars et avril 2017 va \u00eatre report\u00e9e.<\/strong><\/em><\/p>\n<p><!--more--><\/p>\n<p>En r\u00e9ponse aux 1913 demandes de non-d\u00e9duction des salaires, sign\u00e9es par les magistrats, parvenues \u00e0 son cabinet, le ministre de la Justice Ghazi Jribi vient de donner son autorisation pour reporter cette d\u00e9duction \u00e0 une date ult\u00e9rieure, probablement apr\u00e8s le mois de ramadan (fin mai &#8211; fin juin).<\/p>\n<p>Il est \u00e0 rappeler qu\u2019outre des revendications \u00e0 caract\u00e8res mat\u00e9riel et professionnel, notamment l\u2019am\u00e9lioration des conditions de travail dans les tribunaux, la question de la mise en place du Conseil sup\u00e9rieur de la magistrature (CSM) \u00e9tait l\u2019une des raisons de ces gr\u00e8ves qui ont paralys\u00e9 les tribunaux pendant plusieurs jours depuis le d\u00e9but de l\u2019ann\u00e9e.<\/p>\n<p>L\u2019Association des magistrats tunisiens (AMT) s\u2019\u00e9tait oppos\u00e9e \u00e0 l\u2019initiative prise par le gouvernement pour r\u00e9soudre les difficult\u00e9s relatives \u00e0 la finalisation de la composition du CSM et \u00e0 la tenue de sa premi\u00e8re r\u00e9union, estimant qu\u2019elle constitue une ing\u00e9rence de la part des pouvoirs ex\u00e9cutif et l\u00e9gislatif dans les affaires de la magistrature.<\/p>\n<p style=\"text-align: right;\"><strong>A. K.<\/strong><\/p>\n","protected":false},"excerpt":{"rendered":"<p>Palais de Justice de Tunis. La d\u00e9duction sur les salaires des magistrats pour les jours de gr\u00e8ve qu\u2019ils ont observ\u00e9e en mars et avril 2017 va \u00eatre report\u00e9e.<\/p>\n","protected":false},"author":8,"featured_media":0,"comment_status":"open","ping_status":"open","sticky":false,"template":"","format":"standard","meta":{"footnotes":""},"categories":[998,2433],"tags":[6870,7902,9745,426,1192],"class_list":["post-94884","post","type-post","status-publish","format-standard","hentry","category-societe","category-tunisie","tag-association-des-magistrats-tunisiens","tag-conseil-superieur-de-la-magistrature","tag-ghazi-jribi","tag-greves","tag-salaires"],"yoast_head":"<!-- This site is optimized with the Yoast SEO plugin v26.6 - https:\/\/yoast.com\/wordpress\/plugins\/seo\/ -->\n<title>Report de la d\u00e9duction sur salaires des magistrats pour cause de gr\u00e8ves - Kapitalis<\/title>\n<meta name=\"robots\" content=\"index, follow, max-snippet:-1, max-image-preview:large, max-video-preview:-1\" \/>\n<link rel=\"canonical\" href=\"https:\/\/kapitalis.com\/tunisie\/2017\/05\/06\/report-de-la-deduction-sur-salaires-des-magistrats-pour-cause-de-greves\/\" \/>\n<meta property=\"og:locale\" content=\"fr_FR\" \/>\n<meta property=\"og:type\" content=\"article\" \/>\n<meta property=\"og:title\" content=\"Report de la d\u00e9duction sur salaires des magistrats pour cause de gr\u00e8ves - Kapitalis\" \/>\n<meta property=\"og:description\" content=\"Palais de Justice de Tunis. La d\u00e9duction sur les salaires des magistrats pour les jours de gr\u00e8ve qu\u2019ils ont observ\u00e9e en mars et avril 2017 va \u00eatre report\u00e9e.\" \/>\n<meta property=\"og:url\" content=\"https:\/\/kapitalis.com\/tunisie\/2017\/05\/06\/report-de-la-deduction-sur-salaires-des-magistrats-pour-cause-de-greves\/\" \/>\n<meta property=\"og:site_name\" content=\"Kapitalis\" \/>\n<meta property=\"article:publisher\" content=\"https:\/\/www.facebook.com\/KapitalisInfo\/\" \/>\n<meta property=\"article:published_time\" content=\"2017-05-06T09:22:11+00:00\" \/>\n<meta property=\"og:image\" content=\"http:\/\/kapitalis.com\/tunisie\/wp-content\/uploads\/2015\/07\/Palais-de-Justice.jpg\" \/>\n<meta name=\"author\" content=\"webmaster kapitalis\" \/>\n<meta name=\"twitter:card\" content=\"summary_large_image\" \/>\n<meta name=\"twitter:creator\" content=\"@KapitalisInfo\" \/>\n<meta name=\"twitter:site\" content=\"@KapitalisInfo\" \/>\n<meta name=\"twitter:label1\" content=\"\u00c9crit par\" \/>\n\t<meta name=\"twitter:data1\" content=\"webmaster kapitalis\" \/>\n\t<meta name=\"twitter:label2\" content=\"Dur\u00e9e de lecture estim\u00e9e\" \/>\n\t<meta name=\"twitter:data2\" content=\"1 minute\" \/>\n<script type=\"application\/ld+json\" class=\"yoast-schema-graph\">{\"@context\":\"https:\/\/schema.org\",\"@graph\":[{\"@type\":\"Article\",\"@id\":\"https:\/\/kapitalis.com\/tunisie\/2017\/05\/06\/report-de-la-deduction-sur-salaires-des-magistrats-pour-cause-de-greves\/#article\",\"isPartOf\":{\"@id\":\"https:\/\/kapitalis.com\/tunisie\/2017\/05\/06\/report-de-la-deduction-sur-salaires-des-magistrats-pour-cause-de-greves\/\"},\"author\":{\"name\":\"webmaster kapitalis\",\"@id\":\"https:\/\/kapitalis.com\/tunisie\/#\/schema\/person\/d71f33a9ca44f7bad4698210b480c8e9\"},\"headline\":\"Report de la d\u00e9duction sur salaires des magistrats pour cause de gr\u00e8ves\",\"datePublished\":\"2017-05-06T09:22:11+00:00\",\"mainEntityOfPage\":{\"@id\":\"https:\/\/kapitalis.com\/tunisie\/2017\/05\/06\/report-de-la-deduction-sur-salaires-des-magistrats-pour-cause-de-greves\/\"},\"wordCount\":225,\"commentCount\":0,\"publisher\":{\"@id\":\"https:\/\/kapitalis.com\/tunisie\/#organization\"},\"image\":{\"@id\":\"https:\/\/kapitalis.com\/tunisie\/2017\/05\/06\/report-de-la-deduction-sur-salaires-des-magistrats-pour-cause-de-greves\/#primaryimage\"},\"thumbnailUrl\":\"http:\/\/kapitalis.com\/tunisie\/wp-content\/uploads\/2015\/07\/Palais-de-Justice.jpg\",\"keywords\":[\"association des magistrats tunisiens\",\"conseil sup\u00e9rieur de la magistrature\",\"Ghazi Jribi\",\"gr\u00e8ves\",\"salaires\"],\"articleSection\":[\"SOCIETE\",\"Tunisie\"],\"inLanguage\":\"fr-FR\",\"potentialAction\":[{\"@type\":\"CommentAction\",\"name\":\"Comment\",\"target\":[\"https:\/\/kapitalis.com\/tunisie\/2017\/05\/06\/report-de-la-deduction-sur-salaires-des-magistrats-pour-cause-de-greves\/#respond\"]}]},{\"@type\":\"WebPage\",\"@id\":\"https:\/\/kapitalis.com\/tunisie\/2017\/05\/06\/report-de-la-deduction-sur-salaires-des-magistrats-pour-cause-de-greves\/\",\"url\":\"https:\/\/kapitalis.com\/tunisie\/2017\/05\/06\/report-de-la-deduction-sur-salaires-des-magistrats-pour-cause-de-greves\/\",\"name\":\"Report de la d\u00e9duction sur salaires des magistrats pour cause de gr\u00e8ves - Kapitalis\",\"isPartOf\":{\"@id\":\"https:\/\/kapitalis.com\/tunisie\/#website\"},\"primaryImageOfPage\":{\"@id\":\"https:\/\/kapitalis.com\/tunisie\/2017\/05\/06\/report-de-la-deduction-sur-salaires-des-magistrats-pour-cause-de-greves\/#primaryimage\"},\"image\":{\"@id\":\"https:\/\/kapitalis.com\/tunisie\/2017\/05\/06\/report-de-la-deduction-sur-salaires-des-magistrats-pour-cause-de-greves\/#primaryimage\"},\"thumbnailUrl\":\"http:\/\/kapitalis.com\/tunisie\/wp-content\/uploads\/2015\/07\/Palais-de-Justice.jpg\",\"datePublished\":\"2017-05-06T09:22:11+00:00\",\"breadcrumb\":{\"@id\":\"https:\/\/kapitalis.com\/tunisie\/2017\/05\/06\/report-de-la-deduction-sur-salaires-des-magistrats-pour-cause-de-greves\/#breadcrumb\"},\"inLanguage\":\"fr-FR\",\"potentialAction\":[{\"@type\":\"ReadAction\",\"target\":[\"https:\/\/kapitalis.com\/tunisie\/2017\/05\/06\/report-de-la-deduction-sur-salaires-des-magistrats-pour-cause-de-greves\/\"]}]},{\"@type\":\"ImageObject\",\"inLanguage\":\"fr-FR\",\"@id\":\"https:\/\/kapitalis.com\/tunisie\/2017\/05\/06\/report-de-la-deduction-sur-salaires-des-magistrats-pour-cause-de-greves\/#primaryimage\",\"url\":\"http:\/\/kapitalis.com\/tunisie\/wp-content\/uploads\/2015\/07\/Palais-de-Justice.jpg\",\"contentUrl\":\"http:\/\/kapitalis.com\/tunisie\/wp-content\/uploads\/2015\/07\/Palais-de-Justice.jpg\"},{\"@type\":\"BreadcrumbList\",\"@id\":\"https:\/\/kapitalis.com\/tunisie\/2017\/05\/06\/report-de-la-deduction-sur-salaires-des-magistrats-pour-cause-de-greves\/#breadcrumb\",\"itemListElement\":[{\"@type\":\"ListItem\",\"position\":1,\"name\":\"Accueil\",\"item\":\"https:\/\/kapitalis.com\/tunisie\/\"},{\"@type\":\"ListItem\",\"position\":2,\"name\":\"Report de la d\u00e9duction sur salaires des magistrats pour cause de gr\u00e8ves\"}]},{\"@type\":\"WebSite\",\"@id\":\"https:\/\/kapitalis.com\/tunisie\/#website\",\"url\":\"https:\/\/kapitalis.com\/tunisie\/\",\"name\":\"Kapitalis\",\"description\":\"L&#039;actualit\u00e9 en Tunisie et dans le monde\",\"publisher\":{\"@id\":\"https:\/\/kapitalis.com\/tunisie\/#organization\"},\"potentialAction\":[{\"@type\":\"SearchAction\",\"target\":{\"@type\":\"EntryPoint\",\"urlTemplate\":\"https:\/\/kapitalis.com\/tunisie\/?s={search_term_string}\"},\"query-input\":{\"@type\":\"PropertyValueSpecification\",\"valueRequired\":true,\"valueName\":\"search_term_string\"}}],\"inLanguage\":\"fr-FR\"},{\"@type\":\"Organization\",\"@id\":\"https:\/\/kapitalis.com\/tunisie\/#organization\",\"name\":\"Kapitalis\",\"url\":\"https:\/\/kapitalis.com\/tunisie\/\",\"logo\":{\"@type\":\"ImageObject\",\"inLanguage\":\"fr-FR\",\"@id\":\"https:\/\/kapitalis.com\/tunisie\/#\/schema\/logo\/image\/\",\"url\":\"https:\/\/kapitalis.com\/tunisie\/wp-content\/uploads\/2022\/05\/Kapitalis-big-size.png\",\"contentUrl\":\"https:\/\/kapitalis.com\/tunisie\/wp-content\/uploads\/2022\/05\/Kapitalis-big-size.png\",\"width\":5000,\"height\":1500,\"caption\":\"Kapitalis\"},\"image\":{\"@id\":\"https:\/\/kapitalis.com\/tunisie\/#\/schema\/logo\/image\/\"},\"sameAs\":[\"https:\/\/www.facebook.com\/KapitalisInfo\/\",\"https:\/\/x.com\/KapitalisInfo\",\"https:\/\/www.youtube.com\/channel\/UC-yDYrHyfFBWWZaOw3FPg9Q\"]},{\"@type\":\"Person\",\"@id\":\"https:\/\/kapitalis.com\/tunisie\/#\/schema\/person\/d71f33a9ca44f7bad4698210b480c8e9\",\"name\":\"webmaster kapitalis\",\"url\":\"https:\/\/kapitalis.com\/tunisie\/author\/webmaster-kapitalis\/\"}]}<\/script>\n<!-- \/ Yoast SEO plugin. -->","yoast_head_json":{"title":"Report de la d\u00e9duction sur salaires des magistrats pour cause de gr\u00e8ves - Kapitalis","robots":{"index":"index","follow":"follow","max-snippet":"max-snippet:-1","max-image-preview":"max-image-preview:large","max-video-preview":"max-video-preview:-1"},"canonical":"https:\/\/kapitalis.com\/tunisie\/2017\/05\/06\/report-de-la-deduction-sur-salaires-des-magistrats-pour-cause-de-greves\/","og_locale":"fr_FR","og_type":"article","og_title":"Report de la d\u00e9duction sur salaires des magistrats pour cause de gr\u00e8ves - Kapitalis","og_description":"Palais de Justice de Tunis. La d\u00e9duction sur les salaires des magistrats pour les jours de gr\u00e8ve qu\u2019ils ont observ\u00e9e en mars et avril 2017 va \u00eatre report\u00e9e.","og_url":"https:\/\/kapitalis.com\/tunisie\/2017\/05\/06\/report-de-la-deduction-sur-salaires-des-magistrats-pour-cause-de-greves\/","og_site_name":"Kapitalis","article_publisher":"https:\/\/www.facebook.com\/KapitalisInfo\/","article_published_time":"2017-05-06T09:22:11+00:00","og_image":[{"url":"http:\/\/kapitalis.com\/tunisie\/wp-content\/uploads\/2015\/07\/Palais-de-Justice.jpg","type":"","width":"","height":""}],"author":"webmaster kapitalis","twitter_card":"summary_large_image","twitter_creator":"@KapitalisInfo","twitter_site":"@KapitalisInfo","twitter_misc":{"\u00c9crit par":"webmaster kapitalis","Dur\u00e9e de lecture estim\u00e9e":"1 minute"},"schema":{"@context":"https:\/\/schema.org","@graph":[{"@type":"Article","@id":"https:\/\/kapitalis.com\/tunisie\/2017\/05\/06\/report-de-la-deduction-sur-salaires-des-magistrats-pour-cause-de-greves\/#article","isPartOf":{"@id":"https:\/\/kapitalis.com\/tunisie\/2017\/05\/06\/report-de-la-deduction-sur-salaires-des-magistrats-pour-cause-de-greves\/"},"author":{"name":"webmaster kapitalis","@id":"https:\/\/kapitalis.com\/tunisie\/#\/schema\/person\/d71f33a9ca44f7bad4698210b480c8e9"},"headline":"Report de la d\u00e9duction sur salaires des magistrats pour cause de gr\u00e8ves","datePublished":"2017-05-06T09:22:11+00:00","mainEntityOfPage":{"@id":"https:\/\/kapitalis.com\/tunisie\/2017\/05\/06\/report-de-la-deduction-sur-salaires-des-magistrats-pour-cause-de-greves\/"},"wordCount":225,"commentCount":0,"publisher":{"@id":"https:\/\/kapitalis.com\/tunisie\/#organization"},"image":{"@id":"https:\/\/kapitalis.com\/tunisie\/2017\/05\/06\/report-de-la-deduction-sur-salaires-des-magistrats-pour-cause-de-greves\/#primaryimage"},"thumbnailUrl":"http:\/\/kapitalis.com\/tunisie\/wp-content\/uploads\/2015\/07\/Palais-de-Justice.jpg","keywords":["association des magistrats tunisiens","conseil sup\u00e9rieur de la magistrature","Ghazi Jribi","gr\u00e8ves","salaires"],"articleSection":["SOCIETE","Tunisie"],"inLanguage":"fr-FR","potentialAction":[{"@type":"CommentAction","name":"Comment","target":["https:\/\/kapitalis.com\/tunisie\/2017\/05\/06\/report-de-la-deduction-sur-salaires-des-magistrats-pour-cause-de-greves\/#respond"]}]},{"@type":"WebPage","@id":"https:\/\/kapitalis.com\/tunisie\/2017\/05\/06\/report-de-la-deduction-sur-salaires-des-magistrats-pour-cause-de-greves\/","url":"https:\/\/kapitalis.com\/tunisie\/2017\/05\/06\/report-de-la-deduction-sur-salaires-des-magistrats-pour-cause-de-greves\/","name":"Report de la d\u00e9duction sur salaires des magistrats pour cause de gr\u00e8ves - Kapitalis","isPartOf":{"@id":"https:\/\/kapitalis.com\/tunisie\/#website"},"primaryImageOfPage":{"@id":"https:\/\/kapitalis.com\/tunisie\/2017\/05\/06\/report-de-la-deduction-sur-salaires-des-magistrats-pour-cause-de-greves\/#primaryimage"},"image":{"@id":"https:\/\/kapitalis.com\/tunisie\/2017\/05\/06\/report-de-la-deduction-sur-salaires-des-magistrats-pour-cause-de-greves\/#primaryimage"},"thumbnailUrl":"http:\/\/kapitalis.com\/tunisie\/wp-content\/uploads\/2015\/07\/Palais-de-Justice.jpg","datePublished":"2017-05-06T09:22:11+00:00","breadcrumb":{"@id":"https:\/\/kapitalis.com\/tunisie\/2017\/05\/06\/report-de-la-deduction-sur-salaires-des-magistrats-pour-cause-de-greves\/#breadcrumb"},"inLanguage":"fr-FR","potentialAction":[{"@type":"ReadAction","target":["https:\/\/kapitalis.com\/tunisie\/2017\/05\/06\/report-de-la-deduction-sur-salaires-des-magistrats-pour-cause-de-greves\/"]}]},{"@type":"ImageObject","inLanguage":"fr-FR","@id":"https:\/\/kapitalis.com\/tunisie\/2017\/05\/06\/report-de-la-deduction-sur-salaires-des-magistrats-pour-cause-de-greves\/#primaryimage","url":"http:\/\/kapitalis.com\/tunisie\/wp-content\/uploads\/2015\/07\/Palais-de-Justice.jpg","contentUrl":"http:\/\/kapitalis.com\/tunisie\/wp-content\/uploads\/2015\/07\/Palais-de-Justice.jpg"},{"@type":"BreadcrumbList","@id":"https:\/\/kapitalis.com\/tunisie\/2017\/05\/06\/report-de-la-deduction-sur-salaires-des-magistrats-pour-cause-de-greves\/#breadcrumb","itemListElement":[{"@type":"ListItem","position":1,"name":"Accueil","item":"https:\/\/kapitalis.com\/tunisie\/"},{"@type":"ListItem","position":2,"name":"Report de la d\u00e9duction sur salaires des magistrats pour cause de gr\u00e8ves"}]},{"@type":"WebSite","@id":"https:\/\/kapitalis.com\/tunisie\/#website","url":"https:\/\/kapitalis.com\/tunisie\/","name":"Kapitalis","description":"L&#039;actualit\u00e9 en Tunisie et dans le monde","publisher":{"@id":"https:\/\/kapitalis.com\/tunisie\/#organization"},"potentialAction":[{"@type":"SearchAction","target":{"@type":"EntryPoint","urlTemplate":"https:\/\/kapitalis.com\/tunisie\/?s={search_term_string}"},"query-input":{"@type":"PropertyValueSpecification","valueRequired":true,"valueName":"search_term_string"}}],"inLanguage":"fr-FR"},{"@type":"Organization","@id":"https:\/\/kapitalis.com\/tunisie\/#organization","name":"Kapitalis","url":"https:\/\/kapitalis.com\/tunisie\/","logo":{"@type":"ImageObject","inLanguage":"fr-FR","@id":"https:\/\/kapitalis.com\/tunisie\/#\/schema\/logo\/image\/","url":"https:\/\/kapitalis.com\/tunisie\/wp-content\/uploads\/2022\/05\/Kapitalis-big-size.png","contentUrl":"https:\/\/kapitalis.com\/tunisie\/wp-content\/uploads\/2022\/05\/Kapitalis-big-size.png","width":5000,"height":1500,"caption":"Kapitalis"},"image":{"@id":"https:\/\/kapitalis.com\/tunisie\/#\/schema\/logo\/image\/"},"sameAs":["https:\/\/www.facebook.com\/KapitalisInfo\/","https:\/\/x.com\/KapitalisInfo","https:\/\/www.youtube.com\/channel\/UC-yDYrHyfFBWWZaOw3FPg9Q"]},{"@type":"Person","@id":"https:\/\/kapitalis.com\/tunisie\/#\/schema\/person\/d71f33a9ca44f7bad4698210b480c8e9","name":"webmaster kapitalis","url":"https:\/\/kapitalis.com\/tunisie\/author\/webmaster-kapitalis\/"}]}},"_links":{"self":[{"href":"https:\/\/kapitalis.com\/tunisie\/wp-json\/wp\/v2\/posts\/94884","targetHints":{"allow":["GET"]}}],"collection":[{"href":"https:\/\/kapitalis.com\/tunisie\/wp-json\/wp\/v2\/posts"}],"about":[{"href":"https:\/\/kapitalis.com\/tunisie\/wp-json\/wp\/v2\/types\/post"}],"author":[{"embeddable":true,"href":"https:\/\/kapitalis.com\/tunisie\/wp-json\/wp\/v2\/users\/8"}],"replies":[{"embeddable":true,"href":"https:\/\/kapitalis.com\/tunisie\/wp-json\/wp\/v2\/comments?post=94884"}],"version-history":[{"count":0,"href":"https:\/\/kapitalis.com\/tunisie\/wp-json\/wp\/v2\/posts\/94884\/revisions"}],"wp:attachment":[{"href":"https:\/\/kapitalis.com\/tunisie\/wp-json\/wp\/v2\/media?parent=94884"}],"wp:term":[{"taxonomy":"category","embeddable":true,"href":"https:\/\/kapitalis.com\/tunisie\/wp-json\/wp\/v2\/categories?post=94884"},{"taxonomy":"post_tag","embeddable":true,"href":"https:\/\/kapitalis.com\/tunisie\/wp-json\/wp\/v2\/tags?post=94884"}],"curies":[{"name":"wp","href":"https:\/\/api.w.org\/{rel}","templated":true}]}}