{"id":9493219,"date":"2023-08-23T01:09:14","date_gmt":"2023-08-23T00:09:14","guid":{"rendered":"https:\/\/kapitalis.com\/tunisie\/?p=9493219"},"modified":"2023-08-23T02:53:13","modified_gmt":"2023-08-23T01:53:13","slug":"le-corps-dun-homme-retrouve-calcine-dans-sa-voiture-a-sfax","status":"publish","type":"post","link":"https:\/\/kapitalis.com\/tunisie\/2023\/08\/23\/le-corps-dun-homme-retrouve-calcine-dans-sa-voiture-a-sfax\/","title":{"rendered":"Le corps d\u2019un homme retrouv\u00e9 calcin\u00e9 dans sa voiture \u00e0 Sfax"},"content":{"rendered":"\n<p><em><strong>Le parquet a ordonn\u00e9 l&rsquo;ouverture d&rsquo;une enqu\u00eate, mardi 22 ao\u00fbt 2023 suite \u00e0 la d\u00e9couverte du corps d\u2019un homme calcin\u00e9 dans sa voiture \u00e0 Mahres (Sfax).<\/strong><\/em><\/p>\n\n\n\n<!--more-->\n\n\n\n<p>La Direction r\u00e9gionale de la Protection civile de Sfax a \u00e9t\u00e9 alert\u00e9e lundi soir pour intervenir sur un v\u00e9hicule en feu pr\u00e8s de l&rsquo;autoroute et les agents se sont rendus dans la zone de Cha\u00e2l \u00e0 Mahres, d\u00e9couvrant le corps calcin\u00e9 dans la voiture ravag\u00e9e par les flammes.<\/p>\n\n\n\n<p>Dans une d\u00e9claration aux m\u00e9dias, le porte-parole de la Protection Civile le colonel major Moaz Trika, a pr\u00e9cis\u00e9 que le corps de la victime a \u00e9t\u00e9 extrait et remis aux agents de la Garde Nationale, charg\u00e9e par le Parquet de mener l&rsquo;enqu\u00eate, d&rsquo;autant que la piste criminelle n&rsquo;est pas \u00e9cart\u00e9e.<\/p>\n\n\n\n<p class=\"has-text-align-right\"><strong>Y.N.<\/strong><\/p>\n","protected":false},"excerpt":{"rendered":"<p>Le corps d\u2019un homme retrouv\u00e9 calcin\u00e9 dans sa voiture \u00e0 Sfax<\/p>\n","protected":false},"author":6,"featured_media":4857230,"comment_status":"open","ping_status":"open","sticky":false,"template":"","format":"standard","meta":{"footnotes":""},"categories":[998,2433],"tags":[64263,325,380,1035,79492,754,823,62643],"class_list":["post-9493219","post","type-post","status-publish","format-standard","has-post-thumbnail","hentry","category-societe","category-tunisie","tag-deces","tag-enquete","tag-feu","tag-incendie","tag-mahres-2","tag-protection-civile","tag-sfax","tag-tunisie"],"yoast_head":"<!-- This site is optimized with the Yoast SEO plugin v26.6 - https:\/\/yoast.com\/wordpress\/plugins\/seo\/ -->\n<title>Le corps d\u2019un homme retrouv\u00e9 calcin\u00e9 dans sa voiture \u00e0 Sfax - Kapitalis<\/title>\n<meta name=\"description\" content=\"Le parquet a ordonn\u00e9 l&#039;ouverture d&#039;une enqu\u00eate, mardi 22 ao\u00fbt 2023 suite \u00e0 la d\u00e9couverte du corps d\u2019un homme calcin\u00e9 dans sa voiture \u00e0 Mahres (Sfax).\" \/>\n<meta name=\"robots\" content=\"index, follow, max-snippet:-1, max-image-preview:large, max-video-preview:-1\" \/>\n<link rel=\"canonical\" href=\"https:\/\/kapitalis.com\/tunisie\/2023\/08\/23\/le-corps-dun-homme-retrouve-calcine-dans-sa-voiture-a-sfax\/\" \/>\n<meta property=\"og:locale\" content=\"fr_FR\" \/>\n<meta property=\"og:type\" content=\"article\" \/>\n<meta property=\"og:title\" content=\"Le corps d\u2019un homme retrouv\u00e9 calcin\u00e9 dans sa voiture \u00e0 Sfax - Kapitalis\" \/>\n<meta property=\"og:description\" content=\"Le parquet a ordonn\u00e9 l&#039;ouverture d&#039;une enqu\u00eate, mardi 22 ao\u00fbt 2023 suite \u00e0 la d\u00e9couverte du corps d\u2019un homme calcin\u00e9 dans sa voiture \u00e0 Mahres (Sfax).\" \/>\n<meta property=\"og:url\" content=\"https:\/\/kapitalis.com\/tunisie\/2023\/08\/23\/le-corps-dun-homme-retrouve-calcine-dans-sa-voiture-a-sfax\/\" \/>\n<meta property=\"og:site_name\" content=\"Kapitalis\" \/>\n<meta property=\"article:publisher\" content=\"https:\/\/www.facebook.com\/KapitalisInfo\/\" \/>\n<meta property=\"article:published_time\" content=\"2023-08-23T00:09:14+00:00\" \/>\n<meta property=\"article:modified_time\" content=\"2023-08-23T01:53:13+00:00\" \/>\n<meta property=\"og:image\" content=\"https:\/\/kapitalis.com\/tunisie\/wp-content\/uploads\/2022\/11\/protection-civile.jpg\" \/>\n\t<meta property=\"og:image:width\" content=\"1200\" \/>\n\t<meta property=\"og:image:height\" content=\"630\" \/>\n\t<meta property=\"og:image:type\" content=\"image\/jpeg\" \/>\n<meta name=\"author\" content=\"Yusra NY\" \/>\n<meta name=\"twitter:card\" content=\"summary_large_image\" \/>\n<meta name=\"twitter:creator\" content=\"@KapitalisInfo\" \/>\n<meta name=\"twitter:site\" content=\"@KapitalisInfo\" \/>\n<meta name=\"twitter:label1\" content=\"\u00c9crit par\" \/>\n\t<meta name=\"twitter:data1\" content=\"Yusra NY\" \/>\n\t<meta name=\"twitter:label2\" content=\"Dur\u00e9e de lecture estim\u00e9e\" \/>\n\t<meta name=\"twitter:data2\" content=\"1 minute\" \/>\n<script type=\"application\/ld+json\" class=\"yoast-schema-graph\">{\"@context\":\"https:\/\/schema.org\",\"@graph\":[{\"@type\":\"Article\",\"@id\":\"https:\/\/kapitalis.com\/tunisie\/2023\/08\/23\/le-corps-dun-homme-retrouve-calcine-dans-sa-voiture-a-sfax\/#article\",\"isPartOf\":{\"@id\":\"https:\/\/kapitalis.com\/tunisie\/2023\/08\/23\/le-corps-dun-homme-retrouve-calcine-dans-sa-voiture-a-sfax\/\"},\"author\":{\"name\":\"Yusra NY\",\"@id\":\"https:\/\/kapitalis.com\/tunisie\/#\/schema\/person\/74bbde0154d49d790a92aaeac5bc01d5\"},\"headline\":\"Le corps d\u2019un homme retrouv\u00e9 calcin\u00e9 dans sa voiture \u00e0 Sfax\",\"datePublished\":\"2023-08-23T00:09:14+00:00\",\"dateModified\":\"2023-08-23T01:53:13+00:00\",\"mainEntityOfPage\":{\"@id\":\"https:\/\/kapitalis.com\/tunisie\/2023\/08\/23\/le-corps-dun-homme-retrouve-calcine-dans-sa-voiture-a-sfax\/\"},\"wordCount\":149,\"commentCount\":1,\"publisher\":{\"@id\":\"https:\/\/kapitalis.com\/tunisie\/#organization\"},\"image\":{\"@id\":\"https:\/\/kapitalis.com\/tunisie\/2023\/08\/23\/le-corps-dun-homme-retrouve-calcine-dans-sa-voiture-a-sfax\/#primaryimage\"},\"thumbnailUrl\":\"https:\/\/kapitalis.com\/tunisie\/wp-content\/uploads\/2022\/11\/protection-civile.jpg\",\"keywords\":[\"d\u00e9c\u00e8s\",\"enqu\u00eate\",\"feu\",\"Incendie\",\"Mahres\",\"protection civile\",\"Sfax\",\"Tunisie\"],\"articleSection\":[\"SOCIETE\",\"Tunisie\"],\"inLanguage\":\"fr-FR\",\"potentialAction\":[{\"@type\":\"CommentAction\",\"name\":\"Comment\",\"target\":[\"https:\/\/kapitalis.com\/tunisie\/2023\/08\/23\/le-corps-dun-homme-retrouve-calcine-dans-sa-voiture-a-sfax\/#respond\"]}]},{\"@type\":\"WebPage\",\"@id\":\"https:\/\/kapitalis.com\/tunisie\/2023\/08\/23\/le-corps-dun-homme-retrouve-calcine-dans-sa-voiture-a-sfax\/\",\"url\":\"https:\/\/kapitalis.com\/tunisie\/2023\/08\/23\/le-corps-dun-homme-retrouve-calcine-dans-sa-voiture-a-sfax\/\",\"name\":\"Le corps d\u2019un homme retrouv\u00e9 calcin\u00e9 dans sa voiture \u00e0 Sfax - Kapitalis\",\"isPartOf\":{\"@id\":\"https:\/\/kapitalis.com\/tunisie\/#website\"},\"primaryImageOfPage\":{\"@id\":\"https:\/\/kapitalis.com\/tunisie\/2023\/08\/23\/le-corps-dun-homme-retrouve-calcine-dans-sa-voiture-a-sfax\/#primaryimage\"},\"image\":{\"@id\":\"https:\/\/kapitalis.com\/tunisie\/2023\/08\/23\/le-corps-dun-homme-retrouve-calcine-dans-sa-voiture-a-sfax\/#primaryimage\"},\"thumbnailUrl\":\"https:\/\/kapitalis.com\/tunisie\/wp-content\/uploads\/2022\/11\/protection-civile.jpg\",\"datePublished\":\"2023-08-23T00:09:14+00:00\",\"dateModified\":\"2023-08-23T01:53:13+00:00\",\"description\":\"Le parquet a ordonn\u00e9 l'ouverture d'une enqu\u00eate, mardi 22 ao\u00fbt 2023 suite \u00e0 la d\u00e9couverte du corps d\u2019un homme calcin\u00e9 dans sa voiture \u00e0 Mahres (Sfax).\",\"breadcrumb\":{\"@id\":\"https:\/\/kapitalis.com\/tunisie\/2023\/08\/23\/le-corps-dun-homme-retrouve-calcine-dans-sa-voiture-a-sfax\/#breadcrumb\"},\"inLanguage\":\"fr-FR\",\"potentialAction\":[{\"@type\":\"ReadAction\",\"target\":[\"https:\/\/kapitalis.com\/tunisie\/2023\/08\/23\/le-corps-dun-homme-retrouve-calcine-dans-sa-voiture-a-sfax\/\"]}]},{\"@type\":\"ImageObject\",\"inLanguage\":\"fr-FR\",\"@id\":\"https:\/\/kapitalis.com\/tunisie\/2023\/08\/23\/le-corps-dun-homme-retrouve-calcine-dans-sa-voiture-a-sfax\/#primaryimage\",\"url\":\"https:\/\/kapitalis.com\/tunisie\/wp-content\/uploads\/2022\/11\/protection-civile.jpg\",\"contentUrl\":\"https:\/\/kapitalis.com\/tunisie\/wp-content\/uploads\/2022\/11\/protection-civile.jpg\",\"width\":1200,\"height\":630},{\"@type\":\"BreadcrumbList\",\"@id\":\"https:\/\/kapitalis.com\/tunisie\/2023\/08\/23\/le-corps-dun-homme-retrouve-calcine-dans-sa-voiture-a-sfax\/#breadcrumb\",\"itemListElement\":[{\"@type\":\"ListItem\",\"position\":1,\"name\":\"Accueil\",\"item\":\"https:\/\/kapitalis.com\/tunisie\/\"},{\"@type\":\"ListItem\",\"position\":2,\"name\":\"Le corps d\u2019un homme retrouv\u00e9 calcin\u00e9 dans sa voiture \u00e0 Sfax\"}]},{\"@type\":\"WebSite\",\"@id\":\"https:\/\/kapitalis.com\/tunisie\/#website\",\"url\":\"https:\/\/kapitalis.com\/tunisie\/\",\"name\":\"Kapitalis\",\"description\":\"L&#039;actualit\u00e9 en Tunisie et dans le monde\",\"publisher\":{\"@id\":\"https:\/\/kapitalis.com\/tunisie\/#organization\"},\"potentialAction\":[{\"@type\":\"SearchAction\",\"target\":{\"@type\":\"EntryPoint\",\"urlTemplate\":\"https:\/\/kapitalis.com\/tunisie\/?s={search_term_string}\"},\"query-input\":{\"@type\":\"PropertyValueSpecification\",\"valueRequired\":true,\"valueName\":\"search_term_string\"}}],\"inLanguage\":\"fr-FR\"},{\"@type\":\"Organization\",\"@id\":\"https:\/\/kapitalis.com\/tunisie\/#organization\",\"name\":\"Kapitalis\",\"url\":\"https:\/\/kapitalis.com\/tunisie\/\",\"logo\":{\"@type\":\"ImageObject\",\"inLanguage\":\"fr-FR\",\"@id\":\"https:\/\/kapitalis.com\/tunisie\/#\/schema\/logo\/image\/\",\"url\":\"https:\/\/kapitalis.com\/tunisie\/wp-content\/uploads\/2022\/05\/Kapitalis-big-size.png\",\"contentUrl\":\"https:\/\/kapitalis.com\/tunisie\/wp-content\/uploads\/2022\/05\/Kapitalis-big-size.png\",\"width\":5000,\"height\":1500,\"caption\":\"Kapitalis\"},\"image\":{\"@id\":\"https:\/\/kapitalis.com\/tunisie\/#\/schema\/logo\/image\/\"},\"sameAs\":[\"https:\/\/www.facebook.com\/KapitalisInfo\/\",\"https:\/\/x.com\/KapitalisInfo\",\"https:\/\/www.youtube.com\/channel\/UC-yDYrHyfFBWWZaOw3FPg9Q\"]},{\"@type\":\"Person\",\"@id\":\"https:\/\/kapitalis.com\/tunisie\/#\/schema\/person\/74bbde0154d49d790a92aaeac5bc01d5\",\"name\":\"Yusra NY\",\"url\":\"https:\/\/kapitalis.com\/tunisie\/author\/yuza_adam\/\"}]}<\/script>\n<!-- \/ Yoast SEO plugin. -->","yoast_head_json":{"title":"Le corps d\u2019un homme retrouv\u00e9 calcin\u00e9 dans sa voiture \u00e0 Sfax - Kapitalis","description":"Le parquet a ordonn\u00e9 l'ouverture d'une enqu\u00eate, mardi 22 ao\u00fbt 2023 suite \u00e0 la d\u00e9couverte du corps d\u2019un homme calcin\u00e9 dans sa voiture \u00e0 Mahres (Sfax).","robots":{"index":"index","follow":"follow","max-snippet":"max-snippet:-1","max-image-preview":"max-image-preview:large","max-video-preview":"max-video-preview:-1"},"canonical":"https:\/\/kapitalis.com\/tunisie\/2023\/08\/23\/le-corps-dun-homme-retrouve-calcine-dans-sa-voiture-a-sfax\/","og_locale":"fr_FR","og_type":"article","og_title":"Le corps d\u2019un homme retrouv\u00e9 calcin\u00e9 dans sa voiture \u00e0 Sfax - Kapitalis","og_description":"Le parquet a ordonn\u00e9 l'ouverture d'une enqu\u00eate, mardi 22 ao\u00fbt 2023 suite \u00e0 la d\u00e9couverte du corps d\u2019un homme calcin\u00e9 dans sa voiture \u00e0 Mahres (Sfax).","og_url":"https:\/\/kapitalis.com\/tunisie\/2023\/08\/23\/le-corps-dun-homme-retrouve-calcine-dans-sa-voiture-a-sfax\/","og_site_name":"Kapitalis","article_publisher":"https:\/\/www.facebook.com\/KapitalisInfo\/","article_published_time":"2023-08-23T00:09:14+00:00","article_modified_time":"2023-08-23T01:53:13+00:00","og_image":[{"width":1200,"height":630,"url":"https:\/\/kapitalis.com\/tunisie\/wp-content\/uploads\/2022\/11\/protection-civile.jpg","type":"image\/jpeg"}],"author":"Yusra NY","twitter_card":"summary_large_image","twitter_creator":"@KapitalisInfo","twitter_site":"@KapitalisInfo","twitter_misc":{"\u00c9crit par":"Yusra NY","Dur\u00e9e de lecture estim\u00e9e":"1 minute"},"schema":{"@context":"https:\/\/schema.org","@graph":[{"@type":"Article","@id":"https:\/\/kapitalis.com\/tunisie\/2023\/08\/23\/le-corps-dun-homme-retrouve-calcine-dans-sa-voiture-a-sfax\/#article","isPartOf":{"@id":"https:\/\/kapitalis.com\/tunisie\/2023\/08\/23\/le-corps-dun-homme-retrouve-calcine-dans-sa-voiture-a-sfax\/"},"author":{"name":"Yusra NY","@id":"https:\/\/kapitalis.com\/tunisie\/#\/schema\/person\/74bbde0154d49d790a92aaeac5bc01d5"},"headline":"Le corps d\u2019un homme retrouv\u00e9 calcin\u00e9 dans sa voiture \u00e0 Sfax","datePublished":"2023-08-23T00:09:14+00:00","dateModified":"2023-08-23T01:53:13+00:00","mainEntityOfPage":{"@id":"https:\/\/kapitalis.com\/tunisie\/2023\/08\/23\/le-corps-dun-homme-retrouve-calcine-dans-sa-voiture-a-sfax\/"},"wordCount":149,"commentCount":1,"publisher":{"@id":"https:\/\/kapitalis.com\/tunisie\/#organization"},"image":{"@id":"https:\/\/kapitalis.com\/tunisie\/2023\/08\/23\/le-corps-dun-homme-retrouve-calcine-dans-sa-voiture-a-sfax\/#primaryimage"},"thumbnailUrl":"https:\/\/kapitalis.com\/tunisie\/wp-content\/uploads\/2022\/11\/protection-civile.jpg","keywords":["d\u00e9c\u00e8s","enqu\u00eate","feu","Incendie","Mahres","protection civile","Sfax","Tunisie"],"articleSection":["SOCIETE","Tunisie"],"inLanguage":"fr-FR","potentialAction":[{"@type":"CommentAction","name":"Comment","target":["https:\/\/kapitalis.com\/tunisie\/2023\/08\/23\/le-corps-dun-homme-retrouve-calcine-dans-sa-voiture-a-sfax\/#respond"]}]},{"@type":"WebPage","@id":"https:\/\/kapitalis.com\/tunisie\/2023\/08\/23\/le-corps-dun-homme-retrouve-calcine-dans-sa-voiture-a-sfax\/","url":"https:\/\/kapitalis.com\/tunisie\/2023\/08\/23\/le-corps-dun-homme-retrouve-calcine-dans-sa-voiture-a-sfax\/","name":"Le corps d\u2019un homme retrouv\u00e9 calcin\u00e9 dans sa voiture \u00e0 Sfax - Kapitalis","isPartOf":{"@id":"https:\/\/kapitalis.com\/tunisie\/#website"},"primaryImageOfPage":{"@id":"https:\/\/kapitalis.com\/tunisie\/2023\/08\/23\/le-corps-dun-homme-retrouve-calcine-dans-sa-voiture-a-sfax\/#primaryimage"},"image":{"@id":"https:\/\/kapitalis.com\/tunisie\/2023\/08\/23\/le-corps-dun-homme-retrouve-calcine-dans-sa-voiture-a-sfax\/#primaryimage"},"thumbnailUrl":"https:\/\/kapitalis.com\/tunisie\/wp-content\/uploads\/2022\/11\/protection-civile.jpg","datePublished":"2023-08-23T00:09:14+00:00","dateModified":"2023-08-23T01:53:13+00:00","description":"Le parquet a ordonn\u00e9 l'ouverture d'une enqu\u00eate, mardi 22 ao\u00fbt 2023 suite \u00e0 la d\u00e9couverte du corps d\u2019un homme calcin\u00e9 dans sa voiture \u00e0 Mahres (Sfax).","breadcrumb":{"@id":"https:\/\/kapitalis.com\/tunisie\/2023\/08\/23\/le-corps-dun-homme-retrouve-calcine-dans-sa-voiture-a-sfax\/#breadcrumb"},"inLanguage":"fr-FR","potentialAction":[{"@type":"ReadAction","target":["https:\/\/kapitalis.com\/tunisie\/2023\/08\/23\/le-corps-dun-homme-retrouve-calcine-dans-sa-voiture-a-sfax\/"]}]},{"@type":"ImageObject","inLanguage":"fr-FR","@id":"https:\/\/kapitalis.com\/tunisie\/2023\/08\/23\/le-corps-dun-homme-retrouve-calcine-dans-sa-voiture-a-sfax\/#primaryimage","url":"https:\/\/kapitalis.com\/tunisie\/wp-content\/uploads\/2022\/11\/protection-civile.jpg","contentUrl":"https:\/\/kapitalis.com\/tunisie\/wp-content\/uploads\/2022\/11\/protection-civile.jpg","width":1200,"height":630},{"@type":"BreadcrumbList","@id":"https:\/\/kapitalis.com\/tunisie\/2023\/08\/23\/le-corps-dun-homme-retrouve-calcine-dans-sa-voiture-a-sfax\/#breadcrumb","itemListElement":[{"@type":"ListItem","position":1,"name":"Accueil","item":"https:\/\/kapitalis.com\/tunisie\/"},{"@type":"ListItem","position":2,"name":"Le corps d\u2019un homme retrouv\u00e9 calcin\u00e9 dans sa voiture \u00e0 Sfax"}]},{"@type":"WebSite","@id":"https:\/\/kapitalis.com\/tunisie\/#website","url":"https:\/\/kapitalis.com\/tunisie\/","name":"Kapitalis","description":"L&#039;actualit\u00e9 en Tunisie et dans le monde","publisher":{"@id":"https:\/\/kapitalis.com\/tunisie\/#organization"},"potentialAction":[{"@type":"SearchAction","target":{"@type":"EntryPoint","urlTemplate":"https:\/\/kapitalis.com\/tunisie\/?s={search_term_string}"},"query-input":{"@type":"PropertyValueSpecification","valueRequired":true,"valueName":"search_term_string"}}],"inLanguage":"fr-FR"},{"@type":"Organization","@id":"https:\/\/kapitalis.com\/tunisie\/#organization","name":"Kapitalis","url":"https:\/\/kapitalis.com\/tunisie\/","logo":{"@type":"ImageObject","inLanguage":"fr-FR","@id":"https:\/\/kapitalis.com\/tunisie\/#\/schema\/logo\/image\/","url":"https:\/\/kapitalis.com\/tunisie\/wp-content\/uploads\/2022\/05\/Kapitalis-big-size.png","contentUrl":"https:\/\/kapitalis.com\/tunisie\/wp-content\/uploads\/2022\/05\/Kapitalis-big-size.png","width":5000,"height":1500,"caption":"Kapitalis"},"image":{"@id":"https:\/\/kapitalis.com\/tunisie\/#\/schema\/logo\/image\/"},"sameAs":["https:\/\/www.facebook.com\/KapitalisInfo\/","https:\/\/x.com\/KapitalisInfo","https:\/\/www.youtube.com\/channel\/UC-yDYrHyfFBWWZaOw3FPg9Q"]},{"@type":"Person","@id":"https:\/\/kapitalis.com\/tunisie\/#\/schema\/person\/74bbde0154d49d790a92aaeac5bc01d5","name":"Yusra NY","url":"https:\/\/kapitalis.com\/tunisie\/author\/yuza_adam\/"}]}},"_links":{"self":[{"href":"https:\/\/kapitalis.com\/tunisie\/wp-json\/wp\/v2\/posts\/9493219","targetHints":{"allow":["GET"]}}],"collection":[{"href":"https:\/\/kapitalis.com\/tunisie\/wp-json\/wp\/v2\/posts"}],"about":[{"href":"https:\/\/kapitalis.com\/tunisie\/wp-json\/wp\/v2\/types\/post"}],"author":[{"embeddable":true,"href":"https:\/\/kapitalis.com\/tunisie\/wp-json\/wp\/v2\/users\/6"}],"replies":[{"embeddable":true,"href":"https:\/\/kapitalis.com\/tunisie\/wp-json\/wp\/v2\/comments?post=9493219"}],"version-history":[{"count":2,"href":"https:\/\/kapitalis.com\/tunisie\/wp-json\/wp\/v2\/posts\/9493219\/revisions"}],"predecessor-version":[{"id":9493231,"href":"https:\/\/kapitalis.com\/tunisie\/wp-json\/wp\/v2\/posts\/9493219\/revisions\/9493231"}],"wp:featuredmedia":[{"embeddable":true,"href":"https:\/\/kapitalis.com\/tunisie\/wp-json\/wp\/v2\/media\/4857230"}],"wp:attachment":[{"href":"https:\/\/kapitalis.com\/tunisie\/wp-json\/wp\/v2\/media?parent=9493219"}],"wp:term":[{"taxonomy":"category","embeddable":true,"href":"https:\/\/kapitalis.com\/tunisie\/wp-json\/wp\/v2\/categories?post=9493219"},{"taxonomy":"post_tag","embeddable":true,"href":"https:\/\/kapitalis.com\/tunisie\/wp-json\/wp\/v2\/tags?post=9493219"}],"curies":[{"name":"wp","href":"https:\/\/api.w.org\/{rel}","templated":true}]}}