{"id":9494985,"date":"2023-08-23T06:57:02","date_gmt":"2023-08-23T05:57:02","guid":{"rendered":"https:\/\/kapitalis.com\/tunisie\/?p=9494985"},"modified":"2023-08-23T06:57:03","modified_gmt":"2023-08-23T05:57:03","slug":"tunisie-le-deficit-de-la-balance-commerciale-se-creuse-irremediablement","status":"publish","type":"post","link":"https:\/\/kapitalis.com\/tunisie\/2023\/08\/23\/tunisie-le-deficit-de-la-balance-commerciale-se-creuse-irremediablement\/","title":{"rendered":"Tunisie\u00a0: le d\u00e9ficit de la balance commerciale se creuse irr\u00e9m\u00e9diablement"},"content":{"rendered":"\n<p><strong><em>Alors que le dinar continue sa chute irr\u00e9m\u00e9diable, que l\u2019inflation se maintient \u00e0 deux chiffres, que les prix flambent, que les dettes de l\u2019Etat atteignent les cimes in\u00e9gal\u00e9es et que les finances publiques peinent \u00e0 se relever, le gouvernement ne parvient pas \u00e0 contr\u00f4ler le d\u00e9ficit de sa balance commerciale qui continue de se creuser, lui aussi, irr\u00e9m\u00e9diablement. La pand\u00e9mie de Covid et la guerre en Ukraine ne sauraient tout justifier\u2026 Il y a clairement aussi un probl\u00e8me de gouvernance. <\/em><\/strong>\u00a0\u00a0<\/p>\n\n\n\n<!--more-->\n\n\n\n<p>En effet, la note sur le Commerce ext\u00e9rieur aux prix courants de juillet 2023 publi\u00e9e, mardi 22 ao\u00fbt 2023, par l\u2019Institut national de la statistique (INS), nous apprend que le d\u00e9ficit commercial mensuel de la Tunisie s\u2019est creus\u00e9, en juillet 2023, pour atteindre 1391,9 millions de dinars(MDT), contre 466,4 MDT en juin 2023, et que le taux de couverture des importations par les exportations a chut\u00e9 de 13,2 points en juillet 2023 par rapport \u00e0 juin, atteignant 78,9%.<\/p>\n\n\n\n<h2 class=\"wp-block-heading\">Recul des exportations de 4,5%<\/h2>\n\n\n\n<p>L\u2019INS a expliqu\u00e9 ces r\u00e9sultats par la baisse des exportations de 4,5%, en juillet 2023, par rapport au mois pr\u00e9c\u00e9dent, ce qui refl\u00e8te la contraction enregistr\u00e9e dans la plupart des secteurs. Et ce, sommes-nous tent\u00e9s d&rsquo;ajouter, malgr\u00e9 la baisse continue de la valeur du dinar, cens\u00e9e doper les exportations. <\/p>\n\n\n\n<p>La plus importante contribution \u00e0 cette diminution globale des exportations provient du secteur des mines et des phosphates, dont la chute atteint 43,1%.<\/p>\n\n\n\n<p>Idem pour le secteur du textile, de l\u2019habillement et du cuir, dont la contraction des ventes a atteint 10,2%.<br>Les secteurs des industries m\u00e9caniques et \u00e9lectriques, des industries manufacturi\u00e8res diverses et de l\u2019\u00e9nergie ont \u00e9galement vu leurs exportations se replier, respectivement, de 3,4%, 5,2% et 3,9%.<\/p>\n\n\n\n<p>Toutefois, les exportations de l\u2019agriculture et des industries agroalimentaires ont affich\u00e9 une croissance positive (+17,4%).<br>Les exportations vers l\u2019Union Europ\u00e9enne(UE) ont quasiment stagn\u00e9 (-0,5%), en raison des \u00e9volutions divergentes par pays.<\/p>\n\n\n\n<p>En effet, les ventes tunisiennes ont augment\u00e9 avec la France (+2,5%) et les Pays-Bas (+75,8%), tandis que des baisses ont \u00e9t\u00e9 observ\u00e9es avec l\u2019Allemagne (-12,4%), l&rsquo;Espagne (-21,1%) et l\u2019Italie (-3,4%).<\/p>\n\n\n\n<p>Hors UE, les exportations ont enregistr\u00e9 une baisse de -13% principalement en raison de la chute des exportations vers les \u00c9tats-Unis (-33,3%), le Royaume-Uni (-21,8%) ainsi que les pays du Maghreb (-10,4%).<\/p>\n\n\n\n<h2 class=\"wp-block-heading\">Hausse des importations de 11,6%<\/h2>\n\n\n\n<p>Pour ne rien arranger, et comme pour assombrir davantage un tableau d\u00e9j\u00e0 assez sombre, les importations ont augment\u00e9, en juillet 2023, de 11,6%, principalement, sous l\u2019effet de la hausse des importations d\u2019\u00e9nergie.<\/p>\n\n\n\n<p>En effet, les importations de produits \u00e9nerg\u00e9tiques ont rebondi apr\u00e8s avoir chut\u00e9 pendant deux mois cons\u00e9cutifs. En augmentant de 132,6%, elles contribuent, ainsi, de 10 points de pourcentage \u00e0 la croissance globale des importations.<\/p>\n\n\n\n<p>Hors produits \u00e9nerg\u00e9tiques, les importations ont tout de m\u00eame augment\u00e9 de 1,7%, en raison de l\u2019accroissement de 9,3% des importations de mati\u00e8res premi\u00e8res, dont les produits chimiques inorganiques.<\/p>\n\n\n\n<p>Toujours selon la note de l\u2019INS, les importations de biens de consommation non alimentaires ont connu une augmentation de 6,5%, principalement attribuable \u00e0 la hausse des importations de voitures de tourisme.<\/p>\n\n\n\n<p>Cependant, les importations de produits alimentaires ont enregistr\u00e9 une baisse notable de 14,2%, en raison de la diminution des importations de bl\u00e9, ce qui n\u2019est pas \u00e0 proprement parler une bonne nouvelle, puisqu\u2019on assiste depuis plusieurs semaines \u00e0 une rar\u00e9faction de ce produit et son corollaire, une p\u00e9nurie de farine et de pain. Ceci explique donc cela\u2026<\/p>\n\n\n\n<p>Par ailleurs, les importations de biens d\u2019\u00e9quipement ont connu, en juillet 2023, un recul de 9,9%.<\/p>\n\n\n\n<p>Les importations en provenance de l\u2019UE ont augment\u00e9 de 0,9 %. Cette faible augmentation est le r\u00e9sultat d\u2019une part, des hausses des importations avec l\u2019Allemagne (+36,5%), l\u2019Italie (+16,8%) et la France (+15,1%) contre des baisses enregistr\u00e9es avec l\u2019Espagne (-8,4%), la Belgique (-17,3%) et les Pays-Bas (- 15,4%).<\/p>\n\n\n\n<p>Hors UE, les importations ont fortement augment\u00e9 de 11,4%, en raison de la hausse des importations en provenance d\u2019Alg\u00e9rie (+588%), notamment l\u2019\u00e9lectricit\u00e9, et des importations en provenance de Russie (+64%) principalement en produits p\u00e9troliers. <\/p>\n\n\n\n<p class=\"has-text-align-right\"><strong>I. B.<\/strong><\/p>\n","protected":false},"excerpt":{"rendered":"<p>Le gouvernement tunisien ne parvient pas \u00e0 contr\u00f4ler le d\u00e9ficit de sa balance commerciale qui continue de se creuser. <\/p>\n","protected":false},"author":8,"featured_media":3133950,"comment_status":"open","ping_status":"open","sticky":false,"template":"","format":"standard","meta":{"footnotes":""},"categories":[995,2433],"tags":[3390,1874,365,469,478,62643],"class_list":["post-9494985","post","type-post","status-publish","format-standard","has-post-thumbnail","hentry","category-economie","category-tunisie","tag-balance-commerciale","tag-deficit-commercial","tag-exportations","tag-importations","tag-inflation","tag-tunisie"],"yoast_head":"<!-- This site is optimized with the Yoast SEO plugin v26.6 - https:\/\/yoast.com\/wordpress\/plugins\/seo\/ -->\n<title>Tunisie\u00a0: le d\u00e9ficit de la balance commerciale se creuse irr\u00e9m\u00e9diablement - Kapitalis<\/title>\n<meta name=\"robots\" content=\"index, follow, max-snippet:-1, max-image-preview:large, max-video-preview:-1\" \/>\n<link rel=\"canonical\" href=\"https:\/\/kapitalis.com\/tunisie\/2023\/08\/23\/tunisie-le-deficit-de-la-balance-commerciale-se-creuse-irremediablement\/\" \/>\n<meta property=\"og:locale\" content=\"fr_FR\" \/>\n<meta property=\"og:type\" content=\"article\" \/>\n<meta property=\"og:title\" content=\"Tunisie\u00a0: le d\u00e9ficit de la balance commerciale se creuse irr\u00e9m\u00e9diablement - Kapitalis\" \/>\n<meta property=\"og:description\" content=\"Le gouvernement tunisien ne parvient pas \u00e0 contr\u00f4ler le d\u00e9ficit de sa balance commerciale qui continue de se creuser.\" \/>\n<meta property=\"og:url\" content=\"https:\/\/kapitalis.com\/tunisie\/2023\/08\/23\/tunisie-le-deficit-de-la-balance-commerciale-se-creuse-irremediablement\/\" \/>\n<meta property=\"og:site_name\" content=\"Kapitalis\" \/>\n<meta property=\"article:publisher\" content=\"https:\/\/www.facebook.com\/KapitalisInfo\/\" \/>\n<meta property=\"article:published_time\" content=\"2023-08-23T05:57:02+00:00\" \/>\n<meta property=\"article:modified_time\" content=\"2023-08-23T05:57:03+00:00\" \/>\n<meta property=\"og:image\" content=\"https:\/\/kapitalis.com\/tunisie\/wp-content\/uploads\/2022\/08\/Deficit-commercial.jpg\" \/>\n\t<meta property=\"og:image:width\" content=\"1200\" \/>\n\t<meta property=\"og:image:height\" content=\"630\" \/>\n\t<meta property=\"og:image:type\" content=\"image\/jpeg\" \/>\n<meta name=\"author\" content=\"webmaster kapitalis\" \/>\n<meta name=\"twitter:card\" content=\"summary_large_image\" \/>\n<meta name=\"twitter:creator\" content=\"@KapitalisInfo\" \/>\n<meta name=\"twitter:site\" content=\"@KapitalisInfo\" \/>\n<meta name=\"twitter:label1\" content=\"\u00c9crit par\" \/>\n\t<meta name=\"twitter:data1\" content=\"webmaster kapitalis\" \/>\n\t<meta name=\"twitter:label2\" content=\"Dur\u00e9e de lecture estim\u00e9e\" \/>\n\t<meta name=\"twitter:data2\" content=\"4 minutes\" \/>\n<script type=\"application\/ld+json\" class=\"yoast-schema-graph\">{\"@context\":\"https:\/\/schema.org\",\"@graph\":[{\"@type\":\"Article\",\"@id\":\"https:\/\/kapitalis.com\/tunisie\/2023\/08\/23\/tunisie-le-deficit-de-la-balance-commerciale-se-creuse-irremediablement\/#article\",\"isPartOf\":{\"@id\":\"https:\/\/kapitalis.com\/tunisie\/2023\/08\/23\/tunisie-le-deficit-de-la-balance-commerciale-se-creuse-irremediablement\/\"},\"author\":{\"name\":\"webmaster kapitalis\",\"@id\":\"https:\/\/kapitalis.com\/tunisie\/#\/schema\/person\/d71f33a9ca44f7bad4698210b480c8e9\"},\"headline\":\"Tunisie\u00a0: le d\u00e9ficit de la balance commerciale se creuse irr\u00e9m\u00e9diablement\",\"datePublished\":\"2023-08-23T05:57:02+00:00\",\"dateModified\":\"2023-08-23T05:57:03+00:00\",\"mainEntityOfPage\":{\"@id\":\"https:\/\/kapitalis.com\/tunisie\/2023\/08\/23\/tunisie-le-deficit-de-la-balance-commerciale-se-creuse-irremediablement\/\"},\"wordCount\":689,\"commentCount\":1,\"publisher\":{\"@id\":\"https:\/\/kapitalis.com\/tunisie\/#organization\"},\"image\":{\"@id\":\"https:\/\/kapitalis.com\/tunisie\/2023\/08\/23\/tunisie-le-deficit-de-la-balance-commerciale-se-creuse-irremediablement\/#primaryimage\"},\"thumbnailUrl\":\"https:\/\/kapitalis.com\/tunisie\/wp-content\/uploads\/2022\/08\/Deficit-commercial.jpg\",\"keywords\":[\"balance commerciale\",\"d\u00e9ficit commercial\",\"exportations\",\"importations\",\"inflation\",\"Tunisie\"],\"articleSection\":[\"ECONOMIE\",\"Tunisie\"],\"inLanguage\":\"fr-FR\",\"potentialAction\":[{\"@type\":\"CommentAction\",\"name\":\"Comment\",\"target\":[\"https:\/\/kapitalis.com\/tunisie\/2023\/08\/23\/tunisie-le-deficit-de-la-balance-commerciale-se-creuse-irremediablement\/#respond\"]}]},{\"@type\":\"WebPage\",\"@id\":\"https:\/\/kapitalis.com\/tunisie\/2023\/08\/23\/tunisie-le-deficit-de-la-balance-commerciale-se-creuse-irremediablement\/\",\"url\":\"https:\/\/kapitalis.com\/tunisie\/2023\/08\/23\/tunisie-le-deficit-de-la-balance-commerciale-se-creuse-irremediablement\/\",\"name\":\"Tunisie\u00a0: le d\u00e9ficit de la balance commerciale se creuse irr\u00e9m\u00e9diablement - Kapitalis\",\"isPartOf\":{\"@id\":\"https:\/\/kapitalis.com\/tunisie\/#website\"},\"primaryImageOfPage\":{\"@id\":\"https:\/\/kapitalis.com\/tunisie\/2023\/08\/23\/tunisie-le-deficit-de-la-balance-commerciale-se-creuse-irremediablement\/#primaryimage\"},\"image\":{\"@id\":\"https:\/\/kapitalis.com\/tunisie\/2023\/08\/23\/tunisie-le-deficit-de-la-balance-commerciale-se-creuse-irremediablement\/#primaryimage\"},\"thumbnailUrl\":\"https:\/\/kapitalis.com\/tunisie\/wp-content\/uploads\/2022\/08\/Deficit-commercial.jpg\",\"datePublished\":\"2023-08-23T05:57:02+00:00\",\"dateModified\":\"2023-08-23T05:57:03+00:00\",\"breadcrumb\":{\"@id\":\"https:\/\/kapitalis.com\/tunisie\/2023\/08\/23\/tunisie-le-deficit-de-la-balance-commerciale-se-creuse-irremediablement\/#breadcrumb\"},\"inLanguage\":\"fr-FR\",\"potentialAction\":[{\"@type\":\"ReadAction\",\"target\":[\"https:\/\/kapitalis.com\/tunisie\/2023\/08\/23\/tunisie-le-deficit-de-la-balance-commerciale-se-creuse-irremediablement\/\"]}]},{\"@type\":\"ImageObject\",\"inLanguage\":\"fr-FR\",\"@id\":\"https:\/\/kapitalis.com\/tunisie\/2023\/08\/23\/tunisie-le-deficit-de-la-balance-commerciale-se-creuse-irremediablement\/#primaryimage\",\"url\":\"https:\/\/kapitalis.com\/tunisie\/wp-content\/uploads\/2022\/08\/Deficit-commercial.jpg\",\"contentUrl\":\"https:\/\/kapitalis.com\/tunisie\/wp-content\/uploads\/2022\/08\/Deficit-commercial.jpg\",\"width\":1200,\"height\":630},{\"@type\":\"BreadcrumbList\",\"@id\":\"https:\/\/kapitalis.com\/tunisie\/2023\/08\/23\/tunisie-le-deficit-de-la-balance-commerciale-se-creuse-irremediablement\/#breadcrumb\",\"itemListElement\":[{\"@type\":\"ListItem\",\"position\":1,\"name\":\"Accueil\",\"item\":\"https:\/\/kapitalis.com\/tunisie\/\"},{\"@type\":\"ListItem\",\"position\":2,\"name\":\"Tunisie\u00a0: le d\u00e9ficit de la balance commerciale se creuse irr\u00e9m\u00e9diablement\"}]},{\"@type\":\"WebSite\",\"@id\":\"https:\/\/kapitalis.com\/tunisie\/#website\",\"url\":\"https:\/\/kapitalis.com\/tunisie\/\",\"name\":\"Kapitalis\",\"description\":\"L&#039;actualit\u00e9 en Tunisie et dans le monde\",\"publisher\":{\"@id\":\"https:\/\/kapitalis.com\/tunisie\/#organization\"},\"potentialAction\":[{\"@type\":\"SearchAction\",\"target\":{\"@type\":\"EntryPoint\",\"urlTemplate\":\"https:\/\/kapitalis.com\/tunisie\/?s={search_term_string}\"},\"query-input\":{\"@type\":\"PropertyValueSpecification\",\"valueRequired\":true,\"valueName\":\"search_term_string\"}}],\"inLanguage\":\"fr-FR\"},{\"@type\":\"Organization\",\"@id\":\"https:\/\/kapitalis.com\/tunisie\/#organization\",\"name\":\"Kapitalis\",\"url\":\"https:\/\/kapitalis.com\/tunisie\/\",\"logo\":{\"@type\":\"ImageObject\",\"inLanguage\":\"fr-FR\",\"@id\":\"https:\/\/kapitalis.com\/tunisie\/#\/schema\/logo\/image\/\",\"url\":\"https:\/\/kapitalis.com\/tunisie\/wp-content\/uploads\/2022\/05\/Kapitalis-big-size.png\",\"contentUrl\":\"https:\/\/kapitalis.com\/tunisie\/wp-content\/uploads\/2022\/05\/Kapitalis-big-size.png\",\"width\":5000,\"height\":1500,\"caption\":\"Kapitalis\"},\"image\":{\"@id\":\"https:\/\/kapitalis.com\/tunisie\/#\/schema\/logo\/image\/\"},\"sameAs\":[\"https:\/\/www.facebook.com\/KapitalisInfo\/\",\"https:\/\/x.com\/KapitalisInfo\",\"https:\/\/www.youtube.com\/channel\/UC-yDYrHyfFBWWZaOw3FPg9Q\"]},{\"@type\":\"Person\",\"@id\":\"https:\/\/kapitalis.com\/tunisie\/#\/schema\/person\/d71f33a9ca44f7bad4698210b480c8e9\",\"name\":\"webmaster kapitalis\",\"url\":\"https:\/\/kapitalis.com\/tunisie\/author\/webmaster-kapitalis\/\"}]}<\/script>\n<!-- \/ Yoast SEO plugin. -->","yoast_head_json":{"title":"Tunisie\u00a0: le d\u00e9ficit de la balance commerciale se creuse irr\u00e9m\u00e9diablement - Kapitalis","robots":{"index":"index","follow":"follow","max-snippet":"max-snippet:-1","max-image-preview":"max-image-preview:large","max-video-preview":"max-video-preview:-1"},"canonical":"https:\/\/kapitalis.com\/tunisie\/2023\/08\/23\/tunisie-le-deficit-de-la-balance-commerciale-se-creuse-irremediablement\/","og_locale":"fr_FR","og_type":"article","og_title":"Tunisie\u00a0: le d\u00e9ficit de la balance commerciale se creuse irr\u00e9m\u00e9diablement - Kapitalis","og_description":"Le gouvernement tunisien ne parvient pas \u00e0 contr\u00f4ler le d\u00e9ficit de sa balance commerciale qui continue de se creuser.","og_url":"https:\/\/kapitalis.com\/tunisie\/2023\/08\/23\/tunisie-le-deficit-de-la-balance-commerciale-se-creuse-irremediablement\/","og_site_name":"Kapitalis","article_publisher":"https:\/\/www.facebook.com\/KapitalisInfo\/","article_published_time":"2023-08-23T05:57:02+00:00","article_modified_time":"2023-08-23T05:57:03+00:00","og_image":[{"width":1200,"height":630,"url":"https:\/\/kapitalis.com\/tunisie\/wp-content\/uploads\/2022\/08\/Deficit-commercial.jpg","type":"image\/jpeg"}],"author":"webmaster kapitalis","twitter_card":"summary_large_image","twitter_creator":"@KapitalisInfo","twitter_site":"@KapitalisInfo","twitter_misc":{"\u00c9crit par":"webmaster kapitalis","Dur\u00e9e de lecture estim\u00e9e":"4 minutes"},"schema":{"@context":"https:\/\/schema.org","@graph":[{"@type":"Article","@id":"https:\/\/kapitalis.com\/tunisie\/2023\/08\/23\/tunisie-le-deficit-de-la-balance-commerciale-se-creuse-irremediablement\/#article","isPartOf":{"@id":"https:\/\/kapitalis.com\/tunisie\/2023\/08\/23\/tunisie-le-deficit-de-la-balance-commerciale-se-creuse-irremediablement\/"},"author":{"name":"webmaster kapitalis","@id":"https:\/\/kapitalis.com\/tunisie\/#\/schema\/person\/d71f33a9ca44f7bad4698210b480c8e9"},"headline":"Tunisie\u00a0: le d\u00e9ficit de la balance commerciale se creuse irr\u00e9m\u00e9diablement","datePublished":"2023-08-23T05:57:02+00:00","dateModified":"2023-08-23T05:57:03+00:00","mainEntityOfPage":{"@id":"https:\/\/kapitalis.com\/tunisie\/2023\/08\/23\/tunisie-le-deficit-de-la-balance-commerciale-se-creuse-irremediablement\/"},"wordCount":689,"commentCount":1,"publisher":{"@id":"https:\/\/kapitalis.com\/tunisie\/#organization"},"image":{"@id":"https:\/\/kapitalis.com\/tunisie\/2023\/08\/23\/tunisie-le-deficit-de-la-balance-commerciale-se-creuse-irremediablement\/#primaryimage"},"thumbnailUrl":"https:\/\/kapitalis.com\/tunisie\/wp-content\/uploads\/2022\/08\/Deficit-commercial.jpg","keywords":["balance commerciale","d\u00e9ficit commercial","exportations","importations","inflation","Tunisie"],"articleSection":["ECONOMIE","Tunisie"],"inLanguage":"fr-FR","potentialAction":[{"@type":"CommentAction","name":"Comment","target":["https:\/\/kapitalis.com\/tunisie\/2023\/08\/23\/tunisie-le-deficit-de-la-balance-commerciale-se-creuse-irremediablement\/#respond"]}]},{"@type":"WebPage","@id":"https:\/\/kapitalis.com\/tunisie\/2023\/08\/23\/tunisie-le-deficit-de-la-balance-commerciale-se-creuse-irremediablement\/","url":"https:\/\/kapitalis.com\/tunisie\/2023\/08\/23\/tunisie-le-deficit-de-la-balance-commerciale-se-creuse-irremediablement\/","name":"Tunisie\u00a0: le d\u00e9ficit de la balance commerciale se creuse irr\u00e9m\u00e9diablement - Kapitalis","isPartOf":{"@id":"https:\/\/kapitalis.com\/tunisie\/#website"},"primaryImageOfPage":{"@id":"https:\/\/kapitalis.com\/tunisie\/2023\/08\/23\/tunisie-le-deficit-de-la-balance-commerciale-se-creuse-irremediablement\/#primaryimage"},"image":{"@id":"https:\/\/kapitalis.com\/tunisie\/2023\/08\/23\/tunisie-le-deficit-de-la-balance-commerciale-se-creuse-irremediablement\/#primaryimage"},"thumbnailUrl":"https:\/\/kapitalis.com\/tunisie\/wp-content\/uploads\/2022\/08\/Deficit-commercial.jpg","datePublished":"2023-08-23T05:57:02+00:00","dateModified":"2023-08-23T05:57:03+00:00","breadcrumb":{"@id":"https:\/\/kapitalis.com\/tunisie\/2023\/08\/23\/tunisie-le-deficit-de-la-balance-commerciale-se-creuse-irremediablement\/#breadcrumb"},"inLanguage":"fr-FR","potentialAction":[{"@type":"ReadAction","target":["https:\/\/kapitalis.com\/tunisie\/2023\/08\/23\/tunisie-le-deficit-de-la-balance-commerciale-se-creuse-irremediablement\/"]}]},{"@type":"ImageObject","inLanguage":"fr-FR","@id":"https:\/\/kapitalis.com\/tunisie\/2023\/08\/23\/tunisie-le-deficit-de-la-balance-commerciale-se-creuse-irremediablement\/#primaryimage","url":"https:\/\/kapitalis.com\/tunisie\/wp-content\/uploads\/2022\/08\/Deficit-commercial.jpg","contentUrl":"https:\/\/kapitalis.com\/tunisie\/wp-content\/uploads\/2022\/08\/Deficit-commercial.jpg","width":1200,"height":630},{"@type":"BreadcrumbList","@id":"https:\/\/kapitalis.com\/tunisie\/2023\/08\/23\/tunisie-le-deficit-de-la-balance-commerciale-se-creuse-irremediablement\/#breadcrumb","itemListElement":[{"@type":"ListItem","position":1,"name":"Accueil","item":"https:\/\/kapitalis.com\/tunisie\/"},{"@type":"ListItem","position":2,"name":"Tunisie\u00a0: le d\u00e9ficit de la balance commerciale se creuse irr\u00e9m\u00e9diablement"}]},{"@type":"WebSite","@id":"https:\/\/kapitalis.com\/tunisie\/#website","url":"https:\/\/kapitalis.com\/tunisie\/","name":"Kapitalis","description":"L&#039;actualit\u00e9 en Tunisie et dans le monde","publisher":{"@id":"https:\/\/kapitalis.com\/tunisie\/#organization"},"potentialAction":[{"@type":"SearchAction","target":{"@type":"EntryPoint","urlTemplate":"https:\/\/kapitalis.com\/tunisie\/?s={search_term_string}"},"query-input":{"@type":"PropertyValueSpecification","valueRequired":true,"valueName":"search_term_string"}}],"inLanguage":"fr-FR"},{"@type":"Organization","@id":"https:\/\/kapitalis.com\/tunisie\/#organization","name":"Kapitalis","url":"https:\/\/kapitalis.com\/tunisie\/","logo":{"@type":"ImageObject","inLanguage":"fr-FR","@id":"https:\/\/kapitalis.com\/tunisie\/#\/schema\/logo\/image\/","url":"https:\/\/kapitalis.com\/tunisie\/wp-content\/uploads\/2022\/05\/Kapitalis-big-size.png","contentUrl":"https:\/\/kapitalis.com\/tunisie\/wp-content\/uploads\/2022\/05\/Kapitalis-big-size.png","width":5000,"height":1500,"caption":"Kapitalis"},"image":{"@id":"https:\/\/kapitalis.com\/tunisie\/#\/schema\/logo\/image\/"},"sameAs":["https:\/\/www.facebook.com\/KapitalisInfo\/","https:\/\/x.com\/KapitalisInfo","https:\/\/www.youtube.com\/channel\/UC-yDYrHyfFBWWZaOw3FPg9Q"]},{"@type":"Person","@id":"https:\/\/kapitalis.com\/tunisie\/#\/schema\/person\/d71f33a9ca44f7bad4698210b480c8e9","name":"webmaster kapitalis","url":"https:\/\/kapitalis.com\/tunisie\/author\/webmaster-kapitalis\/"}]}},"_links":{"self":[{"href":"https:\/\/kapitalis.com\/tunisie\/wp-json\/wp\/v2\/posts\/9494985","targetHints":{"allow":["GET"]}}],"collection":[{"href":"https:\/\/kapitalis.com\/tunisie\/wp-json\/wp\/v2\/posts"}],"about":[{"href":"https:\/\/kapitalis.com\/tunisie\/wp-json\/wp\/v2\/types\/post"}],"author":[{"embeddable":true,"href":"https:\/\/kapitalis.com\/tunisie\/wp-json\/wp\/v2\/users\/8"}],"replies":[{"embeddable":true,"href":"https:\/\/kapitalis.com\/tunisie\/wp-json\/wp\/v2\/comments?post=9494985"}],"version-history":[{"count":1,"href":"https:\/\/kapitalis.com\/tunisie\/wp-json\/wp\/v2\/posts\/9494985\/revisions"}],"predecessor-version":[{"id":9495036,"href":"https:\/\/kapitalis.com\/tunisie\/wp-json\/wp\/v2\/posts\/9494985\/revisions\/9495036"}],"wp:featuredmedia":[{"embeddable":true,"href":"https:\/\/kapitalis.com\/tunisie\/wp-json\/wp\/v2\/media\/3133950"}],"wp:attachment":[{"href":"https:\/\/kapitalis.com\/tunisie\/wp-json\/wp\/v2\/media?parent=9494985"}],"wp:term":[{"taxonomy":"category","embeddable":true,"href":"https:\/\/kapitalis.com\/tunisie\/wp-json\/wp\/v2\/categories?post=9494985"},{"taxonomy":"post_tag","embeddable":true,"href":"https:\/\/kapitalis.com\/tunisie\/wp-json\/wp\/v2\/tags?post=9494985"}],"curies":[{"name":"wp","href":"https:\/\/api.w.org\/{rel}","templated":true}]}}