{"id":9495263,"date":"2023-08-23T07:29:51","date_gmt":"2023-08-23T06:29:51","guid":{"rendered":"https:\/\/kapitalis.com\/tunisie\/?p=9495263"},"modified":"2023-08-23T07:33:11","modified_gmt":"2023-08-23T06:33:11","slug":"la-tunisie-au-sommet-des-brics-pour-quoi-faire","status":"publish","type":"post","link":"https:\/\/kapitalis.com\/tunisie\/2023\/08\/23\/la-tunisie-au-sommet-des-brics-pour-quoi-faire\/","title":{"rendered":"La Tunisie au sommet des Brics pour quoi faire\u00a0?"},"content":{"rendered":"\n<p><strong><em>La Tunisie participe au 15e sommet des Brics, groupement de cinq pays \u00e0 forte croissance\u00a0: Br\u00e9sil, Russie, Inde, Chine et Afrique du Sud, qui a lieu du 22 au 24 ao\u00fbt 2023, \u00e0 Johannesburg, en Afrique du Sud, avec la participation de plus de 60 pays.<\/em><\/strong><\/p>\n\n\n\n<!--more-->\n\n\n\n<p>Le ministre des Affaires \u00e9trang\u00e8res, de la Migration et des Tunisiens \u00e0 l\u2019\u00e9tranger a \u00e9t\u00e9 charg\u00e9 par le pr\u00e9sident Ka\u00efs Sa\u00efed de conduire la d\u00e9l\u00e9gation tunisienne \u00e0 ce conclave, indique un communiqu\u00e9 du d\u00e9partement des Affaires \u00e9trang\u00e8res. Nabil Ammar devra participer, le 24 ao\u00fbt, \u00e0 la s\u00e9ance de dialogue entre le groupe des Brics et l\u2019Afrique. Il prononcera une allocution sur les politiques de la Tunisie et aura des entrevues avec ses homologues pr\u00e9sents au dit Sommet.<\/p>\n\n\n\n<p>A l\u2019occasion de la pr\u00e9sence de la Tunisie \u00e0 cette rencontre organis\u00e9e par le <em>\u00abregroupement de plus en plus affirm\u00e9 et influent sur l\u2019\u00e9chiquier international, notamment suite aux multiples demandes d\u2019adh\u00e9sion qu\u2019il a re\u00e7ues\u00bb<\/em>, le minist\u00e8re tunisien des Affaires \u00e9trang\u00e8res a publi\u00e9 la note de cadrage que nous reproduisons ci-dessous, et o\u00f9 il n\u2019explique pas les enjeux et les attentes de la participation de la Tunisie \u00e0 ce conclave, sachant que notre pays est solidement arrim\u00e9, politiquement et \u00e9conomiquement, au bloc occidental et qu\u2019il n\u2019a pas, pour le moment tout au moins, les moyens d\u2019un d\u00e9sarrimage dont les cons\u00e9quences pourraient \u00eatre catastrophiques pour lui. Surtout au moment o\u00f9 il tend la main aux bailleurs de fonds occidentaux pour mobiliser les pr\u00eats n\u00e9cessaires \u00e0 la r\u00e9duction de son d\u00e9ficit budg\u00e9taire. <\/p>\n\n\n\n<figure class=\"wp-block-embed is-type-wp-embed is-provider-kapitalis wp-block-embed-kapitalis\"><div class=\"wp-block-embed__wrapper\">\n<blockquote class=\"wp-embedded-content\" data-secret=\"NVGmCJaHHT\"><a href=\"https:\/\/kapitalis.com\/tunisie\/2023\/08\/19\/diplomatie-la-tunisie-ressort-la-carte-des-brics\/\">Diplomatie\u00a0: la Tunisie ressort la carte des Brics<\/a><\/blockquote><iframe loading=\"lazy\" class=\"wp-embedded-content\" sandbox=\"allow-scripts\" security=\"restricted\" style=\"position: absolute; clip: rect(1px, 1px, 1px, 1px);\" title=\"\u00ab\u00a0Diplomatie\u00a0: la Tunisie ressort la carte des Brics\u00a0\u00bb &#8212; Kapitalis\" src=\"https:\/\/kapitalis.com\/tunisie\/2023\/08\/19\/diplomatie-la-tunisie-ressort-la-carte-des-brics\/embed\/#?secret=P58iWPEbch#?secret=NVGmCJaHHT\" data-secret=\"NVGmCJaHHT\" width=\"600\" height=\"338\" frameborder=\"0\" marginwidth=\"0\" marginheight=\"0\" scrolling=\"no\"><\/iframe>\n<\/div><\/figure>\n\n\n\n<h2 class=\"wp-block-heading\">Les Brics et l\u2019Afrique<\/h2>\n\n\n\n<p>Soixante-sept pays d\u2019Afrique et du Sud global ont \u00e9t\u00e9 ainsi invit\u00e9s pour prendre part \u00e0 l\u2019ouverture et \u00e0 certains \u00e9v\u00e9nements organis\u00e9s dans le cadre de ce sommet qui a \u00e9t\u00e9 plac\u00e9 sous le th\u00e8me : <em>\u00abLes Brics et l\u2019Afrique\u00bb<\/em>.<\/p>\n\n\n\n<p>De nos jours, les Brics p\u00e8sent lourd : plus de 42% de la population mondiale, 23% du produit int\u00e9rieur brut mondial et 18% du commerce international, dans lequel les transactions restent majoritairement libell\u00e9es en dollars. C\u2019est d\u2019ailleurs l\u2019un des points focaux qui sera discut\u00e9 \u00e0 l\u2019occasion de ce sommet. Les Brics souhaitent r\u00e9duire leur d\u00e9pendance du dollar am\u00e9ricain. Une question qui pourrait d\u2019ailleurs influencer le choix d\u2019int\u00e9grer ou non de nouveaux membres au sein du groupe.<\/p>\n\n\n\n<p>Pour Iraj Abedian, directeur g\u00e9n\u00e9ral de Pan-African Investment and Research Services, un cabinet de conseil et de recherche \u00e9conomique en Afrique du Sud, <em>\u00abl\u2019id\u00e9e d\u2019une monnaie sp\u00e9cifique aux Brics est une d\u00e9marche essentiellement politique de la part de la Chine pour asseoir sa position dans le monde, en partant du principe que cette monnaie serait en grande partie fond\u00e9e sur le yuan chinois\u00bb<\/em>.<\/p>\n\n\n\n<p>Une autre alternative \u00e0 l\u2019\u00e9tude consiste \u00e0 cr\u00e9er une monnaie num\u00e9rique unique. Une telle solution, qui serait selon les observateurs plus b\u00e9n\u00e9fique pour la Russie, car elle r\u00e9duirait les risques li\u00e9s aux sanctions internationales et occidentales qui lui sont impos\u00e9es et augmenterait le prestige du rouble num\u00e9rique, tout en attirant encore plus de pays au sein des Brics.<\/p>\n\n\n\n<p>Le deuxi\u00e8me enjeu du sommet consiste dans l\u2019\u00e9largissement du groupe \u00e0 de nouveaux membres. Plus d\u2019une vingtaine de pays se sont d\u00e9j\u00e0 port\u00e9s candidats pour rejoindre le groupe, s\u00e9duits par le <em>\u00abd\u00e9salignement \u00e9conomique et politique propos\u00e9 par les Brics.\u00bb<\/em><\/p>\n\n\n\n<figure class=\"wp-block-embed is-type-wp-embed is-provider-kapitalis wp-block-embed-kapitalis\"><div class=\"wp-block-embed__wrapper\">\n<blockquote class=\"wp-embedded-content\" data-secret=\"MEHE0nCim8\"><a href=\"https:\/\/kapitalis.com\/tunisie\/2023\/04\/19\/la-tunisie-le-fmi-et-les-brics\/\">La Tunisie, le FMI et les Brics<\/a><\/blockquote><iframe loading=\"lazy\" class=\"wp-embedded-content\" sandbox=\"allow-scripts\" security=\"restricted\" style=\"position: absolute; clip: rect(1px, 1px, 1px, 1px);\" title=\"\u00ab\u00a0La Tunisie, le FMI et les Brics\u00a0\u00bb &#8212; Kapitalis\" src=\"https:\/\/kapitalis.com\/tunisie\/2023\/04\/19\/la-tunisie-le-fmi-et-les-brics\/embed\/#?secret=6CXLDVgnSO#?secret=MEHE0nCim8\" data-secret=\"MEHE0nCim8\" width=\"600\" height=\"338\" frameborder=\"0\" marginwidth=\"0\" marginheight=\"0\" scrolling=\"no\"><\/iframe>\n<\/div><\/figure>\n\n\n\n<p>&nbsp;\u00c0 la date du 10 ao\u00fbt 2023, 23 pays ont officiellement soumis leur demande pour rejoindre les Brics. Il s\u2019agit de l\u2019Alg\u00e9rie, l\u2019Argentine, le Bahre\u00efn, le Bangladesh, la Bi\u00e9lorussie, la Bolivie, Cuba, l\u2019\u00c9gypte, le Honduras, l\u2019Indon\u00e9sie, l\u2019Iran, le Kazakhstan, le Kowe\u00eft, le Nigeria, la Palestine, l\u2019Arabie saoudite, la Serbie, le S\u00e9n\u00e9gal, la Tha\u00eflande, les \u00c9mirats arabes unis, le Venezuela et le Vi\u00eat Nam.<\/p>\n\n\n\n<p>Le <em>Financial Times<\/em> a r\u00e9cemment \u00e9crit que <em>\u00able probl\u00e8me r\u00e9side dans les \u00e9quilibres au sein des Brics. La Chine est le seul des cinq \u00c9tats \u00e0 avoir pass\u00e9 un cap, sur le plan tant \u00e9conomique que diplomatique. C\u2019est d\u2019ailleurs P\u00e9kin qui souhaite ardemment \u00e9largir le groupe, pour en faire un levier d\u2019une puissance h\u00e9g\u00e9monique dans l\u2019avenir. Et si d\u00e9salignement passe par une d\u00e9dollarisation de l\u2019\u00e9conomie au sein du Brics, alors il faudrait s\u2019attendre \u00e0 ce que la transformation soit longue\u00bb<\/em>.<\/p>\n\n\n\n<p>Pour le moment, les membres des Brics et leurs ministres des Affaires \u00e9trang\u00e8res respectifs ont commenc\u00e9 \u00e0 d\u00e9battre des crit\u00e8res d\u2019admission. Des discussions se poursuivront vraisemblablement pendant le sommet de Johannesburg. <\/p>\n\n\n\n<p class=\"has-text-align-right\"><strong>I. B.<\/strong><\/p>\n","protected":false},"excerpt":{"rendered":"<p>La Tunisie participe au 15e sommet des Brics en Afrique du Sud. Pourquoi ? <\/p>\n","protected":false},"author":8,"featured_media":9495310,"comment_status":"open","ping_status":"open","sticky":false,"template":"","format":"standard","meta":{"footnotes":""},"categories":[997,2433],"tags":[41,4970,98633,3016,92415,796,62643],"class_list":["post-9495263","post","type-post","status-publish","format-standard","has-post-thumbnail","hentry","category-politique","category-tunisie","tag-afrique","tag-afrique-du-sud","tag-brics","tag-chine","tag-nabil-ammar","tag-russie","tag-tunisie"],"yoast_head":"<!-- This site is optimized with the Yoast SEO plugin v26.6 - https:\/\/yoast.com\/wordpress\/plugins\/seo\/ -->\n<title>La Tunisie au sommet des Brics pour quoi faire\u00a0? - Kapitalis<\/title>\n<meta name=\"robots\" content=\"index, follow, max-snippet:-1, max-image-preview:large, max-video-preview:-1\" \/>\n<link rel=\"canonical\" href=\"https:\/\/kapitalis.com\/tunisie\/2023\/08\/23\/la-tunisie-au-sommet-des-brics-pour-quoi-faire\/\" \/>\n<meta property=\"og:locale\" content=\"fr_FR\" \/>\n<meta property=\"og:type\" content=\"article\" \/>\n<meta property=\"og:title\" content=\"La Tunisie au sommet des Brics pour quoi faire\u00a0? - Kapitalis\" \/>\n<meta property=\"og:description\" content=\"La Tunisie participe au 15e sommet des Brics en Afrique du Sud. Pourquoi ?\" \/>\n<meta property=\"og:url\" content=\"https:\/\/kapitalis.com\/tunisie\/2023\/08\/23\/la-tunisie-au-sommet-des-brics-pour-quoi-faire\/\" \/>\n<meta property=\"og:site_name\" content=\"Kapitalis\" \/>\n<meta property=\"article:publisher\" content=\"https:\/\/www.facebook.com\/KapitalisInfo\/\" \/>\n<meta property=\"article:published_time\" content=\"2023-08-23T06:29:51+00:00\" \/>\n<meta property=\"article:modified_time\" content=\"2023-08-23T06:33:11+00:00\" \/>\n<meta property=\"og:image\" content=\"https:\/\/kapitalis.com\/tunisie\/wp-content\/uploads\/2023\/08\/Brics-Johannesburg.jpg\" \/>\n\t<meta property=\"og:image:width\" content=\"1200\" \/>\n\t<meta property=\"og:image:height\" content=\"630\" \/>\n\t<meta property=\"og:image:type\" content=\"image\/jpeg\" \/>\n<meta name=\"author\" content=\"webmaster kapitalis\" \/>\n<meta name=\"twitter:card\" content=\"summary_large_image\" \/>\n<meta name=\"twitter:creator\" content=\"@KapitalisInfo\" \/>\n<meta name=\"twitter:site\" content=\"@KapitalisInfo\" \/>\n<meta name=\"twitter:label1\" content=\"\u00c9crit par\" \/>\n\t<meta name=\"twitter:data1\" content=\"webmaster kapitalis\" \/>\n\t<meta name=\"twitter:label2\" content=\"Dur\u00e9e de lecture estim\u00e9e\" \/>\n\t<meta name=\"twitter:data2\" content=\"4 minutes\" \/>\n<script type=\"application\/ld+json\" class=\"yoast-schema-graph\">{\"@context\":\"https:\/\/schema.org\",\"@graph\":[{\"@type\":\"Article\",\"@id\":\"https:\/\/kapitalis.com\/tunisie\/2023\/08\/23\/la-tunisie-au-sommet-des-brics-pour-quoi-faire\/#article\",\"isPartOf\":{\"@id\":\"https:\/\/kapitalis.com\/tunisie\/2023\/08\/23\/la-tunisie-au-sommet-des-brics-pour-quoi-faire\/\"},\"author\":{\"name\":\"webmaster kapitalis\",\"@id\":\"https:\/\/kapitalis.com\/tunisie\/#\/schema\/person\/d71f33a9ca44f7bad4698210b480c8e9\"},\"headline\":\"La Tunisie au sommet des Brics pour quoi faire\u00a0?\",\"datePublished\":\"2023-08-23T06:29:51+00:00\",\"dateModified\":\"2023-08-23T06:33:11+00:00\",\"mainEntityOfPage\":{\"@id\":\"https:\/\/kapitalis.com\/tunisie\/2023\/08\/23\/la-tunisie-au-sommet-des-brics-pour-quoi-faire\/\"},\"wordCount\":812,\"commentCount\":9,\"publisher\":{\"@id\":\"https:\/\/kapitalis.com\/tunisie\/#organization\"},\"image\":{\"@id\":\"https:\/\/kapitalis.com\/tunisie\/2023\/08\/23\/la-tunisie-au-sommet-des-brics-pour-quoi-faire\/#primaryimage\"},\"thumbnailUrl\":\"https:\/\/kapitalis.com\/tunisie\/wp-content\/uploads\/2023\/08\/Brics-Johannesburg.jpg\",\"keywords\":[\"Afrique\",\"Afrique du Sud\",\"Brics\",\"Chine\",\"Nabil Ammar\",\"Russie\",\"Tunisie\"],\"articleSection\":[\"POLITIQUE\",\"Tunisie\"],\"inLanguage\":\"fr-FR\",\"potentialAction\":[{\"@type\":\"CommentAction\",\"name\":\"Comment\",\"target\":[\"https:\/\/kapitalis.com\/tunisie\/2023\/08\/23\/la-tunisie-au-sommet-des-brics-pour-quoi-faire\/#respond\"]}]},{\"@type\":\"WebPage\",\"@id\":\"https:\/\/kapitalis.com\/tunisie\/2023\/08\/23\/la-tunisie-au-sommet-des-brics-pour-quoi-faire\/\",\"url\":\"https:\/\/kapitalis.com\/tunisie\/2023\/08\/23\/la-tunisie-au-sommet-des-brics-pour-quoi-faire\/\",\"name\":\"La Tunisie au sommet des Brics pour quoi faire\u00a0? - Kapitalis\",\"isPartOf\":{\"@id\":\"https:\/\/kapitalis.com\/tunisie\/#website\"},\"primaryImageOfPage\":{\"@id\":\"https:\/\/kapitalis.com\/tunisie\/2023\/08\/23\/la-tunisie-au-sommet-des-brics-pour-quoi-faire\/#primaryimage\"},\"image\":{\"@id\":\"https:\/\/kapitalis.com\/tunisie\/2023\/08\/23\/la-tunisie-au-sommet-des-brics-pour-quoi-faire\/#primaryimage\"},\"thumbnailUrl\":\"https:\/\/kapitalis.com\/tunisie\/wp-content\/uploads\/2023\/08\/Brics-Johannesburg.jpg\",\"datePublished\":\"2023-08-23T06:29:51+00:00\",\"dateModified\":\"2023-08-23T06:33:11+00:00\",\"breadcrumb\":{\"@id\":\"https:\/\/kapitalis.com\/tunisie\/2023\/08\/23\/la-tunisie-au-sommet-des-brics-pour-quoi-faire\/#breadcrumb\"},\"inLanguage\":\"fr-FR\",\"potentialAction\":[{\"@type\":\"ReadAction\",\"target\":[\"https:\/\/kapitalis.com\/tunisie\/2023\/08\/23\/la-tunisie-au-sommet-des-brics-pour-quoi-faire\/\"]}]},{\"@type\":\"ImageObject\",\"inLanguage\":\"fr-FR\",\"@id\":\"https:\/\/kapitalis.com\/tunisie\/2023\/08\/23\/la-tunisie-au-sommet-des-brics-pour-quoi-faire\/#primaryimage\",\"url\":\"https:\/\/kapitalis.com\/tunisie\/wp-content\/uploads\/2023\/08\/Brics-Johannesburg.jpg\",\"contentUrl\":\"https:\/\/kapitalis.com\/tunisie\/wp-content\/uploads\/2023\/08\/Brics-Johannesburg.jpg\",\"width\":1200,\"height\":630},{\"@type\":\"BreadcrumbList\",\"@id\":\"https:\/\/kapitalis.com\/tunisie\/2023\/08\/23\/la-tunisie-au-sommet-des-brics-pour-quoi-faire\/#breadcrumb\",\"itemListElement\":[{\"@type\":\"ListItem\",\"position\":1,\"name\":\"Accueil\",\"item\":\"https:\/\/kapitalis.com\/tunisie\/\"},{\"@type\":\"ListItem\",\"position\":2,\"name\":\"La Tunisie au sommet des Brics pour quoi faire\u00a0?\"}]},{\"@type\":\"WebSite\",\"@id\":\"https:\/\/kapitalis.com\/tunisie\/#website\",\"url\":\"https:\/\/kapitalis.com\/tunisie\/\",\"name\":\"Kapitalis\",\"description\":\"L&#039;actualit\u00e9 en Tunisie et dans le monde\",\"publisher\":{\"@id\":\"https:\/\/kapitalis.com\/tunisie\/#organization\"},\"potentialAction\":[{\"@type\":\"SearchAction\",\"target\":{\"@type\":\"EntryPoint\",\"urlTemplate\":\"https:\/\/kapitalis.com\/tunisie\/?s={search_term_string}\"},\"query-input\":{\"@type\":\"PropertyValueSpecification\",\"valueRequired\":true,\"valueName\":\"search_term_string\"}}],\"inLanguage\":\"fr-FR\"},{\"@type\":\"Organization\",\"@id\":\"https:\/\/kapitalis.com\/tunisie\/#organization\",\"name\":\"Kapitalis\",\"url\":\"https:\/\/kapitalis.com\/tunisie\/\",\"logo\":{\"@type\":\"ImageObject\",\"inLanguage\":\"fr-FR\",\"@id\":\"https:\/\/kapitalis.com\/tunisie\/#\/schema\/logo\/image\/\",\"url\":\"https:\/\/kapitalis.com\/tunisie\/wp-content\/uploads\/2022\/05\/Kapitalis-big-size.png\",\"contentUrl\":\"https:\/\/kapitalis.com\/tunisie\/wp-content\/uploads\/2022\/05\/Kapitalis-big-size.png\",\"width\":5000,\"height\":1500,\"caption\":\"Kapitalis\"},\"image\":{\"@id\":\"https:\/\/kapitalis.com\/tunisie\/#\/schema\/logo\/image\/\"},\"sameAs\":[\"https:\/\/www.facebook.com\/KapitalisInfo\/\",\"https:\/\/x.com\/KapitalisInfo\",\"https:\/\/www.youtube.com\/channel\/UC-yDYrHyfFBWWZaOw3FPg9Q\"]},{\"@type\":\"Person\",\"@id\":\"https:\/\/kapitalis.com\/tunisie\/#\/schema\/person\/d71f33a9ca44f7bad4698210b480c8e9\",\"name\":\"webmaster kapitalis\",\"url\":\"https:\/\/kapitalis.com\/tunisie\/author\/webmaster-kapitalis\/\"}]}<\/script>\n<!-- \/ Yoast SEO plugin. -->","yoast_head_json":{"title":"La Tunisie au sommet des Brics pour quoi faire\u00a0? - Kapitalis","robots":{"index":"index","follow":"follow","max-snippet":"max-snippet:-1","max-image-preview":"max-image-preview:large","max-video-preview":"max-video-preview:-1"},"canonical":"https:\/\/kapitalis.com\/tunisie\/2023\/08\/23\/la-tunisie-au-sommet-des-brics-pour-quoi-faire\/","og_locale":"fr_FR","og_type":"article","og_title":"La Tunisie au sommet des Brics pour quoi faire\u00a0? - Kapitalis","og_description":"La Tunisie participe au 15e sommet des Brics en Afrique du Sud. Pourquoi ?","og_url":"https:\/\/kapitalis.com\/tunisie\/2023\/08\/23\/la-tunisie-au-sommet-des-brics-pour-quoi-faire\/","og_site_name":"Kapitalis","article_publisher":"https:\/\/www.facebook.com\/KapitalisInfo\/","article_published_time":"2023-08-23T06:29:51+00:00","article_modified_time":"2023-08-23T06:33:11+00:00","og_image":[{"width":1200,"height":630,"url":"https:\/\/kapitalis.com\/tunisie\/wp-content\/uploads\/2023\/08\/Brics-Johannesburg.jpg","type":"image\/jpeg"}],"author":"webmaster kapitalis","twitter_card":"summary_large_image","twitter_creator":"@KapitalisInfo","twitter_site":"@KapitalisInfo","twitter_misc":{"\u00c9crit par":"webmaster kapitalis","Dur\u00e9e de lecture estim\u00e9e":"4 minutes"},"schema":{"@context":"https:\/\/schema.org","@graph":[{"@type":"Article","@id":"https:\/\/kapitalis.com\/tunisie\/2023\/08\/23\/la-tunisie-au-sommet-des-brics-pour-quoi-faire\/#article","isPartOf":{"@id":"https:\/\/kapitalis.com\/tunisie\/2023\/08\/23\/la-tunisie-au-sommet-des-brics-pour-quoi-faire\/"},"author":{"name":"webmaster kapitalis","@id":"https:\/\/kapitalis.com\/tunisie\/#\/schema\/person\/d71f33a9ca44f7bad4698210b480c8e9"},"headline":"La Tunisie au sommet des Brics pour quoi faire\u00a0?","datePublished":"2023-08-23T06:29:51+00:00","dateModified":"2023-08-23T06:33:11+00:00","mainEntityOfPage":{"@id":"https:\/\/kapitalis.com\/tunisie\/2023\/08\/23\/la-tunisie-au-sommet-des-brics-pour-quoi-faire\/"},"wordCount":812,"commentCount":9,"publisher":{"@id":"https:\/\/kapitalis.com\/tunisie\/#organization"},"image":{"@id":"https:\/\/kapitalis.com\/tunisie\/2023\/08\/23\/la-tunisie-au-sommet-des-brics-pour-quoi-faire\/#primaryimage"},"thumbnailUrl":"https:\/\/kapitalis.com\/tunisie\/wp-content\/uploads\/2023\/08\/Brics-Johannesburg.jpg","keywords":["Afrique","Afrique du Sud","Brics","Chine","Nabil Ammar","Russie","Tunisie"],"articleSection":["POLITIQUE","Tunisie"],"inLanguage":"fr-FR","potentialAction":[{"@type":"CommentAction","name":"Comment","target":["https:\/\/kapitalis.com\/tunisie\/2023\/08\/23\/la-tunisie-au-sommet-des-brics-pour-quoi-faire\/#respond"]}]},{"@type":"WebPage","@id":"https:\/\/kapitalis.com\/tunisie\/2023\/08\/23\/la-tunisie-au-sommet-des-brics-pour-quoi-faire\/","url":"https:\/\/kapitalis.com\/tunisie\/2023\/08\/23\/la-tunisie-au-sommet-des-brics-pour-quoi-faire\/","name":"La Tunisie au sommet des Brics pour quoi faire\u00a0? - Kapitalis","isPartOf":{"@id":"https:\/\/kapitalis.com\/tunisie\/#website"},"primaryImageOfPage":{"@id":"https:\/\/kapitalis.com\/tunisie\/2023\/08\/23\/la-tunisie-au-sommet-des-brics-pour-quoi-faire\/#primaryimage"},"image":{"@id":"https:\/\/kapitalis.com\/tunisie\/2023\/08\/23\/la-tunisie-au-sommet-des-brics-pour-quoi-faire\/#primaryimage"},"thumbnailUrl":"https:\/\/kapitalis.com\/tunisie\/wp-content\/uploads\/2023\/08\/Brics-Johannesburg.jpg","datePublished":"2023-08-23T06:29:51+00:00","dateModified":"2023-08-23T06:33:11+00:00","breadcrumb":{"@id":"https:\/\/kapitalis.com\/tunisie\/2023\/08\/23\/la-tunisie-au-sommet-des-brics-pour-quoi-faire\/#breadcrumb"},"inLanguage":"fr-FR","potentialAction":[{"@type":"ReadAction","target":["https:\/\/kapitalis.com\/tunisie\/2023\/08\/23\/la-tunisie-au-sommet-des-brics-pour-quoi-faire\/"]}]},{"@type":"ImageObject","inLanguage":"fr-FR","@id":"https:\/\/kapitalis.com\/tunisie\/2023\/08\/23\/la-tunisie-au-sommet-des-brics-pour-quoi-faire\/#primaryimage","url":"https:\/\/kapitalis.com\/tunisie\/wp-content\/uploads\/2023\/08\/Brics-Johannesburg.jpg","contentUrl":"https:\/\/kapitalis.com\/tunisie\/wp-content\/uploads\/2023\/08\/Brics-Johannesburg.jpg","width":1200,"height":630},{"@type":"BreadcrumbList","@id":"https:\/\/kapitalis.com\/tunisie\/2023\/08\/23\/la-tunisie-au-sommet-des-brics-pour-quoi-faire\/#breadcrumb","itemListElement":[{"@type":"ListItem","position":1,"name":"Accueil","item":"https:\/\/kapitalis.com\/tunisie\/"},{"@type":"ListItem","position":2,"name":"La Tunisie au sommet des Brics pour quoi faire\u00a0?"}]},{"@type":"WebSite","@id":"https:\/\/kapitalis.com\/tunisie\/#website","url":"https:\/\/kapitalis.com\/tunisie\/","name":"Kapitalis","description":"L&#039;actualit\u00e9 en Tunisie et dans le monde","publisher":{"@id":"https:\/\/kapitalis.com\/tunisie\/#organization"},"potentialAction":[{"@type":"SearchAction","target":{"@type":"EntryPoint","urlTemplate":"https:\/\/kapitalis.com\/tunisie\/?s={search_term_string}"},"query-input":{"@type":"PropertyValueSpecification","valueRequired":true,"valueName":"search_term_string"}}],"inLanguage":"fr-FR"},{"@type":"Organization","@id":"https:\/\/kapitalis.com\/tunisie\/#organization","name":"Kapitalis","url":"https:\/\/kapitalis.com\/tunisie\/","logo":{"@type":"ImageObject","inLanguage":"fr-FR","@id":"https:\/\/kapitalis.com\/tunisie\/#\/schema\/logo\/image\/","url":"https:\/\/kapitalis.com\/tunisie\/wp-content\/uploads\/2022\/05\/Kapitalis-big-size.png","contentUrl":"https:\/\/kapitalis.com\/tunisie\/wp-content\/uploads\/2022\/05\/Kapitalis-big-size.png","width":5000,"height":1500,"caption":"Kapitalis"},"image":{"@id":"https:\/\/kapitalis.com\/tunisie\/#\/schema\/logo\/image\/"},"sameAs":["https:\/\/www.facebook.com\/KapitalisInfo\/","https:\/\/x.com\/KapitalisInfo","https:\/\/www.youtube.com\/channel\/UC-yDYrHyfFBWWZaOw3FPg9Q"]},{"@type":"Person","@id":"https:\/\/kapitalis.com\/tunisie\/#\/schema\/person\/d71f33a9ca44f7bad4698210b480c8e9","name":"webmaster kapitalis","url":"https:\/\/kapitalis.com\/tunisie\/author\/webmaster-kapitalis\/"}]}},"_links":{"self":[{"href":"https:\/\/kapitalis.com\/tunisie\/wp-json\/wp\/v2\/posts\/9495263","targetHints":{"allow":["GET"]}}],"collection":[{"href":"https:\/\/kapitalis.com\/tunisie\/wp-json\/wp\/v2\/posts"}],"about":[{"href":"https:\/\/kapitalis.com\/tunisie\/wp-json\/wp\/v2\/types\/post"}],"author":[{"embeddable":true,"href":"https:\/\/kapitalis.com\/tunisie\/wp-json\/wp\/v2\/users\/8"}],"replies":[{"embeddable":true,"href":"https:\/\/kapitalis.com\/tunisie\/wp-json\/wp\/v2\/comments?post=9495263"}],"version-history":[{"count":2,"href":"https:\/\/kapitalis.com\/tunisie\/wp-json\/wp\/v2\/posts\/9495263\/revisions"}],"predecessor-version":[{"id":9495370,"href":"https:\/\/kapitalis.com\/tunisie\/wp-json\/wp\/v2\/posts\/9495263\/revisions\/9495370"}],"wp:featuredmedia":[{"embeddable":true,"href":"https:\/\/kapitalis.com\/tunisie\/wp-json\/wp\/v2\/media\/9495310"}],"wp:attachment":[{"href":"https:\/\/kapitalis.com\/tunisie\/wp-json\/wp\/v2\/media?parent=9495263"}],"wp:term":[{"taxonomy":"category","embeddable":true,"href":"https:\/\/kapitalis.com\/tunisie\/wp-json\/wp\/v2\/categories?post=9495263"},{"taxonomy":"post_tag","embeddable":true,"href":"https:\/\/kapitalis.com\/tunisie\/wp-json\/wp\/v2\/tags?post=9495263"}],"curies":[{"name":"wp","href":"https:\/\/api.w.org\/{rel}","templated":true}]}}