{"id":95024,"date":"2017-05-07T07:35:31","date_gmt":"2017-05-07T07:05:31","guid":{"rendered":"http:\/\/kapitalis.com\/tunisie\/?p=95024"},"modified":"2017-05-07T07:39:00","modified_gmt":"2017-05-07T07:09:00","slug":"tataouine-omv-transfere-ses-fonctionnaires-a-tunis","status":"publish","type":"post","link":"https:\/\/kapitalis.com\/tunisie\/2017\/05\/07\/tataouine-omv-transfere-ses-fonctionnaires-a-tunis\/","title":{"rendered":"Tataouine : OMV transf\u00e8re ses fonctionnaires \u00e0 Tunis"},"content":{"rendered":"<p style=\"text-align: center;\"><img loading=\"lazy\" decoding=\"async\" class=\"alignnone size-full wp-image-95025\" src=\"http:\/\/kapitalis.com\/tunisie\/wp-content\/uploads\/2017\/05\/OMV.jpg\" alt=\"\" width=\"626\" height=\"380\" \/><\/p>\n<p><em><strong>La soci\u00e9t\u00e9 autrichienne d\u2019\u00e9nergie OMV a annonc\u00e9 avoir transf\u00e9r\u00e9 \u00e0 Tunis 700 de ses employ\u00e9s, bas\u00e9s dans diff\u00e9rents projets \u00e0 Tataouine, dans le sud tunisien.<\/strong> <\/em><\/p>\n<p><!--more--><\/p>\n<p>Cette d\u00e9cision a \u00e9t\u00e9 prise \u00e0 cause des harc\u00e8lements auxquels ces employ\u00e9s sont soumis depuis quelques semaines de la part d\u2019un groupe de protestataires r\u00e9clamant du travail qui coupent les routes et menacent de bloquer les op\u00e9rations de la soci\u00e9t\u00e9 p\u00e9troli\u00e8re.<\/p>\n<p>OMV a pr\u00e9cis\u00e9, dans un communiqu\u00e9 publi\u00e9 samedi 6 mai 2017, que le personnel transf\u00e9r\u00e9 est constitu\u00e9 de personnes effectuant des t\u00e2ches administratives et des contractuels, indiquant que la production dans ses installations va se poursuivre malgr\u00e9 les probl\u00e8mes de ravitaillement en vivres et en \u00e9quipements caus\u00e9s par les protestataires.<\/p>\n<p>La soci\u00e9t\u00e9 a indiqu\u00e9, dans le m\u00eame communiqu\u00e9, qu\u2019elle est en train de suivre de pr\u00e8s l\u2019\u00e9volution de la situation dans le sud tunisien et qu\u2019elle prendra la d\u00e9cision ad\u00e9quate le moment opportun, laissant entendre qu\u2019elle n\u2019\u00e9carte pas la possibilit\u00e9 de suspendre ses activit\u00e9s, si les protestations se poursuivent et menacent s\u00e9rieusement la s\u00e9curit\u00e9 des travailleurs et la fluidit\u00e9 du travail dans les diff\u00e9rentes bases.<\/p>\n<p style=\"text-align: right;\"><strong>A. K.<\/strong><\/p>\n","protected":false},"excerpt":{"rendered":"<p>La soci\u00e9t\u00e9 autrichienne d\u2019\u00e9nergie OMV a annonc\u00e9 avoir transf\u00e9r\u00e9 \u00e0 Tunis 700 de ses employ\u00e9s, bas\u00e9s dans diff\u00e9rents projets \u00e0 Tataouine, dans le sud tunisien.<\/p>\n","protected":false},"author":8,"featured_media":95025,"comment_status":"open","ping_status":"open","sticky":false,"template":"","format":"standard","meta":{"footnotes":""},"categories":[995,2433],"tags":[318,7154,1126],"class_list":["post-95024","post","type-post","status-publish","format-standard","has-post-thumbnail","hentry","category-economie","category-tunisie","tag-energie","tag-sud-tunisien","tag-tataouine"],"yoast_head":"<!-- This site is optimized with the Yoast SEO plugin v26.6 - https:\/\/yoast.com\/wordpress\/plugins\/seo\/ -->\n<title>Tataouine : OMV transf\u00e8re ses fonctionnaires \u00e0 Tunis - Kapitalis<\/title>\n<meta name=\"robots\" content=\"index, follow, max-snippet:-1, max-image-preview:large, max-video-preview:-1\" \/>\n<link rel=\"canonical\" href=\"https:\/\/kapitalis.com\/tunisie\/2017\/05\/07\/tataouine-omv-transfere-ses-fonctionnaires-a-tunis\/\" \/>\n<meta property=\"og:locale\" content=\"fr_FR\" \/>\n<meta property=\"og:type\" content=\"article\" \/>\n<meta property=\"og:title\" content=\"Tataouine : OMV transf\u00e8re ses fonctionnaires \u00e0 Tunis - Kapitalis\" \/>\n<meta property=\"og:description\" content=\"La soci\u00e9t\u00e9 autrichienne d\u2019\u00e9nergie OMV a annonc\u00e9 avoir transf\u00e9r\u00e9 \u00e0 Tunis 700 de ses employ\u00e9s, bas\u00e9s dans diff\u00e9rents projets \u00e0 Tataouine, dans le sud tunisien.\" \/>\n<meta property=\"og:url\" content=\"https:\/\/kapitalis.com\/tunisie\/2017\/05\/07\/tataouine-omv-transfere-ses-fonctionnaires-a-tunis\/\" \/>\n<meta property=\"og:site_name\" content=\"Kapitalis\" \/>\n<meta property=\"article:publisher\" content=\"https:\/\/www.facebook.com\/KapitalisInfo\/\" \/>\n<meta property=\"article:published_time\" content=\"2017-05-07T07:05:31+00:00\" \/>\n<meta property=\"article:modified_time\" content=\"2017-05-07T07:09:00+00:00\" \/>\n<meta property=\"og:image\" content=\"https:\/\/kapitalis.com\/tunisie\/wp-content\/uploads\/2022\/05\/kapitalis-logo-fb.png\" \/>\n\t<meta property=\"og:image:width\" content=\"1200\" \/>\n\t<meta property=\"og:image:height\" content=\"630\" \/>\n\t<meta property=\"og:image:type\" content=\"image\/png\" \/>\n<meta name=\"author\" content=\"webmaster kapitalis\" \/>\n<meta name=\"twitter:card\" content=\"summary_large_image\" \/>\n<meta name=\"twitter:creator\" content=\"@KapitalisInfo\" \/>\n<meta name=\"twitter:site\" content=\"@KapitalisInfo\" \/>\n<meta name=\"twitter:label1\" content=\"\u00c9crit par\" \/>\n\t<meta name=\"twitter:data1\" content=\"webmaster kapitalis\" \/>\n\t<meta name=\"twitter:label2\" content=\"Dur\u00e9e de lecture estim\u00e9e\" \/>\n\t<meta name=\"twitter:data2\" content=\"1 minute\" \/>\n<script type=\"application\/ld+json\" class=\"yoast-schema-graph\">{\"@context\":\"https:\/\/schema.org\",\"@graph\":[{\"@type\":\"Article\",\"@id\":\"https:\/\/kapitalis.com\/tunisie\/2017\/05\/07\/tataouine-omv-transfere-ses-fonctionnaires-a-tunis\/#article\",\"isPartOf\":{\"@id\":\"https:\/\/kapitalis.com\/tunisie\/2017\/05\/07\/tataouine-omv-transfere-ses-fonctionnaires-a-tunis\/\"},\"author\":{\"name\":\"webmaster kapitalis\",\"@id\":\"https:\/\/kapitalis.com\/tunisie\/#\/schema\/person\/d71f33a9ca44f7bad4698210b480c8e9\"},\"headline\":\"Tataouine : OMV transf\u00e8re ses fonctionnaires \u00e0 Tunis\",\"datePublished\":\"2017-05-07T07:05:31+00:00\",\"dateModified\":\"2017-05-07T07:09:00+00:00\",\"mainEntityOfPage\":{\"@id\":\"https:\/\/kapitalis.com\/tunisie\/2017\/05\/07\/tataouine-omv-transfere-ses-fonctionnaires-a-tunis\/\"},\"wordCount\":218,\"commentCount\":2,\"publisher\":{\"@id\":\"https:\/\/kapitalis.com\/tunisie\/#organization\"},\"image\":{\"@id\":\"https:\/\/kapitalis.com\/tunisie\/2017\/05\/07\/tataouine-omv-transfere-ses-fonctionnaires-a-tunis\/#primaryimage\"},\"thumbnailUrl\":\"\",\"keywords\":[\"\u00e9nergie\",\"sud tunisien\",\"Tataouine\"],\"articleSection\":[\"ECONOMIE\",\"Tunisie\"],\"inLanguage\":\"fr-FR\",\"potentialAction\":[{\"@type\":\"CommentAction\",\"name\":\"Comment\",\"target\":[\"https:\/\/kapitalis.com\/tunisie\/2017\/05\/07\/tataouine-omv-transfere-ses-fonctionnaires-a-tunis\/#respond\"]}]},{\"@type\":\"WebPage\",\"@id\":\"https:\/\/kapitalis.com\/tunisie\/2017\/05\/07\/tataouine-omv-transfere-ses-fonctionnaires-a-tunis\/\",\"url\":\"https:\/\/kapitalis.com\/tunisie\/2017\/05\/07\/tataouine-omv-transfere-ses-fonctionnaires-a-tunis\/\",\"name\":\"Tataouine : OMV transf\u00e8re ses fonctionnaires \u00e0 Tunis - Kapitalis\",\"isPartOf\":{\"@id\":\"https:\/\/kapitalis.com\/tunisie\/#website\"},\"primaryImageOfPage\":{\"@id\":\"https:\/\/kapitalis.com\/tunisie\/2017\/05\/07\/tataouine-omv-transfere-ses-fonctionnaires-a-tunis\/#primaryimage\"},\"image\":{\"@id\":\"https:\/\/kapitalis.com\/tunisie\/2017\/05\/07\/tataouine-omv-transfere-ses-fonctionnaires-a-tunis\/#primaryimage\"},\"thumbnailUrl\":\"\",\"datePublished\":\"2017-05-07T07:05:31+00:00\",\"dateModified\":\"2017-05-07T07:09:00+00:00\",\"breadcrumb\":{\"@id\":\"https:\/\/kapitalis.com\/tunisie\/2017\/05\/07\/tataouine-omv-transfere-ses-fonctionnaires-a-tunis\/#breadcrumb\"},\"inLanguage\":\"fr-FR\",\"potentialAction\":[{\"@type\":\"ReadAction\",\"target\":[\"https:\/\/kapitalis.com\/tunisie\/2017\/05\/07\/tataouine-omv-transfere-ses-fonctionnaires-a-tunis\/\"]}]},{\"@type\":\"ImageObject\",\"inLanguage\":\"fr-FR\",\"@id\":\"https:\/\/kapitalis.com\/tunisie\/2017\/05\/07\/tataouine-omv-transfere-ses-fonctionnaires-a-tunis\/#primaryimage\",\"url\":\"\",\"contentUrl\":\"\"},{\"@type\":\"BreadcrumbList\",\"@id\":\"https:\/\/kapitalis.com\/tunisie\/2017\/05\/07\/tataouine-omv-transfere-ses-fonctionnaires-a-tunis\/#breadcrumb\",\"itemListElement\":[{\"@type\":\"ListItem\",\"position\":1,\"name\":\"Accueil\",\"item\":\"https:\/\/kapitalis.com\/tunisie\/\"},{\"@type\":\"ListItem\",\"position\":2,\"name\":\"Tataouine : OMV transf\u00e8re ses fonctionnaires \u00e0 Tunis\"}]},{\"@type\":\"WebSite\",\"@id\":\"https:\/\/kapitalis.com\/tunisie\/#website\",\"url\":\"https:\/\/kapitalis.com\/tunisie\/\",\"name\":\"Kapitalis\",\"description\":\"L&#039;actualit\u00e9 en Tunisie et dans le monde\",\"publisher\":{\"@id\":\"https:\/\/kapitalis.com\/tunisie\/#organization\"},\"potentialAction\":[{\"@type\":\"SearchAction\",\"target\":{\"@type\":\"EntryPoint\",\"urlTemplate\":\"https:\/\/kapitalis.com\/tunisie\/?s={search_term_string}\"},\"query-input\":{\"@type\":\"PropertyValueSpecification\",\"valueRequired\":true,\"valueName\":\"search_term_string\"}}],\"inLanguage\":\"fr-FR\"},{\"@type\":\"Organization\",\"@id\":\"https:\/\/kapitalis.com\/tunisie\/#organization\",\"name\":\"Kapitalis\",\"url\":\"https:\/\/kapitalis.com\/tunisie\/\",\"logo\":{\"@type\":\"ImageObject\",\"inLanguage\":\"fr-FR\",\"@id\":\"https:\/\/kapitalis.com\/tunisie\/#\/schema\/logo\/image\/\",\"url\":\"https:\/\/kapitalis.com\/tunisie\/wp-content\/uploads\/2022\/05\/Kapitalis-big-size.png\",\"contentUrl\":\"https:\/\/kapitalis.com\/tunisie\/wp-content\/uploads\/2022\/05\/Kapitalis-big-size.png\",\"width\":5000,\"height\":1500,\"caption\":\"Kapitalis\"},\"image\":{\"@id\":\"https:\/\/kapitalis.com\/tunisie\/#\/schema\/logo\/image\/\"},\"sameAs\":[\"https:\/\/www.facebook.com\/KapitalisInfo\/\",\"https:\/\/x.com\/KapitalisInfo\",\"https:\/\/www.youtube.com\/channel\/UC-yDYrHyfFBWWZaOw3FPg9Q\"]},{\"@type\":\"Person\",\"@id\":\"https:\/\/kapitalis.com\/tunisie\/#\/schema\/person\/d71f33a9ca44f7bad4698210b480c8e9\",\"name\":\"webmaster kapitalis\",\"url\":\"https:\/\/kapitalis.com\/tunisie\/author\/webmaster-kapitalis\/\"}]}<\/script>\n<!-- \/ Yoast SEO plugin. -->","yoast_head_json":{"title":"Tataouine : OMV transf\u00e8re ses fonctionnaires \u00e0 Tunis - Kapitalis","robots":{"index":"index","follow":"follow","max-snippet":"max-snippet:-1","max-image-preview":"max-image-preview:large","max-video-preview":"max-video-preview:-1"},"canonical":"https:\/\/kapitalis.com\/tunisie\/2017\/05\/07\/tataouine-omv-transfere-ses-fonctionnaires-a-tunis\/","og_locale":"fr_FR","og_type":"article","og_title":"Tataouine : OMV transf\u00e8re ses fonctionnaires \u00e0 Tunis - Kapitalis","og_description":"La soci\u00e9t\u00e9 autrichienne d\u2019\u00e9nergie OMV a annonc\u00e9 avoir transf\u00e9r\u00e9 \u00e0 Tunis 700 de ses employ\u00e9s, bas\u00e9s dans diff\u00e9rents projets \u00e0 Tataouine, dans le sud tunisien.","og_url":"https:\/\/kapitalis.com\/tunisie\/2017\/05\/07\/tataouine-omv-transfere-ses-fonctionnaires-a-tunis\/","og_site_name":"Kapitalis","article_publisher":"https:\/\/www.facebook.com\/KapitalisInfo\/","article_published_time":"2017-05-07T07:05:31+00:00","article_modified_time":"2017-05-07T07:09:00+00:00","og_image":[{"width":1200,"height":630,"url":"https:\/\/kapitalis.com\/tunisie\/wp-content\/uploads\/2022\/05\/kapitalis-logo-fb.png","type":"image\/png"}],"author":"webmaster kapitalis","twitter_card":"summary_large_image","twitter_creator":"@KapitalisInfo","twitter_site":"@KapitalisInfo","twitter_misc":{"\u00c9crit par":"webmaster kapitalis","Dur\u00e9e de lecture estim\u00e9e":"1 minute"},"schema":{"@context":"https:\/\/schema.org","@graph":[{"@type":"Article","@id":"https:\/\/kapitalis.com\/tunisie\/2017\/05\/07\/tataouine-omv-transfere-ses-fonctionnaires-a-tunis\/#article","isPartOf":{"@id":"https:\/\/kapitalis.com\/tunisie\/2017\/05\/07\/tataouine-omv-transfere-ses-fonctionnaires-a-tunis\/"},"author":{"name":"webmaster kapitalis","@id":"https:\/\/kapitalis.com\/tunisie\/#\/schema\/person\/d71f33a9ca44f7bad4698210b480c8e9"},"headline":"Tataouine : OMV transf\u00e8re ses fonctionnaires \u00e0 Tunis","datePublished":"2017-05-07T07:05:31+00:00","dateModified":"2017-05-07T07:09:00+00:00","mainEntityOfPage":{"@id":"https:\/\/kapitalis.com\/tunisie\/2017\/05\/07\/tataouine-omv-transfere-ses-fonctionnaires-a-tunis\/"},"wordCount":218,"commentCount":2,"publisher":{"@id":"https:\/\/kapitalis.com\/tunisie\/#organization"},"image":{"@id":"https:\/\/kapitalis.com\/tunisie\/2017\/05\/07\/tataouine-omv-transfere-ses-fonctionnaires-a-tunis\/#primaryimage"},"thumbnailUrl":"","keywords":["\u00e9nergie","sud tunisien","Tataouine"],"articleSection":["ECONOMIE","Tunisie"],"inLanguage":"fr-FR","potentialAction":[{"@type":"CommentAction","name":"Comment","target":["https:\/\/kapitalis.com\/tunisie\/2017\/05\/07\/tataouine-omv-transfere-ses-fonctionnaires-a-tunis\/#respond"]}]},{"@type":"WebPage","@id":"https:\/\/kapitalis.com\/tunisie\/2017\/05\/07\/tataouine-omv-transfere-ses-fonctionnaires-a-tunis\/","url":"https:\/\/kapitalis.com\/tunisie\/2017\/05\/07\/tataouine-omv-transfere-ses-fonctionnaires-a-tunis\/","name":"Tataouine : OMV transf\u00e8re ses fonctionnaires \u00e0 Tunis - Kapitalis","isPartOf":{"@id":"https:\/\/kapitalis.com\/tunisie\/#website"},"primaryImageOfPage":{"@id":"https:\/\/kapitalis.com\/tunisie\/2017\/05\/07\/tataouine-omv-transfere-ses-fonctionnaires-a-tunis\/#primaryimage"},"image":{"@id":"https:\/\/kapitalis.com\/tunisie\/2017\/05\/07\/tataouine-omv-transfere-ses-fonctionnaires-a-tunis\/#primaryimage"},"thumbnailUrl":"","datePublished":"2017-05-07T07:05:31+00:00","dateModified":"2017-05-07T07:09:00+00:00","breadcrumb":{"@id":"https:\/\/kapitalis.com\/tunisie\/2017\/05\/07\/tataouine-omv-transfere-ses-fonctionnaires-a-tunis\/#breadcrumb"},"inLanguage":"fr-FR","potentialAction":[{"@type":"ReadAction","target":["https:\/\/kapitalis.com\/tunisie\/2017\/05\/07\/tataouine-omv-transfere-ses-fonctionnaires-a-tunis\/"]}]},{"@type":"ImageObject","inLanguage":"fr-FR","@id":"https:\/\/kapitalis.com\/tunisie\/2017\/05\/07\/tataouine-omv-transfere-ses-fonctionnaires-a-tunis\/#primaryimage","url":"","contentUrl":""},{"@type":"BreadcrumbList","@id":"https:\/\/kapitalis.com\/tunisie\/2017\/05\/07\/tataouine-omv-transfere-ses-fonctionnaires-a-tunis\/#breadcrumb","itemListElement":[{"@type":"ListItem","position":1,"name":"Accueil","item":"https:\/\/kapitalis.com\/tunisie\/"},{"@type":"ListItem","position":2,"name":"Tataouine : OMV transf\u00e8re ses fonctionnaires \u00e0 Tunis"}]},{"@type":"WebSite","@id":"https:\/\/kapitalis.com\/tunisie\/#website","url":"https:\/\/kapitalis.com\/tunisie\/","name":"Kapitalis","description":"L&#039;actualit\u00e9 en Tunisie et dans le monde","publisher":{"@id":"https:\/\/kapitalis.com\/tunisie\/#organization"},"potentialAction":[{"@type":"SearchAction","target":{"@type":"EntryPoint","urlTemplate":"https:\/\/kapitalis.com\/tunisie\/?s={search_term_string}"},"query-input":{"@type":"PropertyValueSpecification","valueRequired":true,"valueName":"search_term_string"}}],"inLanguage":"fr-FR"},{"@type":"Organization","@id":"https:\/\/kapitalis.com\/tunisie\/#organization","name":"Kapitalis","url":"https:\/\/kapitalis.com\/tunisie\/","logo":{"@type":"ImageObject","inLanguage":"fr-FR","@id":"https:\/\/kapitalis.com\/tunisie\/#\/schema\/logo\/image\/","url":"https:\/\/kapitalis.com\/tunisie\/wp-content\/uploads\/2022\/05\/Kapitalis-big-size.png","contentUrl":"https:\/\/kapitalis.com\/tunisie\/wp-content\/uploads\/2022\/05\/Kapitalis-big-size.png","width":5000,"height":1500,"caption":"Kapitalis"},"image":{"@id":"https:\/\/kapitalis.com\/tunisie\/#\/schema\/logo\/image\/"},"sameAs":["https:\/\/www.facebook.com\/KapitalisInfo\/","https:\/\/x.com\/KapitalisInfo","https:\/\/www.youtube.com\/channel\/UC-yDYrHyfFBWWZaOw3FPg9Q"]},{"@type":"Person","@id":"https:\/\/kapitalis.com\/tunisie\/#\/schema\/person\/d71f33a9ca44f7bad4698210b480c8e9","name":"webmaster kapitalis","url":"https:\/\/kapitalis.com\/tunisie\/author\/webmaster-kapitalis\/"}]}},"_links":{"self":[{"href":"https:\/\/kapitalis.com\/tunisie\/wp-json\/wp\/v2\/posts\/95024","targetHints":{"allow":["GET"]}}],"collection":[{"href":"https:\/\/kapitalis.com\/tunisie\/wp-json\/wp\/v2\/posts"}],"about":[{"href":"https:\/\/kapitalis.com\/tunisie\/wp-json\/wp\/v2\/types\/post"}],"author":[{"embeddable":true,"href":"https:\/\/kapitalis.com\/tunisie\/wp-json\/wp\/v2\/users\/8"}],"replies":[{"embeddable":true,"href":"https:\/\/kapitalis.com\/tunisie\/wp-json\/wp\/v2\/comments?post=95024"}],"version-history":[{"count":0,"href":"https:\/\/kapitalis.com\/tunisie\/wp-json\/wp\/v2\/posts\/95024\/revisions"}],"wp:featuredmedia":[{"embeddable":true,"href":"https:\/\/kapitalis.com\/tunisie\/wp-json\/wp\/v2\/media\/95025"}],"wp:attachment":[{"href":"https:\/\/kapitalis.com\/tunisie\/wp-json\/wp\/v2\/media?parent=95024"}],"wp:term":[{"taxonomy":"category","embeddable":true,"href":"https:\/\/kapitalis.com\/tunisie\/wp-json\/wp\/v2\/categories?post=95024"},{"taxonomy":"post_tag","embeddable":true,"href":"https:\/\/kapitalis.com\/tunisie\/wp-json\/wp\/v2\/tags?post=95024"}],"curies":[{"name":"wp","href":"https:\/\/api.w.org\/{rel}","templated":true}]}}