{"id":9503997,"date":"2023-08-24T01:45:02","date_gmt":"2023-08-24T00:45:02","guid":{"rendered":"https:\/\/kapitalis.com\/tunisie\/?p=9503997"},"modified":"2023-08-24T11:23:15","modified_gmt":"2023-08-24T10:23:15","slug":"meurtre-a-jebel-lahmar-un-oncle-et-son-neveu-arretes","status":"publish","type":"post","link":"https:\/\/kapitalis.com\/tunisie\/2023\/08\/24\/meurtre-a-jebel-lahmar-un-oncle-et-son-neveu-arretes\/","title":{"rendered":"Meurtre \u00e0 Jebel Lahmar : Un oncle et son neveu arr\u00eat\u00e9s"},"content":{"rendered":"\n<p><em><strong>La Direction g\u00e9n\u00e9rale de la s\u00fbret\u00e9 nationale (DGSN) a annonc\u00e9 l&rsquo;arrestation d&rsquo;un individu et de son neveu, dans le cadre d&rsquo;une enqu\u00eate pour meurtre ouverte suite \u00e0 la d\u00e9couverte d&rsquo;un homme gri\u00e8vement bless\u00e9 sur la voie publique \u00e0 Jebel Lahmar \u00e0 la lisi\u00e8re ouest de Tunis et qui a rendu l&rsquo;\u00e2me \u00e0 l&rsquo;h\u00f4pital.<\/strong><\/em><\/p>\n\n\n\n<!--more-->\n\n\n\n<p>Dans un communiqu\u00e9 publi\u00e9 ce mercredi 23 ao\u00fbt 2023, la DGSN a pr\u00e9cis\u00e9 que les investigations ont permis d&rsquo;arr\u00eater un premier suspect habitant \u00e9galement \u00e0 Jebel Lahmar, qui a avou\u00e9 les faits en pr\u00e9cisant conna\u00eetre sa victime et ajoutant qu&rsquo;il a tu\u00e9e \u00e0 l&rsquo;aide de son oncle paternel.<\/p>\n\n\n\n<p>Ce dernier avait pris la fuite mais a rapidement \u00e9t\u00e9 arr\u00eat\u00e9 dans une embuscade et a \u00e9galement avou\u00e9 son forfait, ajoute la DGSN, en indiquant que le minist\u00e8re public a ordonn\u00e9 la mise en d\u00e9tention des deux suspects poursuivis pour homicide volontaire et d\u00e9tention ill\u00e9gale d\u2019armes blanches.<\/p>\n\n\n\n<p class=\"has-text-align-right\"><strong>Y. N.<\/strong><\/p>\n","protected":false},"excerpt":{"rendered":"<p>Meurtre \u00e0 Jebel Lahmar : Un oncle et son neveu arr\u00eat\u00e9s <\/p>\n","protected":false},"author":6,"featured_media":9504186,"comment_status":"open","ping_status":"open","sticky":false,"template":"","format":"standard","meta":{"footnotes":""},"categories":[998,2433],"tags":[5093,77047,325,3515,604,64491],"class_list":["post-9503997","post","type-post","status-publish","format-standard","has-post-thumbnail","hentry","category-societe","category-tunisie","tag-arme-blanche","tag-dgsn","tag-enquete","tag-jebel-lahmar","tag-meurtre","tag-tunis"],"yoast_head":"<!-- This site is optimized with the Yoast SEO plugin v26.6 - https:\/\/yoast.com\/wordpress\/plugins\/seo\/ -->\n<title>Meurtre \u00e0 Jebel Lahmar : Un oncle et son neveu arr\u00eat\u00e9s - Kapitalis<\/title>\n<meta name=\"description\" content=\"La Direction g\u00e9n\u00e9rale de la s\u00fbret\u00e9 nationale (DGSN) a annonc\u00e9 l&#039;arrestation d&#039;un individu et de son neveu, dans le cadre d&#039;une enqu\u00eate pour meurtre ouverte suite \u00e0 la d\u00e9couverte d&#039;un homme gri\u00e8vement bless\u00e9 sur la voie publique \u00e0 Jebel Lahmar \u00e0 la lisi\u00e8re ouest de Tunis et qui a rendu l&#039;\u00e2me \u00e0 l&#039;h\u00f4pital.\" \/>\n<meta name=\"robots\" content=\"index, follow, max-snippet:-1, max-image-preview:large, max-video-preview:-1\" \/>\n<link rel=\"canonical\" href=\"https:\/\/kapitalis.com\/tunisie\/2023\/08\/24\/meurtre-a-jebel-lahmar-un-oncle-et-son-neveu-arretes\/\" \/>\n<meta property=\"og:locale\" content=\"fr_FR\" \/>\n<meta property=\"og:type\" content=\"article\" \/>\n<meta property=\"og:title\" content=\"Meurtre \u00e0 Jebel Lahmar : Un oncle et son neveu arr\u00eat\u00e9s - Kapitalis\" \/>\n<meta property=\"og:description\" content=\"La Direction g\u00e9n\u00e9rale de la s\u00fbret\u00e9 nationale (DGSN) a annonc\u00e9 l&#039;arrestation d&#039;un individu et de son neveu, dans le cadre d&#039;une enqu\u00eate pour meurtre ouverte suite \u00e0 la d\u00e9couverte d&#039;un homme gri\u00e8vement bless\u00e9 sur la voie publique \u00e0 Jebel Lahmar \u00e0 la lisi\u00e8re ouest de Tunis et qui a rendu l&#039;\u00e2me \u00e0 l&#039;h\u00f4pital.\" \/>\n<meta property=\"og:url\" content=\"https:\/\/kapitalis.com\/tunisie\/2023\/08\/24\/meurtre-a-jebel-lahmar-un-oncle-et-son-neveu-arretes\/\" \/>\n<meta property=\"og:site_name\" content=\"Kapitalis\" \/>\n<meta property=\"article:publisher\" content=\"https:\/\/www.facebook.com\/KapitalisInfo\/\" \/>\n<meta property=\"article:published_time\" content=\"2023-08-24T00:45:02+00:00\" \/>\n<meta property=\"article:modified_time\" content=\"2023-08-24T10:23:15+00:00\" \/>\n<meta property=\"og:image\" content=\"https:\/\/kapitalis.com\/tunisie\/wp-content\/uploads\/2023\/08\/Meurtre-Jebel-Lahmar.jpg\" \/>\n\t<meta property=\"og:image:width\" content=\"1200\" \/>\n\t<meta property=\"og:image:height\" content=\"630\" \/>\n\t<meta property=\"og:image:type\" content=\"image\/jpeg\" \/>\n<meta name=\"author\" content=\"Yusra NY\" \/>\n<meta name=\"twitter:card\" content=\"summary_large_image\" \/>\n<meta name=\"twitter:creator\" content=\"@KapitalisInfo\" \/>\n<meta name=\"twitter:site\" content=\"@KapitalisInfo\" \/>\n<meta name=\"twitter:label1\" content=\"\u00c9crit par\" \/>\n\t<meta name=\"twitter:data1\" content=\"Yusra NY\" \/>\n\t<meta name=\"twitter:label2\" content=\"Dur\u00e9e de lecture estim\u00e9e\" \/>\n\t<meta name=\"twitter:data2\" content=\"1 minute\" \/>\n<script type=\"application\/ld+json\" class=\"yoast-schema-graph\">{\"@context\":\"https:\/\/schema.org\",\"@graph\":[{\"@type\":\"Article\",\"@id\":\"https:\/\/kapitalis.com\/tunisie\/2023\/08\/24\/meurtre-a-jebel-lahmar-un-oncle-et-son-neveu-arretes\/#article\",\"isPartOf\":{\"@id\":\"https:\/\/kapitalis.com\/tunisie\/2023\/08\/24\/meurtre-a-jebel-lahmar-un-oncle-et-son-neveu-arretes\/\"},\"author\":{\"name\":\"Yusra NY\",\"@id\":\"https:\/\/kapitalis.com\/tunisie\/#\/schema\/person\/74bbde0154d49d790a92aaeac5bc01d5\"},\"headline\":\"Meurtre \u00e0 Jebel Lahmar : Un oncle et son neveu arr\u00eat\u00e9s\",\"datePublished\":\"2023-08-24T00:45:02+00:00\",\"dateModified\":\"2023-08-24T10:23:15+00:00\",\"mainEntityOfPage\":{\"@id\":\"https:\/\/kapitalis.com\/tunisie\/2023\/08\/24\/meurtre-a-jebel-lahmar-un-oncle-et-son-neveu-arretes\/\"},\"wordCount\":174,\"commentCount\":0,\"publisher\":{\"@id\":\"https:\/\/kapitalis.com\/tunisie\/#organization\"},\"image\":{\"@id\":\"https:\/\/kapitalis.com\/tunisie\/2023\/08\/24\/meurtre-a-jebel-lahmar-un-oncle-et-son-neveu-arretes\/#primaryimage\"},\"thumbnailUrl\":\"https:\/\/kapitalis.com\/tunisie\/wp-content\/uploads\/2023\/08\/Meurtre-Jebel-Lahmar.jpg\",\"keywords\":[\"arme blanche\",\"DGSN\",\"enqu\u00eate\",\"Jebel Lahmar\",\"meurtre\",\"Tunis\"],\"articleSection\":[\"SOCIETE\",\"Tunisie\"],\"inLanguage\":\"fr-FR\",\"potentialAction\":[{\"@type\":\"CommentAction\",\"name\":\"Comment\",\"target\":[\"https:\/\/kapitalis.com\/tunisie\/2023\/08\/24\/meurtre-a-jebel-lahmar-un-oncle-et-son-neveu-arretes\/#respond\"]}]},{\"@type\":\"WebPage\",\"@id\":\"https:\/\/kapitalis.com\/tunisie\/2023\/08\/24\/meurtre-a-jebel-lahmar-un-oncle-et-son-neveu-arretes\/\",\"url\":\"https:\/\/kapitalis.com\/tunisie\/2023\/08\/24\/meurtre-a-jebel-lahmar-un-oncle-et-son-neveu-arretes\/\",\"name\":\"Meurtre \u00e0 Jebel Lahmar : Un oncle et son neveu arr\u00eat\u00e9s - Kapitalis\",\"isPartOf\":{\"@id\":\"https:\/\/kapitalis.com\/tunisie\/#website\"},\"primaryImageOfPage\":{\"@id\":\"https:\/\/kapitalis.com\/tunisie\/2023\/08\/24\/meurtre-a-jebel-lahmar-un-oncle-et-son-neveu-arretes\/#primaryimage\"},\"image\":{\"@id\":\"https:\/\/kapitalis.com\/tunisie\/2023\/08\/24\/meurtre-a-jebel-lahmar-un-oncle-et-son-neveu-arretes\/#primaryimage\"},\"thumbnailUrl\":\"https:\/\/kapitalis.com\/tunisie\/wp-content\/uploads\/2023\/08\/Meurtre-Jebel-Lahmar.jpg\",\"datePublished\":\"2023-08-24T00:45:02+00:00\",\"dateModified\":\"2023-08-24T10:23:15+00:00\",\"description\":\"La Direction g\u00e9n\u00e9rale de la s\u00fbret\u00e9 nationale (DGSN) a annonc\u00e9 l'arrestation d'un individu et de son neveu, dans le cadre d'une enqu\u00eate pour meurtre ouverte suite \u00e0 la d\u00e9couverte d'un homme gri\u00e8vement bless\u00e9 sur la voie publique \u00e0 Jebel Lahmar \u00e0 la lisi\u00e8re ouest de Tunis et qui a rendu l'\u00e2me \u00e0 l'h\u00f4pital.\",\"breadcrumb\":{\"@id\":\"https:\/\/kapitalis.com\/tunisie\/2023\/08\/24\/meurtre-a-jebel-lahmar-un-oncle-et-son-neveu-arretes\/#breadcrumb\"},\"inLanguage\":\"fr-FR\",\"potentialAction\":[{\"@type\":\"ReadAction\",\"target\":[\"https:\/\/kapitalis.com\/tunisie\/2023\/08\/24\/meurtre-a-jebel-lahmar-un-oncle-et-son-neveu-arretes\/\"]}]},{\"@type\":\"ImageObject\",\"inLanguage\":\"fr-FR\",\"@id\":\"https:\/\/kapitalis.com\/tunisie\/2023\/08\/24\/meurtre-a-jebel-lahmar-un-oncle-et-son-neveu-arretes\/#primaryimage\",\"url\":\"https:\/\/kapitalis.com\/tunisie\/wp-content\/uploads\/2023\/08\/Meurtre-Jebel-Lahmar.jpg\",\"contentUrl\":\"https:\/\/kapitalis.com\/tunisie\/wp-content\/uploads\/2023\/08\/Meurtre-Jebel-Lahmar.jpg\",\"width\":1200,\"height\":630},{\"@type\":\"BreadcrumbList\",\"@id\":\"https:\/\/kapitalis.com\/tunisie\/2023\/08\/24\/meurtre-a-jebel-lahmar-un-oncle-et-son-neveu-arretes\/#breadcrumb\",\"itemListElement\":[{\"@type\":\"ListItem\",\"position\":1,\"name\":\"Accueil\",\"item\":\"https:\/\/kapitalis.com\/tunisie\/\"},{\"@type\":\"ListItem\",\"position\":2,\"name\":\"Meurtre \u00e0 Jebel Lahmar : Un oncle et son neveu arr\u00eat\u00e9s\"}]},{\"@type\":\"WebSite\",\"@id\":\"https:\/\/kapitalis.com\/tunisie\/#website\",\"url\":\"https:\/\/kapitalis.com\/tunisie\/\",\"name\":\"Kapitalis\",\"description\":\"L&#039;actualit\u00e9 en Tunisie et dans le monde\",\"publisher\":{\"@id\":\"https:\/\/kapitalis.com\/tunisie\/#organization\"},\"potentialAction\":[{\"@type\":\"SearchAction\",\"target\":{\"@type\":\"EntryPoint\",\"urlTemplate\":\"https:\/\/kapitalis.com\/tunisie\/?s={search_term_string}\"},\"query-input\":{\"@type\":\"PropertyValueSpecification\",\"valueRequired\":true,\"valueName\":\"search_term_string\"}}],\"inLanguage\":\"fr-FR\"},{\"@type\":\"Organization\",\"@id\":\"https:\/\/kapitalis.com\/tunisie\/#organization\",\"name\":\"Kapitalis\",\"url\":\"https:\/\/kapitalis.com\/tunisie\/\",\"logo\":{\"@type\":\"ImageObject\",\"inLanguage\":\"fr-FR\",\"@id\":\"https:\/\/kapitalis.com\/tunisie\/#\/schema\/logo\/image\/\",\"url\":\"https:\/\/kapitalis.com\/tunisie\/wp-content\/uploads\/2022\/05\/Kapitalis-big-size.png\",\"contentUrl\":\"https:\/\/kapitalis.com\/tunisie\/wp-content\/uploads\/2022\/05\/Kapitalis-big-size.png\",\"width\":5000,\"height\":1500,\"caption\":\"Kapitalis\"},\"image\":{\"@id\":\"https:\/\/kapitalis.com\/tunisie\/#\/schema\/logo\/image\/\"},\"sameAs\":[\"https:\/\/www.facebook.com\/KapitalisInfo\/\",\"https:\/\/x.com\/KapitalisInfo\",\"https:\/\/www.youtube.com\/channel\/UC-yDYrHyfFBWWZaOw3FPg9Q\"]},{\"@type\":\"Person\",\"@id\":\"https:\/\/kapitalis.com\/tunisie\/#\/schema\/person\/74bbde0154d49d790a92aaeac5bc01d5\",\"name\":\"Yusra NY\",\"url\":\"https:\/\/kapitalis.com\/tunisie\/author\/yuza_adam\/\"}]}<\/script>\n<!-- \/ Yoast SEO plugin. -->","yoast_head_json":{"title":"Meurtre \u00e0 Jebel Lahmar : Un oncle et son neveu arr\u00eat\u00e9s - Kapitalis","description":"La Direction g\u00e9n\u00e9rale de la s\u00fbret\u00e9 nationale (DGSN) a annonc\u00e9 l'arrestation d'un individu et de son neveu, dans le cadre d'une enqu\u00eate pour meurtre ouverte suite \u00e0 la d\u00e9couverte d'un homme gri\u00e8vement bless\u00e9 sur la voie publique \u00e0 Jebel Lahmar \u00e0 la lisi\u00e8re ouest de Tunis et qui a rendu l'\u00e2me \u00e0 l'h\u00f4pital.","robots":{"index":"index","follow":"follow","max-snippet":"max-snippet:-1","max-image-preview":"max-image-preview:large","max-video-preview":"max-video-preview:-1"},"canonical":"https:\/\/kapitalis.com\/tunisie\/2023\/08\/24\/meurtre-a-jebel-lahmar-un-oncle-et-son-neveu-arretes\/","og_locale":"fr_FR","og_type":"article","og_title":"Meurtre \u00e0 Jebel Lahmar : Un oncle et son neveu arr\u00eat\u00e9s - Kapitalis","og_description":"La Direction g\u00e9n\u00e9rale de la s\u00fbret\u00e9 nationale (DGSN) a annonc\u00e9 l'arrestation d'un individu et de son neveu, dans le cadre d'une enqu\u00eate pour meurtre ouverte suite \u00e0 la d\u00e9couverte d'un homme gri\u00e8vement bless\u00e9 sur la voie publique \u00e0 Jebel Lahmar \u00e0 la lisi\u00e8re ouest de Tunis et qui a rendu l'\u00e2me \u00e0 l'h\u00f4pital.","og_url":"https:\/\/kapitalis.com\/tunisie\/2023\/08\/24\/meurtre-a-jebel-lahmar-un-oncle-et-son-neveu-arretes\/","og_site_name":"Kapitalis","article_publisher":"https:\/\/www.facebook.com\/KapitalisInfo\/","article_published_time":"2023-08-24T00:45:02+00:00","article_modified_time":"2023-08-24T10:23:15+00:00","og_image":[{"width":1200,"height":630,"url":"https:\/\/kapitalis.com\/tunisie\/wp-content\/uploads\/2023\/08\/Meurtre-Jebel-Lahmar.jpg","type":"image\/jpeg"}],"author":"Yusra NY","twitter_card":"summary_large_image","twitter_creator":"@KapitalisInfo","twitter_site":"@KapitalisInfo","twitter_misc":{"\u00c9crit par":"Yusra NY","Dur\u00e9e de lecture estim\u00e9e":"1 minute"},"schema":{"@context":"https:\/\/schema.org","@graph":[{"@type":"Article","@id":"https:\/\/kapitalis.com\/tunisie\/2023\/08\/24\/meurtre-a-jebel-lahmar-un-oncle-et-son-neveu-arretes\/#article","isPartOf":{"@id":"https:\/\/kapitalis.com\/tunisie\/2023\/08\/24\/meurtre-a-jebel-lahmar-un-oncle-et-son-neveu-arretes\/"},"author":{"name":"Yusra NY","@id":"https:\/\/kapitalis.com\/tunisie\/#\/schema\/person\/74bbde0154d49d790a92aaeac5bc01d5"},"headline":"Meurtre \u00e0 Jebel Lahmar : Un oncle et son neveu arr\u00eat\u00e9s","datePublished":"2023-08-24T00:45:02+00:00","dateModified":"2023-08-24T10:23:15+00:00","mainEntityOfPage":{"@id":"https:\/\/kapitalis.com\/tunisie\/2023\/08\/24\/meurtre-a-jebel-lahmar-un-oncle-et-son-neveu-arretes\/"},"wordCount":174,"commentCount":0,"publisher":{"@id":"https:\/\/kapitalis.com\/tunisie\/#organization"},"image":{"@id":"https:\/\/kapitalis.com\/tunisie\/2023\/08\/24\/meurtre-a-jebel-lahmar-un-oncle-et-son-neveu-arretes\/#primaryimage"},"thumbnailUrl":"https:\/\/kapitalis.com\/tunisie\/wp-content\/uploads\/2023\/08\/Meurtre-Jebel-Lahmar.jpg","keywords":["arme blanche","DGSN","enqu\u00eate","Jebel Lahmar","meurtre","Tunis"],"articleSection":["SOCIETE","Tunisie"],"inLanguage":"fr-FR","potentialAction":[{"@type":"CommentAction","name":"Comment","target":["https:\/\/kapitalis.com\/tunisie\/2023\/08\/24\/meurtre-a-jebel-lahmar-un-oncle-et-son-neveu-arretes\/#respond"]}]},{"@type":"WebPage","@id":"https:\/\/kapitalis.com\/tunisie\/2023\/08\/24\/meurtre-a-jebel-lahmar-un-oncle-et-son-neveu-arretes\/","url":"https:\/\/kapitalis.com\/tunisie\/2023\/08\/24\/meurtre-a-jebel-lahmar-un-oncle-et-son-neveu-arretes\/","name":"Meurtre \u00e0 Jebel Lahmar : Un oncle et son neveu arr\u00eat\u00e9s - Kapitalis","isPartOf":{"@id":"https:\/\/kapitalis.com\/tunisie\/#website"},"primaryImageOfPage":{"@id":"https:\/\/kapitalis.com\/tunisie\/2023\/08\/24\/meurtre-a-jebel-lahmar-un-oncle-et-son-neveu-arretes\/#primaryimage"},"image":{"@id":"https:\/\/kapitalis.com\/tunisie\/2023\/08\/24\/meurtre-a-jebel-lahmar-un-oncle-et-son-neveu-arretes\/#primaryimage"},"thumbnailUrl":"https:\/\/kapitalis.com\/tunisie\/wp-content\/uploads\/2023\/08\/Meurtre-Jebel-Lahmar.jpg","datePublished":"2023-08-24T00:45:02+00:00","dateModified":"2023-08-24T10:23:15+00:00","description":"La Direction g\u00e9n\u00e9rale de la s\u00fbret\u00e9 nationale (DGSN) a annonc\u00e9 l'arrestation d'un individu et de son neveu, dans le cadre d'une enqu\u00eate pour meurtre ouverte suite \u00e0 la d\u00e9couverte d'un homme gri\u00e8vement bless\u00e9 sur la voie publique \u00e0 Jebel Lahmar \u00e0 la lisi\u00e8re ouest de Tunis et qui a rendu l'\u00e2me \u00e0 l'h\u00f4pital.","breadcrumb":{"@id":"https:\/\/kapitalis.com\/tunisie\/2023\/08\/24\/meurtre-a-jebel-lahmar-un-oncle-et-son-neveu-arretes\/#breadcrumb"},"inLanguage":"fr-FR","potentialAction":[{"@type":"ReadAction","target":["https:\/\/kapitalis.com\/tunisie\/2023\/08\/24\/meurtre-a-jebel-lahmar-un-oncle-et-son-neveu-arretes\/"]}]},{"@type":"ImageObject","inLanguage":"fr-FR","@id":"https:\/\/kapitalis.com\/tunisie\/2023\/08\/24\/meurtre-a-jebel-lahmar-un-oncle-et-son-neveu-arretes\/#primaryimage","url":"https:\/\/kapitalis.com\/tunisie\/wp-content\/uploads\/2023\/08\/Meurtre-Jebel-Lahmar.jpg","contentUrl":"https:\/\/kapitalis.com\/tunisie\/wp-content\/uploads\/2023\/08\/Meurtre-Jebel-Lahmar.jpg","width":1200,"height":630},{"@type":"BreadcrumbList","@id":"https:\/\/kapitalis.com\/tunisie\/2023\/08\/24\/meurtre-a-jebel-lahmar-un-oncle-et-son-neveu-arretes\/#breadcrumb","itemListElement":[{"@type":"ListItem","position":1,"name":"Accueil","item":"https:\/\/kapitalis.com\/tunisie\/"},{"@type":"ListItem","position":2,"name":"Meurtre \u00e0 Jebel Lahmar : Un oncle et son neveu arr\u00eat\u00e9s"}]},{"@type":"WebSite","@id":"https:\/\/kapitalis.com\/tunisie\/#website","url":"https:\/\/kapitalis.com\/tunisie\/","name":"Kapitalis","description":"L&#039;actualit\u00e9 en Tunisie et dans le monde","publisher":{"@id":"https:\/\/kapitalis.com\/tunisie\/#organization"},"potentialAction":[{"@type":"SearchAction","target":{"@type":"EntryPoint","urlTemplate":"https:\/\/kapitalis.com\/tunisie\/?s={search_term_string}"},"query-input":{"@type":"PropertyValueSpecification","valueRequired":true,"valueName":"search_term_string"}}],"inLanguage":"fr-FR"},{"@type":"Organization","@id":"https:\/\/kapitalis.com\/tunisie\/#organization","name":"Kapitalis","url":"https:\/\/kapitalis.com\/tunisie\/","logo":{"@type":"ImageObject","inLanguage":"fr-FR","@id":"https:\/\/kapitalis.com\/tunisie\/#\/schema\/logo\/image\/","url":"https:\/\/kapitalis.com\/tunisie\/wp-content\/uploads\/2022\/05\/Kapitalis-big-size.png","contentUrl":"https:\/\/kapitalis.com\/tunisie\/wp-content\/uploads\/2022\/05\/Kapitalis-big-size.png","width":5000,"height":1500,"caption":"Kapitalis"},"image":{"@id":"https:\/\/kapitalis.com\/tunisie\/#\/schema\/logo\/image\/"},"sameAs":["https:\/\/www.facebook.com\/KapitalisInfo\/","https:\/\/x.com\/KapitalisInfo","https:\/\/www.youtube.com\/channel\/UC-yDYrHyfFBWWZaOw3FPg9Q"]},{"@type":"Person","@id":"https:\/\/kapitalis.com\/tunisie\/#\/schema\/person\/74bbde0154d49d790a92aaeac5bc01d5","name":"Yusra NY","url":"https:\/\/kapitalis.com\/tunisie\/author\/yuza_adam\/"}]}},"_links":{"self":[{"href":"https:\/\/kapitalis.com\/tunisie\/wp-json\/wp\/v2\/posts\/9503997","targetHints":{"allow":["GET"]}}],"collection":[{"href":"https:\/\/kapitalis.com\/tunisie\/wp-json\/wp\/v2\/posts"}],"about":[{"href":"https:\/\/kapitalis.com\/tunisie\/wp-json\/wp\/v2\/types\/post"}],"author":[{"embeddable":true,"href":"https:\/\/kapitalis.com\/tunisie\/wp-json\/wp\/v2\/users\/6"}],"replies":[{"embeddable":true,"href":"https:\/\/kapitalis.com\/tunisie\/wp-json\/wp\/v2\/comments?post=9503997"}],"version-history":[{"count":1,"href":"https:\/\/kapitalis.com\/tunisie\/wp-json\/wp\/v2\/posts\/9503997\/revisions"}],"predecessor-version":[{"id":9504199,"href":"https:\/\/kapitalis.com\/tunisie\/wp-json\/wp\/v2\/posts\/9503997\/revisions\/9504199"}],"wp:featuredmedia":[{"embeddable":true,"href":"https:\/\/kapitalis.com\/tunisie\/wp-json\/wp\/v2\/media\/9504186"}],"wp:attachment":[{"href":"https:\/\/kapitalis.com\/tunisie\/wp-json\/wp\/v2\/media?parent=9503997"}],"wp:term":[{"taxonomy":"category","embeddable":true,"href":"https:\/\/kapitalis.com\/tunisie\/wp-json\/wp\/v2\/categories?post=9503997"},{"taxonomy":"post_tag","embeddable":true,"href":"https:\/\/kapitalis.com\/tunisie\/wp-json\/wp\/v2\/tags?post=9503997"}],"curies":[{"name":"wp","href":"https:\/\/api.w.org\/{rel}","templated":true}]}}