{"id":95067,"date":"2017-05-07T12:54:02","date_gmt":"2017-05-07T12:24:02","guid":{"rendered":"http:\/\/kapitalis.com\/tunisie\/?p=95067"},"modified":"2017-05-07T13:05:24","modified_gmt":"2017-05-07T12:35:24","slug":"ken-reprend-son-envol-a-lheure-dune-embellie-culturelle","status":"publish","type":"post","link":"https:\/\/kapitalis.com\/tunisie\/2017\/05\/07\/ken-reprend-son-envol-a-lheure-dune-embellie-culturelle\/","title":{"rendered":"K\u00e8n reprend son envol \u00e0 l\u2019heure d\u2019une \u00abembellie culturelle\u00bb"},"content":{"rendered":"<p style=\"text-align: center;\"><img loading=\"lazy\" decoding=\"async\" class=\"alignnone size-full wp-image-95068\" src=\"http:\/\/kapitalis.com\/tunisie\/wp-content\/uploads\/2017\/05\/Village-Ken.jpg\" alt=\"\" width=\"626\" height=\"380\" \/><\/p>\n<p><em><strong>L\u2019espace de culture de proximit\u00e9 et de tourisme alternatif, K\u00e8n, a repris son envol apr\u00e8s plusieurs d\u00e9cennies de vie sous perfusion.<\/strong> <\/em><\/p>\n<p>Par <strong>Habib Trabelsi<\/strong><\/p>\n<p><!--more--><\/p>\n<p>L\u2019espace, situ\u00e9 \u00e0 Bouficha, \u00e0 20 kilom\u00e8tres au sud de Hammamet, sur la route Sousse, promet de prendre de la hauteur maintenant que <em>\u00abla Tunisie culturelle bouge\u00bb<\/em>.<\/p>\n<p><strong>Le r\u00eave d\u2019un visionnaire vire au cauchemar <\/strong><\/p>\n<p>Le Village K\u00e8n est \u00e0 la fois un mus\u00e9e, une galerie d\u2019art, un centre culturel, un jardin botanique, un motel de plaisance (avec piscine, restaurant gastronomique, bistrot\u2026), un espace de recherches dans les domaines de l\u2019architecture, du design et des m\u00e9tiers d\u2019art et de l\u2019artisanat (boiserie, peinture sur bois, poterie, tissage, tapisserie, teinture v\u00e9g\u00e9tale, couture, cuivre, argent).<\/p>\n<p>Ses deux b\u00e2tisseurs, Slaheddine Smaoui, ing\u00e9nieur en g\u00e9nie civil dipl\u00f4m\u00e9 de l\u2019Ecole centrale de Nantes, et son \u00e9pouse Noura, premi\u00e8re orthophoniste de Tunisie, s\u2019enorgueillissent d\u2019avoir re\u00e7u plusieurs cons\u00e9crations, dont le premier prix du Salon de la cr\u00e9ation artisanale (1985), le prix national de la culture sp\u00e9cialit\u00e9 M\u00e9tiers d\u2019arts (1988), la nomination au Prix Agha Khan d\u2019architecture islamique (1992) et le Grand Prix du Pr\u00e9sident de la R\u00e9publique pour la Protection de la nature et de l\u2019environnement (2001).<\/p>\n<p style=\"text-align: center;\"><img loading=\"lazy\" decoding=\"async\" class=\"alignnone wp-image-95069\" src=\"http:\/\/kapitalis.com\/tunisie\/wp-content\/uploads\/2017\/05\/Slah-Et-Noura-Smaoui.jpg\" alt=\"Slahedine et Noura Smaoui.\" width=\"500\" height=\"500\" \/><\/p>\n<p style=\"text-align: center;\"><em>Slaheddine et Noura Smaoui.<\/em><\/p>\n<p>L\u2019Espace a aussi \u00e0 son actif l\u2019organisation de nombreuses expositions collectives r\u00e9unissant peintres, sculpteurs, graveurs, photographes, designers\u2026, des lectures po\u00e9tiques, des concerts musicaux, des tables rondes, des ateliers\u2026 Il compte parmi ses invit\u00e9s de grands artistes et cr\u00e9ateurs, dont Cheikh Imam, H\u00e9di Guella, Sgha\u00efer Ouled Ahmed, N\u00e9jib Belkhodja (qui fait l\u2019objet d\u2019un grand hommage, du 6 au 14 mai)\u2026<\/p>\n<p>K\u00e8n a \u00e9galement accueilli des visiteurs de plusieurs nationalit\u00e9s, dont des Italiens, des Su\u00e9dois, des Fran\u00e7ais, des Belges, venus voir de pr\u00e8s <em>\u00abla seule r\u00e9alisation intelligente de ces cinquante derni\u00e8res ann\u00e9es en mati\u00e8re de tourisme culturel, d\u2019architecture et de construction bioclimatique\u00bb<\/em>, comme disait il y a plusieurs ann\u00e9es l\u2019ancien directeur-G\u00e9n\u00e9ral de l\u2019Office national du tourisme tunisien (ONTT), Wahid Ibrahim, un grand strat\u00e8ge du tourisme culturel et aujourd\u2019hui pr\u00e9sident de l&rsquo;Association de d\u00e9veloppement touristique d&rsquo;El-Haouaria.<\/p>\n<p>K\u00e8n, <em>\u00able fruit d\u2019un r\u00eave et la r\u00e9alit\u00e9 d\u2019un combat\u00bb<\/em>, selon l\u2019\u00e9crivain et journaliste Hatem Bourial, a toutefois failli \u00eatre liquid\u00e9 apr\u00e8s avoir \u00e9t\u00e9 plac\u00e9 en mars 2008 en redressement judiciaire en tant qu\u2019entreprise en difficult\u00e9 financi\u00e8re. Mais, ni les d\u00e9marches multipli\u00e9es aupr\u00e8s des pouvoirs publics, ni la gr\u00e8ve de la faim observ\u00e9e par Slaheddine Smaoui en mai 2012 et qui avait pourtant suscit\u00e9 un \u00e9lan de solidarit\u00e9 parmi de nombreux sympathisants qui avaient form\u00e9 un <em>\u00abComit\u00e9 de soutien \u00e0 l\u2019Espace K\u00e8n\u00bb,<\/em> n\u2019avaient r\u00e9ussi \u00e0 sortir K\u00e8n de l\u2019impasse.<\/p>\n<p style=\"text-align: center;\"><img loading=\"lazy\" decoding=\"async\" class=\"alignnone wp-image-95073\" src=\"http:\/\/kapitalis.com\/tunisie\/wp-content\/uploads\/2017\/05\/Wahid-Ibrahim.jpg\" alt=\"Wahid Ibrahim\" width=\"500\" height=\"422\" \/><\/p>\n<p style=\"text-align: center;\"><em>Wahid Ibrahim.<\/em><\/p>\n<p><em>\u00abSeul le minist\u00e8re de la Culture avait r\u00e9agi et r\u00e9pondu partiellement \u00e0 notre appel au secours, en reconnaissant l&rsquo;Espace K\u00e8n comme centre culturel important et en l\u2019inscrivant dans ses circuits et programmes culturels dans un cadre de partenariat. C&rsquo;est d\u00e9j\u00e0 un grand acquis, mais qui ne permet pas encore le sauvetage de K\u00e8n\u00bb,<\/em> avait toutefois admis Slaheddine.<\/p>\n<p>Le 23 juin 2012, l\u2019ancien ministre du Tourisme, Ely\u00e8s Fakhfakh, avait en effet inaugur\u00e9 \u00e0 K\u00e8n le premier Salon du tourisme alternatif.<\/p>\n<p>Le concepteur de cet espace est \u00abun r\u00eaveur en avance d\u2019au moins vingt-ans sur le temps\u00bb, \u00e9crivait alors d\u00e9clar\u00e9 M. Ibrahim, \u00e0 l\u2019\u00e9poque membre de l\u2019Association tunisienne de promotion du tourisme alternatif.<\/p>\n<p><em>\u00abLe Village Ken fait partie de notre patrimoine touristico-culturel et m\u00e9rite \u00e0 cet effet que les ministres du Tourisme et de la Culture lui pr\u00eatent secours et main forte\u2026 Sinon, ils seraient passibles de \u2018\u2018non assistance \u00e0 projet en danger\u2019\u2019\u00bb<\/em>, concluait ce v\u00e9t\u00e9ran de l\u2019ONTT.<\/p>\n<p>Le 23 avril dernier encore, et sans se d\u00e9partir de sa verve et de ses formules lapidaires habituelles, M. Ibrahim s\u2019est permis de <em>\u00abr\u00eaver\u00bb<\/em>: pas moins d\u2019une cinquantaine de r\u00eaves \u00e9veill\u00e9s, de nature \u00e0 r\u00e9volutionner le tourisme et la culture, rien que pour Tunis et banlieues, des r\u00eaves qui font r\u00eaver !<\/p>\n<p><em>\u00abJ\u2019ai r\u00eav\u00e9 de tout \u00e7a parce qu\u2019il n\u2019est pas encore interdit de r\u00eaver\u00bb<\/em>, concluait-il dans un <em>\u00abpost\u00bb<\/em>-programme, une sorte de feuille de route dont <em>\u00abla r\u00e9alisation, m\u00eame partielle, serait un v\u00e9ritable cauchemar pour la classe politico-partisane actuelle\u00bb<\/em>, a comment\u00e9 Mahjoub Lamti, l\u2019un de ses nombreux fans.<\/p>\n<p><strong>\u00abLa Tunisie culturelle bouge\u00bb\u2026 de quoi r\u00eaver!<\/strong><\/p>\n<p>A en croire M. Zinelabidine, qui, une semaine auparavant, a \u00e9voqu\u00e9 sur sa page Facebook une s\u00e9rie de projets de loi en gestation, susceptibles de r\u00e9volutionner la culture, le ciseleur de calembours, Wahid Ibrahim, peut oser r\u00eaver.<\/p>\n<p><em>\u00abDes dizaines de textes juridiques ont \u00e9t\u00e9 soumis ces huit derniers mois \u00e0 lecture et d\u00e9bats relatifs \u00e0 l\u2019actualisation de la l\u00e9gislation culturelle, dont le projet de loi sur \u2018Le Statut des artistes et des m\u00e9tiers artistiques\u2019, \u2018Un projet de loi des Mus\u00e9es\u2019, \u2018La mutuelle des artistes\u2019, \u2018La r\u00e9organisation des Centres culturels, des Biblioth\u00e8ques, des Centres d&rsquo;arts dramatiques\u2019\u00bb,<\/em> a annonc\u00e9 le 16 avril M. Zinelabidine sans oublier La Cit\u00e9 de la Culture, un projet embl\u00e9matique sur l\u2019avenue Mohammed V \u00e0 Tunis, qui a fait couler beaucoup d\u2019encre et de b\u00e9ton et englouti beaucoup de milliards de dinars.<\/p>\n<p><em>\u00abTraitons des projets plut\u00f4t que des vagues id\u00e9es (\u2026) plut\u00f4t que de sombrer de mani\u00e8re redondante et pl\u00e9thorique ayant pour r\u00e9flexe syst\u00e9matique la contestation vaine et st\u00e9rile qui n&rsquo;a pas su, jusqu&rsquo;alors, ou pu d\u00e9livrer le minist\u00e8re des affaires culturelles de sa l\u00e9thargie d\u00e9cennale !\u00bb<\/em>, a protest\u00e9 le ministre et docteur en histoire de la musique et musicologie.<\/p>\n<p style=\"text-align: center;\"><img loading=\"lazy\" decoding=\"async\" class=\"alignnone wp-image-95075\" src=\"http:\/\/kapitalis.com\/tunisie\/wp-content\/uploads\/2017\/05\/Mohamed-Zinelabidine.jpg\" alt=\"Mohamed Zinelabidine\" width=\"500\" height=\"376\" \/><\/p>\n<p style=\"text-align: center;\"><em>Mohamed Zinelabidine.<\/em><\/p>\n<p>Le m\u00eame jour, M. Zinelabedine partageait deux vid\u00e9os baptis\u00e9es <em>\u2018\u2018Tunisie cit\u00e9s des arts\u2019\u2019<\/em>, qui promettent aux Tunisien(ne)s de <em>\u00abtransformer leur r\u00eave (culturel) en r\u00e9alit\u00e9\u00bb et \u00e9voquent \u00abun Projet national, initi\u00e9 depuis septembre 2016, pour l&rsquo;acc\u00e8s \u00e0 la culture et sa d\u00e9mocratisation en Tunisie\u00bb.<\/em><\/p>\n<p>Le projet, stipulant que \u00ab<em>la culture en Tunisie est un droit partout et pour tous<\/em>\u00bb, insiste notamment sur le \u00ab<em>Soutien \u00e0 la soci\u00e9t\u00e9 civile culturelle pour lui permettre le droit \u00e0 exprimer et \u00e0 exercer sa citoyennet\u00e9, de s&rsquo;approprier l&rsquo;espace public, d&rsquo;en faire un lieu d&rsquo;\u00e9mancipation, de libert\u00e9 et d&rsquo;ing\u00e9niosit\u00e9\u00bb<\/em> et appelle au lancement de \u00abcentaines de projets citoyens partout dans le pays\u2026\u00bb, en faveur d\u2019<em>\u00abune culture de proximit\u00e9\u00bb.<\/em><\/p>\n<p>Et <em>\u00abl\u2019Homme-orchestre\u00bb<\/em> de conclure : <em>\u00abMalgr\u00e9 une conjoncture \u00e9conomique difficile, la Tunisie culturelle bouge&#8230; et ce n&rsquo;est que le d\u00e9but\u2026\u00bb\u2026<\/em><\/p>\n<p>Une hirondelle fera alors le printemps !<\/p>\n<p><a href=\"https:\/\/www.youtube.com\/watch?v=9L1ssdZL3-4\"><em><strong>Vid\u00e9o 1: Tunisie Cit\u00e9s des Arts.<\/strong> <\/em><\/a><\/p>\n<p><a href=\"https:\/\/www.youtube.com\/watch?v=UICbbIM5L60\"><em><strong>Vid\u00e9o 2: Tunisie Cit\u00e9s des Arts.\u00a0<\/strong><\/em><\/a><\/p>\n","protected":false},"excerpt":{"rendered":"<p>L\u2019espace de culture de proximit\u00e9 et de tourisme alternatif, K\u00e8n, a repris son envol apr\u00e8s plusieurs d\u00e9cennies de vie sous perfusion. Par Habib Trabelsi<\/p>\n","protected":false},"author":8,"featured_media":95068,"comment_status":"open","ping_status":"open","sticky":false,"template":"","format":"standard","meta":{"footnotes":""},"categories":[992,994,2433],"tags":[22397,439],"class_list":["post-95067","post","type-post","status-publish","format-standard","has-post-thumbnail","hentry","category-a-la-une","category-culture","category-tunisie","tag-bouficha","tag-hammamet"],"yoast_head":"<!-- This site is optimized with the Yoast SEO plugin v26.6 - https:\/\/yoast.com\/wordpress\/plugins\/seo\/ -->\n<title>K\u00e8n reprend son envol \u00e0 l\u2019heure d\u2019une \u00abembellie culturelle\u00bb - Kapitalis<\/title>\n<meta name=\"robots\" content=\"index, follow, max-snippet:-1, max-image-preview:large, max-video-preview:-1\" \/>\n<link rel=\"canonical\" href=\"https:\/\/kapitalis.com\/tunisie\/2017\/05\/07\/ken-reprend-son-envol-a-lheure-dune-embellie-culturelle\/\" \/>\n<meta property=\"og:locale\" content=\"fr_FR\" \/>\n<meta property=\"og:type\" content=\"article\" \/>\n<meta property=\"og:title\" content=\"K\u00e8n reprend son envol \u00e0 l\u2019heure d\u2019une \u00abembellie culturelle\u00bb - Kapitalis\" \/>\n<meta property=\"og:description\" content=\"L\u2019espace de culture de proximit\u00e9 et de tourisme alternatif, K\u00e8n, a repris son envol apr\u00e8s plusieurs d\u00e9cennies de vie sous perfusion. Par Habib Trabelsi\" \/>\n<meta property=\"og:url\" content=\"https:\/\/kapitalis.com\/tunisie\/2017\/05\/07\/ken-reprend-son-envol-a-lheure-dune-embellie-culturelle\/\" \/>\n<meta property=\"og:site_name\" content=\"Kapitalis\" \/>\n<meta property=\"article:publisher\" content=\"https:\/\/www.facebook.com\/KapitalisInfo\/\" \/>\n<meta property=\"article:published_time\" content=\"2017-05-07T12:24:02+00:00\" \/>\n<meta property=\"article:modified_time\" content=\"2017-05-07T12:35:24+00:00\" \/>\n<meta property=\"og:image\" content=\"https:\/\/kapitalis.com\/tunisie\/wp-content\/uploads\/2022\/05\/kapitalis-logo-fb.png\" \/>\n\t<meta property=\"og:image:width\" content=\"1200\" \/>\n\t<meta property=\"og:image:height\" content=\"630\" \/>\n\t<meta property=\"og:image:type\" content=\"image\/png\" \/>\n<meta name=\"author\" content=\"webmaster kapitalis\" \/>\n<meta name=\"twitter:card\" content=\"summary_large_image\" \/>\n<meta name=\"twitter:creator\" content=\"@KapitalisInfo\" \/>\n<meta name=\"twitter:site\" content=\"@KapitalisInfo\" \/>\n<meta name=\"twitter:label1\" content=\"\u00c9crit par\" \/>\n\t<meta name=\"twitter:data1\" content=\"webmaster kapitalis\" \/>\n\t<meta name=\"twitter:label2\" content=\"Dur\u00e9e de lecture estim\u00e9e\" \/>\n\t<meta name=\"twitter:data2\" content=\"6 minutes\" \/>\n<script type=\"application\/ld+json\" class=\"yoast-schema-graph\">{\"@context\":\"https:\/\/schema.org\",\"@graph\":[{\"@type\":\"Article\",\"@id\":\"https:\/\/kapitalis.com\/tunisie\/2017\/05\/07\/ken-reprend-son-envol-a-lheure-dune-embellie-culturelle\/#article\",\"isPartOf\":{\"@id\":\"https:\/\/kapitalis.com\/tunisie\/2017\/05\/07\/ken-reprend-son-envol-a-lheure-dune-embellie-culturelle\/\"},\"author\":{\"name\":\"webmaster kapitalis\",\"@id\":\"https:\/\/kapitalis.com\/tunisie\/#\/schema\/person\/d71f33a9ca44f7bad4698210b480c8e9\"},\"headline\":\"K\u00e8n reprend son envol \u00e0 l\u2019heure d\u2019une \u00abembellie culturelle\u00bb\",\"datePublished\":\"2017-05-07T12:24:02+00:00\",\"dateModified\":\"2017-05-07T12:35:24+00:00\",\"mainEntityOfPage\":{\"@id\":\"https:\/\/kapitalis.com\/tunisie\/2017\/05\/07\/ken-reprend-son-envol-a-lheure-dune-embellie-culturelle\/\"},\"wordCount\":1168,\"commentCount\":6,\"publisher\":{\"@id\":\"https:\/\/kapitalis.com\/tunisie\/#organization\"},\"image\":{\"@id\":\"https:\/\/kapitalis.com\/tunisie\/2017\/05\/07\/ken-reprend-son-envol-a-lheure-dune-embellie-culturelle\/#primaryimage\"},\"thumbnailUrl\":\"\",\"keywords\":[\"Bouficha\",\"Hammamet\"],\"articleSection\":[\"A LA UNE\",\"CULTURE\",\"Tunisie\"],\"inLanguage\":\"fr-FR\",\"potentialAction\":[{\"@type\":\"CommentAction\",\"name\":\"Comment\",\"target\":[\"https:\/\/kapitalis.com\/tunisie\/2017\/05\/07\/ken-reprend-son-envol-a-lheure-dune-embellie-culturelle\/#respond\"]}]},{\"@type\":\"WebPage\",\"@id\":\"https:\/\/kapitalis.com\/tunisie\/2017\/05\/07\/ken-reprend-son-envol-a-lheure-dune-embellie-culturelle\/\",\"url\":\"https:\/\/kapitalis.com\/tunisie\/2017\/05\/07\/ken-reprend-son-envol-a-lheure-dune-embellie-culturelle\/\",\"name\":\"K\u00e8n reprend son envol \u00e0 l\u2019heure d\u2019une \u00abembellie culturelle\u00bb - Kapitalis\",\"isPartOf\":{\"@id\":\"https:\/\/kapitalis.com\/tunisie\/#website\"},\"primaryImageOfPage\":{\"@id\":\"https:\/\/kapitalis.com\/tunisie\/2017\/05\/07\/ken-reprend-son-envol-a-lheure-dune-embellie-culturelle\/#primaryimage\"},\"image\":{\"@id\":\"https:\/\/kapitalis.com\/tunisie\/2017\/05\/07\/ken-reprend-son-envol-a-lheure-dune-embellie-culturelle\/#primaryimage\"},\"thumbnailUrl\":\"\",\"datePublished\":\"2017-05-07T12:24:02+00:00\",\"dateModified\":\"2017-05-07T12:35:24+00:00\",\"breadcrumb\":{\"@id\":\"https:\/\/kapitalis.com\/tunisie\/2017\/05\/07\/ken-reprend-son-envol-a-lheure-dune-embellie-culturelle\/#breadcrumb\"},\"inLanguage\":\"fr-FR\",\"potentialAction\":[{\"@type\":\"ReadAction\",\"target\":[\"https:\/\/kapitalis.com\/tunisie\/2017\/05\/07\/ken-reprend-son-envol-a-lheure-dune-embellie-culturelle\/\"]}]},{\"@type\":\"ImageObject\",\"inLanguage\":\"fr-FR\",\"@id\":\"https:\/\/kapitalis.com\/tunisie\/2017\/05\/07\/ken-reprend-son-envol-a-lheure-dune-embellie-culturelle\/#primaryimage\",\"url\":\"\",\"contentUrl\":\"\"},{\"@type\":\"BreadcrumbList\",\"@id\":\"https:\/\/kapitalis.com\/tunisie\/2017\/05\/07\/ken-reprend-son-envol-a-lheure-dune-embellie-culturelle\/#breadcrumb\",\"itemListElement\":[{\"@type\":\"ListItem\",\"position\":1,\"name\":\"Accueil\",\"item\":\"https:\/\/kapitalis.com\/tunisie\/\"},{\"@type\":\"ListItem\",\"position\":2,\"name\":\"K\u00e8n reprend son envol \u00e0 l\u2019heure d\u2019une \u00abembellie culturelle\u00bb\"}]},{\"@type\":\"WebSite\",\"@id\":\"https:\/\/kapitalis.com\/tunisie\/#website\",\"url\":\"https:\/\/kapitalis.com\/tunisie\/\",\"name\":\"Kapitalis\",\"description\":\"L&#039;actualit\u00e9 en Tunisie et dans le monde\",\"publisher\":{\"@id\":\"https:\/\/kapitalis.com\/tunisie\/#organization\"},\"potentialAction\":[{\"@type\":\"SearchAction\",\"target\":{\"@type\":\"EntryPoint\",\"urlTemplate\":\"https:\/\/kapitalis.com\/tunisie\/?s={search_term_string}\"},\"query-input\":{\"@type\":\"PropertyValueSpecification\",\"valueRequired\":true,\"valueName\":\"search_term_string\"}}],\"inLanguage\":\"fr-FR\"},{\"@type\":\"Organization\",\"@id\":\"https:\/\/kapitalis.com\/tunisie\/#organization\",\"name\":\"Kapitalis\",\"url\":\"https:\/\/kapitalis.com\/tunisie\/\",\"logo\":{\"@type\":\"ImageObject\",\"inLanguage\":\"fr-FR\",\"@id\":\"https:\/\/kapitalis.com\/tunisie\/#\/schema\/logo\/image\/\",\"url\":\"https:\/\/kapitalis.com\/tunisie\/wp-content\/uploads\/2022\/05\/Kapitalis-big-size.png\",\"contentUrl\":\"https:\/\/kapitalis.com\/tunisie\/wp-content\/uploads\/2022\/05\/Kapitalis-big-size.png\",\"width\":5000,\"height\":1500,\"caption\":\"Kapitalis\"},\"image\":{\"@id\":\"https:\/\/kapitalis.com\/tunisie\/#\/schema\/logo\/image\/\"},\"sameAs\":[\"https:\/\/www.facebook.com\/KapitalisInfo\/\",\"https:\/\/x.com\/KapitalisInfo\",\"https:\/\/www.youtube.com\/channel\/UC-yDYrHyfFBWWZaOw3FPg9Q\"]},{\"@type\":\"Person\",\"@id\":\"https:\/\/kapitalis.com\/tunisie\/#\/schema\/person\/d71f33a9ca44f7bad4698210b480c8e9\",\"name\":\"webmaster kapitalis\",\"url\":\"https:\/\/kapitalis.com\/tunisie\/author\/webmaster-kapitalis\/\"}]}<\/script>\n<!-- \/ Yoast SEO plugin. -->","yoast_head_json":{"title":"K\u00e8n reprend son envol \u00e0 l\u2019heure d\u2019une \u00abembellie culturelle\u00bb - Kapitalis","robots":{"index":"index","follow":"follow","max-snippet":"max-snippet:-1","max-image-preview":"max-image-preview:large","max-video-preview":"max-video-preview:-1"},"canonical":"https:\/\/kapitalis.com\/tunisie\/2017\/05\/07\/ken-reprend-son-envol-a-lheure-dune-embellie-culturelle\/","og_locale":"fr_FR","og_type":"article","og_title":"K\u00e8n reprend son envol \u00e0 l\u2019heure d\u2019une \u00abembellie culturelle\u00bb - Kapitalis","og_description":"L\u2019espace de culture de proximit\u00e9 et de tourisme alternatif, K\u00e8n, a repris son envol apr\u00e8s plusieurs d\u00e9cennies de vie sous perfusion. Par Habib Trabelsi","og_url":"https:\/\/kapitalis.com\/tunisie\/2017\/05\/07\/ken-reprend-son-envol-a-lheure-dune-embellie-culturelle\/","og_site_name":"Kapitalis","article_publisher":"https:\/\/www.facebook.com\/KapitalisInfo\/","article_published_time":"2017-05-07T12:24:02+00:00","article_modified_time":"2017-05-07T12:35:24+00:00","og_image":[{"width":1200,"height":630,"url":"https:\/\/kapitalis.com\/tunisie\/wp-content\/uploads\/2022\/05\/kapitalis-logo-fb.png","type":"image\/png"}],"author":"webmaster kapitalis","twitter_card":"summary_large_image","twitter_creator":"@KapitalisInfo","twitter_site":"@KapitalisInfo","twitter_misc":{"\u00c9crit par":"webmaster kapitalis","Dur\u00e9e de lecture estim\u00e9e":"6 minutes"},"schema":{"@context":"https:\/\/schema.org","@graph":[{"@type":"Article","@id":"https:\/\/kapitalis.com\/tunisie\/2017\/05\/07\/ken-reprend-son-envol-a-lheure-dune-embellie-culturelle\/#article","isPartOf":{"@id":"https:\/\/kapitalis.com\/tunisie\/2017\/05\/07\/ken-reprend-son-envol-a-lheure-dune-embellie-culturelle\/"},"author":{"name":"webmaster kapitalis","@id":"https:\/\/kapitalis.com\/tunisie\/#\/schema\/person\/d71f33a9ca44f7bad4698210b480c8e9"},"headline":"K\u00e8n reprend son envol \u00e0 l\u2019heure d\u2019une \u00abembellie culturelle\u00bb","datePublished":"2017-05-07T12:24:02+00:00","dateModified":"2017-05-07T12:35:24+00:00","mainEntityOfPage":{"@id":"https:\/\/kapitalis.com\/tunisie\/2017\/05\/07\/ken-reprend-son-envol-a-lheure-dune-embellie-culturelle\/"},"wordCount":1168,"commentCount":6,"publisher":{"@id":"https:\/\/kapitalis.com\/tunisie\/#organization"},"image":{"@id":"https:\/\/kapitalis.com\/tunisie\/2017\/05\/07\/ken-reprend-son-envol-a-lheure-dune-embellie-culturelle\/#primaryimage"},"thumbnailUrl":"","keywords":["Bouficha","Hammamet"],"articleSection":["A LA UNE","CULTURE","Tunisie"],"inLanguage":"fr-FR","potentialAction":[{"@type":"CommentAction","name":"Comment","target":["https:\/\/kapitalis.com\/tunisie\/2017\/05\/07\/ken-reprend-son-envol-a-lheure-dune-embellie-culturelle\/#respond"]}]},{"@type":"WebPage","@id":"https:\/\/kapitalis.com\/tunisie\/2017\/05\/07\/ken-reprend-son-envol-a-lheure-dune-embellie-culturelle\/","url":"https:\/\/kapitalis.com\/tunisie\/2017\/05\/07\/ken-reprend-son-envol-a-lheure-dune-embellie-culturelle\/","name":"K\u00e8n reprend son envol \u00e0 l\u2019heure d\u2019une \u00abembellie culturelle\u00bb - Kapitalis","isPartOf":{"@id":"https:\/\/kapitalis.com\/tunisie\/#website"},"primaryImageOfPage":{"@id":"https:\/\/kapitalis.com\/tunisie\/2017\/05\/07\/ken-reprend-son-envol-a-lheure-dune-embellie-culturelle\/#primaryimage"},"image":{"@id":"https:\/\/kapitalis.com\/tunisie\/2017\/05\/07\/ken-reprend-son-envol-a-lheure-dune-embellie-culturelle\/#primaryimage"},"thumbnailUrl":"","datePublished":"2017-05-07T12:24:02+00:00","dateModified":"2017-05-07T12:35:24+00:00","breadcrumb":{"@id":"https:\/\/kapitalis.com\/tunisie\/2017\/05\/07\/ken-reprend-son-envol-a-lheure-dune-embellie-culturelle\/#breadcrumb"},"inLanguage":"fr-FR","potentialAction":[{"@type":"ReadAction","target":["https:\/\/kapitalis.com\/tunisie\/2017\/05\/07\/ken-reprend-son-envol-a-lheure-dune-embellie-culturelle\/"]}]},{"@type":"ImageObject","inLanguage":"fr-FR","@id":"https:\/\/kapitalis.com\/tunisie\/2017\/05\/07\/ken-reprend-son-envol-a-lheure-dune-embellie-culturelle\/#primaryimage","url":"","contentUrl":""},{"@type":"BreadcrumbList","@id":"https:\/\/kapitalis.com\/tunisie\/2017\/05\/07\/ken-reprend-son-envol-a-lheure-dune-embellie-culturelle\/#breadcrumb","itemListElement":[{"@type":"ListItem","position":1,"name":"Accueil","item":"https:\/\/kapitalis.com\/tunisie\/"},{"@type":"ListItem","position":2,"name":"K\u00e8n reprend son envol \u00e0 l\u2019heure d\u2019une \u00abembellie culturelle\u00bb"}]},{"@type":"WebSite","@id":"https:\/\/kapitalis.com\/tunisie\/#website","url":"https:\/\/kapitalis.com\/tunisie\/","name":"Kapitalis","description":"L&#039;actualit\u00e9 en Tunisie et dans le monde","publisher":{"@id":"https:\/\/kapitalis.com\/tunisie\/#organization"},"potentialAction":[{"@type":"SearchAction","target":{"@type":"EntryPoint","urlTemplate":"https:\/\/kapitalis.com\/tunisie\/?s={search_term_string}"},"query-input":{"@type":"PropertyValueSpecification","valueRequired":true,"valueName":"search_term_string"}}],"inLanguage":"fr-FR"},{"@type":"Organization","@id":"https:\/\/kapitalis.com\/tunisie\/#organization","name":"Kapitalis","url":"https:\/\/kapitalis.com\/tunisie\/","logo":{"@type":"ImageObject","inLanguage":"fr-FR","@id":"https:\/\/kapitalis.com\/tunisie\/#\/schema\/logo\/image\/","url":"https:\/\/kapitalis.com\/tunisie\/wp-content\/uploads\/2022\/05\/Kapitalis-big-size.png","contentUrl":"https:\/\/kapitalis.com\/tunisie\/wp-content\/uploads\/2022\/05\/Kapitalis-big-size.png","width":5000,"height":1500,"caption":"Kapitalis"},"image":{"@id":"https:\/\/kapitalis.com\/tunisie\/#\/schema\/logo\/image\/"},"sameAs":["https:\/\/www.facebook.com\/KapitalisInfo\/","https:\/\/x.com\/KapitalisInfo","https:\/\/www.youtube.com\/channel\/UC-yDYrHyfFBWWZaOw3FPg9Q"]},{"@type":"Person","@id":"https:\/\/kapitalis.com\/tunisie\/#\/schema\/person\/d71f33a9ca44f7bad4698210b480c8e9","name":"webmaster kapitalis","url":"https:\/\/kapitalis.com\/tunisie\/author\/webmaster-kapitalis\/"}]}},"_links":{"self":[{"href":"https:\/\/kapitalis.com\/tunisie\/wp-json\/wp\/v2\/posts\/95067","targetHints":{"allow":["GET"]}}],"collection":[{"href":"https:\/\/kapitalis.com\/tunisie\/wp-json\/wp\/v2\/posts"}],"about":[{"href":"https:\/\/kapitalis.com\/tunisie\/wp-json\/wp\/v2\/types\/post"}],"author":[{"embeddable":true,"href":"https:\/\/kapitalis.com\/tunisie\/wp-json\/wp\/v2\/users\/8"}],"replies":[{"embeddable":true,"href":"https:\/\/kapitalis.com\/tunisie\/wp-json\/wp\/v2\/comments?post=95067"}],"version-history":[{"count":0,"href":"https:\/\/kapitalis.com\/tunisie\/wp-json\/wp\/v2\/posts\/95067\/revisions"}],"wp:featuredmedia":[{"embeddable":true,"href":"https:\/\/kapitalis.com\/tunisie\/wp-json\/wp\/v2\/media\/95068"}],"wp:attachment":[{"href":"https:\/\/kapitalis.com\/tunisie\/wp-json\/wp\/v2\/media?parent=95067"}],"wp:term":[{"taxonomy":"category","embeddable":true,"href":"https:\/\/kapitalis.com\/tunisie\/wp-json\/wp\/v2\/categories?post=95067"},{"taxonomy":"post_tag","embeddable":true,"href":"https:\/\/kapitalis.com\/tunisie\/wp-json\/wp\/v2\/tags?post=95067"}],"curies":[{"name":"wp","href":"https:\/\/api.w.org\/{rel}","templated":true}]}}