{"id":95094,"date":"2017-05-08T07:59:43","date_gmt":"2017-05-08T07:29:43","guid":{"rendered":"http:\/\/kapitalis.com\/tunisie\/?p=95094"},"modified":"2017-05-08T08:01:47","modified_gmt":"2017-05-08T07:31:47","slug":"caid-essebsi-reunit-aujourdhui-le-conseil-de-securite-nationale","status":"publish","type":"post","link":"https:\/\/kapitalis.com\/tunisie\/2017\/05\/08\/caid-essebsi-reunit-aujourdhui-le-conseil-de-securite-nationale\/","title":{"rendered":"Ca\u00efd Essebsi r\u00e9unit aujourd&rsquo;hui le conseil de s\u00e9curit\u00e9 nationale"},"content":{"rendered":"<p style=\"text-align: center;\"><img loading=\"lazy\" decoding=\"async\" class=\"alignnone size-full wp-image-65085\" src=\"http:\/\/kapitalis.com\/tunisie\/wp-content\/uploads\/2016\/09\/Beji-Caid-Essebsi-Palais-tunisie.jpg\" alt=\"\" width=\"626\" height=\"380\" \/><\/p>\n<p><em><strong>Le pr\u00e9sident de la r\u00e9publique Beji Ca\u00efd Essebsi a convoqu\u00e9 le conseil de la s\u00e9curit\u00e9 nationale \u00e0 se r\u00e9unir, aujourd&rsquo;hui, lundi 8 mai 2017.<\/strong><\/em><\/p>\n<p><!--more--><\/p>\n<p>L\u2019ordre du jour de la r\u00e9union est en relation avec les mesures que le chef de l\u2019Etat annoncera \u00e9ventuellement lors du discours qu\u2019il prononcera apr\u00e8s-demain, mercredi, au Palais des Congr\u00e8s, \u00e0 Tunis.<\/p>\n<p>Ce discours vient dans une conjoncture particuli\u00e8rement difficile et il est cens\u00e9 calmer les tensions sociales dans les r\u00e9gions et les inqui\u00e9tudes des Tunisiens, dans un contexte de grave crise politique et \u00e9conomique.<\/p>\n<p>Il intervient aussi \u00e0 un moment o\u00f9 plusieurs voix commencent \u00e0 parler de l\u2019\u00e9chec du gouvernement Youssef Chahed et \u00e0 appeler \u00e0 la tenue d\u2019\u00e9lections l\u00e9gislatives anticip\u00e9es, question cruciale que le pr\u00e9sident de la r\u00e9publique abordera certainement dans son discours de mercredi.<\/p>\n<p>Outre les questions habituelles li\u00e9es \u00e0 la s\u00e9curit\u00e9 du pays et \u00e0 la lutte contre le terrorisme, le conseil de s\u00e9curit\u00e9 nationale devra porter sur les moyens de g\u00e9rer de mani\u00e8re pacifique les protestations dans les r\u00e9gions, notamment \u00e0 Tataouine, zone frontali\u00e8re avec la Libye o\u00f9 les entreprises p\u00e9troli\u00e8res commencent \u00e0 se plaindre des obstacles rencontr\u00e9s pour continuer \u00e0 fonctionner normalement.<\/p>\n<p style=\"text-align: right;\"><strong>A. K.<\/strong><\/p>\n","protected":false},"excerpt":{"rendered":"<p>Le pr\u00e9sident de la r\u00e9publique Beji Ca\u00efd Essebsi a convoqu\u00e9 le conseil de la s\u00e9curit\u00e9 nationale \u00e0 se r\u00e9unir, aujourd&rsquo;hui, lundi 8 mai 2017.<\/p>\n","protected":false},"author":8,"featured_media":0,"comment_status":"open","ping_status":"open","sticky":false,"template":"","format":"standard","meta":{"footnotes":""},"categories":[997,2433],"tags":[1126],"class_list":["post-95094","post","type-post","status-publish","format-standard","hentry","category-politique","category-tunisie","tag-tataouine"],"yoast_head":"<!-- This site is optimized with the Yoast SEO plugin v26.6 - https:\/\/yoast.com\/wordpress\/plugins\/seo\/ -->\n<title>Ca\u00efd Essebsi r\u00e9unit aujourd&#039;hui le conseil de s\u00e9curit\u00e9 nationale - Kapitalis<\/title>\n<meta name=\"robots\" content=\"index, follow, max-snippet:-1, max-image-preview:large, max-video-preview:-1\" \/>\n<link rel=\"canonical\" href=\"https:\/\/kapitalis.com\/tunisie\/2017\/05\/08\/caid-essebsi-reunit-aujourdhui-le-conseil-de-securite-nationale\/\" \/>\n<meta property=\"og:locale\" content=\"fr_FR\" \/>\n<meta property=\"og:type\" content=\"article\" \/>\n<meta property=\"og:title\" content=\"Ca\u00efd Essebsi r\u00e9unit aujourd&#039;hui le conseil de s\u00e9curit\u00e9 nationale - Kapitalis\" \/>\n<meta property=\"og:description\" content=\"Le pr\u00e9sident de la r\u00e9publique Beji Ca\u00efd Essebsi a convoqu\u00e9 le conseil de la s\u00e9curit\u00e9 nationale \u00e0 se r\u00e9unir, aujourd&rsquo;hui, lundi 8 mai 2017.\" \/>\n<meta property=\"og:url\" content=\"https:\/\/kapitalis.com\/tunisie\/2017\/05\/08\/caid-essebsi-reunit-aujourdhui-le-conseil-de-securite-nationale\/\" \/>\n<meta property=\"og:site_name\" content=\"Kapitalis\" \/>\n<meta property=\"article:publisher\" content=\"https:\/\/www.facebook.com\/KapitalisInfo\/\" \/>\n<meta property=\"article:published_time\" content=\"2017-05-08T07:29:43+00:00\" \/>\n<meta property=\"article:modified_time\" content=\"2017-05-08T07:31:47+00:00\" \/>\n<meta property=\"og:image\" content=\"http:\/\/kapitalis.com\/tunisie\/wp-content\/uploads\/2016\/09\/Beji-Caid-Essebsi-Palais-tunisie.jpg\" \/>\n<meta name=\"author\" content=\"webmaster kapitalis\" \/>\n<meta name=\"twitter:card\" content=\"summary_large_image\" \/>\n<meta name=\"twitter:creator\" content=\"@KapitalisInfo\" \/>\n<meta name=\"twitter:site\" content=\"@KapitalisInfo\" \/>\n<meta name=\"twitter:label1\" content=\"\u00c9crit par\" \/>\n\t<meta name=\"twitter:data1\" content=\"webmaster kapitalis\" \/>\n\t<meta name=\"twitter:label2\" content=\"Dur\u00e9e de lecture estim\u00e9e\" \/>\n\t<meta name=\"twitter:data2\" content=\"1 minute\" \/>\n<script type=\"application\/ld+json\" class=\"yoast-schema-graph\">{\"@context\":\"https:\/\/schema.org\",\"@graph\":[{\"@type\":\"Article\",\"@id\":\"https:\/\/kapitalis.com\/tunisie\/2017\/05\/08\/caid-essebsi-reunit-aujourdhui-le-conseil-de-securite-nationale\/#article\",\"isPartOf\":{\"@id\":\"https:\/\/kapitalis.com\/tunisie\/2017\/05\/08\/caid-essebsi-reunit-aujourdhui-le-conseil-de-securite-nationale\/\"},\"author\":{\"name\":\"webmaster kapitalis\",\"@id\":\"https:\/\/kapitalis.com\/tunisie\/#\/schema\/person\/d71f33a9ca44f7bad4698210b480c8e9\"},\"headline\":\"Ca\u00efd Essebsi r\u00e9unit aujourd&rsquo;hui le conseil de s\u00e9curit\u00e9 nationale\",\"datePublished\":\"2017-05-08T07:29:43+00:00\",\"dateModified\":\"2017-05-08T07:31:47+00:00\",\"mainEntityOfPage\":{\"@id\":\"https:\/\/kapitalis.com\/tunisie\/2017\/05\/08\/caid-essebsi-reunit-aujourdhui-le-conseil-de-securite-nationale\/\"},\"wordCount\":223,\"commentCount\":1,\"publisher\":{\"@id\":\"https:\/\/kapitalis.com\/tunisie\/#organization\"},\"image\":{\"@id\":\"https:\/\/kapitalis.com\/tunisie\/2017\/05\/08\/caid-essebsi-reunit-aujourdhui-le-conseil-de-securite-nationale\/#primaryimage\"},\"thumbnailUrl\":\"http:\/\/kapitalis.com\/tunisie\/wp-content\/uploads\/2016\/09\/Beji-Caid-Essebsi-Palais-tunisie.jpg\",\"keywords\":[\"Tataouine\"],\"articleSection\":[\"POLITIQUE\",\"Tunisie\"],\"inLanguage\":\"fr-FR\",\"potentialAction\":[{\"@type\":\"CommentAction\",\"name\":\"Comment\",\"target\":[\"https:\/\/kapitalis.com\/tunisie\/2017\/05\/08\/caid-essebsi-reunit-aujourdhui-le-conseil-de-securite-nationale\/#respond\"]}]},{\"@type\":\"WebPage\",\"@id\":\"https:\/\/kapitalis.com\/tunisie\/2017\/05\/08\/caid-essebsi-reunit-aujourdhui-le-conseil-de-securite-nationale\/\",\"url\":\"https:\/\/kapitalis.com\/tunisie\/2017\/05\/08\/caid-essebsi-reunit-aujourdhui-le-conseil-de-securite-nationale\/\",\"name\":\"Ca\u00efd Essebsi r\u00e9unit aujourd'hui le conseil de s\u00e9curit\u00e9 nationale - Kapitalis\",\"isPartOf\":{\"@id\":\"https:\/\/kapitalis.com\/tunisie\/#website\"},\"primaryImageOfPage\":{\"@id\":\"https:\/\/kapitalis.com\/tunisie\/2017\/05\/08\/caid-essebsi-reunit-aujourdhui-le-conseil-de-securite-nationale\/#primaryimage\"},\"image\":{\"@id\":\"https:\/\/kapitalis.com\/tunisie\/2017\/05\/08\/caid-essebsi-reunit-aujourdhui-le-conseil-de-securite-nationale\/#primaryimage\"},\"thumbnailUrl\":\"http:\/\/kapitalis.com\/tunisie\/wp-content\/uploads\/2016\/09\/Beji-Caid-Essebsi-Palais-tunisie.jpg\",\"datePublished\":\"2017-05-08T07:29:43+00:00\",\"dateModified\":\"2017-05-08T07:31:47+00:00\",\"breadcrumb\":{\"@id\":\"https:\/\/kapitalis.com\/tunisie\/2017\/05\/08\/caid-essebsi-reunit-aujourdhui-le-conseil-de-securite-nationale\/#breadcrumb\"},\"inLanguage\":\"fr-FR\",\"potentialAction\":[{\"@type\":\"ReadAction\",\"target\":[\"https:\/\/kapitalis.com\/tunisie\/2017\/05\/08\/caid-essebsi-reunit-aujourdhui-le-conseil-de-securite-nationale\/\"]}]},{\"@type\":\"ImageObject\",\"inLanguage\":\"fr-FR\",\"@id\":\"https:\/\/kapitalis.com\/tunisie\/2017\/05\/08\/caid-essebsi-reunit-aujourdhui-le-conseil-de-securite-nationale\/#primaryimage\",\"url\":\"http:\/\/kapitalis.com\/tunisie\/wp-content\/uploads\/2016\/09\/Beji-Caid-Essebsi-Palais-tunisie.jpg\",\"contentUrl\":\"http:\/\/kapitalis.com\/tunisie\/wp-content\/uploads\/2016\/09\/Beji-Caid-Essebsi-Palais-tunisie.jpg\"},{\"@type\":\"BreadcrumbList\",\"@id\":\"https:\/\/kapitalis.com\/tunisie\/2017\/05\/08\/caid-essebsi-reunit-aujourdhui-le-conseil-de-securite-nationale\/#breadcrumb\",\"itemListElement\":[{\"@type\":\"ListItem\",\"position\":1,\"name\":\"Accueil\",\"item\":\"https:\/\/kapitalis.com\/tunisie\/\"},{\"@type\":\"ListItem\",\"position\":2,\"name\":\"Ca\u00efd Essebsi r\u00e9unit aujourd&rsquo;hui le conseil de s\u00e9curit\u00e9 nationale\"}]},{\"@type\":\"WebSite\",\"@id\":\"https:\/\/kapitalis.com\/tunisie\/#website\",\"url\":\"https:\/\/kapitalis.com\/tunisie\/\",\"name\":\"Kapitalis\",\"description\":\"L&#039;actualit\u00e9 en Tunisie et dans le monde\",\"publisher\":{\"@id\":\"https:\/\/kapitalis.com\/tunisie\/#organization\"},\"potentialAction\":[{\"@type\":\"SearchAction\",\"target\":{\"@type\":\"EntryPoint\",\"urlTemplate\":\"https:\/\/kapitalis.com\/tunisie\/?s={search_term_string}\"},\"query-input\":{\"@type\":\"PropertyValueSpecification\",\"valueRequired\":true,\"valueName\":\"search_term_string\"}}],\"inLanguage\":\"fr-FR\"},{\"@type\":\"Organization\",\"@id\":\"https:\/\/kapitalis.com\/tunisie\/#organization\",\"name\":\"Kapitalis\",\"url\":\"https:\/\/kapitalis.com\/tunisie\/\",\"logo\":{\"@type\":\"ImageObject\",\"inLanguage\":\"fr-FR\",\"@id\":\"https:\/\/kapitalis.com\/tunisie\/#\/schema\/logo\/image\/\",\"url\":\"https:\/\/kapitalis.com\/tunisie\/wp-content\/uploads\/2022\/05\/Kapitalis-big-size.png\",\"contentUrl\":\"https:\/\/kapitalis.com\/tunisie\/wp-content\/uploads\/2022\/05\/Kapitalis-big-size.png\",\"width\":5000,\"height\":1500,\"caption\":\"Kapitalis\"},\"image\":{\"@id\":\"https:\/\/kapitalis.com\/tunisie\/#\/schema\/logo\/image\/\"},\"sameAs\":[\"https:\/\/www.facebook.com\/KapitalisInfo\/\",\"https:\/\/x.com\/KapitalisInfo\",\"https:\/\/www.youtube.com\/channel\/UC-yDYrHyfFBWWZaOw3FPg9Q\"]},{\"@type\":\"Person\",\"@id\":\"https:\/\/kapitalis.com\/tunisie\/#\/schema\/person\/d71f33a9ca44f7bad4698210b480c8e9\",\"name\":\"webmaster kapitalis\",\"url\":\"https:\/\/kapitalis.com\/tunisie\/author\/webmaster-kapitalis\/\"}]}<\/script>\n<!-- \/ Yoast SEO plugin. -->","yoast_head_json":{"title":"Ca\u00efd Essebsi r\u00e9unit aujourd'hui le conseil de s\u00e9curit\u00e9 nationale - Kapitalis","robots":{"index":"index","follow":"follow","max-snippet":"max-snippet:-1","max-image-preview":"max-image-preview:large","max-video-preview":"max-video-preview:-1"},"canonical":"https:\/\/kapitalis.com\/tunisie\/2017\/05\/08\/caid-essebsi-reunit-aujourdhui-le-conseil-de-securite-nationale\/","og_locale":"fr_FR","og_type":"article","og_title":"Ca\u00efd Essebsi r\u00e9unit aujourd'hui le conseil de s\u00e9curit\u00e9 nationale - Kapitalis","og_description":"Le pr\u00e9sident de la r\u00e9publique Beji Ca\u00efd Essebsi a convoqu\u00e9 le conseil de la s\u00e9curit\u00e9 nationale \u00e0 se r\u00e9unir, aujourd&rsquo;hui, lundi 8 mai 2017.","og_url":"https:\/\/kapitalis.com\/tunisie\/2017\/05\/08\/caid-essebsi-reunit-aujourdhui-le-conseil-de-securite-nationale\/","og_site_name":"Kapitalis","article_publisher":"https:\/\/www.facebook.com\/KapitalisInfo\/","article_published_time":"2017-05-08T07:29:43+00:00","article_modified_time":"2017-05-08T07:31:47+00:00","og_image":[{"url":"http:\/\/kapitalis.com\/tunisie\/wp-content\/uploads\/2016\/09\/Beji-Caid-Essebsi-Palais-tunisie.jpg","type":"","width":"","height":""}],"author":"webmaster kapitalis","twitter_card":"summary_large_image","twitter_creator":"@KapitalisInfo","twitter_site":"@KapitalisInfo","twitter_misc":{"\u00c9crit par":"webmaster kapitalis","Dur\u00e9e de lecture estim\u00e9e":"1 minute"},"schema":{"@context":"https:\/\/schema.org","@graph":[{"@type":"Article","@id":"https:\/\/kapitalis.com\/tunisie\/2017\/05\/08\/caid-essebsi-reunit-aujourdhui-le-conseil-de-securite-nationale\/#article","isPartOf":{"@id":"https:\/\/kapitalis.com\/tunisie\/2017\/05\/08\/caid-essebsi-reunit-aujourdhui-le-conseil-de-securite-nationale\/"},"author":{"name":"webmaster kapitalis","@id":"https:\/\/kapitalis.com\/tunisie\/#\/schema\/person\/d71f33a9ca44f7bad4698210b480c8e9"},"headline":"Ca\u00efd Essebsi r\u00e9unit aujourd&rsquo;hui le conseil de s\u00e9curit\u00e9 nationale","datePublished":"2017-05-08T07:29:43+00:00","dateModified":"2017-05-08T07:31:47+00:00","mainEntityOfPage":{"@id":"https:\/\/kapitalis.com\/tunisie\/2017\/05\/08\/caid-essebsi-reunit-aujourdhui-le-conseil-de-securite-nationale\/"},"wordCount":223,"commentCount":1,"publisher":{"@id":"https:\/\/kapitalis.com\/tunisie\/#organization"},"image":{"@id":"https:\/\/kapitalis.com\/tunisie\/2017\/05\/08\/caid-essebsi-reunit-aujourdhui-le-conseil-de-securite-nationale\/#primaryimage"},"thumbnailUrl":"http:\/\/kapitalis.com\/tunisie\/wp-content\/uploads\/2016\/09\/Beji-Caid-Essebsi-Palais-tunisie.jpg","keywords":["Tataouine"],"articleSection":["POLITIQUE","Tunisie"],"inLanguage":"fr-FR","potentialAction":[{"@type":"CommentAction","name":"Comment","target":["https:\/\/kapitalis.com\/tunisie\/2017\/05\/08\/caid-essebsi-reunit-aujourdhui-le-conseil-de-securite-nationale\/#respond"]}]},{"@type":"WebPage","@id":"https:\/\/kapitalis.com\/tunisie\/2017\/05\/08\/caid-essebsi-reunit-aujourdhui-le-conseil-de-securite-nationale\/","url":"https:\/\/kapitalis.com\/tunisie\/2017\/05\/08\/caid-essebsi-reunit-aujourdhui-le-conseil-de-securite-nationale\/","name":"Ca\u00efd Essebsi r\u00e9unit aujourd'hui le conseil de s\u00e9curit\u00e9 nationale - Kapitalis","isPartOf":{"@id":"https:\/\/kapitalis.com\/tunisie\/#website"},"primaryImageOfPage":{"@id":"https:\/\/kapitalis.com\/tunisie\/2017\/05\/08\/caid-essebsi-reunit-aujourdhui-le-conseil-de-securite-nationale\/#primaryimage"},"image":{"@id":"https:\/\/kapitalis.com\/tunisie\/2017\/05\/08\/caid-essebsi-reunit-aujourdhui-le-conseil-de-securite-nationale\/#primaryimage"},"thumbnailUrl":"http:\/\/kapitalis.com\/tunisie\/wp-content\/uploads\/2016\/09\/Beji-Caid-Essebsi-Palais-tunisie.jpg","datePublished":"2017-05-08T07:29:43+00:00","dateModified":"2017-05-08T07:31:47+00:00","breadcrumb":{"@id":"https:\/\/kapitalis.com\/tunisie\/2017\/05\/08\/caid-essebsi-reunit-aujourdhui-le-conseil-de-securite-nationale\/#breadcrumb"},"inLanguage":"fr-FR","potentialAction":[{"@type":"ReadAction","target":["https:\/\/kapitalis.com\/tunisie\/2017\/05\/08\/caid-essebsi-reunit-aujourdhui-le-conseil-de-securite-nationale\/"]}]},{"@type":"ImageObject","inLanguage":"fr-FR","@id":"https:\/\/kapitalis.com\/tunisie\/2017\/05\/08\/caid-essebsi-reunit-aujourdhui-le-conseil-de-securite-nationale\/#primaryimage","url":"http:\/\/kapitalis.com\/tunisie\/wp-content\/uploads\/2016\/09\/Beji-Caid-Essebsi-Palais-tunisie.jpg","contentUrl":"http:\/\/kapitalis.com\/tunisie\/wp-content\/uploads\/2016\/09\/Beji-Caid-Essebsi-Palais-tunisie.jpg"},{"@type":"BreadcrumbList","@id":"https:\/\/kapitalis.com\/tunisie\/2017\/05\/08\/caid-essebsi-reunit-aujourdhui-le-conseil-de-securite-nationale\/#breadcrumb","itemListElement":[{"@type":"ListItem","position":1,"name":"Accueil","item":"https:\/\/kapitalis.com\/tunisie\/"},{"@type":"ListItem","position":2,"name":"Ca\u00efd Essebsi r\u00e9unit aujourd&rsquo;hui le conseil de s\u00e9curit\u00e9 nationale"}]},{"@type":"WebSite","@id":"https:\/\/kapitalis.com\/tunisie\/#website","url":"https:\/\/kapitalis.com\/tunisie\/","name":"Kapitalis","description":"L&#039;actualit\u00e9 en Tunisie et dans le monde","publisher":{"@id":"https:\/\/kapitalis.com\/tunisie\/#organization"},"potentialAction":[{"@type":"SearchAction","target":{"@type":"EntryPoint","urlTemplate":"https:\/\/kapitalis.com\/tunisie\/?s={search_term_string}"},"query-input":{"@type":"PropertyValueSpecification","valueRequired":true,"valueName":"search_term_string"}}],"inLanguage":"fr-FR"},{"@type":"Organization","@id":"https:\/\/kapitalis.com\/tunisie\/#organization","name":"Kapitalis","url":"https:\/\/kapitalis.com\/tunisie\/","logo":{"@type":"ImageObject","inLanguage":"fr-FR","@id":"https:\/\/kapitalis.com\/tunisie\/#\/schema\/logo\/image\/","url":"https:\/\/kapitalis.com\/tunisie\/wp-content\/uploads\/2022\/05\/Kapitalis-big-size.png","contentUrl":"https:\/\/kapitalis.com\/tunisie\/wp-content\/uploads\/2022\/05\/Kapitalis-big-size.png","width":5000,"height":1500,"caption":"Kapitalis"},"image":{"@id":"https:\/\/kapitalis.com\/tunisie\/#\/schema\/logo\/image\/"},"sameAs":["https:\/\/www.facebook.com\/KapitalisInfo\/","https:\/\/x.com\/KapitalisInfo","https:\/\/www.youtube.com\/channel\/UC-yDYrHyfFBWWZaOw3FPg9Q"]},{"@type":"Person","@id":"https:\/\/kapitalis.com\/tunisie\/#\/schema\/person\/d71f33a9ca44f7bad4698210b480c8e9","name":"webmaster kapitalis","url":"https:\/\/kapitalis.com\/tunisie\/author\/webmaster-kapitalis\/"}]}},"_links":{"self":[{"href":"https:\/\/kapitalis.com\/tunisie\/wp-json\/wp\/v2\/posts\/95094","targetHints":{"allow":["GET"]}}],"collection":[{"href":"https:\/\/kapitalis.com\/tunisie\/wp-json\/wp\/v2\/posts"}],"about":[{"href":"https:\/\/kapitalis.com\/tunisie\/wp-json\/wp\/v2\/types\/post"}],"author":[{"embeddable":true,"href":"https:\/\/kapitalis.com\/tunisie\/wp-json\/wp\/v2\/users\/8"}],"replies":[{"embeddable":true,"href":"https:\/\/kapitalis.com\/tunisie\/wp-json\/wp\/v2\/comments?post=95094"}],"version-history":[{"count":0,"href":"https:\/\/kapitalis.com\/tunisie\/wp-json\/wp\/v2\/posts\/95094\/revisions"}],"wp:attachment":[{"href":"https:\/\/kapitalis.com\/tunisie\/wp-json\/wp\/v2\/media?parent=95094"}],"wp:term":[{"taxonomy":"category","embeddable":true,"href":"https:\/\/kapitalis.com\/tunisie\/wp-json\/wp\/v2\/categories?post=95094"},{"taxonomy":"post_tag","embeddable":true,"href":"https:\/\/kapitalis.com\/tunisie\/wp-json\/wp\/v2\/tags?post=95094"}],"curies":[{"name":"wp","href":"https:\/\/api.w.org\/{rel}","templated":true}]}}