{"id":9509482,"date":"2023-08-24T12:43:24","date_gmt":"2023-08-24T11:43:24","guid":{"rendered":"https:\/\/kapitalis.com\/tunisie\/?p=9509482"},"modified":"2023-08-24T12:43:25","modified_gmt":"2023-08-24T11:43:25","slug":"tunis-prison-a-perpetuite-pour-un-jeune-violeur","status":"publish","type":"post","link":"https:\/\/kapitalis.com\/tunisie\/2023\/08\/24\/tunis-prison-a-perpetuite-pour-un-jeune-violeur\/","title":{"rendered":"Tunis\u00a0: prison \u00e0 perp\u00e9tuit\u00e9 pour un jeune violeur"},"content":{"rendered":"\n<p><strong><em>La chambre criminelle pr\u00e8s du tribunal de premi\u00e8re instance de Tunis a condamn\u00e9 \u00e0 la prison \u00e0 perp\u00e9tuit\u00e9 un jeune homme accus\u00e9 d&rsquo;avoir viol\u00e9 une femme mari\u00e9e dans un b\u00e2timent abandonn\u00e9 au centre-ville de Tunis apr\u00e8s l\u2019avoir d\u00e9pouill\u00e9e de de son argent et de ses bijoux.<\/em><\/strong><\/p>\n\n\n\n<!--more-->\n\n\n\n<p>Selon les \u00e9l\u00e9ments du dossier, rapport\u00e9s par <a href=\"https:\/\/www.mosaiquefm.net\/ar\/%D8%AA%D9%88%D9%86%D8%B3-%D8%A3%D8%AE%D8%A8%D8%A7%D8%B1-%D9%88%D8%B7%D9%86%D9%8A%D8%A9\/1185574\/%D8%A7%D9%84%D8%B3%D8%AC%D9%86-%D9%85%D8%AF%D9%89-%D8%A7%D9%84%D8%AD%D9%8A%D8%A7%D8%A9-%D9%84%D8%B4%D8%A7%D8%A8-%D8%A7%D8%BA%D8%AA%D8%B5%D8%A8-%D8%A7%D9%85%D8%B1%D8%A3%D8%A9-%D9%88%D8%B3%D9%84%D8%A8%D9%87%D8%A7-%D9%85%D8%A7%D9%84%D9%87%D8%A7-%D9%88%D9%85%D8%B5%D9%88%D8%BA%D9%87%D8%A7\" target=\"_blank\" rel=\"noreferrer noopener\">Mosa\u00efque FM<\/a>, la victime rentrait chez elle le soir des faits. Elle \u00e9tait en route vers la station de bus de Bab Alioua lorsque le pr\u00e9venu l\u2019a arr\u00eat\u00e9e en la mena\u00e7ant d\u2019un couteau, lui a arrach\u00e9 son t\u00e9l\u00e9phone portable, ses bijoux et une somme d\u2019argent retrouv\u00e9e dans son sac. Apr\u00e8s l\u2019avoir laiss\u00e9e partir, il l\u2019a rejointe \u00e0 nouveau et l\u2019a oblig\u00e9e \u00e0 le suivre, en la mena\u00e7ant d\u2019un couteau, dans un b\u00e2timent abandonn\u00e9 o\u00f9 il l\u2019a agress\u00e9e et viol\u00e9e. <\/p>\n\n\n\n<p>La victime a d\u00e9pos\u00e9 plainte et la police n\u2019a pas tard\u00e9 \u00e0 arr\u00eater le d\u00e9linquant qui a \u00e9t\u00e9 formellement reconnu par sa victime. Qui a maintenu ses accusations que l\u2019enqu\u00eate judiciaire a prouv\u00e9es.<\/p>\n\n\n\n<p class=\"has-text-align-right\"><strong>I. B.<\/strong> <\/p>\n","protected":false},"excerpt":{"rendered":"<p>Un jeune homme condamn\u00e9 \u00e0 la prison \u00e0 perp\u00e9tuit\u00e9 pour le viol d&rsquo;une femme au centre-ville de Tunis.  <\/p>\n","protected":false},"author":8,"featured_media":7644216,"comment_status":"open","ping_status":"open","sticky":false,"template":"","format":"standard","meta":{"footnotes":""},"categories":[998,2433],"tags":[21182,64491,62643,3164],"class_list":["post-9509482","post","type-post","status-publish","format-standard","has-post-thumbnail","hentry","category-societe","category-tunisie","tag-bab-alioua","tag-tunis","tag-tunisie","tag-violeur"],"yoast_head":"<!-- This site is optimized with the Yoast SEO plugin v26.6 - https:\/\/yoast.com\/wordpress\/plugins\/seo\/ -->\n<title>Tunis\u00a0: prison \u00e0 perp\u00e9tuit\u00e9 pour un jeune violeur - Kapitalis<\/title>\n<meta name=\"robots\" content=\"index, follow, max-snippet:-1, max-image-preview:large, max-video-preview:-1\" \/>\n<link rel=\"canonical\" href=\"https:\/\/kapitalis.com\/tunisie\/2023\/08\/24\/tunis-prison-a-perpetuite-pour-un-jeune-violeur\/\" \/>\n<meta property=\"og:locale\" content=\"fr_FR\" \/>\n<meta property=\"og:type\" content=\"article\" \/>\n<meta property=\"og:title\" content=\"Tunis\u00a0: prison \u00e0 perp\u00e9tuit\u00e9 pour un jeune violeur - Kapitalis\" \/>\n<meta property=\"og:description\" content=\"Un jeune homme condamn\u00e9 \u00e0 la prison \u00e0 perp\u00e9tuit\u00e9 pour le viol d&#039;une femme au centre-ville de Tunis.\" \/>\n<meta property=\"og:url\" content=\"https:\/\/kapitalis.com\/tunisie\/2023\/08\/24\/tunis-prison-a-perpetuite-pour-un-jeune-violeur\/\" \/>\n<meta property=\"og:site_name\" content=\"Kapitalis\" \/>\n<meta property=\"article:publisher\" content=\"https:\/\/www.facebook.com\/KapitalisInfo\/\" \/>\n<meta property=\"article:published_time\" content=\"2023-08-24T11:43:24+00:00\" \/>\n<meta property=\"article:modified_time\" content=\"2023-08-24T11:43:25+00:00\" \/>\n<meta property=\"og:image\" content=\"https:\/\/kapitalis.com\/tunisie\/wp-content\/uploads\/2023\/04\/Prison-2.jpg\" \/>\n\t<meta property=\"og:image:width\" content=\"1200\" \/>\n\t<meta property=\"og:image:height\" content=\"630\" \/>\n\t<meta property=\"og:image:type\" content=\"image\/jpeg\" \/>\n<meta name=\"author\" content=\"webmaster kapitalis\" \/>\n<meta name=\"twitter:card\" content=\"summary_large_image\" \/>\n<meta name=\"twitter:creator\" content=\"@KapitalisInfo\" \/>\n<meta name=\"twitter:site\" content=\"@KapitalisInfo\" \/>\n<meta name=\"twitter:label1\" content=\"\u00c9crit par\" \/>\n\t<meta name=\"twitter:data1\" content=\"webmaster kapitalis\" \/>\n\t<meta name=\"twitter:label2\" content=\"Dur\u00e9e de lecture estim\u00e9e\" \/>\n\t<meta name=\"twitter:data2\" content=\"1 minute\" \/>\n<script type=\"application\/ld+json\" class=\"yoast-schema-graph\">{\"@context\":\"https:\/\/schema.org\",\"@graph\":[{\"@type\":\"Article\",\"@id\":\"https:\/\/kapitalis.com\/tunisie\/2023\/08\/24\/tunis-prison-a-perpetuite-pour-un-jeune-violeur\/#article\",\"isPartOf\":{\"@id\":\"https:\/\/kapitalis.com\/tunisie\/2023\/08\/24\/tunis-prison-a-perpetuite-pour-un-jeune-violeur\/\"},\"author\":{\"name\":\"webmaster kapitalis\",\"@id\":\"https:\/\/kapitalis.com\/tunisie\/#\/schema\/person\/d71f33a9ca44f7bad4698210b480c8e9\"},\"headline\":\"Tunis\u00a0: prison \u00e0 perp\u00e9tuit\u00e9 pour un jeune violeur\",\"datePublished\":\"2023-08-24T11:43:24+00:00\",\"dateModified\":\"2023-08-24T11:43:25+00:00\",\"mainEntityOfPage\":{\"@id\":\"https:\/\/kapitalis.com\/tunisie\/2023\/08\/24\/tunis-prison-a-perpetuite-pour-un-jeune-violeur\/\"},\"wordCount\":211,\"commentCount\":9,\"publisher\":{\"@id\":\"https:\/\/kapitalis.com\/tunisie\/#organization\"},\"image\":{\"@id\":\"https:\/\/kapitalis.com\/tunisie\/2023\/08\/24\/tunis-prison-a-perpetuite-pour-un-jeune-violeur\/#primaryimage\"},\"thumbnailUrl\":\"https:\/\/kapitalis.com\/tunisie\/wp-content\/uploads\/2023\/04\/Prison-2.jpg\",\"keywords\":[\"Bab Alioua\",\"Tunis\",\"Tunisie\",\"violeur\"],\"articleSection\":[\"SOCIETE\",\"Tunisie\"],\"inLanguage\":\"fr-FR\",\"potentialAction\":[{\"@type\":\"CommentAction\",\"name\":\"Comment\",\"target\":[\"https:\/\/kapitalis.com\/tunisie\/2023\/08\/24\/tunis-prison-a-perpetuite-pour-un-jeune-violeur\/#respond\"]}]},{\"@type\":\"WebPage\",\"@id\":\"https:\/\/kapitalis.com\/tunisie\/2023\/08\/24\/tunis-prison-a-perpetuite-pour-un-jeune-violeur\/\",\"url\":\"https:\/\/kapitalis.com\/tunisie\/2023\/08\/24\/tunis-prison-a-perpetuite-pour-un-jeune-violeur\/\",\"name\":\"Tunis\u00a0: prison \u00e0 perp\u00e9tuit\u00e9 pour un jeune violeur - Kapitalis\",\"isPartOf\":{\"@id\":\"https:\/\/kapitalis.com\/tunisie\/#website\"},\"primaryImageOfPage\":{\"@id\":\"https:\/\/kapitalis.com\/tunisie\/2023\/08\/24\/tunis-prison-a-perpetuite-pour-un-jeune-violeur\/#primaryimage\"},\"image\":{\"@id\":\"https:\/\/kapitalis.com\/tunisie\/2023\/08\/24\/tunis-prison-a-perpetuite-pour-un-jeune-violeur\/#primaryimage\"},\"thumbnailUrl\":\"https:\/\/kapitalis.com\/tunisie\/wp-content\/uploads\/2023\/04\/Prison-2.jpg\",\"datePublished\":\"2023-08-24T11:43:24+00:00\",\"dateModified\":\"2023-08-24T11:43:25+00:00\",\"breadcrumb\":{\"@id\":\"https:\/\/kapitalis.com\/tunisie\/2023\/08\/24\/tunis-prison-a-perpetuite-pour-un-jeune-violeur\/#breadcrumb\"},\"inLanguage\":\"fr-FR\",\"potentialAction\":[{\"@type\":\"ReadAction\",\"target\":[\"https:\/\/kapitalis.com\/tunisie\/2023\/08\/24\/tunis-prison-a-perpetuite-pour-un-jeune-violeur\/\"]}]},{\"@type\":\"ImageObject\",\"inLanguage\":\"fr-FR\",\"@id\":\"https:\/\/kapitalis.com\/tunisie\/2023\/08\/24\/tunis-prison-a-perpetuite-pour-un-jeune-violeur\/#primaryimage\",\"url\":\"https:\/\/kapitalis.com\/tunisie\/wp-content\/uploads\/2023\/04\/Prison-2.jpg\",\"contentUrl\":\"https:\/\/kapitalis.com\/tunisie\/wp-content\/uploads\/2023\/04\/Prison-2.jpg\",\"width\":1200,\"height\":630},{\"@type\":\"BreadcrumbList\",\"@id\":\"https:\/\/kapitalis.com\/tunisie\/2023\/08\/24\/tunis-prison-a-perpetuite-pour-un-jeune-violeur\/#breadcrumb\",\"itemListElement\":[{\"@type\":\"ListItem\",\"position\":1,\"name\":\"Accueil\",\"item\":\"https:\/\/kapitalis.com\/tunisie\/\"},{\"@type\":\"ListItem\",\"position\":2,\"name\":\"Tunis\u00a0: prison \u00e0 perp\u00e9tuit\u00e9 pour un jeune violeur\"}]},{\"@type\":\"WebSite\",\"@id\":\"https:\/\/kapitalis.com\/tunisie\/#website\",\"url\":\"https:\/\/kapitalis.com\/tunisie\/\",\"name\":\"Kapitalis\",\"description\":\"L&#039;actualit\u00e9 en Tunisie et dans le monde\",\"publisher\":{\"@id\":\"https:\/\/kapitalis.com\/tunisie\/#organization\"},\"potentialAction\":[{\"@type\":\"SearchAction\",\"target\":{\"@type\":\"EntryPoint\",\"urlTemplate\":\"https:\/\/kapitalis.com\/tunisie\/?s={search_term_string}\"},\"query-input\":{\"@type\":\"PropertyValueSpecification\",\"valueRequired\":true,\"valueName\":\"search_term_string\"}}],\"inLanguage\":\"fr-FR\"},{\"@type\":\"Organization\",\"@id\":\"https:\/\/kapitalis.com\/tunisie\/#organization\",\"name\":\"Kapitalis\",\"url\":\"https:\/\/kapitalis.com\/tunisie\/\",\"logo\":{\"@type\":\"ImageObject\",\"inLanguage\":\"fr-FR\",\"@id\":\"https:\/\/kapitalis.com\/tunisie\/#\/schema\/logo\/image\/\",\"url\":\"https:\/\/kapitalis.com\/tunisie\/wp-content\/uploads\/2022\/05\/Kapitalis-big-size.png\",\"contentUrl\":\"https:\/\/kapitalis.com\/tunisie\/wp-content\/uploads\/2022\/05\/Kapitalis-big-size.png\",\"width\":5000,\"height\":1500,\"caption\":\"Kapitalis\"},\"image\":{\"@id\":\"https:\/\/kapitalis.com\/tunisie\/#\/schema\/logo\/image\/\"},\"sameAs\":[\"https:\/\/www.facebook.com\/KapitalisInfo\/\",\"https:\/\/x.com\/KapitalisInfo\",\"https:\/\/www.youtube.com\/channel\/UC-yDYrHyfFBWWZaOw3FPg9Q\"]},{\"@type\":\"Person\",\"@id\":\"https:\/\/kapitalis.com\/tunisie\/#\/schema\/person\/d71f33a9ca44f7bad4698210b480c8e9\",\"name\":\"webmaster kapitalis\",\"url\":\"https:\/\/kapitalis.com\/tunisie\/author\/webmaster-kapitalis\/\"}]}<\/script>\n<!-- \/ Yoast SEO plugin. -->","yoast_head_json":{"title":"Tunis\u00a0: prison \u00e0 perp\u00e9tuit\u00e9 pour un jeune violeur - Kapitalis","robots":{"index":"index","follow":"follow","max-snippet":"max-snippet:-1","max-image-preview":"max-image-preview:large","max-video-preview":"max-video-preview:-1"},"canonical":"https:\/\/kapitalis.com\/tunisie\/2023\/08\/24\/tunis-prison-a-perpetuite-pour-un-jeune-violeur\/","og_locale":"fr_FR","og_type":"article","og_title":"Tunis\u00a0: prison \u00e0 perp\u00e9tuit\u00e9 pour un jeune violeur - Kapitalis","og_description":"Un jeune homme condamn\u00e9 \u00e0 la prison \u00e0 perp\u00e9tuit\u00e9 pour le viol d'une femme au centre-ville de Tunis.","og_url":"https:\/\/kapitalis.com\/tunisie\/2023\/08\/24\/tunis-prison-a-perpetuite-pour-un-jeune-violeur\/","og_site_name":"Kapitalis","article_publisher":"https:\/\/www.facebook.com\/KapitalisInfo\/","article_published_time":"2023-08-24T11:43:24+00:00","article_modified_time":"2023-08-24T11:43:25+00:00","og_image":[{"width":1200,"height":630,"url":"https:\/\/kapitalis.com\/tunisie\/wp-content\/uploads\/2023\/04\/Prison-2.jpg","type":"image\/jpeg"}],"author":"webmaster kapitalis","twitter_card":"summary_large_image","twitter_creator":"@KapitalisInfo","twitter_site":"@KapitalisInfo","twitter_misc":{"\u00c9crit par":"webmaster kapitalis","Dur\u00e9e de lecture estim\u00e9e":"1 minute"},"schema":{"@context":"https:\/\/schema.org","@graph":[{"@type":"Article","@id":"https:\/\/kapitalis.com\/tunisie\/2023\/08\/24\/tunis-prison-a-perpetuite-pour-un-jeune-violeur\/#article","isPartOf":{"@id":"https:\/\/kapitalis.com\/tunisie\/2023\/08\/24\/tunis-prison-a-perpetuite-pour-un-jeune-violeur\/"},"author":{"name":"webmaster kapitalis","@id":"https:\/\/kapitalis.com\/tunisie\/#\/schema\/person\/d71f33a9ca44f7bad4698210b480c8e9"},"headline":"Tunis\u00a0: prison \u00e0 perp\u00e9tuit\u00e9 pour un jeune violeur","datePublished":"2023-08-24T11:43:24+00:00","dateModified":"2023-08-24T11:43:25+00:00","mainEntityOfPage":{"@id":"https:\/\/kapitalis.com\/tunisie\/2023\/08\/24\/tunis-prison-a-perpetuite-pour-un-jeune-violeur\/"},"wordCount":211,"commentCount":9,"publisher":{"@id":"https:\/\/kapitalis.com\/tunisie\/#organization"},"image":{"@id":"https:\/\/kapitalis.com\/tunisie\/2023\/08\/24\/tunis-prison-a-perpetuite-pour-un-jeune-violeur\/#primaryimage"},"thumbnailUrl":"https:\/\/kapitalis.com\/tunisie\/wp-content\/uploads\/2023\/04\/Prison-2.jpg","keywords":["Bab Alioua","Tunis","Tunisie","violeur"],"articleSection":["SOCIETE","Tunisie"],"inLanguage":"fr-FR","potentialAction":[{"@type":"CommentAction","name":"Comment","target":["https:\/\/kapitalis.com\/tunisie\/2023\/08\/24\/tunis-prison-a-perpetuite-pour-un-jeune-violeur\/#respond"]}]},{"@type":"WebPage","@id":"https:\/\/kapitalis.com\/tunisie\/2023\/08\/24\/tunis-prison-a-perpetuite-pour-un-jeune-violeur\/","url":"https:\/\/kapitalis.com\/tunisie\/2023\/08\/24\/tunis-prison-a-perpetuite-pour-un-jeune-violeur\/","name":"Tunis\u00a0: prison \u00e0 perp\u00e9tuit\u00e9 pour un jeune violeur - Kapitalis","isPartOf":{"@id":"https:\/\/kapitalis.com\/tunisie\/#website"},"primaryImageOfPage":{"@id":"https:\/\/kapitalis.com\/tunisie\/2023\/08\/24\/tunis-prison-a-perpetuite-pour-un-jeune-violeur\/#primaryimage"},"image":{"@id":"https:\/\/kapitalis.com\/tunisie\/2023\/08\/24\/tunis-prison-a-perpetuite-pour-un-jeune-violeur\/#primaryimage"},"thumbnailUrl":"https:\/\/kapitalis.com\/tunisie\/wp-content\/uploads\/2023\/04\/Prison-2.jpg","datePublished":"2023-08-24T11:43:24+00:00","dateModified":"2023-08-24T11:43:25+00:00","breadcrumb":{"@id":"https:\/\/kapitalis.com\/tunisie\/2023\/08\/24\/tunis-prison-a-perpetuite-pour-un-jeune-violeur\/#breadcrumb"},"inLanguage":"fr-FR","potentialAction":[{"@type":"ReadAction","target":["https:\/\/kapitalis.com\/tunisie\/2023\/08\/24\/tunis-prison-a-perpetuite-pour-un-jeune-violeur\/"]}]},{"@type":"ImageObject","inLanguage":"fr-FR","@id":"https:\/\/kapitalis.com\/tunisie\/2023\/08\/24\/tunis-prison-a-perpetuite-pour-un-jeune-violeur\/#primaryimage","url":"https:\/\/kapitalis.com\/tunisie\/wp-content\/uploads\/2023\/04\/Prison-2.jpg","contentUrl":"https:\/\/kapitalis.com\/tunisie\/wp-content\/uploads\/2023\/04\/Prison-2.jpg","width":1200,"height":630},{"@type":"BreadcrumbList","@id":"https:\/\/kapitalis.com\/tunisie\/2023\/08\/24\/tunis-prison-a-perpetuite-pour-un-jeune-violeur\/#breadcrumb","itemListElement":[{"@type":"ListItem","position":1,"name":"Accueil","item":"https:\/\/kapitalis.com\/tunisie\/"},{"@type":"ListItem","position":2,"name":"Tunis\u00a0: prison \u00e0 perp\u00e9tuit\u00e9 pour un jeune violeur"}]},{"@type":"WebSite","@id":"https:\/\/kapitalis.com\/tunisie\/#website","url":"https:\/\/kapitalis.com\/tunisie\/","name":"Kapitalis","description":"L&#039;actualit\u00e9 en Tunisie et dans le monde","publisher":{"@id":"https:\/\/kapitalis.com\/tunisie\/#organization"},"potentialAction":[{"@type":"SearchAction","target":{"@type":"EntryPoint","urlTemplate":"https:\/\/kapitalis.com\/tunisie\/?s={search_term_string}"},"query-input":{"@type":"PropertyValueSpecification","valueRequired":true,"valueName":"search_term_string"}}],"inLanguage":"fr-FR"},{"@type":"Organization","@id":"https:\/\/kapitalis.com\/tunisie\/#organization","name":"Kapitalis","url":"https:\/\/kapitalis.com\/tunisie\/","logo":{"@type":"ImageObject","inLanguage":"fr-FR","@id":"https:\/\/kapitalis.com\/tunisie\/#\/schema\/logo\/image\/","url":"https:\/\/kapitalis.com\/tunisie\/wp-content\/uploads\/2022\/05\/Kapitalis-big-size.png","contentUrl":"https:\/\/kapitalis.com\/tunisie\/wp-content\/uploads\/2022\/05\/Kapitalis-big-size.png","width":5000,"height":1500,"caption":"Kapitalis"},"image":{"@id":"https:\/\/kapitalis.com\/tunisie\/#\/schema\/logo\/image\/"},"sameAs":["https:\/\/www.facebook.com\/KapitalisInfo\/","https:\/\/x.com\/KapitalisInfo","https:\/\/www.youtube.com\/channel\/UC-yDYrHyfFBWWZaOw3FPg9Q"]},{"@type":"Person","@id":"https:\/\/kapitalis.com\/tunisie\/#\/schema\/person\/d71f33a9ca44f7bad4698210b480c8e9","name":"webmaster kapitalis","url":"https:\/\/kapitalis.com\/tunisie\/author\/webmaster-kapitalis\/"}]}},"_links":{"self":[{"href":"https:\/\/kapitalis.com\/tunisie\/wp-json\/wp\/v2\/posts\/9509482","targetHints":{"allow":["GET"]}}],"collection":[{"href":"https:\/\/kapitalis.com\/tunisie\/wp-json\/wp\/v2\/posts"}],"about":[{"href":"https:\/\/kapitalis.com\/tunisie\/wp-json\/wp\/v2\/types\/post"}],"author":[{"embeddable":true,"href":"https:\/\/kapitalis.com\/tunisie\/wp-json\/wp\/v2\/users\/8"}],"replies":[{"embeddable":true,"href":"https:\/\/kapitalis.com\/tunisie\/wp-json\/wp\/v2\/comments?post=9509482"}],"version-history":[{"count":1,"href":"https:\/\/kapitalis.com\/tunisie\/wp-json\/wp\/v2\/posts\/9509482\/revisions"}],"predecessor-version":[{"id":9509543,"href":"https:\/\/kapitalis.com\/tunisie\/wp-json\/wp\/v2\/posts\/9509482\/revisions\/9509543"}],"wp:featuredmedia":[{"embeddable":true,"href":"https:\/\/kapitalis.com\/tunisie\/wp-json\/wp\/v2\/media\/7644216"}],"wp:attachment":[{"href":"https:\/\/kapitalis.com\/tunisie\/wp-json\/wp\/v2\/media?parent=9509482"}],"wp:term":[{"taxonomy":"category","embeddable":true,"href":"https:\/\/kapitalis.com\/tunisie\/wp-json\/wp\/v2\/categories?post=9509482"},{"taxonomy":"post_tag","embeddable":true,"href":"https:\/\/kapitalis.com\/tunisie\/wp-json\/wp\/v2\/tags?post=9509482"}],"curies":[{"name":"wp","href":"https:\/\/api.w.org\/{rel}","templated":true}]}}