{"id":95200,"date":"2017-05-08T14:56:02","date_gmt":"2017-05-08T14:26:02","guid":{"rendered":"http:\/\/kapitalis.com\/tunisie\/?p=95200"},"modified":"2017-05-08T14:57:26","modified_gmt":"2017-05-08T14:27:26","slug":"dyslexie-nouveau-projet-musical-de-mahmoud-turki","status":"publish","type":"post","link":"https:\/\/kapitalis.com\/tunisie\/2017\/05\/08\/dyslexie-nouveau-projet-musical-de-mahmoud-turki\/","title":{"rendered":"\u2018\u2018Dyslexie\u2019\u2019 : Nouveau projet musical de Mahmoud Turki"},"content":{"rendered":"<p style=\"text-align: center;\"><img loading=\"lazy\" decoding=\"async\" class=\"alignnone size-full wp-image-95201\" src=\"http:\/\/kapitalis.com\/tunisie\/wp-content\/uploads\/2017\/05\/Mahmoud-Turki-Dyslexie.jpg\" alt=\"\" width=\"626\" height=\"380\" \/><\/p>\n<p><em><strong>Le jeune chanteur et compositeur Mahmoud Turki pr\u00e9sente son nouveau projet musical \u2018\u2018Dyslexie\u2019\u2019 \u00e0 la salle Le Rio, le samedi 13 mai \u00e0 19h30.<\/strong><\/em><\/p>\n<p><!--more--><\/p>\n<p>S\u00e9lectionn\u00e9 \u00e0 la comp\u00e9tition officielle des derni\u00e8res Journ\u00e9es musicales de Carthage (JMC 2017), Mahmoud Turki remporte le prix des meilleures paroles en langue arabe avec ce nouveau projet.<\/p>\n<p><em>\u2018\u2018Dyslexie\u2019\u2019<\/em> est l\u2019aboutissement des recherches et du parcours d\u2019exp\u00e9rimentation de ce jeune dipl\u00f4m\u00e9 en musique arabe, o\u00f9 il propose une forme musicale originale entre le syst\u00e8me modal arabe, l\u2019harmonie occidentale et la musique \u00e9lectronique.<\/p>\n<p>Mahmoud Turki invite ainsi le public \u00e0 d\u00e9couvrir cette riche palette de styles et de techniques qui constituent son univers artistique fait de romantisme, de m\u00e9lancolie et de satire.<\/p>\n<p style=\"text-align: center;\"><img loading=\"lazy\" decoding=\"async\" class=\"alignnone wp-image-95203\" src=\"http:\/\/kapitalis.com\/tunisie\/wp-content\/uploads\/2017\/05\/Duslexie.jpg\" alt=\"Dyslexie de Mahmoud Turki\" width=\"500\" height=\"331\" \/><\/p>\n<p>Le jeune artiste dit avoir choisi ce titre pour comparer le trouble de la dyslexie au processus de cr\u00e9ation chez les jeunes artistes tunisiens qui se trouvent souvent confront\u00e9s \u00e0 la limitation des m\u00e9canismes de concr\u00e9tisation de leurs projets.<\/p>\n<p>Le chanteur, joueur de luth et de banjo, sera accompagn\u00e9 dans ce spectacle par Mohamed Anis Mestaoui au luth et la guitare, Mohamed Ben Salha \u00e0 la fl\u00fbte, Elyes Blaghi au clavier, Issam Laben \u00e0 la guitare basse, Aziz Belhani aux percussions, Mohamed Khachnaoui \u00e0 la batterie, ainsi que les deux invit\u00e9s : Zouheir Gouja \u00e0 l\u2019accord\u00e9on et Nessrine Jabeur au chant.<\/p>\n<p style=\"text-align: right;\"><strong>Fawz Ben Ali<\/strong><\/p>\n","protected":false},"excerpt":{"rendered":"<p>Le jeune chanteur et compositeur Mahmoud Turki pr\u00e9sente son nouveau projet musical \u2018\u2018Dyslexie\u2019\u2019 \u00e0 la salle Le Rio, le samedi 13 mai \u00e0 19h30.<\/p>\n","protected":false},"author":8,"featured_media":95201,"comment_status":"open","ping_status":"open","sticky":false,"template":"","format":"standard","meta":{"footnotes":""},"categories":[994,2433],"tags":[10705,18698,30612],"class_list":["post-95200","post","type-post","status-publish","format-standard","has-post-thumbnail","hentry","category-culture","category-tunisie","tag-jmc","tag-le-rio","tag-zouheir-gouja"],"yoast_head":"<!-- This site is optimized with the Yoast SEO plugin v26.6 - https:\/\/yoast.com\/wordpress\/plugins\/seo\/ -->\n<title>\u2018\u2018Dyslexie\u2019\u2019 : Nouveau projet musical de Mahmoud Turki - Kapitalis<\/title>\n<meta name=\"robots\" content=\"index, follow, max-snippet:-1, max-image-preview:large, max-video-preview:-1\" \/>\n<link rel=\"canonical\" href=\"https:\/\/kapitalis.com\/tunisie\/2017\/05\/08\/dyslexie-nouveau-projet-musical-de-mahmoud-turki\/\" \/>\n<meta property=\"og:locale\" content=\"fr_FR\" \/>\n<meta property=\"og:type\" content=\"article\" \/>\n<meta property=\"og:title\" content=\"\u2018\u2018Dyslexie\u2019\u2019 : Nouveau projet musical de Mahmoud Turki - Kapitalis\" \/>\n<meta property=\"og:description\" content=\"Le jeune chanteur et compositeur Mahmoud Turki pr\u00e9sente son nouveau projet musical \u2018\u2018Dyslexie\u2019\u2019 \u00e0 la salle Le Rio, le samedi 13 mai \u00e0 19h30.\" \/>\n<meta property=\"og:url\" content=\"https:\/\/kapitalis.com\/tunisie\/2017\/05\/08\/dyslexie-nouveau-projet-musical-de-mahmoud-turki\/\" \/>\n<meta property=\"og:site_name\" content=\"Kapitalis\" \/>\n<meta property=\"article:publisher\" content=\"https:\/\/www.facebook.com\/KapitalisInfo\/\" \/>\n<meta property=\"article:published_time\" content=\"2017-05-08T14:26:02+00:00\" \/>\n<meta property=\"article:modified_time\" content=\"2017-05-08T14:27:26+00:00\" \/>\n<meta property=\"og:image\" content=\"https:\/\/kapitalis.com\/tunisie\/wp-content\/uploads\/2022\/05\/kapitalis-logo-fb.png\" \/>\n\t<meta property=\"og:image:width\" content=\"1200\" \/>\n\t<meta property=\"og:image:height\" content=\"630\" \/>\n\t<meta property=\"og:image:type\" content=\"image\/png\" \/>\n<meta name=\"author\" content=\"webmaster kapitalis\" \/>\n<meta name=\"twitter:card\" content=\"summary_large_image\" \/>\n<meta name=\"twitter:creator\" content=\"@KapitalisInfo\" \/>\n<meta name=\"twitter:site\" content=\"@KapitalisInfo\" \/>\n<meta name=\"twitter:label1\" content=\"\u00c9crit par\" \/>\n\t<meta name=\"twitter:data1\" content=\"webmaster kapitalis\" \/>\n\t<meta name=\"twitter:label2\" content=\"Dur\u00e9e de lecture estim\u00e9e\" \/>\n\t<meta name=\"twitter:data2\" content=\"1 minute\" \/>\n<script type=\"application\/ld+json\" class=\"yoast-schema-graph\">{\"@context\":\"https:\/\/schema.org\",\"@graph\":[{\"@type\":\"Article\",\"@id\":\"https:\/\/kapitalis.com\/tunisie\/2017\/05\/08\/dyslexie-nouveau-projet-musical-de-mahmoud-turki\/#article\",\"isPartOf\":{\"@id\":\"https:\/\/kapitalis.com\/tunisie\/2017\/05\/08\/dyslexie-nouveau-projet-musical-de-mahmoud-turki\/\"},\"author\":{\"name\":\"webmaster kapitalis\",\"@id\":\"https:\/\/kapitalis.com\/tunisie\/#\/schema\/person\/d71f33a9ca44f7bad4698210b480c8e9\"},\"headline\":\"\u2018\u2018Dyslexie\u2019\u2019 : Nouveau projet musical de Mahmoud Turki\",\"datePublished\":\"2017-05-08T14:26:02+00:00\",\"dateModified\":\"2017-05-08T14:27:26+00:00\",\"mainEntityOfPage\":{\"@id\":\"https:\/\/kapitalis.com\/tunisie\/2017\/05\/08\/dyslexie-nouveau-projet-musical-de-mahmoud-turki\/\"},\"wordCount\":235,\"commentCount\":0,\"publisher\":{\"@id\":\"https:\/\/kapitalis.com\/tunisie\/#organization\"},\"image\":{\"@id\":\"https:\/\/kapitalis.com\/tunisie\/2017\/05\/08\/dyslexie-nouveau-projet-musical-de-mahmoud-turki\/#primaryimage\"},\"thumbnailUrl\":\"\",\"keywords\":[\"JMC\",\"Le Rio\",\"Zouheir Gouja\"],\"articleSection\":[\"CULTURE\",\"Tunisie\"],\"inLanguage\":\"fr-FR\",\"potentialAction\":[{\"@type\":\"CommentAction\",\"name\":\"Comment\",\"target\":[\"https:\/\/kapitalis.com\/tunisie\/2017\/05\/08\/dyslexie-nouveau-projet-musical-de-mahmoud-turki\/#respond\"]}]},{\"@type\":\"WebPage\",\"@id\":\"https:\/\/kapitalis.com\/tunisie\/2017\/05\/08\/dyslexie-nouveau-projet-musical-de-mahmoud-turki\/\",\"url\":\"https:\/\/kapitalis.com\/tunisie\/2017\/05\/08\/dyslexie-nouveau-projet-musical-de-mahmoud-turki\/\",\"name\":\"\u2018\u2018Dyslexie\u2019\u2019 : Nouveau projet musical de Mahmoud Turki - Kapitalis\",\"isPartOf\":{\"@id\":\"https:\/\/kapitalis.com\/tunisie\/#website\"},\"primaryImageOfPage\":{\"@id\":\"https:\/\/kapitalis.com\/tunisie\/2017\/05\/08\/dyslexie-nouveau-projet-musical-de-mahmoud-turki\/#primaryimage\"},\"image\":{\"@id\":\"https:\/\/kapitalis.com\/tunisie\/2017\/05\/08\/dyslexie-nouveau-projet-musical-de-mahmoud-turki\/#primaryimage\"},\"thumbnailUrl\":\"\",\"datePublished\":\"2017-05-08T14:26:02+00:00\",\"dateModified\":\"2017-05-08T14:27:26+00:00\",\"breadcrumb\":{\"@id\":\"https:\/\/kapitalis.com\/tunisie\/2017\/05\/08\/dyslexie-nouveau-projet-musical-de-mahmoud-turki\/#breadcrumb\"},\"inLanguage\":\"fr-FR\",\"potentialAction\":[{\"@type\":\"ReadAction\",\"target\":[\"https:\/\/kapitalis.com\/tunisie\/2017\/05\/08\/dyslexie-nouveau-projet-musical-de-mahmoud-turki\/\"]}]},{\"@type\":\"ImageObject\",\"inLanguage\":\"fr-FR\",\"@id\":\"https:\/\/kapitalis.com\/tunisie\/2017\/05\/08\/dyslexie-nouveau-projet-musical-de-mahmoud-turki\/#primaryimage\",\"url\":\"\",\"contentUrl\":\"\"},{\"@type\":\"BreadcrumbList\",\"@id\":\"https:\/\/kapitalis.com\/tunisie\/2017\/05\/08\/dyslexie-nouveau-projet-musical-de-mahmoud-turki\/#breadcrumb\",\"itemListElement\":[{\"@type\":\"ListItem\",\"position\":1,\"name\":\"Accueil\",\"item\":\"https:\/\/kapitalis.com\/tunisie\/\"},{\"@type\":\"ListItem\",\"position\":2,\"name\":\"\u2018\u2018Dyslexie\u2019\u2019 : Nouveau projet musical de Mahmoud Turki\"}]},{\"@type\":\"WebSite\",\"@id\":\"https:\/\/kapitalis.com\/tunisie\/#website\",\"url\":\"https:\/\/kapitalis.com\/tunisie\/\",\"name\":\"Kapitalis\",\"description\":\"L&#039;actualit\u00e9 en Tunisie et dans le monde\",\"publisher\":{\"@id\":\"https:\/\/kapitalis.com\/tunisie\/#organization\"},\"potentialAction\":[{\"@type\":\"SearchAction\",\"target\":{\"@type\":\"EntryPoint\",\"urlTemplate\":\"https:\/\/kapitalis.com\/tunisie\/?s={search_term_string}\"},\"query-input\":{\"@type\":\"PropertyValueSpecification\",\"valueRequired\":true,\"valueName\":\"search_term_string\"}}],\"inLanguage\":\"fr-FR\"},{\"@type\":\"Organization\",\"@id\":\"https:\/\/kapitalis.com\/tunisie\/#organization\",\"name\":\"Kapitalis\",\"url\":\"https:\/\/kapitalis.com\/tunisie\/\",\"logo\":{\"@type\":\"ImageObject\",\"inLanguage\":\"fr-FR\",\"@id\":\"https:\/\/kapitalis.com\/tunisie\/#\/schema\/logo\/image\/\",\"url\":\"https:\/\/kapitalis.com\/tunisie\/wp-content\/uploads\/2022\/05\/Kapitalis-big-size.png\",\"contentUrl\":\"https:\/\/kapitalis.com\/tunisie\/wp-content\/uploads\/2022\/05\/Kapitalis-big-size.png\",\"width\":5000,\"height\":1500,\"caption\":\"Kapitalis\"},\"image\":{\"@id\":\"https:\/\/kapitalis.com\/tunisie\/#\/schema\/logo\/image\/\"},\"sameAs\":[\"https:\/\/www.facebook.com\/KapitalisInfo\/\",\"https:\/\/x.com\/KapitalisInfo\",\"https:\/\/www.youtube.com\/channel\/UC-yDYrHyfFBWWZaOw3FPg9Q\"]},{\"@type\":\"Person\",\"@id\":\"https:\/\/kapitalis.com\/tunisie\/#\/schema\/person\/d71f33a9ca44f7bad4698210b480c8e9\",\"name\":\"webmaster kapitalis\",\"url\":\"https:\/\/kapitalis.com\/tunisie\/author\/webmaster-kapitalis\/\"}]}<\/script>\n<!-- \/ Yoast SEO plugin. -->","yoast_head_json":{"title":"\u2018\u2018Dyslexie\u2019\u2019 : Nouveau projet musical de Mahmoud Turki - Kapitalis","robots":{"index":"index","follow":"follow","max-snippet":"max-snippet:-1","max-image-preview":"max-image-preview:large","max-video-preview":"max-video-preview:-1"},"canonical":"https:\/\/kapitalis.com\/tunisie\/2017\/05\/08\/dyslexie-nouveau-projet-musical-de-mahmoud-turki\/","og_locale":"fr_FR","og_type":"article","og_title":"\u2018\u2018Dyslexie\u2019\u2019 : Nouveau projet musical de Mahmoud Turki - Kapitalis","og_description":"Le jeune chanteur et compositeur Mahmoud Turki pr\u00e9sente son nouveau projet musical \u2018\u2018Dyslexie\u2019\u2019 \u00e0 la salle Le Rio, le samedi 13 mai \u00e0 19h30.","og_url":"https:\/\/kapitalis.com\/tunisie\/2017\/05\/08\/dyslexie-nouveau-projet-musical-de-mahmoud-turki\/","og_site_name":"Kapitalis","article_publisher":"https:\/\/www.facebook.com\/KapitalisInfo\/","article_published_time":"2017-05-08T14:26:02+00:00","article_modified_time":"2017-05-08T14:27:26+00:00","og_image":[{"width":1200,"height":630,"url":"https:\/\/kapitalis.com\/tunisie\/wp-content\/uploads\/2022\/05\/kapitalis-logo-fb.png","type":"image\/png"}],"author":"webmaster kapitalis","twitter_card":"summary_large_image","twitter_creator":"@KapitalisInfo","twitter_site":"@KapitalisInfo","twitter_misc":{"\u00c9crit par":"webmaster kapitalis","Dur\u00e9e de lecture estim\u00e9e":"1 minute"},"schema":{"@context":"https:\/\/schema.org","@graph":[{"@type":"Article","@id":"https:\/\/kapitalis.com\/tunisie\/2017\/05\/08\/dyslexie-nouveau-projet-musical-de-mahmoud-turki\/#article","isPartOf":{"@id":"https:\/\/kapitalis.com\/tunisie\/2017\/05\/08\/dyslexie-nouveau-projet-musical-de-mahmoud-turki\/"},"author":{"name":"webmaster kapitalis","@id":"https:\/\/kapitalis.com\/tunisie\/#\/schema\/person\/d71f33a9ca44f7bad4698210b480c8e9"},"headline":"\u2018\u2018Dyslexie\u2019\u2019 : Nouveau projet musical de Mahmoud Turki","datePublished":"2017-05-08T14:26:02+00:00","dateModified":"2017-05-08T14:27:26+00:00","mainEntityOfPage":{"@id":"https:\/\/kapitalis.com\/tunisie\/2017\/05\/08\/dyslexie-nouveau-projet-musical-de-mahmoud-turki\/"},"wordCount":235,"commentCount":0,"publisher":{"@id":"https:\/\/kapitalis.com\/tunisie\/#organization"},"image":{"@id":"https:\/\/kapitalis.com\/tunisie\/2017\/05\/08\/dyslexie-nouveau-projet-musical-de-mahmoud-turki\/#primaryimage"},"thumbnailUrl":"","keywords":["JMC","Le Rio","Zouheir Gouja"],"articleSection":["CULTURE","Tunisie"],"inLanguage":"fr-FR","potentialAction":[{"@type":"CommentAction","name":"Comment","target":["https:\/\/kapitalis.com\/tunisie\/2017\/05\/08\/dyslexie-nouveau-projet-musical-de-mahmoud-turki\/#respond"]}]},{"@type":"WebPage","@id":"https:\/\/kapitalis.com\/tunisie\/2017\/05\/08\/dyslexie-nouveau-projet-musical-de-mahmoud-turki\/","url":"https:\/\/kapitalis.com\/tunisie\/2017\/05\/08\/dyslexie-nouveau-projet-musical-de-mahmoud-turki\/","name":"\u2018\u2018Dyslexie\u2019\u2019 : Nouveau projet musical de Mahmoud Turki - Kapitalis","isPartOf":{"@id":"https:\/\/kapitalis.com\/tunisie\/#website"},"primaryImageOfPage":{"@id":"https:\/\/kapitalis.com\/tunisie\/2017\/05\/08\/dyslexie-nouveau-projet-musical-de-mahmoud-turki\/#primaryimage"},"image":{"@id":"https:\/\/kapitalis.com\/tunisie\/2017\/05\/08\/dyslexie-nouveau-projet-musical-de-mahmoud-turki\/#primaryimage"},"thumbnailUrl":"","datePublished":"2017-05-08T14:26:02+00:00","dateModified":"2017-05-08T14:27:26+00:00","breadcrumb":{"@id":"https:\/\/kapitalis.com\/tunisie\/2017\/05\/08\/dyslexie-nouveau-projet-musical-de-mahmoud-turki\/#breadcrumb"},"inLanguage":"fr-FR","potentialAction":[{"@type":"ReadAction","target":["https:\/\/kapitalis.com\/tunisie\/2017\/05\/08\/dyslexie-nouveau-projet-musical-de-mahmoud-turki\/"]}]},{"@type":"ImageObject","inLanguage":"fr-FR","@id":"https:\/\/kapitalis.com\/tunisie\/2017\/05\/08\/dyslexie-nouveau-projet-musical-de-mahmoud-turki\/#primaryimage","url":"","contentUrl":""},{"@type":"BreadcrumbList","@id":"https:\/\/kapitalis.com\/tunisie\/2017\/05\/08\/dyslexie-nouveau-projet-musical-de-mahmoud-turki\/#breadcrumb","itemListElement":[{"@type":"ListItem","position":1,"name":"Accueil","item":"https:\/\/kapitalis.com\/tunisie\/"},{"@type":"ListItem","position":2,"name":"\u2018\u2018Dyslexie\u2019\u2019 : Nouveau projet musical de Mahmoud Turki"}]},{"@type":"WebSite","@id":"https:\/\/kapitalis.com\/tunisie\/#website","url":"https:\/\/kapitalis.com\/tunisie\/","name":"Kapitalis","description":"L&#039;actualit\u00e9 en Tunisie et dans le monde","publisher":{"@id":"https:\/\/kapitalis.com\/tunisie\/#organization"},"potentialAction":[{"@type":"SearchAction","target":{"@type":"EntryPoint","urlTemplate":"https:\/\/kapitalis.com\/tunisie\/?s={search_term_string}"},"query-input":{"@type":"PropertyValueSpecification","valueRequired":true,"valueName":"search_term_string"}}],"inLanguage":"fr-FR"},{"@type":"Organization","@id":"https:\/\/kapitalis.com\/tunisie\/#organization","name":"Kapitalis","url":"https:\/\/kapitalis.com\/tunisie\/","logo":{"@type":"ImageObject","inLanguage":"fr-FR","@id":"https:\/\/kapitalis.com\/tunisie\/#\/schema\/logo\/image\/","url":"https:\/\/kapitalis.com\/tunisie\/wp-content\/uploads\/2022\/05\/Kapitalis-big-size.png","contentUrl":"https:\/\/kapitalis.com\/tunisie\/wp-content\/uploads\/2022\/05\/Kapitalis-big-size.png","width":5000,"height":1500,"caption":"Kapitalis"},"image":{"@id":"https:\/\/kapitalis.com\/tunisie\/#\/schema\/logo\/image\/"},"sameAs":["https:\/\/www.facebook.com\/KapitalisInfo\/","https:\/\/x.com\/KapitalisInfo","https:\/\/www.youtube.com\/channel\/UC-yDYrHyfFBWWZaOw3FPg9Q"]},{"@type":"Person","@id":"https:\/\/kapitalis.com\/tunisie\/#\/schema\/person\/d71f33a9ca44f7bad4698210b480c8e9","name":"webmaster kapitalis","url":"https:\/\/kapitalis.com\/tunisie\/author\/webmaster-kapitalis\/"}]}},"_links":{"self":[{"href":"https:\/\/kapitalis.com\/tunisie\/wp-json\/wp\/v2\/posts\/95200","targetHints":{"allow":["GET"]}}],"collection":[{"href":"https:\/\/kapitalis.com\/tunisie\/wp-json\/wp\/v2\/posts"}],"about":[{"href":"https:\/\/kapitalis.com\/tunisie\/wp-json\/wp\/v2\/types\/post"}],"author":[{"embeddable":true,"href":"https:\/\/kapitalis.com\/tunisie\/wp-json\/wp\/v2\/users\/8"}],"replies":[{"embeddable":true,"href":"https:\/\/kapitalis.com\/tunisie\/wp-json\/wp\/v2\/comments?post=95200"}],"version-history":[{"count":0,"href":"https:\/\/kapitalis.com\/tunisie\/wp-json\/wp\/v2\/posts\/95200\/revisions"}],"wp:featuredmedia":[{"embeddable":true,"href":"https:\/\/kapitalis.com\/tunisie\/wp-json\/wp\/v2\/media\/95201"}],"wp:attachment":[{"href":"https:\/\/kapitalis.com\/tunisie\/wp-json\/wp\/v2\/media?parent=95200"}],"wp:term":[{"taxonomy":"category","embeddable":true,"href":"https:\/\/kapitalis.com\/tunisie\/wp-json\/wp\/v2\/categories?post=95200"},{"taxonomy":"post_tag","embeddable":true,"href":"https:\/\/kapitalis.com\/tunisie\/wp-json\/wp\/v2\/tags?post=95200"}],"curies":[{"name":"wp","href":"https:\/\/api.w.org\/{rel}","templated":true}]}}