{"id":9522522,"date":"2023-08-25T08:41:28","date_gmt":"2023-08-25T07:41:28","guid":{"rendered":"https:\/\/kapitalis.com\/tunisie\/?p=9522522"},"modified":"2023-08-25T08:41:29","modified_gmt":"2023-08-25T07:41:29","slug":"labess-lance-son-programme-dincubation-a-sfax","status":"publish","type":"post","link":"https:\/\/kapitalis.com\/tunisie\/2023\/08\/25\/labess-lance-son-programme-dincubation-a-sfax\/","title":{"rendered":"Lab\u2019ess lance son programme d\u2019incubation \u00e0 Sfax"},"content":{"rendered":"\n<p><strong><em>Lab\u2019ess, l\u2019incubateur tunisien de projets \u00e0 impact social et environnemental, lance un appel \u00e0 candidatures pour s\u00e9lectionner 10 femmes entrepreneures qui rejoindront son programme d\u2019incubation \u00e0 Sfax<\/em><\/strong><\/p>\n\n\n\n<!--more-->\n\n\n\n<p>Lab\u2019ess a annonc\u00e9, le 21 ao\u00fbt 2023, le lancement du 2<sup>e<\/sup> appel \u00e0 candidatures pour le programme \u00abEssentielles\u00bb.<\/p>\n\n\n\n<p>Suite au succ\u00e8s de la 1\u00e8re cohorte cl\u00f4tur\u00e9e le 30 juin, la 2<sup>e<\/sup> session vise \u00e0 s\u00e9lectionner 10 femmes porteuses de projets qui b\u00e9n\u00e9ficieront des avantages de l\u2019incubateur situ\u00e9 \u00e0 Sfax au Centre d\u2019affaires 8-18.<\/p>\n\n\n\n<p>Les candidats peuvent remplir le <a href=\"https:\/\/www.labess.tn\/incubation\/incubation-a-sfax\/\" target=\"_blank\" rel=\"noreferrer noopener\">formulaire disponible sur Labess<\/a> jusqu\u2019au 24 septembre 2023 \u00e0 23h59.<\/p>\n\n\n\n<p>Le programme d\u2019incubation, qui d\u00e9marrera le 16 octobre 2023, accompagnera les femmes entrepreneures dans le d\u00e9veloppement et la consolidation de leurs projets \u00e0 impact \u00e0 travers une offre adapt\u00e9e de formation et d\u2019accompagnement, ainsi qu\u2019un acc\u00e8s au financement.<\/p>\n\n\n\n<p>Il comprend un programme de formation collective, une aide \u00e0 la mobilit\u00e9 et \u00e0 la garde d\u2019enfants, une \u00e9quipe d\u00e9di\u00e9e \u00e0 l\u2019accompagnement des femmes entrepreneures et une mise en r\u00e9seau avec des partenaires compl\u00e9mentaires : des experts.<\/p>\n\n\n\n<p>Il propose \u00e9galement un package de services allant jusqu\u2019\u00e0 4.250 dinars pour accompagner le prototypage ou la mise sur le march\u00e9, un financement sous forme de pr\u00eat pouvant aller jusqu\u2019\u00e0 15.000 dinars, et un suivi post-incubation pour accompagner les incub\u00e9s jusqu\u2019\u00e0 la fin de la p\u00e9riode d\u2019incubation.<\/p>\n\n\n\n<p>Le programme Lab\u2019ess permet de dynamiser des projets tout en gardant \u00e0 l\u2019esprit ce qui compte le plus : l\u2019impact positif sur la soci\u00e9t\u00e9. <\/p>\n\n\n\n<p>Le programme d\u2019incubation s\u2019adresse aux projets qui proposent des solutions innovantes et apportent des r\u00e9ponses viables \u00e0 des besoins sociaux ou environnementaux mal ou insuffisamment satisfaits, contribuant \u00e0 une ville plus durable et inclusive, sous la forme d\u2019une entreprise sociale proposant une solution lanc\u00e9e. sur le march\u00e9, ou du moins un prototype pr\u00eat \u00e0 \u00eatre commercialis\u00e9.<\/p>\n","protected":false},"excerpt":{"rendered":"<p>L\u2019incubateur Lab\u2019ess lance un appel \u00e0 candidatures pour s\u00e9lectionner 10 femmes entrepreneures \u00e0 Sfax. <\/p>\n","protected":false},"author":8,"featured_media":9522745,"comment_status":"open","ping_status":"open","sticky":false,"template":"","format":"standard","meta":{"footnotes":""},"categories":[995,2433],"tags":[81469,63731,10127,823],"class_list":["post-9522522","post","type-post","status-publish","format-standard","has-post-thumbnail","hentry","category-economie","category-tunisie","tag-femmes-entrepreneures","tag-incubateur","tag-labess","tag-sfax"],"yoast_head":"<!-- This site is optimized with the Yoast SEO plugin v26.6 - https:\/\/yoast.com\/wordpress\/plugins\/seo\/ -->\n<title>Lab\u2019ess lance son programme d\u2019incubation \u00e0 Sfax - Kapitalis<\/title>\n<meta name=\"robots\" content=\"index, follow, max-snippet:-1, max-image-preview:large, max-video-preview:-1\" \/>\n<link rel=\"canonical\" href=\"https:\/\/kapitalis.com\/tunisie\/2023\/08\/25\/labess-lance-son-programme-dincubation-a-sfax\/\" \/>\n<meta property=\"og:locale\" content=\"fr_FR\" \/>\n<meta property=\"og:type\" content=\"article\" \/>\n<meta property=\"og:title\" content=\"Lab\u2019ess lance son programme d\u2019incubation \u00e0 Sfax - Kapitalis\" \/>\n<meta property=\"og:description\" content=\"L\u2019incubateur Lab\u2019ess lance un appel \u00e0 candidatures pour s\u00e9lectionner 10 femmes entrepreneures \u00e0 Sfax.\" \/>\n<meta property=\"og:url\" content=\"https:\/\/kapitalis.com\/tunisie\/2023\/08\/25\/labess-lance-son-programme-dincubation-a-sfax\/\" \/>\n<meta property=\"og:site_name\" content=\"Kapitalis\" \/>\n<meta property=\"article:publisher\" content=\"https:\/\/www.facebook.com\/KapitalisInfo\/\" \/>\n<meta property=\"article:published_time\" content=\"2023-08-25T07:41:28+00:00\" \/>\n<meta property=\"article:modified_time\" content=\"2023-08-25T07:41:29+00:00\" \/>\n<meta property=\"og:image\" content=\"https:\/\/kapitalis.com\/tunisie\/wp-content\/uploads\/2023\/08\/Labess.jpg\" \/>\n\t<meta property=\"og:image:width\" content=\"1200\" \/>\n\t<meta property=\"og:image:height\" content=\"630\" \/>\n\t<meta property=\"og:image:type\" content=\"image\/jpeg\" \/>\n<meta name=\"author\" content=\"webmaster kapitalis\" \/>\n<meta name=\"twitter:card\" content=\"summary_large_image\" \/>\n<meta name=\"twitter:creator\" content=\"@KapitalisInfo\" \/>\n<meta name=\"twitter:site\" content=\"@KapitalisInfo\" \/>\n<meta name=\"twitter:label1\" content=\"\u00c9crit par\" \/>\n\t<meta name=\"twitter:data1\" content=\"webmaster kapitalis\" \/>\n\t<meta name=\"twitter:label2\" content=\"Dur\u00e9e de lecture estim\u00e9e\" \/>\n\t<meta name=\"twitter:data2\" content=\"2 minutes\" \/>\n<script type=\"application\/ld+json\" class=\"yoast-schema-graph\">{\"@context\":\"https:\/\/schema.org\",\"@graph\":[{\"@type\":\"Article\",\"@id\":\"https:\/\/kapitalis.com\/tunisie\/2023\/08\/25\/labess-lance-son-programme-dincubation-a-sfax\/#article\",\"isPartOf\":{\"@id\":\"https:\/\/kapitalis.com\/tunisie\/2023\/08\/25\/labess-lance-son-programme-dincubation-a-sfax\/\"},\"author\":{\"name\":\"webmaster kapitalis\",\"@id\":\"https:\/\/kapitalis.com\/tunisie\/#\/schema\/person\/d71f33a9ca44f7bad4698210b480c8e9\"},\"headline\":\"Lab\u2019ess lance son programme d\u2019incubation \u00e0 Sfax\",\"datePublished\":\"2023-08-25T07:41:28+00:00\",\"dateModified\":\"2023-08-25T07:41:29+00:00\",\"mainEntityOfPage\":{\"@id\":\"https:\/\/kapitalis.com\/tunisie\/2023\/08\/25\/labess-lance-son-programme-dincubation-a-sfax\/\"},\"wordCount\":318,\"commentCount\":0,\"publisher\":{\"@id\":\"https:\/\/kapitalis.com\/tunisie\/#organization\"},\"image\":{\"@id\":\"https:\/\/kapitalis.com\/tunisie\/2023\/08\/25\/labess-lance-son-programme-dincubation-a-sfax\/#primaryimage\"},\"thumbnailUrl\":\"https:\/\/kapitalis.com\/tunisie\/wp-content\/uploads\/2023\/08\/Labess.jpg\",\"keywords\":[\"femmes entrepreneures\",\"incubateur\",\"LAB\u2019ESS\",\"Sfax\"],\"articleSection\":[\"ECONOMIE\",\"Tunisie\"],\"inLanguage\":\"fr-FR\",\"potentialAction\":[{\"@type\":\"CommentAction\",\"name\":\"Comment\",\"target\":[\"https:\/\/kapitalis.com\/tunisie\/2023\/08\/25\/labess-lance-son-programme-dincubation-a-sfax\/#respond\"]}]},{\"@type\":\"WebPage\",\"@id\":\"https:\/\/kapitalis.com\/tunisie\/2023\/08\/25\/labess-lance-son-programme-dincubation-a-sfax\/\",\"url\":\"https:\/\/kapitalis.com\/tunisie\/2023\/08\/25\/labess-lance-son-programme-dincubation-a-sfax\/\",\"name\":\"Lab\u2019ess lance son programme d\u2019incubation \u00e0 Sfax - Kapitalis\",\"isPartOf\":{\"@id\":\"https:\/\/kapitalis.com\/tunisie\/#website\"},\"primaryImageOfPage\":{\"@id\":\"https:\/\/kapitalis.com\/tunisie\/2023\/08\/25\/labess-lance-son-programme-dincubation-a-sfax\/#primaryimage\"},\"image\":{\"@id\":\"https:\/\/kapitalis.com\/tunisie\/2023\/08\/25\/labess-lance-son-programme-dincubation-a-sfax\/#primaryimage\"},\"thumbnailUrl\":\"https:\/\/kapitalis.com\/tunisie\/wp-content\/uploads\/2023\/08\/Labess.jpg\",\"datePublished\":\"2023-08-25T07:41:28+00:00\",\"dateModified\":\"2023-08-25T07:41:29+00:00\",\"breadcrumb\":{\"@id\":\"https:\/\/kapitalis.com\/tunisie\/2023\/08\/25\/labess-lance-son-programme-dincubation-a-sfax\/#breadcrumb\"},\"inLanguage\":\"fr-FR\",\"potentialAction\":[{\"@type\":\"ReadAction\",\"target\":[\"https:\/\/kapitalis.com\/tunisie\/2023\/08\/25\/labess-lance-son-programme-dincubation-a-sfax\/\"]}]},{\"@type\":\"ImageObject\",\"inLanguage\":\"fr-FR\",\"@id\":\"https:\/\/kapitalis.com\/tunisie\/2023\/08\/25\/labess-lance-son-programme-dincubation-a-sfax\/#primaryimage\",\"url\":\"https:\/\/kapitalis.com\/tunisie\/wp-content\/uploads\/2023\/08\/Labess.jpg\",\"contentUrl\":\"https:\/\/kapitalis.com\/tunisie\/wp-content\/uploads\/2023\/08\/Labess.jpg\",\"width\":1200,\"height\":630},{\"@type\":\"BreadcrumbList\",\"@id\":\"https:\/\/kapitalis.com\/tunisie\/2023\/08\/25\/labess-lance-son-programme-dincubation-a-sfax\/#breadcrumb\",\"itemListElement\":[{\"@type\":\"ListItem\",\"position\":1,\"name\":\"Accueil\",\"item\":\"https:\/\/kapitalis.com\/tunisie\/\"},{\"@type\":\"ListItem\",\"position\":2,\"name\":\"Lab\u2019ess lance son programme d\u2019incubation \u00e0 Sfax\"}]},{\"@type\":\"WebSite\",\"@id\":\"https:\/\/kapitalis.com\/tunisie\/#website\",\"url\":\"https:\/\/kapitalis.com\/tunisie\/\",\"name\":\"Kapitalis\",\"description\":\"L&#039;actualit\u00e9 en Tunisie et dans le monde\",\"publisher\":{\"@id\":\"https:\/\/kapitalis.com\/tunisie\/#organization\"},\"potentialAction\":[{\"@type\":\"SearchAction\",\"target\":{\"@type\":\"EntryPoint\",\"urlTemplate\":\"https:\/\/kapitalis.com\/tunisie\/?s={search_term_string}\"},\"query-input\":{\"@type\":\"PropertyValueSpecification\",\"valueRequired\":true,\"valueName\":\"search_term_string\"}}],\"inLanguage\":\"fr-FR\"},{\"@type\":\"Organization\",\"@id\":\"https:\/\/kapitalis.com\/tunisie\/#organization\",\"name\":\"Kapitalis\",\"url\":\"https:\/\/kapitalis.com\/tunisie\/\",\"logo\":{\"@type\":\"ImageObject\",\"inLanguage\":\"fr-FR\",\"@id\":\"https:\/\/kapitalis.com\/tunisie\/#\/schema\/logo\/image\/\",\"url\":\"https:\/\/kapitalis.com\/tunisie\/wp-content\/uploads\/2022\/05\/Kapitalis-big-size.png\",\"contentUrl\":\"https:\/\/kapitalis.com\/tunisie\/wp-content\/uploads\/2022\/05\/Kapitalis-big-size.png\",\"width\":5000,\"height\":1500,\"caption\":\"Kapitalis\"},\"image\":{\"@id\":\"https:\/\/kapitalis.com\/tunisie\/#\/schema\/logo\/image\/\"},\"sameAs\":[\"https:\/\/www.facebook.com\/KapitalisInfo\/\",\"https:\/\/x.com\/KapitalisInfo\",\"https:\/\/www.youtube.com\/channel\/UC-yDYrHyfFBWWZaOw3FPg9Q\"]},{\"@type\":\"Person\",\"@id\":\"https:\/\/kapitalis.com\/tunisie\/#\/schema\/person\/d71f33a9ca44f7bad4698210b480c8e9\",\"name\":\"webmaster kapitalis\",\"url\":\"https:\/\/kapitalis.com\/tunisie\/author\/webmaster-kapitalis\/\"}]}<\/script>\n<!-- \/ Yoast SEO plugin. -->","yoast_head_json":{"title":"Lab\u2019ess lance son programme d\u2019incubation \u00e0 Sfax - Kapitalis","robots":{"index":"index","follow":"follow","max-snippet":"max-snippet:-1","max-image-preview":"max-image-preview:large","max-video-preview":"max-video-preview:-1"},"canonical":"https:\/\/kapitalis.com\/tunisie\/2023\/08\/25\/labess-lance-son-programme-dincubation-a-sfax\/","og_locale":"fr_FR","og_type":"article","og_title":"Lab\u2019ess lance son programme d\u2019incubation \u00e0 Sfax - Kapitalis","og_description":"L\u2019incubateur Lab\u2019ess lance un appel \u00e0 candidatures pour s\u00e9lectionner 10 femmes entrepreneures \u00e0 Sfax.","og_url":"https:\/\/kapitalis.com\/tunisie\/2023\/08\/25\/labess-lance-son-programme-dincubation-a-sfax\/","og_site_name":"Kapitalis","article_publisher":"https:\/\/www.facebook.com\/KapitalisInfo\/","article_published_time":"2023-08-25T07:41:28+00:00","article_modified_time":"2023-08-25T07:41:29+00:00","og_image":[{"width":1200,"height":630,"url":"https:\/\/kapitalis.com\/tunisie\/wp-content\/uploads\/2023\/08\/Labess.jpg","type":"image\/jpeg"}],"author":"webmaster kapitalis","twitter_card":"summary_large_image","twitter_creator":"@KapitalisInfo","twitter_site":"@KapitalisInfo","twitter_misc":{"\u00c9crit par":"webmaster kapitalis","Dur\u00e9e de lecture estim\u00e9e":"2 minutes"},"schema":{"@context":"https:\/\/schema.org","@graph":[{"@type":"Article","@id":"https:\/\/kapitalis.com\/tunisie\/2023\/08\/25\/labess-lance-son-programme-dincubation-a-sfax\/#article","isPartOf":{"@id":"https:\/\/kapitalis.com\/tunisie\/2023\/08\/25\/labess-lance-son-programme-dincubation-a-sfax\/"},"author":{"name":"webmaster kapitalis","@id":"https:\/\/kapitalis.com\/tunisie\/#\/schema\/person\/d71f33a9ca44f7bad4698210b480c8e9"},"headline":"Lab\u2019ess lance son programme d\u2019incubation \u00e0 Sfax","datePublished":"2023-08-25T07:41:28+00:00","dateModified":"2023-08-25T07:41:29+00:00","mainEntityOfPage":{"@id":"https:\/\/kapitalis.com\/tunisie\/2023\/08\/25\/labess-lance-son-programme-dincubation-a-sfax\/"},"wordCount":318,"commentCount":0,"publisher":{"@id":"https:\/\/kapitalis.com\/tunisie\/#organization"},"image":{"@id":"https:\/\/kapitalis.com\/tunisie\/2023\/08\/25\/labess-lance-son-programme-dincubation-a-sfax\/#primaryimage"},"thumbnailUrl":"https:\/\/kapitalis.com\/tunisie\/wp-content\/uploads\/2023\/08\/Labess.jpg","keywords":["femmes entrepreneures","incubateur","LAB\u2019ESS","Sfax"],"articleSection":["ECONOMIE","Tunisie"],"inLanguage":"fr-FR","potentialAction":[{"@type":"CommentAction","name":"Comment","target":["https:\/\/kapitalis.com\/tunisie\/2023\/08\/25\/labess-lance-son-programme-dincubation-a-sfax\/#respond"]}]},{"@type":"WebPage","@id":"https:\/\/kapitalis.com\/tunisie\/2023\/08\/25\/labess-lance-son-programme-dincubation-a-sfax\/","url":"https:\/\/kapitalis.com\/tunisie\/2023\/08\/25\/labess-lance-son-programme-dincubation-a-sfax\/","name":"Lab\u2019ess lance son programme d\u2019incubation \u00e0 Sfax - Kapitalis","isPartOf":{"@id":"https:\/\/kapitalis.com\/tunisie\/#website"},"primaryImageOfPage":{"@id":"https:\/\/kapitalis.com\/tunisie\/2023\/08\/25\/labess-lance-son-programme-dincubation-a-sfax\/#primaryimage"},"image":{"@id":"https:\/\/kapitalis.com\/tunisie\/2023\/08\/25\/labess-lance-son-programme-dincubation-a-sfax\/#primaryimage"},"thumbnailUrl":"https:\/\/kapitalis.com\/tunisie\/wp-content\/uploads\/2023\/08\/Labess.jpg","datePublished":"2023-08-25T07:41:28+00:00","dateModified":"2023-08-25T07:41:29+00:00","breadcrumb":{"@id":"https:\/\/kapitalis.com\/tunisie\/2023\/08\/25\/labess-lance-son-programme-dincubation-a-sfax\/#breadcrumb"},"inLanguage":"fr-FR","potentialAction":[{"@type":"ReadAction","target":["https:\/\/kapitalis.com\/tunisie\/2023\/08\/25\/labess-lance-son-programme-dincubation-a-sfax\/"]}]},{"@type":"ImageObject","inLanguage":"fr-FR","@id":"https:\/\/kapitalis.com\/tunisie\/2023\/08\/25\/labess-lance-son-programme-dincubation-a-sfax\/#primaryimage","url":"https:\/\/kapitalis.com\/tunisie\/wp-content\/uploads\/2023\/08\/Labess.jpg","contentUrl":"https:\/\/kapitalis.com\/tunisie\/wp-content\/uploads\/2023\/08\/Labess.jpg","width":1200,"height":630},{"@type":"BreadcrumbList","@id":"https:\/\/kapitalis.com\/tunisie\/2023\/08\/25\/labess-lance-son-programme-dincubation-a-sfax\/#breadcrumb","itemListElement":[{"@type":"ListItem","position":1,"name":"Accueil","item":"https:\/\/kapitalis.com\/tunisie\/"},{"@type":"ListItem","position":2,"name":"Lab\u2019ess lance son programme d\u2019incubation \u00e0 Sfax"}]},{"@type":"WebSite","@id":"https:\/\/kapitalis.com\/tunisie\/#website","url":"https:\/\/kapitalis.com\/tunisie\/","name":"Kapitalis","description":"L&#039;actualit\u00e9 en Tunisie et dans le monde","publisher":{"@id":"https:\/\/kapitalis.com\/tunisie\/#organization"},"potentialAction":[{"@type":"SearchAction","target":{"@type":"EntryPoint","urlTemplate":"https:\/\/kapitalis.com\/tunisie\/?s={search_term_string}"},"query-input":{"@type":"PropertyValueSpecification","valueRequired":true,"valueName":"search_term_string"}}],"inLanguage":"fr-FR"},{"@type":"Organization","@id":"https:\/\/kapitalis.com\/tunisie\/#organization","name":"Kapitalis","url":"https:\/\/kapitalis.com\/tunisie\/","logo":{"@type":"ImageObject","inLanguage":"fr-FR","@id":"https:\/\/kapitalis.com\/tunisie\/#\/schema\/logo\/image\/","url":"https:\/\/kapitalis.com\/tunisie\/wp-content\/uploads\/2022\/05\/Kapitalis-big-size.png","contentUrl":"https:\/\/kapitalis.com\/tunisie\/wp-content\/uploads\/2022\/05\/Kapitalis-big-size.png","width":5000,"height":1500,"caption":"Kapitalis"},"image":{"@id":"https:\/\/kapitalis.com\/tunisie\/#\/schema\/logo\/image\/"},"sameAs":["https:\/\/www.facebook.com\/KapitalisInfo\/","https:\/\/x.com\/KapitalisInfo","https:\/\/www.youtube.com\/channel\/UC-yDYrHyfFBWWZaOw3FPg9Q"]},{"@type":"Person","@id":"https:\/\/kapitalis.com\/tunisie\/#\/schema\/person\/d71f33a9ca44f7bad4698210b480c8e9","name":"webmaster kapitalis","url":"https:\/\/kapitalis.com\/tunisie\/author\/webmaster-kapitalis\/"}]}},"_links":{"self":[{"href":"https:\/\/kapitalis.com\/tunisie\/wp-json\/wp\/v2\/posts\/9522522","targetHints":{"allow":["GET"]}}],"collection":[{"href":"https:\/\/kapitalis.com\/tunisie\/wp-json\/wp\/v2\/posts"}],"about":[{"href":"https:\/\/kapitalis.com\/tunisie\/wp-json\/wp\/v2\/types\/post"}],"author":[{"embeddable":true,"href":"https:\/\/kapitalis.com\/tunisie\/wp-json\/wp\/v2\/users\/8"}],"replies":[{"embeddable":true,"href":"https:\/\/kapitalis.com\/tunisie\/wp-json\/wp\/v2\/comments?post=9522522"}],"version-history":[{"count":1,"href":"https:\/\/kapitalis.com\/tunisie\/wp-json\/wp\/v2\/posts\/9522522\/revisions"}],"predecessor-version":[{"id":9522758,"href":"https:\/\/kapitalis.com\/tunisie\/wp-json\/wp\/v2\/posts\/9522522\/revisions\/9522758"}],"wp:featuredmedia":[{"embeddable":true,"href":"https:\/\/kapitalis.com\/tunisie\/wp-json\/wp\/v2\/media\/9522745"}],"wp:attachment":[{"href":"https:\/\/kapitalis.com\/tunisie\/wp-json\/wp\/v2\/media?parent=9522522"}],"wp:term":[{"taxonomy":"category","embeddable":true,"href":"https:\/\/kapitalis.com\/tunisie\/wp-json\/wp\/v2\/categories?post=9522522"},{"taxonomy":"post_tag","embeddable":true,"href":"https:\/\/kapitalis.com\/tunisie\/wp-json\/wp\/v2\/tags?post=9522522"}],"curies":[{"name":"wp","href":"https:\/\/api.w.org\/{rel}","templated":true}]}}