{"id":9523679,"date":"2023-08-25T10:11:10","date_gmt":"2023-08-25T09:11:10","guid":{"rendered":"https:\/\/kapitalis.com\/tunisie\/?p=9523679"},"modified":"2023-08-25T10:18:41","modified_gmt":"2023-08-25T09:18:41","slug":"lalgerie-et-les-brics-les-dessous-dun-camouflet-diplomatique","status":"publish","type":"post","link":"https:\/\/kapitalis.com\/tunisie\/2023\/08\/25\/lalgerie-et-les-brics-les-dessous-dun-camouflet-diplomatique\/","title":{"rendered":"L\u2019Alg\u00e9rie et les Brics\u00a0: les dessous d&rsquo;un camouflet diplomatique"},"content":{"rendered":"\n<p><strong><em>L\u2019Alg\u00e9rie, qui entretient des relations tr\u00e8s \u00e9troites avec la Chine et la Russie, s\u2019y voyait d\u00e9j\u00e0, ou presque. Mais sa candidature \u00e0 l\u2019adh\u00e9sion au groupe des Brics <strong><em>(Br\u00e9sil, Russie, Inde, Chine, Afrique du Sud)<\/em><\/strong><\/em><\/strong> <strong><em>n\u2019a pas \u00e9t\u00e9 retenue. D\u00e9ception et incompr\u00e9hension \u00e0 Alger qui aurait pu, s\u2019il avait fait une bonne analyse, \u00e9viter ce qui ressemble \u00e0 un camouflet.<\/em><\/strong><\/p>\n\n\n\n<p>Par <strong>Imed Bahri<\/strong><\/p>\n\n\n\n<!--more-->\n\n\n\n<p>En effet, le rejet de la candidature alg\u00e9rienne \u00e9tait attendu, sauf par l\u2019Alg\u00e9rie qui a visiblement pr\u00e9sum\u00e9 de ses capacit\u00e9s et de ses chances. S\u2019il \u00e9tait mieux conseill\u00e9, le pr\u00e9sident Abdelmadjid Tebboune aurait \u00e9vit\u00e9 de faire de l\u2019adh\u00e9sion de son pays aux Brics une priorit\u00e9. En d\u00e9cembre 2022, il d\u00e9clarait aux m\u00e9dias locaux que <em>\u00abl\u2019ann\u00e9e 2023 sera couronn\u00e9e par l\u2019adh\u00e9sion de l\u2019Alg\u00e9rie aux Brics\u00bb<\/em>. Il avait aussi fait le forcing aupr\u00e8s de certains pays membres afin qu\u2019ils plaident en faveur de l\u2019entr\u00e9e de son pays dans ce club. Cela avait notamment \u00e9t\u00e9 le cas lors de ses r\u00e9centes visites en Russie, en juin, et en Chine, en juillet, dont il avait re\u00e7u les soutiens respectifs. Mais cela n\u2019\u00e9tait visiblement pas suffisant\u2026 <\/p>\n\n\n\n<p>Ces pays avait convenu de crit\u00e8res pr\u00e9cis pour l&rsquo;adh\u00e9sion au groupe, qui sont essentiellement \u00e9conomiques, et rien ne permettait de supposer qu&rsquo;ils \u00e9taient pr\u00eats \u00e0 les transgresser pour des consid\u00e9rations politiciennes. <\/p>\n\n\n\n<p>Aussi, et en apprenant, peu de temps avant l\u2019ouverture du sommet de Johannesburg, que son pays n\u2019allait pas avoir l&rsquo;honneur de l&rsquo;adh\u00e9sion aux Brics, le pr\u00e9sident Tebboune a-t-il d\u00e9cid\u00e9 de ne pas faire le d\u00e9placement lui-m\u00eame en Afrique du Sud et d\u2019y d\u00e9p\u00eacher son ministre des Finances.<\/p>\n\n\n\n<h2 class=\"wp-block-heading\">Une \u00e9conomie de rente peu diversifi\u00e9e<\/h2>\n\n\n\n<p>Les pays dont la candidature a \u00e9t\u00e9 retenue et qui vont \u00eatre membre de ce groupement mondial \u00e0 compter du 1er janvier 2024, \u00e0 savoir l\u2019Iran, l\u2019Argentine, l\u2019\u00c9gypte, l\u2019\u00c9thiopie, l\u2019Arabie saoudite et les \u00c9mirats arabes unis ont un certain poids \u00e0 la fois d\u00e9mographique, strat\u00e9gique et \u00e9conomique. Ils ont aussi une \u00e9conomie assez diversifi\u00e9e et qui p\u00e8se sur les plans r\u00e9gional et mondial. Ce qui n\u2019est pas le cas de l\u2019Alg\u00e9rie dont l\u2019\u00e9conomie, malgr\u00e9 les efforts de diversification de ces derni\u00e8res ann\u00e9es, reste trop d\u00e9pendante de la production du p\u00e9trole et du gaz.<\/p>\n\n\n\n<p>A d\u00e9faut d\u2019un <em>\u00abmiracle \u00e9conomique\u00bb<\/em>, l\u2019Alg\u00e9rie a r\u00eav\u00e9 d\u2019un <em>\u00abmiracle diplomatique\u00bb<\/em> qui n\u2019eut finalement pas lieu,\u00a0dans un monde nouveau o\u00f9 les affinit\u00e9s id\u00e9ologiques &#8211; sur lesquelles nos voisins alg\u00e9riens ont exclusivement mis\u00e9 &#8211; ont moins d\u2019importance que les int\u00e9r\u00eats \u00e9conomiques ? C\u2019est l\u00e0 la seconde le\u00e7on \u00e0 tirer de ce camouflet\u00a0: aux yeux des Russes et des Chinois, les Emirats arabes unis et l\u2019Arabie saoudite, alli\u00e9s historiques des Etats-Unis et du bloc occidental, ont plus de poids strat\u00e9gique que l\u2019Alg\u00e9rie.<\/p>\n\n\n\n<h2 class=\"wp-block-heading\">La Tunisie pr\u00e9f\u00e8re temporiser<\/h2>\n\n\n\n<p>Dans ce contexte, et contrairement \u00e0 l\u2019Alg\u00e9rie, la Tunisie a fait une bonne analyse de ses moyens et de ses chances. Aussi s\u2019est-elle gard\u00e9e de pr\u00e9senter sa candidature pour l\u2019adh\u00e9sion \u00e0 un groupe qui ne peut pas lui apporter grand-chose pour le moment, le pays \u00e9tant fortement arrim\u00e9 au bloc occidental, repr\u00e9sentant pr\u00e8s de 80% de ses \u00e9changes ext\u00e9rieurs. <\/p>\n\n\n\n<p>Samir Sa\u00efed, ministre de l\u2019Economie et de la Planification, avait d&rsquo;ailleurs d\u00e9clar\u00e9, lors d\u2019une pl\u00e9ni\u00e8re \u00e0 l\u2019Assembl\u00e9e, le 29 juillet dernier, que le volume de l\u2019\u00e9conomie tunisienne ne lui permettait pas de rejoindre les Brics. <em>\u00abNous devons \u00eatre r\u00e9alistes \u00e9tant donn\u00e9 que le volume des \u00e9changes commerciaux avec ces pays<\/em> (des Brics, Ndlr) <em>est relativement modeste\u00bb<\/em>, a soulign\u00e9, de son c\u00f4t\u00e9, l\u2019Observatoire tunisien de l\u2019\u00e9conomie (OTE) dans une <a href=\"http:\/\/www.economie-tunisie.org\/fr\/L_Afrique_du_Nord_et_les_BRICS\" target=\"_blank\" rel=\"noreferrer noopener\">note<\/a> publi\u00e9e \u00e0 l\u2019occasion du 15e sommet des pays membres \u00e0 Johannesburg, intitul\u00e9e\u00a0<em>\u00abL\u2019Afrique du Nord et les Brics\u00bb<\/em>.<\/p>\n\n\n\n<figure class=\"wp-block-embed is-type-wp-embed is-provider-kapitalis wp-block-embed-kapitalis\"><div class=\"wp-block-embed__wrapper\">\n<blockquote class=\"wp-embedded-content\" data-secret=\"yIC8x98EjI\"><a href=\"https:\/\/kapitalis.com\/tunisie\/2023\/08\/23\/la-tunisie-au-sommet-des-brics-pour-quoi-faire\/\">La Tunisie au sommet des Brics pour quoi faire\u00a0?<\/a><\/blockquote><iframe loading=\"lazy\" class=\"wp-embedded-content\" sandbox=\"allow-scripts\" security=\"restricted\" style=\"position: absolute; clip: rect(1px, 1px, 1px, 1px);\" title=\"\u00ab\u00a0La Tunisie au sommet des Brics pour quoi faire\u00a0?\u00a0\u00bb &#8212; Kapitalis\" src=\"https:\/\/kapitalis.com\/tunisie\/2023\/08\/23\/la-tunisie-au-sommet-des-brics-pour-quoi-faire\/embed\/#?secret=74bO21hacu#?secret=yIC8x98EjI\" data-secret=\"yIC8x98EjI\" width=\"600\" height=\"338\" frameborder=\"0\" marginwidth=\"0\" marginheight=\"0\" scrolling=\"no\"><\/iframe>\n<\/div><\/figure>\n","protected":false},"excerpt":{"rendered":"<p>D\u00e9ception et incompr\u00e9hension en Alg\u00e9rie dont la demande d&rsquo;adh\u00e9sion aux Brics n&rsquo;a pas \u00e9t\u00e9 accept\u00e9e. <\/p>\n","protected":false},"author":8,"featured_media":9523968,"comment_status":"open","ping_status":"open","sticky":false,"template":"","format":"standard","meta":{"footnotes":""},"categories":[992,997,2433],"tags":[70720,4970,64,98633,3016,796,82730],"class_list":["post-9523679","post","type-post","status-publish","format-standard","has-post-thumbnail","hentry","category-a-la-une","category-politique","category-tunisie","tag-abdelmadjid-tebboune","tag-afrique-du-sud","tag-algerie","tag-brics","tag-chine","tag-russie","tag-samir-saied-2"],"yoast_head":"<!-- This site is optimized with the Yoast SEO plugin v26.6 - https:\/\/yoast.com\/wordpress\/plugins\/seo\/ -->\n<title>L\u2019Alg\u00e9rie et les Brics\u00a0: les dessous d&#039;un camouflet diplomatique - Kapitalis<\/title>\n<meta name=\"robots\" content=\"index, follow, max-snippet:-1, max-image-preview:large, max-video-preview:-1\" \/>\n<link rel=\"canonical\" href=\"https:\/\/kapitalis.com\/tunisie\/2023\/08\/25\/lalgerie-et-les-brics-les-dessous-dun-camouflet-diplomatique\/\" \/>\n<meta property=\"og:locale\" content=\"fr_FR\" \/>\n<meta property=\"og:type\" content=\"article\" \/>\n<meta property=\"og:title\" content=\"L\u2019Alg\u00e9rie et les Brics\u00a0: les dessous d&#039;un camouflet diplomatique - Kapitalis\" \/>\n<meta property=\"og:description\" content=\"D\u00e9ception et incompr\u00e9hension en Alg\u00e9rie dont la demande d&#039;adh\u00e9sion aux Brics n&#039;a pas \u00e9t\u00e9 accept\u00e9e.\" \/>\n<meta property=\"og:url\" content=\"https:\/\/kapitalis.com\/tunisie\/2023\/08\/25\/lalgerie-et-les-brics-les-dessous-dun-camouflet-diplomatique\/\" \/>\n<meta property=\"og:site_name\" content=\"Kapitalis\" \/>\n<meta property=\"article:publisher\" content=\"https:\/\/www.facebook.com\/KapitalisInfo\/\" \/>\n<meta property=\"article:published_time\" content=\"2023-08-25T09:11:10+00:00\" \/>\n<meta property=\"article:modified_time\" content=\"2023-08-25T09:18:41+00:00\" \/>\n<meta property=\"og:image\" content=\"https:\/\/kapitalis.com\/tunisie\/wp-content\/uploads\/2023\/08\/Algerie-Maroc.jpg\" \/>\n\t<meta property=\"og:image:width\" content=\"1200\" \/>\n\t<meta property=\"og:image:height\" content=\"630\" \/>\n\t<meta property=\"og:image:type\" content=\"image\/jpeg\" \/>\n<meta name=\"author\" content=\"webmaster kapitalis\" \/>\n<meta name=\"twitter:card\" content=\"summary_large_image\" \/>\n<meta name=\"twitter:creator\" content=\"@KapitalisInfo\" \/>\n<meta name=\"twitter:site\" content=\"@KapitalisInfo\" \/>\n<meta name=\"twitter:label1\" content=\"\u00c9crit par\" \/>\n\t<meta name=\"twitter:data1\" content=\"webmaster kapitalis\" \/>\n\t<meta name=\"twitter:label2\" content=\"Dur\u00e9e de lecture estim\u00e9e\" \/>\n\t<meta name=\"twitter:data2\" content=\"4 minutes\" \/>\n<script type=\"application\/ld+json\" class=\"yoast-schema-graph\">{\"@context\":\"https:\/\/schema.org\",\"@graph\":[{\"@type\":\"Article\",\"@id\":\"https:\/\/kapitalis.com\/tunisie\/2023\/08\/25\/lalgerie-et-les-brics-les-dessous-dun-camouflet-diplomatique\/#article\",\"isPartOf\":{\"@id\":\"https:\/\/kapitalis.com\/tunisie\/2023\/08\/25\/lalgerie-et-les-brics-les-dessous-dun-camouflet-diplomatique\/\"},\"author\":{\"name\":\"webmaster kapitalis\",\"@id\":\"https:\/\/kapitalis.com\/tunisie\/#\/schema\/person\/d71f33a9ca44f7bad4698210b480c8e9\"},\"headline\":\"L\u2019Alg\u00e9rie et les Brics\u00a0: les dessous d&rsquo;un camouflet diplomatique\",\"datePublished\":\"2023-08-25T09:11:10+00:00\",\"dateModified\":\"2023-08-25T09:18:41+00:00\",\"mainEntityOfPage\":{\"@id\":\"https:\/\/kapitalis.com\/tunisie\/2023\/08\/25\/lalgerie-et-les-brics-les-dessous-dun-camouflet-diplomatique\/\"},\"wordCount\":709,\"commentCount\":21,\"publisher\":{\"@id\":\"https:\/\/kapitalis.com\/tunisie\/#organization\"},\"image\":{\"@id\":\"https:\/\/kapitalis.com\/tunisie\/2023\/08\/25\/lalgerie-et-les-brics-les-dessous-dun-camouflet-diplomatique\/#primaryimage\"},\"thumbnailUrl\":\"https:\/\/kapitalis.com\/tunisie\/wp-content\/uploads\/2023\/08\/Algerie-Maroc.jpg\",\"keywords\":[\"Abdelmadjid Tebboune\",\"Afrique du Sud\",\"Alg\u00e9rie\",\"Brics\",\"Chine\",\"Russie\",\"Samir Sa\u00efed\"],\"articleSection\":[\"A LA UNE\",\"POLITIQUE\",\"Tunisie\"],\"inLanguage\":\"fr-FR\",\"potentialAction\":[{\"@type\":\"CommentAction\",\"name\":\"Comment\",\"target\":[\"https:\/\/kapitalis.com\/tunisie\/2023\/08\/25\/lalgerie-et-les-brics-les-dessous-dun-camouflet-diplomatique\/#respond\"]}]},{\"@type\":\"WebPage\",\"@id\":\"https:\/\/kapitalis.com\/tunisie\/2023\/08\/25\/lalgerie-et-les-brics-les-dessous-dun-camouflet-diplomatique\/\",\"url\":\"https:\/\/kapitalis.com\/tunisie\/2023\/08\/25\/lalgerie-et-les-brics-les-dessous-dun-camouflet-diplomatique\/\",\"name\":\"L\u2019Alg\u00e9rie et les Brics\u00a0: les dessous d'un camouflet diplomatique - Kapitalis\",\"isPartOf\":{\"@id\":\"https:\/\/kapitalis.com\/tunisie\/#website\"},\"primaryImageOfPage\":{\"@id\":\"https:\/\/kapitalis.com\/tunisie\/2023\/08\/25\/lalgerie-et-les-brics-les-dessous-dun-camouflet-diplomatique\/#primaryimage\"},\"image\":{\"@id\":\"https:\/\/kapitalis.com\/tunisie\/2023\/08\/25\/lalgerie-et-les-brics-les-dessous-dun-camouflet-diplomatique\/#primaryimage\"},\"thumbnailUrl\":\"https:\/\/kapitalis.com\/tunisie\/wp-content\/uploads\/2023\/08\/Algerie-Maroc.jpg\",\"datePublished\":\"2023-08-25T09:11:10+00:00\",\"dateModified\":\"2023-08-25T09:18:41+00:00\",\"breadcrumb\":{\"@id\":\"https:\/\/kapitalis.com\/tunisie\/2023\/08\/25\/lalgerie-et-les-brics-les-dessous-dun-camouflet-diplomatique\/#breadcrumb\"},\"inLanguage\":\"fr-FR\",\"potentialAction\":[{\"@type\":\"ReadAction\",\"target\":[\"https:\/\/kapitalis.com\/tunisie\/2023\/08\/25\/lalgerie-et-les-brics-les-dessous-dun-camouflet-diplomatique\/\"]}]},{\"@type\":\"ImageObject\",\"inLanguage\":\"fr-FR\",\"@id\":\"https:\/\/kapitalis.com\/tunisie\/2023\/08\/25\/lalgerie-et-les-brics-les-dessous-dun-camouflet-diplomatique\/#primaryimage\",\"url\":\"https:\/\/kapitalis.com\/tunisie\/wp-content\/uploads\/2023\/08\/Algerie-Maroc.jpg\",\"contentUrl\":\"https:\/\/kapitalis.com\/tunisie\/wp-content\/uploads\/2023\/08\/Algerie-Maroc.jpg\",\"width\":1200,\"height\":630},{\"@type\":\"BreadcrumbList\",\"@id\":\"https:\/\/kapitalis.com\/tunisie\/2023\/08\/25\/lalgerie-et-les-brics-les-dessous-dun-camouflet-diplomatique\/#breadcrumb\",\"itemListElement\":[{\"@type\":\"ListItem\",\"position\":1,\"name\":\"Accueil\",\"item\":\"https:\/\/kapitalis.com\/tunisie\/\"},{\"@type\":\"ListItem\",\"position\":2,\"name\":\"L\u2019Alg\u00e9rie et les Brics\u00a0: les dessous d&rsquo;un camouflet diplomatique\"}]},{\"@type\":\"WebSite\",\"@id\":\"https:\/\/kapitalis.com\/tunisie\/#website\",\"url\":\"https:\/\/kapitalis.com\/tunisie\/\",\"name\":\"Kapitalis\",\"description\":\"L&#039;actualit\u00e9 en Tunisie et dans le monde\",\"publisher\":{\"@id\":\"https:\/\/kapitalis.com\/tunisie\/#organization\"},\"potentialAction\":[{\"@type\":\"SearchAction\",\"target\":{\"@type\":\"EntryPoint\",\"urlTemplate\":\"https:\/\/kapitalis.com\/tunisie\/?s={search_term_string}\"},\"query-input\":{\"@type\":\"PropertyValueSpecification\",\"valueRequired\":true,\"valueName\":\"search_term_string\"}}],\"inLanguage\":\"fr-FR\"},{\"@type\":\"Organization\",\"@id\":\"https:\/\/kapitalis.com\/tunisie\/#organization\",\"name\":\"Kapitalis\",\"url\":\"https:\/\/kapitalis.com\/tunisie\/\",\"logo\":{\"@type\":\"ImageObject\",\"inLanguage\":\"fr-FR\",\"@id\":\"https:\/\/kapitalis.com\/tunisie\/#\/schema\/logo\/image\/\",\"url\":\"https:\/\/kapitalis.com\/tunisie\/wp-content\/uploads\/2022\/05\/Kapitalis-big-size.png\",\"contentUrl\":\"https:\/\/kapitalis.com\/tunisie\/wp-content\/uploads\/2022\/05\/Kapitalis-big-size.png\",\"width\":5000,\"height\":1500,\"caption\":\"Kapitalis\"},\"image\":{\"@id\":\"https:\/\/kapitalis.com\/tunisie\/#\/schema\/logo\/image\/\"},\"sameAs\":[\"https:\/\/www.facebook.com\/KapitalisInfo\/\",\"https:\/\/x.com\/KapitalisInfo\",\"https:\/\/www.youtube.com\/channel\/UC-yDYrHyfFBWWZaOw3FPg9Q\"]},{\"@type\":\"Person\",\"@id\":\"https:\/\/kapitalis.com\/tunisie\/#\/schema\/person\/d71f33a9ca44f7bad4698210b480c8e9\",\"name\":\"webmaster kapitalis\",\"url\":\"https:\/\/kapitalis.com\/tunisie\/author\/webmaster-kapitalis\/\"}]}<\/script>\n<!-- \/ Yoast SEO plugin. -->","yoast_head_json":{"title":"L\u2019Alg\u00e9rie et les Brics\u00a0: les dessous d'un camouflet diplomatique - Kapitalis","robots":{"index":"index","follow":"follow","max-snippet":"max-snippet:-1","max-image-preview":"max-image-preview:large","max-video-preview":"max-video-preview:-1"},"canonical":"https:\/\/kapitalis.com\/tunisie\/2023\/08\/25\/lalgerie-et-les-brics-les-dessous-dun-camouflet-diplomatique\/","og_locale":"fr_FR","og_type":"article","og_title":"L\u2019Alg\u00e9rie et les Brics\u00a0: les dessous d'un camouflet diplomatique - Kapitalis","og_description":"D\u00e9ception et incompr\u00e9hension en Alg\u00e9rie dont la demande d'adh\u00e9sion aux Brics n'a pas \u00e9t\u00e9 accept\u00e9e.","og_url":"https:\/\/kapitalis.com\/tunisie\/2023\/08\/25\/lalgerie-et-les-brics-les-dessous-dun-camouflet-diplomatique\/","og_site_name":"Kapitalis","article_publisher":"https:\/\/www.facebook.com\/KapitalisInfo\/","article_published_time":"2023-08-25T09:11:10+00:00","article_modified_time":"2023-08-25T09:18:41+00:00","og_image":[{"width":1200,"height":630,"url":"https:\/\/kapitalis.com\/tunisie\/wp-content\/uploads\/2023\/08\/Algerie-Maroc.jpg","type":"image\/jpeg"}],"author":"webmaster kapitalis","twitter_card":"summary_large_image","twitter_creator":"@KapitalisInfo","twitter_site":"@KapitalisInfo","twitter_misc":{"\u00c9crit par":"webmaster kapitalis","Dur\u00e9e de lecture estim\u00e9e":"4 minutes"},"schema":{"@context":"https:\/\/schema.org","@graph":[{"@type":"Article","@id":"https:\/\/kapitalis.com\/tunisie\/2023\/08\/25\/lalgerie-et-les-brics-les-dessous-dun-camouflet-diplomatique\/#article","isPartOf":{"@id":"https:\/\/kapitalis.com\/tunisie\/2023\/08\/25\/lalgerie-et-les-brics-les-dessous-dun-camouflet-diplomatique\/"},"author":{"name":"webmaster kapitalis","@id":"https:\/\/kapitalis.com\/tunisie\/#\/schema\/person\/d71f33a9ca44f7bad4698210b480c8e9"},"headline":"L\u2019Alg\u00e9rie et les Brics\u00a0: les dessous d&rsquo;un camouflet diplomatique","datePublished":"2023-08-25T09:11:10+00:00","dateModified":"2023-08-25T09:18:41+00:00","mainEntityOfPage":{"@id":"https:\/\/kapitalis.com\/tunisie\/2023\/08\/25\/lalgerie-et-les-brics-les-dessous-dun-camouflet-diplomatique\/"},"wordCount":709,"commentCount":21,"publisher":{"@id":"https:\/\/kapitalis.com\/tunisie\/#organization"},"image":{"@id":"https:\/\/kapitalis.com\/tunisie\/2023\/08\/25\/lalgerie-et-les-brics-les-dessous-dun-camouflet-diplomatique\/#primaryimage"},"thumbnailUrl":"https:\/\/kapitalis.com\/tunisie\/wp-content\/uploads\/2023\/08\/Algerie-Maroc.jpg","keywords":["Abdelmadjid Tebboune","Afrique du Sud","Alg\u00e9rie","Brics","Chine","Russie","Samir Sa\u00efed"],"articleSection":["A LA UNE","POLITIQUE","Tunisie"],"inLanguage":"fr-FR","potentialAction":[{"@type":"CommentAction","name":"Comment","target":["https:\/\/kapitalis.com\/tunisie\/2023\/08\/25\/lalgerie-et-les-brics-les-dessous-dun-camouflet-diplomatique\/#respond"]}]},{"@type":"WebPage","@id":"https:\/\/kapitalis.com\/tunisie\/2023\/08\/25\/lalgerie-et-les-brics-les-dessous-dun-camouflet-diplomatique\/","url":"https:\/\/kapitalis.com\/tunisie\/2023\/08\/25\/lalgerie-et-les-brics-les-dessous-dun-camouflet-diplomatique\/","name":"L\u2019Alg\u00e9rie et les Brics\u00a0: les dessous d'un camouflet diplomatique - Kapitalis","isPartOf":{"@id":"https:\/\/kapitalis.com\/tunisie\/#website"},"primaryImageOfPage":{"@id":"https:\/\/kapitalis.com\/tunisie\/2023\/08\/25\/lalgerie-et-les-brics-les-dessous-dun-camouflet-diplomatique\/#primaryimage"},"image":{"@id":"https:\/\/kapitalis.com\/tunisie\/2023\/08\/25\/lalgerie-et-les-brics-les-dessous-dun-camouflet-diplomatique\/#primaryimage"},"thumbnailUrl":"https:\/\/kapitalis.com\/tunisie\/wp-content\/uploads\/2023\/08\/Algerie-Maroc.jpg","datePublished":"2023-08-25T09:11:10+00:00","dateModified":"2023-08-25T09:18:41+00:00","breadcrumb":{"@id":"https:\/\/kapitalis.com\/tunisie\/2023\/08\/25\/lalgerie-et-les-brics-les-dessous-dun-camouflet-diplomatique\/#breadcrumb"},"inLanguage":"fr-FR","potentialAction":[{"@type":"ReadAction","target":["https:\/\/kapitalis.com\/tunisie\/2023\/08\/25\/lalgerie-et-les-brics-les-dessous-dun-camouflet-diplomatique\/"]}]},{"@type":"ImageObject","inLanguage":"fr-FR","@id":"https:\/\/kapitalis.com\/tunisie\/2023\/08\/25\/lalgerie-et-les-brics-les-dessous-dun-camouflet-diplomatique\/#primaryimage","url":"https:\/\/kapitalis.com\/tunisie\/wp-content\/uploads\/2023\/08\/Algerie-Maroc.jpg","contentUrl":"https:\/\/kapitalis.com\/tunisie\/wp-content\/uploads\/2023\/08\/Algerie-Maroc.jpg","width":1200,"height":630},{"@type":"BreadcrumbList","@id":"https:\/\/kapitalis.com\/tunisie\/2023\/08\/25\/lalgerie-et-les-brics-les-dessous-dun-camouflet-diplomatique\/#breadcrumb","itemListElement":[{"@type":"ListItem","position":1,"name":"Accueil","item":"https:\/\/kapitalis.com\/tunisie\/"},{"@type":"ListItem","position":2,"name":"L\u2019Alg\u00e9rie et les Brics\u00a0: les dessous d&rsquo;un camouflet diplomatique"}]},{"@type":"WebSite","@id":"https:\/\/kapitalis.com\/tunisie\/#website","url":"https:\/\/kapitalis.com\/tunisie\/","name":"Kapitalis","description":"L&#039;actualit\u00e9 en Tunisie et dans le monde","publisher":{"@id":"https:\/\/kapitalis.com\/tunisie\/#organization"},"potentialAction":[{"@type":"SearchAction","target":{"@type":"EntryPoint","urlTemplate":"https:\/\/kapitalis.com\/tunisie\/?s={search_term_string}"},"query-input":{"@type":"PropertyValueSpecification","valueRequired":true,"valueName":"search_term_string"}}],"inLanguage":"fr-FR"},{"@type":"Organization","@id":"https:\/\/kapitalis.com\/tunisie\/#organization","name":"Kapitalis","url":"https:\/\/kapitalis.com\/tunisie\/","logo":{"@type":"ImageObject","inLanguage":"fr-FR","@id":"https:\/\/kapitalis.com\/tunisie\/#\/schema\/logo\/image\/","url":"https:\/\/kapitalis.com\/tunisie\/wp-content\/uploads\/2022\/05\/Kapitalis-big-size.png","contentUrl":"https:\/\/kapitalis.com\/tunisie\/wp-content\/uploads\/2022\/05\/Kapitalis-big-size.png","width":5000,"height":1500,"caption":"Kapitalis"},"image":{"@id":"https:\/\/kapitalis.com\/tunisie\/#\/schema\/logo\/image\/"},"sameAs":["https:\/\/www.facebook.com\/KapitalisInfo\/","https:\/\/x.com\/KapitalisInfo","https:\/\/www.youtube.com\/channel\/UC-yDYrHyfFBWWZaOw3FPg9Q"]},{"@type":"Person","@id":"https:\/\/kapitalis.com\/tunisie\/#\/schema\/person\/d71f33a9ca44f7bad4698210b480c8e9","name":"webmaster kapitalis","url":"https:\/\/kapitalis.com\/tunisie\/author\/webmaster-kapitalis\/"}]}},"_links":{"self":[{"href":"https:\/\/kapitalis.com\/tunisie\/wp-json\/wp\/v2\/posts\/9523679","targetHints":{"allow":["GET"]}}],"collection":[{"href":"https:\/\/kapitalis.com\/tunisie\/wp-json\/wp\/v2\/posts"}],"about":[{"href":"https:\/\/kapitalis.com\/tunisie\/wp-json\/wp\/v2\/types\/post"}],"author":[{"embeddable":true,"href":"https:\/\/kapitalis.com\/tunisie\/wp-json\/wp\/v2\/users\/8"}],"replies":[{"embeddable":true,"href":"https:\/\/kapitalis.com\/tunisie\/wp-json\/wp\/v2\/comments?post=9523679"}],"version-history":[{"count":2,"href":"https:\/\/kapitalis.com\/tunisie\/wp-json\/wp\/v2\/posts\/9523679\/revisions"}],"predecessor-version":[{"id":9524194,"href":"https:\/\/kapitalis.com\/tunisie\/wp-json\/wp\/v2\/posts\/9523679\/revisions\/9524194"}],"wp:featuredmedia":[{"embeddable":true,"href":"https:\/\/kapitalis.com\/tunisie\/wp-json\/wp\/v2\/media\/9523968"}],"wp:attachment":[{"href":"https:\/\/kapitalis.com\/tunisie\/wp-json\/wp\/v2\/media?parent=9523679"}],"wp:term":[{"taxonomy":"category","embeddable":true,"href":"https:\/\/kapitalis.com\/tunisie\/wp-json\/wp\/v2\/categories?post=9523679"},{"taxonomy":"post_tag","embeddable":true,"href":"https:\/\/kapitalis.com\/tunisie\/wp-json\/wp\/v2\/tags?post=9523679"}],"curies":[{"name":"wp","href":"https:\/\/api.w.org\/{rel}","templated":true}]}}