{"id":95266,"date":"2017-05-08T19:42:50","date_gmt":"2017-05-08T19:12:50","guid":{"rendered":"http:\/\/kapitalis.com\/tunisie\/?p=95266"},"modified":"2017-05-08T19:47:40","modified_gmt":"2017-05-08T19:17:40","slug":"ooredoo-inaugure-la-clinique-mobile-tahar-cheniti-a-zaghouan","status":"publish","type":"post","link":"https:\/\/kapitalis.com\/tunisie\/2017\/05\/08\/ooredoo-inaugure-la-clinique-mobile-tahar-cheniti-a-zaghouan\/","title":{"rendered":"Ooredoo inaugure la clinique mobile \u00abTahar Cheniti\u00bb \u00e0 Zaghouan"},"content":{"rendered":"<p style=\"text-align: center;\"><img loading=\"lazy\" decoding=\"async\" class=\"alignnone size-full wp-image-95278\" src=\"http:\/\/kapitalis.com\/tunisie\/wp-content\/uploads\/2017\/05\/Clinique-Mobile-Ooredoo.jpg\" alt=\"\" width=\"626\" height=\"380\" \/><\/p>\n<p><em><strong>A l\u2019occasion de la c\u00e9l\u00e9bration de la Journ\u00e9e internationale de la Croix et du Croissant-Rouge, Ooredoo et le Croissant-Rouge Tunisien ont inaugur\u00e9 la clinique mobile \u00abTahar Cheniti\u00bb.<\/strong> <\/em><\/p>\n<p><!--more--><\/p>\n<p>Cette clinique m\u00e9dicale mobile destin\u00e9e aux populations rurales a \u00e9t\u00e9 mise \u00e0 la disposition du Croissant-Rouge Tunisien par l\u2019op\u00e9rateur Ooredoo Tunisie, qui consolide ainsi sa position d\u2019acteur social responsable et citoyen soucieux d\u2019offrir aux habitants des zones d\u00e9favoris\u00e9es ou \u00e9loign\u00e9es, dans l&rsquo;ensemble du pays, un meilleur acc\u00e8s aux services de sant\u00e9 de qualit\u00e9.<\/p>\n<p>L&rsquo;inauguration de cette clinique m\u00e9dicale mobile, d\u00e9di\u00e9e \u00e0 la m\u00e9moire de Feu Tahar Cheniti, ancien secr\u00e9taire g\u00e9n\u00e9ral du Croissant Rouge Tunisien, a eu lieu ce lundi 8 mai 2017, \u00e0 Zaghouan.<\/p>\n<p style=\"text-align: center;\"><img loading=\"lazy\" decoding=\"async\" class=\"alignnone wp-image-95281\" src=\"http:\/\/kapitalis.com\/tunisie\/wp-content\/uploads\/2017\/05\/Clinique-Mobile-Ooredoo-Inauguration.jpg\" alt=\"Clinique Mobile Ooredoo Inauguration\" width=\"500\" height=\"333\" \/><\/p>\n<p><strong>Cap sur\u00a0les zones d\u00e9favoris\u00e9es <\/strong><\/p>\n<p>En vertu de ce partenariat, le Croissant-Rouge Tunisien et Ooredoo s\u2019engagent \u00e0 conjuguer leurs efforts afin d\u2019am\u00e9liorer, gr\u00e2ce \u00e0 cette clinique de sant\u00e9 mobile, l\u2019acc\u00e8s \u00e0 la sant\u00e9 des femmes et des enfants dans les zones d\u00e9favoris\u00e9es et peu hospitali\u00e8res.<\/p>\n<p>Cette unit\u00e9 contribuera, en effet, \u00e0 une meilleure prise en charge des citoyens sur le plan pr\u00e9ventif. Elle assurera \u00e9galement la formation des b\u00e9n\u00e9voles du Croissant-Rouge Tunisien et fournira toute information relative \u00e0 la sant\u00e9 des enfants et des jeunes.<\/p>\n<p style=\"text-align: center;\"><img loading=\"lazy\" decoding=\"async\" class=\"alignnone wp-image-95282\" src=\"http:\/\/kapitalis.com\/tunisie\/wp-content\/uploads\/2017\/05\/Clinique-Mobile-Ooredoo-Presentation.jpg\" alt=\"Clinique Mobile Ooredoo Presentation\" width=\"500\" height=\"333\" \/><\/p>\n<p>Elle sillonnera les 24 gouvernorats du pays en commen\u00e7ant par les r\u00e9gions prioritaires.<\/p>\n<p>Le programme appuiera les efforts visant la d\u00e9tection et le contr\u00f4le des maladies chroniques et des troubles nutritionnels, ainsi que la fourniture de conseils en mati\u00e8re de sant\u00e9 et de pr\u00e9vention pour les communaut\u00e9s locales.<\/p>\n<p>L\u2019inauguration de ce projet a \u00e9t\u00e9 l&rsquo;occasion pour d\u00e9couvrir une clinique mobile moderne qui offre, \u00e0 l&rsquo;instar des cliniques mobiles r\u00e9pondant aux normes internationales, des soins de bonne qualit\u00e9 aux populations rurales.<\/p>\n<p style=\"text-align: center;\"><img loading=\"lazy\" decoding=\"async\" class=\"alignnone wp-image-95283\" src=\"http:\/\/kapitalis.com\/tunisie\/wp-content\/uploads\/2017\/05\/Clinique-mobile-Ooredoo-1.jpg\" alt=\"Clinique mobile Ooredoo\" width=\"500\" height=\"281\" \/><\/p>\n<p><strong>Des soins de qualit\u00e9 pour les\u00a0populations rurales<\/strong><\/p>\n<p>Le calendrier de la tourn\u00e9e de la clinique mobile s&rsquo;\u00e9tablira en fonction des urgences et des priorit\u00e9s des populations.<br \/>\nA cette occasion, le directeur g\u00e9n\u00e9ral d\u2019Ooredoo Tunisie, Youssef Al Masri a d\u00e9clar\u00e9\u202f:\u202f<em>\u00abEn tant qu\u2019acteur socialement responsable, Ooredoo Tunisie a privil\u00e9gi\u00e9 les besoins primaires des zones les plus recul\u00e9es. Cette clinique d\u00e9ambulera aux quatre coins de la Tunisie pour apporter les soins n\u00e9cessaires aux populations rurales. Nous sommes fiers de confier ce projet \u00e0 l\u2019une des associations les plus respect\u00e9es du pays, \u00e0 savoir le Croissant-Rouge.\u00bb<\/em><\/p>\n<p style=\"text-align: center;\"><img loading=\"lazy\" decoding=\"async\" class=\"alignnone wp-image-95284\" src=\"http:\/\/kapitalis.com\/tunisie\/wp-content\/uploads\/2017\/05\/Clinique-Mobile-Ooredoo-2.jpg\" alt=\"Clinique mobile Ooredoo\" width=\"500\" height=\"281\" \/><\/p>\n<p>Pour sa part, le Dr Abdellatif Chabbou, secr\u00e9taire g\u00e9n\u00e9ral du Croissant-Rouge Tunisien, a pr\u00e9cis\u00e9 : <em>\u00abDans le strict respect de la neutralit\u00e9, de l\u2019impartialit\u00e9 et de l\u2019ind\u00e9pendance du Croissant-Rouge, Ooredoo a gracieusement mis \u00e0 la disposition de notre organisation, une assistance des plus pr\u00e9cieuses. L&rsquo;ensemble de nos volontaires, avec \u00e0 leur t\u00eate notre pr\u00e9sident, le professeur Brahim El-Gharbi, tient \u00e0 t\u00e9moigner \u00e0 cette entreprise sa reconnaissance.\u00bb<\/em><\/p>\n<p style=\"text-align: right;\"><strong>I. B.<\/strong> (avec communiqu\u00e9).<\/p>\n","protected":false},"excerpt":{"rendered":"<p>A l\u2019occasion de la c\u00e9l\u00e9bration de la Journ\u00e9e internationale de la Croix et du Croissant-Rouge, Ooredoo et le Croissant-Rouge Tunisien ont inaugur\u00e9 la clinique mobile \u00abTahar Cheniti\u00bb.<\/p>\n","protected":false},"author":8,"featured_media":95278,"comment_status":"open","ping_status":"open","sticky":false,"template":"","format":"standard","meta":{"footnotes":""},"categories":[998,2433],"tags":[5194,6218,13037,2066],"class_list":["post-95266","post","type-post","status-publish","format-standard","has-post-thumbnail","hentry","category-societe","category-tunisie","tag-croissant-rouge-tunisien","tag-ooredoo-tunisie","tag-youssef-al-masri","tag-zaghouan"],"yoast_head":"<!-- This site is optimized with the Yoast SEO plugin v26.6 - https:\/\/yoast.com\/wordpress\/plugins\/seo\/ -->\n<title>Ooredoo inaugure la clinique mobile \u00abTahar Cheniti\u00bb \u00e0 Zaghouan - Kapitalis<\/title>\n<meta name=\"robots\" content=\"index, follow, max-snippet:-1, max-image-preview:large, max-video-preview:-1\" \/>\n<link rel=\"canonical\" href=\"https:\/\/kapitalis.com\/tunisie\/2017\/05\/08\/ooredoo-inaugure-la-clinique-mobile-tahar-cheniti-a-zaghouan\/\" \/>\n<meta property=\"og:locale\" content=\"fr_FR\" \/>\n<meta property=\"og:type\" content=\"article\" \/>\n<meta property=\"og:title\" content=\"Ooredoo inaugure la clinique mobile \u00abTahar Cheniti\u00bb \u00e0 Zaghouan - Kapitalis\" \/>\n<meta property=\"og:description\" content=\"A l\u2019occasion de la c\u00e9l\u00e9bration de la Journ\u00e9e internationale de la Croix et du Croissant-Rouge, Ooredoo et le Croissant-Rouge Tunisien ont inaugur\u00e9 la clinique mobile \u00abTahar Cheniti\u00bb.\" \/>\n<meta property=\"og:url\" content=\"https:\/\/kapitalis.com\/tunisie\/2017\/05\/08\/ooredoo-inaugure-la-clinique-mobile-tahar-cheniti-a-zaghouan\/\" \/>\n<meta property=\"og:site_name\" content=\"Kapitalis\" \/>\n<meta property=\"article:publisher\" content=\"https:\/\/www.facebook.com\/KapitalisInfo\/\" \/>\n<meta property=\"article:published_time\" content=\"2017-05-08T19:12:50+00:00\" \/>\n<meta property=\"article:modified_time\" content=\"2017-05-08T19:17:40+00:00\" \/>\n<meta property=\"og:image\" content=\"https:\/\/kapitalis.com\/tunisie\/wp-content\/uploads\/2022\/05\/kapitalis-logo-fb.png\" \/>\n\t<meta property=\"og:image:width\" content=\"1200\" \/>\n\t<meta property=\"og:image:height\" content=\"630\" \/>\n\t<meta property=\"og:image:type\" content=\"image\/png\" \/>\n<meta name=\"author\" content=\"webmaster kapitalis\" \/>\n<meta name=\"twitter:card\" content=\"summary_large_image\" \/>\n<meta name=\"twitter:creator\" content=\"@KapitalisInfo\" \/>\n<meta name=\"twitter:site\" content=\"@KapitalisInfo\" \/>\n<meta name=\"twitter:label1\" content=\"\u00c9crit par\" \/>\n\t<meta name=\"twitter:data1\" content=\"webmaster kapitalis\" \/>\n\t<meta name=\"twitter:label2\" content=\"Dur\u00e9e de lecture estim\u00e9e\" \/>\n\t<meta name=\"twitter:data2\" content=\"2 minutes\" \/>\n<script type=\"application\/ld+json\" class=\"yoast-schema-graph\">{\"@context\":\"https:\/\/schema.org\",\"@graph\":[{\"@type\":\"Article\",\"@id\":\"https:\/\/kapitalis.com\/tunisie\/2017\/05\/08\/ooredoo-inaugure-la-clinique-mobile-tahar-cheniti-a-zaghouan\/#article\",\"isPartOf\":{\"@id\":\"https:\/\/kapitalis.com\/tunisie\/2017\/05\/08\/ooredoo-inaugure-la-clinique-mobile-tahar-cheniti-a-zaghouan\/\"},\"author\":{\"name\":\"webmaster kapitalis\",\"@id\":\"https:\/\/kapitalis.com\/tunisie\/#\/schema\/person\/d71f33a9ca44f7bad4698210b480c8e9\"},\"headline\":\"Ooredoo inaugure la clinique mobile \u00abTahar Cheniti\u00bb \u00e0 Zaghouan\",\"datePublished\":\"2017-05-08T19:12:50+00:00\",\"dateModified\":\"2017-05-08T19:17:40+00:00\",\"mainEntityOfPage\":{\"@id\":\"https:\/\/kapitalis.com\/tunisie\/2017\/05\/08\/ooredoo-inaugure-la-clinique-mobile-tahar-cheniti-a-zaghouan\/\"},\"wordCount\":499,\"commentCount\":1,\"publisher\":{\"@id\":\"https:\/\/kapitalis.com\/tunisie\/#organization\"},\"image\":{\"@id\":\"https:\/\/kapitalis.com\/tunisie\/2017\/05\/08\/ooredoo-inaugure-la-clinique-mobile-tahar-cheniti-a-zaghouan\/#primaryimage\"},\"thumbnailUrl\":\"\",\"keywords\":[\"Croissant-Rouge Tunisien\",\"Ooredoo Tunisie\",\"Youssef Al-Masri\",\"Zaghouan\"],\"articleSection\":[\"SOCIETE\",\"Tunisie\"],\"inLanguage\":\"fr-FR\",\"potentialAction\":[{\"@type\":\"CommentAction\",\"name\":\"Comment\",\"target\":[\"https:\/\/kapitalis.com\/tunisie\/2017\/05\/08\/ooredoo-inaugure-la-clinique-mobile-tahar-cheniti-a-zaghouan\/#respond\"]}]},{\"@type\":\"WebPage\",\"@id\":\"https:\/\/kapitalis.com\/tunisie\/2017\/05\/08\/ooredoo-inaugure-la-clinique-mobile-tahar-cheniti-a-zaghouan\/\",\"url\":\"https:\/\/kapitalis.com\/tunisie\/2017\/05\/08\/ooredoo-inaugure-la-clinique-mobile-tahar-cheniti-a-zaghouan\/\",\"name\":\"Ooredoo inaugure la clinique mobile \u00abTahar Cheniti\u00bb \u00e0 Zaghouan - Kapitalis\",\"isPartOf\":{\"@id\":\"https:\/\/kapitalis.com\/tunisie\/#website\"},\"primaryImageOfPage\":{\"@id\":\"https:\/\/kapitalis.com\/tunisie\/2017\/05\/08\/ooredoo-inaugure-la-clinique-mobile-tahar-cheniti-a-zaghouan\/#primaryimage\"},\"image\":{\"@id\":\"https:\/\/kapitalis.com\/tunisie\/2017\/05\/08\/ooredoo-inaugure-la-clinique-mobile-tahar-cheniti-a-zaghouan\/#primaryimage\"},\"thumbnailUrl\":\"\",\"datePublished\":\"2017-05-08T19:12:50+00:00\",\"dateModified\":\"2017-05-08T19:17:40+00:00\",\"breadcrumb\":{\"@id\":\"https:\/\/kapitalis.com\/tunisie\/2017\/05\/08\/ooredoo-inaugure-la-clinique-mobile-tahar-cheniti-a-zaghouan\/#breadcrumb\"},\"inLanguage\":\"fr-FR\",\"potentialAction\":[{\"@type\":\"ReadAction\",\"target\":[\"https:\/\/kapitalis.com\/tunisie\/2017\/05\/08\/ooredoo-inaugure-la-clinique-mobile-tahar-cheniti-a-zaghouan\/\"]}]},{\"@type\":\"ImageObject\",\"inLanguage\":\"fr-FR\",\"@id\":\"https:\/\/kapitalis.com\/tunisie\/2017\/05\/08\/ooredoo-inaugure-la-clinique-mobile-tahar-cheniti-a-zaghouan\/#primaryimage\",\"url\":\"\",\"contentUrl\":\"\"},{\"@type\":\"BreadcrumbList\",\"@id\":\"https:\/\/kapitalis.com\/tunisie\/2017\/05\/08\/ooredoo-inaugure-la-clinique-mobile-tahar-cheniti-a-zaghouan\/#breadcrumb\",\"itemListElement\":[{\"@type\":\"ListItem\",\"position\":1,\"name\":\"Accueil\",\"item\":\"https:\/\/kapitalis.com\/tunisie\/\"},{\"@type\":\"ListItem\",\"position\":2,\"name\":\"Ooredoo inaugure la clinique mobile \u00abTahar Cheniti\u00bb \u00e0 Zaghouan\"}]},{\"@type\":\"WebSite\",\"@id\":\"https:\/\/kapitalis.com\/tunisie\/#website\",\"url\":\"https:\/\/kapitalis.com\/tunisie\/\",\"name\":\"Kapitalis\",\"description\":\"L&#039;actualit\u00e9 en Tunisie et dans le monde\",\"publisher\":{\"@id\":\"https:\/\/kapitalis.com\/tunisie\/#organization\"},\"potentialAction\":[{\"@type\":\"SearchAction\",\"target\":{\"@type\":\"EntryPoint\",\"urlTemplate\":\"https:\/\/kapitalis.com\/tunisie\/?s={search_term_string}\"},\"query-input\":{\"@type\":\"PropertyValueSpecification\",\"valueRequired\":true,\"valueName\":\"search_term_string\"}}],\"inLanguage\":\"fr-FR\"},{\"@type\":\"Organization\",\"@id\":\"https:\/\/kapitalis.com\/tunisie\/#organization\",\"name\":\"Kapitalis\",\"url\":\"https:\/\/kapitalis.com\/tunisie\/\",\"logo\":{\"@type\":\"ImageObject\",\"inLanguage\":\"fr-FR\",\"@id\":\"https:\/\/kapitalis.com\/tunisie\/#\/schema\/logo\/image\/\",\"url\":\"https:\/\/kapitalis.com\/tunisie\/wp-content\/uploads\/2022\/05\/Kapitalis-big-size.png\",\"contentUrl\":\"https:\/\/kapitalis.com\/tunisie\/wp-content\/uploads\/2022\/05\/Kapitalis-big-size.png\",\"width\":5000,\"height\":1500,\"caption\":\"Kapitalis\"},\"image\":{\"@id\":\"https:\/\/kapitalis.com\/tunisie\/#\/schema\/logo\/image\/\"},\"sameAs\":[\"https:\/\/www.facebook.com\/KapitalisInfo\/\",\"https:\/\/x.com\/KapitalisInfo\",\"https:\/\/www.youtube.com\/channel\/UC-yDYrHyfFBWWZaOw3FPg9Q\"]},{\"@type\":\"Person\",\"@id\":\"https:\/\/kapitalis.com\/tunisie\/#\/schema\/person\/d71f33a9ca44f7bad4698210b480c8e9\",\"name\":\"webmaster kapitalis\",\"url\":\"https:\/\/kapitalis.com\/tunisie\/author\/webmaster-kapitalis\/\"}]}<\/script>\n<!-- \/ Yoast SEO plugin. -->","yoast_head_json":{"title":"Ooredoo inaugure la clinique mobile \u00abTahar Cheniti\u00bb \u00e0 Zaghouan - Kapitalis","robots":{"index":"index","follow":"follow","max-snippet":"max-snippet:-1","max-image-preview":"max-image-preview:large","max-video-preview":"max-video-preview:-1"},"canonical":"https:\/\/kapitalis.com\/tunisie\/2017\/05\/08\/ooredoo-inaugure-la-clinique-mobile-tahar-cheniti-a-zaghouan\/","og_locale":"fr_FR","og_type":"article","og_title":"Ooredoo inaugure la clinique mobile \u00abTahar Cheniti\u00bb \u00e0 Zaghouan - Kapitalis","og_description":"A l\u2019occasion de la c\u00e9l\u00e9bration de la Journ\u00e9e internationale de la Croix et du Croissant-Rouge, Ooredoo et le Croissant-Rouge Tunisien ont inaugur\u00e9 la clinique mobile \u00abTahar Cheniti\u00bb.","og_url":"https:\/\/kapitalis.com\/tunisie\/2017\/05\/08\/ooredoo-inaugure-la-clinique-mobile-tahar-cheniti-a-zaghouan\/","og_site_name":"Kapitalis","article_publisher":"https:\/\/www.facebook.com\/KapitalisInfo\/","article_published_time":"2017-05-08T19:12:50+00:00","article_modified_time":"2017-05-08T19:17:40+00:00","og_image":[{"width":1200,"height":630,"url":"https:\/\/kapitalis.com\/tunisie\/wp-content\/uploads\/2022\/05\/kapitalis-logo-fb.png","type":"image\/png"}],"author":"webmaster kapitalis","twitter_card":"summary_large_image","twitter_creator":"@KapitalisInfo","twitter_site":"@KapitalisInfo","twitter_misc":{"\u00c9crit par":"webmaster kapitalis","Dur\u00e9e de lecture estim\u00e9e":"2 minutes"},"schema":{"@context":"https:\/\/schema.org","@graph":[{"@type":"Article","@id":"https:\/\/kapitalis.com\/tunisie\/2017\/05\/08\/ooredoo-inaugure-la-clinique-mobile-tahar-cheniti-a-zaghouan\/#article","isPartOf":{"@id":"https:\/\/kapitalis.com\/tunisie\/2017\/05\/08\/ooredoo-inaugure-la-clinique-mobile-tahar-cheniti-a-zaghouan\/"},"author":{"name":"webmaster kapitalis","@id":"https:\/\/kapitalis.com\/tunisie\/#\/schema\/person\/d71f33a9ca44f7bad4698210b480c8e9"},"headline":"Ooredoo inaugure la clinique mobile \u00abTahar Cheniti\u00bb \u00e0 Zaghouan","datePublished":"2017-05-08T19:12:50+00:00","dateModified":"2017-05-08T19:17:40+00:00","mainEntityOfPage":{"@id":"https:\/\/kapitalis.com\/tunisie\/2017\/05\/08\/ooredoo-inaugure-la-clinique-mobile-tahar-cheniti-a-zaghouan\/"},"wordCount":499,"commentCount":1,"publisher":{"@id":"https:\/\/kapitalis.com\/tunisie\/#organization"},"image":{"@id":"https:\/\/kapitalis.com\/tunisie\/2017\/05\/08\/ooredoo-inaugure-la-clinique-mobile-tahar-cheniti-a-zaghouan\/#primaryimage"},"thumbnailUrl":"","keywords":["Croissant-Rouge Tunisien","Ooredoo Tunisie","Youssef Al-Masri","Zaghouan"],"articleSection":["SOCIETE","Tunisie"],"inLanguage":"fr-FR","potentialAction":[{"@type":"CommentAction","name":"Comment","target":["https:\/\/kapitalis.com\/tunisie\/2017\/05\/08\/ooredoo-inaugure-la-clinique-mobile-tahar-cheniti-a-zaghouan\/#respond"]}]},{"@type":"WebPage","@id":"https:\/\/kapitalis.com\/tunisie\/2017\/05\/08\/ooredoo-inaugure-la-clinique-mobile-tahar-cheniti-a-zaghouan\/","url":"https:\/\/kapitalis.com\/tunisie\/2017\/05\/08\/ooredoo-inaugure-la-clinique-mobile-tahar-cheniti-a-zaghouan\/","name":"Ooredoo inaugure la clinique mobile \u00abTahar Cheniti\u00bb \u00e0 Zaghouan - Kapitalis","isPartOf":{"@id":"https:\/\/kapitalis.com\/tunisie\/#website"},"primaryImageOfPage":{"@id":"https:\/\/kapitalis.com\/tunisie\/2017\/05\/08\/ooredoo-inaugure-la-clinique-mobile-tahar-cheniti-a-zaghouan\/#primaryimage"},"image":{"@id":"https:\/\/kapitalis.com\/tunisie\/2017\/05\/08\/ooredoo-inaugure-la-clinique-mobile-tahar-cheniti-a-zaghouan\/#primaryimage"},"thumbnailUrl":"","datePublished":"2017-05-08T19:12:50+00:00","dateModified":"2017-05-08T19:17:40+00:00","breadcrumb":{"@id":"https:\/\/kapitalis.com\/tunisie\/2017\/05\/08\/ooredoo-inaugure-la-clinique-mobile-tahar-cheniti-a-zaghouan\/#breadcrumb"},"inLanguage":"fr-FR","potentialAction":[{"@type":"ReadAction","target":["https:\/\/kapitalis.com\/tunisie\/2017\/05\/08\/ooredoo-inaugure-la-clinique-mobile-tahar-cheniti-a-zaghouan\/"]}]},{"@type":"ImageObject","inLanguage":"fr-FR","@id":"https:\/\/kapitalis.com\/tunisie\/2017\/05\/08\/ooredoo-inaugure-la-clinique-mobile-tahar-cheniti-a-zaghouan\/#primaryimage","url":"","contentUrl":""},{"@type":"BreadcrumbList","@id":"https:\/\/kapitalis.com\/tunisie\/2017\/05\/08\/ooredoo-inaugure-la-clinique-mobile-tahar-cheniti-a-zaghouan\/#breadcrumb","itemListElement":[{"@type":"ListItem","position":1,"name":"Accueil","item":"https:\/\/kapitalis.com\/tunisie\/"},{"@type":"ListItem","position":2,"name":"Ooredoo inaugure la clinique mobile \u00abTahar Cheniti\u00bb \u00e0 Zaghouan"}]},{"@type":"WebSite","@id":"https:\/\/kapitalis.com\/tunisie\/#website","url":"https:\/\/kapitalis.com\/tunisie\/","name":"Kapitalis","description":"L&#039;actualit\u00e9 en Tunisie et dans le monde","publisher":{"@id":"https:\/\/kapitalis.com\/tunisie\/#organization"},"potentialAction":[{"@type":"SearchAction","target":{"@type":"EntryPoint","urlTemplate":"https:\/\/kapitalis.com\/tunisie\/?s={search_term_string}"},"query-input":{"@type":"PropertyValueSpecification","valueRequired":true,"valueName":"search_term_string"}}],"inLanguage":"fr-FR"},{"@type":"Organization","@id":"https:\/\/kapitalis.com\/tunisie\/#organization","name":"Kapitalis","url":"https:\/\/kapitalis.com\/tunisie\/","logo":{"@type":"ImageObject","inLanguage":"fr-FR","@id":"https:\/\/kapitalis.com\/tunisie\/#\/schema\/logo\/image\/","url":"https:\/\/kapitalis.com\/tunisie\/wp-content\/uploads\/2022\/05\/Kapitalis-big-size.png","contentUrl":"https:\/\/kapitalis.com\/tunisie\/wp-content\/uploads\/2022\/05\/Kapitalis-big-size.png","width":5000,"height":1500,"caption":"Kapitalis"},"image":{"@id":"https:\/\/kapitalis.com\/tunisie\/#\/schema\/logo\/image\/"},"sameAs":["https:\/\/www.facebook.com\/KapitalisInfo\/","https:\/\/x.com\/KapitalisInfo","https:\/\/www.youtube.com\/channel\/UC-yDYrHyfFBWWZaOw3FPg9Q"]},{"@type":"Person","@id":"https:\/\/kapitalis.com\/tunisie\/#\/schema\/person\/d71f33a9ca44f7bad4698210b480c8e9","name":"webmaster kapitalis","url":"https:\/\/kapitalis.com\/tunisie\/author\/webmaster-kapitalis\/"}]}},"_links":{"self":[{"href":"https:\/\/kapitalis.com\/tunisie\/wp-json\/wp\/v2\/posts\/95266","targetHints":{"allow":["GET"]}}],"collection":[{"href":"https:\/\/kapitalis.com\/tunisie\/wp-json\/wp\/v2\/posts"}],"about":[{"href":"https:\/\/kapitalis.com\/tunisie\/wp-json\/wp\/v2\/types\/post"}],"author":[{"embeddable":true,"href":"https:\/\/kapitalis.com\/tunisie\/wp-json\/wp\/v2\/users\/8"}],"replies":[{"embeddable":true,"href":"https:\/\/kapitalis.com\/tunisie\/wp-json\/wp\/v2\/comments?post=95266"}],"version-history":[{"count":0,"href":"https:\/\/kapitalis.com\/tunisie\/wp-json\/wp\/v2\/posts\/95266\/revisions"}],"wp:featuredmedia":[{"embeddable":true,"href":"https:\/\/kapitalis.com\/tunisie\/wp-json\/wp\/v2\/media\/95278"}],"wp:attachment":[{"href":"https:\/\/kapitalis.com\/tunisie\/wp-json\/wp\/v2\/media?parent=95266"}],"wp:term":[{"taxonomy":"category","embeddable":true,"href":"https:\/\/kapitalis.com\/tunisie\/wp-json\/wp\/v2\/categories?post=95266"},{"taxonomy":"post_tag","embeddable":true,"href":"https:\/\/kapitalis.com\/tunisie\/wp-json\/wp\/v2\/tags?post=95266"}],"curies":[{"name":"wp","href":"https:\/\/api.w.org\/{rel}","templated":true}]}}