{"id":9533812,"date":"2023-08-25T22:43:07","date_gmt":"2023-08-25T21:43:07","guid":{"rendered":"https:\/\/kapitalis.com\/tunisie\/?p=9533812"},"modified":"2023-08-25T23:22:25","modified_gmt":"2023-08-25T22:22:25","slug":"tunisie-tunisair-recoit-un-nouvel-airbus-a320neo-photos","status":"publish","type":"post","link":"https:\/\/kapitalis.com\/tunisie\/2023\/08\/25\/tunisie-tunisair-recoit-un-nouvel-airbus-a320neo-photos\/","title":{"rendered":"Tunisie : Tunisair re\u00e7oit un nouvel Airbus A320neo (Photos)"},"content":{"rendered":"\n<p><em><strong>La <em><strong>compagnie a\u00e9rienne nationale Tunisair<\/strong><\/em> a r\u00e9ceptionn\u00e9, ce vendredi 25 ao\u00fbt 2023, un Airbus A320neo, le dernier appareil du programme du renforcement de sa flotte nouvelle g\u00e9n\u00e9ration.<\/strong><\/em><\/p>\n\n\n\n<!--more-->\n\n\n\n<p>C&rsquo;est ce qu&rsquo;annonce le minist\u00e8re du Transport en pr\u00e9cisant que le nouvel Airbus a \u00e9t\u00e9 r\u00e9ceptionn\u00e9 \u00e0 l&rsquo;a\u00e9roport de Tunis-Carthage en pr\u00e9sence, notamment, du ministre du Transport, du Pdg de Tunisair, et du directeur g\u00e9n\u00e9ral de l\u2019aviation civile.<\/p>\n\n\n\n<figure class=\"wp-block-gallery aligncenter has-nested-images columns-2 is-cropped wp-block-gallery-1 is-layout-flex wp-block-gallery-is-layout-flex\">\n<figure class=\"wp-block-image size-large\"><img loading=\"lazy\" decoding=\"async\" width=\"1024\" height=\"682\" data-id=\"9533904\" src=\"https:\/\/kapitalis.com\/tunisie\/wp-content\/uploads\/2023\/08\/Airbus7-1024x682.jpg\" alt=\"\" class=\"wp-image-9533904\" srcset=\"https:\/\/kapitalis.com\/tunisie\/wp-content\/uploads\/2023\/08\/Airbus7-1024x682.jpg 1024w, https:\/\/kapitalis.com\/tunisie\/wp-content\/uploads\/2023\/08\/Airbus7-300x200.jpg 300w, https:\/\/kapitalis.com\/tunisie\/wp-content\/uploads\/2023\/08\/Airbus7-768x512.jpg 768w, https:\/\/kapitalis.com\/tunisie\/wp-content\/uploads\/2023\/08\/Airbus7-1536x1023.jpg 1536w, https:\/\/kapitalis.com\/tunisie\/wp-content\/uploads\/2023\/08\/Airbus7-580x386.jpg 580w, https:\/\/kapitalis.com\/tunisie\/wp-content\/uploads\/2023\/08\/Airbus7-860x573.jpg 860w, https:\/\/kapitalis.com\/tunisie\/wp-content\/uploads\/2023\/08\/Airbus7-1160x773.jpg 1160w, https:\/\/kapitalis.com\/tunisie\/wp-content\/uploads\/2023\/08\/Airbus7.jpg 1600w\" sizes=\"auto, (max-width: 1024px) 100vw, 1024px\" \/><\/figure>\n\n\n\n<figure class=\"wp-block-image size-large\"><img loading=\"lazy\" decoding=\"async\" width=\"682\" height=\"1024\" data-id=\"9533905\" src=\"https:\/\/kapitalis.com\/tunisie\/wp-content\/uploads\/2023\/08\/Airbus6-682x1024.jpg\" alt=\"\" class=\"wp-image-9533905\" srcset=\"https:\/\/kapitalis.com\/tunisie\/wp-content\/uploads\/2023\/08\/Airbus6-682x1024.jpg 682w, https:\/\/kapitalis.com\/tunisie\/wp-content\/uploads\/2023\/08\/Airbus6-200x300.jpg 200w, https:\/\/kapitalis.com\/tunisie\/wp-content\/uploads\/2023\/08\/Airbus6-768x1153.jpg 768w, https:\/\/kapitalis.com\/tunisie\/wp-content\/uploads\/2023\/08\/Airbus6-1023x1536.jpg 1023w, https:\/\/kapitalis.com\/tunisie\/wp-content\/uploads\/2023\/08\/Airbus6-580x871.jpg 580w, https:\/\/kapitalis.com\/tunisie\/wp-content\/uploads\/2023\/08\/Airbus6-860x1291.jpg 860w, https:\/\/kapitalis.com\/tunisie\/wp-content\/uploads\/2023\/08\/Airbus6.jpg 1066w\" sizes=\"auto, (max-width: 682px) 100vw, 682px\" \/><\/figure>\n\n\n\n<figure class=\"wp-block-image size-large\"><img loading=\"lazy\" decoding=\"async\" width=\"1024\" height=\"682\" data-id=\"9533906\" src=\"https:\/\/kapitalis.com\/tunisie\/wp-content\/uploads\/2023\/08\/Airbus5-1024x682.jpg\" alt=\"\" class=\"wp-image-9533906\" srcset=\"https:\/\/kapitalis.com\/tunisie\/wp-content\/uploads\/2023\/08\/Airbus5-1024x682.jpg 1024w, https:\/\/kapitalis.com\/tunisie\/wp-content\/uploads\/2023\/08\/Airbus5-300x200.jpg 300w, https:\/\/kapitalis.com\/tunisie\/wp-content\/uploads\/2023\/08\/Airbus5-768x512.jpg 768w, https:\/\/kapitalis.com\/tunisie\/wp-content\/uploads\/2023\/08\/Airbus5-1536x1023.jpg 1536w, https:\/\/kapitalis.com\/tunisie\/wp-content\/uploads\/2023\/08\/Airbus5-580x386.jpg 580w, https:\/\/kapitalis.com\/tunisie\/wp-content\/uploads\/2023\/08\/Airbus5-860x573.jpg 860w, https:\/\/kapitalis.com\/tunisie\/wp-content\/uploads\/2023\/08\/Airbus5-1160x773.jpg 1160w, https:\/\/kapitalis.com\/tunisie\/wp-content\/uploads\/2023\/08\/Airbus5.jpg 1600w\" sizes=\"auto, (max-width: 1024px) 100vw, 1024px\" \/><\/figure>\n\n\n\n<figure class=\"wp-block-image size-large\"><img loading=\"lazy\" decoding=\"async\" width=\"1024\" height=\"682\" data-id=\"9533902\" src=\"https:\/\/kapitalis.com\/tunisie\/wp-content\/uploads\/2023\/08\/Airbus4-1024x682.jpg\" alt=\"\" class=\"wp-image-9533902\" srcset=\"https:\/\/kapitalis.com\/tunisie\/wp-content\/uploads\/2023\/08\/Airbus4-1024x682.jpg 1024w, https:\/\/kapitalis.com\/tunisie\/wp-content\/uploads\/2023\/08\/Airbus4-300x200.jpg 300w, https:\/\/kapitalis.com\/tunisie\/wp-content\/uploads\/2023\/08\/Airbus4-768x512.jpg 768w, https:\/\/kapitalis.com\/tunisie\/wp-content\/uploads\/2023\/08\/Airbus4-1536x1023.jpg 1536w, https:\/\/kapitalis.com\/tunisie\/wp-content\/uploads\/2023\/08\/Airbus4-580x386.jpg 580w, https:\/\/kapitalis.com\/tunisie\/wp-content\/uploads\/2023\/08\/Airbus4-860x573.jpg 860w, https:\/\/kapitalis.com\/tunisie\/wp-content\/uploads\/2023\/08\/Airbus4-1160x773.jpg 1160w, https:\/\/kapitalis.com\/tunisie\/wp-content\/uploads\/2023\/08\/Airbus4.jpg 1600w\" sizes=\"auto, (max-width: 1024px) 100vw, 1024px\" \/><\/figure>\n\n\n\n<figure class=\"wp-block-image size-large\"><img loading=\"lazy\" decoding=\"async\" width=\"1024\" height=\"682\" data-id=\"9533901\" src=\"https:\/\/kapitalis.com\/tunisie\/wp-content\/uploads\/2023\/08\/Airbus3-1024x682.jpg\" alt=\"\" class=\"wp-image-9533901\" srcset=\"https:\/\/kapitalis.com\/tunisie\/wp-content\/uploads\/2023\/08\/Airbus3-1024x682.jpg 1024w, https:\/\/kapitalis.com\/tunisie\/wp-content\/uploads\/2023\/08\/Airbus3-300x200.jpg 300w, https:\/\/kapitalis.com\/tunisie\/wp-content\/uploads\/2023\/08\/Airbus3-768x512.jpg 768w, https:\/\/kapitalis.com\/tunisie\/wp-content\/uploads\/2023\/08\/Airbus3-1536x1023.jpg 1536w, https:\/\/kapitalis.com\/tunisie\/wp-content\/uploads\/2023\/08\/Airbus3-580x386.jpg 580w, https:\/\/kapitalis.com\/tunisie\/wp-content\/uploads\/2023\/08\/Airbus3-860x573.jpg 860w, https:\/\/kapitalis.com\/tunisie\/wp-content\/uploads\/2023\/08\/Airbus3-1160x773.jpg 1160w, https:\/\/kapitalis.com\/tunisie\/wp-content\/uploads\/2023\/08\/Airbus3.jpg 1600w\" sizes=\"auto, (max-width: 1024px) 100vw, 1024px\" \/><\/figure>\n\n\n\n<figure class=\"wp-block-image size-large\"><img loading=\"lazy\" decoding=\"async\" width=\"682\" height=\"1024\" data-id=\"9533900\" src=\"https:\/\/kapitalis.com\/tunisie\/wp-content\/uploads\/2023\/08\/Airbus2-682x1024.jpg\" alt=\"\" class=\"wp-image-9533900\" srcset=\"https:\/\/kapitalis.com\/tunisie\/wp-content\/uploads\/2023\/08\/Airbus2-682x1024.jpg 682w, https:\/\/kapitalis.com\/tunisie\/wp-content\/uploads\/2023\/08\/Airbus2-200x300.jpg 200w, https:\/\/kapitalis.com\/tunisie\/wp-content\/uploads\/2023\/08\/Airbus2-768x1153.jpg 768w, https:\/\/kapitalis.com\/tunisie\/wp-content\/uploads\/2023\/08\/Airbus2-1023x1536.jpg 1023w, https:\/\/kapitalis.com\/tunisie\/wp-content\/uploads\/2023\/08\/Airbus2-580x871.jpg 580w, https:\/\/kapitalis.com\/tunisie\/wp-content\/uploads\/2023\/08\/Airbus2-860x1291.jpg 860w, https:\/\/kapitalis.com\/tunisie\/wp-content\/uploads\/2023\/08\/Airbus2.jpg 1066w\" sizes=\"auto, (max-width: 682px) 100vw, 682px\" \/><\/figure>\n\n\n\n<figure class=\"wp-block-image size-large\"><img loading=\"lazy\" decoding=\"async\" width=\"1024\" height=\"682\" data-id=\"9533903\" src=\"https:\/\/kapitalis.com\/tunisie\/wp-content\/uploads\/2023\/08\/Airbus1-1024x682.jpg\" alt=\"\" class=\"wp-image-9533903\" srcset=\"https:\/\/kapitalis.com\/tunisie\/wp-content\/uploads\/2023\/08\/Airbus1-1024x682.jpg 1024w, https:\/\/kapitalis.com\/tunisie\/wp-content\/uploads\/2023\/08\/Airbus1-300x200.jpg 300w, https:\/\/kapitalis.com\/tunisie\/wp-content\/uploads\/2023\/08\/Airbus1-768x512.jpg 768w, https:\/\/kapitalis.com\/tunisie\/wp-content\/uploads\/2023\/08\/Airbus1-1536x1023.jpg 1536w, https:\/\/kapitalis.com\/tunisie\/wp-content\/uploads\/2023\/08\/Airbus1-580x386.jpg 580w, https:\/\/kapitalis.com\/tunisie\/wp-content\/uploads\/2023\/08\/Airbus1-860x573.jpg 860w, https:\/\/kapitalis.com\/tunisie\/wp-content\/uploads\/2023\/08\/Airbus1-1160x773.jpg 1160w, https:\/\/kapitalis.com\/tunisie\/wp-content\/uploads\/2023\/08\/Airbus1.jpg 1600w\" sizes=\"auto, (max-width: 1024px) 100vw, 1024px\" \/><\/figure>\n\n\n\n<figure class=\"wp-block-image size-large\"><img loading=\"lazy\" decoding=\"async\" width=\"593\" height=\"395\" data-id=\"9533899\" src=\"https:\/\/kapitalis.com\/tunisie\/wp-content\/uploads\/2023\/08\/Airbus-A320neo.jpg\" alt=\"\" class=\"wp-image-9533899\" srcset=\"https:\/\/kapitalis.com\/tunisie\/wp-content\/uploads\/2023\/08\/Airbus-A320neo.jpg 593w, https:\/\/kapitalis.com\/tunisie\/wp-content\/uploads\/2023\/08\/Airbus-A320neo-300x200.jpg 300w, https:\/\/kapitalis.com\/tunisie\/wp-content\/uploads\/2023\/08\/Airbus-A320neo-580x386.jpg 580w\" sizes=\"auto, (max-width: 593px) 100vw, 593px\" \/><\/figure>\n<\/figure>\n\n\n\n<p>L&rsquo;avion dispose d\u2019une capacit\u00e9 d\u2019accueil de 150 passagers, 12 si\u00e8ges de premi\u00e8re classe, et 138 si\u00e8ges de classe \u00e9conomique et se distingue par une technologie de pointe permettant de r\u00e9duire la consommation de K\u00e9ros\u00e8ne, pr\u00e9cise encore le minist\u00e8re.<\/p>\n\n\n\n<p class=\"has-text-align-right\"><strong>Y. N.<\/strong><\/p>\n","protected":false},"excerpt":{"rendered":"<p>Tunisie : Tunisair re\u00e7oit un nouvel Airbus A320neo (Photos)<\/p>\n","protected":false},"author":6,"featured_media":9533935,"comment_status":"open","ping_status":"open","sticky":false,"template":"","format":"standard","meta":{"footnotes":""},"categories":[998,2433],"tags":[2180,2375,110596,1501,62643],"class_list":["post-9533812","post","type-post","status-publish","format-standard","has-post-thumbnail","hentry","category-societe","category-tunisie","tag-airbus","tag-compagnie-aerienne","tag-ministetre-transport","tag-tunisair","tag-tunisie"],"yoast_head":"<!-- This site is optimized with the Yoast SEO plugin v26.6 - https:\/\/yoast.com\/wordpress\/plugins\/seo\/ -->\n<title>Tunisie : Tunisair re\u00e7oit un nouvel Airbus A320neo (Photos) - Kapitalis<\/title>\n<meta name=\"description\" content=\"La compagnie nationale Tunisair, a r\u00e9ceptionn\u00e9, ce vendredi 25 ao\u00fbt 2023, Airbus A320neo, le dernier appareil du programme du renforcement de sa flotte nouvelle g\u00e9n\u00e9ration.\" \/>\n<meta name=\"robots\" content=\"index, follow, max-snippet:-1, max-image-preview:large, max-video-preview:-1\" \/>\n<link rel=\"canonical\" href=\"https:\/\/kapitalis.com\/tunisie\/2023\/08\/25\/tunisie-tunisair-recoit-un-nouvel-airbus-a320neo-photos\/\" \/>\n<meta property=\"og:locale\" content=\"fr_FR\" \/>\n<meta property=\"og:type\" content=\"article\" \/>\n<meta property=\"og:title\" content=\"Tunisie : Tunisair re\u00e7oit un nouvel Airbus A320neo (Photos) - Kapitalis\" \/>\n<meta property=\"og:description\" content=\"La compagnie nationale Tunisair, a r\u00e9ceptionn\u00e9, ce vendredi 25 ao\u00fbt 2023, Airbus A320neo, le dernier appareil du programme du renforcement de sa flotte nouvelle g\u00e9n\u00e9ration.\" \/>\n<meta property=\"og:url\" content=\"https:\/\/kapitalis.com\/tunisie\/2023\/08\/25\/tunisie-tunisair-recoit-un-nouvel-airbus-a320neo-photos\/\" \/>\n<meta property=\"og:site_name\" content=\"Kapitalis\" \/>\n<meta property=\"article:publisher\" content=\"https:\/\/www.facebook.com\/KapitalisInfo\/\" \/>\n<meta property=\"article:published_time\" content=\"2023-08-25T21:43:07+00:00\" \/>\n<meta property=\"article:modified_time\" content=\"2023-08-25T22:22:25+00:00\" \/>\n<meta property=\"og:image\" content=\"https:\/\/kapitalis.com\/tunisie\/wp-content\/uploads\/2023\/08\/Airbus-Tunisair.jpg\" \/>\n\t<meta property=\"og:image:width\" content=\"1200\" \/>\n\t<meta property=\"og:image:height\" content=\"630\" \/>\n\t<meta property=\"og:image:type\" content=\"image\/jpeg\" \/>\n<meta name=\"author\" content=\"Yusra NY\" \/>\n<meta name=\"twitter:card\" content=\"summary_large_image\" \/>\n<meta name=\"twitter:creator\" content=\"@KapitalisInfo\" \/>\n<meta name=\"twitter:site\" content=\"@KapitalisInfo\" \/>\n<meta name=\"twitter:label1\" content=\"\u00c9crit par\" \/>\n\t<meta name=\"twitter:data1\" content=\"Yusra NY\" \/>\n\t<meta name=\"twitter:label2\" content=\"Dur\u00e9e de lecture estim\u00e9e\" \/>\n\t<meta name=\"twitter:data2\" content=\"3 minutes\" \/>\n<script type=\"application\/ld+json\" class=\"yoast-schema-graph\">{\"@context\":\"https:\/\/schema.org\",\"@graph\":[{\"@type\":\"Article\",\"@id\":\"https:\/\/kapitalis.com\/tunisie\/2023\/08\/25\/tunisie-tunisair-recoit-un-nouvel-airbus-a320neo-photos\/#article\",\"isPartOf\":{\"@id\":\"https:\/\/kapitalis.com\/tunisie\/2023\/08\/25\/tunisie-tunisair-recoit-un-nouvel-airbus-a320neo-photos\/\"},\"author\":{\"name\":\"Yusra NY\",\"@id\":\"https:\/\/kapitalis.com\/tunisie\/#\/schema\/person\/74bbde0154d49d790a92aaeac5bc01d5\"},\"headline\":\"Tunisie : Tunisair re\u00e7oit un nouvel Airbus A320neo (Photos)\",\"datePublished\":\"2023-08-25T21:43:07+00:00\",\"dateModified\":\"2023-08-25T22:22:25+00:00\",\"mainEntityOfPage\":{\"@id\":\"https:\/\/kapitalis.com\/tunisie\/2023\/08\/25\/tunisie-tunisair-recoit-un-nouvel-airbus-a320neo-photos\/\"},\"wordCount\":133,\"commentCount\":3,\"publisher\":{\"@id\":\"https:\/\/kapitalis.com\/tunisie\/#organization\"},\"image\":{\"@id\":\"https:\/\/kapitalis.com\/tunisie\/2023\/08\/25\/tunisie-tunisair-recoit-un-nouvel-airbus-a320neo-photos\/#primaryimage\"},\"thumbnailUrl\":\"https:\/\/kapitalis.com\/tunisie\/wp-content\/uploads\/2023\/08\/Airbus-Tunisair.jpg\",\"keywords\":[\"Airbus\",\"compagnie a\u00e9rienne\",\"minist\u00e8tre Transport\",\"Tunisair\",\"Tunisie\"],\"articleSection\":[\"SOCIETE\",\"Tunisie\"],\"inLanguage\":\"fr-FR\",\"potentialAction\":[{\"@type\":\"CommentAction\",\"name\":\"Comment\",\"target\":[\"https:\/\/kapitalis.com\/tunisie\/2023\/08\/25\/tunisie-tunisair-recoit-un-nouvel-airbus-a320neo-photos\/#respond\"]}]},{\"@type\":\"WebPage\",\"@id\":\"https:\/\/kapitalis.com\/tunisie\/2023\/08\/25\/tunisie-tunisair-recoit-un-nouvel-airbus-a320neo-photos\/\",\"url\":\"https:\/\/kapitalis.com\/tunisie\/2023\/08\/25\/tunisie-tunisair-recoit-un-nouvel-airbus-a320neo-photos\/\",\"name\":\"Tunisie : Tunisair re\u00e7oit un nouvel Airbus A320neo (Photos) - Kapitalis\",\"isPartOf\":{\"@id\":\"https:\/\/kapitalis.com\/tunisie\/#website\"},\"primaryImageOfPage\":{\"@id\":\"https:\/\/kapitalis.com\/tunisie\/2023\/08\/25\/tunisie-tunisair-recoit-un-nouvel-airbus-a320neo-photos\/#primaryimage\"},\"image\":{\"@id\":\"https:\/\/kapitalis.com\/tunisie\/2023\/08\/25\/tunisie-tunisair-recoit-un-nouvel-airbus-a320neo-photos\/#primaryimage\"},\"thumbnailUrl\":\"https:\/\/kapitalis.com\/tunisie\/wp-content\/uploads\/2023\/08\/Airbus-Tunisair.jpg\",\"datePublished\":\"2023-08-25T21:43:07+00:00\",\"dateModified\":\"2023-08-25T22:22:25+00:00\",\"description\":\"La compagnie nationale Tunisair, a r\u00e9ceptionn\u00e9, ce vendredi 25 ao\u00fbt 2023, Airbus A320neo, le dernier appareil du programme du renforcement de sa flotte nouvelle g\u00e9n\u00e9ration.\",\"breadcrumb\":{\"@id\":\"https:\/\/kapitalis.com\/tunisie\/2023\/08\/25\/tunisie-tunisair-recoit-un-nouvel-airbus-a320neo-photos\/#breadcrumb\"},\"inLanguage\":\"fr-FR\",\"potentialAction\":[{\"@type\":\"ReadAction\",\"target\":[\"https:\/\/kapitalis.com\/tunisie\/2023\/08\/25\/tunisie-tunisair-recoit-un-nouvel-airbus-a320neo-photos\/\"]}]},{\"@type\":\"ImageObject\",\"inLanguage\":\"fr-FR\",\"@id\":\"https:\/\/kapitalis.com\/tunisie\/2023\/08\/25\/tunisie-tunisair-recoit-un-nouvel-airbus-a320neo-photos\/#primaryimage\",\"url\":\"https:\/\/kapitalis.com\/tunisie\/wp-content\/uploads\/2023\/08\/Airbus-Tunisair.jpg\",\"contentUrl\":\"https:\/\/kapitalis.com\/tunisie\/wp-content\/uploads\/2023\/08\/Airbus-Tunisair.jpg\",\"width\":1200,\"height\":630},{\"@type\":\"BreadcrumbList\",\"@id\":\"https:\/\/kapitalis.com\/tunisie\/2023\/08\/25\/tunisie-tunisair-recoit-un-nouvel-airbus-a320neo-photos\/#breadcrumb\",\"itemListElement\":[{\"@type\":\"ListItem\",\"position\":1,\"name\":\"Accueil\",\"item\":\"https:\/\/kapitalis.com\/tunisie\/\"},{\"@type\":\"ListItem\",\"position\":2,\"name\":\"Tunisie : Tunisair re\u00e7oit un nouvel Airbus A320neo (Photos)\"}]},{\"@type\":\"WebSite\",\"@id\":\"https:\/\/kapitalis.com\/tunisie\/#website\",\"url\":\"https:\/\/kapitalis.com\/tunisie\/\",\"name\":\"Kapitalis\",\"description\":\"L&#039;actualit\u00e9 en Tunisie et dans le monde\",\"publisher\":{\"@id\":\"https:\/\/kapitalis.com\/tunisie\/#organization\"},\"potentialAction\":[{\"@type\":\"SearchAction\",\"target\":{\"@type\":\"EntryPoint\",\"urlTemplate\":\"https:\/\/kapitalis.com\/tunisie\/?s={search_term_string}\"},\"query-input\":{\"@type\":\"PropertyValueSpecification\",\"valueRequired\":true,\"valueName\":\"search_term_string\"}}],\"inLanguage\":\"fr-FR\"},{\"@type\":\"Organization\",\"@id\":\"https:\/\/kapitalis.com\/tunisie\/#organization\",\"name\":\"Kapitalis\",\"url\":\"https:\/\/kapitalis.com\/tunisie\/\",\"logo\":{\"@type\":\"ImageObject\",\"inLanguage\":\"fr-FR\",\"@id\":\"https:\/\/kapitalis.com\/tunisie\/#\/schema\/logo\/image\/\",\"url\":\"https:\/\/kapitalis.com\/tunisie\/wp-content\/uploads\/2022\/05\/Kapitalis-big-size.png\",\"contentUrl\":\"https:\/\/kapitalis.com\/tunisie\/wp-content\/uploads\/2022\/05\/Kapitalis-big-size.png\",\"width\":5000,\"height\":1500,\"caption\":\"Kapitalis\"},\"image\":{\"@id\":\"https:\/\/kapitalis.com\/tunisie\/#\/schema\/logo\/image\/\"},\"sameAs\":[\"https:\/\/www.facebook.com\/KapitalisInfo\/\",\"https:\/\/x.com\/KapitalisInfo\",\"https:\/\/www.youtube.com\/channel\/UC-yDYrHyfFBWWZaOw3FPg9Q\"]},{\"@type\":\"Person\",\"@id\":\"https:\/\/kapitalis.com\/tunisie\/#\/schema\/person\/74bbde0154d49d790a92aaeac5bc01d5\",\"name\":\"Yusra NY\",\"url\":\"https:\/\/kapitalis.com\/tunisie\/author\/yuza_adam\/\"}]}<\/script>\n<!-- \/ Yoast SEO plugin. -->","yoast_head_json":{"title":"Tunisie : Tunisair re\u00e7oit un nouvel Airbus A320neo (Photos) - Kapitalis","description":"La compagnie nationale Tunisair, a r\u00e9ceptionn\u00e9, ce vendredi 25 ao\u00fbt 2023, Airbus A320neo, le dernier appareil du programme du renforcement de sa flotte nouvelle g\u00e9n\u00e9ration.","robots":{"index":"index","follow":"follow","max-snippet":"max-snippet:-1","max-image-preview":"max-image-preview:large","max-video-preview":"max-video-preview:-1"},"canonical":"https:\/\/kapitalis.com\/tunisie\/2023\/08\/25\/tunisie-tunisair-recoit-un-nouvel-airbus-a320neo-photos\/","og_locale":"fr_FR","og_type":"article","og_title":"Tunisie : Tunisair re\u00e7oit un nouvel Airbus A320neo (Photos) - Kapitalis","og_description":"La compagnie nationale Tunisair, a r\u00e9ceptionn\u00e9, ce vendredi 25 ao\u00fbt 2023, Airbus A320neo, le dernier appareil du programme du renforcement de sa flotte nouvelle g\u00e9n\u00e9ration.","og_url":"https:\/\/kapitalis.com\/tunisie\/2023\/08\/25\/tunisie-tunisair-recoit-un-nouvel-airbus-a320neo-photos\/","og_site_name":"Kapitalis","article_publisher":"https:\/\/www.facebook.com\/KapitalisInfo\/","article_published_time":"2023-08-25T21:43:07+00:00","article_modified_time":"2023-08-25T22:22:25+00:00","og_image":[{"width":1200,"height":630,"url":"https:\/\/kapitalis.com\/tunisie\/wp-content\/uploads\/2023\/08\/Airbus-Tunisair.jpg","type":"image\/jpeg"}],"author":"Yusra NY","twitter_card":"summary_large_image","twitter_creator":"@KapitalisInfo","twitter_site":"@KapitalisInfo","twitter_misc":{"\u00c9crit par":"Yusra NY","Dur\u00e9e de lecture estim\u00e9e":"3 minutes"},"schema":{"@context":"https:\/\/schema.org","@graph":[{"@type":"Article","@id":"https:\/\/kapitalis.com\/tunisie\/2023\/08\/25\/tunisie-tunisair-recoit-un-nouvel-airbus-a320neo-photos\/#article","isPartOf":{"@id":"https:\/\/kapitalis.com\/tunisie\/2023\/08\/25\/tunisie-tunisair-recoit-un-nouvel-airbus-a320neo-photos\/"},"author":{"name":"Yusra NY","@id":"https:\/\/kapitalis.com\/tunisie\/#\/schema\/person\/74bbde0154d49d790a92aaeac5bc01d5"},"headline":"Tunisie : Tunisair re\u00e7oit un nouvel Airbus A320neo (Photos)","datePublished":"2023-08-25T21:43:07+00:00","dateModified":"2023-08-25T22:22:25+00:00","mainEntityOfPage":{"@id":"https:\/\/kapitalis.com\/tunisie\/2023\/08\/25\/tunisie-tunisair-recoit-un-nouvel-airbus-a320neo-photos\/"},"wordCount":133,"commentCount":3,"publisher":{"@id":"https:\/\/kapitalis.com\/tunisie\/#organization"},"image":{"@id":"https:\/\/kapitalis.com\/tunisie\/2023\/08\/25\/tunisie-tunisair-recoit-un-nouvel-airbus-a320neo-photos\/#primaryimage"},"thumbnailUrl":"https:\/\/kapitalis.com\/tunisie\/wp-content\/uploads\/2023\/08\/Airbus-Tunisair.jpg","keywords":["Airbus","compagnie a\u00e9rienne","minist\u00e8tre Transport","Tunisair","Tunisie"],"articleSection":["SOCIETE","Tunisie"],"inLanguage":"fr-FR","potentialAction":[{"@type":"CommentAction","name":"Comment","target":["https:\/\/kapitalis.com\/tunisie\/2023\/08\/25\/tunisie-tunisair-recoit-un-nouvel-airbus-a320neo-photos\/#respond"]}]},{"@type":"WebPage","@id":"https:\/\/kapitalis.com\/tunisie\/2023\/08\/25\/tunisie-tunisair-recoit-un-nouvel-airbus-a320neo-photos\/","url":"https:\/\/kapitalis.com\/tunisie\/2023\/08\/25\/tunisie-tunisair-recoit-un-nouvel-airbus-a320neo-photos\/","name":"Tunisie : Tunisair re\u00e7oit un nouvel Airbus A320neo (Photos) - Kapitalis","isPartOf":{"@id":"https:\/\/kapitalis.com\/tunisie\/#website"},"primaryImageOfPage":{"@id":"https:\/\/kapitalis.com\/tunisie\/2023\/08\/25\/tunisie-tunisair-recoit-un-nouvel-airbus-a320neo-photos\/#primaryimage"},"image":{"@id":"https:\/\/kapitalis.com\/tunisie\/2023\/08\/25\/tunisie-tunisair-recoit-un-nouvel-airbus-a320neo-photos\/#primaryimage"},"thumbnailUrl":"https:\/\/kapitalis.com\/tunisie\/wp-content\/uploads\/2023\/08\/Airbus-Tunisair.jpg","datePublished":"2023-08-25T21:43:07+00:00","dateModified":"2023-08-25T22:22:25+00:00","description":"La compagnie nationale Tunisair, a r\u00e9ceptionn\u00e9, ce vendredi 25 ao\u00fbt 2023, Airbus A320neo, le dernier appareil du programme du renforcement de sa flotte nouvelle g\u00e9n\u00e9ration.","breadcrumb":{"@id":"https:\/\/kapitalis.com\/tunisie\/2023\/08\/25\/tunisie-tunisair-recoit-un-nouvel-airbus-a320neo-photos\/#breadcrumb"},"inLanguage":"fr-FR","potentialAction":[{"@type":"ReadAction","target":["https:\/\/kapitalis.com\/tunisie\/2023\/08\/25\/tunisie-tunisair-recoit-un-nouvel-airbus-a320neo-photos\/"]}]},{"@type":"ImageObject","inLanguage":"fr-FR","@id":"https:\/\/kapitalis.com\/tunisie\/2023\/08\/25\/tunisie-tunisair-recoit-un-nouvel-airbus-a320neo-photos\/#primaryimage","url":"https:\/\/kapitalis.com\/tunisie\/wp-content\/uploads\/2023\/08\/Airbus-Tunisair.jpg","contentUrl":"https:\/\/kapitalis.com\/tunisie\/wp-content\/uploads\/2023\/08\/Airbus-Tunisair.jpg","width":1200,"height":630},{"@type":"BreadcrumbList","@id":"https:\/\/kapitalis.com\/tunisie\/2023\/08\/25\/tunisie-tunisair-recoit-un-nouvel-airbus-a320neo-photos\/#breadcrumb","itemListElement":[{"@type":"ListItem","position":1,"name":"Accueil","item":"https:\/\/kapitalis.com\/tunisie\/"},{"@type":"ListItem","position":2,"name":"Tunisie : Tunisair re\u00e7oit un nouvel Airbus A320neo (Photos)"}]},{"@type":"WebSite","@id":"https:\/\/kapitalis.com\/tunisie\/#website","url":"https:\/\/kapitalis.com\/tunisie\/","name":"Kapitalis","description":"L&#039;actualit\u00e9 en Tunisie et dans le monde","publisher":{"@id":"https:\/\/kapitalis.com\/tunisie\/#organization"},"potentialAction":[{"@type":"SearchAction","target":{"@type":"EntryPoint","urlTemplate":"https:\/\/kapitalis.com\/tunisie\/?s={search_term_string}"},"query-input":{"@type":"PropertyValueSpecification","valueRequired":true,"valueName":"search_term_string"}}],"inLanguage":"fr-FR"},{"@type":"Organization","@id":"https:\/\/kapitalis.com\/tunisie\/#organization","name":"Kapitalis","url":"https:\/\/kapitalis.com\/tunisie\/","logo":{"@type":"ImageObject","inLanguage":"fr-FR","@id":"https:\/\/kapitalis.com\/tunisie\/#\/schema\/logo\/image\/","url":"https:\/\/kapitalis.com\/tunisie\/wp-content\/uploads\/2022\/05\/Kapitalis-big-size.png","contentUrl":"https:\/\/kapitalis.com\/tunisie\/wp-content\/uploads\/2022\/05\/Kapitalis-big-size.png","width":5000,"height":1500,"caption":"Kapitalis"},"image":{"@id":"https:\/\/kapitalis.com\/tunisie\/#\/schema\/logo\/image\/"},"sameAs":["https:\/\/www.facebook.com\/KapitalisInfo\/","https:\/\/x.com\/KapitalisInfo","https:\/\/www.youtube.com\/channel\/UC-yDYrHyfFBWWZaOw3FPg9Q"]},{"@type":"Person","@id":"https:\/\/kapitalis.com\/tunisie\/#\/schema\/person\/74bbde0154d49d790a92aaeac5bc01d5","name":"Yusra NY","url":"https:\/\/kapitalis.com\/tunisie\/author\/yuza_adam\/"}]}},"_links":{"self":[{"href":"https:\/\/kapitalis.com\/tunisie\/wp-json\/wp\/v2\/posts\/9533812","targetHints":{"allow":["GET"]}}],"collection":[{"href":"https:\/\/kapitalis.com\/tunisie\/wp-json\/wp\/v2\/posts"}],"about":[{"href":"https:\/\/kapitalis.com\/tunisie\/wp-json\/wp\/v2\/types\/post"}],"author":[{"embeddable":true,"href":"https:\/\/kapitalis.com\/tunisie\/wp-json\/wp\/v2\/users\/6"}],"replies":[{"embeddable":true,"href":"https:\/\/kapitalis.com\/tunisie\/wp-json\/wp\/v2\/comments?post=9533812"}],"version-history":[{"count":2,"href":"https:\/\/kapitalis.com\/tunisie\/wp-json\/wp\/v2\/posts\/9533812\/revisions"}],"predecessor-version":[{"id":9534736,"href":"https:\/\/kapitalis.com\/tunisie\/wp-json\/wp\/v2\/posts\/9533812\/revisions\/9534736"}],"wp:featuredmedia":[{"embeddable":true,"href":"https:\/\/kapitalis.com\/tunisie\/wp-json\/wp\/v2\/media\/9533935"}],"wp:attachment":[{"href":"https:\/\/kapitalis.com\/tunisie\/wp-json\/wp\/v2\/media?parent=9533812"}],"wp:term":[{"taxonomy":"category","embeddable":true,"href":"https:\/\/kapitalis.com\/tunisie\/wp-json\/wp\/v2\/categories?post=9533812"},{"taxonomy":"post_tag","embeddable":true,"href":"https:\/\/kapitalis.com\/tunisie\/wp-json\/wp\/v2\/tags?post=9533812"}],"curies":[{"name":"wp","href":"https:\/\/api.w.org\/{rel}","templated":true}]}}