{"id":9544048,"date":"2023-08-27T00:40:49","date_gmt":"2023-08-26T23:40:49","guid":{"rendered":"https:\/\/kapitalis.com\/tunisie\/?p=9544048"},"modified":"2023-08-27T00:40:51","modified_gmt":"2023-08-26T23:40:51","slug":"tunisie-lonat-deplore-le-deces-de-me-hedi-triki","status":"publish","type":"post","link":"https:\/\/kapitalis.com\/tunisie\/2023\/08\/27\/tunisie-lonat-deplore-le-deces-de-me-hedi-triki\/","title":{"rendered":"Tunisie : L&rsquo;Onat d\u00e9plore le d\u00e9c\u00e8s de Me Hedi Triki"},"content":{"rendered":"\n<p><strong><em>L\u2019Ordre national des avocats de Tunisie (Onat) a d\u00e9plor\u00e9, ce samedi 26 ao\u00fbt 2023, le d\u00e9c\u00e8s de son ancien secr\u00e9taire g\u00e9n\u00e9ral Me Hedi Triki, qui a tir\u00e9 sa r\u00e9v\u00e9rence \u00e0 l\u2019\u00e2ge de 75 ans.<\/em><\/strong><\/p>\n\n\n\n<!--more-->\n\n\n\n<p>L&rsquo;Onat a pr\u00e9sent\u00e9 ses condol\u00e9ances \u00e0 la famille de Me Triki, ses cons\u0153urs et confr\u00e8res, tout en rappelant que le regrett\u00e9 qui a exerc\u00e9 la profession d\u2019avocat pendant 44 ans, avait \u00e9galement occup\u00e9 le poste de directeur de l\u2019Institut sup\u00e9rieur de la profession d\u2019avocat.<\/p>\n\n\n\n<p>N\u00e9 \u00e0 Sfax le 11 avril 1948, Hedi Triki membre du Conseil de l\u2019ordre durant plusieurs mandats, est l\u2019une des figures de la profession d\u2019avocat en Tunisie, ajoute encore l&rsquo;Onat.<\/p>\n\n\n\n<p class=\"has-text-align-right\"><strong>Y. N.<\/strong><\/p>\n","protected":false},"excerpt":{"rendered":"<p>Tunisie : L&rsquo;Onat d\u00e9plore le d\u00e9c\u00e8s de Me Hedi Triki<\/p>\n","protected":false},"author":6,"featured_media":9544069,"comment_status":"open","ping_status":"open","sticky":false,"template":"","format":"standard","meta":{"footnotes":""},"categories":[998,2433],"tags":[114,64263,110611,9201,823,62643],"class_list":["post-9544048","post","type-post","status-publish","format-standard","has-post-thumbnail","hentry","category-societe","category-tunisie","tag-avocat","tag-deces","tag-hedi-triki","tag-onat","tag-sfax","tag-tunisie"],"yoast_head":"<!-- This site is optimized with the Yoast SEO plugin v26.6 - https:\/\/yoast.com\/wordpress\/plugins\/seo\/ -->\n<title>Tunisie : L&#039;Onat d\u00e9plore le d\u00e9c\u00e8s de Me Hedi Triki - Kapitalis<\/title>\n<meta name=\"description\" content=\"L\u2019Ordre national des avocats de Tunisie (Onat) a d\u00e9plor\u00e9, ce samedi 26 ao\u00fbt 2023, le d\u00e9c\u00e8s de son ancien secr\u00e9taire g\u00e9n\u00e9ral Me Hedi Triki, qui a tir\u00e9 sa r\u00e9v\u00e9rence \u00e0 l\u2019\u00e2ge de 75 ans.\" \/>\n<meta name=\"robots\" content=\"index, follow, max-snippet:-1, max-image-preview:large, max-video-preview:-1\" \/>\n<link rel=\"canonical\" href=\"https:\/\/kapitalis.com\/tunisie\/2023\/08\/27\/tunisie-lonat-deplore-le-deces-de-me-hedi-triki\/\" \/>\n<meta property=\"og:locale\" content=\"fr_FR\" \/>\n<meta property=\"og:type\" content=\"article\" \/>\n<meta property=\"og:title\" content=\"Tunisie : L&#039;Onat d\u00e9plore le d\u00e9c\u00e8s de Me Hedi Triki - Kapitalis\" \/>\n<meta property=\"og:description\" content=\"L\u2019Ordre national des avocats de Tunisie (Onat) a d\u00e9plor\u00e9, ce samedi 26 ao\u00fbt 2023, le d\u00e9c\u00e8s de son ancien secr\u00e9taire g\u00e9n\u00e9ral Me Hedi Triki, qui a tir\u00e9 sa r\u00e9v\u00e9rence \u00e0 l\u2019\u00e2ge de 75 ans.\" \/>\n<meta property=\"og:url\" content=\"https:\/\/kapitalis.com\/tunisie\/2023\/08\/27\/tunisie-lonat-deplore-le-deces-de-me-hedi-triki\/\" \/>\n<meta property=\"og:site_name\" content=\"Kapitalis\" \/>\n<meta property=\"article:publisher\" content=\"https:\/\/www.facebook.com\/KapitalisInfo\/\" \/>\n<meta property=\"article:published_time\" content=\"2023-08-26T23:40:49+00:00\" \/>\n<meta property=\"article:modified_time\" content=\"2023-08-26T23:40:51+00:00\" \/>\n<meta property=\"og:image\" content=\"https:\/\/kapitalis.com\/tunisie\/wp-content\/uploads\/2023\/08\/Me-Hedi-Triki.jpg\" \/>\n\t<meta property=\"og:image:width\" content=\"1200\" \/>\n\t<meta property=\"og:image:height\" content=\"630\" \/>\n\t<meta property=\"og:image:type\" content=\"image\/jpeg\" \/>\n<meta name=\"author\" content=\"Yusra NY\" \/>\n<meta name=\"twitter:card\" content=\"summary_large_image\" \/>\n<meta name=\"twitter:creator\" content=\"@KapitalisInfo\" \/>\n<meta name=\"twitter:site\" content=\"@KapitalisInfo\" \/>\n<meta name=\"twitter:label1\" content=\"\u00c9crit par\" \/>\n\t<meta name=\"twitter:data1\" content=\"Yusra NY\" \/>\n\t<meta name=\"twitter:label2\" content=\"Dur\u00e9e de lecture estim\u00e9e\" \/>\n\t<meta name=\"twitter:data2\" content=\"1 minute\" \/>\n<script type=\"application\/ld+json\" class=\"yoast-schema-graph\">{\"@context\":\"https:\/\/schema.org\",\"@graph\":[{\"@type\":\"Article\",\"@id\":\"https:\/\/kapitalis.com\/tunisie\/2023\/08\/27\/tunisie-lonat-deplore-le-deces-de-me-hedi-triki\/#article\",\"isPartOf\":{\"@id\":\"https:\/\/kapitalis.com\/tunisie\/2023\/08\/27\/tunisie-lonat-deplore-le-deces-de-me-hedi-triki\/\"},\"author\":{\"name\":\"Yusra NY\",\"@id\":\"https:\/\/kapitalis.com\/tunisie\/#\/schema\/person\/74bbde0154d49d790a92aaeac5bc01d5\"},\"headline\":\"Tunisie : L&rsquo;Onat d\u00e9plore le d\u00e9c\u00e8s de Me Hedi Triki\",\"datePublished\":\"2023-08-26T23:40:49+00:00\",\"dateModified\":\"2023-08-26T23:40:51+00:00\",\"mainEntityOfPage\":{\"@id\":\"https:\/\/kapitalis.com\/tunisie\/2023\/08\/27\/tunisie-lonat-deplore-le-deces-de-me-hedi-triki\/\"},\"wordCount\":135,\"commentCount\":0,\"publisher\":{\"@id\":\"https:\/\/kapitalis.com\/tunisie\/#organization\"},\"image\":{\"@id\":\"https:\/\/kapitalis.com\/tunisie\/2023\/08\/27\/tunisie-lonat-deplore-le-deces-de-me-hedi-triki\/#primaryimage\"},\"thumbnailUrl\":\"https:\/\/kapitalis.com\/tunisie\/wp-content\/uploads\/2023\/08\/Me-Hedi-Triki.jpg\",\"keywords\":[\"avocat\",\"d\u00e9c\u00e8s\",\"Hedi Triki\",\"Onat\",\"Sfax\",\"Tunisie\"],\"articleSection\":[\"SOCIETE\",\"Tunisie\"],\"inLanguage\":\"fr-FR\",\"potentialAction\":[{\"@type\":\"CommentAction\",\"name\":\"Comment\",\"target\":[\"https:\/\/kapitalis.com\/tunisie\/2023\/08\/27\/tunisie-lonat-deplore-le-deces-de-me-hedi-triki\/#respond\"]}]},{\"@type\":\"WebPage\",\"@id\":\"https:\/\/kapitalis.com\/tunisie\/2023\/08\/27\/tunisie-lonat-deplore-le-deces-de-me-hedi-triki\/\",\"url\":\"https:\/\/kapitalis.com\/tunisie\/2023\/08\/27\/tunisie-lonat-deplore-le-deces-de-me-hedi-triki\/\",\"name\":\"Tunisie : L'Onat d\u00e9plore le d\u00e9c\u00e8s de Me Hedi Triki - Kapitalis\",\"isPartOf\":{\"@id\":\"https:\/\/kapitalis.com\/tunisie\/#website\"},\"primaryImageOfPage\":{\"@id\":\"https:\/\/kapitalis.com\/tunisie\/2023\/08\/27\/tunisie-lonat-deplore-le-deces-de-me-hedi-triki\/#primaryimage\"},\"image\":{\"@id\":\"https:\/\/kapitalis.com\/tunisie\/2023\/08\/27\/tunisie-lonat-deplore-le-deces-de-me-hedi-triki\/#primaryimage\"},\"thumbnailUrl\":\"https:\/\/kapitalis.com\/tunisie\/wp-content\/uploads\/2023\/08\/Me-Hedi-Triki.jpg\",\"datePublished\":\"2023-08-26T23:40:49+00:00\",\"dateModified\":\"2023-08-26T23:40:51+00:00\",\"description\":\"L\u2019Ordre national des avocats de Tunisie (Onat) a d\u00e9plor\u00e9, ce samedi 26 ao\u00fbt 2023, le d\u00e9c\u00e8s de son ancien secr\u00e9taire g\u00e9n\u00e9ral Me Hedi Triki, qui a tir\u00e9 sa r\u00e9v\u00e9rence \u00e0 l\u2019\u00e2ge de 75 ans.\",\"breadcrumb\":{\"@id\":\"https:\/\/kapitalis.com\/tunisie\/2023\/08\/27\/tunisie-lonat-deplore-le-deces-de-me-hedi-triki\/#breadcrumb\"},\"inLanguage\":\"fr-FR\",\"potentialAction\":[{\"@type\":\"ReadAction\",\"target\":[\"https:\/\/kapitalis.com\/tunisie\/2023\/08\/27\/tunisie-lonat-deplore-le-deces-de-me-hedi-triki\/\"]}]},{\"@type\":\"ImageObject\",\"inLanguage\":\"fr-FR\",\"@id\":\"https:\/\/kapitalis.com\/tunisie\/2023\/08\/27\/tunisie-lonat-deplore-le-deces-de-me-hedi-triki\/#primaryimage\",\"url\":\"https:\/\/kapitalis.com\/tunisie\/wp-content\/uploads\/2023\/08\/Me-Hedi-Triki.jpg\",\"contentUrl\":\"https:\/\/kapitalis.com\/tunisie\/wp-content\/uploads\/2023\/08\/Me-Hedi-Triki.jpg\",\"width\":1200,\"height\":630},{\"@type\":\"BreadcrumbList\",\"@id\":\"https:\/\/kapitalis.com\/tunisie\/2023\/08\/27\/tunisie-lonat-deplore-le-deces-de-me-hedi-triki\/#breadcrumb\",\"itemListElement\":[{\"@type\":\"ListItem\",\"position\":1,\"name\":\"Accueil\",\"item\":\"https:\/\/kapitalis.com\/tunisie\/\"},{\"@type\":\"ListItem\",\"position\":2,\"name\":\"Tunisie : L&rsquo;Onat d\u00e9plore le d\u00e9c\u00e8s de Me Hedi Triki\"}]},{\"@type\":\"WebSite\",\"@id\":\"https:\/\/kapitalis.com\/tunisie\/#website\",\"url\":\"https:\/\/kapitalis.com\/tunisie\/\",\"name\":\"Kapitalis\",\"description\":\"L&#039;actualit\u00e9 en Tunisie et dans le monde\",\"publisher\":{\"@id\":\"https:\/\/kapitalis.com\/tunisie\/#organization\"},\"potentialAction\":[{\"@type\":\"SearchAction\",\"target\":{\"@type\":\"EntryPoint\",\"urlTemplate\":\"https:\/\/kapitalis.com\/tunisie\/?s={search_term_string}\"},\"query-input\":{\"@type\":\"PropertyValueSpecification\",\"valueRequired\":true,\"valueName\":\"search_term_string\"}}],\"inLanguage\":\"fr-FR\"},{\"@type\":\"Organization\",\"@id\":\"https:\/\/kapitalis.com\/tunisie\/#organization\",\"name\":\"Kapitalis\",\"url\":\"https:\/\/kapitalis.com\/tunisie\/\",\"logo\":{\"@type\":\"ImageObject\",\"inLanguage\":\"fr-FR\",\"@id\":\"https:\/\/kapitalis.com\/tunisie\/#\/schema\/logo\/image\/\",\"url\":\"https:\/\/kapitalis.com\/tunisie\/wp-content\/uploads\/2022\/05\/Kapitalis-big-size.png\",\"contentUrl\":\"https:\/\/kapitalis.com\/tunisie\/wp-content\/uploads\/2022\/05\/Kapitalis-big-size.png\",\"width\":5000,\"height\":1500,\"caption\":\"Kapitalis\"},\"image\":{\"@id\":\"https:\/\/kapitalis.com\/tunisie\/#\/schema\/logo\/image\/\"},\"sameAs\":[\"https:\/\/www.facebook.com\/KapitalisInfo\/\",\"https:\/\/x.com\/KapitalisInfo\",\"https:\/\/www.youtube.com\/channel\/UC-yDYrHyfFBWWZaOw3FPg9Q\"]},{\"@type\":\"Person\",\"@id\":\"https:\/\/kapitalis.com\/tunisie\/#\/schema\/person\/74bbde0154d49d790a92aaeac5bc01d5\",\"name\":\"Yusra NY\",\"url\":\"https:\/\/kapitalis.com\/tunisie\/author\/yuza_adam\/\"}]}<\/script>\n<!-- \/ Yoast SEO plugin. -->","yoast_head_json":{"title":"Tunisie : L'Onat d\u00e9plore le d\u00e9c\u00e8s de Me Hedi Triki - Kapitalis","description":"L\u2019Ordre national des avocats de Tunisie (Onat) a d\u00e9plor\u00e9, ce samedi 26 ao\u00fbt 2023, le d\u00e9c\u00e8s de son ancien secr\u00e9taire g\u00e9n\u00e9ral Me Hedi Triki, qui a tir\u00e9 sa r\u00e9v\u00e9rence \u00e0 l\u2019\u00e2ge de 75 ans.","robots":{"index":"index","follow":"follow","max-snippet":"max-snippet:-1","max-image-preview":"max-image-preview:large","max-video-preview":"max-video-preview:-1"},"canonical":"https:\/\/kapitalis.com\/tunisie\/2023\/08\/27\/tunisie-lonat-deplore-le-deces-de-me-hedi-triki\/","og_locale":"fr_FR","og_type":"article","og_title":"Tunisie : L'Onat d\u00e9plore le d\u00e9c\u00e8s de Me Hedi Triki - Kapitalis","og_description":"L\u2019Ordre national des avocats de Tunisie (Onat) a d\u00e9plor\u00e9, ce samedi 26 ao\u00fbt 2023, le d\u00e9c\u00e8s de son ancien secr\u00e9taire g\u00e9n\u00e9ral Me Hedi Triki, qui a tir\u00e9 sa r\u00e9v\u00e9rence \u00e0 l\u2019\u00e2ge de 75 ans.","og_url":"https:\/\/kapitalis.com\/tunisie\/2023\/08\/27\/tunisie-lonat-deplore-le-deces-de-me-hedi-triki\/","og_site_name":"Kapitalis","article_publisher":"https:\/\/www.facebook.com\/KapitalisInfo\/","article_published_time":"2023-08-26T23:40:49+00:00","article_modified_time":"2023-08-26T23:40:51+00:00","og_image":[{"width":1200,"height":630,"url":"https:\/\/kapitalis.com\/tunisie\/wp-content\/uploads\/2023\/08\/Me-Hedi-Triki.jpg","type":"image\/jpeg"}],"author":"Yusra NY","twitter_card":"summary_large_image","twitter_creator":"@KapitalisInfo","twitter_site":"@KapitalisInfo","twitter_misc":{"\u00c9crit par":"Yusra NY","Dur\u00e9e de lecture estim\u00e9e":"1 minute"},"schema":{"@context":"https:\/\/schema.org","@graph":[{"@type":"Article","@id":"https:\/\/kapitalis.com\/tunisie\/2023\/08\/27\/tunisie-lonat-deplore-le-deces-de-me-hedi-triki\/#article","isPartOf":{"@id":"https:\/\/kapitalis.com\/tunisie\/2023\/08\/27\/tunisie-lonat-deplore-le-deces-de-me-hedi-triki\/"},"author":{"name":"Yusra NY","@id":"https:\/\/kapitalis.com\/tunisie\/#\/schema\/person\/74bbde0154d49d790a92aaeac5bc01d5"},"headline":"Tunisie : L&rsquo;Onat d\u00e9plore le d\u00e9c\u00e8s de Me Hedi Triki","datePublished":"2023-08-26T23:40:49+00:00","dateModified":"2023-08-26T23:40:51+00:00","mainEntityOfPage":{"@id":"https:\/\/kapitalis.com\/tunisie\/2023\/08\/27\/tunisie-lonat-deplore-le-deces-de-me-hedi-triki\/"},"wordCount":135,"commentCount":0,"publisher":{"@id":"https:\/\/kapitalis.com\/tunisie\/#organization"},"image":{"@id":"https:\/\/kapitalis.com\/tunisie\/2023\/08\/27\/tunisie-lonat-deplore-le-deces-de-me-hedi-triki\/#primaryimage"},"thumbnailUrl":"https:\/\/kapitalis.com\/tunisie\/wp-content\/uploads\/2023\/08\/Me-Hedi-Triki.jpg","keywords":["avocat","d\u00e9c\u00e8s","Hedi Triki","Onat","Sfax","Tunisie"],"articleSection":["SOCIETE","Tunisie"],"inLanguage":"fr-FR","potentialAction":[{"@type":"CommentAction","name":"Comment","target":["https:\/\/kapitalis.com\/tunisie\/2023\/08\/27\/tunisie-lonat-deplore-le-deces-de-me-hedi-triki\/#respond"]}]},{"@type":"WebPage","@id":"https:\/\/kapitalis.com\/tunisie\/2023\/08\/27\/tunisie-lonat-deplore-le-deces-de-me-hedi-triki\/","url":"https:\/\/kapitalis.com\/tunisie\/2023\/08\/27\/tunisie-lonat-deplore-le-deces-de-me-hedi-triki\/","name":"Tunisie : L'Onat d\u00e9plore le d\u00e9c\u00e8s de Me Hedi Triki - Kapitalis","isPartOf":{"@id":"https:\/\/kapitalis.com\/tunisie\/#website"},"primaryImageOfPage":{"@id":"https:\/\/kapitalis.com\/tunisie\/2023\/08\/27\/tunisie-lonat-deplore-le-deces-de-me-hedi-triki\/#primaryimage"},"image":{"@id":"https:\/\/kapitalis.com\/tunisie\/2023\/08\/27\/tunisie-lonat-deplore-le-deces-de-me-hedi-triki\/#primaryimage"},"thumbnailUrl":"https:\/\/kapitalis.com\/tunisie\/wp-content\/uploads\/2023\/08\/Me-Hedi-Triki.jpg","datePublished":"2023-08-26T23:40:49+00:00","dateModified":"2023-08-26T23:40:51+00:00","description":"L\u2019Ordre national des avocats de Tunisie (Onat) a d\u00e9plor\u00e9, ce samedi 26 ao\u00fbt 2023, le d\u00e9c\u00e8s de son ancien secr\u00e9taire g\u00e9n\u00e9ral Me Hedi Triki, qui a tir\u00e9 sa r\u00e9v\u00e9rence \u00e0 l\u2019\u00e2ge de 75 ans.","breadcrumb":{"@id":"https:\/\/kapitalis.com\/tunisie\/2023\/08\/27\/tunisie-lonat-deplore-le-deces-de-me-hedi-triki\/#breadcrumb"},"inLanguage":"fr-FR","potentialAction":[{"@type":"ReadAction","target":["https:\/\/kapitalis.com\/tunisie\/2023\/08\/27\/tunisie-lonat-deplore-le-deces-de-me-hedi-triki\/"]}]},{"@type":"ImageObject","inLanguage":"fr-FR","@id":"https:\/\/kapitalis.com\/tunisie\/2023\/08\/27\/tunisie-lonat-deplore-le-deces-de-me-hedi-triki\/#primaryimage","url":"https:\/\/kapitalis.com\/tunisie\/wp-content\/uploads\/2023\/08\/Me-Hedi-Triki.jpg","contentUrl":"https:\/\/kapitalis.com\/tunisie\/wp-content\/uploads\/2023\/08\/Me-Hedi-Triki.jpg","width":1200,"height":630},{"@type":"BreadcrumbList","@id":"https:\/\/kapitalis.com\/tunisie\/2023\/08\/27\/tunisie-lonat-deplore-le-deces-de-me-hedi-triki\/#breadcrumb","itemListElement":[{"@type":"ListItem","position":1,"name":"Accueil","item":"https:\/\/kapitalis.com\/tunisie\/"},{"@type":"ListItem","position":2,"name":"Tunisie : L&rsquo;Onat d\u00e9plore le d\u00e9c\u00e8s de Me Hedi Triki"}]},{"@type":"WebSite","@id":"https:\/\/kapitalis.com\/tunisie\/#website","url":"https:\/\/kapitalis.com\/tunisie\/","name":"Kapitalis","description":"L&#039;actualit\u00e9 en Tunisie et dans le monde","publisher":{"@id":"https:\/\/kapitalis.com\/tunisie\/#organization"},"potentialAction":[{"@type":"SearchAction","target":{"@type":"EntryPoint","urlTemplate":"https:\/\/kapitalis.com\/tunisie\/?s={search_term_string}"},"query-input":{"@type":"PropertyValueSpecification","valueRequired":true,"valueName":"search_term_string"}}],"inLanguage":"fr-FR"},{"@type":"Organization","@id":"https:\/\/kapitalis.com\/tunisie\/#organization","name":"Kapitalis","url":"https:\/\/kapitalis.com\/tunisie\/","logo":{"@type":"ImageObject","inLanguage":"fr-FR","@id":"https:\/\/kapitalis.com\/tunisie\/#\/schema\/logo\/image\/","url":"https:\/\/kapitalis.com\/tunisie\/wp-content\/uploads\/2022\/05\/Kapitalis-big-size.png","contentUrl":"https:\/\/kapitalis.com\/tunisie\/wp-content\/uploads\/2022\/05\/Kapitalis-big-size.png","width":5000,"height":1500,"caption":"Kapitalis"},"image":{"@id":"https:\/\/kapitalis.com\/tunisie\/#\/schema\/logo\/image\/"},"sameAs":["https:\/\/www.facebook.com\/KapitalisInfo\/","https:\/\/x.com\/KapitalisInfo","https:\/\/www.youtube.com\/channel\/UC-yDYrHyfFBWWZaOw3FPg9Q"]},{"@type":"Person","@id":"https:\/\/kapitalis.com\/tunisie\/#\/schema\/person\/74bbde0154d49d790a92aaeac5bc01d5","name":"Yusra NY","url":"https:\/\/kapitalis.com\/tunisie\/author\/yuza_adam\/"}]}},"_links":{"self":[{"href":"https:\/\/kapitalis.com\/tunisie\/wp-json\/wp\/v2\/posts\/9544048","targetHints":{"allow":["GET"]}}],"collection":[{"href":"https:\/\/kapitalis.com\/tunisie\/wp-json\/wp\/v2\/posts"}],"about":[{"href":"https:\/\/kapitalis.com\/tunisie\/wp-json\/wp\/v2\/types\/post"}],"author":[{"embeddable":true,"href":"https:\/\/kapitalis.com\/tunisie\/wp-json\/wp\/v2\/users\/6"}],"replies":[{"embeddable":true,"href":"https:\/\/kapitalis.com\/tunisie\/wp-json\/wp\/v2\/comments?post=9544048"}],"version-history":[{"count":1,"href":"https:\/\/kapitalis.com\/tunisie\/wp-json\/wp\/v2\/posts\/9544048\/revisions"}],"predecessor-version":[{"id":9544070,"href":"https:\/\/kapitalis.com\/tunisie\/wp-json\/wp\/v2\/posts\/9544048\/revisions\/9544070"}],"wp:featuredmedia":[{"embeddable":true,"href":"https:\/\/kapitalis.com\/tunisie\/wp-json\/wp\/v2\/media\/9544069"}],"wp:attachment":[{"href":"https:\/\/kapitalis.com\/tunisie\/wp-json\/wp\/v2\/media?parent=9544048"}],"wp:term":[{"taxonomy":"category","embeddable":true,"href":"https:\/\/kapitalis.com\/tunisie\/wp-json\/wp\/v2\/categories?post=9544048"},{"taxonomy":"post_tag","embeddable":true,"href":"https:\/\/kapitalis.com\/tunisie\/wp-json\/wp\/v2\/tags?post=9544048"}],"curies":[{"name":"wp","href":"https:\/\/api.w.org\/{rel}","templated":true}]}}