{"id":9551958,"date":"2023-08-28T08:02:30","date_gmt":"2023-08-28T07:02:30","guid":{"rendered":"https:\/\/kapitalis.com\/tunisie\/?p=9551958"},"modified":"2023-08-28T08:02:32","modified_gmt":"2023-08-28T07:02:32","slug":"tunisie-taboubi-sort-du-bois-et-fait-sa-rentree-syndicale","status":"publish","type":"post","link":"https:\/\/kapitalis.com\/tunisie\/2023\/08\/28\/tunisie-taboubi-sort-du-bois-et-fait-sa-rentree-syndicale\/","title":{"rendered":"Tunisie\u00a0: Taboubi sort du bois et fait sa rentr\u00e9e syndicale \u00a0"},"content":{"rendered":"\n<p><strong><em>Apr\u00e8s une \u00e9clipse de plusieurs mois, notamment due \u00e0 des probl\u00e8mes de sant\u00e9 ayant n\u00e9cessit\u00e9 un <a href=\"https:\/\/kapitalis.com\/tunisie\/2023\/08\/23\/ugtt-depuis-lhopital-taboubi-rassure-sur-son-etat-de-sante-video\/\" target=\"_blank\" rel=\"noreferrer noopener\">s\u00e9jour \u00e0 l\u2019h\u00f4pital militaire<\/a> de Tunis, Noureddine Taboubi a repris ses activit\u00e9s en appelant, dimanche 27 ao\u00fbt 2023, tous les acteurs de la sc\u00e8ne nationale \u00e0 reconsid\u00e9rer leurs positions afin de tenter d\u2019aplanir leurs divergences.<\/em><\/strong><\/p>\n\n\n\n<!--more-->\n\n\n\n<p>Intervenant lors d\u2019une r\u00e9union syndicale \u00e0 Hammamet, le secr\u00e9taire g\u00e9n\u00e9ral de l\u2019Union g\u00e9n\u00e9rale tunisienne du travail (UGTT) a r\u00e9it\u00e9r\u00e9 son appel \u00e0 la solidarit\u00e9 nationale pour sortir la Tunisie de la crise o\u00f9 elle se trouve aujourd\u2019hui et relancer l\u2019\u00e9conomie, loin des <em>\u00absurench\u00e8res de patriotisme\u00bb<\/em> et des <em>\u00abaccusations de trahison\u00bb<\/em>, dans une limpide allusion aux proc\u00e8s intent\u00e9s par le pouvoir actuel contre de nombreuses figures de l\u2019opposition pour complot contre la s\u00fbret\u00e9 l\u2019Etat.<\/p>\n\n\n\n<p>Le retour \u00e0 la table des n\u00e9gociations est de la plus haute importance, a insist\u00e9 Taboubi, en rappelant l\u2019imp\u00e9ratif pour toutes parties, syndicats, partis, gouvernement et pouvoir ex\u00e9cutif, de faire des r\u00e9visions et de suivre la voie de la concertation et du partenariat effectif, loin des tentations de diabolisation de l\u2019autre&nbsp; et des discours de haine et de violence.<\/p>\n\n\n\n<p>Le combat d\u2019aujourd\u2019hui est \u00e9conomique et social, sans abandonner la lutte pour les droits et les libert\u00e9s, a soulign\u00e9 Taboubi, ajoutant que la stabilit\u00e9 politique et sociale est une condition pr\u00e9alable \u00e0 la r\u00e9alisation de cet objectif.<\/p>\n\n\n\n<p>Le SG de l\u2019UGTT a aussi appel\u00e9 le pouvoir ex\u00e9cutif \u00e0 opter pour u, v\u00e9ritable dialogue social et \u00e0 \u00e9viter les <em>\u00abvoies d\u00e9tourn\u00e9es\u00bb<\/em> pour la suppression des subventions \u00e9tatiques aux produits de premi\u00e8re n\u00e9cessit\u00e9, accusant ainsi le pouvoir ex\u00e9cutif d\u2019imposer la lev\u00e9e des subventions par les p\u00e9nuries et les hausses continues des prix dont se plaignent les citoyens depuis plusieurs mois. <\/p>\n\n\n\n<p>Sur le plan interne, Taboubi a ni\u00e9 l&rsquo;existence d&rsquo;une crise au sein de la centrale syndicale. <em>\u00abL\u00a0\u00bborganisation de Hached est unie et forte, n&rsquo;en d\u00e9plaise \u00e0 ceux qui cherchent \u00e0 semer la discorde et les rumeurs pour l&#8217;emp\u00eacher de jouer son r\u00f4le  national et porter atteinte \u00e0 ses dirigeants et \u00e0 ses symboles\u00bb, <\/em>a d\u00e9clar\u00e9 Taboubi, ajoutant que <em>\u00abl&rsquo;UGTT ne tombera pas dans le pi\u00e8ge des divisions, des r\u00e9actions impulsives et des m\u00e9thodes douteuses.\u00bb<\/em><\/p>\n\n\n\n<p class=\"has-text-align-right\"><strong>I. B.<\/strong><\/p>\n\n\n\n<figure class=\"wp-block-embed is-type-wp-embed is-provider-kapitalis wp-block-embed-kapitalis\"><div class=\"wp-block-embed__wrapper\">\n<blockquote class=\"wp-embedded-content\" data-secret=\"ZVybNx0dlc\"><a href=\"https:\/\/kapitalis.com\/tunisie\/2023\/06\/18\/tunisie-noureddine-taboubi-dans-ses-petits-souliers\/\">Tunisie\u00a0: Noureddine Taboubi dans ses petits souliers<\/a><\/blockquote><iframe loading=\"lazy\" class=\"wp-embedded-content\" sandbox=\"allow-scripts\" security=\"restricted\" style=\"position: absolute; clip: rect(1px, 1px, 1px, 1px);\" title=\"\u00ab\u00a0Tunisie\u00a0: Noureddine Taboubi dans ses petits souliers\u00a0\u00bb &#8212; Kapitalis\" src=\"https:\/\/kapitalis.com\/tunisie\/2023\/06\/18\/tunisie-noureddine-taboubi-dans-ses-petits-souliers\/embed\/#?secret=MOvbJdeCYT#?secret=ZVybNx0dlc\" data-secret=\"ZVybNx0dlc\" width=\"600\" height=\"338\" frameborder=\"0\" marginwidth=\"0\" marginheight=\"0\" scrolling=\"no\"><\/iframe>\n<\/div><\/figure>\n","protected":false},"excerpt":{"rendered":"<p>Noureddine Taboubi tous les acteurs de la sc\u00e8ne nationale \u00e0 reconsid\u00e9rer leurs positions afin de tenter d\u2019aplanir leurs divergences.<\/p>\n","protected":false},"author":8,"featured_media":9551969,"comment_status":"open","ping_status":"open","sticky":false,"template":"","format":"standard","meta":{"footnotes":""},"categories":[997,998,2433],"tags":[21897,863,62643,936],"class_list":["post-9551958","post","type-post","status-publish","format-standard","has-post-thumbnail","hentry","category-politique","category-societe","category-tunisie","tag-noureddine-taboubi","tag-subventions","tag-tunisie","tag-ugtt"],"yoast_head":"<!-- This site is optimized with the Yoast SEO plugin v26.6 - https:\/\/yoast.com\/wordpress\/plugins\/seo\/ -->\n<title>Tunisie\u00a0: Taboubi sort du bois et fait sa rentr\u00e9e syndicale \u00a0 - Kapitalis<\/title>\n<meta name=\"robots\" content=\"index, follow, max-snippet:-1, max-image-preview:large, max-video-preview:-1\" \/>\n<link rel=\"canonical\" href=\"https:\/\/kapitalis.com\/tunisie\/2023\/08\/28\/tunisie-taboubi-sort-du-bois-et-fait-sa-rentree-syndicale\/\" \/>\n<meta property=\"og:locale\" content=\"fr_FR\" \/>\n<meta property=\"og:type\" content=\"article\" \/>\n<meta property=\"og:title\" content=\"Tunisie\u00a0: Taboubi sort du bois et fait sa rentr\u00e9e syndicale \u00a0 - Kapitalis\" \/>\n<meta property=\"og:description\" content=\"Noureddine Taboubi tous les acteurs de la sc\u00e8ne nationale \u00e0 reconsid\u00e9rer leurs positions afin de tenter d\u2019aplanir leurs divergences.\" \/>\n<meta property=\"og:url\" content=\"https:\/\/kapitalis.com\/tunisie\/2023\/08\/28\/tunisie-taboubi-sort-du-bois-et-fait-sa-rentree-syndicale\/\" \/>\n<meta property=\"og:site_name\" content=\"Kapitalis\" \/>\n<meta property=\"article:publisher\" content=\"https:\/\/www.facebook.com\/KapitalisInfo\/\" \/>\n<meta property=\"article:published_time\" content=\"2023-08-28T07:02:30+00:00\" \/>\n<meta property=\"article:modified_time\" content=\"2023-08-28T07:02:32+00:00\" \/>\n<meta property=\"og:image\" content=\"https:\/\/kapitalis.com\/tunisie\/wp-content\/uploads\/2023\/08\/Noureddine-Taboubi-UGTT.jpg\" \/>\n\t<meta property=\"og:image:width\" content=\"1200\" \/>\n\t<meta property=\"og:image:height\" content=\"630\" \/>\n\t<meta property=\"og:image:type\" content=\"image\/jpeg\" \/>\n<meta name=\"author\" content=\"webmaster kapitalis\" \/>\n<meta name=\"twitter:card\" content=\"summary_large_image\" \/>\n<meta name=\"twitter:creator\" content=\"@KapitalisInfo\" \/>\n<meta name=\"twitter:site\" content=\"@KapitalisInfo\" \/>\n<meta name=\"twitter:label1\" content=\"\u00c9crit par\" \/>\n\t<meta name=\"twitter:data1\" content=\"webmaster kapitalis\" \/>\n\t<meta name=\"twitter:label2\" content=\"Dur\u00e9e de lecture estim\u00e9e\" \/>\n\t<meta name=\"twitter:data2\" content=\"2 minutes\" \/>\n<script type=\"application\/ld+json\" class=\"yoast-schema-graph\">{\"@context\":\"https:\/\/schema.org\",\"@graph\":[{\"@type\":\"Article\",\"@id\":\"https:\/\/kapitalis.com\/tunisie\/2023\/08\/28\/tunisie-taboubi-sort-du-bois-et-fait-sa-rentree-syndicale\/#article\",\"isPartOf\":{\"@id\":\"https:\/\/kapitalis.com\/tunisie\/2023\/08\/28\/tunisie-taboubi-sort-du-bois-et-fait-sa-rentree-syndicale\/\"},\"author\":{\"name\":\"webmaster kapitalis\",\"@id\":\"https:\/\/kapitalis.com\/tunisie\/#\/schema\/person\/d71f33a9ca44f7bad4698210b480c8e9\"},\"headline\":\"Tunisie\u00a0: Taboubi sort du bois et fait sa rentr\u00e9e syndicale \u00a0\",\"datePublished\":\"2023-08-28T07:02:30+00:00\",\"dateModified\":\"2023-08-28T07:02:32+00:00\",\"mainEntityOfPage\":{\"@id\":\"https:\/\/kapitalis.com\/tunisie\/2023\/08\/28\/tunisie-taboubi-sort-du-bois-et-fait-sa-rentree-syndicale\/\"},\"wordCount\":417,\"commentCount\":0,\"publisher\":{\"@id\":\"https:\/\/kapitalis.com\/tunisie\/#organization\"},\"image\":{\"@id\":\"https:\/\/kapitalis.com\/tunisie\/2023\/08\/28\/tunisie-taboubi-sort-du-bois-et-fait-sa-rentree-syndicale\/#primaryimage\"},\"thumbnailUrl\":\"https:\/\/kapitalis.com\/tunisie\/wp-content\/uploads\/2023\/08\/Noureddine-Taboubi-UGTT.jpg\",\"keywords\":[\"Noureddine Taboubi\",\"subventions\",\"Tunisie\",\"UGTT\"],\"articleSection\":[\"POLITIQUE\",\"SOCIETE\",\"Tunisie\"],\"inLanguage\":\"fr-FR\",\"potentialAction\":[{\"@type\":\"CommentAction\",\"name\":\"Comment\",\"target\":[\"https:\/\/kapitalis.com\/tunisie\/2023\/08\/28\/tunisie-taboubi-sort-du-bois-et-fait-sa-rentree-syndicale\/#respond\"]}]},{\"@type\":\"WebPage\",\"@id\":\"https:\/\/kapitalis.com\/tunisie\/2023\/08\/28\/tunisie-taboubi-sort-du-bois-et-fait-sa-rentree-syndicale\/\",\"url\":\"https:\/\/kapitalis.com\/tunisie\/2023\/08\/28\/tunisie-taboubi-sort-du-bois-et-fait-sa-rentree-syndicale\/\",\"name\":\"Tunisie\u00a0: Taboubi sort du bois et fait sa rentr\u00e9e syndicale \u00a0 - Kapitalis\",\"isPartOf\":{\"@id\":\"https:\/\/kapitalis.com\/tunisie\/#website\"},\"primaryImageOfPage\":{\"@id\":\"https:\/\/kapitalis.com\/tunisie\/2023\/08\/28\/tunisie-taboubi-sort-du-bois-et-fait-sa-rentree-syndicale\/#primaryimage\"},\"image\":{\"@id\":\"https:\/\/kapitalis.com\/tunisie\/2023\/08\/28\/tunisie-taboubi-sort-du-bois-et-fait-sa-rentree-syndicale\/#primaryimage\"},\"thumbnailUrl\":\"https:\/\/kapitalis.com\/tunisie\/wp-content\/uploads\/2023\/08\/Noureddine-Taboubi-UGTT.jpg\",\"datePublished\":\"2023-08-28T07:02:30+00:00\",\"dateModified\":\"2023-08-28T07:02:32+00:00\",\"breadcrumb\":{\"@id\":\"https:\/\/kapitalis.com\/tunisie\/2023\/08\/28\/tunisie-taboubi-sort-du-bois-et-fait-sa-rentree-syndicale\/#breadcrumb\"},\"inLanguage\":\"fr-FR\",\"potentialAction\":[{\"@type\":\"ReadAction\",\"target\":[\"https:\/\/kapitalis.com\/tunisie\/2023\/08\/28\/tunisie-taboubi-sort-du-bois-et-fait-sa-rentree-syndicale\/\"]}]},{\"@type\":\"ImageObject\",\"inLanguage\":\"fr-FR\",\"@id\":\"https:\/\/kapitalis.com\/tunisie\/2023\/08\/28\/tunisie-taboubi-sort-du-bois-et-fait-sa-rentree-syndicale\/#primaryimage\",\"url\":\"https:\/\/kapitalis.com\/tunisie\/wp-content\/uploads\/2023\/08\/Noureddine-Taboubi-UGTT.jpg\",\"contentUrl\":\"https:\/\/kapitalis.com\/tunisie\/wp-content\/uploads\/2023\/08\/Noureddine-Taboubi-UGTT.jpg\",\"width\":1200,\"height\":630},{\"@type\":\"BreadcrumbList\",\"@id\":\"https:\/\/kapitalis.com\/tunisie\/2023\/08\/28\/tunisie-taboubi-sort-du-bois-et-fait-sa-rentree-syndicale\/#breadcrumb\",\"itemListElement\":[{\"@type\":\"ListItem\",\"position\":1,\"name\":\"Accueil\",\"item\":\"https:\/\/kapitalis.com\/tunisie\/\"},{\"@type\":\"ListItem\",\"position\":2,\"name\":\"Tunisie\u00a0: Taboubi sort du bois et fait sa rentr\u00e9e syndicale \u00a0\"}]},{\"@type\":\"WebSite\",\"@id\":\"https:\/\/kapitalis.com\/tunisie\/#website\",\"url\":\"https:\/\/kapitalis.com\/tunisie\/\",\"name\":\"Kapitalis\",\"description\":\"L&#039;actualit\u00e9 en Tunisie et dans le monde\",\"publisher\":{\"@id\":\"https:\/\/kapitalis.com\/tunisie\/#organization\"},\"potentialAction\":[{\"@type\":\"SearchAction\",\"target\":{\"@type\":\"EntryPoint\",\"urlTemplate\":\"https:\/\/kapitalis.com\/tunisie\/?s={search_term_string}\"},\"query-input\":{\"@type\":\"PropertyValueSpecification\",\"valueRequired\":true,\"valueName\":\"search_term_string\"}}],\"inLanguage\":\"fr-FR\"},{\"@type\":\"Organization\",\"@id\":\"https:\/\/kapitalis.com\/tunisie\/#organization\",\"name\":\"Kapitalis\",\"url\":\"https:\/\/kapitalis.com\/tunisie\/\",\"logo\":{\"@type\":\"ImageObject\",\"inLanguage\":\"fr-FR\",\"@id\":\"https:\/\/kapitalis.com\/tunisie\/#\/schema\/logo\/image\/\",\"url\":\"https:\/\/kapitalis.com\/tunisie\/wp-content\/uploads\/2022\/05\/Kapitalis-big-size.png\",\"contentUrl\":\"https:\/\/kapitalis.com\/tunisie\/wp-content\/uploads\/2022\/05\/Kapitalis-big-size.png\",\"width\":5000,\"height\":1500,\"caption\":\"Kapitalis\"},\"image\":{\"@id\":\"https:\/\/kapitalis.com\/tunisie\/#\/schema\/logo\/image\/\"},\"sameAs\":[\"https:\/\/www.facebook.com\/KapitalisInfo\/\",\"https:\/\/x.com\/KapitalisInfo\",\"https:\/\/www.youtube.com\/channel\/UC-yDYrHyfFBWWZaOw3FPg9Q\"]},{\"@type\":\"Person\",\"@id\":\"https:\/\/kapitalis.com\/tunisie\/#\/schema\/person\/d71f33a9ca44f7bad4698210b480c8e9\",\"name\":\"webmaster kapitalis\",\"url\":\"https:\/\/kapitalis.com\/tunisie\/author\/webmaster-kapitalis\/\"}]}<\/script>\n<!-- \/ Yoast SEO plugin. -->","yoast_head_json":{"title":"Tunisie\u00a0: Taboubi sort du bois et fait sa rentr\u00e9e syndicale \u00a0 - Kapitalis","robots":{"index":"index","follow":"follow","max-snippet":"max-snippet:-1","max-image-preview":"max-image-preview:large","max-video-preview":"max-video-preview:-1"},"canonical":"https:\/\/kapitalis.com\/tunisie\/2023\/08\/28\/tunisie-taboubi-sort-du-bois-et-fait-sa-rentree-syndicale\/","og_locale":"fr_FR","og_type":"article","og_title":"Tunisie\u00a0: Taboubi sort du bois et fait sa rentr\u00e9e syndicale \u00a0 - Kapitalis","og_description":"Noureddine Taboubi tous les acteurs de la sc\u00e8ne nationale \u00e0 reconsid\u00e9rer leurs positions afin de tenter d\u2019aplanir leurs divergences.","og_url":"https:\/\/kapitalis.com\/tunisie\/2023\/08\/28\/tunisie-taboubi-sort-du-bois-et-fait-sa-rentree-syndicale\/","og_site_name":"Kapitalis","article_publisher":"https:\/\/www.facebook.com\/KapitalisInfo\/","article_published_time":"2023-08-28T07:02:30+00:00","article_modified_time":"2023-08-28T07:02:32+00:00","og_image":[{"width":1200,"height":630,"url":"https:\/\/kapitalis.com\/tunisie\/wp-content\/uploads\/2023\/08\/Noureddine-Taboubi-UGTT.jpg","type":"image\/jpeg"}],"author":"webmaster kapitalis","twitter_card":"summary_large_image","twitter_creator":"@KapitalisInfo","twitter_site":"@KapitalisInfo","twitter_misc":{"\u00c9crit par":"webmaster kapitalis","Dur\u00e9e de lecture estim\u00e9e":"2 minutes"},"schema":{"@context":"https:\/\/schema.org","@graph":[{"@type":"Article","@id":"https:\/\/kapitalis.com\/tunisie\/2023\/08\/28\/tunisie-taboubi-sort-du-bois-et-fait-sa-rentree-syndicale\/#article","isPartOf":{"@id":"https:\/\/kapitalis.com\/tunisie\/2023\/08\/28\/tunisie-taboubi-sort-du-bois-et-fait-sa-rentree-syndicale\/"},"author":{"name":"webmaster kapitalis","@id":"https:\/\/kapitalis.com\/tunisie\/#\/schema\/person\/d71f33a9ca44f7bad4698210b480c8e9"},"headline":"Tunisie\u00a0: Taboubi sort du bois et fait sa rentr\u00e9e syndicale \u00a0","datePublished":"2023-08-28T07:02:30+00:00","dateModified":"2023-08-28T07:02:32+00:00","mainEntityOfPage":{"@id":"https:\/\/kapitalis.com\/tunisie\/2023\/08\/28\/tunisie-taboubi-sort-du-bois-et-fait-sa-rentree-syndicale\/"},"wordCount":417,"commentCount":0,"publisher":{"@id":"https:\/\/kapitalis.com\/tunisie\/#organization"},"image":{"@id":"https:\/\/kapitalis.com\/tunisie\/2023\/08\/28\/tunisie-taboubi-sort-du-bois-et-fait-sa-rentree-syndicale\/#primaryimage"},"thumbnailUrl":"https:\/\/kapitalis.com\/tunisie\/wp-content\/uploads\/2023\/08\/Noureddine-Taboubi-UGTT.jpg","keywords":["Noureddine Taboubi","subventions","Tunisie","UGTT"],"articleSection":["POLITIQUE","SOCIETE","Tunisie"],"inLanguage":"fr-FR","potentialAction":[{"@type":"CommentAction","name":"Comment","target":["https:\/\/kapitalis.com\/tunisie\/2023\/08\/28\/tunisie-taboubi-sort-du-bois-et-fait-sa-rentree-syndicale\/#respond"]}]},{"@type":"WebPage","@id":"https:\/\/kapitalis.com\/tunisie\/2023\/08\/28\/tunisie-taboubi-sort-du-bois-et-fait-sa-rentree-syndicale\/","url":"https:\/\/kapitalis.com\/tunisie\/2023\/08\/28\/tunisie-taboubi-sort-du-bois-et-fait-sa-rentree-syndicale\/","name":"Tunisie\u00a0: Taboubi sort du bois et fait sa rentr\u00e9e syndicale \u00a0 - Kapitalis","isPartOf":{"@id":"https:\/\/kapitalis.com\/tunisie\/#website"},"primaryImageOfPage":{"@id":"https:\/\/kapitalis.com\/tunisie\/2023\/08\/28\/tunisie-taboubi-sort-du-bois-et-fait-sa-rentree-syndicale\/#primaryimage"},"image":{"@id":"https:\/\/kapitalis.com\/tunisie\/2023\/08\/28\/tunisie-taboubi-sort-du-bois-et-fait-sa-rentree-syndicale\/#primaryimage"},"thumbnailUrl":"https:\/\/kapitalis.com\/tunisie\/wp-content\/uploads\/2023\/08\/Noureddine-Taboubi-UGTT.jpg","datePublished":"2023-08-28T07:02:30+00:00","dateModified":"2023-08-28T07:02:32+00:00","breadcrumb":{"@id":"https:\/\/kapitalis.com\/tunisie\/2023\/08\/28\/tunisie-taboubi-sort-du-bois-et-fait-sa-rentree-syndicale\/#breadcrumb"},"inLanguage":"fr-FR","potentialAction":[{"@type":"ReadAction","target":["https:\/\/kapitalis.com\/tunisie\/2023\/08\/28\/tunisie-taboubi-sort-du-bois-et-fait-sa-rentree-syndicale\/"]}]},{"@type":"ImageObject","inLanguage":"fr-FR","@id":"https:\/\/kapitalis.com\/tunisie\/2023\/08\/28\/tunisie-taboubi-sort-du-bois-et-fait-sa-rentree-syndicale\/#primaryimage","url":"https:\/\/kapitalis.com\/tunisie\/wp-content\/uploads\/2023\/08\/Noureddine-Taboubi-UGTT.jpg","contentUrl":"https:\/\/kapitalis.com\/tunisie\/wp-content\/uploads\/2023\/08\/Noureddine-Taboubi-UGTT.jpg","width":1200,"height":630},{"@type":"BreadcrumbList","@id":"https:\/\/kapitalis.com\/tunisie\/2023\/08\/28\/tunisie-taboubi-sort-du-bois-et-fait-sa-rentree-syndicale\/#breadcrumb","itemListElement":[{"@type":"ListItem","position":1,"name":"Accueil","item":"https:\/\/kapitalis.com\/tunisie\/"},{"@type":"ListItem","position":2,"name":"Tunisie\u00a0: Taboubi sort du bois et fait sa rentr\u00e9e syndicale \u00a0"}]},{"@type":"WebSite","@id":"https:\/\/kapitalis.com\/tunisie\/#website","url":"https:\/\/kapitalis.com\/tunisie\/","name":"Kapitalis","description":"L&#039;actualit\u00e9 en Tunisie et dans le monde","publisher":{"@id":"https:\/\/kapitalis.com\/tunisie\/#organization"},"potentialAction":[{"@type":"SearchAction","target":{"@type":"EntryPoint","urlTemplate":"https:\/\/kapitalis.com\/tunisie\/?s={search_term_string}"},"query-input":{"@type":"PropertyValueSpecification","valueRequired":true,"valueName":"search_term_string"}}],"inLanguage":"fr-FR"},{"@type":"Organization","@id":"https:\/\/kapitalis.com\/tunisie\/#organization","name":"Kapitalis","url":"https:\/\/kapitalis.com\/tunisie\/","logo":{"@type":"ImageObject","inLanguage":"fr-FR","@id":"https:\/\/kapitalis.com\/tunisie\/#\/schema\/logo\/image\/","url":"https:\/\/kapitalis.com\/tunisie\/wp-content\/uploads\/2022\/05\/Kapitalis-big-size.png","contentUrl":"https:\/\/kapitalis.com\/tunisie\/wp-content\/uploads\/2022\/05\/Kapitalis-big-size.png","width":5000,"height":1500,"caption":"Kapitalis"},"image":{"@id":"https:\/\/kapitalis.com\/tunisie\/#\/schema\/logo\/image\/"},"sameAs":["https:\/\/www.facebook.com\/KapitalisInfo\/","https:\/\/x.com\/KapitalisInfo","https:\/\/www.youtube.com\/channel\/UC-yDYrHyfFBWWZaOw3FPg9Q"]},{"@type":"Person","@id":"https:\/\/kapitalis.com\/tunisie\/#\/schema\/person\/d71f33a9ca44f7bad4698210b480c8e9","name":"webmaster kapitalis","url":"https:\/\/kapitalis.com\/tunisie\/author\/webmaster-kapitalis\/"}]}},"_links":{"self":[{"href":"https:\/\/kapitalis.com\/tunisie\/wp-json\/wp\/v2\/posts\/9551958","targetHints":{"allow":["GET"]}}],"collection":[{"href":"https:\/\/kapitalis.com\/tunisie\/wp-json\/wp\/v2\/posts"}],"about":[{"href":"https:\/\/kapitalis.com\/tunisie\/wp-json\/wp\/v2\/types\/post"}],"author":[{"embeddable":true,"href":"https:\/\/kapitalis.com\/tunisie\/wp-json\/wp\/v2\/users\/8"}],"replies":[{"embeddable":true,"href":"https:\/\/kapitalis.com\/tunisie\/wp-json\/wp\/v2\/comments?post=9551958"}],"version-history":[{"count":1,"href":"https:\/\/kapitalis.com\/tunisie\/wp-json\/wp\/v2\/posts\/9551958\/revisions"}],"predecessor-version":[{"id":9552012,"href":"https:\/\/kapitalis.com\/tunisie\/wp-json\/wp\/v2\/posts\/9551958\/revisions\/9552012"}],"wp:featuredmedia":[{"embeddable":true,"href":"https:\/\/kapitalis.com\/tunisie\/wp-json\/wp\/v2\/media\/9551969"}],"wp:attachment":[{"href":"https:\/\/kapitalis.com\/tunisie\/wp-json\/wp\/v2\/media?parent=9551958"}],"wp:term":[{"taxonomy":"category","embeddable":true,"href":"https:\/\/kapitalis.com\/tunisie\/wp-json\/wp\/v2\/categories?post=9551958"},{"taxonomy":"post_tag","embeddable":true,"href":"https:\/\/kapitalis.com\/tunisie\/wp-json\/wp\/v2\/tags?post=9551958"}],"curies":[{"name":"wp","href":"https:\/\/api.w.org\/{rel}","templated":true}]}}