{"id":95607,"date":"2017-05-10T15:47:54","date_gmt":"2017-05-10T15:17:54","guid":{"rendered":"http:\/\/kapitalis.com\/tunisie\/?p=95607"},"modified":"2017-05-10T15:47:54","modified_gmt":"2017-05-10T15:17:54","slug":"au-temps-du-230-des-artistes-contre-lhomophobie","status":"publish","type":"post","link":"https:\/\/kapitalis.com\/tunisie\/2017\/05\/10\/au-temps-du-230-des-artistes-contre-lhomophobie\/","title":{"rendered":"\u00abAu temps du 230\u00bb : Des artistes contre l\u2019homophobie"},"content":{"rendered":"<p style=\"text-align: center;\"><img loading=\"lazy\" decoding=\"async\" class=\"alignnone size-full wp-image-95608\" src=\"http:\/\/kapitalis.com\/tunisie\/wp-content\/uploads\/2017\/05\/Au-temps-du-230.jpg\" alt=\"\" width=\"626\" height=\"380\" \/><\/p>\n<p><em><strong>L\u2019espace Dar Bach Hambra, \u00e0 la M\u00e9dina de Tunis, accueille l\u2019exposition collective \u00abAu temps du 230\u00bb, du 17 au 20 mai.<\/strong><\/em><\/p>\n<p><!--more--><\/p>\n<p>A l\u2019occasion de la Journ\u00e9e mondiale contre l\u2019homophobie et la transphobie (17 mai), l\u2019association Chouf, en partenariat avec la fondation Heinrich B\u00f6ll et l\u2019association l\u2019Art Rue, r\u00e9unit une dizaine d\u2019artistes autour d\u2019une exposition collective baptis\u00e9e <em>\u00abAu temps du 230\u00bb<\/em>.<\/p>\n<p>Comme son nom l\u2019indique, cette exposition met le doigt sur les actes de violence et de discrimination dont sont victimes les homosexuels et transsexuels en Tunisie, notamment \u00e0 cause de l\u2019article 230 du code p\u00e9nal, qui, depuis quelques ann\u00e9es, suscite l\u2019indignation d\u2019une grande partie de la soci\u00e9t\u00e9 civile qui tente par tous les moyens de l\u2019abroger.<\/p>\n<p><em>\u00abDans cette urgence perp\u00e9tuelle, l\u2019intime devient affaire d\u2019Etat. La s\u00e9duction, le plaisir, l\u2019amour font couler l\u2019encre des jugements (\u2026) Mais ici vous entrez dans un espace o\u00f9 l\u2019intime est affaire d\u2019art, de lutte et de libert\u00e9\u00bb<\/em>, indiquent les organisateurs de l\u2019exposition qui rassemblera les artistes Nidhal Chamekh, A\u00efcha Snoussi, Nadya Zarrougui, Younes Ben Slimane, Hela Ammar, Wafa Ben Romdhan, Ilyes Messaoudi, Atef Maatalah, Ibrahim Maatous, Lamya Mechichi, Wilis from Tunis et Roua Bida.<\/p>\n<p style=\"text-align: right;\"><strong>Fawz Ben Ali <\/strong><\/p>\n","protected":false},"excerpt":{"rendered":"<p>L\u2019espace Dar Bach Hambra, \u00e0 la M\u00e9dina de Tunis, accueille l\u2019exposition collective \u00abAu temps du 230\u00bb, du 17 au 20 mai.<\/p>\n","protected":false},"author":8,"featured_media":95608,"comment_status":"open","ping_status":"open","sticky":false,"template":"","format":"standard","meta":{"footnotes":""},"categories":[994,2433],"tags":[17849,31152,6784],"class_list":["post-95607","post","type-post","status-publish","format-standard","has-post-thumbnail","hentry","category-culture","category-tunisie","tag-association-chouf","tag-hela-ammar","tag-lart-rue"],"yoast_head":"<!-- This site is optimized with the Yoast SEO plugin v26.6 - https:\/\/yoast.com\/wordpress\/plugins\/seo\/ -->\n<title>\u00abAu temps du 230\u00bb : Des artistes contre l\u2019homophobie - Kapitalis<\/title>\n<meta name=\"robots\" content=\"index, follow, max-snippet:-1, max-image-preview:large, max-video-preview:-1\" \/>\n<link rel=\"canonical\" href=\"https:\/\/kapitalis.com\/tunisie\/2017\/05\/10\/au-temps-du-230-des-artistes-contre-lhomophobie\/\" \/>\n<meta property=\"og:locale\" content=\"fr_FR\" \/>\n<meta property=\"og:type\" content=\"article\" \/>\n<meta property=\"og:title\" content=\"\u00abAu temps du 230\u00bb : Des artistes contre l\u2019homophobie - Kapitalis\" \/>\n<meta property=\"og:description\" content=\"L\u2019espace Dar Bach Hambra, \u00e0 la M\u00e9dina de Tunis, accueille l\u2019exposition collective \u00abAu temps du 230\u00bb, du 17 au 20 mai.\" \/>\n<meta property=\"og:url\" content=\"https:\/\/kapitalis.com\/tunisie\/2017\/05\/10\/au-temps-du-230-des-artistes-contre-lhomophobie\/\" \/>\n<meta property=\"og:site_name\" content=\"Kapitalis\" \/>\n<meta property=\"article:publisher\" content=\"https:\/\/www.facebook.com\/KapitalisInfo\/\" \/>\n<meta property=\"article:published_time\" content=\"2017-05-10T15:17:54+00:00\" \/>\n<meta property=\"og:image\" content=\"https:\/\/kapitalis.com\/tunisie\/wp-content\/uploads\/2022\/05\/kapitalis-logo-fb.png\" \/>\n\t<meta property=\"og:image:width\" content=\"1200\" \/>\n\t<meta property=\"og:image:height\" content=\"630\" \/>\n\t<meta property=\"og:image:type\" content=\"image\/png\" \/>\n<meta name=\"author\" content=\"webmaster kapitalis\" \/>\n<meta name=\"twitter:card\" content=\"summary_large_image\" \/>\n<meta name=\"twitter:creator\" content=\"@KapitalisInfo\" \/>\n<meta name=\"twitter:site\" content=\"@KapitalisInfo\" \/>\n<meta name=\"twitter:label1\" content=\"\u00c9crit par\" \/>\n\t<meta name=\"twitter:data1\" content=\"webmaster kapitalis\" \/>\n\t<meta name=\"twitter:label2\" content=\"Dur\u00e9e de lecture estim\u00e9e\" \/>\n\t<meta name=\"twitter:data2\" content=\"1 minute\" \/>\n<script type=\"application\/ld+json\" class=\"yoast-schema-graph\">{\"@context\":\"https:\/\/schema.org\",\"@graph\":[{\"@type\":\"Article\",\"@id\":\"https:\/\/kapitalis.com\/tunisie\/2017\/05\/10\/au-temps-du-230-des-artistes-contre-lhomophobie\/#article\",\"isPartOf\":{\"@id\":\"https:\/\/kapitalis.com\/tunisie\/2017\/05\/10\/au-temps-du-230-des-artistes-contre-lhomophobie\/\"},\"author\":{\"name\":\"webmaster kapitalis\",\"@id\":\"https:\/\/kapitalis.com\/tunisie\/#\/schema\/person\/d71f33a9ca44f7bad4698210b480c8e9\"},\"headline\":\"\u00abAu temps du 230\u00bb : Des artistes contre l\u2019homophobie\",\"datePublished\":\"2017-05-10T15:17:54+00:00\",\"mainEntityOfPage\":{\"@id\":\"https:\/\/kapitalis.com\/tunisie\/2017\/05\/10\/au-temps-du-230-des-artistes-contre-lhomophobie\/\"},\"wordCount\":223,\"commentCount\":2,\"publisher\":{\"@id\":\"https:\/\/kapitalis.com\/tunisie\/#organization\"},\"image\":{\"@id\":\"https:\/\/kapitalis.com\/tunisie\/2017\/05\/10\/au-temps-du-230-des-artistes-contre-lhomophobie\/#primaryimage\"},\"thumbnailUrl\":\"\",\"keywords\":[\"association Chouf\",\"Hela Ammar\",\"L'Art Rue\"],\"articleSection\":[\"CULTURE\",\"Tunisie\"],\"inLanguage\":\"fr-FR\",\"potentialAction\":[{\"@type\":\"CommentAction\",\"name\":\"Comment\",\"target\":[\"https:\/\/kapitalis.com\/tunisie\/2017\/05\/10\/au-temps-du-230-des-artistes-contre-lhomophobie\/#respond\"]}]},{\"@type\":\"WebPage\",\"@id\":\"https:\/\/kapitalis.com\/tunisie\/2017\/05\/10\/au-temps-du-230-des-artistes-contre-lhomophobie\/\",\"url\":\"https:\/\/kapitalis.com\/tunisie\/2017\/05\/10\/au-temps-du-230-des-artistes-contre-lhomophobie\/\",\"name\":\"\u00abAu temps du 230\u00bb : Des artistes contre l\u2019homophobie - Kapitalis\",\"isPartOf\":{\"@id\":\"https:\/\/kapitalis.com\/tunisie\/#website\"},\"primaryImageOfPage\":{\"@id\":\"https:\/\/kapitalis.com\/tunisie\/2017\/05\/10\/au-temps-du-230-des-artistes-contre-lhomophobie\/#primaryimage\"},\"image\":{\"@id\":\"https:\/\/kapitalis.com\/tunisie\/2017\/05\/10\/au-temps-du-230-des-artistes-contre-lhomophobie\/#primaryimage\"},\"thumbnailUrl\":\"\",\"datePublished\":\"2017-05-10T15:17:54+00:00\",\"breadcrumb\":{\"@id\":\"https:\/\/kapitalis.com\/tunisie\/2017\/05\/10\/au-temps-du-230-des-artistes-contre-lhomophobie\/#breadcrumb\"},\"inLanguage\":\"fr-FR\",\"potentialAction\":[{\"@type\":\"ReadAction\",\"target\":[\"https:\/\/kapitalis.com\/tunisie\/2017\/05\/10\/au-temps-du-230-des-artistes-contre-lhomophobie\/\"]}]},{\"@type\":\"ImageObject\",\"inLanguage\":\"fr-FR\",\"@id\":\"https:\/\/kapitalis.com\/tunisie\/2017\/05\/10\/au-temps-du-230-des-artistes-contre-lhomophobie\/#primaryimage\",\"url\":\"\",\"contentUrl\":\"\"},{\"@type\":\"BreadcrumbList\",\"@id\":\"https:\/\/kapitalis.com\/tunisie\/2017\/05\/10\/au-temps-du-230-des-artistes-contre-lhomophobie\/#breadcrumb\",\"itemListElement\":[{\"@type\":\"ListItem\",\"position\":1,\"name\":\"Accueil\",\"item\":\"https:\/\/kapitalis.com\/tunisie\/\"},{\"@type\":\"ListItem\",\"position\":2,\"name\":\"\u00abAu temps du 230\u00bb : Des artistes contre l\u2019homophobie\"}]},{\"@type\":\"WebSite\",\"@id\":\"https:\/\/kapitalis.com\/tunisie\/#website\",\"url\":\"https:\/\/kapitalis.com\/tunisie\/\",\"name\":\"Kapitalis\",\"description\":\"L&#039;actualit\u00e9 en Tunisie et dans le monde\",\"publisher\":{\"@id\":\"https:\/\/kapitalis.com\/tunisie\/#organization\"},\"potentialAction\":[{\"@type\":\"SearchAction\",\"target\":{\"@type\":\"EntryPoint\",\"urlTemplate\":\"https:\/\/kapitalis.com\/tunisie\/?s={search_term_string}\"},\"query-input\":{\"@type\":\"PropertyValueSpecification\",\"valueRequired\":true,\"valueName\":\"search_term_string\"}}],\"inLanguage\":\"fr-FR\"},{\"@type\":\"Organization\",\"@id\":\"https:\/\/kapitalis.com\/tunisie\/#organization\",\"name\":\"Kapitalis\",\"url\":\"https:\/\/kapitalis.com\/tunisie\/\",\"logo\":{\"@type\":\"ImageObject\",\"inLanguage\":\"fr-FR\",\"@id\":\"https:\/\/kapitalis.com\/tunisie\/#\/schema\/logo\/image\/\",\"url\":\"https:\/\/kapitalis.com\/tunisie\/wp-content\/uploads\/2022\/05\/Kapitalis-big-size.png\",\"contentUrl\":\"https:\/\/kapitalis.com\/tunisie\/wp-content\/uploads\/2022\/05\/Kapitalis-big-size.png\",\"width\":5000,\"height\":1500,\"caption\":\"Kapitalis\"},\"image\":{\"@id\":\"https:\/\/kapitalis.com\/tunisie\/#\/schema\/logo\/image\/\"},\"sameAs\":[\"https:\/\/www.facebook.com\/KapitalisInfo\/\",\"https:\/\/x.com\/KapitalisInfo\",\"https:\/\/www.youtube.com\/channel\/UC-yDYrHyfFBWWZaOw3FPg9Q\"]},{\"@type\":\"Person\",\"@id\":\"https:\/\/kapitalis.com\/tunisie\/#\/schema\/person\/d71f33a9ca44f7bad4698210b480c8e9\",\"name\":\"webmaster kapitalis\",\"url\":\"https:\/\/kapitalis.com\/tunisie\/author\/webmaster-kapitalis\/\"}]}<\/script>\n<!-- \/ Yoast SEO plugin. -->","yoast_head_json":{"title":"\u00abAu temps du 230\u00bb : Des artistes contre l\u2019homophobie - Kapitalis","robots":{"index":"index","follow":"follow","max-snippet":"max-snippet:-1","max-image-preview":"max-image-preview:large","max-video-preview":"max-video-preview:-1"},"canonical":"https:\/\/kapitalis.com\/tunisie\/2017\/05\/10\/au-temps-du-230-des-artistes-contre-lhomophobie\/","og_locale":"fr_FR","og_type":"article","og_title":"\u00abAu temps du 230\u00bb : Des artistes contre l\u2019homophobie - Kapitalis","og_description":"L\u2019espace Dar Bach Hambra, \u00e0 la M\u00e9dina de Tunis, accueille l\u2019exposition collective \u00abAu temps du 230\u00bb, du 17 au 20 mai.","og_url":"https:\/\/kapitalis.com\/tunisie\/2017\/05\/10\/au-temps-du-230-des-artistes-contre-lhomophobie\/","og_site_name":"Kapitalis","article_publisher":"https:\/\/www.facebook.com\/KapitalisInfo\/","article_published_time":"2017-05-10T15:17:54+00:00","og_image":[{"width":1200,"height":630,"url":"https:\/\/kapitalis.com\/tunisie\/wp-content\/uploads\/2022\/05\/kapitalis-logo-fb.png","type":"image\/png"}],"author":"webmaster kapitalis","twitter_card":"summary_large_image","twitter_creator":"@KapitalisInfo","twitter_site":"@KapitalisInfo","twitter_misc":{"\u00c9crit par":"webmaster kapitalis","Dur\u00e9e de lecture estim\u00e9e":"1 minute"},"schema":{"@context":"https:\/\/schema.org","@graph":[{"@type":"Article","@id":"https:\/\/kapitalis.com\/tunisie\/2017\/05\/10\/au-temps-du-230-des-artistes-contre-lhomophobie\/#article","isPartOf":{"@id":"https:\/\/kapitalis.com\/tunisie\/2017\/05\/10\/au-temps-du-230-des-artistes-contre-lhomophobie\/"},"author":{"name":"webmaster kapitalis","@id":"https:\/\/kapitalis.com\/tunisie\/#\/schema\/person\/d71f33a9ca44f7bad4698210b480c8e9"},"headline":"\u00abAu temps du 230\u00bb : Des artistes contre l\u2019homophobie","datePublished":"2017-05-10T15:17:54+00:00","mainEntityOfPage":{"@id":"https:\/\/kapitalis.com\/tunisie\/2017\/05\/10\/au-temps-du-230-des-artistes-contre-lhomophobie\/"},"wordCount":223,"commentCount":2,"publisher":{"@id":"https:\/\/kapitalis.com\/tunisie\/#organization"},"image":{"@id":"https:\/\/kapitalis.com\/tunisie\/2017\/05\/10\/au-temps-du-230-des-artistes-contre-lhomophobie\/#primaryimage"},"thumbnailUrl":"","keywords":["association Chouf","Hela Ammar","L'Art Rue"],"articleSection":["CULTURE","Tunisie"],"inLanguage":"fr-FR","potentialAction":[{"@type":"CommentAction","name":"Comment","target":["https:\/\/kapitalis.com\/tunisie\/2017\/05\/10\/au-temps-du-230-des-artistes-contre-lhomophobie\/#respond"]}]},{"@type":"WebPage","@id":"https:\/\/kapitalis.com\/tunisie\/2017\/05\/10\/au-temps-du-230-des-artistes-contre-lhomophobie\/","url":"https:\/\/kapitalis.com\/tunisie\/2017\/05\/10\/au-temps-du-230-des-artistes-contre-lhomophobie\/","name":"\u00abAu temps du 230\u00bb : Des artistes contre l\u2019homophobie - Kapitalis","isPartOf":{"@id":"https:\/\/kapitalis.com\/tunisie\/#website"},"primaryImageOfPage":{"@id":"https:\/\/kapitalis.com\/tunisie\/2017\/05\/10\/au-temps-du-230-des-artistes-contre-lhomophobie\/#primaryimage"},"image":{"@id":"https:\/\/kapitalis.com\/tunisie\/2017\/05\/10\/au-temps-du-230-des-artistes-contre-lhomophobie\/#primaryimage"},"thumbnailUrl":"","datePublished":"2017-05-10T15:17:54+00:00","breadcrumb":{"@id":"https:\/\/kapitalis.com\/tunisie\/2017\/05\/10\/au-temps-du-230-des-artistes-contre-lhomophobie\/#breadcrumb"},"inLanguage":"fr-FR","potentialAction":[{"@type":"ReadAction","target":["https:\/\/kapitalis.com\/tunisie\/2017\/05\/10\/au-temps-du-230-des-artistes-contre-lhomophobie\/"]}]},{"@type":"ImageObject","inLanguage":"fr-FR","@id":"https:\/\/kapitalis.com\/tunisie\/2017\/05\/10\/au-temps-du-230-des-artistes-contre-lhomophobie\/#primaryimage","url":"","contentUrl":""},{"@type":"BreadcrumbList","@id":"https:\/\/kapitalis.com\/tunisie\/2017\/05\/10\/au-temps-du-230-des-artistes-contre-lhomophobie\/#breadcrumb","itemListElement":[{"@type":"ListItem","position":1,"name":"Accueil","item":"https:\/\/kapitalis.com\/tunisie\/"},{"@type":"ListItem","position":2,"name":"\u00abAu temps du 230\u00bb : Des artistes contre l\u2019homophobie"}]},{"@type":"WebSite","@id":"https:\/\/kapitalis.com\/tunisie\/#website","url":"https:\/\/kapitalis.com\/tunisie\/","name":"Kapitalis","description":"L&#039;actualit\u00e9 en Tunisie et dans le monde","publisher":{"@id":"https:\/\/kapitalis.com\/tunisie\/#organization"},"potentialAction":[{"@type":"SearchAction","target":{"@type":"EntryPoint","urlTemplate":"https:\/\/kapitalis.com\/tunisie\/?s={search_term_string}"},"query-input":{"@type":"PropertyValueSpecification","valueRequired":true,"valueName":"search_term_string"}}],"inLanguage":"fr-FR"},{"@type":"Organization","@id":"https:\/\/kapitalis.com\/tunisie\/#organization","name":"Kapitalis","url":"https:\/\/kapitalis.com\/tunisie\/","logo":{"@type":"ImageObject","inLanguage":"fr-FR","@id":"https:\/\/kapitalis.com\/tunisie\/#\/schema\/logo\/image\/","url":"https:\/\/kapitalis.com\/tunisie\/wp-content\/uploads\/2022\/05\/Kapitalis-big-size.png","contentUrl":"https:\/\/kapitalis.com\/tunisie\/wp-content\/uploads\/2022\/05\/Kapitalis-big-size.png","width":5000,"height":1500,"caption":"Kapitalis"},"image":{"@id":"https:\/\/kapitalis.com\/tunisie\/#\/schema\/logo\/image\/"},"sameAs":["https:\/\/www.facebook.com\/KapitalisInfo\/","https:\/\/x.com\/KapitalisInfo","https:\/\/www.youtube.com\/channel\/UC-yDYrHyfFBWWZaOw3FPg9Q"]},{"@type":"Person","@id":"https:\/\/kapitalis.com\/tunisie\/#\/schema\/person\/d71f33a9ca44f7bad4698210b480c8e9","name":"webmaster kapitalis","url":"https:\/\/kapitalis.com\/tunisie\/author\/webmaster-kapitalis\/"}]}},"_links":{"self":[{"href":"https:\/\/kapitalis.com\/tunisie\/wp-json\/wp\/v2\/posts\/95607","targetHints":{"allow":["GET"]}}],"collection":[{"href":"https:\/\/kapitalis.com\/tunisie\/wp-json\/wp\/v2\/posts"}],"about":[{"href":"https:\/\/kapitalis.com\/tunisie\/wp-json\/wp\/v2\/types\/post"}],"author":[{"embeddable":true,"href":"https:\/\/kapitalis.com\/tunisie\/wp-json\/wp\/v2\/users\/8"}],"replies":[{"embeddable":true,"href":"https:\/\/kapitalis.com\/tunisie\/wp-json\/wp\/v2\/comments?post=95607"}],"version-history":[{"count":0,"href":"https:\/\/kapitalis.com\/tunisie\/wp-json\/wp\/v2\/posts\/95607\/revisions"}],"wp:featuredmedia":[{"embeddable":true,"href":"https:\/\/kapitalis.com\/tunisie\/wp-json\/wp\/v2\/media\/95608"}],"wp:attachment":[{"href":"https:\/\/kapitalis.com\/tunisie\/wp-json\/wp\/v2\/media?parent=95607"}],"wp:term":[{"taxonomy":"category","embeddable":true,"href":"https:\/\/kapitalis.com\/tunisie\/wp-json\/wp\/v2\/categories?post=95607"},{"taxonomy":"post_tag","embeddable":true,"href":"https:\/\/kapitalis.com\/tunisie\/wp-json\/wp\/v2\/tags?post=95607"}],"curies":[{"name":"wp","href":"https:\/\/api.w.org\/{rel}","templated":true}]}}