{"id":95624,"date":"2017-05-10T17:09:58","date_gmt":"2017-05-10T16:39:58","guid":{"rendered":"http:\/\/kapitalis.com\/tunisie\/?p=95624"},"modified":"2017-05-10T17:09:58","modified_gmt":"2017-05-10T16:39:58","slug":"tozeur-le-journaliste-salam-malik-condamne-a-6-mois-ferme","status":"publish","type":"post","link":"https:\/\/kapitalis.com\/tunisie\/2017\/05\/10\/tozeur-le-journaliste-salam-malik-condamne-a-6-mois-ferme\/","title":{"rendered":"Tozeur : Le journaliste Salam Malik condamn\u00e9 \u00e0 6 mois ferme"},"content":{"rendered":"<p style=\"text-align: center;\"><img loading=\"lazy\" decoding=\"async\" class=\"alignnone size-full wp-image-95628\" src=\"http:\/\/kapitalis.com\/tunisie\/wp-content\/uploads\/2017\/05\/Tozeur-journaliste-Salam-Malik-.jpg\" alt=\"\" width=\"626\" height=\"380\" \/><\/p>\n<p><em><strong>Salam Malik, pr\u00e9sident de l&rsquo;Union tunisienne des m\u00e9dias associatifs (UTMA) et directeur de la station radio Dj\u00e9rid FM (Tozeur), a \u00e9t\u00e9 condamn\u00e9 \u00e0 6 mois de prison ferme.<\/strong><\/em><!--more--><\/p>\n<p>Le tribunal de premi\u00e8re instance de Tozeur a ordonn\u00e9 l\u2019emprisonnement du journaliste pour outrage \u00e0 un fonctionnaire public lors de l\u2019exercice de ses fonctions.<\/p>\n<p>L\u2019affaire remonte \u00e0 f\u00e9vrier 2017, lors d\u2019une descente polici\u00e8re effectu\u00e9e au domicile familial de Salam Malik. La police \u00e9tait \u00e0 la recherche du fr\u00e8re du journaliste soup\u00e7onn\u00e9 d\u2019appartenance \u00e0 un groupe extr\u00e9miste.<\/p>\n<p>Selon l\u2019accus\u00e9, le conflit avec la police a \u00e9clat\u00e9 quand un agent a braqu\u00e9 son arme sur le benjamin de ses fr\u00e8res, \u00e2g\u00e9 d\u2019une dizaine d\u2019ann\u00e9es, provoquant la col\u00e8re de tous les membres\u00a0de la famille. Salam Malik dit avoir demand\u00e9 au policier de ne pas faire peur \u00e0\u00a0l\u2019enfant qui n\u2019a rien \u00e0 voir avec ces histoires. Une dispute s&rsquo;en est suivie.<\/p>\n<p style=\"text-align: center;\"><img loading=\"lazy\" decoding=\"async\" class=\"alignnone size-full wp-image-95630\" src=\"http:\/\/kapitalis.com\/tunisie\/wp-content\/uploads\/2017\/05\/Salam-Malik-.jpg\" alt=\"\" width=\"500\" height=\"300\" \/><\/p>\n<p>Dans un communiqu\u00e9 publi\u00e9 ce mercredi 10 mai 2017, le Syndicat national des journalistes tunisiens (SNJT) a fait part de son soutien au pr\u00e9sident de l\u2019UTMA et pr\u00e9cis\u00e9 qu\u2019il n&rsquo;est pas un dangereux criminel pour \u00eatre mis\u00a0en prison.<\/p>\n<p>Son avocate a estim\u00e9 que le jugement est tr\u00e8s s\u00e9v\u00e8re et indiqu\u00e9 qu\u2019elle fera appel de cette d\u00e9cision de justice.<\/p>\n<p>Notons que la s\u0153ur du journaliste a \u00e9t\u00e9 condamn\u00e9e \u00e0 6 mois de prison avec sursis pour les m\u00eames faits.<\/p>\n<p style=\"text-align: right;\"><strong>Y. N.<\/strong><\/p>\n","protected":false},"excerpt":{"rendered":"<p>Salam Malik, pr\u00e9sident de l&rsquo;Union tunisienne des m\u00e9dias associatifs (UTMA) et directeur de la station radio Dj\u00e9rid FM (Tozeur), a \u00e9t\u00e9 condamn\u00e9 \u00e0 6 mois de prison ferme.<\/p>\n","protected":false},"author":6,"featured_media":95628,"comment_status":"open","ping_status":"open","sticky":false,"template":"","format":"standard","meta":{"footnotes":""},"categories":[996,2433],"tags":[1380,1314,838,1208],"class_list":["post-95624","post","type-post","status-publish","format-standard","has-post-thumbnail","hentry","category-media","category-tunisie","tag-journaliste","tag-prison","tag-snjt","tag-tozeur"],"yoast_head":"<!-- This site is optimized with the Yoast SEO plugin v26.6 - https:\/\/yoast.com\/wordpress\/plugins\/seo\/ -->\n<title>Tozeur : Le journaliste Salam Malik condamn\u00e9 \u00e0 6 mois ferme - Kapitalis<\/title>\n<meta name=\"robots\" content=\"index, follow, max-snippet:-1, max-image-preview:large, max-video-preview:-1\" \/>\n<link rel=\"canonical\" href=\"https:\/\/kapitalis.com\/tunisie\/2017\/05\/10\/tozeur-le-journaliste-salam-malik-condamne-a-6-mois-ferme\/\" \/>\n<meta property=\"og:locale\" content=\"fr_FR\" \/>\n<meta property=\"og:type\" content=\"article\" \/>\n<meta property=\"og:title\" content=\"Tozeur : Le journaliste Salam Malik condamn\u00e9 \u00e0 6 mois ferme - Kapitalis\" \/>\n<meta property=\"og:description\" content=\"Salam Malik, pr\u00e9sident de l&rsquo;Union tunisienne des m\u00e9dias associatifs (UTMA) et directeur de la station radio Dj\u00e9rid FM (Tozeur), a \u00e9t\u00e9 condamn\u00e9 \u00e0 6 mois de prison ferme.\" \/>\n<meta property=\"og:url\" content=\"https:\/\/kapitalis.com\/tunisie\/2017\/05\/10\/tozeur-le-journaliste-salam-malik-condamne-a-6-mois-ferme\/\" \/>\n<meta property=\"og:site_name\" content=\"Kapitalis\" \/>\n<meta property=\"article:publisher\" content=\"https:\/\/www.facebook.com\/KapitalisInfo\/\" \/>\n<meta property=\"article:published_time\" content=\"2017-05-10T16:39:58+00:00\" \/>\n<meta property=\"og:image\" content=\"https:\/\/kapitalis.com\/tunisie\/wp-content\/uploads\/2022\/05\/kapitalis-logo-fb.png\" \/>\n\t<meta property=\"og:image:width\" content=\"1200\" \/>\n\t<meta property=\"og:image:height\" content=\"630\" \/>\n\t<meta property=\"og:image:type\" content=\"image\/png\" \/>\n<meta name=\"author\" content=\"Yusra NY\" \/>\n<meta name=\"twitter:card\" content=\"summary_large_image\" \/>\n<meta name=\"twitter:creator\" content=\"@KapitalisInfo\" \/>\n<meta name=\"twitter:site\" content=\"@KapitalisInfo\" \/>\n<meta name=\"twitter:label1\" content=\"\u00c9crit par\" \/>\n\t<meta name=\"twitter:data1\" content=\"Yusra NY\" \/>\n\t<meta name=\"twitter:label2\" content=\"Dur\u00e9e de lecture estim\u00e9e\" \/>\n\t<meta name=\"twitter:data2\" content=\"1 minute\" \/>\n<script type=\"application\/ld+json\" class=\"yoast-schema-graph\">{\"@context\":\"https:\/\/schema.org\",\"@graph\":[{\"@type\":\"Article\",\"@id\":\"https:\/\/kapitalis.com\/tunisie\/2017\/05\/10\/tozeur-le-journaliste-salam-malik-condamne-a-6-mois-ferme\/#article\",\"isPartOf\":{\"@id\":\"https:\/\/kapitalis.com\/tunisie\/2017\/05\/10\/tozeur-le-journaliste-salam-malik-condamne-a-6-mois-ferme\/\"},\"author\":{\"name\":\"Yusra NY\",\"@id\":\"https:\/\/kapitalis.com\/tunisie\/#\/schema\/person\/74bbde0154d49d790a92aaeac5bc01d5\"},\"headline\":\"Tozeur : Le journaliste Salam Malik condamn\u00e9 \u00e0 6 mois ferme\",\"datePublished\":\"2017-05-10T16:39:58+00:00\",\"mainEntityOfPage\":{\"@id\":\"https:\/\/kapitalis.com\/tunisie\/2017\/05\/10\/tozeur-le-journaliste-salam-malik-condamne-a-6-mois-ferme\/\"},\"wordCount\":258,\"commentCount\":3,\"publisher\":{\"@id\":\"https:\/\/kapitalis.com\/tunisie\/#organization\"},\"image\":{\"@id\":\"https:\/\/kapitalis.com\/tunisie\/2017\/05\/10\/tozeur-le-journaliste-salam-malik-condamne-a-6-mois-ferme\/#primaryimage\"},\"thumbnailUrl\":\"\",\"keywords\":[\"journaliste\",\"prison\",\"SNJT\",\"Tozeur\"],\"articleSection\":[\"MEDIA\",\"Tunisie\"],\"inLanguage\":\"fr-FR\",\"potentialAction\":[{\"@type\":\"CommentAction\",\"name\":\"Comment\",\"target\":[\"https:\/\/kapitalis.com\/tunisie\/2017\/05\/10\/tozeur-le-journaliste-salam-malik-condamne-a-6-mois-ferme\/#respond\"]}]},{\"@type\":\"WebPage\",\"@id\":\"https:\/\/kapitalis.com\/tunisie\/2017\/05\/10\/tozeur-le-journaliste-salam-malik-condamne-a-6-mois-ferme\/\",\"url\":\"https:\/\/kapitalis.com\/tunisie\/2017\/05\/10\/tozeur-le-journaliste-salam-malik-condamne-a-6-mois-ferme\/\",\"name\":\"Tozeur : Le journaliste Salam Malik condamn\u00e9 \u00e0 6 mois ferme - Kapitalis\",\"isPartOf\":{\"@id\":\"https:\/\/kapitalis.com\/tunisie\/#website\"},\"primaryImageOfPage\":{\"@id\":\"https:\/\/kapitalis.com\/tunisie\/2017\/05\/10\/tozeur-le-journaliste-salam-malik-condamne-a-6-mois-ferme\/#primaryimage\"},\"image\":{\"@id\":\"https:\/\/kapitalis.com\/tunisie\/2017\/05\/10\/tozeur-le-journaliste-salam-malik-condamne-a-6-mois-ferme\/#primaryimage\"},\"thumbnailUrl\":\"\",\"datePublished\":\"2017-05-10T16:39:58+00:00\",\"breadcrumb\":{\"@id\":\"https:\/\/kapitalis.com\/tunisie\/2017\/05\/10\/tozeur-le-journaliste-salam-malik-condamne-a-6-mois-ferme\/#breadcrumb\"},\"inLanguage\":\"fr-FR\",\"potentialAction\":[{\"@type\":\"ReadAction\",\"target\":[\"https:\/\/kapitalis.com\/tunisie\/2017\/05\/10\/tozeur-le-journaliste-salam-malik-condamne-a-6-mois-ferme\/\"]}]},{\"@type\":\"ImageObject\",\"inLanguage\":\"fr-FR\",\"@id\":\"https:\/\/kapitalis.com\/tunisie\/2017\/05\/10\/tozeur-le-journaliste-salam-malik-condamne-a-6-mois-ferme\/#primaryimage\",\"url\":\"\",\"contentUrl\":\"\"},{\"@type\":\"BreadcrumbList\",\"@id\":\"https:\/\/kapitalis.com\/tunisie\/2017\/05\/10\/tozeur-le-journaliste-salam-malik-condamne-a-6-mois-ferme\/#breadcrumb\",\"itemListElement\":[{\"@type\":\"ListItem\",\"position\":1,\"name\":\"Accueil\",\"item\":\"https:\/\/kapitalis.com\/tunisie\/\"},{\"@type\":\"ListItem\",\"position\":2,\"name\":\"Tozeur : Le journaliste Salam Malik condamn\u00e9 \u00e0 6 mois ferme\"}]},{\"@type\":\"WebSite\",\"@id\":\"https:\/\/kapitalis.com\/tunisie\/#website\",\"url\":\"https:\/\/kapitalis.com\/tunisie\/\",\"name\":\"Kapitalis\",\"description\":\"L&#039;actualit\u00e9 en Tunisie et dans le monde\",\"publisher\":{\"@id\":\"https:\/\/kapitalis.com\/tunisie\/#organization\"},\"potentialAction\":[{\"@type\":\"SearchAction\",\"target\":{\"@type\":\"EntryPoint\",\"urlTemplate\":\"https:\/\/kapitalis.com\/tunisie\/?s={search_term_string}\"},\"query-input\":{\"@type\":\"PropertyValueSpecification\",\"valueRequired\":true,\"valueName\":\"search_term_string\"}}],\"inLanguage\":\"fr-FR\"},{\"@type\":\"Organization\",\"@id\":\"https:\/\/kapitalis.com\/tunisie\/#organization\",\"name\":\"Kapitalis\",\"url\":\"https:\/\/kapitalis.com\/tunisie\/\",\"logo\":{\"@type\":\"ImageObject\",\"inLanguage\":\"fr-FR\",\"@id\":\"https:\/\/kapitalis.com\/tunisie\/#\/schema\/logo\/image\/\",\"url\":\"https:\/\/kapitalis.com\/tunisie\/wp-content\/uploads\/2022\/05\/Kapitalis-big-size.png\",\"contentUrl\":\"https:\/\/kapitalis.com\/tunisie\/wp-content\/uploads\/2022\/05\/Kapitalis-big-size.png\",\"width\":5000,\"height\":1500,\"caption\":\"Kapitalis\"},\"image\":{\"@id\":\"https:\/\/kapitalis.com\/tunisie\/#\/schema\/logo\/image\/\"},\"sameAs\":[\"https:\/\/www.facebook.com\/KapitalisInfo\/\",\"https:\/\/x.com\/KapitalisInfo\",\"https:\/\/www.youtube.com\/channel\/UC-yDYrHyfFBWWZaOw3FPg9Q\"]},{\"@type\":\"Person\",\"@id\":\"https:\/\/kapitalis.com\/tunisie\/#\/schema\/person\/74bbde0154d49d790a92aaeac5bc01d5\",\"name\":\"Yusra NY\",\"url\":\"https:\/\/kapitalis.com\/tunisie\/author\/yuza_adam\/\"}]}<\/script>\n<!-- \/ Yoast SEO plugin. -->","yoast_head_json":{"title":"Tozeur : Le journaliste Salam Malik condamn\u00e9 \u00e0 6 mois ferme - Kapitalis","robots":{"index":"index","follow":"follow","max-snippet":"max-snippet:-1","max-image-preview":"max-image-preview:large","max-video-preview":"max-video-preview:-1"},"canonical":"https:\/\/kapitalis.com\/tunisie\/2017\/05\/10\/tozeur-le-journaliste-salam-malik-condamne-a-6-mois-ferme\/","og_locale":"fr_FR","og_type":"article","og_title":"Tozeur : Le journaliste Salam Malik condamn\u00e9 \u00e0 6 mois ferme - Kapitalis","og_description":"Salam Malik, pr\u00e9sident de l&rsquo;Union tunisienne des m\u00e9dias associatifs (UTMA) et directeur de la station radio Dj\u00e9rid FM (Tozeur), a \u00e9t\u00e9 condamn\u00e9 \u00e0 6 mois de prison ferme.","og_url":"https:\/\/kapitalis.com\/tunisie\/2017\/05\/10\/tozeur-le-journaliste-salam-malik-condamne-a-6-mois-ferme\/","og_site_name":"Kapitalis","article_publisher":"https:\/\/www.facebook.com\/KapitalisInfo\/","article_published_time":"2017-05-10T16:39:58+00:00","og_image":[{"width":1200,"height":630,"url":"https:\/\/kapitalis.com\/tunisie\/wp-content\/uploads\/2022\/05\/kapitalis-logo-fb.png","type":"image\/png"}],"author":"Yusra NY","twitter_card":"summary_large_image","twitter_creator":"@KapitalisInfo","twitter_site":"@KapitalisInfo","twitter_misc":{"\u00c9crit par":"Yusra NY","Dur\u00e9e de lecture estim\u00e9e":"1 minute"},"schema":{"@context":"https:\/\/schema.org","@graph":[{"@type":"Article","@id":"https:\/\/kapitalis.com\/tunisie\/2017\/05\/10\/tozeur-le-journaliste-salam-malik-condamne-a-6-mois-ferme\/#article","isPartOf":{"@id":"https:\/\/kapitalis.com\/tunisie\/2017\/05\/10\/tozeur-le-journaliste-salam-malik-condamne-a-6-mois-ferme\/"},"author":{"name":"Yusra NY","@id":"https:\/\/kapitalis.com\/tunisie\/#\/schema\/person\/74bbde0154d49d790a92aaeac5bc01d5"},"headline":"Tozeur : Le journaliste Salam Malik condamn\u00e9 \u00e0 6 mois ferme","datePublished":"2017-05-10T16:39:58+00:00","mainEntityOfPage":{"@id":"https:\/\/kapitalis.com\/tunisie\/2017\/05\/10\/tozeur-le-journaliste-salam-malik-condamne-a-6-mois-ferme\/"},"wordCount":258,"commentCount":3,"publisher":{"@id":"https:\/\/kapitalis.com\/tunisie\/#organization"},"image":{"@id":"https:\/\/kapitalis.com\/tunisie\/2017\/05\/10\/tozeur-le-journaliste-salam-malik-condamne-a-6-mois-ferme\/#primaryimage"},"thumbnailUrl":"","keywords":["journaliste","prison","SNJT","Tozeur"],"articleSection":["MEDIA","Tunisie"],"inLanguage":"fr-FR","potentialAction":[{"@type":"CommentAction","name":"Comment","target":["https:\/\/kapitalis.com\/tunisie\/2017\/05\/10\/tozeur-le-journaliste-salam-malik-condamne-a-6-mois-ferme\/#respond"]}]},{"@type":"WebPage","@id":"https:\/\/kapitalis.com\/tunisie\/2017\/05\/10\/tozeur-le-journaliste-salam-malik-condamne-a-6-mois-ferme\/","url":"https:\/\/kapitalis.com\/tunisie\/2017\/05\/10\/tozeur-le-journaliste-salam-malik-condamne-a-6-mois-ferme\/","name":"Tozeur : Le journaliste Salam Malik condamn\u00e9 \u00e0 6 mois ferme - Kapitalis","isPartOf":{"@id":"https:\/\/kapitalis.com\/tunisie\/#website"},"primaryImageOfPage":{"@id":"https:\/\/kapitalis.com\/tunisie\/2017\/05\/10\/tozeur-le-journaliste-salam-malik-condamne-a-6-mois-ferme\/#primaryimage"},"image":{"@id":"https:\/\/kapitalis.com\/tunisie\/2017\/05\/10\/tozeur-le-journaliste-salam-malik-condamne-a-6-mois-ferme\/#primaryimage"},"thumbnailUrl":"","datePublished":"2017-05-10T16:39:58+00:00","breadcrumb":{"@id":"https:\/\/kapitalis.com\/tunisie\/2017\/05\/10\/tozeur-le-journaliste-salam-malik-condamne-a-6-mois-ferme\/#breadcrumb"},"inLanguage":"fr-FR","potentialAction":[{"@type":"ReadAction","target":["https:\/\/kapitalis.com\/tunisie\/2017\/05\/10\/tozeur-le-journaliste-salam-malik-condamne-a-6-mois-ferme\/"]}]},{"@type":"ImageObject","inLanguage":"fr-FR","@id":"https:\/\/kapitalis.com\/tunisie\/2017\/05\/10\/tozeur-le-journaliste-salam-malik-condamne-a-6-mois-ferme\/#primaryimage","url":"","contentUrl":""},{"@type":"BreadcrumbList","@id":"https:\/\/kapitalis.com\/tunisie\/2017\/05\/10\/tozeur-le-journaliste-salam-malik-condamne-a-6-mois-ferme\/#breadcrumb","itemListElement":[{"@type":"ListItem","position":1,"name":"Accueil","item":"https:\/\/kapitalis.com\/tunisie\/"},{"@type":"ListItem","position":2,"name":"Tozeur : Le journaliste Salam Malik condamn\u00e9 \u00e0 6 mois ferme"}]},{"@type":"WebSite","@id":"https:\/\/kapitalis.com\/tunisie\/#website","url":"https:\/\/kapitalis.com\/tunisie\/","name":"Kapitalis","description":"L&#039;actualit\u00e9 en Tunisie et dans le monde","publisher":{"@id":"https:\/\/kapitalis.com\/tunisie\/#organization"},"potentialAction":[{"@type":"SearchAction","target":{"@type":"EntryPoint","urlTemplate":"https:\/\/kapitalis.com\/tunisie\/?s={search_term_string}"},"query-input":{"@type":"PropertyValueSpecification","valueRequired":true,"valueName":"search_term_string"}}],"inLanguage":"fr-FR"},{"@type":"Organization","@id":"https:\/\/kapitalis.com\/tunisie\/#organization","name":"Kapitalis","url":"https:\/\/kapitalis.com\/tunisie\/","logo":{"@type":"ImageObject","inLanguage":"fr-FR","@id":"https:\/\/kapitalis.com\/tunisie\/#\/schema\/logo\/image\/","url":"https:\/\/kapitalis.com\/tunisie\/wp-content\/uploads\/2022\/05\/Kapitalis-big-size.png","contentUrl":"https:\/\/kapitalis.com\/tunisie\/wp-content\/uploads\/2022\/05\/Kapitalis-big-size.png","width":5000,"height":1500,"caption":"Kapitalis"},"image":{"@id":"https:\/\/kapitalis.com\/tunisie\/#\/schema\/logo\/image\/"},"sameAs":["https:\/\/www.facebook.com\/KapitalisInfo\/","https:\/\/x.com\/KapitalisInfo","https:\/\/www.youtube.com\/channel\/UC-yDYrHyfFBWWZaOw3FPg9Q"]},{"@type":"Person","@id":"https:\/\/kapitalis.com\/tunisie\/#\/schema\/person\/74bbde0154d49d790a92aaeac5bc01d5","name":"Yusra NY","url":"https:\/\/kapitalis.com\/tunisie\/author\/yuza_adam\/"}]}},"_links":{"self":[{"href":"https:\/\/kapitalis.com\/tunisie\/wp-json\/wp\/v2\/posts\/95624","targetHints":{"allow":["GET"]}}],"collection":[{"href":"https:\/\/kapitalis.com\/tunisie\/wp-json\/wp\/v2\/posts"}],"about":[{"href":"https:\/\/kapitalis.com\/tunisie\/wp-json\/wp\/v2\/types\/post"}],"author":[{"embeddable":true,"href":"https:\/\/kapitalis.com\/tunisie\/wp-json\/wp\/v2\/users\/6"}],"replies":[{"embeddable":true,"href":"https:\/\/kapitalis.com\/tunisie\/wp-json\/wp\/v2\/comments?post=95624"}],"version-history":[{"count":0,"href":"https:\/\/kapitalis.com\/tunisie\/wp-json\/wp\/v2\/posts\/95624\/revisions"}],"wp:featuredmedia":[{"embeddable":true,"href":"https:\/\/kapitalis.com\/tunisie\/wp-json\/wp\/v2\/media\/95628"}],"wp:attachment":[{"href":"https:\/\/kapitalis.com\/tunisie\/wp-json\/wp\/v2\/media?parent=95624"}],"wp:term":[{"taxonomy":"category","embeddable":true,"href":"https:\/\/kapitalis.com\/tunisie\/wp-json\/wp\/v2\/categories?post=95624"},{"taxonomy":"post_tag","embeddable":true,"href":"https:\/\/kapitalis.com\/tunisie\/wp-json\/wp\/v2\/tags?post=95624"}],"curies":[{"name":"wp","href":"https:\/\/api.w.org\/{rel}","templated":true}]}}