{"id":95767,"date":"2017-05-11T17:06:47","date_gmt":"2017-05-11T16:36:47","guid":{"rendered":"http:\/\/kapitalis.com\/tunisie\/?p=95767"},"modified":"2017-05-11T17:07:51","modified_gmt":"2017-05-11T16:37:51","slug":"ftdes-montee-des-mouvements-de-protestation-en-avril","status":"publish","type":"post","link":"https:\/\/kapitalis.com\/tunisie\/2017\/05\/11\/ftdes-montee-des-mouvements-de-protestation-en-avril\/","title":{"rendered":"FTDES : Mont\u00e9e des mouvements de protestation en avril"},"content":{"rendered":"<p style=\"text-align: center;\"><img loading=\"lazy\" decoding=\"async\" class=\"alignnone size-full wp-image-95779\" src=\"http:\/\/kapitalis.com\/tunisie\/wp-content\/uploads\/2017\/05\/mouvement-de-protestation.jpg\" alt=\"\" width=\"626\" height=\"380\" \/><\/p>\n<p><em><strong>Le Forum tunisien pour les droits \u00e9conomiques et sociaux (FTDES) a r\u00e9v\u00e9l\u00e9 une hausse des mouvements sociaux durant le mois d&rsquo;avril 2017.<\/strong><\/em><!--more--><\/p>\n<p>Dans son <a href=\"https:\/\/ftdes.net\/ost\/fr.avril2017.pdf\">rapport<\/a> publi\u00e9 aujourd&rsquo;hui, jeudi 11 mai 2017, le FTDES a indiqu\u00e9 que les protestations collectives ont connu une hausse de 96,3% durant le mois d&rsquo;avril par rapport \u00e0 mars dernier et une augmentation de 87,5% par rapport \u00e0\u00a0f\u00e9vrier, ajoutant qu&rsquo;il y a une r\u00e9gression du taux de contestation individuelle de 3,7%.<\/p>\n<p>La FTDES a,\u00a0sur un autre plan,\u00a0soulign\u00e9 que le taux de suicide chez les jeunes est en hausse, indiquant que 46 cas de suicide et de tentatives de suicide ont \u00e9t\u00e9 enregistr\u00e9s au mois d&rsquo;avril,\u00a0dans les gouvernorats de Tunis, Sousse, Jendouba, Sfax, Kasserine, Kebili et Sidi Bouzid,\u00a0dont 35 chez les hommes et 11 chez les femmes. Le taux le plus \u00e9lev\u00e9 reste celui des jeunes \u00e2g\u00e9s entre 26 et 35 ans (46%).<\/p>\n<p>Le rapport a aussi r\u00e9v\u00e9l\u00e9 une augmentation des\u00a0cas d&rsquo;agression sexuelle sur\u00a0les enfants dans les milieux scolaire et familial, sans pour autant donner des statistiques \u00e0 ce sujet.<\/p>\n<p style=\"text-align: right;\"><strong>E. B. A.<\/strong><\/p>\n","protected":false},"excerpt":{"rendered":"<p>Le Forum tunisien pour les droits \u00e9conomiques et sociaux (FTDES) a r\u00e9v\u00e9l\u00e9 une hausse des mouvements sociaux durant le mois d&rsquo;avril 2017.<\/p>\n","protected":false},"author":16,"featured_media":95779,"comment_status":"open","ping_status":"open","sticky":false,"template":"","format":"standard","meta":{"footnotes":""},"categories":[998,2433],"tags":[14696,865],"class_list":["post-95767","post","type-post","status-publish","format-standard","has-post-thumbnail","hentry","category-societe","category-tunisie","tag-forum-tunisien-pour-les-droits-economiques-et-sociaux","tag-suicide"],"yoast_head":"<!-- This site is optimized with the Yoast SEO plugin v26.6 - https:\/\/yoast.com\/wordpress\/plugins\/seo\/ -->\n<title>FTDES : Mont\u00e9e des mouvements de protestation en avril - Kapitalis<\/title>\n<meta name=\"robots\" content=\"index, follow, max-snippet:-1, max-image-preview:large, max-video-preview:-1\" \/>\n<link rel=\"canonical\" href=\"https:\/\/kapitalis.com\/tunisie\/2017\/05\/11\/ftdes-montee-des-mouvements-de-protestation-en-avril\/\" \/>\n<meta property=\"og:locale\" content=\"fr_FR\" \/>\n<meta property=\"og:type\" content=\"article\" \/>\n<meta property=\"og:title\" content=\"FTDES : Mont\u00e9e des mouvements de protestation en avril - Kapitalis\" \/>\n<meta property=\"og:description\" content=\"Le Forum tunisien pour les droits \u00e9conomiques et sociaux (FTDES) a r\u00e9v\u00e9l\u00e9 une hausse des mouvements sociaux durant le mois d&rsquo;avril 2017.\" \/>\n<meta property=\"og:url\" content=\"https:\/\/kapitalis.com\/tunisie\/2017\/05\/11\/ftdes-montee-des-mouvements-de-protestation-en-avril\/\" \/>\n<meta property=\"og:site_name\" content=\"Kapitalis\" \/>\n<meta property=\"article:publisher\" content=\"https:\/\/www.facebook.com\/KapitalisInfo\/\" \/>\n<meta property=\"article:published_time\" content=\"2017-05-11T16:36:47+00:00\" \/>\n<meta property=\"article:modified_time\" content=\"2017-05-11T16:37:51+00:00\" \/>\n<meta property=\"og:image\" content=\"https:\/\/kapitalis.com\/tunisie\/wp-content\/uploads\/2022\/05\/kapitalis-logo-fb.png\" \/>\n\t<meta property=\"og:image:width\" content=\"1200\" \/>\n\t<meta property=\"og:image:height\" content=\"630\" \/>\n\t<meta property=\"og:image:type\" content=\"image\/png\" \/>\n<meta name=\"author\" content=\"emna benabdallah\" \/>\n<meta name=\"twitter:card\" content=\"summary_large_image\" \/>\n<meta name=\"twitter:creator\" content=\"@KapitalisInfo\" \/>\n<meta name=\"twitter:site\" content=\"@KapitalisInfo\" \/>\n<meta name=\"twitter:label1\" content=\"\u00c9crit par\" \/>\n\t<meta name=\"twitter:data1\" content=\"emna benabdallah\" \/>\n\t<meta name=\"twitter:label2\" content=\"Dur\u00e9e de lecture estim\u00e9e\" \/>\n\t<meta name=\"twitter:data2\" content=\"1 minute\" \/>\n<script type=\"application\/ld+json\" class=\"yoast-schema-graph\">{\"@context\":\"https:\/\/schema.org\",\"@graph\":[{\"@type\":\"Article\",\"@id\":\"https:\/\/kapitalis.com\/tunisie\/2017\/05\/11\/ftdes-montee-des-mouvements-de-protestation-en-avril\/#article\",\"isPartOf\":{\"@id\":\"https:\/\/kapitalis.com\/tunisie\/2017\/05\/11\/ftdes-montee-des-mouvements-de-protestation-en-avril\/\"},\"author\":{\"name\":\"emna benabdallah\",\"@id\":\"https:\/\/kapitalis.com\/tunisie\/#\/schema\/person\/2c6e134b2f3369dffcd1daf5f087d28b\"},\"headline\":\"FTDES : Mont\u00e9e des mouvements de protestation en avril\",\"datePublished\":\"2017-05-11T16:36:47+00:00\",\"dateModified\":\"2017-05-11T16:37:51+00:00\",\"mainEntityOfPage\":{\"@id\":\"https:\/\/kapitalis.com\/tunisie\/2017\/05\/11\/ftdes-montee-des-mouvements-de-protestation-en-avril\/\"},\"wordCount\":185,\"commentCount\":0,\"publisher\":{\"@id\":\"https:\/\/kapitalis.com\/tunisie\/#organization\"},\"image\":{\"@id\":\"https:\/\/kapitalis.com\/tunisie\/2017\/05\/11\/ftdes-montee-des-mouvements-de-protestation-en-avril\/#primaryimage\"},\"thumbnailUrl\":\"\",\"keywords\":[\"Forum tunisien pour les droits \u00e9conomiques et sociaux\",\"suicide\"],\"articleSection\":[\"SOCIETE\",\"Tunisie\"],\"inLanguage\":\"fr-FR\",\"potentialAction\":[{\"@type\":\"CommentAction\",\"name\":\"Comment\",\"target\":[\"https:\/\/kapitalis.com\/tunisie\/2017\/05\/11\/ftdes-montee-des-mouvements-de-protestation-en-avril\/#respond\"]}]},{\"@type\":\"WebPage\",\"@id\":\"https:\/\/kapitalis.com\/tunisie\/2017\/05\/11\/ftdes-montee-des-mouvements-de-protestation-en-avril\/\",\"url\":\"https:\/\/kapitalis.com\/tunisie\/2017\/05\/11\/ftdes-montee-des-mouvements-de-protestation-en-avril\/\",\"name\":\"FTDES : Mont\u00e9e des mouvements de protestation en avril - Kapitalis\",\"isPartOf\":{\"@id\":\"https:\/\/kapitalis.com\/tunisie\/#website\"},\"primaryImageOfPage\":{\"@id\":\"https:\/\/kapitalis.com\/tunisie\/2017\/05\/11\/ftdes-montee-des-mouvements-de-protestation-en-avril\/#primaryimage\"},\"image\":{\"@id\":\"https:\/\/kapitalis.com\/tunisie\/2017\/05\/11\/ftdes-montee-des-mouvements-de-protestation-en-avril\/#primaryimage\"},\"thumbnailUrl\":\"\",\"datePublished\":\"2017-05-11T16:36:47+00:00\",\"dateModified\":\"2017-05-11T16:37:51+00:00\",\"breadcrumb\":{\"@id\":\"https:\/\/kapitalis.com\/tunisie\/2017\/05\/11\/ftdes-montee-des-mouvements-de-protestation-en-avril\/#breadcrumb\"},\"inLanguage\":\"fr-FR\",\"potentialAction\":[{\"@type\":\"ReadAction\",\"target\":[\"https:\/\/kapitalis.com\/tunisie\/2017\/05\/11\/ftdes-montee-des-mouvements-de-protestation-en-avril\/\"]}]},{\"@type\":\"ImageObject\",\"inLanguage\":\"fr-FR\",\"@id\":\"https:\/\/kapitalis.com\/tunisie\/2017\/05\/11\/ftdes-montee-des-mouvements-de-protestation-en-avril\/#primaryimage\",\"url\":\"\",\"contentUrl\":\"\"},{\"@type\":\"BreadcrumbList\",\"@id\":\"https:\/\/kapitalis.com\/tunisie\/2017\/05\/11\/ftdes-montee-des-mouvements-de-protestation-en-avril\/#breadcrumb\",\"itemListElement\":[{\"@type\":\"ListItem\",\"position\":1,\"name\":\"Accueil\",\"item\":\"https:\/\/kapitalis.com\/tunisie\/\"},{\"@type\":\"ListItem\",\"position\":2,\"name\":\"FTDES : Mont\u00e9e des mouvements de protestation en avril\"}]},{\"@type\":\"WebSite\",\"@id\":\"https:\/\/kapitalis.com\/tunisie\/#website\",\"url\":\"https:\/\/kapitalis.com\/tunisie\/\",\"name\":\"Kapitalis\",\"description\":\"L&#039;actualit\u00e9 en Tunisie et dans le monde\",\"publisher\":{\"@id\":\"https:\/\/kapitalis.com\/tunisie\/#organization\"},\"potentialAction\":[{\"@type\":\"SearchAction\",\"target\":{\"@type\":\"EntryPoint\",\"urlTemplate\":\"https:\/\/kapitalis.com\/tunisie\/?s={search_term_string}\"},\"query-input\":{\"@type\":\"PropertyValueSpecification\",\"valueRequired\":true,\"valueName\":\"search_term_string\"}}],\"inLanguage\":\"fr-FR\"},{\"@type\":\"Organization\",\"@id\":\"https:\/\/kapitalis.com\/tunisie\/#organization\",\"name\":\"Kapitalis\",\"url\":\"https:\/\/kapitalis.com\/tunisie\/\",\"logo\":{\"@type\":\"ImageObject\",\"inLanguage\":\"fr-FR\",\"@id\":\"https:\/\/kapitalis.com\/tunisie\/#\/schema\/logo\/image\/\",\"url\":\"https:\/\/kapitalis.com\/tunisie\/wp-content\/uploads\/2022\/05\/Kapitalis-big-size.png\",\"contentUrl\":\"https:\/\/kapitalis.com\/tunisie\/wp-content\/uploads\/2022\/05\/Kapitalis-big-size.png\",\"width\":5000,\"height\":1500,\"caption\":\"Kapitalis\"},\"image\":{\"@id\":\"https:\/\/kapitalis.com\/tunisie\/#\/schema\/logo\/image\/\"},\"sameAs\":[\"https:\/\/www.facebook.com\/KapitalisInfo\/\",\"https:\/\/x.com\/KapitalisInfo\",\"https:\/\/www.youtube.com\/channel\/UC-yDYrHyfFBWWZaOw3FPg9Q\"]},{\"@type\":\"Person\",\"@id\":\"https:\/\/kapitalis.com\/tunisie\/#\/schema\/person\/2c6e134b2f3369dffcd1daf5f087d28b\",\"name\":\"emna benabdallah\",\"url\":\"https:\/\/kapitalis.com\/tunisie\/author\/emna\/\"}]}<\/script>\n<!-- \/ Yoast SEO plugin. -->","yoast_head_json":{"title":"FTDES : Mont\u00e9e des mouvements de protestation en avril - Kapitalis","robots":{"index":"index","follow":"follow","max-snippet":"max-snippet:-1","max-image-preview":"max-image-preview:large","max-video-preview":"max-video-preview:-1"},"canonical":"https:\/\/kapitalis.com\/tunisie\/2017\/05\/11\/ftdes-montee-des-mouvements-de-protestation-en-avril\/","og_locale":"fr_FR","og_type":"article","og_title":"FTDES : Mont\u00e9e des mouvements de protestation en avril - Kapitalis","og_description":"Le Forum tunisien pour les droits \u00e9conomiques et sociaux (FTDES) a r\u00e9v\u00e9l\u00e9 une hausse des mouvements sociaux durant le mois d&rsquo;avril 2017.","og_url":"https:\/\/kapitalis.com\/tunisie\/2017\/05\/11\/ftdes-montee-des-mouvements-de-protestation-en-avril\/","og_site_name":"Kapitalis","article_publisher":"https:\/\/www.facebook.com\/KapitalisInfo\/","article_published_time":"2017-05-11T16:36:47+00:00","article_modified_time":"2017-05-11T16:37:51+00:00","og_image":[{"width":1200,"height":630,"url":"https:\/\/kapitalis.com\/tunisie\/wp-content\/uploads\/2022\/05\/kapitalis-logo-fb.png","type":"image\/png"}],"author":"emna benabdallah","twitter_card":"summary_large_image","twitter_creator":"@KapitalisInfo","twitter_site":"@KapitalisInfo","twitter_misc":{"\u00c9crit par":"emna benabdallah","Dur\u00e9e de lecture estim\u00e9e":"1 minute"},"schema":{"@context":"https:\/\/schema.org","@graph":[{"@type":"Article","@id":"https:\/\/kapitalis.com\/tunisie\/2017\/05\/11\/ftdes-montee-des-mouvements-de-protestation-en-avril\/#article","isPartOf":{"@id":"https:\/\/kapitalis.com\/tunisie\/2017\/05\/11\/ftdes-montee-des-mouvements-de-protestation-en-avril\/"},"author":{"name":"emna benabdallah","@id":"https:\/\/kapitalis.com\/tunisie\/#\/schema\/person\/2c6e134b2f3369dffcd1daf5f087d28b"},"headline":"FTDES : Mont\u00e9e des mouvements de protestation en avril","datePublished":"2017-05-11T16:36:47+00:00","dateModified":"2017-05-11T16:37:51+00:00","mainEntityOfPage":{"@id":"https:\/\/kapitalis.com\/tunisie\/2017\/05\/11\/ftdes-montee-des-mouvements-de-protestation-en-avril\/"},"wordCount":185,"commentCount":0,"publisher":{"@id":"https:\/\/kapitalis.com\/tunisie\/#organization"},"image":{"@id":"https:\/\/kapitalis.com\/tunisie\/2017\/05\/11\/ftdes-montee-des-mouvements-de-protestation-en-avril\/#primaryimage"},"thumbnailUrl":"","keywords":["Forum tunisien pour les droits \u00e9conomiques et sociaux","suicide"],"articleSection":["SOCIETE","Tunisie"],"inLanguage":"fr-FR","potentialAction":[{"@type":"CommentAction","name":"Comment","target":["https:\/\/kapitalis.com\/tunisie\/2017\/05\/11\/ftdes-montee-des-mouvements-de-protestation-en-avril\/#respond"]}]},{"@type":"WebPage","@id":"https:\/\/kapitalis.com\/tunisie\/2017\/05\/11\/ftdes-montee-des-mouvements-de-protestation-en-avril\/","url":"https:\/\/kapitalis.com\/tunisie\/2017\/05\/11\/ftdes-montee-des-mouvements-de-protestation-en-avril\/","name":"FTDES : Mont\u00e9e des mouvements de protestation en avril - Kapitalis","isPartOf":{"@id":"https:\/\/kapitalis.com\/tunisie\/#website"},"primaryImageOfPage":{"@id":"https:\/\/kapitalis.com\/tunisie\/2017\/05\/11\/ftdes-montee-des-mouvements-de-protestation-en-avril\/#primaryimage"},"image":{"@id":"https:\/\/kapitalis.com\/tunisie\/2017\/05\/11\/ftdes-montee-des-mouvements-de-protestation-en-avril\/#primaryimage"},"thumbnailUrl":"","datePublished":"2017-05-11T16:36:47+00:00","dateModified":"2017-05-11T16:37:51+00:00","breadcrumb":{"@id":"https:\/\/kapitalis.com\/tunisie\/2017\/05\/11\/ftdes-montee-des-mouvements-de-protestation-en-avril\/#breadcrumb"},"inLanguage":"fr-FR","potentialAction":[{"@type":"ReadAction","target":["https:\/\/kapitalis.com\/tunisie\/2017\/05\/11\/ftdes-montee-des-mouvements-de-protestation-en-avril\/"]}]},{"@type":"ImageObject","inLanguage":"fr-FR","@id":"https:\/\/kapitalis.com\/tunisie\/2017\/05\/11\/ftdes-montee-des-mouvements-de-protestation-en-avril\/#primaryimage","url":"","contentUrl":""},{"@type":"BreadcrumbList","@id":"https:\/\/kapitalis.com\/tunisie\/2017\/05\/11\/ftdes-montee-des-mouvements-de-protestation-en-avril\/#breadcrumb","itemListElement":[{"@type":"ListItem","position":1,"name":"Accueil","item":"https:\/\/kapitalis.com\/tunisie\/"},{"@type":"ListItem","position":2,"name":"FTDES : Mont\u00e9e des mouvements de protestation en avril"}]},{"@type":"WebSite","@id":"https:\/\/kapitalis.com\/tunisie\/#website","url":"https:\/\/kapitalis.com\/tunisie\/","name":"Kapitalis","description":"L&#039;actualit\u00e9 en Tunisie et dans le monde","publisher":{"@id":"https:\/\/kapitalis.com\/tunisie\/#organization"},"potentialAction":[{"@type":"SearchAction","target":{"@type":"EntryPoint","urlTemplate":"https:\/\/kapitalis.com\/tunisie\/?s={search_term_string}"},"query-input":{"@type":"PropertyValueSpecification","valueRequired":true,"valueName":"search_term_string"}}],"inLanguage":"fr-FR"},{"@type":"Organization","@id":"https:\/\/kapitalis.com\/tunisie\/#organization","name":"Kapitalis","url":"https:\/\/kapitalis.com\/tunisie\/","logo":{"@type":"ImageObject","inLanguage":"fr-FR","@id":"https:\/\/kapitalis.com\/tunisie\/#\/schema\/logo\/image\/","url":"https:\/\/kapitalis.com\/tunisie\/wp-content\/uploads\/2022\/05\/Kapitalis-big-size.png","contentUrl":"https:\/\/kapitalis.com\/tunisie\/wp-content\/uploads\/2022\/05\/Kapitalis-big-size.png","width":5000,"height":1500,"caption":"Kapitalis"},"image":{"@id":"https:\/\/kapitalis.com\/tunisie\/#\/schema\/logo\/image\/"},"sameAs":["https:\/\/www.facebook.com\/KapitalisInfo\/","https:\/\/x.com\/KapitalisInfo","https:\/\/www.youtube.com\/channel\/UC-yDYrHyfFBWWZaOw3FPg9Q"]},{"@type":"Person","@id":"https:\/\/kapitalis.com\/tunisie\/#\/schema\/person\/2c6e134b2f3369dffcd1daf5f087d28b","name":"emna benabdallah","url":"https:\/\/kapitalis.com\/tunisie\/author\/emna\/"}]}},"_links":{"self":[{"href":"https:\/\/kapitalis.com\/tunisie\/wp-json\/wp\/v2\/posts\/95767","targetHints":{"allow":["GET"]}}],"collection":[{"href":"https:\/\/kapitalis.com\/tunisie\/wp-json\/wp\/v2\/posts"}],"about":[{"href":"https:\/\/kapitalis.com\/tunisie\/wp-json\/wp\/v2\/types\/post"}],"author":[{"embeddable":true,"href":"https:\/\/kapitalis.com\/tunisie\/wp-json\/wp\/v2\/users\/16"}],"replies":[{"embeddable":true,"href":"https:\/\/kapitalis.com\/tunisie\/wp-json\/wp\/v2\/comments?post=95767"}],"version-history":[{"count":0,"href":"https:\/\/kapitalis.com\/tunisie\/wp-json\/wp\/v2\/posts\/95767\/revisions"}],"wp:featuredmedia":[{"embeddable":true,"href":"https:\/\/kapitalis.com\/tunisie\/wp-json\/wp\/v2\/media\/95779"}],"wp:attachment":[{"href":"https:\/\/kapitalis.com\/tunisie\/wp-json\/wp\/v2\/media?parent=95767"}],"wp:term":[{"taxonomy":"category","embeddable":true,"href":"https:\/\/kapitalis.com\/tunisie\/wp-json\/wp\/v2\/categories?post=95767"},{"taxonomy":"post_tag","embeddable":true,"href":"https:\/\/kapitalis.com\/tunisie\/wp-json\/wp\/v2\/tags?post=95767"}],"curies":[{"name":"wp","href":"https:\/\/api.w.org\/{rel}","templated":true}]}}