{"id":957905,"date":"2022-05-25T16:23:39","date_gmt":"2022-05-25T14:23:39","guid":{"rendered":"https:\/\/kapitalis.com\/tunisie\/?p=957905"},"modified":"2022-05-25T16:23:40","modified_gmt":"2022-05-25T14:23:40","slug":"affaire-elyes-fakhfakh-recours-a-la-cour-de-cassation","status":"publish","type":"post","link":"https:\/\/kapitalis.com\/tunisie\/2022\/05\/25\/affaire-elyes-fakhfakh-recours-a-la-cour-de-cassation\/","title":{"rendered":"Affaire Elyes Fakhfakh : Recours \u00e0 la Cour de cassation"},"content":{"rendered":"\n<p><strong><em>Dans le cadre de l&rsquo;affaire de conflit d&rsquo;int\u00e9r\u00eats pesant sur l&rsquo;ancien chef du gouvernement Elyes Fakhfakh, o\u00f9 il a eu, il y a quelques jours, un non-lieu, le parquet de Tunis a fait appel en cassation dans la d\u00e9cision de la Chambre d\u2019accusations sp\u00e9cialis\u00e9e dans l&rsquo;examen des affaires de corruption.<\/em><\/strong><\/p>\n\n\n\n<!--more-->\n\n\n\n<p>C&rsquo;est ce qu&rsquo;a fait savoir, ce mercredi 25 mai 2022, Mosa\u00efque FM.<\/p>\n\n\n\n<p>Rappelons que suite \u00e0 l\u2019examen du rapport de la d\u00e9cision du juge d\u2019instruction du P\u00f4le judiciaire et financier -accusant Fakhfakh de conflit d\u2019int\u00e9r\u00eat et de fausse d\u00e9claration de ses biens et ceux de son \u00e9pouse, et plusieurs autres griefs- ainsi que les recours en appel de la d\u00e9fense, la chambre de mise en accusations n<sup>o<\/sup>\u00a032 sp\u00e9cialis\u00e9e dans les affaires de corruption financi\u00e8re\u00a0avait annul\u00e9 les d\u00e9cisions du juge et a class\u00e9 les griefs contre l\u2019ancien chef du gouvernement.<\/p>\n\n\n\n<p>On reprochait \u00e0 l&rsquo;ancien dirigeant au sein d&rsquo;Ettakatol le fait qu\u2019il d\u00e9tenait des actions dans une soci\u00e9t\u00e9 de recyclage de d\u00e9chets ayant remport\u00e9 des appels d\u2019offres du gouvernement, alors qu\u2019il occupait en m\u00eame temps le poste de chef du gouvernement.<\/p>\n\n\n\n<p>Cela l\u2019avait oblig\u00e9 \u00e0 d\u00e9missionner, en juillet 2020, 5 mois apr\u00e8s sa prise de fonctions, et ce, afin d\u2019\u00e9viter une motion de censure \u00e0 son encontre de la part du parlement.<\/p>\n\n\n\n<p class=\"has-text-align-right\"><strong>C. B. Y.<\/strong><\/p>\n","protected":false},"excerpt":{"rendered":"<p>Dans le cadre de l&rsquo;affaire de conflit d&rsquo;int\u00e9r\u00eats pesant sur l&rsquo;ancien chef du gouvernement Elyes Fakhfakh, o\u00f9 il a eu, il y a quelques jours, un non-lieu, le parquet de Tunis a fait appel en cassation dans la d\u00e9cision de la Chambre d\u2019accusations sp\u00e9cialis\u00e9e dans l&rsquo;examen des affaires de corruption.<\/p>\n","protected":false},"author":24,"featured_media":551913,"comment_status":"open","ping_status":"open","sticky":false,"template":"","format":"standard","meta":{"footnotes":""},"categories":[997,2433],"tags":[73109,5560,62643],"class_list":["post-957905","post","type-post","status-publish","format-standard","has-post-thumbnail","hentry","category-politique","category-tunisie","tag-elyes-fakhfakh-2","tag-ettakatol","tag-tunisie"],"yoast_head":"<!-- This site is optimized with the Yoast SEO plugin v26.6 - https:\/\/yoast.com\/wordpress\/plugins\/seo\/ -->\n<title>Affaire Elyes Fakhfakh : Recours \u00e0 la Cour de cassation - Kapitalis<\/title>\n<meta name=\"robots\" content=\"index, follow, max-snippet:-1, max-image-preview:large, max-video-preview:-1\" \/>\n<link rel=\"canonical\" href=\"https:\/\/kapitalis.com\/tunisie\/2022\/05\/25\/affaire-elyes-fakhfakh-recours-a-la-cour-de-cassation\/\" \/>\n<meta property=\"og:locale\" content=\"fr_FR\" \/>\n<meta property=\"og:type\" content=\"article\" \/>\n<meta property=\"og:title\" content=\"Affaire Elyes Fakhfakh : Recours \u00e0 la Cour de cassation - Kapitalis\" \/>\n<meta property=\"og:description\" content=\"Dans le cadre de l&rsquo;affaire de conflit d&rsquo;int\u00e9r\u00eats pesant sur l&rsquo;ancien chef du gouvernement Elyes Fakhfakh, o\u00f9 il a eu, il y a quelques jours, un non-lieu, le parquet de Tunis a fait appel en cassation dans la d\u00e9cision de la Chambre d\u2019accusations sp\u00e9cialis\u00e9e dans l&rsquo;examen des affaires de corruption.\" \/>\n<meta property=\"og:url\" content=\"https:\/\/kapitalis.com\/tunisie\/2022\/05\/25\/affaire-elyes-fakhfakh-recours-a-la-cour-de-cassation\/\" \/>\n<meta property=\"og:site_name\" content=\"Kapitalis\" \/>\n<meta property=\"article:publisher\" content=\"https:\/\/www.facebook.com\/KapitalisInfo\/\" \/>\n<meta property=\"article:published_time\" content=\"2022-05-25T14:23:39+00:00\" \/>\n<meta property=\"article:modified_time\" content=\"2022-05-25T14:23:40+00:00\" \/>\n<meta property=\"og:image\" content=\"https:\/\/kapitalis.com\/tunisie\/wp-content\/uploads\/2022\/05\/elyes-fakhfakh-1.jpg\" \/>\n\t<meta property=\"og:image:width\" content=\"1200\" \/>\n\t<meta property=\"og:image:height\" content=\"630\" \/>\n\t<meta property=\"og:image:type\" content=\"image\/jpeg\" \/>\n<meta name=\"author\" content=\"Cherif Benyounes\" \/>\n<meta name=\"twitter:card\" content=\"summary_large_image\" \/>\n<meta name=\"twitter:creator\" content=\"@KapitalisInfo\" \/>\n<meta name=\"twitter:site\" content=\"@KapitalisInfo\" \/>\n<meta name=\"twitter:label1\" content=\"\u00c9crit par\" \/>\n\t<meta name=\"twitter:data1\" content=\"Cherif Benyounes\" \/>\n\t<meta name=\"twitter:label2\" content=\"Dur\u00e9e de lecture estim\u00e9e\" \/>\n\t<meta name=\"twitter:data2\" content=\"2 minutes\" \/>\n<script type=\"application\/ld+json\" class=\"yoast-schema-graph\">{\"@context\":\"https:\/\/schema.org\",\"@graph\":[{\"@type\":\"Article\",\"@id\":\"https:\/\/kapitalis.com\/tunisie\/2022\/05\/25\/affaire-elyes-fakhfakh-recours-a-la-cour-de-cassation\/#article\",\"isPartOf\":{\"@id\":\"https:\/\/kapitalis.com\/tunisie\/2022\/05\/25\/affaire-elyes-fakhfakh-recours-a-la-cour-de-cassation\/\"},\"author\":{\"name\":\"Cherif Benyounes\",\"@id\":\"https:\/\/kapitalis.com\/tunisie\/#\/schema\/person\/b35b8d631961131107263178aeb8019e\"},\"headline\":\"Affaire Elyes Fakhfakh : Recours \u00e0 la Cour de cassation\",\"datePublished\":\"2022-05-25T14:23:39+00:00\",\"dateModified\":\"2022-05-25T14:23:40+00:00\",\"mainEntityOfPage\":{\"@id\":\"https:\/\/kapitalis.com\/tunisie\/2022\/05\/25\/affaire-elyes-fakhfakh-recours-a-la-cour-de-cassation\/\"},\"wordCount\":246,\"commentCount\":2,\"publisher\":{\"@id\":\"https:\/\/kapitalis.com\/tunisie\/#organization\"},\"image\":{\"@id\":\"https:\/\/kapitalis.com\/tunisie\/2022\/05\/25\/affaire-elyes-fakhfakh-recours-a-la-cour-de-cassation\/#primaryimage\"},\"thumbnailUrl\":\"https:\/\/kapitalis.com\/tunisie\/wp-content\/uploads\/2022\/05\/elyes-fakhfakh-1.jpg\",\"keywords\":[\"Elyes Fakhfakh\",\"Ettakatol\",\"Tunisie\"],\"articleSection\":[\"POLITIQUE\",\"Tunisie\"],\"inLanguage\":\"fr-FR\",\"potentialAction\":[{\"@type\":\"CommentAction\",\"name\":\"Comment\",\"target\":[\"https:\/\/kapitalis.com\/tunisie\/2022\/05\/25\/affaire-elyes-fakhfakh-recours-a-la-cour-de-cassation\/#respond\"]}]},{\"@type\":\"WebPage\",\"@id\":\"https:\/\/kapitalis.com\/tunisie\/2022\/05\/25\/affaire-elyes-fakhfakh-recours-a-la-cour-de-cassation\/\",\"url\":\"https:\/\/kapitalis.com\/tunisie\/2022\/05\/25\/affaire-elyes-fakhfakh-recours-a-la-cour-de-cassation\/\",\"name\":\"Affaire Elyes Fakhfakh : Recours \u00e0 la Cour de cassation - Kapitalis\",\"isPartOf\":{\"@id\":\"https:\/\/kapitalis.com\/tunisie\/#website\"},\"primaryImageOfPage\":{\"@id\":\"https:\/\/kapitalis.com\/tunisie\/2022\/05\/25\/affaire-elyes-fakhfakh-recours-a-la-cour-de-cassation\/#primaryimage\"},\"image\":{\"@id\":\"https:\/\/kapitalis.com\/tunisie\/2022\/05\/25\/affaire-elyes-fakhfakh-recours-a-la-cour-de-cassation\/#primaryimage\"},\"thumbnailUrl\":\"https:\/\/kapitalis.com\/tunisie\/wp-content\/uploads\/2022\/05\/elyes-fakhfakh-1.jpg\",\"datePublished\":\"2022-05-25T14:23:39+00:00\",\"dateModified\":\"2022-05-25T14:23:40+00:00\",\"breadcrumb\":{\"@id\":\"https:\/\/kapitalis.com\/tunisie\/2022\/05\/25\/affaire-elyes-fakhfakh-recours-a-la-cour-de-cassation\/#breadcrumb\"},\"inLanguage\":\"fr-FR\",\"potentialAction\":[{\"@type\":\"ReadAction\",\"target\":[\"https:\/\/kapitalis.com\/tunisie\/2022\/05\/25\/affaire-elyes-fakhfakh-recours-a-la-cour-de-cassation\/\"]}]},{\"@type\":\"ImageObject\",\"inLanguage\":\"fr-FR\",\"@id\":\"https:\/\/kapitalis.com\/tunisie\/2022\/05\/25\/affaire-elyes-fakhfakh-recours-a-la-cour-de-cassation\/#primaryimage\",\"url\":\"https:\/\/kapitalis.com\/tunisie\/wp-content\/uploads\/2022\/05\/elyes-fakhfakh-1.jpg\",\"contentUrl\":\"https:\/\/kapitalis.com\/tunisie\/wp-content\/uploads\/2022\/05\/elyes-fakhfakh-1.jpg\",\"width\":1200,\"height\":630},{\"@type\":\"BreadcrumbList\",\"@id\":\"https:\/\/kapitalis.com\/tunisie\/2022\/05\/25\/affaire-elyes-fakhfakh-recours-a-la-cour-de-cassation\/#breadcrumb\",\"itemListElement\":[{\"@type\":\"ListItem\",\"position\":1,\"name\":\"Accueil\",\"item\":\"https:\/\/kapitalis.com\/tunisie\/\"},{\"@type\":\"ListItem\",\"position\":2,\"name\":\"Affaire Elyes Fakhfakh : Recours \u00e0 la Cour de cassation\"}]},{\"@type\":\"WebSite\",\"@id\":\"https:\/\/kapitalis.com\/tunisie\/#website\",\"url\":\"https:\/\/kapitalis.com\/tunisie\/\",\"name\":\"Kapitalis\",\"description\":\"L&#039;actualit\u00e9 en Tunisie et dans le monde\",\"publisher\":{\"@id\":\"https:\/\/kapitalis.com\/tunisie\/#organization\"},\"potentialAction\":[{\"@type\":\"SearchAction\",\"target\":{\"@type\":\"EntryPoint\",\"urlTemplate\":\"https:\/\/kapitalis.com\/tunisie\/?s={search_term_string}\"},\"query-input\":{\"@type\":\"PropertyValueSpecification\",\"valueRequired\":true,\"valueName\":\"search_term_string\"}}],\"inLanguage\":\"fr-FR\"},{\"@type\":\"Organization\",\"@id\":\"https:\/\/kapitalis.com\/tunisie\/#organization\",\"name\":\"Kapitalis\",\"url\":\"https:\/\/kapitalis.com\/tunisie\/\",\"logo\":{\"@type\":\"ImageObject\",\"inLanguage\":\"fr-FR\",\"@id\":\"https:\/\/kapitalis.com\/tunisie\/#\/schema\/logo\/image\/\",\"url\":\"https:\/\/kapitalis.com\/tunisie\/wp-content\/uploads\/2022\/05\/Kapitalis-big-size.png\",\"contentUrl\":\"https:\/\/kapitalis.com\/tunisie\/wp-content\/uploads\/2022\/05\/Kapitalis-big-size.png\",\"width\":5000,\"height\":1500,\"caption\":\"Kapitalis\"},\"image\":{\"@id\":\"https:\/\/kapitalis.com\/tunisie\/#\/schema\/logo\/image\/\"},\"sameAs\":[\"https:\/\/www.facebook.com\/KapitalisInfo\/\",\"https:\/\/x.com\/KapitalisInfo\",\"https:\/\/www.youtube.com\/channel\/UC-yDYrHyfFBWWZaOw3FPg9Q\"]},{\"@type\":\"Person\",\"@id\":\"https:\/\/kapitalis.com\/tunisie\/#\/schema\/person\/b35b8d631961131107263178aeb8019e\",\"name\":\"Cherif Benyounes\",\"url\":\"https:\/\/kapitalis.com\/tunisie\/author\/cherif\/\"}]}<\/script>\n<!-- \/ Yoast SEO plugin. -->","yoast_head_json":{"title":"Affaire Elyes Fakhfakh : Recours \u00e0 la Cour de cassation - Kapitalis","robots":{"index":"index","follow":"follow","max-snippet":"max-snippet:-1","max-image-preview":"max-image-preview:large","max-video-preview":"max-video-preview:-1"},"canonical":"https:\/\/kapitalis.com\/tunisie\/2022\/05\/25\/affaire-elyes-fakhfakh-recours-a-la-cour-de-cassation\/","og_locale":"fr_FR","og_type":"article","og_title":"Affaire Elyes Fakhfakh : Recours \u00e0 la Cour de cassation - Kapitalis","og_description":"Dans le cadre de l&rsquo;affaire de conflit d&rsquo;int\u00e9r\u00eats pesant sur l&rsquo;ancien chef du gouvernement Elyes Fakhfakh, o\u00f9 il a eu, il y a quelques jours, un non-lieu, le parquet de Tunis a fait appel en cassation dans la d\u00e9cision de la Chambre d\u2019accusations sp\u00e9cialis\u00e9e dans l&rsquo;examen des affaires de corruption.","og_url":"https:\/\/kapitalis.com\/tunisie\/2022\/05\/25\/affaire-elyes-fakhfakh-recours-a-la-cour-de-cassation\/","og_site_name":"Kapitalis","article_publisher":"https:\/\/www.facebook.com\/KapitalisInfo\/","article_published_time":"2022-05-25T14:23:39+00:00","article_modified_time":"2022-05-25T14:23:40+00:00","og_image":[{"width":1200,"height":630,"url":"https:\/\/kapitalis.com\/tunisie\/wp-content\/uploads\/2022\/05\/elyes-fakhfakh-1.jpg","type":"image\/jpeg"}],"author":"Cherif Benyounes","twitter_card":"summary_large_image","twitter_creator":"@KapitalisInfo","twitter_site":"@KapitalisInfo","twitter_misc":{"\u00c9crit par":"Cherif Benyounes","Dur\u00e9e de lecture estim\u00e9e":"2 minutes"},"schema":{"@context":"https:\/\/schema.org","@graph":[{"@type":"Article","@id":"https:\/\/kapitalis.com\/tunisie\/2022\/05\/25\/affaire-elyes-fakhfakh-recours-a-la-cour-de-cassation\/#article","isPartOf":{"@id":"https:\/\/kapitalis.com\/tunisie\/2022\/05\/25\/affaire-elyes-fakhfakh-recours-a-la-cour-de-cassation\/"},"author":{"name":"Cherif Benyounes","@id":"https:\/\/kapitalis.com\/tunisie\/#\/schema\/person\/b35b8d631961131107263178aeb8019e"},"headline":"Affaire Elyes Fakhfakh : Recours \u00e0 la Cour de cassation","datePublished":"2022-05-25T14:23:39+00:00","dateModified":"2022-05-25T14:23:40+00:00","mainEntityOfPage":{"@id":"https:\/\/kapitalis.com\/tunisie\/2022\/05\/25\/affaire-elyes-fakhfakh-recours-a-la-cour-de-cassation\/"},"wordCount":246,"commentCount":2,"publisher":{"@id":"https:\/\/kapitalis.com\/tunisie\/#organization"},"image":{"@id":"https:\/\/kapitalis.com\/tunisie\/2022\/05\/25\/affaire-elyes-fakhfakh-recours-a-la-cour-de-cassation\/#primaryimage"},"thumbnailUrl":"https:\/\/kapitalis.com\/tunisie\/wp-content\/uploads\/2022\/05\/elyes-fakhfakh-1.jpg","keywords":["Elyes Fakhfakh","Ettakatol","Tunisie"],"articleSection":["POLITIQUE","Tunisie"],"inLanguage":"fr-FR","potentialAction":[{"@type":"CommentAction","name":"Comment","target":["https:\/\/kapitalis.com\/tunisie\/2022\/05\/25\/affaire-elyes-fakhfakh-recours-a-la-cour-de-cassation\/#respond"]}]},{"@type":"WebPage","@id":"https:\/\/kapitalis.com\/tunisie\/2022\/05\/25\/affaire-elyes-fakhfakh-recours-a-la-cour-de-cassation\/","url":"https:\/\/kapitalis.com\/tunisie\/2022\/05\/25\/affaire-elyes-fakhfakh-recours-a-la-cour-de-cassation\/","name":"Affaire Elyes Fakhfakh : Recours \u00e0 la Cour de cassation - Kapitalis","isPartOf":{"@id":"https:\/\/kapitalis.com\/tunisie\/#website"},"primaryImageOfPage":{"@id":"https:\/\/kapitalis.com\/tunisie\/2022\/05\/25\/affaire-elyes-fakhfakh-recours-a-la-cour-de-cassation\/#primaryimage"},"image":{"@id":"https:\/\/kapitalis.com\/tunisie\/2022\/05\/25\/affaire-elyes-fakhfakh-recours-a-la-cour-de-cassation\/#primaryimage"},"thumbnailUrl":"https:\/\/kapitalis.com\/tunisie\/wp-content\/uploads\/2022\/05\/elyes-fakhfakh-1.jpg","datePublished":"2022-05-25T14:23:39+00:00","dateModified":"2022-05-25T14:23:40+00:00","breadcrumb":{"@id":"https:\/\/kapitalis.com\/tunisie\/2022\/05\/25\/affaire-elyes-fakhfakh-recours-a-la-cour-de-cassation\/#breadcrumb"},"inLanguage":"fr-FR","potentialAction":[{"@type":"ReadAction","target":["https:\/\/kapitalis.com\/tunisie\/2022\/05\/25\/affaire-elyes-fakhfakh-recours-a-la-cour-de-cassation\/"]}]},{"@type":"ImageObject","inLanguage":"fr-FR","@id":"https:\/\/kapitalis.com\/tunisie\/2022\/05\/25\/affaire-elyes-fakhfakh-recours-a-la-cour-de-cassation\/#primaryimage","url":"https:\/\/kapitalis.com\/tunisie\/wp-content\/uploads\/2022\/05\/elyes-fakhfakh-1.jpg","contentUrl":"https:\/\/kapitalis.com\/tunisie\/wp-content\/uploads\/2022\/05\/elyes-fakhfakh-1.jpg","width":1200,"height":630},{"@type":"BreadcrumbList","@id":"https:\/\/kapitalis.com\/tunisie\/2022\/05\/25\/affaire-elyes-fakhfakh-recours-a-la-cour-de-cassation\/#breadcrumb","itemListElement":[{"@type":"ListItem","position":1,"name":"Accueil","item":"https:\/\/kapitalis.com\/tunisie\/"},{"@type":"ListItem","position":2,"name":"Affaire Elyes Fakhfakh : Recours \u00e0 la Cour de cassation"}]},{"@type":"WebSite","@id":"https:\/\/kapitalis.com\/tunisie\/#website","url":"https:\/\/kapitalis.com\/tunisie\/","name":"Kapitalis","description":"L&#039;actualit\u00e9 en Tunisie et dans le monde","publisher":{"@id":"https:\/\/kapitalis.com\/tunisie\/#organization"},"potentialAction":[{"@type":"SearchAction","target":{"@type":"EntryPoint","urlTemplate":"https:\/\/kapitalis.com\/tunisie\/?s={search_term_string}"},"query-input":{"@type":"PropertyValueSpecification","valueRequired":true,"valueName":"search_term_string"}}],"inLanguage":"fr-FR"},{"@type":"Organization","@id":"https:\/\/kapitalis.com\/tunisie\/#organization","name":"Kapitalis","url":"https:\/\/kapitalis.com\/tunisie\/","logo":{"@type":"ImageObject","inLanguage":"fr-FR","@id":"https:\/\/kapitalis.com\/tunisie\/#\/schema\/logo\/image\/","url":"https:\/\/kapitalis.com\/tunisie\/wp-content\/uploads\/2022\/05\/Kapitalis-big-size.png","contentUrl":"https:\/\/kapitalis.com\/tunisie\/wp-content\/uploads\/2022\/05\/Kapitalis-big-size.png","width":5000,"height":1500,"caption":"Kapitalis"},"image":{"@id":"https:\/\/kapitalis.com\/tunisie\/#\/schema\/logo\/image\/"},"sameAs":["https:\/\/www.facebook.com\/KapitalisInfo\/","https:\/\/x.com\/KapitalisInfo","https:\/\/www.youtube.com\/channel\/UC-yDYrHyfFBWWZaOw3FPg9Q"]},{"@type":"Person","@id":"https:\/\/kapitalis.com\/tunisie\/#\/schema\/person\/b35b8d631961131107263178aeb8019e","name":"Cherif Benyounes","url":"https:\/\/kapitalis.com\/tunisie\/author\/cherif\/"}]}},"_links":{"self":[{"href":"https:\/\/kapitalis.com\/tunisie\/wp-json\/wp\/v2\/posts\/957905","targetHints":{"allow":["GET"]}}],"collection":[{"href":"https:\/\/kapitalis.com\/tunisie\/wp-json\/wp\/v2\/posts"}],"about":[{"href":"https:\/\/kapitalis.com\/tunisie\/wp-json\/wp\/v2\/types\/post"}],"author":[{"embeddable":true,"href":"https:\/\/kapitalis.com\/tunisie\/wp-json\/wp\/v2\/users\/24"}],"replies":[{"embeddable":true,"href":"https:\/\/kapitalis.com\/tunisie\/wp-json\/wp\/v2\/comments?post=957905"}],"version-history":[{"count":0,"href":"https:\/\/kapitalis.com\/tunisie\/wp-json\/wp\/v2\/posts\/957905\/revisions"}],"wp:featuredmedia":[{"embeddable":true,"href":"https:\/\/kapitalis.com\/tunisie\/wp-json\/wp\/v2\/media\/551913"}],"wp:attachment":[{"href":"https:\/\/kapitalis.com\/tunisie\/wp-json\/wp\/v2\/media?parent=957905"}],"wp:term":[{"taxonomy":"category","embeddable":true,"href":"https:\/\/kapitalis.com\/tunisie\/wp-json\/wp\/v2\/categories?post=957905"},{"taxonomy":"post_tag","embeddable":true,"href":"https:\/\/kapitalis.com\/tunisie\/wp-json\/wp\/v2\/tags?post=957905"}],"curies":[{"name":"wp","href":"https:\/\/api.w.org\/{rel}","templated":true}]}}