{"id":95806,"date":"2017-05-11T16:37:48","date_gmt":"2017-05-11T16:07:48","guid":{"rendered":"http:\/\/kapitalis.com\/tunisie\/?p=95806"},"modified":"2017-05-16T10:35:38","modified_gmt":"2017-05-16T10:05:38","slug":"peres-en-conge-parental-le-modele-de-la-suede-expose-a-tunis","status":"publish","type":"post","link":"https:\/\/kapitalis.com\/tunisie\/2017\/05\/11\/peres-en-conge-parental-le-modele-de-la-suede-expose-a-tunis\/","title":{"rendered":"P\u00e8res en cong\u00e9 parental : Le mod\u00e8le de la Su\u00e8de expos\u00e9 \u00e0 Tunis"},"content":{"rendered":"<p style=\"text-align: center;\"><img loading=\"lazy\" decoding=\"async\" class=\"alignnone size-full wp-image-95807\" src=\"http:\/\/kapitalis.com\/tunisie\/wp-content\/uploads\/2017\/05\/Pere-en-conge-paternel.jpg\" alt=\"\" width=\"626\" height=\"380\" \/><\/p>\n<p><em><strong>L\u2019ambassade de Su\u00e8de en Tunisie propose une exposition originale, dont le th\u00e8me est le reflet du mode de vie du Su\u00e9dois : les p\u00e8res en cong\u00e9 parental.<\/strong> <\/em><\/p>\n<p>Par <strong>Hamma Hanachi<\/strong><\/p>\n<p><!--more--><\/p>\n<p>C\u2019est la deuxi\u00e8me op\u00e9ration officielle organis\u00e9e par l\u2019ambassade de Su\u00e8de, apr\u00e8s sa r\u00e9ouverture depuis 7 mois seulement, apr\u00e8s 15 ans d\u2019absence, apr\u00e8s la rencontre-d\u00e9bat du\u00a019 janvier 2017 sur le th\u00e8me \u00ab<em>Regards crois\u00e9s sur la libert\u00e9 d\u2019expression en Su\u00e8de et en Tunisie apr\u00e8s la R\u00e9volution<\/em>\u00bb, \u00e0 l\u2019occasion du 250e anniversaire de la loi su\u00e9doise sur la libert\u00e9 de la presse et la libert\u00e9 d\u2019information.<\/p>\n<p>Dans les jardins de l\u2019ambassade commune \u00e0 la Su\u00e8de et la Finlande, baptis\u00e9e joliment Dar Nordique, qui longe le lac de Tunis, dans le quartier du m\u00eame nom, l\u2019ambassadeur de Su\u00e8de a prononc\u00e9 un discours d\u2019ouverture soulignant l\u2019importance de cette s\u00e9rie de photos intitul\u00e9e \u00ab<em>Swedish Dads<\/em>\u00bb ou \u00ab<em>Papas en Su\u00e8de<\/em>\u00bb sign\u00e9e par le photographe Johan B\u00e4vman et produite en collaboration avec l\u2019Institut su\u00e9dois.<\/p>\n<p>\u00ab<em>Une image qui refl\u00e8te la soci\u00e9t\u00e9 su\u00e9doise actuelle<\/em>\u00bb, insiste l\u2019ambassadeur Fredrik Flor\u00e9n, qui souligne l\u2019int\u00e9r\u00eat \u00e9vident des hommes en cong\u00e9 parental. \u00catre \u00e0 la maison pendant le temps de ce cong\u00e9 avec ses enfants, faire ce que toutes les m\u00e8res ont toujours fait est une exp\u00e9rience peu commune. Elle est, selon lui, lib\u00e9ratrice.<\/p>\n<p><strong>Les encouragements aux cong\u00e9s parentaux<\/strong><\/p>\n<p><em>\u00abLe multit\u00e2che devient naturel apr\u00e8s cette exp\u00e9rience\u00bb<\/em>, fait-t-il remarquer, ajoutant que lui-m\u00eame a eu le privil\u00e8ge d\u2019avoir gard\u00e9 ses enfants \u00e0 un \u00e2ge pr\u00e9coce \u00e0 la maison pendant 5 mois. Il n\u2019est pas le seul dans ce cas, un nombre croissant de ses compatriotes ont commenc\u00e9 \u00e0 percevoir les avantages de la prise d\u2019un cong\u00e9 parental pour <em>\u00abd\u00e9velopper un lien fort\u00bb<\/em> avec leurs enfants d\u00e8s la naissance.<\/p>\n<p>Il faut noter que depuis 2002, la Su\u00e8de a adopt\u00e9 une politique d\u2019encouragement pour pousser les hommes \u00e0 profiter de ce cong\u00e9. Aussi sur les 480 jours de cong\u00e9, 90 jours sont destin\u00e9s \u00e0 chaque parent, s\u2019ils ne sont pas consomm\u00e9s, ils seront perdus. De plus, depuis 2008, une r\u00e9forme de l\u2019assurance parentale a \u00e9t\u00e9 introduite qui permet aux couples qui partagent \u00e9quitablement leur cong\u00e9 de b\u00e9n\u00e9ficier d\u2019un bonus financier. Le r\u00e9sultat est clair.<\/p>\n<p style=\"text-align: center;\"><img loading=\"lazy\" decoding=\"async\" class=\"alignnone wp-image-95810\" src=\"http:\/\/kapitalis.com\/tunisie\/wp-content\/uploads\/2017\/05\/Suede-1.jpg\" alt=\"N\u00e9ziha Labidi et Johan B\u00e4vman.\" width=\"500\" height=\"281\" \/><\/p>\n<p style=\"text-align: center;\"><em>N\u00e9ziha Labidi et Fredrik Flor\u00e9n.<\/em><\/p>\n<p>Ce \u00e0 quoi N\u00e9ziha Labidi, ministre de la Femme, de la Famille et de l\u2019Enfance, un nom de minist\u00e8re long comme un bras qu\u2019elle souhaite changer en minist\u00e8re de la Vie \u2013 ce qui n\u2019est pas \u00e0 notre avis une mauvaise id\u00e9e \u2013 a r\u00e9pondu par un discours de circonstance : <em>\u00abLes femmes tunisiennes aiment les hommes, parce que chacune d\u2019entre elles aime son p\u00e8re et notre p\u00e8re \u00e0 tous est le pr\u00e9sident Bourguiba, le seul dans le monde arabe \u00e0 avoir donn\u00e9 les droits fondamentaux aux femmes\u00bb<\/em>. Son minist\u00e8re, d\u00e9clare-t-elle, a pr\u00e9par\u00e9 des projets de loi dont un relatif au cong\u00e9 parental qui sera soumis \u00e0 diff\u00e9rentes instances et \u00e0 l\u2019Assembl\u00e9e des repr\u00e9sentants du peuple (ARP), \u00e0 la garde des enfants assur\u00e9e et assum\u00e9e par les p\u00e8res en Tunisie? On croit r\u00eaver.<\/p>\n<p>Ceinturant les murs ext\u00e9rieurs de l\u2019ambassade, les portraits capt\u00e9s par Johan B\u00e4vman, qui a lui-m\u00eame \u00e9t\u00e9 en cong\u00e9 parental, montrent des clich\u00e9s de p\u00e8res, jeunes pour la plupart, avec leur enfant, images renforc\u00e9es par des t\u00e9moignages \u00e9difiants.<\/p>\n<p>On conseillera la visite et la d\u00e9couverte de cette exposition qui r\u00e9v\u00e8le un aspect peu connu de l\u2019univers social et familial su\u00e9dois, aux institutions \u00e9ducatives et particuli\u00e8rement aux maris r\u00e9tifs \u00e0\u2026 toute <em>\u00abconcession\u00bb<\/em> faite aux femmes.<\/p>\n","protected":false},"excerpt":{"rendered":"<p>L\u2019ambassade de Su\u00e8de en Tunisie propose une exposition originale, dont le th\u00e8me est le reflet du mode de vie du Su\u00e9dois : les p\u00e8res en cong\u00e9 parental. Par Hamma Hanachi<\/p>\n","protected":false},"author":8,"featured_media":95807,"comment_status":"open","ping_status":"open","sticky":false,"template":"","format":"standard","meta":{"footnotes":""},"categories":[992,998,2433],"tags":[22818],"class_list":["post-95806","post","type-post","status-publish","format-standard","has-post-thumbnail","hentry","category-a-la-une","category-societe","category-tunisie","tag-neziha-labidi"],"yoast_head":"<!-- This site is optimized with the Yoast SEO plugin v26.6 - https:\/\/yoast.com\/wordpress\/plugins\/seo\/ -->\n<title>P\u00e8res en cong\u00e9 parental : Le mod\u00e8le de la Su\u00e8de expos\u00e9 \u00e0 Tunis - Kapitalis<\/title>\n<meta name=\"robots\" content=\"index, follow, max-snippet:-1, max-image-preview:large, max-video-preview:-1\" \/>\n<link rel=\"canonical\" href=\"https:\/\/kapitalis.com\/tunisie\/2017\/05\/11\/peres-en-conge-parental-le-modele-de-la-suede-expose-a-tunis\/\" \/>\n<meta property=\"og:locale\" content=\"fr_FR\" \/>\n<meta property=\"og:type\" content=\"article\" \/>\n<meta property=\"og:title\" content=\"P\u00e8res en cong\u00e9 parental : Le mod\u00e8le de la Su\u00e8de expos\u00e9 \u00e0 Tunis - Kapitalis\" \/>\n<meta property=\"og:description\" content=\"L\u2019ambassade de Su\u00e8de en Tunisie propose une exposition originale, dont le th\u00e8me est le reflet du mode de vie du Su\u00e9dois : les p\u00e8res en cong\u00e9 parental. Par Hamma Hanachi\" \/>\n<meta property=\"og:url\" content=\"https:\/\/kapitalis.com\/tunisie\/2017\/05\/11\/peres-en-conge-parental-le-modele-de-la-suede-expose-a-tunis\/\" \/>\n<meta property=\"og:site_name\" content=\"Kapitalis\" \/>\n<meta property=\"article:publisher\" content=\"https:\/\/www.facebook.com\/KapitalisInfo\/\" \/>\n<meta property=\"article:published_time\" content=\"2017-05-11T16:07:48+00:00\" \/>\n<meta property=\"article:modified_time\" content=\"2017-05-16T10:05:38+00:00\" \/>\n<meta property=\"og:image\" content=\"https:\/\/kapitalis.com\/tunisie\/wp-content\/uploads\/2022\/05\/kapitalis-logo-fb.png\" \/>\n\t<meta property=\"og:image:width\" content=\"1200\" \/>\n\t<meta property=\"og:image:height\" content=\"630\" \/>\n\t<meta property=\"og:image:type\" content=\"image\/png\" \/>\n<meta name=\"author\" content=\"webmaster kapitalis\" \/>\n<meta name=\"twitter:card\" content=\"summary_large_image\" \/>\n<meta name=\"twitter:creator\" content=\"@KapitalisInfo\" \/>\n<meta name=\"twitter:site\" content=\"@KapitalisInfo\" \/>\n<meta name=\"twitter:label1\" content=\"\u00c9crit par\" \/>\n\t<meta name=\"twitter:data1\" content=\"webmaster kapitalis\" \/>\n\t<meta name=\"twitter:label2\" content=\"Dur\u00e9e de lecture estim\u00e9e\" \/>\n\t<meta name=\"twitter:data2\" content=\"3 minutes\" \/>\n<script type=\"application\/ld+json\" class=\"yoast-schema-graph\">{\"@context\":\"https:\/\/schema.org\",\"@graph\":[{\"@type\":\"Article\",\"@id\":\"https:\/\/kapitalis.com\/tunisie\/2017\/05\/11\/peres-en-conge-parental-le-modele-de-la-suede-expose-a-tunis\/#article\",\"isPartOf\":{\"@id\":\"https:\/\/kapitalis.com\/tunisie\/2017\/05\/11\/peres-en-conge-parental-le-modele-de-la-suede-expose-a-tunis\/\"},\"author\":{\"name\":\"webmaster kapitalis\",\"@id\":\"https:\/\/kapitalis.com\/tunisie\/#\/schema\/person\/d71f33a9ca44f7bad4698210b480c8e9\"},\"headline\":\"P\u00e8res en cong\u00e9 parental : Le mod\u00e8le de la Su\u00e8de expos\u00e9 \u00e0 Tunis\",\"datePublished\":\"2017-05-11T16:07:48+00:00\",\"dateModified\":\"2017-05-16T10:05:38+00:00\",\"mainEntityOfPage\":{\"@id\":\"https:\/\/kapitalis.com\/tunisie\/2017\/05\/11\/peres-en-conge-parental-le-modele-de-la-suede-expose-a-tunis\/\"},\"wordCount\":668,\"commentCount\":0,\"publisher\":{\"@id\":\"https:\/\/kapitalis.com\/tunisie\/#organization\"},\"image\":{\"@id\":\"https:\/\/kapitalis.com\/tunisie\/2017\/05\/11\/peres-en-conge-parental-le-modele-de-la-suede-expose-a-tunis\/#primaryimage\"},\"thumbnailUrl\":\"\",\"keywords\":[\"Neziha Labidi\"],\"articleSection\":[\"A LA UNE\",\"SOCIETE\",\"Tunisie\"],\"inLanguage\":\"fr-FR\",\"potentialAction\":[{\"@type\":\"CommentAction\",\"name\":\"Comment\",\"target\":[\"https:\/\/kapitalis.com\/tunisie\/2017\/05\/11\/peres-en-conge-parental-le-modele-de-la-suede-expose-a-tunis\/#respond\"]}]},{\"@type\":\"WebPage\",\"@id\":\"https:\/\/kapitalis.com\/tunisie\/2017\/05\/11\/peres-en-conge-parental-le-modele-de-la-suede-expose-a-tunis\/\",\"url\":\"https:\/\/kapitalis.com\/tunisie\/2017\/05\/11\/peres-en-conge-parental-le-modele-de-la-suede-expose-a-tunis\/\",\"name\":\"P\u00e8res en cong\u00e9 parental : Le mod\u00e8le de la Su\u00e8de expos\u00e9 \u00e0 Tunis - Kapitalis\",\"isPartOf\":{\"@id\":\"https:\/\/kapitalis.com\/tunisie\/#website\"},\"primaryImageOfPage\":{\"@id\":\"https:\/\/kapitalis.com\/tunisie\/2017\/05\/11\/peres-en-conge-parental-le-modele-de-la-suede-expose-a-tunis\/#primaryimage\"},\"image\":{\"@id\":\"https:\/\/kapitalis.com\/tunisie\/2017\/05\/11\/peres-en-conge-parental-le-modele-de-la-suede-expose-a-tunis\/#primaryimage\"},\"thumbnailUrl\":\"\",\"datePublished\":\"2017-05-11T16:07:48+00:00\",\"dateModified\":\"2017-05-16T10:05:38+00:00\",\"breadcrumb\":{\"@id\":\"https:\/\/kapitalis.com\/tunisie\/2017\/05\/11\/peres-en-conge-parental-le-modele-de-la-suede-expose-a-tunis\/#breadcrumb\"},\"inLanguage\":\"fr-FR\",\"potentialAction\":[{\"@type\":\"ReadAction\",\"target\":[\"https:\/\/kapitalis.com\/tunisie\/2017\/05\/11\/peres-en-conge-parental-le-modele-de-la-suede-expose-a-tunis\/\"]}]},{\"@type\":\"ImageObject\",\"inLanguage\":\"fr-FR\",\"@id\":\"https:\/\/kapitalis.com\/tunisie\/2017\/05\/11\/peres-en-conge-parental-le-modele-de-la-suede-expose-a-tunis\/#primaryimage\",\"url\":\"\",\"contentUrl\":\"\"},{\"@type\":\"BreadcrumbList\",\"@id\":\"https:\/\/kapitalis.com\/tunisie\/2017\/05\/11\/peres-en-conge-parental-le-modele-de-la-suede-expose-a-tunis\/#breadcrumb\",\"itemListElement\":[{\"@type\":\"ListItem\",\"position\":1,\"name\":\"Accueil\",\"item\":\"https:\/\/kapitalis.com\/tunisie\/\"},{\"@type\":\"ListItem\",\"position\":2,\"name\":\"P\u00e8res en cong\u00e9 parental : Le mod\u00e8le de la Su\u00e8de expos\u00e9 \u00e0 Tunis\"}]},{\"@type\":\"WebSite\",\"@id\":\"https:\/\/kapitalis.com\/tunisie\/#website\",\"url\":\"https:\/\/kapitalis.com\/tunisie\/\",\"name\":\"Kapitalis\",\"description\":\"L&#039;actualit\u00e9 en Tunisie et dans le monde\",\"publisher\":{\"@id\":\"https:\/\/kapitalis.com\/tunisie\/#organization\"},\"potentialAction\":[{\"@type\":\"SearchAction\",\"target\":{\"@type\":\"EntryPoint\",\"urlTemplate\":\"https:\/\/kapitalis.com\/tunisie\/?s={search_term_string}\"},\"query-input\":{\"@type\":\"PropertyValueSpecification\",\"valueRequired\":true,\"valueName\":\"search_term_string\"}}],\"inLanguage\":\"fr-FR\"},{\"@type\":\"Organization\",\"@id\":\"https:\/\/kapitalis.com\/tunisie\/#organization\",\"name\":\"Kapitalis\",\"url\":\"https:\/\/kapitalis.com\/tunisie\/\",\"logo\":{\"@type\":\"ImageObject\",\"inLanguage\":\"fr-FR\",\"@id\":\"https:\/\/kapitalis.com\/tunisie\/#\/schema\/logo\/image\/\",\"url\":\"https:\/\/kapitalis.com\/tunisie\/wp-content\/uploads\/2022\/05\/Kapitalis-big-size.png\",\"contentUrl\":\"https:\/\/kapitalis.com\/tunisie\/wp-content\/uploads\/2022\/05\/Kapitalis-big-size.png\",\"width\":5000,\"height\":1500,\"caption\":\"Kapitalis\"},\"image\":{\"@id\":\"https:\/\/kapitalis.com\/tunisie\/#\/schema\/logo\/image\/\"},\"sameAs\":[\"https:\/\/www.facebook.com\/KapitalisInfo\/\",\"https:\/\/x.com\/KapitalisInfo\",\"https:\/\/www.youtube.com\/channel\/UC-yDYrHyfFBWWZaOw3FPg9Q\"]},{\"@type\":\"Person\",\"@id\":\"https:\/\/kapitalis.com\/tunisie\/#\/schema\/person\/d71f33a9ca44f7bad4698210b480c8e9\",\"name\":\"webmaster kapitalis\",\"url\":\"https:\/\/kapitalis.com\/tunisie\/author\/webmaster-kapitalis\/\"}]}<\/script>\n<!-- \/ Yoast SEO plugin. -->","yoast_head_json":{"title":"P\u00e8res en cong\u00e9 parental : Le mod\u00e8le de la Su\u00e8de expos\u00e9 \u00e0 Tunis - Kapitalis","robots":{"index":"index","follow":"follow","max-snippet":"max-snippet:-1","max-image-preview":"max-image-preview:large","max-video-preview":"max-video-preview:-1"},"canonical":"https:\/\/kapitalis.com\/tunisie\/2017\/05\/11\/peres-en-conge-parental-le-modele-de-la-suede-expose-a-tunis\/","og_locale":"fr_FR","og_type":"article","og_title":"P\u00e8res en cong\u00e9 parental : Le mod\u00e8le de la Su\u00e8de expos\u00e9 \u00e0 Tunis - Kapitalis","og_description":"L\u2019ambassade de Su\u00e8de en Tunisie propose une exposition originale, dont le th\u00e8me est le reflet du mode de vie du Su\u00e9dois : les p\u00e8res en cong\u00e9 parental. Par Hamma Hanachi","og_url":"https:\/\/kapitalis.com\/tunisie\/2017\/05\/11\/peres-en-conge-parental-le-modele-de-la-suede-expose-a-tunis\/","og_site_name":"Kapitalis","article_publisher":"https:\/\/www.facebook.com\/KapitalisInfo\/","article_published_time":"2017-05-11T16:07:48+00:00","article_modified_time":"2017-05-16T10:05:38+00:00","og_image":[{"width":1200,"height":630,"url":"https:\/\/kapitalis.com\/tunisie\/wp-content\/uploads\/2022\/05\/kapitalis-logo-fb.png","type":"image\/png"}],"author":"webmaster kapitalis","twitter_card":"summary_large_image","twitter_creator":"@KapitalisInfo","twitter_site":"@KapitalisInfo","twitter_misc":{"\u00c9crit par":"webmaster kapitalis","Dur\u00e9e de lecture estim\u00e9e":"3 minutes"},"schema":{"@context":"https:\/\/schema.org","@graph":[{"@type":"Article","@id":"https:\/\/kapitalis.com\/tunisie\/2017\/05\/11\/peres-en-conge-parental-le-modele-de-la-suede-expose-a-tunis\/#article","isPartOf":{"@id":"https:\/\/kapitalis.com\/tunisie\/2017\/05\/11\/peres-en-conge-parental-le-modele-de-la-suede-expose-a-tunis\/"},"author":{"name":"webmaster kapitalis","@id":"https:\/\/kapitalis.com\/tunisie\/#\/schema\/person\/d71f33a9ca44f7bad4698210b480c8e9"},"headline":"P\u00e8res en cong\u00e9 parental : Le mod\u00e8le de la Su\u00e8de expos\u00e9 \u00e0 Tunis","datePublished":"2017-05-11T16:07:48+00:00","dateModified":"2017-05-16T10:05:38+00:00","mainEntityOfPage":{"@id":"https:\/\/kapitalis.com\/tunisie\/2017\/05\/11\/peres-en-conge-parental-le-modele-de-la-suede-expose-a-tunis\/"},"wordCount":668,"commentCount":0,"publisher":{"@id":"https:\/\/kapitalis.com\/tunisie\/#organization"},"image":{"@id":"https:\/\/kapitalis.com\/tunisie\/2017\/05\/11\/peres-en-conge-parental-le-modele-de-la-suede-expose-a-tunis\/#primaryimage"},"thumbnailUrl":"","keywords":["Neziha Labidi"],"articleSection":["A LA UNE","SOCIETE","Tunisie"],"inLanguage":"fr-FR","potentialAction":[{"@type":"CommentAction","name":"Comment","target":["https:\/\/kapitalis.com\/tunisie\/2017\/05\/11\/peres-en-conge-parental-le-modele-de-la-suede-expose-a-tunis\/#respond"]}]},{"@type":"WebPage","@id":"https:\/\/kapitalis.com\/tunisie\/2017\/05\/11\/peres-en-conge-parental-le-modele-de-la-suede-expose-a-tunis\/","url":"https:\/\/kapitalis.com\/tunisie\/2017\/05\/11\/peres-en-conge-parental-le-modele-de-la-suede-expose-a-tunis\/","name":"P\u00e8res en cong\u00e9 parental : Le mod\u00e8le de la Su\u00e8de expos\u00e9 \u00e0 Tunis - Kapitalis","isPartOf":{"@id":"https:\/\/kapitalis.com\/tunisie\/#website"},"primaryImageOfPage":{"@id":"https:\/\/kapitalis.com\/tunisie\/2017\/05\/11\/peres-en-conge-parental-le-modele-de-la-suede-expose-a-tunis\/#primaryimage"},"image":{"@id":"https:\/\/kapitalis.com\/tunisie\/2017\/05\/11\/peres-en-conge-parental-le-modele-de-la-suede-expose-a-tunis\/#primaryimage"},"thumbnailUrl":"","datePublished":"2017-05-11T16:07:48+00:00","dateModified":"2017-05-16T10:05:38+00:00","breadcrumb":{"@id":"https:\/\/kapitalis.com\/tunisie\/2017\/05\/11\/peres-en-conge-parental-le-modele-de-la-suede-expose-a-tunis\/#breadcrumb"},"inLanguage":"fr-FR","potentialAction":[{"@type":"ReadAction","target":["https:\/\/kapitalis.com\/tunisie\/2017\/05\/11\/peres-en-conge-parental-le-modele-de-la-suede-expose-a-tunis\/"]}]},{"@type":"ImageObject","inLanguage":"fr-FR","@id":"https:\/\/kapitalis.com\/tunisie\/2017\/05\/11\/peres-en-conge-parental-le-modele-de-la-suede-expose-a-tunis\/#primaryimage","url":"","contentUrl":""},{"@type":"BreadcrumbList","@id":"https:\/\/kapitalis.com\/tunisie\/2017\/05\/11\/peres-en-conge-parental-le-modele-de-la-suede-expose-a-tunis\/#breadcrumb","itemListElement":[{"@type":"ListItem","position":1,"name":"Accueil","item":"https:\/\/kapitalis.com\/tunisie\/"},{"@type":"ListItem","position":2,"name":"P\u00e8res en cong\u00e9 parental : Le mod\u00e8le de la Su\u00e8de expos\u00e9 \u00e0 Tunis"}]},{"@type":"WebSite","@id":"https:\/\/kapitalis.com\/tunisie\/#website","url":"https:\/\/kapitalis.com\/tunisie\/","name":"Kapitalis","description":"L&#039;actualit\u00e9 en Tunisie et dans le monde","publisher":{"@id":"https:\/\/kapitalis.com\/tunisie\/#organization"},"potentialAction":[{"@type":"SearchAction","target":{"@type":"EntryPoint","urlTemplate":"https:\/\/kapitalis.com\/tunisie\/?s={search_term_string}"},"query-input":{"@type":"PropertyValueSpecification","valueRequired":true,"valueName":"search_term_string"}}],"inLanguage":"fr-FR"},{"@type":"Organization","@id":"https:\/\/kapitalis.com\/tunisie\/#organization","name":"Kapitalis","url":"https:\/\/kapitalis.com\/tunisie\/","logo":{"@type":"ImageObject","inLanguage":"fr-FR","@id":"https:\/\/kapitalis.com\/tunisie\/#\/schema\/logo\/image\/","url":"https:\/\/kapitalis.com\/tunisie\/wp-content\/uploads\/2022\/05\/Kapitalis-big-size.png","contentUrl":"https:\/\/kapitalis.com\/tunisie\/wp-content\/uploads\/2022\/05\/Kapitalis-big-size.png","width":5000,"height":1500,"caption":"Kapitalis"},"image":{"@id":"https:\/\/kapitalis.com\/tunisie\/#\/schema\/logo\/image\/"},"sameAs":["https:\/\/www.facebook.com\/KapitalisInfo\/","https:\/\/x.com\/KapitalisInfo","https:\/\/www.youtube.com\/channel\/UC-yDYrHyfFBWWZaOw3FPg9Q"]},{"@type":"Person","@id":"https:\/\/kapitalis.com\/tunisie\/#\/schema\/person\/d71f33a9ca44f7bad4698210b480c8e9","name":"webmaster kapitalis","url":"https:\/\/kapitalis.com\/tunisie\/author\/webmaster-kapitalis\/"}]}},"_links":{"self":[{"href":"https:\/\/kapitalis.com\/tunisie\/wp-json\/wp\/v2\/posts\/95806","targetHints":{"allow":["GET"]}}],"collection":[{"href":"https:\/\/kapitalis.com\/tunisie\/wp-json\/wp\/v2\/posts"}],"about":[{"href":"https:\/\/kapitalis.com\/tunisie\/wp-json\/wp\/v2\/types\/post"}],"author":[{"embeddable":true,"href":"https:\/\/kapitalis.com\/tunisie\/wp-json\/wp\/v2\/users\/8"}],"replies":[{"embeddable":true,"href":"https:\/\/kapitalis.com\/tunisie\/wp-json\/wp\/v2\/comments?post=95806"}],"version-history":[{"count":0,"href":"https:\/\/kapitalis.com\/tunisie\/wp-json\/wp\/v2\/posts\/95806\/revisions"}],"wp:featuredmedia":[{"embeddable":true,"href":"https:\/\/kapitalis.com\/tunisie\/wp-json\/wp\/v2\/media\/95807"}],"wp:attachment":[{"href":"https:\/\/kapitalis.com\/tunisie\/wp-json\/wp\/v2\/media?parent=95806"}],"wp:term":[{"taxonomy":"category","embeddable":true,"href":"https:\/\/kapitalis.com\/tunisie\/wp-json\/wp\/v2\/categories?post=95806"},{"taxonomy":"post_tag","embeddable":true,"href":"https:\/\/kapitalis.com\/tunisie\/wp-json\/wp\/v2\/tags?post=95806"}],"curies":[{"name":"wp","href":"https:\/\/api.w.org\/{rel}","templated":true}]}}